{"id":19518,"date":"2024-12-06T15:41:41","date_gmt":"2024-12-06T12:41:41","guid":{"rendered":"https:\/\/denizcankizil.tr\/uncategorized-tr\/havada-duran-otomobil-merak-uyandirdi\/"},"modified":"2024-12-06T15:41:41","modified_gmt":"2024-12-06T12:41:41","slug":"havada-duran-otomobil-merak-uyandirdi","status":"publish","type":"post","link":"http:\/\/denizcankizil.tr\/ru\/haberler\/gundem\/havada-duran-otomobil-merak-uyandirdi\/","title":{"rendered":"Havada duran otomobil merak uyand\u0131rd\u0131"},"content":{"rendered":"<p>Antalya\u2019da \u015fehirleraras\u0131 yol g\u00fczergah\u0131 \u00fczerinde havada duran otomobil, g\u00f6renleri hayrete d\u00fc\u015f\u00fcrd\u00fc<\/p>\n<p>KAZAYA KAR\u015eI UYARI<\/p>\n<p>At\u0131l durumdaki EXPO 2016 Alan\u0131\u2019n\u0131n hemen kar\u015f\u0131s\u0131nda yerden 10 metre y\u00fcksekte demir platform \u00fczerinde duran kazal\u0131 ara\u00e7, s\u00fcr\u00fcc\u00fcleri h\u0131z yapmamaya ve kazalara kar\u015f\u0131 dikkatli olmaya davet ediyor. Antalya \u2013 Alanya Karayolu \u00fczerinde havada duran ara\u00e7taki trafik levhalar\u0131 da s\u00fcr\u00fcc\u00fcleri kaygan zemine kar\u015f\u0131 uyar\u0131yor.\u00a0Havada duran otomobili \u0130l Emniyet M\u00fcd\u00fcrl\u00fc\u011f\u00fc\u2019ne ba\u011fl\u0131 B\u00f6lge Trafik \u015eube M\u00fcd\u00fcrl\u00fc\u011f\u00fc\u2019n\u00fcn yerle\u015ftirdi\u011fi \u00f6\u011frenildi. S\u00fcr\u00fcc\u00fclerin h\u0131z yapmamas\u0131 i\u00e7in b\u00f6yle bir \u00e7al\u0131\u015fma yap\u0131ld\u0131\u011f\u0131 bildirildi.<\/p>\n<p>\u200bAntalya\u2019da EXPO 2016 Alan\u0131\u2019n\u0131n hemen kar\u015f\u0131s\u0131nda havada duran otomobil b\u00fcy\u00fck dikkat \u00e7ekti\u00a0<\/p>\n<p>\u200bHaberin Al\u0131nt\u0131land\u0131\u011f\u0131 Kaynak: www.antalyakorfez.com<\/p>","protected":false},"excerpt":{"rendered":"<p>Antalya\u2019da \u015fehirleraras\u0131 yol g\u00fczergah\u0131 \u00fczerinde havada duran otomobil, g\u00f6renleri hayrete d\u00fc\u015f\u00fcrd\u00fc KAZAYA KAR\u015eI UYARI At\u0131l durumdaki EXPO 2016 Alan\u0131\u2019n\u0131n hemen kar\u015f\u0131s\u0131nda yerden 10 metre y\u00fcksekte demir platform \u00fczerinde duran kazal\u0131 ara\u00e7, s\u00fcr\u00fcc\u00fcleri h\u0131z yapmamaya ve kazalara kar\u015f\u0131 dikkatli olmaya davet ediyor. Antalya \u2013 Alanya Karayolu \u00fczerinde havada duran ara\u00e7taki trafik levhalar\u0131 da s\u00fcr\u00fcc\u00fcleri kaygan zemine kar\u015f\u0131 uyar\u0131yor.\u00a0Havada duran otomobili \u0130l Emniyet M\u00fcd\u00fcrl\u00fc\u011f\u00fc\u2019ne ba\u011fl\u0131 B\u00f6lge Trafik \u015eube M\u00fcd\u00fcrl\u00fc\u011f\u00fc\u2019n\u00fcn yerle\u015ftirdi\u011fi \u00f6\u011frenildi. S\u00fcr\u00fcc\u00fclerin h\u0131z yapmamas\u0131 i\u00e7in b\u00f6yle bir \u00e7al\u0131\u015fma yap\u0131ld\u0131\u011f\u0131 bildirildi. \u200bAntalya\u2019da EXPO 2016 Alan\u0131\u2019n\u0131n hemen kar\u015f\u0131s\u0131nda havada duran otomobil b\u00fcy\u00fck dikkat \u00e7ekti\u00a0 \u200bHaberin Al\u0131nt\u0131land\u0131\u011f\u0131 Kaynak: www.antalyakorfez.com<\/p>","protected":false},"author":0,"featured_media":0,"comment_status":"open","ping_status":"open","sticky":false,"template":"","format":"standard","meta":{"_acf_changed":false,"footnotes":""},"categories":[24,535],"tags":[],"class_list":["post-19518","post","type-post","status-publish","format-standard","has-post-thumbnail","hentry","category-gundem","category-uncategorized-tr"],"acf":[],"yoast_head":"<!-- This site is optimized with the Yoast SEO Premium plugin v26.6 (Yoast SEO v27.1.1) - https:\/\/yoast.com\/product\/yoast-seo-premium-wordpress\/ -->\n<title>Havada duran otomobil merak uyand\u0131rd\u0131 - Av. Deniz Can K\u0131z\u0131l<\/title>\n<meta name=\"robots\" content=\"index, follow, max-snippet:-1, max-image-preview:large, max-video-preview:-1\" \/>\n<link rel=\"canonical\" href=\"http:\/\/denizcankizil.tr\/ru\/haberler\/gundem\/havada-duran-otomobil-merak-uyandirdi\/\" \/>\n<meta property=\"og:locale\" content=\"ru_RU\" \/>\n<meta property=\"og:type\" content=\"article\" \/>\n<meta property=\"og:title\" content=\"Havada duran otomobil merak uyand\u0131rd\u0131\" \/>\n<meta property=\"og:description\" content=\"Antalya\u2019da \u015fehirleraras\u0131 yol g\u00fczergah\u0131 \u00fczerinde havada duran otomobil, g\u00f6renleri hayrete d\u00fc\u015f\u00fcrd\u00fc KAZAYA KAR\u015eI UYARI At\u0131l durumdaki EXPO 2016 Alan\u0131\u2019n\u0131n hemen kar\u015f\u0131s\u0131nda yerden 10 metre y\u00fcksekte demir platform \u00fczerinde duran kazal\u0131 ara\u00e7, s\u00fcr\u00fcc\u00fcleri h\u0131z yapmamaya ve kazalara kar\u015f\u0131 dikkatli olmaya davet ediyor. Antalya \u2013 Alanya Karayolu \u00fczerinde havada duran ara\u00e7taki trafik levhalar\u0131 da s\u00fcr\u00fcc\u00fcleri kaygan zemine kar\u015f\u0131 uyar\u0131yor.\u00a0Havada duran otomobili \u0130l Emniyet M\u00fcd\u00fcrl\u00fc\u011f\u00fc\u2019ne ba\u011fl\u0131 B\u00f6lge Trafik \u015eube M\u00fcd\u00fcrl\u00fc\u011f\u00fc\u2019n\u00fcn yerle\u015ftirdi\u011fi \u00f6\u011frenildi. S\u00fcr\u00fcc\u00fclerin h\u0131z yapmamas\u0131 i\u00e7in b\u00f6yle bir \u00e7al\u0131\u015fma yap\u0131ld\u0131\u011f\u0131 bildirildi. \u200bAntalya\u2019da EXPO 2016 Alan\u0131\u2019n\u0131n hemen kar\u015f\u0131s\u0131nda havada duran otomobil b\u00fcy\u00fck dikkat \u00e7ekti\u00a0 \u200bHaberin Al\u0131nt\u0131land\u0131\u011f\u0131 Kaynak: www.antalyakorfez.com\" \/>\n<meta property=\"og:url\" content=\"http:\/\/denizcankizil.tr\/ru\/haberler\/gundem\/havada-duran-otomobil-merak-uyandirdi\/\" \/>\n<meta property=\"og:site_name\" content=\"Av. Deniz Can K\u0131z\u0131l\" \/>\n<meta property=\"article:published_time\" content=\"2024-12-06T12:41:41+00:00\" \/>\n<meta name=\"twitter:card\" content=\"summary_large_image\" \/>\n<meta name=\"twitter:label1\" content=\"\u041f\u0440\u0438\u043c\u0435\u0440\u043d\u043e\u0435 \u0432\u0440\u0435\u043c\u044f \u0434\u043b\u044f \u0447\u0442\u0435\u043d\u0438\u044f\" \/>\n\t<meta name=\"twitter:data1\" content=\"1 \u043c\u0438\u043d\u0443\u0442\u0430\" \/>\n<script type=\"application\/ld+json\" class=\"yoast-schema-graph\">{\"@context\":\"https:\/\/schema.org\",\"@graph\":[{\"@type\":\"Article\",\"@id\":\"http:\/\/denizcankizil.tr\/ru\/haberler\/gundem\/havada-duran-otomobil-merak-uyandirdi\/#article\",\"isPartOf\":{\"@id\":\"http:\/\/denizcankizil.tr\/ru\/haberler\/gundem\/havada-duran-otomobil-merak-uyandirdi\/\"},\"author\":{\"name\":\"\",\"@id\":\"\"},\"headline\":\"Havada duran otomobil merak uyand\u0131rd\u0131\",\"datePublished\":\"2024-12-06T12:41:41+00:00\",\"mainEntityOfPage\":{\"@id\":\"http:\/\/denizcankizil.tr\/ru\/haberler\/gundem\/havada-duran-otomobil-merak-uyandirdi\/\"},\"wordCount\":147,\"commentCount\":0,\"publisher\":{\"@id\":\"https:\/\/denizcankizil.tr\/de\/#organization\"},\"articleSection\":[\"G\u00fcndem\",\"Uncategorized\"],\"inLanguage\":\"ru-RU\",\"potentialAction\":[{\"@type\":\"CommentAction\",\"name\":\"Comment\",\"target\":[\"http:\/\/denizcankizil.tr\/ru\/haberler\/gundem\/havada-duran-otomobil-merak-uyandirdi\/#respond\"]}]},{\"@type\":\"WebPage\",\"@id\":\"http:\/\/denizcankizil.tr\/ru\/haberler\/gundem\/havada-duran-otomobil-merak-uyandirdi\/\",\"url\":\"http:\/\/denizcankizil.tr\/ru\/haberler\/gundem\/havada-duran-otomobil-merak-uyandirdi\/\",\"name\":\"Havada duran otomobil merak uyand\u0131rd\u0131 - Av. Deniz Can K\u0131z\u0131l\",\"isPartOf\":{\"@id\":\"https:\/\/denizcankizil.tr\/de\/#website\"},\"datePublished\":\"2024-12-06T12:41:41+00:00\",\"breadcrumb\":{\"@id\":\"http:\/\/denizcankizil.tr\/ru\/haberler\/gundem\/havada-duran-otomobil-merak-uyandirdi\/#breadcrumb\"},\"inLanguage\":\"ru-RU\",\"potentialAction\":[{\"@type\":\"ReadAction\",\"target\":[\"http:\/\/denizcankizil.tr\/ru\/haberler\/gundem\/havada-duran-otomobil-merak-uyandirdi\/\"]}]},{\"@type\":\"BreadcrumbList\",\"@id\":\"http:\/\/denizcankizil.tr\/ru\/haberler\/gundem\/havada-duran-otomobil-merak-uyandirdi\/#breadcrumb\",\"itemListElement\":[{\"@type\":\"ListItem\",\"position\":1,\"name\":\"Home\",\"item\":\"https:\/\/denizcankizil.tr\/de\/\"},{\"@type\":\"ListItem\",\"position\":2,\"name\":\"Havada duran otomobil merak uyand\u0131rd\u0131\"}]},{\"@type\":\"WebSite\",\"@id\":\"https:\/\/denizcankizil.tr\/de\/#website\",\"url\":\"https:\/\/denizcankizil.tr\/de\/\",\"name\":\"Av. Deniz Can K\u0131z\u0131l\",\"description\":\"Avukat Deniz Can K\u0131z\u0131l Antalya Barosu\",\"publisher\":{\"@id\":\"https:\/\/denizcankizil.tr\/de\/#organization\"},\"potentialAction\":[{\"@type\":\"SearchAction\",\"target\":{\"@type\":\"EntryPoint\",\"urlTemplate\":\"https:\/\/denizcankizil.tr\/de\/?s={search_term_string}\"},\"query-input\":{\"@type\":\"PropertyValueSpecification\",\"valueRequired\":true,\"valueName\":\"search_term_string\"}}],\"inLanguage\":\"ru-RU\"},{\"@type\":\"Organization\",\"@id\":\"https:\/\/denizcankizil.tr\/de\/#organization\",\"name\":\"Av. Deniz Can K\u0131z\u0131l\",\"url\":\"https:\/\/denizcankizil.tr\/de\/\",\"logo\":{\"@type\":\"ImageObject\",\"inLanguage\":\"ru-RU\",\"@id\":\"https:\/\/denizcankizil.tr\/de\/#\/schema\/logo\/image\/\",\"url\":\"http:\/\/denizcankizil.tr\/wp-content\/uploads\/2024\/10\/siyah-logo-svg.svg\",\"contentUrl\":\"http:\/\/denizcankizil.tr\/wp-content\/uploads\/2024\/10\/siyah-logo-svg.svg\",\"width\":1080,\"height\":1080,\"caption\":\"Av. Deniz Can K\u0131z\u0131l\"},\"image\":{\"@id\":\"https:\/\/denizcankizil.tr\/de\/#\/schema\/logo\/image\/\"}}]}<\/script>\n<!-- \/ Yoast SEO Premium plugin. -->","yoast_head_json":{"title":"Havada duran otomobil merak uyand\u0131rd\u0131 - Av. Deniz Can K\u0131z\u0131l","robots":{"index":"index","follow":"follow","max-snippet":"max-snippet:-1","max-image-preview":"max-image-preview:large","max-video-preview":"max-video-preview:-1"},"canonical":"http:\/\/denizcankizil.tr\/ru\/haberler\/gundem\/havada-duran-otomobil-merak-uyandirdi\/","og_locale":"ru_RU","og_type":"article","og_title":"Havada duran otomobil merak uyand\u0131rd\u0131","og_description":"Antalya\u2019da \u015fehirleraras\u0131 yol g\u00fczergah\u0131 \u00fczerinde havada duran otomobil, g\u00f6renleri hayrete d\u00fc\u015f\u00fcrd\u00fc KAZAYA KAR\u015eI UYARI At\u0131l durumdaki EXPO 2016 Alan\u0131\u2019n\u0131n hemen kar\u015f\u0131s\u0131nda yerden 10 metre y\u00fcksekte demir platform \u00fczerinde duran kazal\u0131 ara\u00e7, s\u00fcr\u00fcc\u00fcleri h\u0131z yapmamaya ve kazalara kar\u015f\u0131 dikkatli olmaya davet ediyor. Antalya \u2013 Alanya Karayolu \u00fczerinde havada duran ara\u00e7taki trafik levhalar\u0131 da s\u00fcr\u00fcc\u00fcleri kaygan zemine kar\u015f\u0131 uyar\u0131yor.\u00a0Havada duran otomobili \u0130l Emniyet M\u00fcd\u00fcrl\u00fc\u011f\u00fc\u2019ne ba\u011fl\u0131 B\u00f6lge Trafik \u015eube M\u00fcd\u00fcrl\u00fc\u011f\u00fc\u2019n\u00fcn yerle\u015ftirdi\u011fi \u00f6\u011frenildi. S\u00fcr\u00fcc\u00fclerin h\u0131z yapmamas\u0131 i\u00e7in b\u00f6yle bir \u00e7al\u0131\u015fma yap\u0131ld\u0131\u011f\u0131 bildirildi. \u200bAntalya\u2019da EXPO 2016 Alan\u0131\u2019n\u0131n hemen kar\u015f\u0131s\u0131nda havada duran otomobil b\u00fcy\u00fck dikkat \u00e7ekti\u00a0 \u200bHaberin Al\u0131nt\u0131land\u0131\u011f\u0131 Kaynak: www.antalyakorfez.com","og_url":"http:\/\/denizcankizil.tr\/ru\/haberler\/gundem\/havada-duran-otomobil-merak-uyandirdi\/","og_site_name":"Av. Deniz Can K\u0131z\u0131l","article_published_time":"2024-12-06T12:41:41+00:00","twitter_card":"summary_large_image","twitter_misc":{"\u041f\u0440\u0438\u043c\u0435\u0440\u043d\u043e\u0435 \u0432\u0440\u0435\u043c\u044f \u0434\u043b\u044f \u0447\u0442\u0435\u043d\u0438\u044f":"1 \u043c\u0438\u043d\u0443\u0442\u0430"},"schema":{"@context":"https:\/\/schema.org","@graph":[{"@type":"Article","@id":"http:\/\/denizcankizil.tr\/ru\/haberler\/gundem\/havada-duran-otomobil-merak-uyandirdi\/#article","isPartOf":{"@id":"http:\/\/denizcankizil.tr\/ru\/haberler\/gundem\/havada-duran-otomobil-merak-uyandirdi\/"},"author":{"name":"","@id":""},"headline":"Havada duran otomobil merak uyand\u0131rd\u0131","datePublished":"2024-12-06T12:41:41+00:00","mainEntityOfPage":{"@id":"http:\/\/denizcankizil.tr\/ru\/haberler\/gundem\/havada-duran-otomobil-merak-uyandirdi\/"},"wordCount":147,"commentCount":0,"publisher":{"@id":"https:\/\/denizcankizil.tr\/de\/#organization"},"articleSection":["G\u00fcndem","Uncategorized"],"inLanguage":"ru-RU","potentialAction":[{"@type":"CommentAction","name":"Comment","target":["http:\/\/denizcankizil.tr\/ru\/haberler\/gundem\/havada-duran-otomobil-merak-uyandirdi\/#respond"]}]},{"@type":"WebPage","@id":"http:\/\/denizcankizil.tr\/ru\/haberler\/gundem\/havada-duran-otomobil-merak-uyandirdi\/","url":"http:\/\/denizcankizil.tr\/ru\/haberler\/gundem\/havada-duran-otomobil-merak-uyandirdi\/","name":"Havada duran otomobil merak uyand\u0131rd\u0131 - Av. Deniz Can K\u0131z\u0131l","isPartOf":{"@id":"https:\/\/denizcankizil.tr\/de\/#website"},"datePublished":"2024-12-06T12:41:41+00:00","breadcrumb":{"@id":"http:\/\/denizcankizil.tr\/ru\/haberler\/gundem\/havada-duran-otomobil-merak-uyandirdi\/#breadcrumb"},"inLanguage":"ru-RU","potentialAction":[{"@type":"ReadAction","target":["http:\/\/denizcankizil.tr\/ru\/haberler\/gundem\/havada-duran-otomobil-merak-uyandirdi\/"]}]},{"@type":"BreadcrumbList","@id":"http:\/\/denizcankizil.tr\/ru\/haberler\/gundem\/havada-duran-otomobil-merak-uyandirdi\/#breadcrumb","itemListElement":[{"@type":"ListItem","position":1,"name":"Home","item":"https:\/\/denizcankizil.tr\/de\/"},{"@type":"ListItem","position":2,"name":"Havada duran otomobil merak uyand\u0131rd\u0131"}]},{"@type":"WebSite","@id":"https:\/\/denizcankizil.tr\/de\/#website","url":"https:\/\/denizcankizil.tr\/de\/","name":"Av. Deniz Can K\u0131z\u0131l","description":"Avukat Deniz Can K\u0131z\u0131l Antalya Barosu","publisher":{"@id":"https:\/\/denizcankizil.tr\/de\/#organization"},"potentialAction":[{"@type":"SearchAction","target":{"@type":"EntryPoint","urlTemplate":"https:\/\/denizcankizil.tr\/de\/?s={search_term_string}"},"query-input":{"@type":"PropertyValueSpecification","valueRequired":true,"valueName":"search_term_string"}}],"inLanguage":"ru-RU"},{"@type":"Organization","@id":"https:\/\/denizcankizil.tr\/de\/#organization","name":"Av. Deniz Can K\u0131z\u0131l","url":"https:\/\/denizcankizil.tr\/de\/","logo":{"@type":"ImageObject","inLanguage":"ru-RU","@id":"https:\/\/denizcankizil.tr\/de\/#\/schema\/logo\/image\/","url":"http:\/\/denizcankizil.tr\/wp-content\/uploads\/2024\/10\/siyah-logo-svg.svg","contentUrl":"http:\/\/denizcankizil.tr\/wp-content\/uploads\/2024\/10\/siyah-logo-svg.svg","width":1080,"height":1080,"caption":"Av. Deniz Can K\u0131z\u0131l"},"image":{"@id":"https:\/\/denizcankizil.tr\/de\/#\/schema\/logo\/image\/"}}]}},"_links":{"self":[{"href":"http:\/\/denizcankizil.tr\/ru\/wp-json\/wp\/v2\/posts\/19518","targetHints":{"allow":["GET"]}}],"collection":[{"href":"http:\/\/denizcankizil.tr\/ru\/wp-json\/wp\/v2\/posts"}],"about":[{"href":"http:\/\/denizcankizil.tr\/ru\/wp-json\/wp\/v2\/types\/post"}],"replies":[{"embeddable":true,"href":"http:\/\/denizcankizil.tr\/ru\/wp-json\/wp\/v2\/comments?post=19518"}],"version-history":[{"count":0,"href":"http:\/\/denizcankizil.tr\/ru\/wp-json\/wp\/v2\/posts\/19518\/revisions"}],"wp:attachment":[{"href":"http:\/\/denizcankizil.tr\/ru\/wp-json\/wp\/v2\/media?parent=19518"}],"wp:term":[{"taxonomy":"category","embeddable":true,"href":"http:\/\/denizcankizil.tr\/ru\/wp-json\/wp\/v2\/categories?post=19518"},{"taxonomy":"post_tag","embeddable":true,"href":"http:\/\/denizcankizil.tr\/ru\/wp-json\/wp\/v2\/tags?post=19518"}],"curies":[{"name":"wp","href":"https:\/\/api.w.org\/{rel}","templated":true}]}}