{"id":19448,"date":"2024-12-06T08:41:40","date_gmt":"2024-12-06T05:41:40","guid":{"rendered":"https:\/\/denizcankizil.tr\/uncategorized-tr\/antakya-orman-isletme-idari-binasi-insaati-suruyor\/"},"modified":"2024-12-06T08:41:40","modified_gmt":"2024-12-06T05:41:40","slug":"antakya-orman-isletme-idari-binasi-insaati-suruyor","status":"publish","type":"post","link":"http:\/\/denizcankizil.tr\/ru\/haberler\/gundem\/antakya-orman-isletme-idari-binasi-insaati-suruyor\/","title":{"rendered":"Antakya Orman \u0130\u015fletme \u0130dari binas\u0131 in\u015faat\u0131 s\u00fcr\u00fcyor\u2026"},"content":{"rendered":"<p>Proje kapsam\u0131nda 215 ki\u015filik \u00e7ok ama\u00e7l\u0131 bir konferans salonunun da yer ald\u0131\u011f\u0131 in\u015faat sahas\u0131nda incelemelerde bulunan Vali Masatl\u0131, \u00e7al\u0131\u015fmalar\u0131n mevcut durumu ve ilerleme s\u00fcreci hakk\u0131nda Hatay Orman B\u00f6lge M\u00fcd\u00fcr Vekili Veysel Ayy\u0131ld\u0131z ve teknik ekipten detayl\u0131 bilgiler ald\u0131. Vali Masatl\u0131, incelemeler s\u0131ras\u0131nda projelerin Hatay i\u00e7in \u00f6nemine vurgu yaparak, b\u00f6lgedeki kamu hizmetlerinin daha modern ve etkin bir \u015fekilde sunulmas\u0131na katk\u0131 sa\u011flayaca\u011f\u0131n\u0131 belirtti. \u0130n\u015faat \u00e7al\u0131\u015fmalar\u0131n\u0131n planlanan takvime uygun \u015fekilde devam etti\u011fi ifade edildi.<\/p>\n<p>Projenin tamamlanmas\u0131yla birlikte, b\u00f6lgeye hem idari hem de sosyal anlamda \u00f6nemli bir kazan\u0131m sa\u011flanmas\u0131 hedefleniyor.<\/p>\n<p>\u200bYap\u0131m\u0131 h\u0131zla devam eden Hatay Orman B\u00f6lge M\u00fcd\u00fcrl\u00fc\u011f\u00fc ve Antakya Orman \u0130\u015fletme M\u00fcd\u00fcrl\u00fc\u011f\u00fc \u0130dari Binalar\u0131 in\u015faat alanlar\u0131n\u0131 ziyaret eden Vali Mustafa Masatl\u0131 \u00e7al\u0131\u015fmalar\u0131 yerinde inceledi.\u00a0<\/p>\n<p>\u200bHaberin Al\u0131nt\u0131land\u0131\u011f\u0131 Kaynak: www.iskenderun.org<\/p>","protected":false},"excerpt":{"rendered":"<p>Proje kapsam\u0131nda 215 ki\u015filik \u00e7ok ama\u00e7l\u0131 bir konferans salonunun da yer ald\u0131\u011f\u0131 in\u015faat sahas\u0131nda incelemelerde bulunan Vali Masatl\u0131, \u00e7al\u0131\u015fmalar\u0131n mevcut durumu ve ilerleme s\u00fcreci hakk\u0131nda Hatay Orman B\u00f6lge M\u00fcd\u00fcr Vekili Veysel Ayy\u0131ld\u0131z ve teknik ekipten detayl\u0131 bilgiler ald\u0131. Vali Masatl\u0131, incelemeler s\u0131ras\u0131nda projelerin Hatay i\u00e7in \u00f6nemine vurgu yaparak, b\u00f6lgedeki kamu hizmetlerinin daha modern ve etkin bir \u015fekilde sunulmas\u0131na katk\u0131 sa\u011flayaca\u011f\u0131n\u0131 belirtti. \u0130n\u015faat \u00e7al\u0131\u015fmalar\u0131n\u0131n planlanan takvime uygun \u015fekilde devam etti\u011fi ifade edildi. Projenin tamamlanmas\u0131yla birlikte, b\u00f6lgeye hem idari hem de sosyal anlamda \u00f6nemli bir kazan\u0131m sa\u011flanmas\u0131 hedefleniyor. \u200bYap\u0131m\u0131 h\u0131zla devam eden Hatay Orman B\u00f6lge M\u00fcd\u00fcrl\u00fc\u011f\u00fc ve Antakya Orman \u0130\u015fletme M\u00fcd\u00fcrl\u00fc\u011f\u00fc \u0130dari Binalar\u0131 in\u015faat alanlar\u0131n\u0131 ziyaret eden Vali Mustafa Masatl\u0131 \u00e7al\u0131\u015fmalar\u0131 yerinde inceledi.\u00a0 \u200bHaberin Al\u0131nt\u0131land\u0131\u011f\u0131 Kaynak: www.iskenderun.org<\/p>","protected":false},"author":0,"featured_media":0,"comment_status":"open","ping_status":"open","sticky":false,"template":"","format":"standard","meta":{"_acf_changed":false,"footnotes":""},"categories":[24,535],"tags":[],"class_list":["post-19448","post","type-post","status-publish","format-standard","has-post-thumbnail","hentry","category-gundem","category-uncategorized-tr"],"acf":[],"yoast_head":"<!-- This site is optimized with the Yoast SEO Premium plugin v26.6 (Yoast SEO v27.1.1) - https:\/\/yoast.com\/product\/yoast-seo-premium-wordpress\/ -->\n<title>Antakya Orman \u0130\u015fletme \u0130dari binas\u0131 in\u015faat\u0131 s\u00fcr\u00fcyor\u2026 - Av. Deniz Can K\u0131z\u0131l<\/title>\n<meta name=\"robots\" content=\"index, follow, max-snippet:-1, max-image-preview:large, max-video-preview:-1\" \/>\n<link rel=\"canonical\" href=\"http:\/\/denizcankizil.tr\/ru\/haberler\/gundem\/antakya-orman-isletme-idari-binasi-insaati-suruyor\/\" \/>\n<meta property=\"og:locale\" content=\"ru_RU\" \/>\n<meta property=\"og:type\" content=\"article\" \/>\n<meta property=\"og:title\" content=\"Antakya Orman \u0130\u015fletme \u0130dari binas\u0131 in\u015faat\u0131 s\u00fcr\u00fcyor\u2026\" \/>\n<meta property=\"og:description\" content=\"Proje kapsam\u0131nda 215 ki\u015filik \u00e7ok ama\u00e7l\u0131 bir konferans salonunun da yer ald\u0131\u011f\u0131 in\u015faat sahas\u0131nda incelemelerde bulunan Vali Masatl\u0131, \u00e7al\u0131\u015fmalar\u0131n mevcut durumu ve ilerleme s\u00fcreci hakk\u0131nda Hatay Orman B\u00f6lge M\u00fcd\u00fcr Vekili Veysel Ayy\u0131ld\u0131z ve teknik ekipten detayl\u0131 bilgiler ald\u0131. Vali Masatl\u0131, incelemeler s\u0131ras\u0131nda projelerin Hatay i\u00e7in \u00f6nemine vurgu yaparak, b\u00f6lgedeki kamu hizmetlerinin daha modern ve etkin bir \u015fekilde sunulmas\u0131na katk\u0131 sa\u011flayaca\u011f\u0131n\u0131 belirtti. \u0130n\u015faat \u00e7al\u0131\u015fmalar\u0131n\u0131n planlanan takvime uygun \u015fekilde devam etti\u011fi ifade edildi. Projenin tamamlanmas\u0131yla birlikte, b\u00f6lgeye hem idari hem de sosyal anlamda \u00f6nemli bir kazan\u0131m sa\u011flanmas\u0131 hedefleniyor. \u200bYap\u0131m\u0131 h\u0131zla devam eden Hatay Orman B\u00f6lge M\u00fcd\u00fcrl\u00fc\u011f\u00fc ve Antakya Orman \u0130\u015fletme M\u00fcd\u00fcrl\u00fc\u011f\u00fc \u0130dari Binalar\u0131 in\u015faat alanlar\u0131n\u0131 ziyaret eden Vali Mustafa Masatl\u0131 \u00e7al\u0131\u015fmalar\u0131 yerinde inceledi.\u00a0 \u200bHaberin Al\u0131nt\u0131land\u0131\u011f\u0131 Kaynak: www.iskenderun.org\" \/>\n<meta property=\"og:url\" content=\"http:\/\/denizcankizil.tr\/ru\/haberler\/gundem\/antakya-orman-isletme-idari-binasi-insaati-suruyor\/\" \/>\n<meta property=\"og:site_name\" content=\"Av. Deniz Can K\u0131z\u0131l\" \/>\n<meta property=\"article:published_time\" content=\"2024-12-06T05:41:40+00:00\" \/>\n<meta name=\"twitter:card\" content=\"summary_large_image\" \/>\n<meta name=\"twitter:label1\" content=\"\u041f\u0440\u0438\u043c\u0435\u0440\u043d\u043e\u0435 \u0432\u0440\u0435\u043c\u044f \u0434\u043b\u044f \u0447\u0442\u0435\u043d\u0438\u044f\" \/>\n\t<meta name=\"twitter:data1\" content=\"1 \u043c\u0438\u043d\u0443\u0442\u0430\" \/>\n<script type=\"application\/ld+json\" class=\"yoast-schema-graph\">{\"@context\":\"https:\/\/schema.org\",\"@graph\":[{\"@type\":\"Article\",\"@id\":\"http:\/\/denizcankizil.tr\/ru\/haberler\/gundem\/antakya-orman-isletme-idari-binasi-insaati-suruyor\/#article\",\"isPartOf\":{\"@id\":\"http:\/\/denizcankizil.tr\/ru\/haberler\/gundem\/antakya-orman-isletme-idari-binasi-insaati-suruyor\/\"},\"author\":{\"name\":\"\",\"@id\":\"\"},\"headline\":\"Antakya Orman \u0130\u015fletme \u0130dari binas\u0131 in\u015faat\u0131 s\u00fcr\u00fcyor\u2026\",\"datePublished\":\"2024-12-06T05:41:40+00:00\",\"mainEntityOfPage\":{\"@id\":\"http:\/\/denizcankizil.tr\/ru\/haberler\/gundem\/antakya-orman-isletme-idari-binasi-insaati-suruyor\/\"},\"wordCount\":168,\"commentCount\":0,\"publisher\":{\"@id\":\"https:\/\/denizcankizil.tr\/de\/#organization\"},\"articleSection\":[\"G\u00fcndem\",\"Uncategorized\"],\"inLanguage\":\"ru-RU\",\"potentialAction\":[{\"@type\":\"CommentAction\",\"name\":\"Comment\",\"target\":[\"http:\/\/denizcankizil.tr\/ru\/haberler\/gundem\/antakya-orman-isletme-idari-binasi-insaati-suruyor\/#respond\"]}]},{\"@type\":\"WebPage\",\"@id\":\"http:\/\/denizcankizil.tr\/ru\/haberler\/gundem\/antakya-orman-isletme-idari-binasi-insaati-suruyor\/\",\"url\":\"http:\/\/denizcankizil.tr\/ru\/haberler\/gundem\/antakya-orman-isletme-idari-binasi-insaati-suruyor\/\",\"name\":\"Antakya Orman \u0130\u015fletme \u0130dari binas\u0131 in\u015faat\u0131 s\u00fcr\u00fcyor\u2026 - Av. Deniz Can K\u0131z\u0131l\",\"isPartOf\":{\"@id\":\"https:\/\/denizcankizil.tr\/de\/#website\"},\"datePublished\":\"2024-12-06T05:41:40+00:00\",\"breadcrumb\":{\"@id\":\"http:\/\/denizcankizil.tr\/ru\/haberler\/gundem\/antakya-orman-isletme-idari-binasi-insaati-suruyor\/#breadcrumb\"},\"inLanguage\":\"ru-RU\",\"potentialAction\":[{\"@type\":\"ReadAction\",\"target\":[\"http:\/\/denizcankizil.tr\/ru\/haberler\/gundem\/antakya-orman-isletme-idari-binasi-insaati-suruyor\/\"]}]},{\"@type\":\"BreadcrumbList\",\"@id\":\"http:\/\/denizcankizil.tr\/ru\/haberler\/gundem\/antakya-orman-isletme-idari-binasi-insaati-suruyor\/#breadcrumb\",\"itemListElement\":[{\"@type\":\"ListItem\",\"position\":1,\"name\":\"Home\",\"item\":\"https:\/\/denizcankizil.tr\/de\/\"},{\"@type\":\"ListItem\",\"position\":2,\"name\":\"Antakya Orman \u0130\u015fletme \u0130dari binas\u0131 in\u015faat\u0131 s\u00fcr\u00fcyor\u2026\"}]},{\"@type\":\"WebSite\",\"@id\":\"https:\/\/denizcankizil.tr\/de\/#website\",\"url\":\"https:\/\/denizcankizil.tr\/de\/\",\"name\":\"Av. Deniz Can K\u0131z\u0131l\",\"description\":\"Avukat Deniz Can K\u0131z\u0131l Antalya Barosu\",\"publisher\":{\"@id\":\"https:\/\/denizcankizil.tr\/de\/#organization\"},\"potentialAction\":[{\"@type\":\"SearchAction\",\"target\":{\"@type\":\"EntryPoint\",\"urlTemplate\":\"https:\/\/denizcankizil.tr\/de\/?s={search_term_string}\"},\"query-input\":{\"@type\":\"PropertyValueSpecification\",\"valueRequired\":true,\"valueName\":\"search_term_string\"}}],\"inLanguage\":\"ru-RU\"},{\"@type\":\"Organization\",\"@id\":\"https:\/\/denizcankizil.tr\/de\/#organization\",\"name\":\"Av. Deniz Can K\u0131z\u0131l\",\"url\":\"https:\/\/denizcankizil.tr\/de\/\",\"logo\":{\"@type\":\"ImageObject\",\"inLanguage\":\"ru-RU\",\"@id\":\"https:\/\/denizcankizil.tr\/de\/#\/schema\/logo\/image\/\",\"url\":\"http:\/\/denizcankizil.tr\/wp-content\/uploads\/2024\/10\/siyah-logo-svg.svg\",\"contentUrl\":\"http:\/\/denizcankizil.tr\/wp-content\/uploads\/2024\/10\/siyah-logo-svg.svg\",\"width\":1080,\"height\":1080,\"caption\":\"Av. Deniz Can K\u0131z\u0131l\"},\"image\":{\"@id\":\"https:\/\/denizcankizil.tr\/de\/#\/schema\/logo\/image\/\"}}]}<\/script>\n<!-- \/ Yoast SEO Premium plugin. -->","yoast_head_json":{"title":"Antakya Orman \u0130\u015fletme \u0130dari binas\u0131 in\u015faat\u0131 s\u00fcr\u00fcyor\u2026 - Av. Deniz Can K\u0131z\u0131l","robots":{"index":"index","follow":"follow","max-snippet":"max-snippet:-1","max-image-preview":"max-image-preview:large","max-video-preview":"max-video-preview:-1"},"canonical":"http:\/\/denizcankizil.tr\/ru\/haberler\/gundem\/antakya-orman-isletme-idari-binasi-insaati-suruyor\/","og_locale":"ru_RU","og_type":"article","og_title":"Antakya Orman \u0130\u015fletme \u0130dari binas\u0131 in\u015faat\u0131 s\u00fcr\u00fcyor\u2026","og_description":"Proje kapsam\u0131nda 215 ki\u015filik \u00e7ok ama\u00e7l\u0131 bir konferans salonunun da yer ald\u0131\u011f\u0131 in\u015faat sahas\u0131nda incelemelerde bulunan Vali Masatl\u0131, \u00e7al\u0131\u015fmalar\u0131n mevcut durumu ve ilerleme s\u00fcreci hakk\u0131nda Hatay Orman B\u00f6lge M\u00fcd\u00fcr Vekili Veysel Ayy\u0131ld\u0131z ve teknik ekipten detayl\u0131 bilgiler ald\u0131. Vali Masatl\u0131, incelemeler s\u0131ras\u0131nda projelerin Hatay i\u00e7in \u00f6nemine vurgu yaparak, b\u00f6lgedeki kamu hizmetlerinin daha modern ve etkin bir \u015fekilde sunulmas\u0131na katk\u0131 sa\u011flayaca\u011f\u0131n\u0131 belirtti. \u0130n\u015faat \u00e7al\u0131\u015fmalar\u0131n\u0131n planlanan takvime uygun \u015fekilde devam etti\u011fi ifade edildi. Projenin tamamlanmas\u0131yla birlikte, b\u00f6lgeye hem idari hem de sosyal anlamda \u00f6nemli bir kazan\u0131m sa\u011flanmas\u0131 hedefleniyor. \u200bYap\u0131m\u0131 h\u0131zla devam eden Hatay Orman B\u00f6lge M\u00fcd\u00fcrl\u00fc\u011f\u00fc ve Antakya Orman \u0130\u015fletme M\u00fcd\u00fcrl\u00fc\u011f\u00fc \u0130dari Binalar\u0131 in\u015faat alanlar\u0131n\u0131 ziyaret eden Vali Mustafa Masatl\u0131 \u00e7al\u0131\u015fmalar\u0131 yerinde inceledi.\u00a0 \u200bHaberin Al\u0131nt\u0131land\u0131\u011f\u0131 Kaynak: www.iskenderun.org","og_url":"http:\/\/denizcankizil.tr\/ru\/haberler\/gundem\/antakya-orman-isletme-idari-binasi-insaati-suruyor\/","og_site_name":"Av. Deniz Can K\u0131z\u0131l","article_published_time":"2024-12-06T05:41:40+00:00","twitter_card":"summary_large_image","twitter_misc":{"\u041f\u0440\u0438\u043c\u0435\u0440\u043d\u043e\u0435 \u0432\u0440\u0435\u043c\u044f \u0434\u043b\u044f \u0447\u0442\u0435\u043d\u0438\u044f":"1 \u043c\u0438\u043d\u0443\u0442\u0430"},"schema":{"@context":"https:\/\/schema.org","@graph":[{"@type":"Article","@id":"http:\/\/denizcankizil.tr\/ru\/haberler\/gundem\/antakya-orman-isletme-idari-binasi-insaati-suruyor\/#article","isPartOf":{"@id":"http:\/\/denizcankizil.tr\/ru\/haberler\/gundem\/antakya-orman-isletme-idari-binasi-insaati-suruyor\/"},"author":{"name":"","@id":""},"headline":"Antakya Orman \u0130\u015fletme \u0130dari binas\u0131 in\u015faat\u0131 s\u00fcr\u00fcyor\u2026","datePublished":"2024-12-06T05:41:40+00:00","mainEntityOfPage":{"@id":"http:\/\/denizcankizil.tr\/ru\/haberler\/gundem\/antakya-orman-isletme-idari-binasi-insaati-suruyor\/"},"wordCount":168,"commentCount":0,"publisher":{"@id":"https:\/\/denizcankizil.tr\/de\/#organization"},"articleSection":["G\u00fcndem","Uncategorized"],"inLanguage":"ru-RU","potentialAction":[{"@type":"CommentAction","name":"Comment","target":["http:\/\/denizcankizil.tr\/ru\/haberler\/gundem\/antakya-orman-isletme-idari-binasi-insaati-suruyor\/#respond"]}]},{"@type":"WebPage","@id":"http:\/\/denizcankizil.tr\/ru\/haberler\/gundem\/antakya-orman-isletme-idari-binasi-insaati-suruyor\/","url":"http:\/\/denizcankizil.tr\/ru\/haberler\/gundem\/antakya-orman-isletme-idari-binasi-insaati-suruyor\/","name":"Antakya Orman \u0130\u015fletme \u0130dari binas\u0131 in\u015faat\u0131 s\u00fcr\u00fcyor\u2026 - Av. Deniz Can K\u0131z\u0131l","isPartOf":{"@id":"https:\/\/denizcankizil.tr\/de\/#website"},"datePublished":"2024-12-06T05:41:40+00:00","breadcrumb":{"@id":"http:\/\/denizcankizil.tr\/ru\/haberler\/gundem\/antakya-orman-isletme-idari-binasi-insaati-suruyor\/#breadcrumb"},"inLanguage":"ru-RU","potentialAction":[{"@type":"ReadAction","target":["http:\/\/denizcankizil.tr\/ru\/haberler\/gundem\/antakya-orman-isletme-idari-binasi-insaati-suruyor\/"]}]},{"@type":"BreadcrumbList","@id":"http:\/\/denizcankizil.tr\/ru\/haberler\/gundem\/antakya-orman-isletme-idari-binasi-insaati-suruyor\/#breadcrumb","itemListElement":[{"@type":"ListItem","position":1,"name":"Home","item":"https:\/\/denizcankizil.tr\/de\/"},{"@type":"ListItem","position":2,"name":"Antakya Orman \u0130\u015fletme \u0130dari binas\u0131 in\u015faat\u0131 s\u00fcr\u00fcyor\u2026"}]},{"@type":"WebSite","@id":"https:\/\/denizcankizil.tr\/de\/#website","url":"https:\/\/denizcankizil.tr\/de\/","name":"Av. Deniz Can K\u0131z\u0131l","description":"Avukat Deniz Can K\u0131z\u0131l Antalya Barosu","publisher":{"@id":"https:\/\/denizcankizil.tr\/de\/#organization"},"potentialAction":[{"@type":"SearchAction","target":{"@type":"EntryPoint","urlTemplate":"https:\/\/denizcankizil.tr\/de\/?s={search_term_string}"},"query-input":{"@type":"PropertyValueSpecification","valueRequired":true,"valueName":"search_term_string"}}],"inLanguage":"ru-RU"},{"@type":"Organization","@id":"https:\/\/denizcankizil.tr\/de\/#organization","name":"Av. Deniz Can K\u0131z\u0131l","url":"https:\/\/denizcankizil.tr\/de\/","logo":{"@type":"ImageObject","inLanguage":"ru-RU","@id":"https:\/\/denizcankizil.tr\/de\/#\/schema\/logo\/image\/","url":"http:\/\/denizcankizil.tr\/wp-content\/uploads\/2024\/10\/siyah-logo-svg.svg","contentUrl":"http:\/\/denizcankizil.tr\/wp-content\/uploads\/2024\/10\/siyah-logo-svg.svg","width":1080,"height":1080,"caption":"Av. Deniz Can K\u0131z\u0131l"},"image":{"@id":"https:\/\/denizcankizil.tr\/de\/#\/schema\/logo\/image\/"}}]}},"_links":{"self":[{"href":"http:\/\/denizcankizil.tr\/ru\/wp-json\/wp\/v2\/posts\/19448","targetHints":{"allow":["GET"]}}],"collection":[{"href":"http:\/\/denizcankizil.tr\/ru\/wp-json\/wp\/v2\/posts"}],"about":[{"href":"http:\/\/denizcankizil.tr\/ru\/wp-json\/wp\/v2\/types\/post"}],"replies":[{"embeddable":true,"href":"http:\/\/denizcankizil.tr\/ru\/wp-json\/wp\/v2\/comments?post=19448"}],"version-history":[{"count":0,"href":"http:\/\/denizcankizil.tr\/ru\/wp-json\/wp\/v2\/posts\/19448\/revisions"}],"wp:attachment":[{"href":"http:\/\/denizcankizil.tr\/ru\/wp-json\/wp\/v2\/media?parent=19448"}],"wp:term":[{"taxonomy":"category","embeddable":true,"href":"http:\/\/denizcankizil.tr\/ru\/wp-json\/wp\/v2\/categories?post=19448"},{"taxonomy":"post_tag","embeddable":true,"href":"http:\/\/denizcankizil.tr\/ru\/wp-json\/wp\/v2\/tags?post=19448"}],"curies":[{"name":"wp","href":"https:\/\/api.w.org\/{rel}","templated":true}]}}