{"id":19268,"date":"2024-12-05T10:41:53","date_gmt":"2024-12-05T07:41:53","guid":{"rendered":"https:\/\/denizcankizil.tr\/uncategorized-tr\/ic-ve-dogu-kesimlerde-buzlanma-ve-don-uyarisi\/"},"modified":"2024-12-05T10:41:53","modified_gmt":"2024-12-05T07:41:53","slug":"ic-ve-dogu-kesimlerde-buzlanma-ve-don-uyarisi","status":"publish","type":"post","link":"http:\/\/denizcankizil.tr\/ru\/haberler\/gundem\/ic-ve-dogu-kesimlerde-buzlanma-ve-don-uyarisi\/","title":{"rendered":"\u0130\u00e7 ve do\u011fu kesimlerde &#8216;buzlanma ve don&#8217; uyar\u0131s\u0131"},"content":{"rendered":"<p>Hava s\u0131cakl\u0131\u011f\u0131nda \u00f6nemli bir de\u011fi\u015fiklik olmayaca\u011f\u0131 5 Aral\u0131k Per\u015fembe g\u00fcn\u00fcne ili\u015fkin hava tahmin raporunda T\u00fcrkiye&#8217;nin i\u00e7 ve do\u011fu kesimlerinde buzlanma ve don, i\u00e7 ve bat\u0131 kesimlerde sis ve pus olay\u0131 bekleniyor.ANKARA (\u0130GFA) &#8211; Meteoroloji Genel M\u00fcd\u00fcrl\u00fc\u011f\u00fc 5 Aral\u0131k Per\u015fembe g\u00fcn\u00fcne ili\u015fkin g\u00fcnl\u00fck hava tahmin raporunu yay\u0131mlad\u0131.<br \/>\nMeteoroloji&#8217;den yap\u0131lan son tahminlere g\u00f6re T\u00fcrkiye genelinin par\u00e7al\u0131 ve \u00e7ok bulutlu, Bat\u0131 Karadeniz k\u0131y\u0131lar\u0131, K\u0131r\u0131kkale, Yozgat, \u00c7orum, Samsun, Tokat, Trabzon, Rize, Antalya, Hatay, Gaziantep, Kilis, Diyarbak\u0131r, \u015eanl\u0131urfa, Elaz\u0131\u011f, Mu\u015f, Bing\u00f6l ve A\u011fr\u0131 \u00e7evreleri ile Mu\u011fla k\u0131y\u0131lar\u0131n\u0131n ya\u011fmur ve sa\u011fanak ya\u011f\u0131\u015fl\u0131, do\u011fu b\u00f6lgelerinin y\u00fckseklerinde karla kar\u0131\u015f\u0131k ya\u011fmurlu ge\u00e7ece\u011fi tahmin ediliyor.<\/p>\n<p>\u00dclkemizin i\u00e7 ve do\u011fu kesimlerinde buzlanma ve don, i\u00e7 ve bat\u0131 kesimlerde sis ve pus olay\u0131 bekleniyor.<br \/>\nHava s\u0131cakl\u0131\u011f\u0131nda \u00f6nemli bir de\u011fi\u015fiklik olmayaca\u011f\u0131, mevsim normalleri civar\u0131nda seyredece\u011fi tahmin ediliyor.<\/p>\n<p>R\u00fczgar\u0131n, Marmara B\u00f6lgesi ve Ege k\u0131y\u0131lar\u0131nda kuzey y\u00f6nlerden, di\u011fer kesimlerde g\u00fcney ve do\u011fu y\u00f6nlerden hafif, ara s\u0131ra orta kuvvette esmesi bekleniyor.<\/p>\n<p>\u200bHava s\u0131cakl\u0131\u011f\u0131nda \u00f6nemli bir de\u011fi\u015fiklik olmayaca\u011f\u0131 5 Aral\u0131k Per\u015fembe g\u00fcn\u00fcne ili\u015fkin hava tahmin raporunda T\u00fcrkiye&#8217;nin i\u00e7 ve do\u011fu kesimlerinde buzlanma ve don, i\u00e7 ve bat\u0131 kesimlerde sis ve pus olay\u0131 bekleniyor.ANKARA (\u0130GFA) &#8211; Meteoroloji Genel M\u00fcd\u00fcrl\u00fc\u011f\u00fc 5 Aral\u0131k Per\u015fembe g\u00fcn\u00fcne ili\u015fkin g\u00fcnl\u00fck hava tahmin raporunu yay\u0131mlad\u0131.<br \/>\nMeteoroloji&#8217;den yap\u0131lan son tahminlere g\u00f6re T\u00fcrkiye genelinin par\u00e7al\u0131 ve \u00e7ok bulutlu, Bat\u0131 Karadeniz k\u0131y\u0131lar\u0131, K\u0131r\u0131kkale, Yozgat, \u00c7orum, Samsun, Tokat, Trabzon, Rize, Antalya, Hatay, Gaziantep, Kilis, Diyarbak\u0131r, \u015eanl\u0131urfa, Elaz\u0131\u011f, Mu\u015f, Bing\u00f6l ve A\u011fr\u0131 \u00e7evreleri ile Mu\u011fla k\u0131y\u0131lar\u0131n\u0131n ya\u011fmur ve sa\u011fanak ya\u011f\u0131\u015fl\u0131, do\u011fu b\u00f6lgelerinin y\u00fckseklerinde karla kar\u0131\u015f\u0131k ya\u011fmurlu ge\u00e7ece\u011fi tahmin ediliyor.<\/p>\n<p>\u00dclkemizin i\u00e7 ve do\u011fu kesimlerinde buzlanma ve don, i\u00e7 ve bat\u0131 kesimlerde sis ve pus olay\u0131 bekleniyor.<br \/>\nHava s\u0131cakl\u0131\u011f\u0131nda \u00f6nemli bir de\u011fi\u015fiklik olmayaca\u011f\u0131, mevsim normalleri civar\u0131nda seyredece\u011fi tahmin ediliyor.<\/p>\n<p>R\u00fczgar\u0131n, Marmara B\u00f6lgesi ve Ege k\u0131y\u0131lar\u0131nda kuzey y\u00f6nlerden, di\u011fer kesimlerde g\u00fcney ve do\u011fu y\u00f6nlerden hafif, ara s\u0131ra orta kuvvette esmesi bekleniyor.\u00a0<\/p>\n<p>\u200bHaberin Al\u0131nt\u0131land\u0131\u011f\u0131 Kaynak: www.iskenderun.org<\/p>","protected":false},"excerpt":{"rendered":"<p>Hava s\u0131cakl\u0131\u011f\u0131nda \u00f6nemli bir de\u011fi\u015fiklik olmayaca\u011f\u0131 5 Aral\u0131k Per\u015fembe g\u00fcn\u00fcne ili\u015fkin hava tahmin raporunda T\u00fcrkiye&#8217;nin i\u00e7 ve do\u011fu kesimlerinde buzlanma ve don, i\u00e7 ve bat\u0131 kesimlerde sis ve pus olay\u0131 bekleniyor.ANKARA (\u0130GFA) &#8211; Meteoroloji Genel M\u00fcd\u00fcrl\u00fc\u011f\u00fc 5 Aral\u0131k Per\u015fembe g\u00fcn\u00fcne ili\u015fkin g\u00fcnl\u00fck hava tahmin raporunu yay\u0131mlad\u0131. Meteoroloji&#8217;den yap\u0131lan son tahminlere g\u00f6re T\u00fcrkiye genelinin par\u00e7al\u0131 ve \u00e7ok bulutlu, Bat\u0131 Karadeniz k\u0131y\u0131lar\u0131, K\u0131r\u0131kkale, Yozgat, \u00c7orum, Samsun, Tokat, Trabzon, Rize, Antalya, Hatay, Gaziantep, Kilis, Diyarbak\u0131r, \u015eanl\u0131urfa, Elaz\u0131\u011f, Mu\u015f, Bing\u00f6l ve A\u011fr\u0131 \u00e7evreleri ile Mu\u011fla k\u0131y\u0131lar\u0131n\u0131n ya\u011fmur ve sa\u011fanak ya\u011f\u0131\u015fl\u0131, do\u011fu b\u00f6lgelerinin y\u00fckseklerinde karla kar\u0131\u015f\u0131k ya\u011fmurlu ge\u00e7ece\u011fi tahmin ediliyor. \u00dclkemizin i\u00e7 ve do\u011fu kesimlerinde buzlanma ve don, i\u00e7 ve bat\u0131 kesimlerde sis ve pus olay\u0131 bekleniyor. Hava s\u0131cakl\u0131\u011f\u0131nda \u00f6nemli bir de\u011fi\u015fiklik olmayaca\u011f\u0131, mevsim normalleri civar\u0131nda seyredece\u011fi tahmin ediliyor. R\u00fczgar\u0131n, Marmara B\u00f6lgesi ve Ege k\u0131y\u0131lar\u0131nda kuzey y\u00f6nlerden, di\u011fer kesimlerde g\u00fcney ve do\u011fu y\u00f6nlerden hafif, ara s\u0131ra orta kuvvette esmesi bekleniyor. \u200bHava s\u0131cakl\u0131\u011f\u0131nda \u00f6nemli bir de\u011fi\u015fiklik olmayaca\u011f\u0131 5 Aral\u0131k Per\u015fembe g\u00fcn\u00fcne ili\u015fkin hava tahmin raporunda T\u00fcrkiye&#8217;nin i\u00e7 ve do\u011fu kesimlerinde buzlanma ve don, i\u00e7 ve bat\u0131 kesimlerde sis ve pus olay\u0131 bekleniyor.ANKARA (\u0130GFA) &#8211; Meteoroloji Genel M\u00fcd\u00fcrl\u00fc\u011f\u00fc 5 Aral\u0131k Per\u015fembe g\u00fcn\u00fcne ili\u015fkin g\u00fcnl\u00fck hava tahmin raporunu yay\u0131mlad\u0131. Meteoroloji&#8217;den yap\u0131lan son tahminlere g\u00f6re T\u00fcrkiye genelinin par\u00e7al\u0131 ve &hellip;<\/p>","protected":false},"author":0,"featured_media":0,"comment_status":"open","ping_status":"open","sticky":false,"template":"","format":"standard","meta":{"_acf_changed":false,"footnotes":""},"categories":[24,535],"tags":[],"class_list":["post-19268","post","type-post","status-publish","format-standard","has-post-thumbnail","hentry","category-gundem","category-uncategorized-tr"],"acf":[],"yoast_head":"<!-- This site is optimized with the Yoast SEO Premium plugin v26.6 (Yoast SEO v27.1.1) - https:\/\/yoast.com\/product\/yoast-seo-premium-wordpress\/ -->\n<title>\u0130\u00e7 ve do\u011fu kesimlerde &#039;buzlanma ve don&#039; uyar\u0131s\u0131 - Av. Deniz Can K\u0131z\u0131l<\/title>\n<meta name=\"robots\" content=\"index, follow, max-snippet:-1, max-image-preview:large, max-video-preview:-1\" \/>\n<link rel=\"canonical\" href=\"http:\/\/denizcankizil.tr\/ru\/haberler\/gundem\/ic-ve-dogu-kesimlerde-buzlanma-ve-don-uyarisi\/\" \/>\n<meta property=\"og:locale\" content=\"ru_RU\" \/>\n<meta property=\"og:type\" content=\"article\" \/>\n<meta property=\"og:title\" content=\"\u0130\u00e7 ve do\u011fu kesimlerde &#039;buzlanma ve don&#039; uyar\u0131s\u0131\" \/>\n<meta property=\"og:description\" content=\"Hava s\u0131cakl\u0131\u011f\u0131nda \u00f6nemli bir de\u011fi\u015fiklik olmayaca\u011f\u0131 5 Aral\u0131k Per\u015fembe g\u00fcn\u00fcne ili\u015fkin hava tahmin raporunda T\u00fcrkiye&#8217;nin i\u00e7 ve do\u011fu kesimlerinde buzlanma ve don, i\u00e7 ve bat\u0131 kesimlerde sis ve pus olay\u0131 bekleniyor.ANKARA (\u0130GFA) &#8211; Meteoroloji Genel M\u00fcd\u00fcrl\u00fc\u011f\u00fc 5 Aral\u0131k Per\u015fembe g\u00fcn\u00fcne ili\u015fkin g\u00fcnl\u00fck hava tahmin raporunu yay\u0131mlad\u0131. Meteoroloji&#8217;den yap\u0131lan son tahminlere g\u00f6re T\u00fcrkiye genelinin par\u00e7al\u0131 ve \u00e7ok bulutlu, Bat\u0131 Karadeniz k\u0131y\u0131lar\u0131, K\u0131r\u0131kkale, Yozgat, \u00c7orum, Samsun, Tokat, Trabzon, Rize, Antalya, Hatay, Gaziantep, Kilis, Diyarbak\u0131r, \u015eanl\u0131urfa, Elaz\u0131\u011f, Mu\u015f, Bing\u00f6l ve A\u011fr\u0131 \u00e7evreleri ile Mu\u011fla k\u0131y\u0131lar\u0131n\u0131n ya\u011fmur ve sa\u011fanak ya\u011f\u0131\u015fl\u0131, do\u011fu b\u00f6lgelerinin y\u00fckseklerinde karla kar\u0131\u015f\u0131k ya\u011fmurlu ge\u00e7ece\u011fi tahmin ediliyor. \u00dclkemizin i\u00e7 ve do\u011fu kesimlerinde buzlanma ve don, i\u00e7 ve bat\u0131 kesimlerde sis ve pus olay\u0131 bekleniyor. Hava s\u0131cakl\u0131\u011f\u0131nda \u00f6nemli bir de\u011fi\u015fiklik olmayaca\u011f\u0131, mevsim normalleri civar\u0131nda seyredece\u011fi tahmin ediliyor. R\u00fczgar\u0131n, Marmara B\u00f6lgesi ve Ege k\u0131y\u0131lar\u0131nda kuzey y\u00f6nlerden, di\u011fer kesimlerde g\u00fcney ve do\u011fu y\u00f6nlerden hafif, ara s\u0131ra orta kuvvette esmesi bekleniyor. \u200bHava s\u0131cakl\u0131\u011f\u0131nda \u00f6nemli bir de\u011fi\u015fiklik olmayaca\u011f\u0131 5 Aral\u0131k Per\u015fembe g\u00fcn\u00fcne ili\u015fkin hava tahmin raporunda T\u00fcrkiye&#8217;nin i\u00e7 ve do\u011fu kesimlerinde buzlanma ve don, i\u00e7 ve bat\u0131 kesimlerde sis ve pus olay\u0131 bekleniyor.ANKARA (\u0130GFA) &#8211; Meteoroloji Genel M\u00fcd\u00fcrl\u00fc\u011f\u00fc 5 Aral\u0131k Per\u015fembe g\u00fcn\u00fcne ili\u015fkin g\u00fcnl\u00fck hava tahmin raporunu yay\u0131mlad\u0131. Meteoroloji&#8217;den yap\u0131lan son tahminlere g\u00f6re T\u00fcrkiye genelinin par\u00e7al\u0131 ve &hellip;\" \/>\n<meta property=\"og:url\" content=\"http:\/\/denizcankizil.tr\/ru\/haberler\/gundem\/ic-ve-dogu-kesimlerde-buzlanma-ve-don-uyarisi\/\" \/>\n<meta property=\"og:site_name\" content=\"Av. Deniz Can K\u0131z\u0131l\" \/>\n<meta property=\"article:published_time\" content=\"2024-12-05T07:41:53+00:00\" \/>\n<meta name=\"twitter:card\" content=\"summary_large_image\" \/>\n<meta name=\"twitter:label1\" content=\"\u041f\u0440\u0438\u043c\u0435\u0440\u043d\u043e\u0435 \u0432\u0440\u0435\u043c\u044f \u0434\u043b\u044f \u0447\u0442\u0435\u043d\u0438\u044f\" \/>\n\t<meta name=\"twitter:data1\" content=\"2 \u043c\u0438\u043d\u0443\u0442\u044b\" \/>\n<script type=\"application\/ld+json\" class=\"yoast-schema-graph\">{\"@context\":\"https:\/\/schema.org\",\"@graph\":[{\"@type\":\"Article\",\"@id\":\"http:\/\/denizcankizil.tr\/ru\/haberler\/gundem\/ic-ve-dogu-kesimlerde-buzlanma-ve-don-uyarisi\/#article\",\"isPartOf\":{\"@id\":\"http:\/\/denizcankizil.tr\/ru\/haberler\/gundem\/ic-ve-dogu-kesimlerde-buzlanma-ve-don-uyarisi\/\"},\"author\":{\"name\":\"\",\"@id\":\"\"},\"headline\":\"\u0130\u00e7 ve do\u011fu kesimlerde &#8216;buzlanma ve don&#8217; uyar\u0131s\u0131\",\"datePublished\":\"2024-12-05T07:41:53+00:00\",\"mainEntityOfPage\":{\"@id\":\"http:\/\/denizcankizil.tr\/ru\/haberler\/gundem\/ic-ve-dogu-kesimlerde-buzlanma-ve-don-uyarisi\/\"},\"wordCount\":443,\"commentCount\":0,\"publisher\":{\"@id\":\"https:\/\/denizcankizil.tr\/de\/#organization\"},\"articleSection\":[\"G\u00fcndem\",\"Uncategorized\"],\"inLanguage\":\"ru-RU\",\"potentialAction\":[{\"@type\":\"CommentAction\",\"name\":\"Comment\",\"target\":[\"http:\/\/denizcankizil.tr\/ru\/haberler\/gundem\/ic-ve-dogu-kesimlerde-buzlanma-ve-don-uyarisi\/#respond\"]}]},{\"@type\":\"WebPage\",\"@id\":\"http:\/\/denizcankizil.tr\/ru\/haberler\/gundem\/ic-ve-dogu-kesimlerde-buzlanma-ve-don-uyarisi\/\",\"url\":\"http:\/\/denizcankizil.tr\/ru\/haberler\/gundem\/ic-ve-dogu-kesimlerde-buzlanma-ve-don-uyarisi\/\",\"name\":\"\u0130\u00e7 ve do\u011fu kesimlerde 'buzlanma ve don' uyar\u0131s\u0131 - Av. Deniz Can K\u0131z\u0131l\",\"isPartOf\":{\"@id\":\"https:\/\/denizcankizil.tr\/de\/#website\"},\"datePublished\":\"2024-12-05T07:41:53+00:00\",\"breadcrumb\":{\"@id\":\"http:\/\/denizcankizil.tr\/ru\/haberler\/gundem\/ic-ve-dogu-kesimlerde-buzlanma-ve-don-uyarisi\/#breadcrumb\"},\"inLanguage\":\"ru-RU\",\"potentialAction\":[{\"@type\":\"ReadAction\",\"target\":[\"http:\/\/denizcankizil.tr\/ru\/haberler\/gundem\/ic-ve-dogu-kesimlerde-buzlanma-ve-don-uyarisi\/\"]}]},{\"@type\":\"BreadcrumbList\",\"@id\":\"http:\/\/denizcankizil.tr\/ru\/haberler\/gundem\/ic-ve-dogu-kesimlerde-buzlanma-ve-don-uyarisi\/#breadcrumb\",\"itemListElement\":[{\"@type\":\"ListItem\",\"position\":1,\"name\":\"Home\",\"item\":\"https:\/\/denizcankizil.tr\/de\/\"},{\"@type\":\"ListItem\",\"position\":2,\"name\":\"\u0130\u00e7 ve do\u011fu kesimlerde &#8216;buzlanma ve don&#8217; uyar\u0131s\u0131\"}]},{\"@type\":\"WebSite\",\"@id\":\"https:\/\/denizcankizil.tr\/de\/#website\",\"url\":\"https:\/\/denizcankizil.tr\/de\/\",\"name\":\"Av. Deniz Can K\u0131z\u0131l\",\"description\":\"Avukat Deniz Can K\u0131z\u0131l Antalya Barosu\",\"publisher\":{\"@id\":\"https:\/\/denizcankizil.tr\/de\/#organization\"},\"potentialAction\":[{\"@type\":\"SearchAction\",\"target\":{\"@type\":\"EntryPoint\",\"urlTemplate\":\"https:\/\/denizcankizil.tr\/de\/?s={search_term_string}\"},\"query-input\":{\"@type\":\"PropertyValueSpecification\",\"valueRequired\":true,\"valueName\":\"search_term_string\"}}],\"inLanguage\":\"ru-RU\"},{\"@type\":\"Organization\",\"@id\":\"https:\/\/denizcankizil.tr\/de\/#organization\",\"name\":\"Av. Deniz Can K\u0131z\u0131l\",\"url\":\"https:\/\/denizcankizil.tr\/de\/\",\"logo\":{\"@type\":\"ImageObject\",\"inLanguage\":\"ru-RU\",\"@id\":\"https:\/\/denizcankizil.tr\/de\/#\/schema\/logo\/image\/\",\"url\":\"http:\/\/denizcankizil.tr\/wp-content\/uploads\/2024\/10\/siyah-logo-svg.svg\",\"contentUrl\":\"http:\/\/denizcankizil.tr\/wp-content\/uploads\/2024\/10\/siyah-logo-svg.svg\",\"width\":1080,\"height\":1080,\"caption\":\"Av. Deniz Can K\u0131z\u0131l\"},\"image\":{\"@id\":\"https:\/\/denizcankizil.tr\/de\/#\/schema\/logo\/image\/\"}}]}<\/script>\n<!-- \/ Yoast SEO Premium plugin. -->","yoast_head_json":{"title":"\u0130\u00e7 ve do\u011fu kesimlerde 'buzlanma ve don' uyar\u0131s\u0131 - Av. Deniz Can K\u0131z\u0131l","robots":{"index":"index","follow":"follow","max-snippet":"max-snippet:-1","max-image-preview":"max-image-preview:large","max-video-preview":"max-video-preview:-1"},"canonical":"http:\/\/denizcankizil.tr\/ru\/haberler\/gundem\/ic-ve-dogu-kesimlerde-buzlanma-ve-don-uyarisi\/","og_locale":"ru_RU","og_type":"article","og_title":"\u0130\u00e7 ve do\u011fu kesimlerde 'buzlanma ve don' uyar\u0131s\u0131","og_description":"Hava s\u0131cakl\u0131\u011f\u0131nda \u00f6nemli bir de\u011fi\u015fiklik olmayaca\u011f\u0131 5 Aral\u0131k Per\u015fembe g\u00fcn\u00fcne ili\u015fkin hava tahmin raporunda T\u00fcrkiye&#8217;nin i\u00e7 ve do\u011fu kesimlerinde buzlanma ve don, i\u00e7 ve bat\u0131 kesimlerde sis ve pus olay\u0131 bekleniyor.ANKARA (\u0130GFA) &#8211; Meteoroloji Genel M\u00fcd\u00fcrl\u00fc\u011f\u00fc 5 Aral\u0131k Per\u015fembe g\u00fcn\u00fcne ili\u015fkin g\u00fcnl\u00fck hava tahmin raporunu yay\u0131mlad\u0131. Meteoroloji&#8217;den yap\u0131lan son tahminlere g\u00f6re T\u00fcrkiye genelinin par\u00e7al\u0131 ve \u00e7ok bulutlu, Bat\u0131 Karadeniz k\u0131y\u0131lar\u0131, K\u0131r\u0131kkale, Yozgat, \u00c7orum, Samsun, Tokat, Trabzon, Rize, Antalya, Hatay, Gaziantep, Kilis, Diyarbak\u0131r, \u015eanl\u0131urfa, Elaz\u0131\u011f, Mu\u015f, Bing\u00f6l ve A\u011fr\u0131 \u00e7evreleri ile Mu\u011fla k\u0131y\u0131lar\u0131n\u0131n ya\u011fmur ve sa\u011fanak ya\u011f\u0131\u015fl\u0131, do\u011fu b\u00f6lgelerinin y\u00fckseklerinde karla kar\u0131\u015f\u0131k ya\u011fmurlu ge\u00e7ece\u011fi tahmin ediliyor. \u00dclkemizin i\u00e7 ve do\u011fu kesimlerinde buzlanma ve don, i\u00e7 ve bat\u0131 kesimlerde sis ve pus olay\u0131 bekleniyor. Hava s\u0131cakl\u0131\u011f\u0131nda \u00f6nemli bir de\u011fi\u015fiklik olmayaca\u011f\u0131, mevsim normalleri civar\u0131nda seyredece\u011fi tahmin ediliyor. R\u00fczgar\u0131n, Marmara B\u00f6lgesi ve Ege k\u0131y\u0131lar\u0131nda kuzey y\u00f6nlerden, di\u011fer kesimlerde g\u00fcney ve do\u011fu y\u00f6nlerden hafif, ara s\u0131ra orta kuvvette esmesi bekleniyor. \u200bHava s\u0131cakl\u0131\u011f\u0131nda \u00f6nemli bir de\u011fi\u015fiklik olmayaca\u011f\u0131 5 Aral\u0131k Per\u015fembe g\u00fcn\u00fcne ili\u015fkin hava tahmin raporunda T\u00fcrkiye&#8217;nin i\u00e7 ve do\u011fu kesimlerinde buzlanma ve don, i\u00e7 ve bat\u0131 kesimlerde sis ve pus olay\u0131 bekleniyor.ANKARA (\u0130GFA) &#8211; Meteoroloji Genel M\u00fcd\u00fcrl\u00fc\u011f\u00fc 5 Aral\u0131k Per\u015fembe g\u00fcn\u00fcne ili\u015fkin g\u00fcnl\u00fck hava tahmin raporunu yay\u0131mlad\u0131. Meteoroloji&#8217;den yap\u0131lan son tahminlere g\u00f6re T\u00fcrkiye genelinin par\u00e7al\u0131 ve &hellip;","og_url":"http:\/\/denizcankizil.tr\/ru\/haberler\/gundem\/ic-ve-dogu-kesimlerde-buzlanma-ve-don-uyarisi\/","og_site_name":"Av. Deniz Can K\u0131z\u0131l","article_published_time":"2024-12-05T07:41:53+00:00","twitter_card":"summary_large_image","twitter_misc":{"\u041f\u0440\u0438\u043c\u0435\u0440\u043d\u043e\u0435 \u0432\u0440\u0435\u043c\u044f \u0434\u043b\u044f \u0447\u0442\u0435\u043d\u0438\u044f":"2 \u043c\u0438\u043d\u0443\u0442\u044b"},"schema":{"@context":"https:\/\/schema.org","@graph":[{"@type":"Article","@id":"http:\/\/denizcankizil.tr\/ru\/haberler\/gundem\/ic-ve-dogu-kesimlerde-buzlanma-ve-don-uyarisi\/#article","isPartOf":{"@id":"http:\/\/denizcankizil.tr\/ru\/haberler\/gundem\/ic-ve-dogu-kesimlerde-buzlanma-ve-don-uyarisi\/"},"author":{"name":"","@id":""},"headline":"\u0130\u00e7 ve do\u011fu kesimlerde &#8216;buzlanma ve don&#8217; uyar\u0131s\u0131","datePublished":"2024-12-05T07:41:53+00:00","mainEntityOfPage":{"@id":"http:\/\/denizcankizil.tr\/ru\/haberler\/gundem\/ic-ve-dogu-kesimlerde-buzlanma-ve-don-uyarisi\/"},"wordCount":443,"commentCount":0,"publisher":{"@id":"https:\/\/denizcankizil.tr\/de\/#organization"},"articleSection":["G\u00fcndem","Uncategorized"],"inLanguage":"ru-RU","potentialAction":[{"@type":"CommentAction","name":"Comment","target":["http:\/\/denizcankizil.tr\/ru\/haberler\/gundem\/ic-ve-dogu-kesimlerde-buzlanma-ve-don-uyarisi\/#respond"]}]},{"@type":"WebPage","@id":"http:\/\/denizcankizil.tr\/ru\/haberler\/gundem\/ic-ve-dogu-kesimlerde-buzlanma-ve-don-uyarisi\/","url":"http:\/\/denizcankizil.tr\/ru\/haberler\/gundem\/ic-ve-dogu-kesimlerde-buzlanma-ve-don-uyarisi\/","name":"\u0130\u00e7 ve do\u011fu kesimlerde 'buzlanma ve don' uyar\u0131s\u0131 - Av. Deniz Can K\u0131z\u0131l","isPartOf":{"@id":"https:\/\/denizcankizil.tr\/de\/#website"},"datePublished":"2024-12-05T07:41:53+00:00","breadcrumb":{"@id":"http:\/\/denizcankizil.tr\/ru\/haberler\/gundem\/ic-ve-dogu-kesimlerde-buzlanma-ve-don-uyarisi\/#breadcrumb"},"inLanguage":"ru-RU","potentialAction":[{"@type":"ReadAction","target":["http:\/\/denizcankizil.tr\/ru\/haberler\/gundem\/ic-ve-dogu-kesimlerde-buzlanma-ve-don-uyarisi\/"]}]},{"@type":"BreadcrumbList","@id":"http:\/\/denizcankizil.tr\/ru\/haberler\/gundem\/ic-ve-dogu-kesimlerde-buzlanma-ve-don-uyarisi\/#breadcrumb","itemListElement":[{"@type":"ListItem","position":1,"name":"Home","item":"https:\/\/denizcankizil.tr\/de\/"},{"@type":"ListItem","position":2,"name":"\u0130\u00e7 ve do\u011fu kesimlerde &#8216;buzlanma ve don&#8217; uyar\u0131s\u0131"}]},{"@type":"WebSite","@id":"https:\/\/denizcankizil.tr\/de\/#website","url":"https:\/\/denizcankizil.tr\/de\/","name":"Av. Deniz Can K\u0131z\u0131l","description":"Avukat Deniz Can K\u0131z\u0131l Antalya Barosu","publisher":{"@id":"https:\/\/denizcankizil.tr\/de\/#organization"},"potentialAction":[{"@type":"SearchAction","target":{"@type":"EntryPoint","urlTemplate":"https:\/\/denizcankizil.tr\/de\/?s={search_term_string}"},"query-input":{"@type":"PropertyValueSpecification","valueRequired":true,"valueName":"search_term_string"}}],"inLanguage":"ru-RU"},{"@type":"Organization","@id":"https:\/\/denizcankizil.tr\/de\/#organization","name":"Av. Deniz Can K\u0131z\u0131l","url":"https:\/\/denizcankizil.tr\/de\/","logo":{"@type":"ImageObject","inLanguage":"ru-RU","@id":"https:\/\/denizcankizil.tr\/de\/#\/schema\/logo\/image\/","url":"http:\/\/denizcankizil.tr\/wp-content\/uploads\/2024\/10\/siyah-logo-svg.svg","contentUrl":"http:\/\/denizcankizil.tr\/wp-content\/uploads\/2024\/10\/siyah-logo-svg.svg","width":1080,"height":1080,"caption":"Av. Deniz Can K\u0131z\u0131l"},"image":{"@id":"https:\/\/denizcankizil.tr\/de\/#\/schema\/logo\/image\/"}}]}},"_links":{"self":[{"href":"http:\/\/denizcankizil.tr\/ru\/wp-json\/wp\/v2\/posts\/19268","targetHints":{"allow":["GET"]}}],"collection":[{"href":"http:\/\/denizcankizil.tr\/ru\/wp-json\/wp\/v2\/posts"}],"about":[{"href":"http:\/\/denizcankizil.tr\/ru\/wp-json\/wp\/v2\/types\/post"}],"replies":[{"embeddable":true,"href":"http:\/\/denizcankizil.tr\/ru\/wp-json\/wp\/v2\/comments?post=19268"}],"version-history":[{"count":0,"href":"http:\/\/denizcankizil.tr\/ru\/wp-json\/wp\/v2\/posts\/19268\/revisions"}],"wp:attachment":[{"href":"http:\/\/denizcankizil.tr\/ru\/wp-json\/wp\/v2\/media?parent=19268"}],"wp:term":[{"taxonomy":"category","embeddable":true,"href":"http:\/\/denizcankizil.tr\/ru\/wp-json\/wp\/v2\/categories?post=19268"},{"taxonomy":"post_tag","embeddable":true,"href":"http:\/\/denizcankizil.tr\/ru\/wp-json\/wp\/v2\/tags?post=19268"}],"curies":[{"name":"wp","href":"https:\/\/api.w.org\/{rel}","templated":true}]}}