{"id":19161,"date":"2024-12-04T16:41:34","date_gmt":"2024-12-04T13:41:34","guid":{"rendered":"https:\/\/denizcankizil.tr\/uncategorized-tr\/antalya-aile-hekimlerine-siyah-balon-birakti\/"},"modified":"2024-12-04T16:41:34","modified_gmt":"2024-12-04T13:41:34","slug":"antalya-aile-hekimlerine-siyah-balon-birakti","status":"publish","type":"post","link":"http:\/\/denizcankizil.tr\/ru\/haberler\/gundem\/antalya-aile-hekimlerine-siyah-balon-birakti\/","title":{"rendered":"Antalya, aile hekimlerine siyah balon b\u0131rakt\u0131"},"content":{"rendered":"<p>Antalya\u2019da 2-6 Aral\u0131k tarihleri aras\u0131nda i\u015f b\u0131rakma eylemine giden aile hekimleri haklar\u0131n\u0131 sokakta aramaya devam etti. Antalya\u2019da \u00e7ok say\u0131da aile hekimi Kapal\u0131 Yol olarak bilinen Kaz\u0131m \u00d6zalp Caddesi giri\u015finde bir araya gelerek bir kez daha seslerini duyurmaya \u00e7al\u0131\u015ft\u0131. \u00a0Eziyet y\u00f6netmeli\u011fi olarak adland\u0131rd\u0131klar\u0131 y\u00f6netmeli\u011fin geri \u00e7ekilmesi \u00e7a\u011fr\u0131s\u0131nda bulunan Antalya Tabipler Odas\u0131 Ba\u015fkan\u0131 Can Ert\u00fcrk, \u201cBirinci kat ve zemin katlarda \u00e7al\u0131\u015fan aile hekimlerimizin haklar\u0131 gasp ediliyor. Y\u00f6netmeli\u011fi de\u011fi\u015ftirmek yerine diplomas\u0131nda yazan re\u00e7ete yazma hakk\u0131 k\u0131s\u0131tlan\u0131yor. Bir ton hak ma\u011fduriyeti var. Bunu protesto ediyoruz\u201d dedi.\u00a0<\/p>\n<p>\u201c\u00c7OK MUTLU DE\u011e\u0130L\u0130Z\u201d<\/p>\n<p>Antalya Hekim Birli\u011fi ad\u0131na bas\u0131n a\u00e7\u0131klamas\u0131n\u0131 Hekim Birli\u011fi Antalya \u015eube Ba\u015fkan\u0131 Orhan Tekin yapt\u0131. Tekin konu\u015fmas\u0131nda, \u201cBiz hekimler ve sa\u011fl\u0131k profesyonelleri, sa\u011fl\u0131k \u00e7al\u0131\u015fanlar\u0131, y\u0131llard\u0131r hastalar\u0131m\u0131z\u0131n derdine derman olmaya \u00e7al\u0131\u015f\u0131rken kendi dertlerimizi hep erteledik. \u00c7ok mutlu de\u011filiz, bir matemi ya\u015f\u0131yoruz. Her balon bizim bir simgemiz. Bu balonlar bizim umutlar\u0131m\u0131z\u0131 simgeliyor. Eziyet y\u00f6netmeli\u011fi geri \u00e7ekilmelidir. Bu y\u00f6netmelik g\u00fczel g\u00fcnler vadetmiyor. Umutlar\u0131m\u0131z kalmad\u0131. Umutlar\u0131m\u0131z kaybolacak\u201d s\u00f6zlerine yer verdi. A\u00e7\u0131klamalar\u0131n ard\u0131ndan aile hekimleri ellerindeki siyah balonlar\u0131 g\u00f6ky\u00fcz\u00fcne b\u0131rakt\u0131.\u00a0<\/p>\n<p>\u00a0<\/p>\n<p>\u200bAntalya\u2019da yeni aile hekimleri y\u00f6netmeli\u011fini protesto etmek i\u00e7in kent merkezinde bir araya gelen aile hekimleri, i\u015f b\u0131rakma eyleminden geri ad\u0131m atmayacaklar\u0131n\u0131 s\u00f6yledi. Eylemin \u00f6n\u00fcm\u00fczdeki g\u00fcnlerde de devam edece\u011fini ifade eden hekimler, y\u00f6netmeli\u011fi protesto etmek i\u00e7in g\u00f6ky\u00fcz\u00fcne siyah balon b\u0131rakt\u0131\u00a0<\/p>\n<p>\u200bHaberin Al\u0131nt\u0131land\u0131\u011f\u0131 Kaynak: www.antalyakorfez.com<\/p>","protected":false},"excerpt":{"rendered":"<p>Antalya\u2019da 2-6 Aral\u0131k tarihleri aras\u0131nda i\u015f b\u0131rakma eylemine giden aile hekimleri haklar\u0131n\u0131 sokakta aramaya devam etti. Antalya\u2019da \u00e7ok say\u0131da aile hekimi Kapal\u0131 Yol olarak bilinen Kaz\u0131m \u00d6zalp Caddesi giri\u015finde bir araya gelerek bir kez daha seslerini duyurmaya \u00e7al\u0131\u015ft\u0131. \u00a0Eziyet y\u00f6netmeli\u011fi olarak adland\u0131rd\u0131klar\u0131 y\u00f6netmeli\u011fin geri \u00e7ekilmesi \u00e7a\u011fr\u0131s\u0131nda bulunan Antalya Tabipler Odas\u0131 Ba\u015fkan\u0131 Can Ert\u00fcrk, \u201cBirinci kat ve zemin katlarda \u00e7al\u0131\u015fan aile hekimlerimizin haklar\u0131 gasp ediliyor. Y\u00f6netmeli\u011fi de\u011fi\u015ftirmek yerine diplomas\u0131nda yazan re\u00e7ete yazma hakk\u0131 k\u0131s\u0131tlan\u0131yor. Bir ton hak ma\u011fduriyeti var. Bunu protesto ediyoruz\u201d dedi.\u00a0 \u201c\u00c7OK MUTLU DE\u011e\u0130L\u0130Z\u201d Antalya Hekim Birli\u011fi ad\u0131na bas\u0131n a\u00e7\u0131klamas\u0131n\u0131 Hekim Birli\u011fi Antalya \u015eube Ba\u015fkan\u0131 Orhan Tekin yapt\u0131. Tekin konu\u015fmas\u0131nda, \u201cBiz hekimler ve sa\u011fl\u0131k profesyonelleri, sa\u011fl\u0131k \u00e7al\u0131\u015fanlar\u0131, y\u0131llard\u0131r hastalar\u0131m\u0131z\u0131n derdine derman olmaya \u00e7al\u0131\u015f\u0131rken kendi dertlerimizi hep erteledik. \u00c7ok mutlu de\u011filiz, bir matemi ya\u015f\u0131yoruz. Her balon bizim bir simgemiz. Bu balonlar bizim umutlar\u0131m\u0131z\u0131 simgeliyor. Eziyet y\u00f6netmeli\u011fi geri \u00e7ekilmelidir. Bu y\u00f6netmelik g\u00fczel g\u00fcnler vadetmiyor. Umutlar\u0131m\u0131z kalmad\u0131. Umutlar\u0131m\u0131z kaybolacak\u201d s\u00f6zlerine yer verdi. A\u00e7\u0131klamalar\u0131n ard\u0131ndan aile hekimleri ellerindeki siyah balonlar\u0131 g\u00f6ky\u00fcz\u00fcne b\u0131rakt\u0131.\u00a0 \u00a0 \u200bAntalya\u2019da yeni aile hekimleri y\u00f6netmeli\u011fini protesto etmek i\u00e7in kent merkezinde bir araya gelen aile hekimleri, i\u015f b\u0131rakma eyleminden geri ad\u0131m atmayacaklar\u0131n\u0131 s\u00f6yledi. Eylemin \u00f6n\u00fcm\u00fczdeki g\u00fcnlerde de devam edece\u011fini ifade eden hekimler, y\u00f6netmeli\u011fi protesto etmek i\u00e7in g\u00f6ky\u00fcz\u00fcne siyah balon b\u0131rakt\u0131\u00a0 \u200bHaberin &hellip;<\/p>","protected":false},"author":0,"featured_media":0,"comment_status":"open","ping_status":"open","sticky":false,"template":"","format":"standard","meta":{"_acf_changed":false,"footnotes":""},"categories":[24,535],"tags":[],"class_list":["post-19161","post","type-post","status-publish","format-standard","has-post-thumbnail","hentry","category-gundem","category-uncategorized-tr"],"acf":[],"yoast_head":"<!-- This site is optimized with the Yoast SEO Premium plugin v26.6 (Yoast SEO v27.1.1) - https:\/\/yoast.com\/product\/yoast-seo-premium-wordpress\/ -->\n<title>Antalya, aile hekimlerine siyah balon b\u0131rakt\u0131 - Av. Deniz Can K\u0131z\u0131l<\/title>\n<meta name=\"robots\" content=\"index, follow, max-snippet:-1, max-image-preview:large, max-video-preview:-1\" \/>\n<link rel=\"canonical\" href=\"http:\/\/denizcankizil.tr\/ru\/haberler\/gundem\/antalya-aile-hekimlerine-siyah-balon-birakti\/\" \/>\n<meta property=\"og:locale\" content=\"ru_RU\" \/>\n<meta property=\"og:type\" content=\"article\" \/>\n<meta property=\"og:title\" content=\"Antalya, aile hekimlerine siyah balon b\u0131rakt\u0131\" \/>\n<meta property=\"og:description\" content=\"Antalya\u2019da 2-6 Aral\u0131k tarihleri aras\u0131nda i\u015f b\u0131rakma eylemine giden aile hekimleri haklar\u0131n\u0131 sokakta aramaya devam etti. Antalya\u2019da \u00e7ok say\u0131da aile hekimi Kapal\u0131 Yol olarak bilinen Kaz\u0131m \u00d6zalp Caddesi giri\u015finde bir araya gelerek bir kez daha seslerini duyurmaya \u00e7al\u0131\u015ft\u0131. \u00a0Eziyet y\u00f6netmeli\u011fi olarak adland\u0131rd\u0131klar\u0131 y\u00f6netmeli\u011fin geri \u00e7ekilmesi \u00e7a\u011fr\u0131s\u0131nda bulunan Antalya Tabipler Odas\u0131 Ba\u015fkan\u0131 Can Ert\u00fcrk, \u201cBirinci kat ve zemin katlarda \u00e7al\u0131\u015fan aile hekimlerimizin haklar\u0131 gasp ediliyor. Y\u00f6netmeli\u011fi de\u011fi\u015ftirmek yerine diplomas\u0131nda yazan re\u00e7ete yazma hakk\u0131 k\u0131s\u0131tlan\u0131yor. Bir ton hak ma\u011fduriyeti var. Bunu protesto ediyoruz\u201d dedi.\u00a0 \u201c\u00c7OK MUTLU DE\u011e\u0130L\u0130Z\u201d Antalya Hekim Birli\u011fi ad\u0131na bas\u0131n a\u00e7\u0131klamas\u0131n\u0131 Hekim Birli\u011fi Antalya \u015eube Ba\u015fkan\u0131 Orhan Tekin yapt\u0131. Tekin konu\u015fmas\u0131nda, \u201cBiz hekimler ve sa\u011fl\u0131k profesyonelleri, sa\u011fl\u0131k \u00e7al\u0131\u015fanlar\u0131, y\u0131llard\u0131r hastalar\u0131m\u0131z\u0131n derdine derman olmaya \u00e7al\u0131\u015f\u0131rken kendi dertlerimizi hep erteledik. \u00c7ok mutlu de\u011filiz, bir matemi ya\u015f\u0131yoruz. Her balon bizim bir simgemiz. Bu balonlar bizim umutlar\u0131m\u0131z\u0131 simgeliyor. Eziyet y\u00f6netmeli\u011fi geri \u00e7ekilmelidir. Bu y\u00f6netmelik g\u00fczel g\u00fcnler vadetmiyor. Umutlar\u0131m\u0131z kalmad\u0131. Umutlar\u0131m\u0131z kaybolacak\u201d s\u00f6zlerine yer verdi. A\u00e7\u0131klamalar\u0131n ard\u0131ndan aile hekimleri ellerindeki siyah balonlar\u0131 g\u00f6ky\u00fcz\u00fcne b\u0131rakt\u0131.\u00a0 \u00a0 \u200bAntalya\u2019da yeni aile hekimleri y\u00f6netmeli\u011fini protesto etmek i\u00e7in kent merkezinde bir araya gelen aile hekimleri, i\u015f b\u0131rakma eyleminden geri ad\u0131m atmayacaklar\u0131n\u0131 s\u00f6yledi. Eylemin \u00f6n\u00fcm\u00fczdeki g\u00fcnlerde de devam edece\u011fini ifade eden hekimler, y\u00f6netmeli\u011fi protesto etmek i\u00e7in g\u00f6ky\u00fcz\u00fcne siyah balon b\u0131rakt\u0131\u00a0 \u200bHaberin &hellip;\" \/>\n<meta property=\"og:url\" content=\"http:\/\/denizcankizil.tr\/ru\/haberler\/gundem\/antalya-aile-hekimlerine-siyah-balon-birakti\/\" \/>\n<meta property=\"og:site_name\" content=\"Av. Deniz Can K\u0131z\u0131l\" \/>\n<meta property=\"article:published_time\" content=\"2024-12-04T13:41:34+00:00\" \/>\n<meta name=\"twitter:card\" content=\"summary_large_image\" \/>\n<meta name=\"twitter:label1\" content=\"\u041f\u0440\u0438\u043c\u0435\u0440\u043d\u043e\u0435 \u0432\u0440\u0435\u043c\u044f \u0434\u043b\u044f \u0447\u0442\u0435\u043d\u0438\u044f\" \/>\n\t<meta name=\"twitter:data1\" content=\"2 \u043c\u0438\u043d\u0443\u0442\u044b\" \/>\n<script type=\"application\/ld+json\" class=\"yoast-schema-graph\">{\"@context\":\"https:\/\/schema.org\",\"@graph\":[{\"@type\":\"Article\",\"@id\":\"http:\/\/denizcankizil.tr\/ru\/haberler\/gundem\/antalya-aile-hekimlerine-siyah-balon-birakti\/#article\",\"isPartOf\":{\"@id\":\"http:\/\/denizcankizil.tr\/ru\/haberler\/gundem\/antalya-aile-hekimlerine-siyah-balon-birakti\/\"},\"author\":{\"name\":\"\",\"@id\":\"\"},\"headline\":\"Antalya, aile hekimlerine siyah balon b\u0131rakt\u0131\",\"datePublished\":\"2024-12-04T13:41:34+00:00\",\"mainEntityOfPage\":{\"@id\":\"http:\/\/denizcankizil.tr\/ru\/haberler\/gundem\/antalya-aile-hekimlerine-siyah-balon-birakti\/\"},\"wordCount\":307,\"commentCount\":0,\"publisher\":{\"@id\":\"https:\/\/denizcankizil.tr\/#organization\"},\"articleSection\":[\"G\u00fcndem\",\"Uncategorized\"],\"inLanguage\":\"ru-RU\",\"potentialAction\":[{\"@type\":\"CommentAction\",\"name\":\"Comment\",\"target\":[\"http:\/\/denizcankizil.tr\/ru\/haberler\/gundem\/antalya-aile-hekimlerine-siyah-balon-birakti\/#respond\"]}]},{\"@type\":\"WebPage\",\"@id\":\"http:\/\/denizcankizil.tr\/ru\/haberler\/gundem\/antalya-aile-hekimlerine-siyah-balon-birakti\/\",\"url\":\"http:\/\/denizcankizil.tr\/ru\/haberler\/gundem\/antalya-aile-hekimlerine-siyah-balon-birakti\/\",\"name\":\"Antalya, aile hekimlerine siyah balon b\u0131rakt\u0131 - Av. Deniz Can K\u0131z\u0131l\",\"isPartOf\":{\"@id\":\"https:\/\/denizcankizil.tr\/#website\"},\"datePublished\":\"2024-12-04T13:41:34+00:00\",\"breadcrumb\":{\"@id\":\"http:\/\/denizcankizil.tr\/ru\/haberler\/gundem\/antalya-aile-hekimlerine-siyah-balon-birakti\/#breadcrumb\"},\"inLanguage\":\"ru-RU\",\"potentialAction\":[{\"@type\":\"ReadAction\",\"target\":[\"http:\/\/denizcankizil.tr\/ru\/haberler\/gundem\/antalya-aile-hekimlerine-siyah-balon-birakti\/\"]}]},{\"@type\":\"BreadcrumbList\",\"@id\":\"http:\/\/denizcankizil.tr\/ru\/haberler\/gundem\/antalya-aile-hekimlerine-siyah-balon-birakti\/#breadcrumb\",\"itemListElement\":[{\"@type\":\"ListItem\",\"position\":1,\"name\":\"Home\",\"item\":\"https:\/\/denizcankizil.tr\/uk\/\"},{\"@type\":\"ListItem\",\"position\":2,\"name\":\"Antalya, aile hekimlerine siyah balon b\u0131rakt\u0131\"}]},{\"@type\":\"WebSite\",\"@id\":\"https:\/\/denizcankizil.tr\/#website\",\"url\":\"https:\/\/denizcankizil.tr\/\",\"name\":\"Av. Deniz Can K\u0131z\u0131l\",\"description\":\"Avukat Deniz Can K\u0131z\u0131l Antalya Barosu\",\"publisher\":{\"@id\":\"https:\/\/denizcankizil.tr\/#organization\"},\"potentialAction\":[{\"@type\":\"SearchAction\",\"target\":{\"@type\":\"EntryPoint\",\"urlTemplate\":\"https:\/\/denizcankizil.tr\/?s={search_term_string}\"},\"query-input\":{\"@type\":\"PropertyValueSpecification\",\"valueRequired\":true,\"valueName\":\"search_term_string\"}}],\"inLanguage\":\"ru-RU\"},{\"@type\":\"Organization\",\"@id\":\"https:\/\/denizcankizil.tr\/#organization\",\"name\":\"Av. Deniz Can K\u0131z\u0131l\",\"url\":\"https:\/\/denizcankizil.tr\/\",\"logo\":{\"@type\":\"ImageObject\",\"inLanguage\":\"ru-RU\",\"@id\":\"https:\/\/denizcankizil.tr\/#\/schema\/logo\/image\/\",\"url\":\"http:\/\/denizcankizil.tr\/wp-content\/uploads\/2024\/10\/siyah-logo-svg.svg\",\"contentUrl\":\"http:\/\/denizcankizil.tr\/wp-content\/uploads\/2024\/10\/siyah-logo-svg.svg\",\"width\":1080,\"height\":1080,\"caption\":\"Av. Deniz Can K\u0131z\u0131l\"},\"image\":{\"@id\":\"https:\/\/denizcankizil.tr\/#\/schema\/logo\/image\/\"}}]}<\/script>\n<!-- \/ Yoast SEO Premium plugin. -->","yoast_head_json":{"title":"Antalya, aile hekimlerine siyah balon b\u0131rakt\u0131 - Av. Deniz Can K\u0131z\u0131l","robots":{"index":"index","follow":"follow","max-snippet":"max-snippet:-1","max-image-preview":"max-image-preview:large","max-video-preview":"max-video-preview:-1"},"canonical":"http:\/\/denizcankizil.tr\/ru\/haberler\/gundem\/antalya-aile-hekimlerine-siyah-balon-birakti\/","og_locale":"ru_RU","og_type":"article","og_title":"Antalya, aile hekimlerine siyah balon b\u0131rakt\u0131","og_description":"Antalya\u2019da 2-6 Aral\u0131k tarihleri aras\u0131nda i\u015f b\u0131rakma eylemine giden aile hekimleri haklar\u0131n\u0131 sokakta aramaya devam etti. Antalya\u2019da \u00e7ok say\u0131da aile hekimi Kapal\u0131 Yol olarak bilinen Kaz\u0131m \u00d6zalp Caddesi giri\u015finde bir araya gelerek bir kez daha seslerini duyurmaya \u00e7al\u0131\u015ft\u0131. \u00a0Eziyet y\u00f6netmeli\u011fi olarak adland\u0131rd\u0131klar\u0131 y\u00f6netmeli\u011fin geri \u00e7ekilmesi \u00e7a\u011fr\u0131s\u0131nda bulunan Antalya Tabipler Odas\u0131 Ba\u015fkan\u0131 Can Ert\u00fcrk, \u201cBirinci kat ve zemin katlarda \u00e7al\u0131\u015fan aile hekimlerimizin haklar\u0131 gasp ediliyor. Y\u00f6netmeli\u011fi de\u011fi\u015ftirmek yerine diplomas\u0131nda yazan re\u00e7ete yazma hakk\u0131 k\u0131s\u0131tlan\u0131yor. Bir ton hak ma\u011fduriyeti var. Bunu protesto ediyoruz\u201d dedi.\u00a0 \u201c\u00c7OK MUTLU DE\u011e\u0130L\u0130Z\u201d Antalya Hekim Birli\u011fi ad\u0131na bas\u0131n a\u00e7\u0131klamas\u0131n\u0131 Hekim Birli\u011fi Antalya \u015eube Ba\u015fkan\u0131 Orhan Tekin yapt\u0131. Tekin konu\u015fmas\u0131nda, \u201cBiz hekimler ve sa\u011fl\u0131k profesyonelleri, sa\u011fl\u0131k \u00e7al\u0131\u015fanlar\u0131, y\u0131llard\u0131r hastalar\u0131m\u0131z\u0131n derdine derman olmaya \u00e7al\u0131\u015f\u0131rken kendi dertlerimizi hep erteledik. \u00c7ok mutlu de\u011filiz, bir matemi ya\u015f\u0131yoruz. Her balon bizim bir simgemiz. Bu balonlar bizim umutlar\u0131m\u0131z\u0131 simgeliyor. Eziyet y\u00f6netmeli\u011fi geri \u00e7ekilmelidir. Bu y\u00f6netmelik g\u00fczel g\u00fcnler vadetmiyor. Umutlar\u0131m\u0131z kalmad\u0131. Umutlar\u0131m\u0131z kaybolacak\u201d s\u00f6zlerine yer verdi. A\u00e7\u0131klamalar\u0131n ard\u0131ndan aile hekimleri ellerindeki siyah balonlar\u0131 g\u00f6ky\u00fcz\u00fcne b\u0131rakt\u0131.\u00a0 \u00a0 \u200bAntalya\u2019da yeni aile hekimleri y\u00f6netmeli\u011fini protesto etmek i\u00e7in kent merkezinde bir araya gelen aile hekimleri, i\u015f b\u0131rakma eyleminden geri ad\u0131m atmayacaklar\u0131n\u0131 s\u00f6yledi. Eylemin \u00f6n\u00fcm\u00fczdeki g\u00fcnlerde de devam edece\u011fini ifade eden hekimler, y\u00f6netmeli\u011fi protesto etmek i\u00e7in g\u00f6ky\u00fcz\u00fcne siyah balon b\u0131rakt\u0131\u00a0 \u200bHaberin &hellip;","og_url":"http:\/\/denizcankizil.tr\/ru\/haberler\/gundem\/antalya-aile-hekimlerine-siyah-balon-birakti\/","og_site_name":"Av. Deniz Can K\u0131z\u0131l","article_published_time":"2024-12-04T13:41:34+00:00","twitter_card":"summary_large_image","twitter_misc":{"\u041f\u0440\u0438\u043c\u0435\u0440\u043d\u043e\u0435 \u0432\u0440\u0435\u043c\u044f \u0434\u043b\u044f \u0447\u0442\u0435\u043d\u0438\u044f":"2 \u043c\u0438\u043d\u0443\u0442\u044b"},"schema":{"@context":"https:\/\/schema.org","@graph":[{"@type":"Article","@id":"http:\/\/denizcankizil.tr\/ru\/haberler\/gundem\/antalya-aile-hekimlerine-siyah-balon-birakti\/#article","isPartOf":{"@id":"http:\/\/denizcankizil.tr\/ru\/haberler\/gundem\/antalya-aile-hekimlerine-siyah-balon-birakti\/"},"author":{"name":"","@id":""},"headline":"Antalya, aile hekimlerine siyah balon b\u0131rakt\u0131","datePublished":"2024-12-04T13:41:34+00:00","mainEntityOfPage":{"@id":"http:\/\/denizcankizil.tr\/ru\/haberler\/gundem\/antalya-aile-hekimlerine-siyah-balon-birakti\/"},"wordCount":307,"commentCount":0,"publisher":{"@id":"https:\/\/denizcankizil.tr\/#organization"},"articleSection":["G\u00fcndem","Uncategorized"],"inLanguage":"ru-RU","potentialAction":[{"@type":"CommentAction","name":"Comment","target":["http:\/\/denizcankizil.tr\/ru\/haberler\/gundem\/antalya-aile-hekimlerine-siyah-balon-birakti\/#respond"]}]},{"@type":"WebPage","@id":"http:\/\/denizcankizil.tr\/ru\/haberler\/gundem\/antalya-aile-hekimlerine-siyah-balon-birakti\/","url":"http:\/\/denizcankizil.tr\/ru\/haberler\/gundem\/antalya-aile-hekimlerine-siyah-balon-birakti\/","name":"Antalya, aile hekimlerine siyah balon b\u0131rakt\u0131 - Av. Deniz Can K\u0131z\u0131l","isPartOf":{"@id":"https:\/\/denizcankizil.tr\/#website"},"datePublished":"2024-12-04T13:41:34+00:00","breadcrumb":{"@id":"http:\/\/denizcankizil.tr\/ru\/haberler\/gundem\/antalya-aile-hekimlerine-siyah-balon-birakti\/#breadcrumb"},"inLanguage":"ru-RU","potentialAction":[{"@type":"ReadAction","target":["http:\/\/denizcankizil.tr\/ru\/haberler\/gundem\/antalya-aile-hekimlerine-siyah-balon-birakti\/"]}]},{"@type":"BreadcrumbList","@id":"http:\/\/denizcankizil.tr\/ru\/haberler\/gundem\/antalya-aile-hekimlerine-siyah-balon-birakti\/#breadcrumb","itemListElement":[{"@type":"ListItem","position":1,"name":"Home","item":"https:\/\/denizcankizil.tr\/uk\/"},{"@type":"ListItem","position":2,"name":"Antalya, aile hekimlerine siyah balon b\u0131rakt\u0131"}]},{"@type":"WebSite","@id":"https:\/\/denizcankizil.tr\/#website","url":"https:\/\/denizcankizil.tr\/","name":"Av. Deniz Can K\u0131z\u0131l","description":"Avukat Deniz Can K\u0131z\u0131l Antalya Barosu","publisher":{"@id":"https:\/\/denizcankizil.tr\/#organization"},"potentialAction":[{"@type":"SearchAction","target":{"@type":"EntryPoint","urlTemplate":"https:\/\/denizcankizil.tr\/?s={search_term_string}"},"query-input":{"@type":"PropertyValueSpecification","valueRequired":true,"valueName":"search_term_string"}}],"inLanguage":"ru-RU"},{"@type":"Organization","@id":"https:\/\/denizcankizil.tr\/#organization","name":"Av. Deniz Can K\u0131z\u0131l","url":"https:\/\/denizcankizil.tr\/","logo":{"@type":"ImageObject","inLanguage":"ru-RU","@id":"https:\/\/denizcankizil.tr\/#\/schema\/logo\/image\/","url":"http:\/\/denizcankizil.tr\/wp-content\/uploads\/2024\/10\/siyah-logo-svg.svg","contentUrl":"http:\/\/denizcankizil.tr\/wp-content\/uploads\/2024\/10\/siyah-logo-svg.svg","width":1080,"height":1080,"caption":"Av. Deniz Can K\u0131z\u0131l"},"image":{"@id":"https:\/\/denizcankizil.tr\/#\/schema\/logo\/image\/"}}]}},"_links":{"self":[{"href":"http:\/\/denizcankizil.tr\/ru\/wp-json\/wp\/v2\/posts\/19161","targetHints":{"allow":["GET"]}}],"collection":[{"href":"http:\/\/denizcankizil.tr\/ru\/wp-json\/wp\/v2\/posts"}],"about":[{"href":"http:\/\/denizcankizil.tr\/ru\/wp-json\/wp\/v2\/types\/post"}],"replies":[{"embeddable":true,"href":"http:\/\/denizcankizil.tr\/ru\/wp-json\/wp\/v2\/comments?post=19161"}],"version-history":[{"count":0,"href":"http:\/\/denizcankizil.tr\/ru\/wp-json\/wp\/v2\/posts\/19161\/revisions"}],"wp:attachment":[{"href":"http:\/\/denizcankizil.tr\/ru\/wp-json\/wp\/v2\/media?parent=19161"}],"wp:term":[{"taxonomy":"category","embeddable":true,"href":"http:\/\/denizcankizil.tr\/ru\/wp-json\/wp\/v2\/categories?post=19161"},{"taxonomy":"post_tag","embeddable":true,"href":"http:\/\/denizcankizil.tr\/ru\/wp-json\/wp\/v2\/tags?post=19161"}],"curies":[{"name":"wp","href":"https:\/\/api.w.org\/{rel}","templated":true}]}}