{"id":19159,"date":"2024-12-04T16:41:33","date_gmt":"2024-12-04T13:41:33","guid":{"rendered":"https:\/\/denizcankizil.tr\/uncategorized-tr\/kasim-ayinda-32-kadin-cinyeti-turkiyenin-kara-tablosu\/"},"modified":"2024-12-04T16:41:33","modified_gmt":"2024-12-04T13:41:33","slug":"kasim-ayinda-32-kadin-cinyeti-turkiyenin-kara-tablosu","status":"publish","type":"post","link":"http:\/\/denizcankizil.tr\/ru\/haberler\/gundem\/kasim-ayinda-32-kadin-cinyeti-turkiyenin-kara-tablosu\/","title":{"rendered":"Kas\u0131m ay\u0131nda 32 kad\u0131n cin*yeti: T\u00fcrkiye&#8217;nin kara tablosu!"},"content":{"rendered":"<p>T\u00fcrkiye\u2019de kad\u0131n cinayeti kabusu giderek art\u0131yor. Kad\u0131n Cinayetlerini Durduraca\u011f\u0131z Platformu&#8217;nun raporuna g\u00f6re 30 g\u00fcnde 32 kad\u0131n erkek taraf\u0131ndan \u00f6ld\u00fcr\u00fcld\u00fc. 26 kad\u0131n \u015f\u00fcpheli bir \u015fekilde \u00f6l\u00fc bulundu.<\/p>\n<p>KADIN C\u0130NAYETLER\u0130N\u0130 DURDURMAK DEVLET\u0130N G\u00d6REV\u0130D\u0130R<\/p>\n<p>\u00d6ld\u00fcr\u00fclen kad\u0131nlara ili\u015fkin verileri ay ay yay\u0131mlayan Kad\u0131n Cinayetlerini Durduraca\u011f\u0131z Platformu (KCDP), 2024 Kas\u0131m ay\u0131 raporunu payla\u015ft\u0131. KCDP raporunda kad\u0131na y\u00f6nelik \u015fiddete ili\u015fkin, \u00a0&#8220;Kad\u0131n cinayetlerini durdurmak i\u00e7in somut \u00e7\u00f6z\u00fcm \u00f6nerilerinin hayata ge\u00e7irilmesi devletin g\u00f6revidir&#8221; denildi.<\/p>\n<p>KADINLARIN Y\u00dcZDE 53\u2019\u00dc E\u015eLER\u0130 TARAFINDAN \u00d6LD\u00dcR\u00dcLD\u00dc<\/p>\n<p>Kas\u0131m ay\u0131nda \u00f6ld\u00fcr\u00fclen 32 kad\u0131n\u0131n 17\u2019si evli oldu\u011fu erkek, 5\u2019i birlikte oldu\u011fu erkek, 3\u2019\u00fc o\u011flu, 2\u2019si akrabas\u0131, 2\u2019si eskiden birlikte oldu\u011fu erkek, 1\u2019i eskiden evli oldu\u011fu erkek, 1\u2019i tan\u0131mad\u0131\u011f\u0131 biri taraf\u0131ndan \u00f6ld\u00fcr\u00fclm\u00fc\u015ft\u00fcr. 1 kad\u0131n\u0131n \u00f6ld\u00fcr\u00fcld\u00fc\u011f\u00fc ki\u015fiyle yak\u0131nl\u0131\u011f\u0131 tespit edilememi\u015ftir. Bu ay kad\u0131nlar\u0131n y\u00fczde 53\u2019\u00fc evli oldu\u011fu erkek taraf\u0131ndan \u00f6ld\u00fcr\u00fcld\u00fc.<\/p>\n<p>\u00c7O\u011eUNLUKLA EVLER\u0130NDE \u00d6LD\u00dcR\u00dcLD\u00dc \u00a0<\/p>\n<p>Kad\u0131nlar\u0131n 20\u2019si evinde, 2\u2019si sokakta, 2\u2019si arabada, 2\u2019si arazide, 2\u2019si kamusal alanda, 2\u2019i i\u015fyerinde \u00f6ld\u00fcr\u00fclm\u00fc\u015ft\u00fcr. 3 kad\u0131n\u0131n \u00f6ld\u00fcr\u00fcld\u00fc\u011f\u00fc yer tespit edilememi\u015ftir. Bu ay \u00f6ld\u00fcr\u00fclen kad\u0131nlar\u0131n y\u00fczde 63\u2019\u00fc evlerinde \u00f6ld\u00fcr\u00fcld\u00fc.\u00a0<\/p>\n<p>KADINLARI EVE HAPSETMEYE \u00c7ALI\u015eILIYOR<\/p>\n<p>T\u00fcrkiye\u2019de okul \u00f6ncesi \u00e7ocuk bak\u0131m\u0131 ve e\u011fitimi i\u00e7in kamusal destek olduk\u00e7a yetersiz durumda oldu\u011funu belirten KCDP, \u201c\u0130stanbul B\u00fcy\u00fck\u015fehir Belediyesi\u2019nin a\u00e7t\u0131\u011f\u0131 kre\u015fler bu alanda \u00f6nemli bir \u00f6rnek olu\u015ftururken, ataerkil zihniyet bu kre\u015fleri kapatarak kad\u0131nlar\u0131 eve hapsetmeye \u00e7al\u0131\u015f\u0131yor. Belediyelerin sundu\u011fu kre\u015f hizmetleri kad\u0131nlar i\u00e7in b\u00fcy\u00fck bir destektir. Kad\u0131nlar\u0131 eve hapseden ev i\u00e7i sorumluluklar\u0131n kamu hizmeti olarak verilmesi, kad\u0131nlar\u0131n istihdama daha yayg\u0131n \u015fekilde kat\u0131labilmesinin \u00f6n\u00fcn\u00fc a\u00e7ar. \u00c7ocuk bak\u0131m\u0131 bunlardan biridir. \u00a0Kad\u0131na y\u00f6nelik \u015fiddet ve ayr\u0131mc\u0131l\u0131\u011f\u0131n \u00f6nlenmesi i\u00e7in kurulan Meclis Komisyonu\u2019nun ba\u015f\u0131na erkek atanmas\u0131 da ayn\u0131 zihniyetin bir yans\u0131mas\u0131d\u0131r\u201d ifadelerini kaydetti.\u00a0<\/p>\n<p>\u200bT\u00fcrkiye&#8217;de kad\u0131na y\u00f6nelik \u015fiddete kar\u015f\u0131 etkin ve cayd\u0131r\u0131c\u0131 cezalar\u0131n uygulanmamas\u0131 nedeniyle \u00f6ld\u00fcr\u00fclen kad\u0131nlar\u0131n say\u0131s\u0131 g\u00fcnden g\u00fcne art\u0131yor. Kad\u0131n Cinayetlerini Durduraca\u011f\u0131z Platformu&#8217;nun raporuna g\u00f6re Kas\u0131m ay\u0131nda 32 kad\u0131n cin*yeti i\u015flendi.\u00a0<\/p>\n<p>\u200bHaberin Al\u0131nt\u0131land\u0131\u011f\u0131 Kaynak: www.antalyakorfez.com<\/p>","protected":false},"excerpt":{"rendered":"<p>T\u00fcrkiye\u2019de kad\u0131n cinayeti kabusu giderek art\u0131yor. Kad\u0131n Cinayetlerini Durduraca\u011f\u0131z Platformu&#8217;nun raporuna g\u00f6re 30 g\u00fcnde 32 kad\u0131n erkek taraf\u0131ndan \u00f6ld\u00fcr\u00fcld\u00fc. 26 kad\u0131n \u015f\u00fcpheli bir \u015fekilde \u00f6l\u00fc bulundu. KADIN C\u0130NAYETLER\u0130N\u0130 DURDURMAK DEVLET\u0130N G\u00d6REV\u0130D\u0130R \u00d6ld\u00fcr\u00fclen kad\u0131nlara ili\u015fkin verileri ay ay yay\u0131mlayan Kad\u0131n Cinayetlerini Durduraca\u011f\u0131z Platformu (KCDP), 2024 Kas\u0131m ay\u0131 raporunu payla\u015ft\u0131. KCDP raporunda kad\u0131na y\u00f6nelik \u015fiddete ili\u015fkin, \u00a0&#8220;Kad\u0131n cinayetlerini durdurmak i\u00e7in somut \u00e7\u00f6z\u00fcm \u00f6nerilerinin hayata ge\u00e7irilmesi devletin g\u00f6revidir&#8221; denildi. KADINLARIN Y\u00dcZDE 53\u2019\u00dc E\u015eLER\u0130 TARAFINDAN \u00d6LD\u00dcR\u00dcLD\u00dc Kas\u0131m ay\u0131nda \u00f6ld\u00fcr\u00fclen 32 kad\u0131n\u0131n 17\u2019si evli oldu\u011fu erkek, 5\u2019i birlikte oldu\u011fu erkek, 3\u2019\u00fc o\u011flu, 2\u2019si akrabas\u0131, 2\u2019si eskiden birlikte oldu\u011fu erkek, 1\u2019i eskiden evli oldu\u011fu erkek, 1\u2019i tan\u0131mad\u0131\u011f\u0131 biri taraf\u0131ndan \u00f6ld\u00fcr\u00fclm\u00fc\u015ft\u00fcr. 1 kad\u0131n\u0131n \u00f6ld\u00fcr\u00fcld\u00fc\u011f\u00fc ki\u015fiyle yak\u0131nl\u0131\u011f\u0131 tespit edilememi\u015ftir. Bu ay kad\u0131nlar\u0131n y\u00fczde 53\u2019\u00fc evli oldu\u011fu erkek taraf\u0131ndan \u00f6ld\u00fcr\u00fcld\u00fc. \u00c7O\u011eUNLUKLA EVLER\u0130NDE \u00d6LD\u00dcR\u00dcLD\u00dc \u00a0 Kad\u0131nlar\u0131n 20\u2019si evinde, 2\u2019si sokakta, 2\u2019si arabada, 2\u2019si arazide, 2\u2019si kamusal alanda, 2\u2019i i\u015fyerinde \u00f6ld\u00fcr\u00fclm\u00fc\u015ft\u00fcr. 3 kad\u0131n\u0131n \u00f6ld\u00fcr\u00fcld\u00fc\u011f\u00fc yer tespit edilememi\u015ftir. Bu ay \u00f6ld\u00fcr\u00fclen kad\u0131nlar\u0131n y\u00fczde 63\u2019\u00fc evlerinde \u00f6ld\u00fcr\u00fcld\u00fc.\u00a0 KADINLARI EVE HAPSETMEYE \u00c7ALI\u015eILIYOR T\u00fcrkiye\u2019de okul \u00f6ncesi \u00e7ocuk bak\u0131m\u0131 ve e\u011fitimi i\u00e7in kamusal destek olduk\u00e7a yetersiz durumda oldu\u011funu belirten KCDP, \u201c\u0130stanbul B\u00fcy\u00fck\u015fehir Belediyesi\u2019nin a\u00e7t\u0131\u011f\u0131 kre\u015fler bu alanda \u00f6nemli bir \u00f6rnek olu\u015ftururken, ataerkil zihniyet bu kre\u015fleri kapatarak kad\u0131nlar\u0131 eve hapsetmeye \u00e7al\u0131\u015f\u0131yor. Belediyelerin sundu\u011fu kre\u015f hizmetleri kad\u0131nlar i\u00e7in &hellip;<\/p>","protected":false},"author":0,"featured_media":0,"comment_status":"open","ping_status":"open","sticky":false,"template":"","format":"standard","meta":{"_acf_changed":false,"footnotes":""},"categories":[24,535],"tags":[],"class_list":["post-19159","post","type-post","status-publish","format-standard","has-post-thumbnail","hentry","category-gundem","category-uncategorized-tr"],"acf":[],"yoast_head":"<!-- This site is optimized with the Yoast SEO Premium plugin v26.6 (Yoast SEO v27.1.1) - https:\/\/yoast.com\/product\/yoast-seo-premium-wordpress\/ -->\n<title>Kas\u0131m ay\u0131nda 32 kad\u0131n cin*yeti: T\u00fcrkiye&#039;nin kara tablosu! - Av. Deniz Can K\u0131z\u0131l<\/title>\n<meta name=\"robots\" content=\"index, follow, max-snippet:-1, max-image-preview:large, max-video-preview:-1\" \/>\n<link rel=\"canonical\" href=\"http:\/\/denizcankizil.tr\/ru\/haberler\/gundem\/kasim-ayinda-32-kadin-cinyeti-turkiyenin-kara-tablosu\/\" \/>\n<meta property=\"og:locale\" content=\"ru_RU\" \/>\n<meta property=\"og:type\" content=\"article\" \/>\n<meta property=\"og:title\" content=\"Kas\u0131m ay\u0131nda 32 kad\u0131n cin*yeti: T\u00fcrkiye&#039;nin kara tablosu!\" \/>\n<meta property=\"og:description\" content=\"T\u00fcrkiye\u2019de kad\u0131n cinayeti kabusu giderek art\u0131yor. Kad\u0131n Cinayetlerini Durduraca\u011f\u0131z Platformu&#8217;nun raporuna g\u00f6re 30 g\u00fcnde 32 kad\u0131n erkek taraf\u0131ndan \u00f6ld\u00fcr\u00fcld\u00fc. 26 kad\u0131n \u015f\u00fcpheli bir \u015fekilde \u00f6l\u00fc bulundu. KADIN C\u0130NAYETLER\u0130N\u0130 DURDURMAK DEVLET\u0130N G\u00d6REV\u0130D\u0130R \u00d6ld\u00fcr\u00fclen kad\u0131nlara ili\u015fkin verileri ay ay yay\u0131mlayan Kad\u0131n Cinayetlerini Durduraca\u011f\u0131z Platformu (KCDP), 2024 Kas\u0131m ay\u0131 raporunu payla\u015ft\u0131. KCDP raporunda kad\u0131na y\u00f6nelik \u015fiddete ili\u015fkin, \u00a0&#8220;Kad\u0131n cinayetlerini durdurmak i\u00e7in somut \u00e7\u00f6z\u00fcm \u00f6nerilerinin hayata ge\u00e7irilmesi devletin g\u00f6revidir&#8221; denildi. KADINLARIN Y\u00dcZDE 53\u2019\u00dc E\u015eLER\u0130 TARAFINDAN \u00d6LD\u00dcR\u00dcLD\u00dc Kas\u0131m ay\u0131nda \u00f6ld\u00fcr\u00fclen 32 kad\u0131n\u0131n 17\u2019si evli oldu\u011fu erkek, 5\u2019i birlikte oldu\u011fu erkek, 3\u2019\u00fc o\u011flu, 2\u2019si akrabas\u0131, 2\u2019si eskiden birlikte oldu\u011fu erkek, 1\u2019i eskiden evli oldu\u011fu erkek, 1\u2019i tan\u0131mad\u0131\u011f\u0131 biri taraf\u0131ndan \u00f6ld\u00fcr\u00fclm\u00fc\u015ft\u00fcr. 1 kad\u0131n\u0131n \u00f6ld\u00fcr\u00fcld\u00fc\u011f\u00fc ki\u015fiyle yak\u0131nl\u0131\u011f\u0131 tespit edilememi\u015ftir. Bu ay kad\u0131nlar\u0131n y\u00fczde 53\u2019\u00fc evli oldu\u011fu erkek taraf\u0131ndan \u00f6ld\u00fcr\u00fcld\u00fc. \u00c7O\u011eUNLUKLA EVLER\u0130NDE \u00d6LD\u00dcR\u00dcLD\u00dc \u00a0 Kad\u0131nlar\u0131n 20\u2019si evinde, 2\u2019si sokakta, 2\u2019si arabada, 2\u2019si arazide, 2\u2019si kamusal alanda, 2\u2019i i\u015fyerinde \u00f6ld\u00fcr\u00fclm\u00fc\u015ft\u00fcr. 3 kad\u0131n\u0131n \u00f6ld\u00fcr\u00fcld\u00fc\u011f\u00fc yer tespit edilememi\u015ftir. Bu ay \u00f6ld\u00fcr\u00fclen kad\u0131nlar\u0131n y\u00fczde 63\u2019\u00fc evlerinde \u00f6ld\u00fcr\u00fcld\u00fc.\u00a0 KADINLARI EVE HAPSETMEYE \u00c7ALI\u015eILIYOR T\u00fcrkiye\u2019de okul \u00f6ncesi \u00e7ocuk bak\u0131m\u0131 ve e\u011fitimi i\u00e7in kamusal destek olduk\u00e7a yetersiz durumda oldu\u011funu belirten KCDP, \u201c\u0130stanbul B\u00fcy\u00fck\u015fehir Belediyesi\u2019nin a\u00e7t\u0131\u011f\u0131 kre\u015fler bu alanda \u00f6nemli bir \u00f6rnek olu\u015ftururken, ataerkil zihniyet bu kre\u015fleri kapatarak kad\u0131nlar\u0131 eve hapsetmeye \u00e7al\u0131\u015f\u0131yor. Belediyelerin sundu\u011fu kre\u015f hizmetleri kad\u0131nlar i\u00e7in &hellip;\" \/>\n<meta property=\"og:url\" content=\"http:\/\/denizcankizil.tr\/ru\/haberler\/gundem\/kasim-ayinda-32-kadin-cinyeti-turkiyenin-kara-tablosu\/\" \/>\n<meta property=\"og:site_name\" content=\"Av. Deniz Can K\u0131z\u0131l\" \/>\n<meta property=\"article:published_time\" content=\"2024-12-04T13:41:33+00:00\" \/>\n<meta name=\"twitter:card\" content=\"summary_large_image\" \/>\n<meta name=\"twitter:label1\" content=\"\u041f\u0440\u0438\u043c\u0435\u0440\u043d\u043e\u0435 \u0432\u0440\u0435\u043c\u044f \u0434\u043b\u044f \u0447\u0442\u0435\u043d\u0438\u044f\" \/>\n\t<meta name=\"twitter:data1\" content=\"2 \u043c\u0438\u043d\u0443\u0442\u044b\" \/>\n<script type=\"application\/ld+json\" class=\"yoast-schema-graph\">{\"@context\":\"https:\/\/schema.org\",\"@graph\":[{\"@type\":\"Article\",\"@id\":\"http:\/\/denizcankizil.tr\/ru\/haberler\/gundem\/kasim-ayinda-32-kadin-cinyeti-turkiyenin-kara-tablosu\/#article\",\"isPartOf\":{\"@id\":\"http:\/\/denizcankizil.tr\/ru\/haberler\/gundem\/kasim-ayinda-32-kadin-cinyeti-turkiyenin-kara-tablosu\/\"},\"author\":{\"name\":\"\",\"@id\":\"\"},\"headline\":\"Kas\u0131m ay\u0131nda 32 kad\u0131n cin*yeti: T\u00fcrkiye&#8217;nin kara tablosu!\",\"datePublished\":\"2024-12-04T13:41:33+00:00\",\"mainEntityOfPage\":{\"@id\":\"http:\/\/denizcankizil.tr\/ru\/haberler\/gundem\/kasim-ayinda-32-kadin-cinyeti-turkiyenin-kara-tablosu\/\"},\"wordCount\":445,\"commentCount\":0,\"publisher\":{\"@id\":\"https:\/\/denizcankizil.tr\/#organization\"},\"articleSection\":[\"G\u00fcndem\",\"Uncategorized\"],\"inLanguage\":\"ru-RU\",\"potentialAction\":[{\"@type\":\"CommentAction\",\"name\":\"Comment\",\"target\":[\"http:\/\/denizcankizil.tr\/ru\/haberler\/gundem\/kasim-ayinda-32-kadin-cinyeti-turkiyenin-kara-tablosu\/#respond\"]}]},{\"@type\":\"WebPage\",\"@id\":\"http:\/\/denizcankizil.tr\/ru\/haberler\/gundem\/kasim-ayinda-32-kadin-cinyeti-turkiyenin-kara-tablosu\/\",\"url\":\"http:\/\/denizcankizil.tr\/ru\/haberler\/gundem\/kasim-ayinda-32-kadin-cinyeti-turkiyenin-kara-tablosu\/\",\"name\":\"Kas\u0131m ay\u0131nda 32 kad\u0131n cin*yeti: T\u00fcrkiye'nin kara tablosu! - Av. Deniz Can K\u0131z\u0131l\",\"isPartOf\":{\"@id\":\"https:\/\/denizcankizil.tr\/#website\"},\"datePublished\":\"2024-12-04T13:41:33+00:00\",\"breadcrumb\":{\"@id\":\"http:\/\/denizcankizil.tr\/ru\/haberler\/gundem\/kasim-ayinda-32-kadin-cinyeti-turkiyenin-kara-tablosu\/#breadcrumb\"},\"inLanguage\":\"ru-RU\",\"potentialAction\":[{\"@type\":\"ReadAction\",\"target\":[\"http:\/\/denizcankizil.tr\/ru\/haberler\/gundem\/kasim-ayinda-32-kadin-cinyeti-turkiyenin-kara-tablosu\/\"]}]},{\"@type\":\"BreadcrumbList\",\"@id\":\"http:\/\/denizcankizil.tr\/ru\/haberler\/gundem\/kasim-ayinda-32-kadin-cinyeti-turkiyenin-kara-tablosu\/#breadcrumb\",\"itemListElement\":[{\"@type\":\"ListItem\",\"position\":1,\"name\":\"Home\",\"item\":\"https:\/\/denizcankizil.tr\/uk\/\"},{\"@type\":\"ListItem\",\"position\":2,\"name\":\"Kas\u0131m ay\u0131nda 32 kad\u0131n cin*yeti: T\u00fcrkiye&#8217;nin kara tablosu!\"}]},{\"@type\":\"WebSite\",\"@id\":\"https:\/\/denizcankizil.tr\/#website\",\"url\":\"https:\/\/denizcankizil.tr\/\",\"name\":\"Av. Deniz Can K\u0131z\u0131l\",\"description\":\"Avukat Deniz Can K\u0131z\u0131l Antalya Barosu\",\"publisher\":{\"@id\":\"https:\/\/denizcankizil.tr\/#organization\"},\"potentialAction\":[{\"@type\":\"SearchAction\",\"target\":{\"@type\":\"EntryPoint\",\"urlTemplate\":\"https:\/\/denizcankizil.tr\/?s={search_term_string}\"},\"query-input\":{\"@type\":\"PropertyValueSpecification\",\"valueRequired\":true,\"valueName\":\"search_term_string\"}}],\"inLanguage\":\"ru-RU\"},{\"@type\":\"Organization\",\"@id\":\"https:\/\/denizcankizil.tr\/#organization\",\"name\":\"Av. Deniz Can K\u0131z\u0131l\",\"url\":\"https:\/\/denizcankizil.tr\/\",\"logo\":{\"@type\":\"ImageObject\",\"inLanguage\":\"ru-RU\",\"@id\":\"https:\/\/denizcankizil.tr\/#\/schema\/logo\/image\/\",\"url\":\"http:\/\/denizcankizil.tr\/wp-content\/uploads\/2024\/10\/siyah-logo-svg.svg\",\"contentUrl\":\"http:\/\/denizcankizil.tr\/wp-content\/uploads\/2024\/10\/siyah-logo-svg.svg\",\"width\":1080,\"height\":1080,\"caption\":\"Av. Deniz Can K\u0131z\u0131l\"},\"image\":{\"@id\":\"https:\/\/denizcankizil.tr\/#\/schema\/logo\/image\/\"}}]}<\/script>\n<!-- \/ Yoast SEO Premium plugin. -->","yoast_head_json":{"title":"Kas\u0131m ay\u0131nda 32 kad\u0131n cin*yeti: T\u00fcrkiye'nin kara tablosu! - Av. Deniz Can K\u0131z\u0131l","robots":{"index":"index","follow":"follow","max-snippet":"max-snippet:-1","max-image-preview":"max-image-preview:large","max-video-preview":"max-video-preview:-1"},"canonical":"http:\/\/denizcankizil.tr\/ru\/haberler\/gundem\/kasim-ayinda-32-kadin-cinyeti-turkiyenin-kara-tablosu\/","og_locale":"ru_RU","og_type":"article","og_title":"Kas\u0131m ay\u0131nda 32 kad\u0131n cin*yeti: T\u00fcrkiye'nin kara tablosu!","og_description":"T\u00fcrkiye\u2019de kad\u0131n cinayeti kabusu giderek art\u0131yor. Kad\u0131n Cinayetlerini Durduraca\u011f\u0131z Platformu&#8217;nun raporuna g\u00f6re 30 g\u00fcnde 32 kad\u0131n erkek taraf\u0131ndan \u00f6ld\u00fcr\u00fcld\u00fc. 26 kad\u0131n \u015f\u00fcpheli bir \u015fekilde \u00f6l\u00fc bulundu. KADIN C\u0130NAYETLER\u0130N\u0130 DURDURMAK DEVLET\u0130N G\u00d6REV\u0130D\u0130R \u00d6ld\u00fcr\u00fclen kad\u0131nlara ili\u015fkin verileri ay ay yay\u0131mlayan Kad\u0131n Cinayetlerini Durduraca\u011f\u0131z Platformu (KCDP), 2024 Kas\u0131m ay\u0131 raporunu payla\u015ft\u0131. KCDP raporunda kad\u0131na y\u00f6nelik \u015fiddete ili\u015fkin, \u00a0&#8220;Kad\u0131n cinayetlerini durdurmak i\u00e7in somut \u00e7\u00f6z\u00fcm \u00f6nerilerinin hayata ge\u00e7irilmesi devletin g\u00f6revidir&#8221; denildi. KADINLARIN Y\u00dcZDE 53\u2019\u00dc E\u015eLER\u0130 TARAFINDAN \u00d6LD\u00dcR\u00dcLD\u00dc Kas\u0131m ay\u0131nda \u00f6ld\u00fcr\u00fclen 32 kad\u0131n\u0131n 17\u2019si evli oldu\u011fu erkek, 5\u2019i birlikte oldu\u011fu erkek, 3\u2019\u00fc o\u011flu, 2\u2019si akrabas\u0131, 2\u2019si eskiden birlikte oldu\u011fu erkek, 1\u2019i eskiden evli oldu\u011fu erkek, 1\u2019i tan\u0131mad\u0131\u011f\u0131 biri taraf\u0131ndan \u00f6ld\u00fcr\u00fclm\u00fc\u015ft\u00fcr. 1 kad\u0131n\u0131n \u00f6ld\u00fcr\u00fcld\u00fc\u011f\u00fc ki\u015fiyle yak\u0131nl\u0131\u011f\u0131 tespit edilememi\u015ftir. Bu ay kad\u0131nlar\u0131n y\u00fczde 53\u2019\u00fc evli oldu\u011fu erkek taraf\u0131ndan \u00f6ld\u00fcr\u00fcld\u00fc. \u00c7O\u011eUNLUKLA EVLER\u0130NDE \u00d6LD\u00dcR\u00dcLD\u00dc \u00a0 Kad\u0131nlar\u0131n 20\u2019si evinde, 2\u2019si sokakta, 2\u2019si arabada, 2\u2019si arazide, 2\u2019si kamusal alanda, 2\u2019i i\u015fyerinde \u00f6ld\u00fcr\u00fclm\u00fc\u015ft\u00fcr. 3 kad\u0131n\u0131n \u00f6ld\u00fcr\u00fcld\u00fc\u011f\u00fc yer tespit edilememi\u015ftir. Bu ay \u00f6ld\u00fcr\u00fclen kad\u0131nlar\u0131n y\u00fczde 63\u2019\u00fc evlerinde \u00f6ld\u00fcr\u00fcld\u00fc.\u00a0 KADINLARI EVE HAPSETMEYE \u00c7ALI\u015eILIYOR T\u00fcrkiye\u2019de okul \u00f6ncesi \u00e7ocuk bak\u0131m\u0131 ve e\u011fitimi i\u00e7in kamusal destek olduk\u00e7a yetersiz durumda oldu\u011funu belirten KCDP, \u201c\u0130stanbul B\u00fcy\u00fck\u015fehir Belediyesi\u2019nin a\u00e7t\u0131\u011f\u0131 kre\u015fler bu alanda \u00f6nemli bir \u00f6rnek olu\u015ftururken, ataerkil zihniyet bu kre\u015fleri kapatarak kad\u0131nlar\u0131 eve hapsetmeye \u00e7al\u0131\u015f\u0131yor. Belediyelerin sundu\u011fu kre\u015f hizmetleri kad\u0131nlar i\u00e7in &hellip;","og_url":"http:\/\/denizcankizil.tr\/ru\/haberler\/gundem\/kasim-ayinda-32-kadin-cinyeti-turkiyenin-kara-tablosu\/","og_site_name":"Av. Deniz Can K\u0131z\u0131l","article_published_time":"2024-12-04T13:41:33+00:00","twitter_card":"summary_large_image","twitter_misc":{"\u041f\u0440\u0438\u043c\u0435\u0440\u043d\u043e\u0435 \u0432\u0440\u0435\u043c\u044f \u0434\u043b\u044f \u0447\u0442\u0435\u043d\u0438\u044f":"2 \u043c\u0438\u043d\u0443\u0442\u044b"},"schema":{"@context":"https:\/\/schema.org","@graph":[{"@type":"Article","@id":"http:\/\/denizcankizil.tr\/ru\/haberler\/gundem\/kasim-ayinda-32-kadin-cinyeti-turkiyenin-kara-tablosu\/#article","isPartOf":{"@id":"http:\/\/denizcankizil.tr\/ru\/haberler\/gundem\/kasim-ayinda-32-kadin-cinyeti-turkiyenin-kara-tablosu\/"},"author":{"name":"","@id":""},"headline":"Kas\u0131m ay\u0131nda 32 kad\u0131n cin*yeti: T\u00fcrkiye&#8217;nin kara tablosu!","datePublished":"2024-12-04T13:41:33+00:00","mainEntityOfPage":{"@id":"http:\/\/denizcankizil.tr\/ru\/haberler\/gundem\/kasim-ayinda-32-kadin-cinyeti-turkiyenin-kara-tablosu\/"},"wordCount":445,"commentCount":0,"publisher":{"@id":"https:\/\/denizcankizil.tr\/#organization"},"articleSection":["G\u00fcndem","Uncategorized"],"inLanguage":"ru-RU","potentialAction":[{"@type":"CommentAction","name":"Comment","target":["http:\/\/denizcankizil.tr\/ru\/haberler\/gundem\/kasim-ayinda-32-kadin-cinyeti-turkiyenin-kara-tablosu\/#respond"]}]},{"@type":"WebPage","@id":"http:\/\/denizcankizil.tr\/ru\/haberler\/gundem\/kasim-ayinda-32-kadin-cinyeti-turkiyenin-kara-tablosu\/","url":"http:\/\/denizcankizil.tr\/ru\/haberler\/gundem\/kasim-ayinda-32-kadin-cinyeti-turkiyenin-kara-tablosu\/","name":"Kas\u0131m ay\u0131nda 32 kad\u0131n cin*yeti: T\u00fcrkiye'nin kara tablosu! - Av. Deniz Can K\u0131z\u0131l","isPartOf":{"@id":"https:\/\/denizcankizil.tr\/#website"},"datePublished":"2024-12-04T13:41:33+00:00","breadcrumb":{"@id":"http:\/\/denizcankizil.tr\/ru\/haberler\/gundem\/kasim-ayinda-32-kadin-cinyeti-turkiyenin-kara-tablosu\/#breadcrumb"},"inLanguage":"ru-RU","potentialAction":[{"@type":"ReadAction","target":["http:\/\/denizcankizil.tr\/ru\/haberler\/gundem\/kasim-ayinda-32-kadin-cinyeti-turkiyenin-kara-tablosu\/"]}]},{"@type":"BreadcrumbList","@id":"http:\/\/denizcankizil.tr\/ru\/haberler\/gundem\/kasim-ayinda-32-kadin-cinyeti-turkiyenin-kara-tablosu\/#breadcrumb","itemListElement":[{"@type":"ListItem","position":1,"name":"Home","item":"https:\/\/denizcankizil.tr\/uk\/"},{"@type":"ListItem","position":2,"name":"Kas\u0131m ay\u0131nda 32 kad\u0131n cin*yeti: T\u00fcrkiye&#8217;nin kara tablosu!"}]},{"@type":"WebSite","@id":"https:\/\/denizcankizil.tr\/#website","url":"https:\/\/denizcankizil.tr\/","name":"Av. Deniz Can K\u0131z\u0131l","description":"Avukat Deniz Can K\u0131z\u0131l Antalya Barosu","publisher":{"@id":"https:\/\/denizcankizil.tr\/#organization"},"potentialAction":[{"@type":"SearchAction","target":{"@type":"EntryPoint","urlTemplate":"https:\/\/denizcankizil.tr\/?s={search_term_string}"},"query-input":{"@type":"PropertyValueSpecification","valueRequired":true,"valueName":"search_term_string"}}],"inLanguage":"ru-RU"},{"@type":"Organization","@id":"https:\/\/denizcankizil.tr\/#organization","name":"Av. Deniz Can K\u0131z\u0131l","url":"https:\/\/denizcankizil.tr\/","logo":{"@type":"ImageObject","inLanguage":"ru-RU","@id":"https:\/\/denizcankizil.tr\/#\/schema\/logo\/image\/","url":"http:\/\/denizcankizil.tr\/wp-content\/uploads\/2024\/10\/siyah-logo-svg.svg","contentUrl":"http:\/\/denizcankizil.tr\/wp-content\/uploads\/2024\/10\/siyah-logo-svg.svg","width":1080,"height":1080,"caption":"Av. Deniz Can K\u0131z\u0131l"},"image":{"@id":"https:\/\/denizcankizil.tr\/#\/schema\/logo\/image\/"}}]}},"_links":{"self":[{"href":"http:\/\/denizcankizil.tr\/ru\/wp-json\/wp\/v2\/posts\/19159","targetHints":{"allow":["GET"]}}],"collection":[{"href":"http:\/\/denizcankizil.tr\/ru\/wp-json\/wp\/v2\/posts"}],"about":[{"href":"http:\/\/denizcankizil.tr\/ru\/wp-json\/wp\/v2\/types\/post"}],"replies":[{"embeddable":true,"href":"http:\/\/denizcankizil.tr\/ru\/wp-json\/wp\/v2\/comments?post=19159"}],"version-history":[{"count":0,"href":"http:\/\/denizcankizil.tr\/ru\/wp-json\/wp\/v2\/posts\/19159\/revisions"}],"wp:attachment":[{"href":"http:\/\/denizcankizil.tr\/ru\/wp-json\/wp\/v2\/media?parent=19159"}],"wp:term":[{"taxonomy":"category","embeddable":true,"href":"http:\/\/denizcankizil.tr\/ru\/wp-json\/wp\/v2\/categories?post=19159"},{"taxonomy":"post_tag","embeddable":true,"href":"http:\/\/denizcankizil.tr\/ru\/wp-json\/wp\/v2\/tags?post=19159"}],"curies":[{"name":"wp","href":"https:\/\/api.w.org\/{rel}","templated":true}]}}