{"id":18964,"date":"2024-12-03T17:41:55","date_gmt":"2024-12-03T14:41:55","guid":{"rendered":"https:\/\/denizcankizil.tr\/uncategorized-tr\/mugla-buyuksehir-ve-nice-belediyesi-kadina-yonelik-siddet-icin-bir-araya-geldi\/"},"modified":"2024-12-03T17:41:55","modified_gmt":"2024-12-03T14:41:55","slug":"mugla-buyuksehir-ve-nice-belediyesi-kadina-yonelik-siddet-icin-bir-araya-geldi","status":"publish","type":"post","link":"http:\/\/denizcankizil.tr\/ru\/haberler\/gundem\/mugla-buyuksehir-ve-nice-belediyesi-kadina-yonelik-siddet-icin-bir-araya-geldi\/","title":{"rendered":"Mu\u011fla B\u00fcy\u00fck\u015fehir ve Nice Belediyesi Kad\u0131na Y\u00f6nelik \u015eiddet i\u00e7in Bir Araya Geldi"},"content":{"rendered":"<p>Mu\u011fla B\u00fcy\u00fck\u015fehir Belediyesi Nice Belediyesi ile toplumsal cinsiyet e\u015fitli\u011fi, ayr\u0131mc\u0131l\u0131k, kad\u0131na y\u00f6nelik \u015fiddet ba\u015fta olmak \u00fczere kad\u0131n politikalar\u0131na y\u00f6nelik \u00e7al\u0131\u015fmalarda i\u015fbirli\u011fi yapmak i\u00e7in ilk ziyareti ger\u00e7ekle\u015ftirdi.\u00a0<\/p>\n<p>\u200bMu\u011fla B\u00fcy\u00fck\u015fehir Belediyesi Nice Belediyesi ile toplumsal cinsiyet e\u015fitli\u011fi, ayr\u0131mc\u0131l\u0131k, kad\u0131na y\u00f6nelik \u015fiddet ba\u015fta olmak \u00fczere kad\u0131n politikalar\u0131na y\u00f6nelik \u00e7al\u0131\u015fmalarda i\u015fbirli\u011fi yapmak i\u00e7in ilk ziyareti ger\u00e7ekle\u015ftirdi.\u00a0\u00a0<\/p>\n<p>\u200bHaberin Al\u0131nt\u0131land\u0131\u011f\u0131 Kaynak: www.iskenderun.org<\/p>","protected":false},"excerpt":{"rendered":"<p>Mu\u011fla B\u00fcy\u00fck\u015fehir Belediyesi Nice Belediyesi ile toplumsal cinsiyet e\u015fitli\u011fi, ayr\u0131mc\u0131l\u0131k, kad\u0131na y\u00f6nelik \u015fiddet ba\u015fta olmak \u00fczere kad\u0131n politikalar\u0131na y\u00f6nelik \u00e7al\u0131\u015fmalarda i\u015fbirli\u011fi yapmak i\u00e7in ilk ziyareti ger\u00e7ekle\u015ftirdi.\u00a0 \u200bMu\u011fla B\u00fcy\u00fck\u015fehir Belediyesi Nice Belediyesi ile toplumsal cinsiyet e\u015fitli\u011fi, ayr\u0131mc\u0131l\u0131k, kad\u0131na y\u00f6nelik \u015fiddet ba\u015fta olmak \u00fczere kad\u0131n politikalar\u0131na y\u00f6nelik \u00e7al\u0131\u015fmalarda i\u015fbirli\u011fi yapmak i\u00e7in ilk ziyareti ger\u00e7ekle\u015ftirdi.\u00a0\u00a0 \u200bHaberin Al\u0131nt\u0131land\u0131\u011f\u0131 Kaynak: www.iskenderun.org<\/p>","protected":false},"author":0,"featured_media":0,"comment_status":"open","ping_status":"open","sticky":false,"template":"","format":"standard","meta":{"_acf_changed":false,"footnotes":""},"categories":[24,535],"tags":[],"class_list":["post-18964","post","type-post","status-publish","format-standard","has-post-thumbnail","hentry","category-gundem","category-uncategorized-tr"],"acf":[],"yoast_head":"<!-- This site is optimized with the Yoast SEO Premium plugin v26.6 (Yoast SEO v27.1.1) - https:\/\/yoast.com\/product\/yoast-seo-premium-wordpress\/ -->\n<title>Mu\u011fla B\u00fcy\u00fck\u015fehir ve Nice Belediyesi Kad\u0131na Y\u00f6nelik \u015eiddet i\u00e7in Bir Araya Geldi - Av. Deniz Can K\u0131z\u0131l<\/title>\n<meta name=\"robots\" content=\"index, follow, max-snippet:-1, max-image-preview:large, max-video-preview:-1\" \/>\n<link rel=\"canonical\" href=\"http:\/\/denizcankizil.tr\/ru\/haberler\/gundem\/mugla-buyuksehir-ve-nice-belediyesi-kadina-yonelik-siddet-icin-bir-araya-geldi\/\" \/>\n<meta property=\"og:locale\" content=\"ru_RU\" \/>\n<meta property=\"og:type\" content=\"article\" \/>\n<meta property=\"og:title\" content=\"Mu\u011fla B\u00fcy\u00fck\u015fehir ve Nice Belediyesi Kad\u0131na Y\u00f6nelik \u015eiddet i\u00e7in Bir Araya Geldi\" \/>\n<meta property=\"og:description\" content=\"Mu\u011fla B\u00fcy\u00fck\u015fehir Belediyesi Nice Belediyesi ile toplumsal cinsiyet e\u015fitli\u011fi, ayr\u0131mc\u0131l\u0131k, kad\u0131na y\u00f6nelik \u015fiddet ba\u015fta olmak \u00fczere kad\u0131n politikalar\u0131na y\u00f6nelik \u00e7al\u0131\u015fmalarda i\u015fbirli\u011fi yapmak i\u00e7in ilk ziyareti ger\u00e7ekle\u015ftirdi.\u00a0 \u200bMu\u011fla B\u00fcy\u00fck\u015fehir Belediyesi Nice Belediyesi ile toplumsal cinsiyet e\u015fitli\u011fi, ayr\u0131mc\u0131l\u0131k, kad\u0131na y\u00f6nelik \u015fiddet ba\u015fta olmak \u00fczere kad\u0131n politikalar\u0131na y\u00f6nelik \u00e7al\u0131\u015fmalarda i\u015fbirli\u011fi yapmak i\u00e7in ilk ziyareti ger\u00e7ekle\u015ftirdi.\u00a0\u00a0 \u200bHaberin Al\u0131nt\u0131land\u0131\u011f\u0131 Kaynak: www.iskenderun.org\" \/>\n<meta property=\"og:url\" content=\"http:\/\/denizcankizil.tr\/ru\/haberler\/gundem\/mugla-buyuksehir-ve-nice-belediyesi-kadina-yonelik-siddet-icin-bir-araya-geldi\/\" \/>\n<meta property=\"og:site_name\" content=\"Av. Deniz Can K\u0131z\u0131l\" \/>\n<meta property=\"article:published_time\" content=\"2024-12-03T14:41:55+00:00\" \/>\n<meta name=\"twitter:card\" content=\"summary_large_image\" \/>\n<meta name=\"twitter:label1\" content=\"\u041f\u0440\u0438\u043c\u0435\u0440\u043d\u043e\u0435 \u0432\u0440\u0435\u043c\u044f \u0434\u043b\u044f \u0447\u0442\u0435\u043d\u0438\u044f\" \/>\n\t<meta name=\"twitter:data1\" content=\"1 \u043c\u0438\u043d\u0443\u0442\u0430\" \/>\n<script type=\"application\/ld+json\" class=\"yoast-schema-graph\">{\"@context\":\"https:\/\/schema.org\",\"@graph\":[{\"@type\":\"Article\",\"@id\":\"http:\/\/denizcankizil.tr\/ru\/haberler\/gundem\/mugla-buyuksehir-ve-nice-belediyesi-kadina-yonelik-siddet-icin-bir-araya-geldi\/#article\",\"isPartOf\":{\"@id\":\"http:\/\/denizcankizil.tr\/ru\/haberler\/gundem\/mugla-buyuksehir-ve-nice-belediyesi-kadina-yonelik-siddet-icin-bir-araya-geldi\/\"},\"author\":{\"name\":\"\",\"@id\":\"\"},\"headline\":\"Mu\u011fla B\u00fcy\u00fck\u015fehir ve Nice Belediyesi Kad\u0131na Y\u00f6nelik \u015eiddet i\u00e7in Bir Araya Geldi\",\"datePublished\":\"2024-12-03T14:41:55+00:00\",\"mainEntityOfPage\":{\"@id\":\"http:\/\/denizcankizil.tr\/ru\/haberler\/gundem\/mugla-buyuksehir-ve-nice-belediyesi-kadina-yonelik-siddet-icin-bir-araya-geldi\/\"},\"wordCount\":121,\"commentCount\":0,\"publisher\":{\"@id\":\"https:\/\/denizcankizil.tr\/#organization\"},\"articleSection\":[\"G\u00fcndem\",\"Uncategorized\"],\"inLanguage\":\"ru-RU\",\"potentialAction\":[{\"@type\":\"CommentAction\",\"name\":\"Comment\",\"target\":[\"http:\/\/denizcankizil.tr\/ru\/haberler\/gundem\/mugla-buyuksehir-ve-nice-belediyesi-kadina-yonelik-siddet-icin-bir-araya-geldi\/#respond\"]}]},{\"@type\":\"WebPage\",\"@id\":\"http:\/\/denizcankizil.tr\/ru\/haberler\/gundem\/mugla-buyuksehir-ve-nice-belediyesi-kadina-yonelik-siddet-icin-bir-araya-geldi\/\",\"url\":\"http:\/\/denizcankizil.tr\/ru\/haberler\/gundem\/mugla-buyuksehir-ve-nice-belediyesi-kadina-yonelik-siddet-icin-bir-araya-geldi\/\",\"name\":\"Mu\u011fla B\u00fcy\u00fck\u015fehir ve Nice Belediyesi Kad\u0131na Y\u00f6nelik \u015eiddet i\u00e7in Bir Araya Geldi - Av. Deniz Can K\u0131z\u0131l\",\"isPartOf\":{\"@id\":\"https:\/\/denizcankizil.tr\/#website\"},\"datePublished\":\"2024-12-03T14:41:55+00:00\",\"breadcrumb\":{\"@id\":\"http:\/\/denizcankizil.tr\/ru\/haberler\/gundem\/mugla-buyuksehir-ve-nice-belediyesi-kadina-yonelik-siddet-icin-bir-araya-geldi\/#breadcrumb\"},\"inLanguage\":\"ru-RU\",\"potentialAction\":[{\"@type\":\"ReadAction\",\"target\":[\"http:\/\/denizcankizil.tr\/ru\/haberler\/gundem\/mugla-buyuksehir-ve-nice-belediyesi-kadina-yonelik-siddet-icin-bir-araya-geldi\/\"]}]},{\"@type\":\"BreadcrumbList\",\"@id\":\"http:\/\/denizcankizil.tr\/ru\/haberler\/gundem\/mugla-buyuksehir-ve-nice-belediyesi-kadina-yonelik-siddet-icin-bir-araya-geldi\/#breadcrumb\",\"itemListElement\":[{\"@type\":\"ListItem\",\"position\":1,\"name\":\"Home\",\"item\":\"https:\/\/denizcankizil.tr\/de\/\"},{\"@type\":\"ListItem\",\"position\":2,\"name\":\"Mu\u011fla B\u00fcy\u00fck\u015fehir ve Nice Belediyesi Kad\u0131na Y\u00f6nelik \u015eiddet i\u00e7in Bir Araya Geldi\"}]},{\"@type\":\"WebSite\",\"@id\":\"https:\/\/denizcankizil.tr\/#website\",\"url\":\"https:\/\/denizcankizil.tr\/\",\"name\":\"Av. Deniz Can K\u0131z\u0131l\",\"description\":\"Avukat Deniz Can K\u0131z\u0131l Antalya Barosu\",\"publisher\":{\"@id\":\"https:\/\/denizcankizil.tr\/#organization\"},\"potentialAction\":[{\"@type\":\"SearchAction\",\"target\":{\"@type\":\"EntryPoint\",\"urlTemplate\":\"https:\/\/denizcankizil.tr\/?s={search_term_string}\"},\"query-input\":{\"@type\":\"PropertyValueSpecification\",\"valueRequired\":true,\"valueName\":\"search_term_string\"}}],\"inLanguage\":\"ru-RU\"},{\"@type\":\"Organization\",\"@id\":\"https:\/\/denizcankizil.tr\/#organization\",\"name\":\"Av. Deniz Can K\u0131z\u0131l\",\"url\":\"https:\/\/denizcankizil.tr\/\",\"logo\":{\"@type\":\"ImageObject\",\"inLanguage\":\"ru-RU\",\"@id\":\"https:\/\/denizcankizil.tr\/#\/schema\/logo\/image\/\",\"url\":\"http:\/\/denizcankizil.tr\/wp-content\/uploads\/2024\/10\/siyah-logo-svg.svg\",\"contentUrl\":\"http:\/\/denizcankizil.tr\/wp-content\/uploads\/2024\/10\/siyah-logo-svg.svg\",\"width\":1080,\"height\":1080,\"caption\":\"Av. Deniz Can K\u0131z\u0131l\"},\"image\":{\"@id\":\"https:\/\/denizcankizil.tr\/#\/schema\/logo\/image\/\"}}]}<\/script>\n<!-- \/ Yoast SEO Premium plugin. -->","yoast_head_json":{"title":"Mu\u011fla B\u00fcy\u00fck\u015fehir ve Nice Belediyesi Kad\u0131na Y\u00f6nelik \u015eiddet i\u00e7in Bir Araya Geldi - Av. Deniz Can K\u0131z\u0131l","robots":{"index":"index","follow":"follow","max-snippet":"max-snippet:-1","max-image-preview":"max-image-preview:large","max-video-preview":"max-video-preview:-1"},"canonical":"http:\/\/denizcankizil.tr\/ru\/haberler\/gundem\/mugla-buyuksehir-ve-nice-belediyesi-kadina-yonelik-siddet-icin-bir-araya-geldi\/","og_locale":"ru_RU","og_type":"article","og_title":"Mu\u011fla B\u00fcy\u00fck\u015fehir ve Nice Belediyesi Kad\u0131na Y\u00f6nelik \u015eiddet i\u00e7in Bir Araya Geldi","og_description":"Mu\u011fla B\u00fcy\u00fck\u015fehir Belediyesi Nice Belediyesi ile toplumsal cinsiyet e\u015fitli\u011fi, ayr\u0131mc\u0131l\u0131k, kad\u0131na y\u00f6nelik \u015fiddet ba\u015fta olmak \u00fczere kad\u0131n politikalar\u0131na y\u00f6nelik \u00e7al\u0131\u015fmalarda i\u015fbirli\u011fi yapmak i\u00e7in ilk ziyareti ger\u00e7ekle\u015ftirdi.\u00a0 \u200bMu\u011fla B\u00fcy\u00fck\u015fehir Belediyesi Nice Belediyesi ile toplumsal cinsiyet e\u015fitli\u011fi, ayr\u0131mc\u0131l\u0131k, kad\u0131na y\u00f6nelik \u015fiddet ba\u015fta olmak \u00fczere kad\u0131n politikalar\u0131na y\u00f6nelik \u00e7al\u0131\u015fmalarda i\u015fbirli\u011fi yapmak i\u00e7in ilk ziyareti ger\u00e7ekle\u015ftirdi.\u00a0\u00a0 \u200bHaberin Al\u0131nt\u0131land\u0131\u011f\u0131 Kaynak: www.iskenderun.org","og_url":"http:\/\/denizcankizil.tr\/ru\/haberler\/gundem\/mugla-buyuksehir-ve-nice-belediyesi-kadina-yonelik-siddet-icin-bir-araya-geldi\/","og_site_name":"Av. Deniz Can K\u0131z\u0131l","article_published_time":"2024-12-03T14:41:55+00:00","twitter_card":"summary_large_image","twitter_misc":{"\u041f\u0440\u0438\u043c\u0435\u0440\u043d\u043e\u0435 \u0432\u0440\u0435\u043c\u044f \u0434\u043b\u044f \u0447\u0442\u0435\u043d\u0438\u044f":"1 \u043c\u0438\u043d\u0443\u0442\u0430"},"schema":{"@context":"https:\/\/schema.org","@graph":[{"@type":"Article","@id":"http:\/\/denizcankizil.tr\/ru\/haberler\/gundem\/mugla-buyuksehir-ve-nice-belediyesi-kadina-yonelik-siddet-icin-bir-araya-geldi\/#article","isPartOf":{"@id":"http:\/\/denizcankizil.tr\/ru\/haberler\/gundem\/mugla-buyuksehir-ve-nice-belediyesi-kadina-yonelik-siddet-icin-bir-araya-geldi\/"},"author":{"name":"","@id":""},"headline":"Mu\u011fla B\u00fcy\u00fck\u015fehir ve Nice Belediyesi Kad\u0131na Y\u00f6nelik \u015eiddet i\u00e7in Bir Araya Geldi","datePublished":"2024-12-03T14:41:55+00:00","mainEntityOfPage":{"@id":"http:\/\/denizcankizil.tr\/ru\/haberler\/gundem\/mugla-buyuksehir-ve-nice-belediyesi-kadina-yonelik-siddet-icin-bir-araya-geldi\/"},"wordCount":121,"commentCount":0,"publisher":{"@id":"https:\/\/denizcankizil.tr\/#organization"},"articleSection":["G\u00fcndem","Uncategorized"],"inLanguage":"ru-RU","potentialAction":[{"@type":"CommentAction","name":"Comment","target":["http:\/\/denizcankizil.tr\/ru\/haberler\/gundem\/mugla-buyuksehir-ve-nice-belediyesi-kadina-yonelik-siddet-icin-bir-araya-geldi\/#respond"]}]},{"@type":"WebPage","@id":"http:\/\/denizcankizil.tr\/ru\/haberler\/gundem\/mugla-buyuksehir-ve-nice-belediyesi-kadina-yonelik-siddet-icin-bir-araya-geldi\/","url":"http:\/\/denizcankizil.tr\/ru\/haberler\/gundem\/mugla-buyuksehir-ve-nice-belediyesi-kadina-yonelik-siddet-icin-bir-araya-geldi\/","name":"Mu\u011fla B\u00fcy\u00fck\u015fehir ve Nice Belediyesi Kad\u0131na Y\u00f6nelik \u015eiddet i\u00e7in Bir Araya Geldi - Av. Deniz Can K\u0131z\u0131l","isPartOf":{"@id":"https:\/\/denizcankizil.tr\/#website"},"datePublished":"2024-12-03T14:41:55+00:00","breadcrumb":{"@id":"http:\/\/denizcankizil.tr\/ru\/haberler\/gundem\/mugla-buyuksehir-ve-nice-belediyesi-kadina-yonelik-siddet-icin-bir-araya-geldi\/#breadcrumb"},"inLanguage":"ru-RU","potentialAction":[{"@type":"ReadAction","target":["http:\/\/denizcankizil.tr\/ru\/haberler\/gundem\/mugla-buyuksehir-ve-nice-belediyesi-kadina-yonelik-siddet-icin-bir-araya-geldi\/"]}]},{"@type":"BreadcrumbList","@id":"http:\/\/denizcankizil.tr\/ru\/haberler\/gundem\/mugla-buyuksehir-ve-nice-belediyesi-kadina-yonelik-siddet-icin-bir-araya-geldi\/#breadcrumb","itemListElement":[{"@type":"ListItem","position":1,"name":"Home","item":"https:\/\/denizcankizil.tr\/de\/"},{"@type":"ListItem","position":2,"name":"Mu\u011fla B\u00fcy\u00fck\u015fehir ve Nice Belediyesi Kad\u0131na Y\u00f6nelik \u015eiddet i\u00e7in Bir Araya Geldi"}]},{"@type":"WebSite","@id":"https:\/\/denizcankizil.tr\/#website","url":"https:\/\/denizcankizil.tr\/","name":"Av. Deniz Can K\u0131z\u0131l","description":"Avukat Deniz Can K\u0131z\u0131l Antalya Barosu","publisher":{"@id":"https:\/\/denizcankizil.tr\/#organization"},"potentialAction":[{"@type":"SearchAction","target":{"@type":"EntryPoint","urlTemplate":"https:\/\/denizcankizil.tr\/?s={search_term_string}"},"query-input":{"@type":"PropertyValueSpecification","valueRequired":true,"valueName":"search_term_string"}}],"inLanguage":"ru-RU"},{"@type":"Organization","@id":"https:\/\/denizcankizil.tr\/#organization","name":"Av. Deniz Can K\u0131z\u0131l","url":"https:\/\/denizcankizil.tr\/","logo":{"@type":"ImageObject","inLanguage":"ru-RU","@id":"https:\/\/denizcankizil.tr\/#\/schema\/logo\/image\/","url":"http:\/\/denizcankizil.tr\/wp-content\/uploads\/2024\/10\/siyah-logo-svg.svg","contentUrl":"http:\/\/denizcankizil.tr\/wp-content\/uploads\/2024\/10\/siyah-logo-svg.svg","width":1080,"height":1080,"caption":"Av. Deniz Can K\u0131z\u0131l"},"image":{"@id":"https:\/\/denizcankizil.tr\/#\/schema\/logo\/image\/"}}]}},"_links":{"self":[{"href":"http:\/\/denizcankizil.tr\/ru\/wp-json\/wp\/v2\/posts\/18964","targetHints":{"allow":["GET"]}}],"collection":[{"href":"http:\/\/denizcankizil.tr\/ru\/wp-json\/wp\/v2\/posts"}],"about":[{"href":"http:\/\/denizcankizil.tr\/ru\/wp-json\/wp\/v2\/types\/post"}],"replies":[{"embeddable":true,"href":"http:\/\/denizcankizil.tr\/ru\/wp-json\/wp\/v2\/comments?post=18964"}],"version-history":[{"count":0,"href":"http:\/\/denizcankizil.tr\/ru\/wp-json\/wp\/v2\/posts\/18964\/revisions"}],"wp:attachment":[{"href":"http:\/\/denizcankizil.tr\/ru\/wp-json\/wp\/v2\/media?parent=18964"}],"wp:term":[{"taxonomy":"category","embeddable":true,"href":"http:\/\/denizcankizil.tr\/ru\/wp-json\/wp\/v2\/categories?post=18964"},{"taxonomy":"post_tag","embeddable":true,"href":"http:\/\/denizcankizil.tr\/ru\/wp-json\/wp\/v2\/tags?post=18964"}],"curies":[{"name":"wp","href":"https:\/\/api.w.org\/{rel}","templated":true}]}}