{"id":18963,"date":"2024-12-03T17:41:55","date_gmt":"2024-12-03T14:41:55","guid":{"rendered":"https:\/\/denizcankizil.tr\/uncategorized-tr\/bizim-evin-13-kurulus-yil-donumune-anlamli-kutlama\/"},"modified":"2024-12-03T17:41:55","modified_gmt":"2024-12-03T14:41:55","slug":"bizim-evin-13-kurulus-yil-donumune-anlamli-kutlama","status":"publish","type":"post","link":"http:\/\/denizcankizil.tr\/ru\/haberler\/gundem\/bizim-evin-13-kurulus-yil-donumune-anlamli-kutlama\/","title":{"rendered":"Bizim Ev\u2019in 13. kurulu\u015f y\u0131l d\u00f6n\u00fcm\u00fcne anlaml\u0131 kutlama"},"content":{"rendered":"<p>Engelli bireylerin ve ailelerinin sosyal ya\u015famda daha fazla yer almalar\u0131 amac\u0131yla hizmet veren Nil\u00fcfer Belediyesi Bizim Ev Engelliler Sosyal Ya\u015fam Destek Merkezi, 13\u2019\u00fcnc\u00fc kurulu\u015f y\u0131l d\u00f6n\u00fcm\u00fcn\u00fc D\u00fcnya Engelliler G\u00fcn\u00fc\u2019nde kutlad\u0131. Engelli bireylerin kat\u0131l\u0131m\u0131yla d\u00fczenlenen gece anlaml\u0131 g\u00f6r\u00fcnt\u00fclere sahne oldu.\u00a0<\/p>\n<p>\u200bEngelli bireylerin ve ailelerinin sosyal ya\u015famda daha fazla yer almalar\u0131 amac\u0131yla hizmet veren Nil\u00fcfer Belediyesi Bizim Ev Engelliler Sosyal Ya\u015fam Destek Merkezi, 13\u2019\u00fcnc\u00fc kurulu\u015f y\u0131l d\u00f6n\u00fcm\u00fcn\u00fc D\u00fcnya Engelliler G\u00fcn\u00fc\u2019nde kutlad\u0131. Engelli bireylerin kat\u0131l\u0131m\u0131yla d\u00fczenlenen gece anlaml\u0131 g\u00f6r\u00fcnt\u00fclere sahne oldu.\u00a0\u00a0<\/p>\n<p>\u200bHaberin Al\u0131nt\u0131land\u0131\u011f\u0131 Kaynak: www.iskenderun.org<\/p>","protected":false},"excerpt":{"rendered":"<p>Engelli bireylerin ve ailelerinin sosyal ya\u015famda daha fazla yer almalar\u0131 amac\u0131yla hizmet veren Nil\u00fcfer Belediyesi Bizim Ev Engelliler Sosyal Ya\u015fam Destek Merkezi, 13\u2019\u00fcnc\u00fc kurulu\u015f y\u0131l d\u00f6n\u00fcm\u00fcn\u00fc D\u00fcnya Engelliler G\u00fcn\u00fc\u2019nde kutlad\u0131. Engelli bireylerin kat\u0131l\u0131m\u0131yla d\u00fczenlenen gece anlaml\u0131 g\u00f6r\u00fcnt\u00fclere sahne oldu.\u00a0 \u200bEngelli bireylerin ve ailelerinin sosyal ya\u015famda daha fazla yer almalar\u0131 amac\u0131yla hizmet veren Nil\u00fcfer Belediyesi Bizim Ev Engelliler Sosyal Ya\u015fam Destek Merkezi, 13\u2019\u00fcnc\u00fc kurulu\u015f y\u0131l d\u00f6n\u00fcm\u00fcn\u00fc D\u00fcnya Engelliler G\u00fcn\u00fc\u2019nde kutlad\u0131. Engelli bireylerin kat\u0131l\u0131m\u0131yla d\u00fczenlenen gece anlaml\u0131 g\u00f6r\u00fcnt\u00fclere sahne oldu.\u00a0\u00a0 \u200bHaberin Al\u0131nt\u0131land\u0131\u011f\u0131 Kaynak: www.iskenderun.org<\/p>","protected":false},"author":0,"featured_media":0,"comment_status":"open","ping_status":"open","sticky":false,"template":"","format":"standard","meta":{"_acf_changed":false,"footnotes":""},"categories":[24,535],"tags":[],"class_list":["post-18963","post","type-post","status-publish","format-standard","has-post-thumbnail","hentry","category-gundem","category-uncategorized-tr"],"acf":[],"yoast_head":"<!-- This site is optimized with the Yoast SEO Premium plugin v26.6 (Yoast SEO v27.1.1) - https:\/\/yoast.com\/product\/yoast-seo-premium-wordpress\/ -->\n<title>Bizim Ev\u2019in 13. kurulu\u015f y\u0131l d\u00f6n\u00fcm\u00fcne anlaml\u0131 kutlama - Av. Deniz Can K\u0131z\u0131l<\/title>\n<meta name=\"robots\" content=\"index, follow, max-snippet:-1, max-image-preview:large, max-video-preview:-1\" \/>\n<link rel=\"canonical\" href=\"http:\/\/denizcankizil.tr\/ru\/haberler\/gundem\/bizim-evin-13-kurulus-yil-donumune-anlamli-kutlama\/\" \/>\n<meta property=\"og:locale\" content=\"ru_RU\" \/>\n<meta property=\"og:type\" content=\"article\" \/>\n<meta property=\"og:title\" content=\"Bizim Ev\u2019in 13. kurulu\u015f y\u0131l d\u00f6n\u00fcm\u00fcne anlaml\u0131 kutlama\" \/>\n<meta property=\"og:description\" content=\"Engelli bireylerin ve ailelerinin sosyal ya\u015famda daha fazla yer almalar\u0131 amac\u0131yla hizmet veren Nil\u00fcfer Belediyesi Bizim Ev Engelliler Sosyal Ya\u015fam Destek Merkezi, 13\u2019\u00fcnc\u00fc kurulu\u015f y\u0131l d\u00f6n\u00fcm\u00fcn\u00fc D\u00fcnya Engelliler G\u00fcn\u00fc\u2019nde kutlad\u0131. Engelli bireylerin kat\u0131l\u0131m\u0131yla d\u00fczenlenen gece anlaml\u0131 g\u00f6r\u00fcnt\u00fclere sahne oldu.\u00a0 \u200bEngelli bireylerin ve ailelerinin sosyal ya\u015famda daha fazla yer almalar\u0131 amac\u0131yla hizmet veren Nil\u00fcfer Belediyesi Bizim Ev Engelliler Sosyal Ya\u015fam Destek Merkezi, 13\u2019\u00fcnc\u00fc kurulu\u015f y\u0131l d\u00f6n\u00fcm\u00fcn\u00fc D\u00fcnya Engelliler G\u00fcn\u00fc\u2019nde kutlad\u0131. Engelli bireylerin kat\u0131l\u0131m\u0131yla d\u00fczenlenen gece anlaml\u0131 g\u00f6r\u00fcnt\u00fclere sahne oldu.\u00a0\u00a0 \u200bHaberin Al\u0131nt\u0131land\u0131\u011f\u0131 Kaynak: www.iskenderun.org\" \/>\n<meta property=\"og:url\" content=\"http:\/\/denizcankizil.tr\/ru\/haberler\/gundem\/bizim-evin-13-kurulus-yil-donumune-anlamli-kutlama\/\" \/>\n<meta property=\"og:site_name\" content=\"Av. Deniz Can K\u0131z\u0131l\" \/>\n<meta property=\"article:published_time\" content=\"2024-12-03T14:41:55+00:00\" \/>\n<meta name=\"twitter:card\" content=\"summary_large_image\" \/>\n<meta name=\"twitter:label1\" content=\"\u041f\u0440\u0438\u043c\u0435\u0440\u043d\u043e\u0435 \u0432\u0440\u0435\u043c\u044f \u0434\u043b\u044f \u0447\u0442\u0435\u043d\u0438\u044f\" \/>\n\t<meta name=\"twitter:data1\" content=\"1 \u043c\u0438\u043d\u0443\u0442\u0430\" \/>\n<script type=\"application\/ld+json\" class=\"yoast-schema-graph\">{\"@context\":\"https:\/\/schema.org\",\"@graph\":[{\"@type\":\"Article\",\"@id\":\"http:\/\/denizcankizil.tr\/uk\/haberler\/gundem\/bizim-evin-13-kurulus-yil-donumune-anlamli-kutlama\/#article\",\"isPartOf\":{\"@id\":\"http:\/\/denizcankizil.tr\/uk\/haberler\/gundem\/bizim-evin-13-kurulus-yil-donumune-anlamli-kutlama\/\"},\"author\":{\"name\":\"\",\"@id\":\"\"},\"headline\":\"Bizim Ev\u2019in 13. kurulu\u015f y\u0131l d\u00f6n\u00fcm\u00fcne anlaml\u0131 kutlama\",\"datePublished\":\"2024-12-03T14:41:55+00:00\",\"mainEntityOfPage\":{\"@id\":\"http:\/\/denizcankizil.tr\/uk\/haberler\/gundem\/bizim-evin-13-kurulus-yil-donumune-anlamli-kutlama\/\"},\"wordCount\":134,\"commentCount\":0,\"publisher\":{\"@id\":\"https:\/\/denizcankizil.tr\/de\/#organization\"},\"articleSection\":[\"G\u00fcndem\",\"Uncategorized\"],\"inLanguage\":\"ru-RU\",\"potentialAction\":[{\"@type\":\"CommentAction\",\"name\":\"Comment\",\"target\":[\"http:\/\/denizcankizil.tr\/uk\/haberler\/gundem\/bizim-evin-13-kurulus-yil-donumune-anlamli-kutlama\/#respond\"]}]},{\"@type\":\"WebPage\",\"@id\":\"http:\/\/denizcankizil.tr\/uk\/haberler\/gundem\/bizim-evin-13-kurulus-yil-donumune-anlamli-kutlama\/\",\"url\":\"http:\/\/denizcankizil.tr\/uk\/haberler\/gundem\/bizim-evin-13-kurulus-yil-donumune-anlamli-kutlama\/\",\"name\":\"Bizim Ev\u2019in 13. kurulu\u015f y\u0131l d\u00f6n\u00fcm\u00fcne anlaml\u0131 kutlama - Av. Deniz Can K\u0131z\u0131l\",\"isPartOf\":{\"@id\":\"https:\/\/denizcankizil.tr\/de\/#website\"},\"datePublished\":\"2024-12-03T14:41:55+00:00\",\"breadcrumb\":{\"@id\":\"http:\/\/denizcankizil.tr\/uk\/haberler\/gundem\/bizim-evin-13-kurulus-yil-donumune-anlamli-kutlama\/#breadcrumb\"},\"inLanguage\":\"ru-RU\",\"potentialAction\":[{\"@type\":\"ReadAction\",\"target\":[\"http:\/\/denizcankizil.tr\/uk\/haberler\/gundem\/bizim-evin-13-kurulus-yil-donumune-anlamli-kutlama\/\"]}]},{\"@type\":\"BreadcrumbList\",\"@id\":\"http:\/\/denizcankizil.tr\/uk\/haberler\/gundem\/bizim-evin-13-kurulus-yil-donumune-anlamli-kutlama\/#breadcrumb\",\"itemListElement\":[{\"@type\":\"ListItem\",\"position\":1,\"name\":\"Home\",\"item\":\"https:\/\/denizcankizil.tr\/de\/\"},{\"@type\":\"ListItem\",\"position\":2,\"name\":\"Bizim Ev\u2019in 13. kurulu\u015f y\u0131l d\u00f6n\u00fcm\u00fcne anlaml\u0131 kutlama\"}]},{\"@type\":\"WebSite\",\"@id\":\"https:\/\/denizcankizil.tr\/de\/#website\",\"url\":\"https:\/\/denizcankizil.tr\/de\/\",\"name\":\"Av. Deniz Can K\u0131z\u0131l\",\"description\":\"Avukat Deniz Can K\u0131z\u0131l Antalya Barosu\",\"publisher\":{\"@id\":\"https:\/\/denizcankizil.tr\/de\/#organization\"},\"potentialAction\":[{\"@type\":\"SearchAction\",\"target\":{\"@type\":\"EntryPoint\",\"urlTemplate\":\"https:\/\/denizcankizil.tr\/de\/?s={search_term_string}\"},\"query-input\":{\"@type\":\"PropertyValueSpecification\",\"valueRequired\":true,\"valueName\":\"search_term_string\"}}],\"inLanguage\":\"ru-RU\"},{\"@type\":\"Organization\",\"@id\":\"https:\/\/denizcankizil.tr\/de\/#organization\",\"name\":\"Av. Deniz Can K\u0131z\u0131l\",\"url\":\"https:\/\/denizcankizil.tr\/de\/\",\"logo\":{\"@type\":\"ImageObject\",\"inLanguage\":\"ru-RU\",\"@id\":\"https:\/\/denizcankizil.tr\/de\/#\/schema\/logo\/image\/\",\"url\":\"http:\/\/denizcankizil.tr\/wp-content\/uploads\/2024\/10\/siyah-logo-svg.svg\",\"contentUrl\":\"http:\/\/denizcankizil.tr\/wp-content\/uploads\/2024\/10\/siyah-logo-svg.svg\",\"width\":1080,\"height\":1080,\"caption\":\"Av. Deniz Can K\u0131z\u0131l\"},\"image\":{\"@id\":\"https:\/\/denizcankizil.tr\/de\/#\/schema\/logo\/image\/\"}}]}<\/script>\n<!-- \/ Yoast SEO Premium plugin. -->","yoast_head_json":{"title":"Bizim Ev\u2019in 13. kurulu\u015f y\u0131l d\u00f6n\u00fcm\u00fcne anlaml\u0131 kutlama - Av. Deniz Can K\u0131z\u0131l","robots":{"index":"index","follow":"follow","max-snippet":"max-snippet:-1","max-image-preview":"max-image-preview:large","max-video-preview":"max-video-preview:-1"},"canonical":"http:\/\/denizcankizil.tr\/ru\/haberler\/gundem\/bizim-evin-13-kurulus-yil-donumune-anlamli-kutlama\/","og_locale":"ru_RU","og_type":"article","og_title":"Bizim Ev\u2019in 13. kurulu\u015f y\u0131l d\u00f6n\u00fcm\u00fcne anlaml\u0131 kutlama","og_description":"Engelli bireylerin ve ailelerinin sosyal ya\u015famda daha fazla yer almalar\u0131 amac\u0131yla hizmet veren Nil\u00fcfer Belediyesi Bizim Ev Engelliler Sosyal Ya\u015fam Destek Merkezi, 13\u2019\u00fcnc\u00fc kurulu\u015f y\u0131l d\u00f6n\u00fcm\u00fcn\u00fc D\u00fcnya Engelliler G\u00fcn\u00fc\u2019nde kutlad\u0131. Engelli bireylerin kat\u0131l\u0131m\u0131yla d\u00fczenlenen gece anlaml\u0131 g\u00f6r\u00fcnt\u00fclere sahne oldu.\u00a0 \u200bEngelli bireylerin ve ailelerinin sosyal ya\u015famda daha fazla yer almalar\u0131 amac\u0131yla hizmet veren Nil\u00fcfer Belediyesi Bizim Ev Engelliler Sosyal Ya\u015fam Destek Merkezi, 13\u2019\u00fcnc\u00fc kurulu\u015f y\u0131l d\u00f6n\u00fcm\u00fcn\u00fc D\u00fcnya Engelliler G\u00fcn\u00fc\u2019nde kutlad\u0131. Engelli bireylerin kat\u0131l\u0131m\u0131yla d\u00fczenlenen gece anlaml\u0131 g\u00f6r\u00fcnt\u00fclere sahne oldu.\u00a0\u00a0 \u200bHaberin Al\u0131nt\u0131land\u0131\u011f\u0131 Kaynak: www.iskenderun.org","og_url":"http:\/\/denizcankizil.tr\/ru\/haberler\/gundem\/bizim-evin-13-kurulus-yil-donumune-anlamli-kutlama\/","og_site_name":"Av. Deniz Can K\u0131z\u0131l","article_published_time":"2024-12-03T14:41:55+00:00","twitter_card":"summary_large_image","twitter_misc":{"\u041f\u0440\u0438\u043c\u0435\u0440\u043d\u043e\u0435 \u0432\u0440\u0435\u043c\u044f \u0434\u043b\u044f \u0447\u0442\u0435\u043d\u0438\u044f":"1 \u043c\u0438\u043d\u0443\u0442\u0430"},"schema":{"@context":"https:\/\/schema.org","@graph":[{"@type":"Article","@id":"http:\/\/denizcankizil.tr\/uk\/haberler\/gundem\/bizim-evin-13-kurulus-yil-donumune-anlamli-kutlama\/#article","isPartOf":{"@id":"http:\/\/denizcankizil.tr\/uk\/haberler\/gundem\/bizim-evin-13-kurulus-yil-donumune-anlamli-kutlama\/"},"author":{"name":"","@id":""},"headline":"Bizim Ev\u2019in 13. kurulu\u015f y\u0131l d\u00f6n\u00fcm\u00fcne anlaml\u0131 kutlama","datePublished":"2024-12-03T14:41:55+00:00","mainEntityOfPage":{"@id":"http:\/\/denizcankizil.tr\/uk\/haberler\/gundem\/bizim-evin-13-kurulus-yil-donumune-anlamli-kutlama\/"},"wordCount":134,"commentCount":0,"publisher":{"@id":"https:\/\/denizcankizil.tr\/de\/#organization"},"articleSection":["G\u00fcndem","Uncategorized"],"inLanguage":"ru-RU","potentialAction":[{"@type":"CommentAction","name":"Comment","target":["http:\/\/denizcankizil.tr\/uk\/haberler\/gundem\/bizim-evin-13-kurulus-yil-donumune-anlamli-kutlama\/#respond"]}]},{"@type":"WebPage","@id":"http:\/\/denizcankizil.tr\/uk\/haberler\/gundem\/bizim-evin-13-kurulus-yil-donumune-anlamli-kutlama\/","url":"http:\/\/denizcankizil.tr\/uk\/haberler\/gundem\/bizim-evin-13-kurulus-yil-donumune-anlamli-kutlama\/","name":"Bizim Ev\u2019in 13. kurulu\u015f y\u0131l d\u00f6n\u00fcm\u00fcne anlaml\u0131 kutlama - Av. Deniz Can K\u0131z\u0131l","isPartOf":{"@id":"https:\/\/denizcankizil.tr\/de\/#website"},"datePublished":"2024-12-03T14:41:55+00:00","breadcrumb":{"@id":"http:\/\/denizcankizil.tr\/uk\/haberler\/gundem\/bizim-evin-13-kurulus-yil-donumune-anlamli-kutlama\/#breadcrumb"},"inLanguage":"ru-RU","potentialAction":[{"@type":"ReadAction","target":["http:\/\/denizcankizil.tr\/uk\/haberler\/gundem\/bizim-evin-13-kurulus-yil-donumune-anlamli-kutlama\/"]}]},{"@type":"BreadcrumbList","@id":"http:\/\/denizcankizil.tr\/uk\/haberler\/gundem\/bizim-evin-13-kurulus-yil-donumune-anlamli-kutlama\/#breadcrumb","itemListElement":[{"@type":"ListItem","position":1,"name":"Home","item":"https:\/\/denizcankizil.tr\/de\/"},{"@type":"ListItem","position":2,"name":"Bizim Ev\u2019in 13. kurulu\u015f y\u0131l d\u00f6n\u00fcm\u00fcne anlaml\u0131 kutlama"}]},{"@type":"WebSite","@id":"https:\/\/denizcankizil.tr\/de\/#website","url":"https:\/\/denizcankizil.tr\/de\/","name":"Av. Deniz Can K\u0131z\u0131l","description":"Avukat Deniz Can K\u0131z\u0131l Antalya Barosu","publisher":{"@id":"https:\/\/denizcankizil.tr\/de\/#organization"},"potentialAction":[{"@type":"SearchAction","target":{"@type":"EntryPoint","urlTemplate":"https:\/\/denizcankizil.tr\/de\/?s={search_term_string}"},"query-input":{"@type":"PropertyValueSpecification","valueRequired":true,"valueName":"search_term_string"}}],"inLanguage":"ru-RU"},{"@type":"Organization","@id":"https:\/\/denizcankizil.tr\/de\/#organization","name":"Av. Deniz Can K\u0131z\u0131l","url":"https:\/\/denizcankizil.tr\/de\/","logo":{"@type":"ImageObject","inLanguage":"ru-RU","@id":"https:\/\/denizcankizil.tr\/de\/#\/schema\/logo\/image\/","url":"http:\/\/denizcankizil.tr\/wp-content\/uploads\/2024\/10\/siyah-logo-svg.svg","contentUrl":"http:\/\/denizcankizil.tr\/wp-content\/uploads\/2024\/10\/siyah-logo-svg.svg","width":1080,"height":1080,"caption":"Av. Deniz Can K\u0131z\u0131l"},"image":{"@id":"https:\/\/denizcankizil.tr\/de\/#\/schema\/logo\/image\/"}}]}},"_links":{"self":[{"href":"http:\/\/denizcankizil.tr\/ru\/wp-json\/wp\/v2\/posts\/18963","targetHints":{"allow":["GET"]}}],"collection":[{"href":"http:\/\/denizcankizil.tr\/ru\/wp-json\/wp\/v2\/posts"}],"about":[{"href":"http:\/\/denizcankizil.tr\/ru\/wp-json\/wp\/v2\/types\/post"}],"replies":[{"embeddable":true,"href":"http:\/\/denizcankizil.tr\/ru\/wp-json\/wp\/v2\/comments?post=18963"}],"version-history":[{"count":0,"href":"http:\/\/denizcankizil.tr\/ru\/wp-json\/wp\/v2\/posts\/18963\/revisions"}],"wp:attachment":[{"href":"http:\/\/denizcankizil.tr\/ru\/wp-json\/wp\/v2\/media?parent=18963"}],"wp:term":[{"taxonomy":"category","embeddable":true,"href":"http:\/\/denizcankizil.tr\/ru\/wp-json\/wp\/v2\/categories?post=18963"},{"taxonomy":"post_tag","embeddable":true,"href":"http:\/\/denizcankizil.tr\/ru\/wp-json\/wp\/v2\/tags?post=18963"}],"curies":[{"name":"wp","href":"https:\/\/api.w.org\/{rel}","templated":true}]}}