{"id":18766,"date":"2024-12-02T17:41:52","date_gmt":"2024-12-02T14:41:52","guid":{"rendered":"https:\/\/denizcankizil.tr\/uncategorized-tr\/alanyadaki-bozkurt-heykeli-neden-kaldirildi-baskan-ozcelik-sebebini-acikladi\/"},"modified":"2024-12-02T17:41:52","modified_gmt":"2024-12-02T14:41:52","slug":"alanyadaki-bozkurt-heykeli-neden-kaldirildi-baskan-ozcelik-sebebini-acikladi","status":"publish","type":"post","link":"http:\/\/denizcankizil.tr\/ru\/haberler\/gundem\/alanyadaki-bozkurt-heykeli-neden-kaldirildi-baskan-ozcelik-sebebini-acikladi\/","title":{"rendered":"Alanya\u2019daki bozkurt heykeli neden kald\u0131r\u0131ld\u0131? Ba\u015fkan \u00d6z\u00e7elik sebebini a\u00e7\u0131klad\u0131"},"content":{"rendered":"<p>Antalya\u2019n\u0131n Alanya il\u00e7esinin \u00f6nceki d\u00f6nem Belediye Ba\u015fkan\u0131 Adem Murat Y\u00fccel taraf\u0131ndan Cumhuriyetin 100.y\u0131l\u0131na \u00f6zel; 1936 y\u0131l\u0131nda Kahramanmara\u015f Kalesi\u2019ne Atat\u00fcrk\u2019\u00fcn talimat\u0131yla yapt\u0131r\u0131lan &#8220;Bayrak Tutan Bozkurt&#8221; heykelinin benzeri il\u00e7enin giri\u015fine yap\u0131ld\u0131. Yap\u0131lan bu heykel ise ge\u00e7ti\u011fimiz g\u00fcnlerde CHP Alanya Belediye Ba\u015fkan\u0131 Osman Tar\u0131k \u00d6z\u00e7elik taraf\u0131ndan al\u0131nan bir karar ile kald\u0131r\u0131ld\u0131.\u00a0<\/p>\n<p>HEYKEL\u0130N KALDIRILMASINA SERT TEPK\u0130LER GELD\u0130\u00a0<\/p>\n<p>Al\u0131nan bu karar\u0131n ard\u0131ndan \u00f6zellikle MHP taban\u0131ndan sert tepkiler geldi. Gelen tepkilerin ard\u0131ndan Ba\u015fkan \u00d6z\u00e7elik heykelin kald\u0131r\u0131lmas\u0131yla alakal\u0131 a\u00e7\u0131klamalarda bulundu. \u00d6z\u00e7elik heykelinin kald\u0131r\u0131lmas\u0131n\u0131n nedenin toplumunu birle\u015ftirmek yerine ayr\u0131\u015ft\u0131rd\u0131\u011f\u0131n\u0131 ve heykelin amac\u0131ndan uzak mesajlar verdi\u011fi i\u00e7in kald\u0131r\u0131ld\u0131\u011f\u0131n\u0131 ifade etti.<\/p>\n<p>BA\u015eKAN \u00d6Z\u00c7EL\u0130K HEYKELLE ALAKALI A\u00c7IKLAMALARDA BULUNDU\u00a0<\/p>\n<p>\u00d6z\u00e7elik, her y\u0131l milyonlarca insan\u0131n a\u011f\u0131rlad\u0131klar\u0131n\u0131 belirterek, heykelin \u015fehrin birle\u015ftirici ruhuna zarar verdi\u011fini, \u201cAlanya\u2019m\u0131z, her y\u0131l milyonlarca yerli ve yabanc\u0131 misafiri a\u011f\u0131rlayan, d\u00fcnyan\u0131n ve \u00fclkemizin d\u00f6rt bir yan\u0131ndan gelen insanlar\u0131n huzur ve ho\u015fg\u00f6r\u00fc i\u00e7inde bir arada ya\u015fad\u0131\u011f\u0131 bir d\u00fcnya kentidir. Alanya\u2019n\u0131n bu \u00e7ok k\u00fclt\u00fcrl\u00fc, birle\u015ftirici kimli\u011fi, y\u00f6netimimizin en \u00f6nemli de\u011feridir ve ald\u0131\u011f\u0131m\u0131z t\u00fcm kararlarda bu ruhu rehber edinmekteyiz. Son g\u00fcnlerde, Alanya\u2019n\u0131n giri\u015finde bulunan Bayrak Tutan Bozkurt heykelinin kald\u0131r\u0131lmas\u0131 y\u00f6n\u00fcndeki karar\u0131m\u0131z\u0131n ele\u015ftirildi\u011fine ve bu karar\u0131n Gazi Mustafa Kemal Atat\u00fcrk\u2019\u00fcn miras\u0131 ve Kahramanmara\u015f Kalesi\u2019ndeki tarih\u00ee Bayrak Tutan Bozkurt heykeliyle ili\u015fkilendirilerek tart\u0131\u015f\u0131lmaya \u00e7al\u0131\u015f\u0131ld\u0131\u011f\u0131na tan\u0131k olduk. Bu ele\u015ftirilerin tarihi ba\u011flamdan ve Alanya\u2019daki heykelin amac\u0131 ve alg\u0131s\u0131ndan uzak oldu\u011funu belirtmek isteriz\u201d dedi.\u00a0<\/p>\n<p>EVRENSEL K\u0130ML\u0130\u011e\u0130NE UYGUN OLMADI\u011eI \u0130\u00c7\u0130N KALDIRILMI\u015eTIR<\/p>\n<p>Heykelin kald\u0131r\u0131lmas\u0131 karar\u0131n\u0131n Atat\u00fcrk\u2019\u00fcn miras\u0131na zarar verecek bir nitelik ta\u015f\u0131mad\u0131\u011f\u0131n\u0131n alt\u0131n\u0131 \u00e7izen \u00d6z\u00e7elik, \u201cHeykelin mevcut konumu, Alanya\u2019n\u0131n \u00e7ok k\u00fclt\u00fcrl\u00fc, birle\u015ftirici ve ho\u015fg\u00f6r\u00fcl\u00fc yap\u0131s\u0131yla \u00f6rt\u00fc\u015fmemekte; aksine, toplumsal kutupla\u015fmaya zemin haz\u0131rlayan bir unsur olarak de\u011ferlendirilmektedir. \u00d6zellikle \u015fehrimizin giri\u015fine konumland\u0131r\u0131lacak sembollerin, t\u00fcm Alanya halk\u0131n\u0131 kucaklayan ve birle\u015ftirici kimli\u011fi yans\u0131tan unsurlar olmas\u0131 gerekti\u011fine inan\u0131yoruz. Heykelin kald\u0131r\u0131lmas\u0131 karar\u0131m\u0131z, Gazi Mustafa Kemal Atat\u00fcrk\u2019\u00fcn miras\u0131na ya da T\u00fcrk milletinin de\u011ferlerine bir kar\u015f\u0131tl\u0131\u011f\u0131 temsil etmemektedir. Atat\u00fcrk\u2019\u00fcn Cumhuriyetimizin temelini olu\u015fturan birle\u015ftirici ilkeleri, bizim de her zaman rehberimizdir. Ancak Alanya\u2019daki heykel, belirli siyasi \u00e7a\u011fr\u0131\u015f\u0131mlarla \u00f6zde\u015fle\u015fmi\u015f bir fig\u00fcr olarak alg\u0131lanm\u0131\u015f ve \u015fehrimizin evrensel ve kapsay\u0131c\u0131 kimli\u011fine uygun olmad\u0131\u011f\u0131 i\u00e7in kald\u0131r\u0131lm\u0131\u015ft\u0131r\u201d diye konu\u015ftu.\u00a0<\/p>\n<p>B\u0130RLE\u015eT\u0130R\u0130C\u0130 RUHU KORUMAK HEP\u0130M\u0130Z\u0130N SORUMLULU\u011eUDUR<\/p>\n<p>CHP&#8217;li \u00d6z\u00e7elik son olarak &#8220;Amac\u0131m\u0131z, Alanya\u2019n\u0131n birle\u015ftirici kimli\u011fini ve \u00e7ok k\u00fclt\u00fcrl\u00fc yap\u0131s\u0131n\u0131 gelece\u011fe ta\u015f\u0131makt\u0131r. Ge\u00e7mi\u015fte, kamuoyuna dan\u0131\u015f\u0131lmadan al\u0131nan kararlar\u0131n yaratt\u0131\u011f\u0131 ayr\u0131\u015fmalar\u0131 gidermek ve toplumsal bar\u0131\u015f\u0131 peki\u015ftirmek \u00f6nceli\u011fimizdir. \u015eehrimizin giri\u015fine yerle\u015ftirilecek her sembol, t\u00fcm Alanya halk\u0131n\u0131 ve \u015fehrimizin birle\u015ftirici kimli\u011fini yans\u0131tmas\u0131 gerekti\u011fine inanmaktay\u0131z. Halk\u0131m\u0131z\u0131n sa\u011fduyusuna ve ortak de\u011ferlerimize olan ba\u011fl\u0131l\u0131\u011f\u0131na g\u00fcveniyoruz. Bu s\u00fcre\u00e7te bizleri anlayan ve destekleyen t\u00fcm Alanya halk\u0131na te\u015fekk\u00fcr ediyoruz. Alanya\u2019n\u0131n huzurunu, ho\u015fg\u00f6r\u00fcs\u00fcn\u00fc ve birle\u015ftirici ruhunu korumak hepimizin ortak sorumlulu\u011fudur&#8221; ifadelerini kulland\u0131.\u00a0<br \/>\n\u00a0<\/p>\n<p>\u200bAntalya\u2019n\u0131n Alanya il\u00e7esinin giri\u015finde bulunan bozkurt heykeli belediye taraf\u0131ndan kald\u0131r\u0131ld\u0131. Alanya Belediye Ba\u015fkan\u0131 Osman Tar\u0131k \u00d6z\u00e7elik heykelin kald\u0131r\u0131lmas\u0131yla ilgili, \u201cBelirli siyasi \u00e7a\u011fr\u0131\u015f\u0131mlarla \u00f6zde\u015fle\u015fmi\u015f bir fig\u00fcr olarak alg\u0131lanm\u0131\u015f ve \u015fehrimizin evrensel ve kapsay\u0131c\u0131 kimli\u011fine uygun olmad\u0131\u011f\u0131 i\u00e7in kald\u0131r\u0131lm\u0131\u015ft\u0131r\u201d a\u00e7\u0131klamas\u0131nda bulundu\u00a0<\/p>\n<p>\u200bHaberin Al\u0131nt\u0131land\u0131\u011f\u0131 Kaynak: www.antalyakorfez.com<\/p>","protected":false},"excerpt":{"rendered":"<p>Antalya\u2019n\u0131n Alanya il\u00e7esinin \u00f6nceki d\u00f6nem Belediye Ba\u015fkan\u0131 Adem Murat Y\u00fccel taraf\u0131ndan Cumhuriyetin 100.y\u0131l\u0131na \u00f6zel; 1936 y\u0131l\u0131nda Kahramanmara\u015f Kalesi\u2019ne Atat\u00fcrk\u2019\u00fcn talimat\u0131yla yapt\u0131r\u0131lan &#8220;Bayrak Tutan Bozkurt&#8221; heykelinin benzeri il\u00e7enin giri\u015fine yap\u0131ld\u0131. Yap\u0131lan bu heykel ise ge\u00e7ti\u011fimiz g\u00fcnlerde CHP Alanya Belediye Ba\u015fkan\u0131 Osman Tar\u0131k \u00d6z\u00e7elik taraf\u0131ndan al\u0131nan bir karar ile kald\u0131r\u0131ld\u0131.\u00a0 HEYKEL\u0130N KALDIRILMASINA SERT TEPK\u0130LER GELD\u0130\u00a0 Al\u0131nan bu karar\u0131n ard\u0131ndan \u00f6zellikle MHP taban\u0131ndan sert tepkiler geldi. Gelen tepkilerin ard\u0131ndan Ba\u015fkan \u00d6z\u00e7elik heykelin kald\u0131r\u0131lmas\u0131yla alakal\u0131 a\u00e7\u0131klamalarda bulundu. \u00d6z\u00e7elik heykelinin kald\u0131r\u0131lmas\u0131n\u0131n nedenin toplumunu birle\u015ftirmek yerine ayr\u0131\u015ft\u0131rd\u0131\u011f\u0131n\u0131 ve heykelin amac\u0131ndan uzak mesajlar verdi\u011fi i\u00e7in kald\u0131r\u0131ld\u0131\u011f\u0131n\u0131 ifade etti. BA\u015eKAN \u00d6Z\u00c7EL\u0130K HEYKELLE ALAKALI A\u00c7IKLAMALARDA BULUNDU\u00a0 \u00d6z\u00e7elik, her y\u0131l milyonlarca insan\u0131n a\u011f\u0131rlad\u0131klar\u0131n\u0131 belirterek, heykelin \u015fehrin birle\u015ftirici ruhuna zarar verdi\u011fini, \u201cAlanya\u2019m\u0131z, her y\u0131l milyonlarca yerli ve yabanc\u0131 misafiri a\u011f\u0131rlayan, d\u00fcnyan\u0131n ve \u00fclkemizin d\u00f6rt bir yan\u0131ndan gelen insanlar\u0131n huzur ve ho\u015fg\u00f6r\u00fc i\u00e7inde bir arada ya\u015fad\u0131\u011f\u0131 bir d\u00fcnya kentidir. Alanya\u2019n\u0131n bu \u00e7ok k\u00fclt\u00fcrl\u00fc, birle\u015ftirici kimli\u011fi, y\u00f6netimimizin en \u00f6nemli de\u011feridir ve ald\u0131\u011f\u0131m\u0131z t\u00fcm kararlarda bu ruhu rehber edinmekteyiz. Son g\u00fcnlerde, Alanya\u2019n\u0131n giri\u015finde bulunan Bayrak Tutan Bozkurt heykelinin kald\u0131r\u0131lmas\u0131 y\u00f6n\u00fcndeki karar\u0131m\u0131z\u0131n ele\u015ftirildi\u011fine ve bu karar\u0131n Gazi Mustafa Kemal Atat\u00fcrk\u2019\u00fcn miras\u0131 ve Kahramanmara\u015f Kalesi\u2019ndeki tarih\u00ee Bayrak Tutan Bozkurt heykeliyle ili\u015fkilendirilerek tart\u0131\u015f\u0131lmaya \u00e7al\u0131\u015f\u0131ld\u0131\u011f\u0131na tan\u0131k olduk. Bu ele\u015ftirilerin tarihi ba\u011flamdan ve Alanya\u2019daki heykelin amac\u0131 ve alg\u0131s\u0131ndan uzak &hellip;<\/p>","protected":false},"author":0,"featured_media":0,"comment_status":"open","ping_status":"open","sticky":false,"template":"","format":"standard","meta":{"_acf_changed":false,"footnotes":""},"categories":[24,535],"tags":[],"class_list":["post-18766","post","type-post","status-publish","format-standard","has-post-thumbnail","hentry","category-gundem","category-uncategorized-tr"],"acf":[],"yoast_head":"<!-- This site is optimized with the Yoast SEO Premium plugin v26.6 (Yoast SEO v27.1.1) - https:\/\/yoast.com\/product\/yoast-seo-premium-wordpress\/ -->\n<title>Alanya\u2019daki bozkurt heykeli neden kald\u0131r\u0131ld\u0131? Ba\u015fkan \u00d6z\u00e7elik sebebini a\u00e7\u0131klad\u0131 - Av. Deniz Can K\u0131z\u0131l<\/title>\n<meta name=\"robots\" content=\"index, follow, max-snippet:-1, max-image-preview:large, max-video-preview:-1\" \/>\n<link rel=\"canonical\" href=\"http:\/\/denizcankizil.tr\/ru\/haberler\/gundem\/alanyadaki-bozkurt-heykeli-neden-kaldirildi-baskan-ozcelik-sebebini-acikladi\/\" \/>\n<meta property=\"og:locale\" content=\"ru_RU\" \/>\n<meta property=\"og:type\" content=\"article\" \/>\n<meta property=\"og:title\" content=\"Alanya\u2019daki bozkurt heykeli neden kald\u0131r\u0131ld\u0131? Ba\u015fkan \u00d6z\u00e7elik sebebini a\u00e7\u0131klad\u0131\" \/>\n<meta property=\"og:description\" content=\"Antalya\u2019n\u0131n Alanya il\u00e7esinin \u00f6nceki d\u00f6nem Belediye Ba\u015fkan\u0131 Adem Murat Y\u00fccel taraf\u0131ndan Cumhuriyetin 100.y\u0131l\u0131na \u00f6zel; 1936 y\u0131l\u0131nda Kahramanmara\u015f Kalesi\u2019ne Atat\u00fcrk\u2019\u00fcn talimat\u0131yla yapt\u0131r\u0131lan &#8220;Bayrak Tutan Bozkurt&#8221; heykelinin benzeri il\u00e7enin giri\u015fine yap\u0131ld\u0131. Yap\u0131lan bu heykel ise ge\u00e7ti\u011fimiz g\u00fcnlerde CHP Alanya Belediye Ba\u015fkan\u0131 Osman Tar\u0131k \u00d6z\u00e7elik taraf\u0131ndan al\u0131nan bir karar ile kald\u0131r\u0131ld\u0131.\u00a0 HEYKEL\u0130N KALDIRILMASINA SERT TEPK\u0130LER GELD\u0130\u00a0 Al\u0131nan bu karar\u0131n ard\u0131ndan \u00f6zellikle MHP taban\u0131ndan sert tepkiler geldi. Gelen tepkilerin ard\u0131ndan Ba\u015fkan \u00d6z\u00e7elik heykelin kald\u0131r\u0131lmas\u0131yla alakal\u0131 a\u00e7\u0131klamalarda bulundu. \u00d6z\u00e7elik heykelinin kald\u0131r\u0131lmas\u0131n\u0131n nedenin toplumunu birle\u015ftirmek yerine ayr\u0131\u015ft\u0131rd\u0131\u011f\u0131n\u0131 ve heykelin amac\u0131ndan uzak mesajlar verdi\u011fi i\u00e7in kald\u0131r\u0131ld\u0131\u011f\u0131n\u0131 ifade etti. BA\u015eKAN \u00d6Z\u00c7EL\u0130K HEYKELLE ALAKALI A\u00c7IKLAMALARDA BULUNDU\u00a0 \u00d6z\u00e7elik, her y\u0131l milyonlarca insan\u0131n a\u011f\u0131rlad\u0131klar\u0131n\u0131 belirterek, heykelin \u015fehrin birle\u015ftirici ruhuna zarar verdi\u011fini, \u201cAlanya\u2019m\u0131z, her y\u0131l milyonlarca yerli ve yabanc\u0131 misafiri a\u011f\u0131rlayan, d\u00fcnyan\u0131n ve \u00fclkemizin d\u00f6rt bir yan\u0131ndan gelen insanlar\u0131n huzur ve ho\u015fg\u00f6r\u00fc i\u00e7inde bir arada ya\u015fad\u0131\u011f\u0131 bir d\u00fcnya kentidir. Alanya\u2019n\u0131n bu \u00e7ok k\u00fclt\u00fcrl\u00fc, birle\u015ftirici kimli\u011fi, y\u00f6netimimizin en \u00f6nemli de\u011feridir ve ald\u0131\u011f\u0131m\u0131z t\u00fcm kararlarda bu ruhu rehber edinmekteyiz. Son g\u00fcnlerde, Alanya\u2019n\u0131n giri\u015finde bulunan Bayrak Tutan Bozkurt heykelinin kald\u0131r\u0131lmas\u0131 y\u00f6n\u00fcndeki karar\u0131m\u0131z\u0131n ele\u015ftirildi\u011fine ve bu karar\u0131n Gazi Mustafa Kemal Atat\u00fcrk\u2019\u00fcn miras\u0131 ve Kahramanmara\u015f Kalesi\u2019ndeki tarih\u00ee Bayrak Tutan Bozkurt heykeliyle ili\u015fkilendirilerek tart\u0131\u015f\u0131lmaya \u00e7al\u0131\u015f\u0131ld\u0131\u011f\u0131na tan\u0131k olduk. Bu ele\u015ftirilerin tarihi ba\u011flamdan ve Alanya\u2019daki heykelin amac\u0131 ve alg\u0131s\u0131ndan uzak &hellip;\" \/>\n<meta property=\"og:url\" content=\"http:\/\/denizcankizil.tr\/ru\/haberler\/gundem\/alanyadaki-bozkurt-heykeli-neden-kaldirildi-baskan-ozcelik-sebebini-acikladi\/\" \/>\n<meta property=\"og:site_name\" content=\"Av. Deniz Can K\u0131z\u0131l\" \/>\n<meta property=\"article:published_time\" content=\"2024-12-02T14:41:52+00:00\" \/>\n<meta name=\"twitter:card\" content=\"summary_large_image\" \/>\n<meta name=\"twitter:label1\" content=\"\u041f\u0440\u0438\u043c\u0435\u0440\u043d\u043e\u0435 \u0432\u0440\u0435\u043c\u044f \u0434\u043b\u044f \u0447\u0442\u0435\u043d\u0438\u044f\" \/>\n\t<meta name=\"twitter:data1\" content=\"4 \u043c\u0438\u043d\u0443\u0442\u044b\" \/>\n<script type=\"application\/ld+json\" class=\"yoast-schema-graph\">{\"@context\":\"https:\/\/schema.org\",\"@graph\":[{\"@type\":\"Article\",\"@id\":\"http:\/\/denizcankizil.tr\/ru\/haberler\/gundem\/alanyadaki-bozkurt-heykeli-neden-kaldirildi-baskan-ozcelik-sebebini-acikladi\/#article\",\"isPartOf\":{\"@id\":\"http:\/\/denizcankizil.tr\/ru\/haberler\/gundem\/alanyadaki-bozkurt-heykeli-neden-kaldirildi-baskan-ozcelik-sebebini-acikladi\/\"},\"author\":{\"name\":\"\",\"@id\":\"\"},\"headline\":\"Alanya\u2019daki bozkurt heykeli neden kald\u0131r\u0131ld\u0131? Ba\u015fkan \u00d6z\u00e7elik sebebini a\u00e7\u0131klad\u0131\",\"datePublished\":\"2024-12-02T14:41:52+00:00\",\"mainEntityOfPage\":{\"@id\":\"http:\/\/denizcankizil.tr\/ru\/haberler\/gundem\/alanyadaki-bozkurt-heykeli-neden-kaldirildi-baskan-ozcelik-sebebini-acikladi\/\"},\"wordCount\":734,\"commentCount\":0,\"publisher\":{\"@id\":\"https:\/\/denizcankizil.tr\/de\/#organization\"},\"articleSection\":[\"G\u00fcndem\",\"Uncategorized\"],\"inLanguage\":\"ru-RU\",\"potentialAction\":[{\"@type\":\"CommentAction\",\"name\":\"Comment\",\"target\":[\"http:\/\/denizcankizil.tr\/ru\/haberler\/gundem\/alanyadaki-bozkurt-heykeli-neden-kaldirildi-baskan-ozcelik-sebebini-acikladi\/#respond\"]}]},{\"@type\":\"WebPage\",\"@id\":\"http:\/\/denizcankizil.tr\/ru\/haberler\/gundem\/alanyadaki-bozkurt-heykeli-neden-kaldirildi-baskan-ozcelik-sebebini-acikladi\/\",\"url\":\"http:\/\/denizcankizil.tr\/ru\/haberler\/gundem\/alanyadaki-bozkurt-heykeli-neden-kaldirildi-baskan-ozcelik-sebebini-acikladi\/\",\"name\":\"Alanya\u2019daki bozkurt heykeli neden kald\u0131r\u0131ld\u0131? Ba\u015fkan \u00d6z\u00e7elik sebebini a\u00e7\u0131klad\u0131 - Av. Deniz Can K\u0131z\u0131l\",\"isPartOf\":{\"@id\":\"https:\/\/denizcankizil.tr\/de\/#website\"},\"datePublished\":\"2024-12-02T14:41:52+00:00\",\"breadcrumb\":{\"@id\":\"http:\/\/denizcankizil.tr\/ru\/haberler\/gundem\/alanyadaki-bozkurt-heykeli-neden-kaldirildi-baskan-ozcelik-sebebini-acikladi\/#breadcrumb\"},\"inLanguage\":\"ru-RU\",\"potentialAction\":[{\"@type\":\"ReadAction\",\"target\":[\"http:\/\/denizcankizil.tr\/ru\/haberler\/gundem\/alanyadaki-bozkurt-heykeli-neden-kaldirildi-baskan-ozcelik-sebebini-acikladi\/\"]}]},{\"@type\":\"BreadcrumbList\",\"@id\":\"http:\/\/denizcankizil.tr\/ru\/haberler\/gundem\/alanyadaki-bozkurt-heykeli-neden-kaldirildi-baskan-ozcelik-sebebini-acikladi\/#breadcrumb\",\"itemListElement\":[{\"@type\":\"ListItem\",\"position\":1,\"name\":\"Home\",\"item\":\"https:\/\/denizcankizil.tr\/de\/\"},{\"@type\":\"ListItem\",\"position\":2,\"name\":\"Alanya\u2019daki bozkurt heykeli neden kald\u0131r\u0131ld\u0131? Ba\u015fkan \u00d6z\u00e7elik sebebini a\u00e7\u0131klad\u0131\"}]},{\"@type\":\"WebSite\",\"@id\":\"https:\/\/denizcankizil.tr\/de\/#website\",\"url\":\"https:\/\/denizcankizil.tr\/de\/\",\"name\":\"Av. Deniz Can K\u0131z\u0131l\",\"description\":\"Avukat Deniz Can K\u0131z\u0131l Antalya Barosu\",\"publisher\":{\"@id\":\"https:\/\/denizcankizil.tr\/de\/#organization\"},\"potentialAction\":[{\"@type\":\"SearchAction\",\"target\":{\"@type\":\"EntryPoint\",\"urlTemplate\":\"https:\/\/denizcankizil.tr\/de\/?s={search_term_string}\"},\"query-input\":{\"@type\":\"PropertyValueSpecification\",\"valueRequired\":true,\"valueName\":\"search_term_string\"}}],\"inLanguage\":\"ru-RU\"},{\"@type\":\"Organization\",\"@id\":\"https:\/\/denizcankizil.tr\/de\/#organization\",\"name\":\"Av. Deniz Can K\u0131z\u0131l\",\"url\":\"https:\/\/denizcankizil.tr\/de\/\",\"logo\":{\"@type\":\"ImageObject\",\"inLanguage\":\"ru-RU\",\"@id\":\"https:\/\/denizcankizil.tr\/de\/#\/schema\/logo\/image\/\",\"url\":\"http:\/\/denizcankizil.tr\/wp-content\/uploads\/2024\/10\/siyah-logo-svg.svg\",\"contentUrl\":\"http:\/\/denizcankizil.tr\/wp-content\/uploads\/2024\/10\/siyah-logo-svg.svg\",\"width\":1080,\"height\":1080,\"caption\":\"Av. Deniz Can K\u0131z\u0131l\"},\"image\":{\"@id\":\"https:\/\/denizcankizil.tr\/de\/#\/schema\/logo\/image\/\"}}]}<\/script>\n<!-- \/ Yoast SEO Premium plugin. -->","yoast_head_json":{"title":"Alanya\u2019daki bozkurt heykeli neden kald\u0131r\u0131ld\u0131? Ba\u015fkan \u00d6z\u00e7elik sebebini a\u00e7\u0131klad\u0131 - Av. Deniz Can K\u0131z\u0131l","robots":{"index":"index","follow":"follow","max-snippet":"max-snippet:-1","max-image-preview":"max-image-preview:large","max-video-preview":"max-video-preview:-1"},"canonical":"http:\/\/denizcankizil.tr\/ru\/haberler\/gundem\/alanyadaki-bozkurt-heykeli-neden-kaldirildi-baskan-ozcelik-sebebini-acikladi\/","og_locale":"ru_RU","og_type":"article","og_title":"Alanya\u2019daki bozkurt heykeli neden kald\u0131r\u0131ld\u0131? Ba\u015fkan \u00d6z\u00e7elik sebebini a\u00e7\u0131klad\u0131","og_description":"Antalya\u2019n\u0131n Alanya il\u00e7esinin \u00f6nceki d\u00f6nem Belediye Ba\u015fkan\u0131 Adem Murat Y\u00fccel taraf\u0131ndan Cumhuriyetin 100.y\u0131l\u0131na \u00f6zel; 1936 y\u0131l\u0131nda Kahramanmara\u015f Kalesi\u2019ne Atat\u00fcrk\u2019\u00fcn talimat\u0131yla yapt\u0131r\u0131lan &#8220;Bayrak Tutan Bozkurt&#8221; heykelinin benzeri il\u00e7enin giri\u015fine yap\u0131ld\u0131. Yap\u0131lan bu heykel ise ge\u00e7ti\u011fimiz g\u00fcnlerde CHP Alanya Belediye Ba\u015fkan\u0131 Osman Tar\u0131k \u00d6z\u00e7elik taraf\u0131ndan al\u0131nan bir karar ile kald\u0131r\u0131ld\u0131.\u00a0 HEYKEL\u0130N KALDIRILMASINA SERT TEPK\u0130LER GELD\u0130\u00a0 Al\u0131nan bu karar\u0131n ard\u0131ndan \u00f6zellikle MHP taban\u0131ndan sert tepkiler geldi. Gelen tepkilerin ard\u0131ndan Ba\u015fkan \u00d6z\u00e7elik heykelin kald\u0131r\u0131lmas\u0131yla alakal\u0131 a\u00e7\u0131klamalarda bulundu. \u00d6z\u00e7elik heykelinin kald\u0131r\u0131lmas\u0131n\u0131n nedenin toplumunu birle\u015ftirmek yerine ayr\u0131\u015ft\u0131rd\u0131\u011f\u0131n\u0131 ve heykelin amac\u0131ndan uzak mesajlar verdi\u011fi i\u00e7in kald\u0131r\u0131ld\u0131\u011f\u0131n\u0131 ifade etti. BA\u015eKAN \u00d6Z\u00c7EL\u0130K HEYKELLE ALAKALI A\u00c7IKLAMALARDA BULUNDU\u00a0 \u00d6z\u00e7elik, her y\u0131l milyonlarca insan\u0131n a\u011f\u0131rlad\u0131klar\u0131n\u0131 belirterek, heykelin \u015fehrin birle\u015ftirici ruhuna zarar verdi\u011fini, \u201cAlanya\u2019m\u0131z, her y\u0131l milyonlarca yerli ve yabanc\u0131 misafiri a\u011f\u0131rlayan, d\u00fcnyan\u0131n ve \u00fclkemizin d\u00f6rt bir yan\u0131ndan gelen insanlar\u0131n huzur ve ho\u015fg\u00f6r\u00fc i\u00e7inde bir arada ya\u015fad\u0131\u011f\u0131 bir d\u00fcnya kentidir. Alanya\u2019n\u0131n bu \u00e7ok k\u00fclt\u00fcrl\u00fc, birle\u015ftirici kimli\u011fi, y\u00f6netimimizin en \u00f6nemli de\u011feridir ve ald\u0131\u011f\u0131m\u0131z t\u00fcm kararlarda bu ruhu rehber edinmekteyiz. Son g\u00fcnlerde, Alanya\u2019n\u0131n giri\u015finde bulunan Bayrak Tutan Bozkurt heykelinin kald\u0131r\u0131lmas\u0131 y\u00f6n\u00fcndeki karar\u0131m\u0131z\u0131n ele\u015ftirildi\u011fine ve bu karar\u0131n Gazi Mustafa Kemal Atat\u00fcrk\u2019\u00fcn miras\u0131 ve Kahramanmara\u015f Kalesi\u2019ndeki tarih\u00ee Bayrak Tutan Bozkurt heykeliyle ili\u015fkilendirilerek tart\u0131\u015f\u0131lmaya \u00e7al\u0131\u015f\u0131ld\u0131\u011f\u0131na tan\u0131k olduk. Bu ele\u015ftirilerin tarihi ba\u011flamdan ve Alanya\u2019daki heykelin amac\u0131 ve alg\u0131s\u0131ndan uzak &hellip;","og_url":"http:\/\/denizcankizil.tr\/ru\/haberler\/gundem\/alanyadaki-bozkurt-heykeli-neden-kaldirildi-baskan-ozcelik-sebebini-acikladi\/","og_site_name":"Av. Deniz Can K\u0131z\u0131l","article_published_time":"2024-12-02T14:41:52+00:00","twitter_card":"summary_large_image","twitter_misc":{"\u041f\u0440\u0438\u043c\u0435\u0440\u043d\u043e\u0435 \u0432\u0440\u0435\u043c\u044f \u0434\u043b\u044f \u0447\u0442\u0435\u043d\u0438\u044f":"4 \u043c\u0438\u043d\u0443\u0442\u044b"},"schema":{"@context":"https:\/\/schema.org","@graph":[{"@type":"Article","@id":"http:\/\/denizcankizil.tr\/ru\/haberler\/gundem\/alanyadaki-bozkurt-heykeli-neden-kaldirildi-baskan-ozcelik-sebebini-acikladi\/#article","isPartOf":{"@id":"http:\/\/denizcankizil.tr\/ru\/haberler\/gundem\/alanyadaki-bozkurt-heykeli-neden-kaldirildi-baskan-ozcelik-sebebini-acikladi\/"},"author":{"name":"","@id":""},"headline":"Alanya\u2019daki bozkurt heykeli neden kald\u0131r\u0131ld\u0131? Ba\u015fkan \u00d6z\u00e7elik sebebini a\u00e7\u0131klad\u0131","datePublished":"2024-12-02T14:41:52+00:00","mainEntityOfPage":{"@id":"http:\/\/denizcankizil.tr\/ru\/haberler\/gundem\/alanyadaki-bozkurt-heykeli-neden-kaldirildi-baskan-ozcelik-sebebini-acikladi\/"},"wordCount":734,"commentCount":0,"publisher":{"@id":"https:\/\/denizcankizil.tr\/de\/#organization"},"articleSection":["G\u00fcndem","Uncategorized"],"inLanguage":"ru-RU","potentialAction":[{"@type":"CommentAction","name":"Comment","target":["http:\/\/denizcankizil.tr\/ru\/haberler\/gundem\/alanyadaki-bozkurt-heykeli-neden-kaldirildi-baskan-ozcelik-sebebini-acikladi\/#respond"]}]},{"@type":"WebPage","@id":"http:\/\/denizcankizil.tr\/ru\/haberler\/gundem\/alanyadaki-bozkurt-heykeli-neden-kaldirildi-baskan-ozcelik-sebebini-acikladi\/","url":"http:\/\/denizcankizil.tr\/ru\/haberler\/gundem\/alanyadaki-bozkurt-heykeli-neden-kaldirildi-baskan-ozcelik-sebebini-acikladi\/","name":"Alanya\u2019daki bozkurt heykeli neden kald\u0131r\u0131ld\u0131? Ba\u015fkan \u00d6z\u00e7elik sebebini a\u00e7\u0131klad\u0131 - Av. Deniz Can K\u0131z\u0131l","isPartOf":{"@id":"https:\/\/denizcankizil.tr\/de\/#website"},"datePublished":"2024-12-02T14:41:52+00:00","breadcrumb":{"@id":"http:\/\/denizcankizil.tr\/ru\/haberler\/gundem\/alanyadaki-bozkurt-heykeli-neden-kaldirildi-baskan-ozcelik-sebebini-acikladi\/#breadcrumb"},"inLanguage":"ru-RU","potentialAction":[{"@type":"ReadAction","target":["http:\/\/denizcankizil.tr\/ru\/haberler\/gundem\/alanyadaki-bozkurt-heykeli-neden-kaldirildi-baskan-ozcelik-sebebini-acikladi\/"]}]},{"@type":"BreadcrumbList","@id":"http:\/\/denizcankizil.tr\/ru\/haberler\/gundem\/alanyadaki-bozkurt-heykeli-neden-kaldirildi-baskan-ozcelik-sebebini-acikladi\/#breadcrumb","itemListElement":[{"@type":"ListItem","position":1,"name":"Home","item":"https:\/\/denizcankizil.tr\/de\/"},{"@type":"ListItem","position":2,"name":"Alanya\u2019daki bozkurt heykeli neden kald\u0131r\u0131ld\u0131? Ba\u015fkan \u00d6z\u00e7elik sebebini a\u00e7\u0131klad\u0131"}]},{"@type":"WebSite","@id":"https:\/\/denizcankizil.tr\/de\/#website","url":"https:\/\/denizcankizil.tr\/de\/","name":"Av. Deniz Can K\u0131z\u0131l","description":"Avukat Deniz Can K\u0131z\u0131l Antalya Barosu","publisher":{"@id":"https:\/\/denizcankizil.tr\/de\/#organization"},"potentialAction":[{"@type":"SearchAction","target":{"@type":"EntryPoint","urlTemplate":"https:\/\/denizcankizil.tr\/de\/?s={search_term_string}"},"query-input":{"@type":"PropertyValueSpecification","valueRequired":true,"valueName":"search_term_string"}}],"inLanguage":"ru-RU"},{"@type":"Organization","@id":"https:\/\/denizcankizil.tr\/de\/#organization","name":"Av. Deniz Can K\u0131z\u0131l","url":"https:\/\/denizcankizil.tr\/de\/","logo":{"@type":"ImageObject","inLanguage":"ru-RU","@id":"https:\/\/denizcankizil.tr\/de\/#\/schema\/logo\/image\/","url":"http:\/\/denizcankizil.tr\/wp-content\/uploads\/2024\/10\/siyah-logo-svg.svg","contentUrl":"http:\/\/denizcankizil.tr\/wp-content\/uploads\/2024\/10\/siyah-logo-svg.svg","width":1080,"height":1080,"caption":"Av. Deniz Can K\u0131z\u0131l"},"image":{"@id":"https:\/\/denizcankizil.tr\/de\/#\/schema\/logo\/image\/"}}]}},"_links":{"self":[{"href":"http:\/\/denizcankizil.tr\/ru\/wp-json\/wp\/v2\/posts\/18766","targetHints":{"allow":["GET"]}}],"collection":[{"href":"http:\/\/denizcankizil.tr\/ru\/wp-json\/wp\/v2\/posts"}],"about":[{"href":"http:\/\/denizcankizil.tr\/ru\/wp-json\/wp\/v2\/types\/post"}],"replies":[{"embeddable":true,"href":"http:\/\/denizcankizil.tr\/ru\/wp-json\/wp\/v2\/comments?post=18766"}],"version-history":[{"count":0,"href":"http:\/\/denizcankizil.tr\/ru\/wp-json\/wp\/v2\/posts\/18766\/revisions"}],"wp:attachment":[{"href":"http:\/\/denizcankizil.tr\/ru\/wp-json\/wp\/v2\/media?parent=18766"}],"wp:term":[{"taxonomy":"category","embeddable":true,"href":"http:\/\/denizcankizil.tr\/ru\/wp-json\/wp\/v2\/categories?post=18766"},{"taxonomy":"post_tag","embeddable":true,"href":"http:\/\/denizcankizil.tr\/ru\/wp-json\/wp\/v2\/tags?post=18766"}],"curies":[{"name":"wp","href":"https:\/\/api.w.org\/{rel}","templated":true}]}}