{"id":18504,"date":"2024-11-30T22:41:41","date_gmt":"2024-11-30T19:41:41","guid":{"rendered":"https:\/\/denizcankizil.tr\/uncategorized-tr\/kazdaglarinda-kis-maratonunda-1700-sporcu-yarisiyor\/"},"modified":"2024-11-30T22:41:41","modified_gmt":"2024-11-30T19:41:41","slug":"kazdaglarinda-kis-maratonunda-1700-sporcu-yarisiyor","status":"publish","type":"post","link":"http:\/\/denizcankizil.tr\/ru\/haberler\/gundem\/kazdaglarinda-kis-maratonunda-1700-sporcu-yarisiyor\/","title":{"rendered":"Kazda\u011flar\u0131\u2019nda K\u0131\u015f Maratonunda 1700 Sporcu Yar\u0131\u015f\u0131yor"},"content":{"rendered":"<p>Edremit Belediyesi\u2019nin ev sahipli\u011fi yapt\u0131\u011f\u0131 8. \u0130da Ultra Maraton yar\u0131\u015f\u0131 ba\u015flad\u0131. \u00c7anakkale\u2019nin Ye\u015filyurt k\u00f6y\u00fcnden ba\u015flay\u0131p Bal\u0131kesir\u2019in Edremit il\u00e7esinde biten yar\u0131\u015fta 1700 sporcu T\u00fcrkiye\u2019nin en zorlu parkurlar\u0131ndan olan Kazda\u011flar\u0131\u2019nda m\u00fccadele ediyor.<\/p>\n<p>\u200bEdremit Belediyesi\u2019nin ev sahipli\u011fi yapt\u0131\u011f\u0131 8. \u0130da Ultra Maraton yar\u0131\u015f\u0131 ba\u015flad\u0131. \u00c7anakkale\u2019nin Ye\u015filyurt k\u00f6y\u00fcnden ba\u015flay\u0131p Bal\u0131kesir\u2019in Edremit il\u00e7esinde biten yar\u0131\u015fta 1700 sporcu T\u00fcrkiye\u2019nin en zorlu parkurlar\u0131ndan olan Kazda\u011flar\u0131\u2019nda m\u00fccadele ediyor.\u00a0<\/p>\n<p>\u200bHaberin Al\u0131nt\u0131land\u0131\u011f\u0131 Kaynak: www.iskenderun.org<\/p>","protected":false},"excerpt":{"rendered":"<p>Edremit Belediyesi\u2019nin ev sahipli\u011fi yapt\u0131\u011f\u0131 8. \u0130da Ultra Maraton yar\u0131\u015f\u0131 ba\u015flad\u0131. \u00c7anakkale\u2019nin Ye\u015filyurt k\u00f6y\u00fcnden ba\u015flay\u0131p Bal\u0131kesir\u2019in Edremit il\u00e7esinde biten yar\u0131\u015fta 1700 sporcu T\u00fcrkiye\u2019nin en zorlu parkurlar\u0131ndan olan Kazda\u011flar\u0131\u2019nda m\u00fccadele ediyor. \u200bEdremit Belediyesi\u2019nin ev sahipli\u011fi yapt\u0131\u011f\u0131 8. \u0130da Ultra Maraton yar\u0131\u015f\u0131 ba\u015flad\u0131. \u00c7anakkale\u2019nin Ye\u015filyurt k\u00f6y\u00fcnden ba\u015flay\u0131p Bal\u0131kesir\u2019in Edremit il\u00e7esinde biten yar\u0131\u015fta 1700 sporcu T\u00fcrkiye\u2019nin en zorlu parkurlar\u0131ndan olan Kazda\u011flar\u0131\u2019nda m\u00fccadele ediyor.\u00a0 \u200bHaberin Al\u0131nt\u0131land\u0131\u011f\u0131 Kaynak: www.iskenderun.org<\/p>","protected":false},"author":0,"featured_media":0,"comment_status":"open","ping_status":"open","sticky":false,"template":"","format":"standard","meta":{"_acf_changed":false,"footnotes":""},"categories":[24,535],"tags":[],"class_list":["post-18504","post","type-post","status-publish","format-standard","has-post-thumbnail","hentry","category-gundem","category-uncategorized-tr"],"acf":[],"yoast_head":"<!-- This site is optimized with the Yoast SEO Premium plugin v26.6 (Yoast SEO v27.1.1) - https:\/\/yoast.com\/product\/yoast-seo-premium-wordpress\/ -->\n<title>Kazda\u011flar\u0131\u2019nda K\u0131\u015f Maratonunda 1700 Sporcu Yar\u0131\u015f\u0131yor - Av. Deniz Can K\u0131z\u0131l<\/title>\n<meta name=\"robots\" content=\"index, follow, max-snippet:-1, max-image-preview:large, max-video-preview:-1\" \/>\n<link rel=\"canonical\" href=\"http:\/\/denizcankizil.tr\/ru\/haberler\/gundem\/kazdaglarinda-kis-maratonunda-1700-sporcu-yarisiyor\/\" \/>\n<meta property=\"og:locale\" content=\"ru_RU\" \/>\n<meta property=\"og:type\" content=\"article\" \/>\n<meta property=\"og:title\" content=\"Kazda\u011flar\u0131\u2019nda K\u0131\u015f Maratonunda 1700 Sporcu Yar\u0131\u015f\u0131yor\" \/>\n<meta property=\"og:description\" content=\"Edremit Belediyesi\u2019nin ev sahipli\u011fi yapt\u0131\u011f\u0131 8. \u0130da Ultra Maraton yar\u0131\u015f\u0131 ba\u015flad\u0131. \u00c7anakkale\u2019nin Ye\u015filyurt k\u00f6y\u00fcnden ba\u015flay\u0131p Bal\u0131kesir\u2019in Edremit il\u00e7esinde biten yar\u0131\u015fta 1700 sporcu T\u00fcrkiye\u2019nin en zorlu parkurlar\u0131ndan olan Kazda\u011flar\u0131\u2019nda m\u00fccadele ediyor. \u200bEdremit Belediyesi\u2019nin ev sahipli\u011fi yapt\u0131\u011f\u0131 8. \u0130da Ultra Maraton yar\u0131\u015f\u0131 ba\u015flad\u0131. \u00c7anakkale\u2019nin Ye\u015filyurt k\u00f6y\u00fcnden ba\u015flay\u0131p Bal\u0131kesir\u2019in Edremit il\u00e7esinde biten yar\u0131\u015fta 1700 sporcu T\u00fcrkiye\u2019nin en zorlu parkurlar\u0131ndan olan Kazda\u011flar\u0131\u2019nda m\u00fccadele ediyor.\u00a0 \u200bHaberin Al\u0131nt\u0131land\u0131\u011f\u0131 Kaynak: www.iskenderun.org\" \/>\n<meta property=\"og:url\" content=\"http:\/\/denizcankizil.tr\/ru\/haberler\/gundem\/kazdaglarinda-kis-maratonunda-1700-sporcu-yarisiyor\/\" \/>\n<meta property=\"og:site_name\" content=\"Av. Deniz Can K\u0131z\u0131l\" \/>\n<meta property=\"article:published_time\" content=\"2024-11-30T19:41:41+00:00\" \/>\n<meta name=\"twitter:card\" content=\"summary_large_image\" \/>\n<meta name=\"twitter:label1\" content=\"\u041f\u0440\u0438\u043c\u0435\u0440\u043d\u043e\u0435 \u0432\u0440\u0435\u043c\u044f \u0434\u043b\u044f \u0447\u0442\u0435\u043d\u0438\u044f\" \/>\n\t<meta name=\"twitter:data1\" content=\"1 \u043c\u0438\u043d\u0443\u0442\u0430\" \/>\n<script type=\"application\/ld+json\" class=\"yoast-schema-graph\">{\"@context\":\"https:\/\/schema.org\",\"@graph\":[{\"@type\":\"Article\",\"@id\":\"http:\/\/denizcankizil.tr\/ru\/haberler\/gundem\/kazdaglarinda-kis-maratonunda-1700-sporcu-yarisiyor\/#article\",\"isPartOf\":{\"@id\":\"http:\/\/denizcankizil.tr\/ru\/haberler\/gundem\/kazdaglarinda-kis-maratonunda-1700-sporcu-yarisiyor\/\"},\"author\":{\"name\":\"\",\"@id\":\"\"},\"headline\":\"Kazda\u011flar\u0131\u2019nda K\u0131\u015f Maratonunda 1700 Sporcu Yar\u0131\u015f\u0131yor\",\"datePublished\":\"2024-11-30T19:41:41+00:00\",\"mainEntityOfPage\":{\"@id\":\"http:\/\/denizcankizil.tr\/ru\/haberler\/gundem\/kazdaglarinda-kis-maratonunda-1700-sporcu-yarisiyor\/\"},\"wordCount\":110,\"commentCount\":0,\"publisher\":{\"@id\":\"https:\/\/denizcankizil.tr\/#organization\"},\"articleSection\":[\"G\u00fcndem\",\"Uncategorized\"],\"inLanguage\":\"ru-RU\",\"potentialAction\":[{\"@type\":\"CommentAction\",\"name\":\"Comment\",\"target\":[\"http:\/\/denizcankizil.tr\/ru\/haberler\/gundem\/kazdaglarinda-kis-maratonunda-1700-sporcu-yarisiyor\/#respond\"]}]},{\"@type\":\"WebPage\",\"@id\":\"http:\/\/denizcankizil.tr\/ru\/haberler\/gundem\/kazdaglarinda-kis-maratonunda-1700-sporcu-yarisiyor\/\",\"url\":\"http:\/\/denizcankizil.tr\/ru\/haberler\/gundem\/kazdaglarinda-kis-maratonunda-1700-sporcu-yarisiyor\/\",\"name\":\"Kazda\u011flar\u0131\u2019nda K\u0131\u015f Maratonunda 1700 Sporcu Yar\u0131\u015f\u0131yor - Av. Deniz Can K\u0131z\u0131l\",\"isPartOf\":{\"@id\":\"https:\/\/denizcankizil.tr\/#website\"},\"datePublished\":\"2024-11-30T19:41:41+00:00\",\"breadcrumb\":{\"@id\":\"http:\/\/denizcankizil.tr\/ru\/haberler\/gundem\/kazdaglarinda-kis-maratonunda-1700-sporcu-yarisiyor\/#breadcrumb\"},\"inLanguage\":\"ru-RU\",\"potentialAction\":[{\"@type\":\"ReadAction\",\"target\":[\"http:\/\/denizcankizil.tr\/ru\/haberler\/gundem\/kazdaglarinda-kis-maratonunda-1700-sporcu-yarisiyor\/\"]}]},{\"@type\":\"BreadcrumbList\",\"@id\":\"http:\/\/denizcankizil.tr\/ru\/haberler\/gundem\/kazdaglarinda-kis-maratonunda-1700-sporcu-yarisiyor\/#breadcrumb\",\"itemListElement\":[{\"@type\":\"ListItem\",\"position\":1,\"name\":\"Home\",\"item\":\"https:\/\/denizcankizil.tr\/de\/\"},{\"@type\":\"ListItem\",\"position\":2,\"name\":\"Kazda\u011flar\u0131\u2019nda K\u0131\u015f Maratonunda 1700 Sporcu Yar\u0131\u015f\u0131yor\"}]},{\"@type\":\"WebSite\",\"@id\":\"https:\/\/denizcankizil.tr\/#website\",\"url\":\"https:\/\/denizcankizil.tr\/\",\"name\":\"Av. Deniz Can K\u0131z\u0131l\",\"description\":\"Avukat Deniz Can K\u0131z\u0131l Antalya Barosu\",\"publisher\":{\"@id\":\"https:\/\/denizcankizil.tr\/#organization\"},\"potentialAction\":[{\"@type\":\"SearchAction\",\"target\":{\"@type\":\"EntryPoint\",\"urlTemplate\":\"https:\/\/denizcankizil.tr\/?s={search_term_string}\"},\"query-input\":{\"@type\":\"PropertyValueSpecification\",\"valueRequired\":true,\"valueName\":\"search_term_string\"}}],\"inLanguage\":\"ru-RU\"},{\"@type\":\"Organization\",\"@id\":\"https:\/\/denizcankizil.tr\/#organization\",\"name\":\"Av. Deniz Can K\u0131z\u0131l\",\"url\":\"https:\/\/denizcankizil.tr\/\",\"logo\":{\"@type\":\"ImageObject\",\"inLanguage\":\"ru-RU\",\"@id\":\"https:\/\/denizcankizil.tr\/#\/schema\/logo\/image\/\",\"url\":\"http:\/\/denizcankizil.tr\/wp-content\/uploads\/2024\/10\/siyah-logo-svg.svg\",\"contentUrl\":\"http:\/\/denizcankizil.tr\/wp-content\/uploads\/2024\/10\/siyah-logo-svg.svg\",\"width\":1080,\"height\":1080,\"caption\":\"Av. Deniz Can K\u0131z\u0131l\"},\"image\":{\"@id\":\"https:\/\/denizcankizil.tr\/#\/schema\/logo\/image\/\"}}]}<\/script>\n<!-- \/ Yoast SEO Premium plugin. -->","yoast_head_json":{"title":"Kazda\u011flar\u0131\u2019nda K\u0131\u015f Maratonunda 1700 Sporcu Yar\u0131\u015f\u0131yor - Av. Deniz Can K\u0131z\u0131l","robots":{"index":"index","follow":"follow","max-snippet":"max-snippet:-1","max-image-preview":"max-image-preview:large","max-video-preview":"max-video-preview:-1"},"canonical":"http:\/\/denizcankizil.tr\/ru\/haberler\/gundem\/kazdaglarinda-kis-maratonunda-1700-sporcu-yarisiyor\/","og_locale":"ru_RU","og_type":"article","og_title":"Kazda\u011flar\u0131\u2019nda K\u0131\u015f Maratonunda 1700 Sporcu Yar\u0131\u015f\u0131yor","og_description":"Edremit Belediyesi\u2019nin ev sahipli\u011fi yapt\u0131\u011f\u0131 8. \u0130da Ultra Maraton yar\u0131\u015f\u0131 ba\u015flad\u0131. \u00c7anakkale\u2019nin Ye\u015filyurt k\u00f6y\u00fcnden ba\u015flay\u0131p Bal\u0131kesir\u2019in Edremit il\u00e7esinde biten yar\u0131\u015fta 1700 sporcu T\u00fcrkiye\u2019nin en zorlu parkurlar\u0131ndan olan Kazda\u011flar\u0131\u2019nda m\u00fccadele ediyor. \u200bEdremit Belediyesi\u2019nin ev sahipli\u011fi yapt\u0131\u011f\u0131 8. \u0130da Ultra Maraton yar\u0131\u015f\u0131 ba\u015flad\u0131. \u00c7anakkale\u2019nin Ye\u015filyurt k\u00f6y\u00fcnden ba\u015flay\u0131p Bal\u0131kesir\u2019in Edremit il\u00e7esinde biten yar\u0131\u015fta 1700 sporcu T\u00fcrkiye\u2019nin en zorlu parkurlar\u0131ndan olan Kazda\u011flar\u0131\u2019nda m\u00fccadele ediyor.\u00a0 \u200bHaberin Al\u0131nt\u0131land\u0131\u011f\u0131 Kaynak: www.iskenderun.org","og_url":"http:\/\/denizcankizil.tr\/ru\/haberler\/gundem\/kazdaglarinda-kis-maratonunda-1700-sporcu-yarisiyor\/","og_site_name":"Av. Deniz Can K\u0131z\u0131l","article_published_time":"2024-11-30T19:41:41+00:00","twitter_card":"summary_large_image","twitter_misc":{"\u041f\u0440\u0438\u043c\u0435\u0440\u043d\u043e\u0435 \u0432\u0440\u0435\u043c\u044f \u0434\u043b\u044f \u0447\u0442\u0435\u043d\u0438\u044f":"1 \u043c\u0438\u043d\u0443\u0442\u0430"},"schema":{"@context":"https:\/\/schema.org","@graph":[{"@type":"Article","@id":"http:\/\/denizcankizil.tr\/ru\/haberler\/gundem\/kazdaglarinda-kis-maratonunda-1700-sporcu-yarisiyor\/#article","isPartOf":{"@id":"http:\/\/denizcankizil.tr\/ru\/haberler\/gundem\/kazdaglarinda-kis-maratonunda-1700-sporcu-yarisiyor\/"},"author":{"name":"","@id":""},"headline":"Kazda\u011flar\u0131\u2019nda K\u0131\u015f Maratonunda 1700 Sporcu Yar\u0131\u015f\u0131yor","datePublished":"2024-11-30T19:41:41+00:00","mainEntityOfPage":{"@id":"http:\/\/denizcankizil.tr\/ru\/haberler\/gundem\/kazdaglarinda-kis-maratonunda-1700-sporcu-yarisiyor\/"},"wordCount":110,"commentCount":0,"publisher":{"@id":"https:\/\/denizcankizil.tr\/#organization"},"articleSection":["G\u00fcndem","Uncategorized"],"inLanguage":"ru-RU","potentialAction":[{"@type":"CommentAction","name":"Comment","target":["http:\/\/denizcankizil.tr\/ru\/haberler\/gundem\/kazdaglarinda-kis-maratonunda-1700-sporcu-yarisiyor\/#respond"]}]},{"@type":"WebPage","@id":"http:\/\/denizcankizil.tr\/ru\/haberler\/gundem\/kazdaglarinda-kis-maratonunda-1700-sporcu-yarisiyor\/","url":"http:\/\/denizcankizil.tr\/ru\/haberler\/gundem\/kazdaglarinda-kis-maratonunda-1700-sporcu-yarisiyor\/","name":"Kazda\u011flar\u0131\u2019nda K\u0131\u015f Maratonunda 1700 Sporcu Yar\u0131\u015f\u0131yor - Av. Deniz Can K\u0131z\u0131l","isPartOf":{"@id":"https:\/\/denizcankizil.tr\/#website"},"datePublished":"2024-11-30T19:41:41+00:00","breadcrumb":{"@id":"http:\/\/denizcankizil.tr\/ru\/haberler\/gundem\/kazdaglarinda-kis-maratonunda-1700-sporcu-yarisiyor\/#breadcrumb"},"inLanguage":"ru-RU","potentialAction":[{"@type":"ReadAction","target":["http:\/\/denizcankizil.tr\/ru\/haberler\/gundem\/kazdaglarinda-kis-maratonunda-1700-sporcu-yarisiyor\/"]}]},{"@type":"BreadcrumbList","@id":"http:\/\/denizcankizil.tr\/ru\/haberler\/gundem\/kazdaglarinda-kis-maratonunda-1700-sporcu-yarisiyor\/#breadcrumb","itemListElement":[{"@type":"ListItem","position":1,"name":"Home","item":"https:\/\/denizcankizil.tr\/de\/"},{"@type":"ListItem","position":2,"name":"Kazda\u011flar\u0131\u2019nda K\u0131\u015f Maratonunda 1700 Sporcu Yar\u0131\u015f\u0131yor"}]},{"@type":"WebSite","@id":"https:\/\/denizcankizil.tr\/#website","url":"https:\/\/denizcankizil.tr\/","name":"Av. Deniz Can K\u0131z\u0131l","description":"Avukat Deniz Can K\u0131z\u0131l Antalya Barosu","publisher":{"@id":"https:\/\/denizcankizil.tr\/#organization"},"potentialAction":[{"@type":"SearchAction","target":{"@type":"EntryPoint","urlTemplate":"https:\/\/denizcankizil.tr\/?s={search_term_string}"},"query-input":{"@type":"PropertyValueSpecification","valueRequired":true,"valueName":"search_term_string"}}],"inLanguage":"ru-RU"},{"@type":"Organization","@id":"https:\/\/denizcankizil.tr\/#organization","name":"Av. Deniz Can K\u0131z\u0131l","url":"https:\/\/denizcankizil.tr\/","logo":{"@type":"ImageObject","inLanguage":"ru-RU","@id":"https:\/\/denizcankizil.tr\/#\/schema\/logo\/image\/","url":"http:\/\/denizcankizil.tr\/wp-content\/uploads\/2024\/10\/siyah-logo-svg.svg","contentUrl":"http:\/\/denizcankizil.tr\/wp-content\/uploads\/2024\/10\/siyah-logo-svg.svg","width":1080,"height":1080,"caption":"Av. Deniz Can K\u0131z\u0131l"},"image":{"@id":"https:\/\/denizcankizil.tr\/#\/schema\/logo\/image\/"}}]}},"_links":{"self":[{"href":"http:\/\/denizcankizil.tr\/ru\/wp-json\/wp\/v2\/posts\/18504","targetHints":{"allow":["GET"]}}],"collection":[{"href":"http:\/\/denizcankizil.tr\/ru\/wp-json\/wp\/v2\/posts"}],"about":[{"href":"http:\/\/denizcankizil.tr\/ru\/wp-json\/wp\/v2\/types\/post"}],"replies":[{"embeddable":true,"href":"http:\/\/denizcankizil.tr\/ru\/wp-json\/wp\/v2\/comments?post=18504"}],"version-history":[{"count":0,"href":"http:\/\/denizcankizil.tr\/ru\/wp-json\/wp\/v2\/posts\/18504\/revisions"}],"wp:attachment":[{"href":"http:\/\/denizcankizil.tr\/ru\/wp-json\/wp\/v2\/media?parent=18504"}],"wp:term":[{"taxonomy":"category","embeddable":true,"href":"http:\/\/denizcankizil.tr\/ru\/wp-json\/wp\/v2\/categories?post=18504"},{"taxonomy":"post_tag","embeddable":true,"href":"http:\/\/denizcankizil.tr\/ru\/wp-json\/wp\/v2\/tags?post=18504"}],"curies":[{"name":"wp","href":"https:\/\/api.w.org\/{rel}","templated":true}]}}