{"id":18429,"date":"2024-11-30T12:41:24","date_gmt":"2024-11-30T09:41:24","guid":{"rendered":"https:\/\/denizcankizil.tr\/uncategorized-tr\/izsudan-dikiliye-66-milyon-euroluk-dev-yatirim\/"},"modified":"2024-11-30T12:41:24","modified_gmt":"2024-11-30T09:41:24","slug":"izsudan-dikiliye-66-milyon-euroluk-dev-yatirim","status":"publish","type":"post","link":"http:\/\/denizcankizil.tr\/ru\/haberler\/gundem\/izsudan-dikiliye-66-milyon-euroluk-dev-yatirim\/","title":{"rendered":"\u0130ZSU&#8217;dan  Dikili\u2019ye 66 milyon Euro\u2019luk dev yat\u0131r\u0131m"},"content":{"rendered":"<p>Projenin sunumu \u0130ZSU Genel M\u00fcd\u00fcrl\u00fc\u011f\u00fc Projeler Daire Ba\u015fkan\u0131 M\u00fcnevver Elele Karakulak taraf\u0131ndan ger\u00e7ekle\u015ft\u0131rildi. Kat\u0131l\u0131mc\u0131lar\u0131n t\u00fcm sorular\u0131na cevap verilerek talepleri de\u011ferlendirildi.<\/p>\n<p>\u200bProjenin sunumu \u0130ZSU Genel M\u00fcd\u00fcrl\u00fc\u011f\u00fc Projeler Daire Ba\u015fkan\u0131 M\u00fcnevver Elele Karakulak taraf\u0131ndan ger\u00e7ekle\u015ft\u0131rildi. Kat\u0131l\u0131mc\u0131lar\u0131n t\u00fcm sorular\u0131na cevap verilerek talepleri de\u011ferlendirildi.\u00a0<\/p>\n<p>\u200bHaberin Al\u0131nt\u0131land\u0131\u011f\u0131 Kaynak: www.iskenderun.org<\/p>","protected":false},"excerpt":{"rendered":"<p>Projenin sunumu \u0130ZSU Genel M\u00fcd\u00fcrl\u00fc\u011f\u00fc Projeler Daire Ba\u015fkan\u0131 M\u00fcnevver Elele Karakulak taraf\u0131ndan ger\u00e7ekle\u015ft\u0131rildi. Kat\u0131l\u0131mc\u0131lar\u0131n t\u00fcm sorular\u0131na cevap verilerek talepleri de\u011ferlendirildi. \u200bProjenin sunumu \u0130ZSU Genel M\u00fcd\u00fcrl\u00fc\u011f\u00fc Projeler Daire Ba\u015fkan\u0131 M\u00fcnevver Elele Karakulak taraf\u0131ndan ger\u00e7ekle\u015ft\u0131rildi. Kat\u0131l\u0131mc\u0131lar\u0131n t\u00fcm sorular\u0131na cevap verilerek talepleri de\u011ferlendirildi.\u00a0 \u200bHaberin Al\u0131nt\u0131land\u0131\u011f\u0131 Kaynak: www.iskenderun.org<\/p>","protected":false},"author":0,"featured_media":0,"comment_status":"open","ping_status":"open","sticky":false,"template":"","format":"standard","meta":{"_acf_changed":false,"footnotes":""},"categories":[24,535],"tags":[],"class_list":["post-18429","post","type-post","status-publish","format-standard","has-post-thumbnail","hentry","category-gundem","category-uncategorized-tr"],"acf":[],"yoast_head":"<!-- This site is optimized with the Yoast SEO Premium plugin v26.6 (Yoast SEO v27.1.1) - https:\/\/yoast.com\/product\/yoast-seo-premium-wordpress\/ -->\n<title>\u0130ZSU&#039;dan Dikili\u2019ye 66 milyon Euro\u2019luk dev yat\u0131r\u0131m - Av. Deniz Can K\u0131z\u0131l<\/title>\n<meta name=\"robots\" content=\"index, follow, max-snippet:-1, max-image-preview:large, max-video-preview:-1\" \/>\n<link rel=\"canonical\" href=\"http:\/\/denizcankizil.tr\/ru\/haberler\/gundem\/izsudan-dikiliye-66-milyon-euroluk-dev-yatirim\/\" \/>\n<meta property=\"og:locale\" content=\"ru_RU\" \/>\n<meta property=\"og:type\" content=\"article\" \/>\n<meta property=\"og:title\" content=\"\u0130ZSU&#039;dan Dikili\u2019ye 66 milyon Euro\u2019luk dev yat\u0131r\u0131m\" \/>\n<meta property=\"og:description\" content=\"Projenin sunumu \u0130ZSU Genel M\u00fcd\u00fcrl\u00fc\u011f\u00fc Projeler Daire Ba\u015fkan\u0131 M\u00fcnevver Elele Karakulak taraf\u0131ndan ger\u00e7ekle\u015ft\u0131rildi. Kat\u0131l\u0131mc\u0131lar\u0131n t\u00fcm sorular\u0131na cevap verilerek talepleri de\u011ferlendirildi. \u200bProjenin sunumu \u0130ZSU Genel M\u00fcd\u00fcrl\u00fc\u011f\u00fc Projeler Daire Ba\u015fkan\u0131 M\u00fcnevver Elele Karakulak taraf\u0131ndan ger\u00e7ekle\u015ft\u0131rildi. Kat\u0131l\u0131mc\u0131lar\u0131n t\u00fcm sorular\u0131na cevap verilerek talepleri de\u011ferlendirildi.\u00a0 \u200bHaberin Al\u0131nt\u0131land\u0131\u011f\u0131 Kaynak: www.iskenderun.org\" \/>\n<meta property=\"og:url\" content=\"http:\/\/denizcankizil.tr\/ru\/haberler\/gundem\/izsudan-dikiliye-66-milyon-euroluk-dev-yatirim\/\" \/>\n<meta property=\"og:site_name\" content=\"Av. Deniz Can K\u0131z\u0131l\" \/>\n<meta property=\"article:published_time\" content=\"2024-11-30T09:41:24+00:00\" \/>\n<meta name=\"twitter:card\" content=\"summary_large_image\" \/>\n<script type=\"application\/ld+json\" class=\"yoast-schema-graph\">{\"@context\":\"https:\/\/schema.org\",\"@graph\":[{\"@type\":\"Article\",\"@id\":\"http:\/\/denizcankizil.tr\/ru\/haberler\/gundem\/izsudan-dikiliye-66-milyon-euroluk-dev-yatirim\/#article\",\"isPartOf\":{\"@id\":\"http:\/\/denizcankizil.tr\/ru\/haberler\/gundem\/izsudan-dikiliye-66-milyon-euroluk-dev-yatirim\/\"},\"author\":{\"name\":\"\",\"@id\":\"\"},\"headline\":\"\u0130ZSU&#8217;dan Dikili\u2019ye 66 milyon Euro\u2019luk dev yat\u0131r\u0131m\",\"datePublished\":\"2024-11-30T09:41:24+00:00\",\"mainEntityOfPage\":{\"@id\":\"http:\/\/denizcankizil.tr\/ru\/haberler\/gundem\/izsudan-dikiliye-66-milyon-euroluk-dev-yatirim\/\"},\"wordCount\":89,\"commentCount\":0,\"publisher\":{\"@id\":\"https:\/\/denizcankizil.tr\/#organization\"},\"articleSection\":[\"G\u00fcndem\",\"Uncategorized\"],\"inLanguage\":\"ru-RU\",\"potentialAction\":[{\"@type\":\"CommentAction\",\"name\":\"Comment\",\"target\":[\"http:\/\/denizcankizil.tr\/ru\/haberler\/gundem\/izsudan-dikiliye-66-milyon-euroluk-dev-yatirim\/#respond\"]}]},{\"@type\":\"WebPage\",\"@id\":\"http:\/\/denizcankizil.tr\/ru\/haberler\/gundem\/izsudan-dikiliye-66-milyon-euroluk-dev-yatirim\/\",\"url\":\"http:\/\/denizcankizil.tr\/ru\/haberler\/gundem\/izsudan-dikiliye-66-milyon-euroluk-dev-yatirim\/\",\"name\":\"\u0130ZSU'dan Dikili\u2019ye 66 milyon Euro\u2019luk dev yat\u0131r\u0131m - Av. Deniz Can K\u0131z\u0131l\",\"isPartOf\":{\"@id\":\"https:\/\/denizcankizil.tr\/#website\"},\"datePublished\":\"2024-11-30T09:41:24+00:00\",\"breadcrumb\":{\"@id\":\"http:\/\/denizcankizil.tr\/ru\/haberler\/gundem\/izsudan-dikiliye-66-milyon-euroluk-dev-yatirim\/#breadcrumb\"},\"inLanguage\":\"ru-RU\",\"potentialAction\":[{\"@type\":\"ReadAction\",\"target\":[\"http:\/\/denizcankizil.tr\/ru\/haberler\/gundem\/izsudan-dikiliye-66-milyon-euroluk-dev-yatirim\/\"]}]},{\"@type\":\"BreadcrumbList\",\"@id\":\"http:\/\/denizcankizil.tr\/ru\/haberler\/gundem\/izsudan-dikiliye-66-milyon-euroluk-dev-yatirim\/#breadcrumb\",\"itemListElement\":[{\"@type\":\"ListItem\",\"position\":1,\"name\":\"Home\",\"item\":\"https:\/\/denizcankizil.tr\/de\/\"},{\"@type\":\"ListItem\",\"position\":2,\"name\":\"\u0130ZSU&#8217;dan Dikili\u2019ye 66 milyon Euro\u2019luk dev yat\u0131r\u0131m\"}]},{\"@type\":\"WebSite\",\"@id\":\"https:\/\/denizcankizil.tr\/#website\",\"url\":\"https:\/\/denizcankizil.tr\/\",\"name\":\"Av. Deniz Can K\u0131z\u0131l\",\"description\":\"Avukat Deniz Can K\u0131z\u0131l Antalya Barosu\",\"publisher\":{\"@id\":\"https:\/\/denizcankizil.tr\/#organization\"},\"potentialAction\":[{\"@type\":\"SearchAction\",\"target\":{\"@type\":\"EntryPoint\",\"urlTemplate\":\"https:\/\/denizcankizil.tr\/?s={search_term_string}\"},\"query-input\":{\"@type\":\"PropertyValueSpecification\",\"valueRequired\":true,\"valueName\":\"search_term_string\"}}],\"inLanguage\":\"ru-RU\"},{\"@type\":\"Organization\",\"@id\":\"https:\/\/denizcankizil.tr\/#organization\",\"name\":\"Av. Deniz Can K\u0131z\u0131l\",\"url\":\"https:\/\/denizcankizil.tr\/\",\"logo\":{\"@type\":\"ImageObject\",\"inLanguage\":\"ru-RU\",\"@id\":\"https:\/\/denizcankizil.tr\/#\/schema\/logo\/image\/\",\"url\":\"http:\/\/denizcankizil.tr\/wp-content\/uploads\/2024\/10\/siyah-logo-svg.svg\",\"contentUrl\":\"http:\/\/denizcankizil.tr\/wp-content\/uploads\/2024\/10\/siyah-logo-svg.svg\",\"width\":1080,\"height\":1080,\"caption\":\"Av. Deniz Can K\u0131z\u0131l\"},\"image\":{\"@id\":\"https:\/\/denizcankizil.tr\/#\/schema\/logo\/image\/\"}}]}<\/script>\n<!-- \/ Yoast SEO Premium plugin. -->","yoast_head_json":{"title":"\u0130ZSU'dan Dikili\u2019ye 66 milyon Euro\u2019luk dev yat\u0131r\u0131m - Av. Deniz Can K\u0131z\u0131l","robots":{"index":"index","follow":"follow","max-snippet":"max-snippet:-1","max-image-preview":"max-image-preview:large","max-video-preview":"max-video-preview:-1"},"canonical":"http:\/\/denizcankizil.tr\/ru\/haberler\/gundem\/izsudan-dikiliye-66-milyon-euroluk-dev-yatirim\/","og_locale":"ru_RU","og_type":"article","og_title":"\u0130ZSU'dan Dikili\u2019ye 66 milyon Euro\u2019luk dev yat\u0131r\u0131m","og_description":"Projenin sunumu \u0130ZSU Genel M\u00fcd\u00fcrl\u00fc\u011f\u00fc Projeler Daire Ba\u015fkan\u0131 M\u00fcnevver Elele Karakulak taraf\u0131ndan ger\u00e7ekle\u015ft\u0131rildi. Kat\u0131l\u0131mc\u0131lar\u0131n t\u00fcm sorular\u0131na cevap verilerek talepleri de\u011ferlendirildi. \u200bProjenin sunumu \u0130ZSU Genel M\u00fcd\u00fcrl\u00fc\u011f\u00fc Projeler Daire Ba\u015fkan\u0131 M\u00fcnevver Elele Karakulak taraf\u0131ndan ger\u00e7ekle\u015ft\u0131rildi. Kat\u0131l\u0131mc\u0131lar\u0131n t\u00fcm sorular\u0131na cevap verilerek talepleri de\u011ferlendirildi.\u00a0 \u200bHaberin Al\u0131nt\u0131land\u0131\u011f\u0131 Kaynak: www.iskenderun.org","og_url":"http:\/\/denizcankizil.tr\/ru\/haberler\/gundem\/izsudan-dikiliye-66-milyon-euroluk-dev-yatirim\/","og_site_name":"Av. Deniz Can K\u0131z\u0131l","article_published_time":"2024-11-30T09:41:24+00:00","twitter_card":"summary_large_image","schema":{"@context":"https:\/\/schema.org","@graph":[{"@type":"Article","@id":"http:\/\/denizcankizil.tr\/ru\/haberler\/gundem\/izsudan-dikiliye-66-milyon-euroluk-dev-yatirim\/#article","isPartOf":{"@id":"http:\/\/denizcankizil.tr\/ru\/haberler\/gundem\/izsudan-dikiliye-66-milyon-euroluk-dev-yatirim\/"},"author":{"name":"","@id":""},"headline":"\u0130ZSU&#8217;dan Dikili\u2019ye 66 milyon Euro\u2019luk dev yat\u0131r\u0131m","datePublished":"2024-11-30T09:41:24+00:00","mainEntityOfPage":{"@id":"http:\/\/denizcankizil.tr\/ru\/haberler\/gundem\/izsudan-dikiliye-66-milyon-euroluk-dev-yatirim\/"},"wordCount":89,"commentCount":0,"publisher":{"@id":"https:\/\/denizcankizil.tr\/#organization"},"articleSection":["G\u00fcndem","Uncategorized"],"inLanguage":"ru-RU","potentialAction":[{"@type":"CommentAction","name":"Comment","target":["http:\/\/denizcankizil.tr\/ru\/haberler\/gundem\/izsudan-dikiliye-66-milyon-euroluk-dev-yatirim\/#respond"]}]},{"@type":"WebPage","@id":"http:\/\/denizcankizil.tr\/ru\/haberler\/gundem\/izsudan-dikiliye-66-milyon-euroluk-dev-yatirim\/","url":"http:\/\/denizcankizil.tr\/ru\/haberler\/gundem\/izsudan-dikiliye-66-milyon-euroluk-dev-yatirim\/","name":"\u0130ZSU'dan Dikili\u2019ye 66 milyon Euro\u2019luk dev yat\u0131r\u0131m - Av. Deniz Can K\u0131z\u0131l","isPartOf":{"@id":"https:\/\/denizcankizil.tr\/#website"},"datePublished":"2024-11-30T09:41:24+00:00","breadcrumb":{"@id":"http:\/\/denizcankizil.tr\/ru\/haberler\/gundem\/izsudan-dikiliye-66-milyon-euroluk-dev-yatirim\/#breadcrumb"},"inLanguage":"ru-RU","potentialAction":[{"@type":"ReadAction","target":["http:\/\/denizcankizil.tr\/ru\/haberler\/gundem\/izsudan-dikiliye-66-milyon-euroluk-dev-yatirim\/"]}]},{"@type":"BreadcrumbList","@id":"http:\/\/denizcankizil.tr\/ru\/haberler\/gundem\/izsudan-dikiliye-66-milyon-euroluk-dev-yatirim\/#breadcrumb","itemListElement":[{"@type":"ListItem","position":1,"name":"Home","item":"https:\/\/denizcankizil.tr\/de\/"},{"@type":"ListItem","position":2,"name":"\u0130ZSU&#8217;dan Dikili\u2019ye 66 milyon Euro\u2019luk dev yat\u0131r\u0131m"}]},{"@type":"WebSite","@id":"https:\/\/denizcankizil.tr\/#website","url":"https:\/\/denizcankizil.tr\/","name":"Av. Deniz Can K\u0131z\u0131l","description":"Avukat Deniz Can K\u0131z\u0131l Antalya Barosu","publisher":{"@id":"https:\/\/denizcankizil.tr\/#organization"},"potentialAction":[{"@type":"SearchAction","target":{"@type":"EntryPoint","urlTemplate":"https:\/\/denizcankizil.tr\/?s={search_term_string}"},"query-input":{"@type":"PropertyValueSpecification","valueRequired":true,"valueName":"search_term_string"}}],"inLanguage":"ru-RU"},{"@type":"Organization","@id":"https:\/\/denizcankizil.tr\/#organization","name":"Av. Deniz Can K\u0131z\u0131l","url":"https:\/\/denizcankizil.tr\/","logo":{"@type":"ImageObject","inLanguage":"ru-RU","@id":"https:\/\/denizcankizil.tr\/#\/schema\/logo\/image\/","url":"http:\/\/denizcankizil.tr\/wp-content\/uploads\/2024\/10\/siyah-logo-svg.svg","contentUrl":"http:\/\/denizcankizil.tr\/wp-content\/uploads\/2024\/10\/siyah-logo-svg.svg","width":1080,"height":1080,"caption":"Av. Deniz Can K\u0131z\u0131l"},"image":{"@id":"https:\/\/denizcankizil.tr\/#\/schema\/logo\/image\/"}}]}},"_links":{"self":[{"href":"http:\/\/denizcankizil.tr\/ru\/wp-json\/wp\/v2\/posts\/18429","targetHints":{"allow":["GET"]}}],"collection":[{"href":"http:\/\/denizcankizil.tr\/ru\/wp-json\/wp\/v2\/posts"}],"about":[{"href":"http:\/\/denizcankizil.tr\/ru\/wp-json\/wp\/v2\/types\/post"}],"replies":[{"embeddable":true,"href":"http:\/\/denizcankizil.tr\/ru\/wp-json\/wp\/v2\/comments?post=18429"}],"version-history":[{"count":0,"href":"http:\/\/denizcankizil.tr\/ru\/wp-json\/wp\/v2\/posts\/18429\/revisions"}],"wp:attachment":[{"href":"http:\/\/denizcankizil.tr\/ru\/wp-json\/wp\/v2\/media?parent=18429"}],"wp:term":[{"taxonomy":"category","embeddable":true,"href":"http:\/\/denizcankizil.tr\/ru\/wp-json\/wp\/v2\/categories?post=18429"},{"taxonomy":"post_tag","embeddable":true,"href":"http:\/\/denizcankizil.tr\/ru\/wp-json\/wp\/v2\/tags?post=18429"}],"curies":[{"name":"wp","href":"https:\/\/api.w.org\/{rel}","templated":true}]}}