{"id":18161,"date":"2024-11-28T17:42:07","date_gmt":"2024-11-28T14:42:07","guid":{"rendered":"https:\/\/denizcankizil.tr\/uncategorized-tr\/baskan-sadi-ozdemir-engelli-bireylerle-bulustu\/"},"modified":"2024-11-28T17:42:07","modified_gmt":"2024-11-28T14:42:07","slug":"baskan-sadi-ozdemir-engelli-bireylerle-bulustu","status":"publish","type":"post","link":"http:\/\/denizcankizil.tr\/ru\/haberler\/gundem\/baskan-sadi-ozdemir-engelli-bireylerle-bulustu\/","title":{"rendered":"Ba\u015fkan \u015eadi \u00d6zdemir engelli bireylerle bulu\u015ftu"},"content":{"rendered":"<p>Nil\u00fcfer Belediye Ba\u015fkan\u0131 \u015eadi \u00d6zdemir, Bizim Ev Engelliler Sosyal Ya\u015fam Destek Merkezi\u2019ni ziyaret ederek engelli bireylerle bir araya geldi. Yap\u0131lan \u00e7al\u0131\u015fmalar\u0131 yerinde inceleyen Ba\u015fkan \u015eadi \u00d6zdemir, \u201cAmac\u0131m\u0131z sorunlar\u0131 azaltarak engelli vatanda\u015flar\u0131m\u0131za daha iyi bir ya\u015fam sunmak\u201d dedi.\u00a0<\/p>\n<p>\u200bNil\u00fcfer Belediye Ba\u015fkan\u0131 \u015eadi \u00d6zdemir, Bizim Ev Engelliler Sosyal Ya\u015fam Destek Merkezi\u2019ni ziyaret ederek engelli bireylerle bir araya geldi. Yap\u0131lan \u00e7al\u0131\u015fmalar\u0131 yerinde inceleyen Ba\u015fkan \u015eadi \u00d6zdemir, \u201cAmac\u0131m\u0131z sorunlar\u0131 azaltarak engelli vatanda\u015flar\u0131m\u0131za daha iyi bir ya\u015fam sunmak\u201d dedi.\u00a0\u00a0<\/p>\n<p>\u200bHaberin Al\u0131nt\u0131land\u0131\u011f\u0131 Kaynak: www.iskenderun.org<\/p>","protected":false},"excerpt":{"rendered":"<p>Nil\u00fcfer Belediye Ba\u015fkan\u0131 \u015eadi \u00d6zdemir, Bizim Ev Engelliler Sosyal Ya\u015fam Destek Merkezi\u2019ni ziyaret ederek engelli bireylerle bir araya geldi. Yap\u0131lan \u00e7al\u0131\u015fmalar\u0131 yerinde inceleyen Ba\u015fkan \u015eadi \u00d6zdemir, \u201cAmac\u0131m\u0131z sorunlar\u0131 azaltarak engelli vatanda\u015flar\u0131m\u0131za daha iyi bir ya\u015fam sunmak\u201d dedi.\u00a0 \u200bNil\u00fcfer Belediye Ba\u015fkan\u0131 \u015eadi \u00d6zdemir, Bizim Ev Engelliler Sosyal Ya\u015fam Destek Merkezi\u2019ni ziyaret ederek engelli bireylerle bir araya geldi. Yap\u0131lan \u00e7al\u0131\u015fmalar\u0131 yerinde inceleyen Ba\u015fkan \u015eadi \u00d6zdemir, \u201cAmac\u0131m\u0131z sorunlar\u0131 azaltarak engelli vatanda\u015flar\u0131m\u0131za daha iyi bir ya\u015fam sunmak\u201d dedi.\u00a0\u00a0 \u200bHaberin Al\u0131nt\u0131land\u0131\u011f\u0131 Kaynak: www.iskenderun.org<\/p>","protected":false},"author":0,"featured_media":0,"comment_status":"open","ping_status":"open","sticky":false,"template":"","format":"standard","meta":{"_acf_changed":false,"footnotes":""},"categories":[24,535],"tags":[],"class_list":["post-18161","post","type-post","status-publish","format-standard","has-post-thumbnail","hentry","category-gundem","category-uncategorized-tr"],"acf":[],"yoast_head":"<!-- This site is optimized with the Yoast SEO Premium plugin v26.6 (Yoast SEO v27.1.1) - https:\/\/yoast.com\/product\/yoast-seo-premium-wordpress\/ -->\n<title>Ba\u015fkan \u015eadi \u00d6zdemir engelli bireylerle bulu\u015ftu - Av. Deniz Can K\u0131z\u0131l<\/title>\n<meta name=\"robots\" content=\"index, follow, max-snippet:-1, max-image-preview:large, max-video-preview:-1\" \/>\n<link rel=\"canonical\" href=\"https:\/\/denizcankizil.tr\/ru\/haberler\/gundem\/baskan-sadi-ozdemir-engelli-bireylerle-bulustu\/\" \/>\n<meta property=\"og:locale\" content=\"ru_RU\" \/>\n<meta property=\"og:type\" content=\"article\" \/>\n<meta property=\"og:title\" content=\"Ba\u015fkan \u015eadi \u00d6zdemir engelli bireylerle bulu\u015ftu\" \/>\n<meta property=\"og:description\" content=\"Nil\u00fcfer Belediye Ba\u015fkan\u0131 \u015eadi \u00d6zdemir, Bizim Ev Engelliler Sosyal Ya\u015fam Destek Merkezi\u2019ni ziyaret ederek engelli bireylerle bir araya geldi. Yap\u0131lan \u00e7al\u0131\u015fmalar\u0131 yerinde inceleyen Ba\u015fkan \u015eadi \u00d6zdemir, \u201cAmac\u0131m\u0131z sorunlar\u0131 azaltarak engelli vatanda\u015flar\u0131m\u0131za daha iyi bir ya\u015fam sunmak\u201d dedi.\u00a0 \u200bNil\u00fcfer Belediye Ba\u015fkan\u0131 \u015eadi \u00d6zdemir, Bizim Ev Engelliler Sosyal Ya\u015fam Destek Merkezi\u2019ni ziyaret ederek engelli bireylerle bir araya geldi. Yap\u0131lan \u00e7al\u0131\u015fmalar\u0131 yerinde inceleyen Ba\u015fkan \u015eadi \u00d6zdemir, \u201cAmac\u0131m\u0131z sorunlar\u0131 azaltarak engelli vatanda\u015flar\u0131m\u0131za daha iyi bir ya\u015fam sunmak\u201d dedi.\u00a0\u00a0 \u200bHaberin Al\u0131nt\u0131land\u0131\u011f\u0131 Kaynak: www.iskenderun.org\" \/>\n<meta property=\"og:url\" content=\"https:\/\/denizcankizil.tr\/ru\/haberler\/gundem\/baskan-sadi-ozdemir-engelli-bireylerle-bulustu\/\" \/>\n<meta property=\"og:site_name\" content=\"Av. Deniz Can K\u0131z\u0131l\" \/>\n<meta property=\"article:published_time\" content=\"2024-11-28T14:42:07+00:00\" \/>\n<meta name=\"twitter:card\" content=\"summary_large_image\" \/>\n<meta name=\"twitter:label1\" content=\"\u041f\u0440\u0438\u043c\u0435\u0440\u043d\u043e\u0435 \u0432\u0440\u0435\u043c\u044f \u0434\u043b\u044f \u0447\u0442\u0435\u043d\u0438\u044f\" \/>\n\t<meta name=\"twitter:data1\" content=\"1 \u043c\u0438\u043d\u0443\u0442\u0430\" \/>\n<script type=\"application\/ld+json\" class=\"yoast-schema-graph\">{\"@context\":\"https:\/\/schema.org\",\"@graph\":[{\"@type\":\"Article\",\"@id\":\"https:\/\/denizcankizil.tr\/de\/haberler\/gundem\/baskan-sadi-ozdemir-engelli-bireylerle-bulustu\/#article\",\"isPartOf\":{\"@id\":\"https:\/\/denizcankizil.tr\/de\/haberler\/gundem\/baskan-sadi-ozdemir-engelli-bireylerle-bulustu\/\"},\"author\":{\"name\":\"\",\"@id\":\"\"},\"headline\":\"Ba\u015fkan \u015eadi \u00d6zdemir engelli bireylerle bulu\u015ftu\",\"datePublished\":\"2024-11-28T14:42:07+00:00\",\"mainEntityOfPage\":{\"@id\":\"https:\/\/denizcankizil.tr\/de\/haberler\/gundem\/baskan-sadi-ozdemir-engelli-bireylerle-bulustu\/\"},\"wordCount\":116,\"commentCount\":0,\"publisher\":{\"@id\":\"https:\/\/denizcankizil.tr\/#organization\"},\"articleSection\":[\"G\u00fcndem\",\"Uncategorized\"],\"inLanguage\":\"ru-RU\",\"potentialAction\":[{\"@type\":\"CommentAction\",\"name\":\"Comment\",\"target\":[\"https:\/\/denizcankizil.tr\/de\/haberler\/gundem\/baskan-sadi-ozdemir-engelli-bireylerle-bulustu\/#respond\"]}]},{\"@type\":\"WebPage\",\"@id\":\"https:\/\/denizcankizil.tr\/de\/haberler\/gundem\/baskan-sadi-ozdemir-engelli-bireylerle-bulustu\/\",\"url\":\"https:\/\/denizcankizil.tr\/de\/haberler\/gundem\/baskan-sadi-ozdemir-engelli-bireylerle-bulustu\/\",\"name\":\"Ba\u015fkan \u015eadi \u00d6zdemir engelli bireylerle bulu\u015ftu - Av. Deniz Can K\u0131z\u0131l\",\"isPartOf\":{\"@id\":\"https:\/\/denizcankizil.tr\/#website\"},\"datePublished\":\"2024-11-28T14:42:07+00:00\",\"breadcrumb\":{\"@id\":\"https:\/\/denizcankizil.tr\/de\/haberler\/gundem\/baskan-sadi-ozdemir-engelli-bireylerle-bulustu\/#breadcrumb\"},\"inLanguage\":\"ru-RU\",\"potentialAction\":[{\"@type\":\"ReadAction\",\"target\":[\"https:\/\/denizcankizil.tr\/de\/haberler\/gundem\/baskan-sadi-ozdemir-engelli-bireylerle-bulustu\/\"]}]},{\"@type\":\"BreadcrumbList\",\"@id\":\"https:\/\/denizcankizil.tr\/de\/haberler\/gundem\/baskan-sadi-ozdemir-engelli-bireylerle-bulustu\/#breadcrumb\",\"itemListElement\":[{\"@type\":\"ListItem\",\"position\":1,\"name\":\"Home\",\"item\":\"https:\/\/denizcankizil.tr\/de\/\"},{\"@type\":\"ListItem\",\"position\":2,\"name\":\"Ba\u015fkan \u015eadi \u00d6zdemir engelli bireylerle bulu\u015ftu\"}]},{\"@type\":\"WebSite\",\"@id\":\"https:\/\/denizcankizil.tr\/#website\",\"url\":\"https:\/\/denizcankizil.tr\/\",\"name\":\"Av. Deniz Can K\u0131z\u0131l\",\"description\":\"Avukat Deniz Can K\u0131z\u0131l Antalya Barosu\",\"publisher\":{\"@id\":\"https:\/\/denizcankizil.tr\/#organization\"},\"potentialAction\":[{\"@type\":\"SearchAction\",\"target\":{\"@type\":\"EntryPoint\",\"urlTemplate\":\"https:\/\/denizcankizil.tr\/?s={search_term_string}\"},\"query-input\":{\"@type\":\"PropertyValueSpecification\",\"valueRequired\":true,\"valueName\":\"search_term_string\"}}],\"inLanguage\":\"ru-RU\"},{\"@type\":\"Organization\",\"@id\":\"https:\/\/denizcankizil.tr\/#organization\",\"name\":\"Av. Deniz Can K\u0131z\u0131l\",\"url\":\"https:\/\/denizcankizil.tr\/\",\"logo\":{\"@type\":\"ImageObject\",\"inLanguage\":\"ru-RU\",\"@id\":\"https:\/\/denizcankizil.tr\/#\/schema\/logo\/image\/\",\"url\":\"http:\/\/denizcankizil.tr\/wp-content\/uploads\/2024\/10\/siyah-logo-svg.svg\",\"contentUrl\":\"http:\/\/denizcankizil.tr\/wp-content\/uploads\/2024\/10\/siyah-logo-svg.svg\",\"width\":1080,\"height\":1080,\"caption\":\"Av. Deniz Can K\u0131z\u0131l\"},\"image\":{\"@id\":\"https:\/\/denizcankizil.tr\/#\/schema\/logo\/image\/\"}}]}<\/script>\n<!-- \/ Yoast SEO Premium plugin. -->","yoast_head_json":{"title":"Ba\u015fkan \u015eadi \u00d6zdemir engelli bireylerle bulu\u015ftu - Av. Deniz Can K\u0131z\u0131l","robots":{"index":"index","follow":"follow","max-snippet":"max-snippet:-1","max-image-preview":"max-image-preview:large","max-video-preview":"max-video-preview:-1"},"canonical":"https:\/\/denizcankizil.tr\/ru\/haberler\/gundem\/baskan-sadi-ozdemir-engelli-bireylerle-bulustu\/","og_locale":"ru_RU","og_type":"article","og_title":"Ba\u015fkan \u015eadi \u00d6zdemir engelli bireylerle bulu\u015ftu","og_description":"Nil\u00fcfer Belediye Ba\u015fkan\u0131 \u015eadi \u00d6zdemir, Bizim Ev Engelliler Sosyal Ya\u015fam Destek Merkezi\u2019ni ziyaret ederek engelli bireylerle bir araya geldi. Yap\u0131lan \u00e7al\u0131\u015fmalar\u0131 yerinde inceleyen Ba\u015fkan \u015eadi \u00d6zdemir, \u201cAmac\u0131m\u0131z sorunlar\u0131 azaltarak engelli vatanda\u015flar\u0131m\u0131za daha iyi bir ya\u015fam sunmak\u201d dedi.\u00a0 \u200bNil\u00fcfer Belediye Ba\u015fkan\u0131 \u015eadi \u00d6zdemir, Bizim Ev Engelliler Sosyal Ya\u015fam Destek Merkezi\u2019ni ziyaret ederek engelli bireylerle bir araya geldi. Yap\u0131lan \u00e7al\u0131\u015fmalar\u0131 yerinde inceleyen Ba\u015fkan \u015eadi \u00d6zdemir, \u201cAmac\u0131m\u0131z sorunlar\u0131 azaltarak engelli vatanda\u015flar\u0131m\u0131za daha iyi bir ya\u015fam sunmak\u201d dedi.\u00a0\u00a0 \u200bHaberin Al\u0131nt\u0131land\u0131\u011f\u0131 Kaynak: www.iskenderun.org","og_url":"https:\/\/denizcankizil.tr\/ru\/haberler\/gundem\/baskan-sadi-ozdemir-engelli-bireylerle-bulustu\/","og_site_name":"Av. Deniz Can K\u0131z\u0131l","article_published_time":"2024-11-28T14:42:07+00:00","twitter_card":"summary_large_image","twitter_misc":{"\u041f\u0440\u0438\u043c\u0435\u0440\u043d\u043e\u0435 \u0432\u0440\u0435\u043c\u044f \u0434\u043b\u044f \u0447\u0442\u0435\u043d\u0438\u044f":"1 \u043c\u0438\u043d\u0443\u0442\u0430"},"schema":{"@context":"https:\/\/schema.org","@graph":[{"@type":"Article","@id":"https:\/\/denizcankizil.tr\/de\/haberler\/gundem\/baskan-sadi-ozdemir-engelli-bireylerle-bulustu\/#article","isPartOf":{"@id":"https:\/\/denizcankizil.tr\/de\/haberler\/gundem\/baskan-sadi-ozdemir-engelli-bireylerle-bulustu\/"},"author":{"name":"","@id":""},"headline":"Ba\u015fkan \u015eadi \u00d6zdemir engelli bireylerle bulu\u015ftu","datePublished":"2024-11-28T14:42:07+00:00","mainEntityOfPage":{"@id":"https:\/\/denizcankizil.tr\/de\/haberler\/gundem\/baskan-sadi-ozdemir-engelli-bireylerle-bulustu\/"},"wordCount":116,"commentCount":0,"publisher":{"@id":"https:\/\/denizcankizil.tr\/#organization"},"articleSection":["G\u00fcndem","Uncategorized"],"inLanguage":"ru-RU","potentialAction":[{"@type":"CommentAction","name":"Comment","target":["https:\/\/denizcankizil.tr\/de\/haberler\/gundem\/baskan-sadi-ozdemir-engelli-bireylerle-bulustu\/#respond"]}]},{"@type":"WebPage","@id":"https:\/\/denizcankizil.tr\/de\/haberler\/gundem\/baskan-sadi-ozdemir-engelli-bireylerle-bulustu\/","url":"https:\/\/denizcankizil.tr\/de\/haberler\/gundem\/baskan-sadi-ozdemir-engelli-bireylerle-bulustu\/","name":"Ba\u015fkan \u015eadi \u00d6zdemir engelli bireylerle bulu\u015ftu - Av. Deniz Can K\u0131z\u0131l","isPartOf":{"@id":"https:\/\/denizcankizil.tr\/#website"},"datePublished":"2024-11-28T14:42:07+00:00","breadcrumb":{"@id":"https:\/\/denizcankizil.tr\/de\/haberler\/gundem\/baskan-sadi-ozdemir-engelli-bireylerle-bulustu\/#breadcrumb"},"inLanguage":"ru-RU","potentialAction":[{"@type":"ReadAction","target":["https:\/\/denizcankizil.tr\/de\/haberler\/gundem\/baskan-sadi-ozdemir-engelli-bireylerle-bulustu\/"]}]},{"@type":"BreadcrumbList","@id":"https:\/\/denizcankizil.tr\/de\/haberler\/gundem\/baskan-sadi-ozdemir-engelli-bireylerle-bulustu\/#breadcrumb","itemListElement":[{"@type":"ListItem","position":1,"name":"Home","item":"https:\/\/denizcankizil.tr\/de\/"},{"@type":"ListItem","position":2,"name":"Ba\u015fkan \u015eadi \u00d6zdemir engelli bireylerle bulu\u015ftu"}]},{"@type":"WebSite","@id":"https:\/\/denizcankizil.tr\/#website","url":"https:\/\/denizcankizil.tr\/","name":"Av. Deniz Can K\u0131z\u0131l","description":"Avukat Deniz Can K\u0131z\u0131l Antalya Barosu","publisher":{"@id":"https:\/\/denizcankizil.tr\/#organization"},"potentialAction":[{"@type":"SearchAction","target":{"@type":"EntryPoint","urlTemplate":"https:\/\/denizcankizil.tr\/?s={search_term_string}"},"query-input":{"@type":"PropertyValueSpecification","valueRequired":true,"valueName":"search_term_string"}}],"inLanguage":"ru-RU"},{"@type":"Organization","@id":"https:\/\/denizcankizil.tr\/#organization","name":"Av. Deniz Can K\u0131z\u0131l","url":"https:\/\/denizcankizil.tr\/","logo":{"@type":"ImageObject","inLanguage":"ru-RU","@id":"https:\/\/denizcankizil.tr\/#\/schema\/logo\/image\/","url":"http:\/\/denizcankizil.tr\/wp-content\/uploads\/2024\/10\/siyah-logo-svg.svg","contentUrl":"http:\/\/denizcankizil.tr\/wp-content\/uploads\/2024\/10\/siyah-logo-svg.svg","width":1080,"height":1080,"caption":"Av. Deniz Can K\u0131z\u0131l"},"image":{"@id":"https:\/\/denizcankizil.tr\/#\/schema\/logo\/image\/"}}]}},"_links":{"self":[{"href":"http:\/\/denizcankizil.tr\/ru\/wp-json\/wp\/v2\/posts\/18161","targetHints":{"allow":["GET"]}}],"collection":[{"href":"http:\/\/denizcankizil.tr\/ru\/wp-json\/wp\/v2\/posts"}],"about":[{"href":"http:\/\/denizcankizil.tr\/ru\/wp-json\/wp\/v2\/types\/post"}],"replies":[{"embeddable":true,"href":"http:\/\/denizcankizil.tr\/ru\/wp-json\/wp\/v2\/comments?post=18161"}],"version-history":[{"count":0,"href":"http:\/\/denizcankizil.tr\/ru\/wp-json\/wp\/v2\/posts\/18161\/revisions"}],"wp:attachment":[{"href":"http:\/\/denizcankizil.tr\/ru\/wp-json\/wp\/v2\/media?parent=18161"}],"wp:term":[{"taxonomy":"category","embeddable":true,"href":"http:\/\/denizcankizil.tr\/ru\/wp-json\/wp\/v2\/categories?post=18161"},{"taxonomy":"post_tag","embeddable":true,"href":"http:\/\/denizcankizil.tr\/ru\/wp-json\/wp\/v2\/tags?post=18161"}],"curies":[{"name":"wp","href":"https:\/\/api.w.org\/{rel}","templated":true}]}}