{"id":17820,"date":"2024-11-26T22:41:33","date_gmt":"2024-11-26T19:41:33","guid":{"rendered":"https:\/\/denizcankizil.tr\/uncategorized-tr\/mersinde-kuru-yuk-gemisi-yan-yatti-personel-acil-tahliye-ediliyor\/"},"modified":"2024-11-26T22:41:33","modified_gmt":"2024-11-26T19:41:33","slug":"mersinde-kuru-yuk-gemisi-yan-yatti-personel-acil-tahliye-ediliyor","status":"publish","type":"post","link":"http:\/\/denizcankizil.tr\/ru\/haberler\/gundem\/mersinde-kuru-yuk-gemisi-yan-yatti-personel-acil-tahliye-ediliyor\/","title":{"rendered":"Mersin\u2019de kuru y\u00fck gemisi yan yatt\u0131! Personel acil tahliye ediliyor"},"content":{"rendered":"<p>89 metre boyundaki &#8220;ESPERANZA B&#8221; isimli kuru y\u00fck gemisi, Mersin 2 No&#8217;lu Demir Sahas\u0131&#8217;nda 15 derece yan yatt\u0131. Ula\u015ft\u0131rma ve Altyap\u0131 Bakanl\u0131\u011f\u0131 K\u0131y\u0131 Emniyeti Genel M\u00fcd\u00fcrl\u00fc\u011f\u00fc\u2019ne ait BAYRAK 2 isimli bot ivedilikle olay yerine y\u00f6nlendirildi. Gemide bulunan personel i\u00e7in tahliye i\u015flemi ba\u015flat\u0131ld\u0131.<\/p>\n<p>OLAY YER\u0130NE M\u00dcDAHALE<\/p>\n<p>Ula\u015ft\u0131rma ve Altyap\u0131 Bakanl\u0131\u011f\u0131 taraf\u0131ndan yap\u0131lan a\u00e7\u0131klamada \u015fu ifadeler yer ald\u0131: &#8220;Mersin 2 No&#8217;lu Demir Sahas\u0131&#8217;nda 15 derece yan yatan 89 metre boyundaki ESPERANZA B isimli kuru y\u00fck gemisinde bulunan personelin acil tahliyesi i\u00e7in, Ula\u015ft\u0131rma ve Altyap\u0131 Bakanl\u0131\u011f\u0131 K\u0131y\u0131 Emniyeti Genel M\u00fcd\u00fcrl\u00fc\u011f\u00fcm\u00fcze ait BAYRAK 2 isimli bot ivedilikle olay yerine y\u00f6nlendirilmi\u015f ve gemide bulunan personelin tahliye i\u015flemi ba\u015flam\u0131\u015ft\u0131r.&#8221; \u00a0<\/p>\n<p>\u00a0<\/p>\n<p>\u200bUla\u015ft\u0131rma ve Altyap\u0131 Bakanl\u0131\u011f\u0131, Mersin 2 No&#8217;lu Demir Sahas\u0131&#8217;nda 15 derece yan yatan &#8220;ESPERANZA B&#8221; isimli kuru y\u00fck gemisinde bulunan personelin acil tahliyesi i\u00e7in \u00e7al\u0131\u015fmalar\u0131n ba\u015flat\u0131ld\u0131\u011f\u0131n\u0131 bildirdi\u00a0<\/p>\n<p>\u200bHaberin Al\u0131nt\u0131land\u0131\u011f\u0131 Kaynak: www.antalyakorfez.com<\/p>","protected":false},"excerpt":{"rendered":"<p>89 metre boyundaki &#8220;ESPERANZA B&#8221; isimli kuru y\u00fck gemisi, Mersin 2 No&#8217;lu Demir Sahas\u0131&#8217;nda 15 derece yan yatt\u0131. Ula\u015ft\u0131rma ve Altyap\u0131 Bakanl\u0131\u011f\u0131 K\u0131y\u0131 Emniyeti Genel M\u00fcd\u00fcrl\u00fc\u011f\u00fc\u2019ne ait BAYRAK 2 isimli bot ivedilikle olay yerine y\u00f6nlendirildi. Gemide bulunan personel i\u00e7in tahliye i\u015flemi ba\u015flat\u0131ld\u0131. OLAY YER\u0130NE M\u00dcDAHALE Ula\u015ft\u0131rma ve Altyap\u0131 Bakanl\u0131\u011f\u0131 taraf\u0131ndan yap\u0131lan a\u00e7\u0131klamada \u015fu ifadeler yer ald\u0131: &#8220;Mersin 2 No&#8217;lu Demir Sahas\u0131&#8217;nda 15 derece yan yatan 89 metre boyundaki ESPERANZA B isimli kuru y\u00fck gemisinde bulunan personelin acil tahliyesi i\u00e7in, Ula\u015ft\u0131rma ve Altyap\u0131 Bakanl\u0131\u011f\u0131 K\u0131y\u0131 Emniyeti Genel M\u00fcd\u00fcrl\u00fc\u011f\u00fcm\u00fcze ait BAYRAK 2 isimli bot ivedilikle olay yerine y\u00f6nlendirilmi\u015f ve gemide bulunan personelin tahliye i\u015flemi ba\u015flam\u0131\u015ft\u0131r.&#8221; \u00a0 \u00a0 \u200bUla\u015ft\u0131rma ve Altyap\u0131 Bakanl\u0131\u011f\u0131, Mersin 2 No&#8217;lu Demir Sahas\u0131&#8217;nda 15 derece yan yatan &#8220;ESPERANZA B&#8221; isimli kuru y\u00fck gemisinde bulunan personelin acil tahliyesi i\u00e7in \u00e7al\u0131\u015fmalar\u0131n ba\u015flat\u0131ld\u0131\u011f\u0131n\u0131 bildirdi\u00a0 \u200bHaberin Al\u0131nt\u0131land\u0131\u011f\u0131 Kaynak: www.antalyakorfez.com<\/p>","protected":false},"author":0,"featured_media":0,"comment_status":"open","ping_status":"open","sticky":false,"template":"","format":"standard","meta":{"_acf_changed":false,"footnotes":""},"categories":[24,535],"tags":[],"class_list":["post-17820","post","type-post","status-publish","format-standard","has-post-thumbnail","hentry","category-gundem","category-uncategorized-tr"],"acf":[],"yoast_head":"<!-- This site is optimized with the Yoast SEO Premium plugin v26.6 (Yoast SEO v27.1.1) - https:\/\/yoast.com\/product\/yoast-seo-premium-wordpress\/ -->\n<title>Mersin\u2019de kuru y\u00fck gemisi yan yatt\u0131! Personel acil tahliye ediliyor - Av. Deniz Can K\u0131z\u0131l<\/title>\n<meta name=\"robots\" content=\"index, follow, max-snippet:-1, max-image-preview:large, max-video-preview:-1\" \/>\n<link rel=\"canonical\" href=\"http:\/\/denizcankizil.tr\/ru\/haberler\/gundem\/mersinde-kuru-yuk-gemisi-yan-yatti-personel-acil-tahliye-ediliyor\/\" \/>\n<meta property=\"og:locale\" content=\"ru_RU\" \/>\n<meta property=\"og:type\" content=\"article\" \/>\n<meta property=\"og:title\" content=\"Mersin\u2019de kuru y\u00fck gemisi yan yatt\u0131! Personel acil tahliye ediliyor\" \/>\n<meta property=\"og:description\" content=\"89 metre boyundaki &#8220;ESPERANZA B&#8221; isimli kuru y\u00fck gemisi, Mersin 2 No&#8217;lu Demir Sahas\u0131&#8217;nda 15 derece yan yatt\u0131. Ula\u015ft\u0131rma ve Altyap\u0131 Bakanl\u0131\u011f\u0131 K\u0131y\u0131 Emniyeti Genel M\u00fcd\u00fcrl\u00fc\u011f\u00fc\u2019ne ait BAYRAK 2 isimli bot ivedilikle olay yerine y\u00f6nlendirildi. Gemide bulunan personel i\u00e7in tahliye i\u015flemi ba\u015flat\u0131ld\u0131. OLAY YER\u0130NE M\u00dcDAHALE Ula\u015ft\u0131rma ve Altyap\u0131 Bakanl\u0131\u011f\u0131 taraf\u0131ndan yap\u0131lan a\u00e7\u0131klamada \u015fu ifadeler yer ald\u0131: &#8220;Mersin 2 No&#8217;lu Demir Sahas\u0131&#8217;nda 15 derece yan yatan 89 metre boyundaki ESPERANZA B isimli kuru y\u00fck gemisinde bulunan personelin acil tahliyesi i\u00e7in, Ula\u015ft\u0131rma ve Altyap\u0131 Bakanl\u0131\u011f\u0131 K\u0131y\u0131 Emniyeti Genel M\u00fcd\u00fcrl\u00fc\u011f\u00fcm\u00fcze ait BAYRAK 2 isimli bot ivedilikle olay yerine y\u00f6nlendirilmi\u015f ve gemide bulunan personelin tahliye i\u015flemi ba\u015flam\u0131\u015ft\u0131r.&#8221; \u00a0 \u00a0 \u200bUla\u015ft\u0131rma ve Altyap\u0131 Bakanl\u0131\u011f\u0131, Mersin 2 No&#8217;lu Demir Sahas\u0131&#8217;nda 15 derece yan yatan &#8220;ESPERANZA B&#8221; isimli kuru y\u00fck gemisinde bulunan personelin acil tahliyesi i\u00e7in \u00e7al\u0131\u015fmalar\u0131n ba\u015flat\u0131ld\u0131\u011f\u0131n\u0131 bildirdi\u00a0 \u200bHaberin Al\u0131nt\u0131land\u0131\u011f\u0131 Kaynak: www.antalyakorfez.com\" \/>\n<meta property=\"og:url\" content=\"http:\/\/denizcankizil.tr\/ru\/haberler\/gundem\/mersinde-kuru-yuk-gemisi-yan-yatti-personel-acil-tahliye-ediliyor\/\" \/>\n<meta property=\"og:site_name\" content=\"Av. Deniz Can K\u0131z\u0131l\" \/>\n<meta property=\"article:published_time\" content=\"2024-11-26T19:41:33+00:00\" \/>\n<meta name=\"twitter:card\" content=\"summary_large_image\" \/>\n<meta name=\"twitter:label1\" content=\"\u041f\u0440\u0438\u043c\u0435\u0440\u043d\u043e\u0435 \u0432\u0440\u0435\u043c\u044f \u0434\u043b\u044f \u0447\u0442\u0435\u043d\u0438\u044f\" \/>\n\t<meta name=\"twitter:data1\" content=\"1 \u043c\u0438\u043d\u0443\u0442\u0430\" \/>\n<script type=\"application\/ld+json\" class=\"yoast-schema-graph\">{\"@context\":\"https:\/\/schema.org\",\"@graph\":[{\"@type\":\"Article\",\"@id\":\"http:\/\/denizcankizil.tr\/ru\/haberler\/gundem\/mersinde-kuru-yuk-gemisi-yan-yatti-personel-acil-tahliye-ediliyor\/#article\",\"isPartOf\":{\"@id\":\"http:\/\/denizcankizil.tr\/ru\/haberler\/gundem\/mersinde-kuru-yuk-gemisi-yan-yatti-personel-acil-tahliye-ediliyor\/\"},\"author\":{\"name\":\"\",\"@id\":\"\"},\"headline\":\"Mersin\u2019de kuru y\u00fck gemisi yan yatt\u0131! Personel acil tahliye ediliyor\",\"datePublished\":\"2024-11-26T19:41:33+00:00\",\"mainEntityOfPage\":{\"@id\":\"http:\/\/denizcankizil.tr\/ru\/haberler\/gundem\/mersinde-kuru-yuk-gemisi-yan-yatti-personel-acil-tahliye-ediliyor\/\"},\"wordCount\":188,\"commentCount\":0,\"publisher\":{\"@id\":\"https:\/\/denizcankizil.tr\/#organization\"},\"articleSection\":[\"G\u00fcndem\",\"Uncategorized\"],\"inLanguage\":\"ru-RU\",\"potentialAction\":[{\"@type\":\"CommentAction\",\"name\":\"Comment\",\"target\":[\"http:\/\/denizcankizil.tr\/ru\/haberler\/gundem\/mersinde-kuru-yuk-gemisi-yan-yatti-personel-acil-tahliye-ediliyor\/#respond\"]}]},{\"@type\":\"WebPage\",\"@id\":\"http:\/\/denizcankizil.tr\/ru\/haberler\/gundem\/mersinde-kuru-yuk-gemisi-yan-yatti-personel-acil-tahliye-ediliyor\/\",\"url\":\"http:\/\/denizcankizil.tr\/ru\/haberler\/gundem\/mersinde-kuru-yuk-gemisi-yan-yatti-personel-acil-tahliye-ediliyor\/\",\"name\":\"Mersin\u2019de kuru y\u00fck gemisi yan yatt\u0131! Personel acil tahliye ediliyor - Av. Deniz Can K\u0131z\u0131l\",\"isPartOf\":{\"@id\":\"https:\/\/denizcankizil.tr\/#website\"},\"datePublished\":\"2024-11-26T19:41:33+00:00\",\"breadcrumb\":{\"@id\":\"http:\/\/denizcankizil.tr\/ru\/haberler\/gundem\/mersinde-kuru-yuk-gemisi-yan-yatti-personel-acil-tahliye-ediliyor\/#breadcrumb\"},\"inLanguage\":\"ru-RU\",\"potentialAction\":[{\"@type\":\"ReadAction\",\"target\":[\"http:\/\/denizcankizil.tr\/ru\/haberler\/gundem\/mersinde-kuru-yuk-gemisi-yan-yatti-personel-acil-tahliye-ediliyor\/\"]}]},{\"@type\":\"BreadcrumbList\",\"@id\":\"http:\/\/denizcankizil.tr\/ru\/haberler\/gundem\/mersinde-kuru-yuk-gemisi-yan-yatti-personel-acil-tahliye-ediliyor\/#breadcrumb\",\"itemListElement\":[{\"@type\":\"ListItem\",\"position\":1,\"name\":\"Home\",\"item\":\"https:\/\/denizcankizil.tr\/uk\/\"},{\"@type\":\"ListItem\",\"position\":2,\"name\":\"Mersin\u2019de kuru y\u00fck gemisi yan yatt\u0131! Personel acil tahliye ediliyor\"}]},{\"@type\":\"WebSite\",\"@id\":\"https:\/\/denizcankizil.tr\/#website\",\"url\":\"https:\/\/denizcankizil.tr\/\",\"name\":\"Av. Deniz Can K\u0131z\u0131l\",\"description\":\"Avukat Deniz Can K\u0131z\u0131l Antalya Barosu\",\"publisher\":{\"@id\":\"https:\/\/denizcankizil.tr\/#organization\"},\"potentialAction\":[{\"@type\":\"SearchAction\",\"target\":{\"@type\":\"EntryPoint\",\"urlTemplate\":\"https:\/\/denizcankizil.tr\/?s={search_term_string}\"},\"query-input\":{\"@type\":\"PropertyValueSpecification\",\"valueRequired\":true,\"valueName\":\"search_term_string\"}}],\"inLanguage\":\"ru-RU\"},{\"@type\":\"Organization\",\"@id\":\"https:\/\/denizcankizil.tr\/#organization\",\"name\":\"Av. Deniz Can K\u0131z\u0131l\",\"url\":\"https:\/\/denizcankizil.tr\/\",\"logo\":{\"@type\":\"ImageObject\",\"inLanguage\":\"ru-RU\",\"@id\":\"https:\/\/denizcankizil.tr\/#\/schema\/logo\/image\/\",\"url\":\"http:\/\/denizcankizil.tr\/wp-content\/uploads\/2024\/10\/siyah-logo-svg.svg\",\"contentUrl\":\"http:\/\/denizcankizil.tr\/wp-content\/uploads\/2024\/10\/siyah-logo-svg.svg\",\"width\":1080,\"height\":1080,\"caption\":\"Av. Deniz Can K\u0131z\u0131l\"},\"image\":{\"@id\":\"https:\/\/denizcankizil.tr\/#\/schema\/logo\/image\/\"}}]}<\/script>\n<!-- \/ Yoast SEO Premium plugin. -->","yoast_head_json":{"title":"Mersin\u2019de kuru y\u00fck gemisi yan yatt\u0131! Personel acil tahliye ediliyor - Av. Deniz Can K\u0131z\u0131l","robots":{"index":"index","follow":"follow","max-snippet":"max-snippet:-1","max-image-preview":"max-image-preview:large","max-video-preview":"max-video-preview:-1"},"canonical":"http:\/\/denizcankizil.tr\/ru\/haberler\/gundem\/mersinde-kuru-yuk-gemisi-yan-yatti-personel-acil-tahliye-ediliyor\/","og_locale":"ru_RU","og_type":"article","og_title":"Mersin\u2019de kuru y\u00fck gemisi yan yatt\u0131! Personel acil tahliye ediliyor","og_description":"89 metre boyundaki &#8220;ESPERANZA B&#8221; isimli kuru y\u00fck gemisi, Mersin 2 No&#8217;lu Demir Sahas\u0131&#8217;nda 15 derece yan yatt\u0131. Ula\u015ft\u0131rma ve Altyap\u0131 Bakanl\u0131\u011f\u0131 K\u0131y\u0131 Emniyeti Genel M\u00fcd\u00fcrl\u00fc\u011f\u00fc\u2019ne ait BAYRAK 2 isimli bot ivedilikle olay yerine y\u00f6nlendirildi. Gemide bulunan personel i\u00e7in tahliye i\u015flemi ba\u015flat\u0131ld\u0131. OLAY YER\u0130NE M\u00dcDAHALE Ula\u015ft\u0131rma ve Altyap\u0131 Bakanl\u0131\u011f\u0131 taraf\u0131ndan yap\u0131lan a\u00e7\u0131klamada \u015fu ifadeler yer ald\u0131: &#8220;Mersin 2 No&#8217;lu Demir Sahas\u0131&#8217;nda 15 derece yan yatan 89 metre boyundaki ESPERANZA B isimli kuru y\u00fck gemisinde bulunan personelin acil tahliyesi i\u00e7in, Ula\u015ft\u0131rma ve Altyap\u0131 Bakanl\u0131\u011f\u0131 K\u0131y\u0131 Emniyeti Genel M\u00fcd\u00fcrl\u00fc\u011f\u00fcm\u00fcze ait BAYRAK 2 isimli bot ivedilikle olay yerine y\u00f6nlendirilmi\u015f ve gemide bulunan personelin tahliye i\u015flemi ba\u015flam\u0131\u015ft\u0131r.&#8221; \u00a0 \u00a0 \u200bUla\u015ft\u0131rma ve Altyap\u0131 Bakanl\u0131\u011f\u0131, Mersin 2 No&#8217;lu Demir Sahas\u0131&#8217;nda 15 derece yan yatan &#8220;ESPERANZA B&#8221; isimli kuru y\u00fck gemisinde bulunan personelin acil tahliyesi i\u00e7in \u00e7al\u0131\u015fmalar\u0131n ba\u015flat\u0131ld\u0131\u011f\u0131n\u0131 bildirdi\u00a0 \u200bHaberin Al\u0131nt\u0131land\u0131\u011f\u0131 Kaynak: www.antalyakorfez.com","og_url":"http:\/\/denizcankizil.tr\/ru\/haberler\/gundem\/mersinde-kuru-yuk-gemisi-yan-yatti-personel-acil-tahliye-ediliyor\/","og_site_name":"Av. Deniz Can K\u0131z\u0131l","article_published_time":"2024-11-26T19:41:33+00:00","twitter_card":"summary_large_image","twitter_misc":{"\u041f\u0440\u0438\u043c\u0435\u0440\u043d\u043e\u0435 \u0432\u0440\u0435\u043c\u044f \u0434\u043b\u044f \u0447\u0442\u0435\u043d\u0438\u044f":"1 \u043c\u0438\u043d\u0443\u0442\u0430"},"schema":{"@context":"https:\/\/schema.org","@graph":[{"@type":"Article","@id":"http:\/\/denizcankizil.tr\/ru\/haberler\/gundem\/mersinde-kuru-yuk-gemisi-yan-yatti-personel-acil-tahliye-ediliyor\/#article","isPartOf":{"@id":"http:\/\/denizcankizil.tr\/ru\/haberler\/gundem\/mersinde-kuru-yuk-gemisi-yan-yatti-personel-acil-tahliye-ediliyor\/"},"author":{"name":"","@id":""},"headline":"Mersin\u2019de kuru y\u00fck gemisi yan yatt\u0131! Personel acil tahliye ediliyor","datePublished":"2024-11-26T19:41:33+00:00","mainEntityOfPage":{"@id":"http:\/\/denizcankizil.tr\/ru\/haberler\/gundem\/mersinde-kuru-yuk-gemisi-yan-yatti-personel-acil-tahliye-ediliyor\/"},"wordCount":188,"commentCount":0,"publisher":{"@id":"https:\/\/denizcankizil.tr\/#organization"},"articleSection":["G\u00fcndem","Uncategorized"],"inLanguage":"ru-RU","potentialAction":[{"@type":"CommentAction","name":"Comment","target":["http:\/\/denizcankizil.tr\/ru\/haberler\/gundem\/mersinde-kuru-yuk-gemisi-yan-yatti-personel-acil-tahliye-ediliyor\/#respond"]}]},{"@type":"WebPage","@id":"http:\/\/denizcankizil.tr\/ru\/haberler\/gundem\/mersinde-kuru-yuk-gemisi-yan-yatti-personel-acil-tahliye-ediliyor\/","url":"http:\/\/denizcankizil.tr\/ru\/haberler\/gundem\/mersinde-kuru-yuk-gemisi-yan-yatti-personel-acil-tahliye-ediliyor\/","name":"Mersin\u2019de kuru y\u00fck gemisi yan yatt\u0131! Personel acil tahliye ediliyor - Av. Deniz Can K\u0131z\u0131l","isPartOf":{"@id":"https:\/\/denizcankizil.tr\/#website"},"datePublished":"2024-11-26T19:41:33+00:00","breadcrumb":{"@id":"http:\/\/denizcankizil.tr\/ru\/haberler\/gundem\/mersinde-kuru-yuk-gemisi-yan-yatti-personel-acil-tahliye-ediliyor\/#breadcrumb"},"inLanguage":"ru-RU","potentialAction":[{"@type":"ReadAction","target":["http:\/\/denizcankizil.tr\/ru\/haberler\/gundem\/mersinde-kuru-yuk-gemisi-yan-yatti-personel-acil-tahliye-ediliyor\/"]}]},{"@type":"BreadcrumbList","@id":"http:\/\/denizcankizil.tr\/ru\/haberler\/gundem\/mersinde-kuru-yuk-gemisi-yan-yatti-personel-acil-tahliye-ediliyor\/#breadcrumb","itemListElement":[{"@type":"ListItem","position":1,"name":"Home","item":"https:\/\/denizcankizil.tr\/uk\/"},{"@type":"ListItem","position":2,"name":"Mersin\u2019de kuru y\u00fck gemisi yan yatt\u0131! Personel acil tahliye ediliyor"}]},{"@type":"WebSite","@id":"https:\/\/denizcankizil.tr\/#website","url":"https:\/\/denizcankizil.tr\/","name":"Av. Deniz Can K\u0131z\u0131l","description":"Avukat Deniz Can K\u0131z\u0131l Antalya Barosu","publisher":{"@id":"https:\/\/denizcankizil.tr\/#organization"},"potentialAction":[{"@type":"SearchAction","target":{"@type":"EntryPoint","urlTemplate":"https:\/\/denizcankizil.tr\/?s={search_term_string}"},"query-input":{"@type":"PropertyValueSpecification","valueRequired":true,"valueName":"search_term_string"}}],"inLanguage":"ru-RU"},{"@type":"Organization","@id":"https:\/\/denizcankizil.tr\/#organization","name":"Av. Deniz Can K\u0131z\u0131l","url":"https:\/\/denizcankizil.tr\/","logo":{"@type":"ImageObject","inLanguage":"ru-RU","@id":"https:\/\/denizcankizil.tr\/#\/schema\/logo\/image\/","url":"http:\/\/denizcankizil.tr\/wp-content\/uploads\/2024\/10\/siyah-logo-svg.svg","contentUrl":"http:\/\/denizcankizil.tr\/wp-content\/uploads\/2024\/10\/siyah-logo-svg.svg","width":1080,"height":1080,"caption":"Av. Deniz Can K\u0131z\u0131l"},"image":{"@id":"https:\/\/denizcankizil.tr\/#\/schema\/logo\/image\/"}}]}},"_links":{"self":[{"href":"http:\/\/denizcankizil.tr\/ru\/wp-json\/wp\/v2\/posts\/17820","targetHints":{"allow":["GET"]}}],"collection":[{"href":"http:\/\/denizcankizil.tr\/ru\/wp-json\/wp\/v2\/posts"}],"about":[{"href":"http:\/\/denizcankizil.tr\/ru\/wp-json\/wp\/v2\/types\/post"}],"replies":[{"embeddable":true,"href":"http:\/\/denizcankizil.tr\/ru\/wp-json\/wp\/v2\/comments?post=17820"}],"version-history":[{"count":0,"href":"http:\/\/denizcankizil.tr\/ru\/wp-json\/wp\/v2\/posts\/17820\/revisions"}],"wp:attachment":[{"href":"http:\/\/denizcankizil.tr\/ru\/wp-json\/wp\/v2\/media?parent=17820"}],"wp:term":[{"taxonomy":"category","embeddable":true,"href":"http:\/\/denizcankizil.tr\/ru\/wp-json\/wp\/v2\/categories?post=17820"},{"taxonomy":"post_tag","embeddable":true,"href":"http:\/\/denizcankizil.tr\/ru\/wp-json\/wp\/v2\/tags?post=17820"}],"curies":[{"name":"wp","href":"https:\/\/api.w.org\/{rel}","templated":true}]}}