{"id":16805,"date":"2024-11-21T08:42:21","date_gmt":"2024-11-21T05:42:21","guid":{"rendered":"https:\/\/denizcankizil.tr\/uncategorized-tr\/bayrampasali-miniklerden-cocuk-haklari-gunu-kutlamasi\/"},"modified":"2025-03-16T00:45:51","modified_gmt":"2025-03-15T21:45:51","slug":"bayrampasali-miniklerden-cocuk-haklari-gunu-kutlamasi","status":"publish","type":"post","link":"http:\/\/denizcankizil.tr\/ru\/haberler\/gundem\/bayrampasali-miniklerden-cocuk-haklari-gunu-kutlamasi\/","title":{"rendered":"Bayrampa\u015fal\u0131 miniklerden \u00e7ocuk haklar\u0131 g\u00fcn\u00fc kutlamas\u0131"},"content":{"rendered":"<p>Yuvam\u0131z Bayrampa\u015fa \u00c7ocuk E\u011fitim Merkezi\u2019nde e\u011fitim g\u00f6ren minikler, 20 Kas\u0131m D\u00fcnya \u00c7ocuk Haklar\u0131 G\u00fcn\u00fc\u2019nde pankartlarla belediye binas\u0131na gelerek \u00e7ocuk haklar\u0131na dikkat \u00e7ekti.<\/p>\n<p>\u200bYuvam\u0131z Bayrampa\u015fa \u00c7ocuk E\u011fitim Merkezi\u2019nde e\u011fitim g\u00f6ren minikler, 20 Kas\u0131m D\u00fcnya \u00c7ocuk Haklar\u0131 G\u00fcn\u00fc\u2019nde pankartlarla belediye binas\u0131na gelerek \u00e7ocuk haklar\u0131na dikkat \u00e7ekti.\u00a0<\/p>\n<p>\u200bHaberin Al\u0131nt\u0131land\u0131\u011f\u0131 Kaynak: www.iskenderun.org<\/p>","protected":false},"excerpt":{"rendered":"<p>Yuvam\u0131z Bayrampa\u015fa \u00c7ocuk E\u011fitim Merkezi\u2019nde e\u011fitim g\u00f6ren minikler, 20 Kas\u0131m D\u00fcnya \u00c7ocuk Haklar\u0131 G\u00fcn\u00fc\u2019nde pankartlarla belediye binas\u0131na gelerek \u00e7ocuk haklar\u0131na dikkat \u00e7ekti. \u200bYuvam\u0131z Bayrampa\u015fa \u00c7ocuk E\u011fitim Merkezi\u2019nde e\u011fitim g\u00f6ren minikler, 20 Kas\u0131m D\u00fcnya \u00c7ocuk Haklar\u0131 G\u00fcn\u00fc\u2019nde pankartlarla belediye binas\u0131na gelerek \u00e7ocuk haklar\u0131na dikkat \u00e7ekti.\u00a0 \u200bHaberin Al\u0131nt\u0131land\u0131\u011f\u0131 Kaynak: www.iskenderun.org<\/p>","protected":false},"author":2,"featured_media":0,"comment_status":"closed","ping_status":"open","sticky":false,"template":"","format":"standard","meta":{"_acf_changed":false,"footnotes":""},"categories":[24,535],"tags":[],"class_list":["post-16805","post","type-post","status-publish","format-standard","has-post-thumbnail","hentry","category-gundem","category-uncategorized-tr"],"acf":[],"yoast_head":"<!-- This site is optimized with the Yoast SEO Premium plugin v26.6 (Yoast SEO v27.1.1) - https:\/\/yoast.com\/product\/yoast-seo-premium-wordpress\/ -->\n<title>Bayrampa\u015fal\u0131 miniklerden \u00e7ocuk haklar\u0131 g\u00fcn\u00fc kutlamas\u0131 - Av. Deniz Can K\u0131z\u0131l<\/title>\n<meta name=\"robots\" content=\"index, follow, max-snippet:-1, max-image-preview:large, max-video-preview:-1\" \/>\n<link rel=\"canonical\" href=\"http:\/\/denizcankizil.tr\/ru\/haberler\/gundem\/bayrampasali-miniklerden-cocuk-haklari-gunu-kutlamasi\/\" \/>\n<meta property=\"og:locale\" content=\"ru_RU\" \/>\n<meta property=\"og:type\" content=\"article\" \/>\n<meta property=\"og:title\" content=\"Bayrampa\u015fal\u0131 miniklerden \u00e7ocuk haklar\u0131 g\u00fcn\u00fc kutlamas\u0131\" \/>\n<meta property=\"og:description\" content=\"Yuvam\u0131z Bayrampa\u015fa \u00c7ocuk E\u011fitim Merkezi\u2019nde e\u011fitim g\u00f6ren minikler, 20 Kas\u0131m D\u00fcnya \u00c7ocuk Haklar\u0131 G\u00fcn\u00fc\u2019nde pankartlarla belediye binas\u0131na gelerek \u00e7ocuk haklar\u0131na dikkat \u00e7ekti. \u200bYuvam\u0131z Bayrampa\u015fa \u00c7ocuk E\u011fitim Merkezi\u2019nde e\u011fitim g\u00f6ren minikler, 20 Kas\u0131m D\u00fcnya \u00c7ocuk Haklar\u0131 G\u00fcn\u00fc\u2019nde pankartlarla belediye binas\u0131na gelerek \u00e7ocuk haklar\u0131na dikkat \u00e7ekti.\u00a0 \u200bHaberin Al\u0131nt\u0131land\u0131\u011f\u0131 Kaynak: www.iskenderun.org\" \/>\n<meta property=\"og:url\" content=\"http:\/\/denizcankizil.tr\/ru\/haberler\/gundem\/bayrampasali-miniklerden-cocuk-haklari-gunu-kutlamasi\/\" \/>\n<meta property=\"og:site_name\" content=\"Av. Deniz Can K\u0131z\u0131l\" \/>\n<meta property=\"article:published_time\" content=\"2024-11-21T05:42:21+00:00\" \/>\n<meta property=\"article:modified_time\" content=\"2025-03-15T21:45:51+00:00\" \/>\n<meta name=\"author\" content=\"www.hukukihaber .net\" \/>\n<meta name=\"twitter:card\" content=\"summary_large_image\" \/>\n<meta name=\"twitter:label1\" content=\"\u041d\u0430\u043f\u0438\u0441\u0430\u043d\u043e \u0430\u0432\u0442\u043e\u0440\u043e\u043c\" \/>\n\t<meta name=\"twitter:data1\" content=\"www.hukukihaber .net\" \/>\n<script type=\"application\/ld+json\" class=\"yoast-schema-graph\">{\"@context\":\"https:\/\/schema.org\",\"@graph\":[{\"@type\":\"Article\",\"@id\":\"http:\/\/denizcankizil.tr\/ru\/haberler\/gundem\/bayrampasali-miniklerden-cocuk-haklari-gunu-kutlamasi\/#article\",\"isPartOf\":{\"@id\":\"http:\/\/denizcankizil.tr\/ru\/haberler\/gundem\/bayrampasali-miniklerden-cocuk-haklari-gunu-kutlamasi\/\"},\"author\":{\"name\":\"www.hukukihaber .net\",\"@id\":\"https:\/\/denizcankizil.tr\/de\/#\/schema\/person\/ee8d1a7e569af69c394b149657373d7c\"},\"headline\":\"Bayrampa\u015fal\u0131 miniklerden \u00e7ocuk haklar\u0131 g\u00fcn\u00fc kutlamas\u0131\",\"datePublished\":\"2024-11-21T05:42:21+00:00\",\"dateModified\":\"2025-03-15T21:45:51+00:00\",\"mainEntityOfPage\":{\"@id\":\"http:\/\/denizcankizil.tr\/ru\/haberler\/gundem\/bayrampasali-miniklerden-cocuk-haklari-gunu-kutlamasi\/\"},\"wordCount\":82,\"publisher\":{\"@id\":\"https:\/\/denizcankizil.tr\/de\/#organization\"},\"articleSection\":[\"G\u00fcndem\",\"Uncategorized\"],\"inLanguage\":\"ru-RU\"},{\"@type\":\"WebPage\",\"@id\":\"http:\/\/denizcankizil.tr\/ru\/haberler\/gundem\/bayrampasali-miniklerden-cocuk-haklari-gunu-kutlamasi\/\",\"url\":\"http:\/\/denizcankizil.tr\/ru\/haberler\/gundem\/bayrampasali-miniklerden-cocuk-haklari-gunu-kutlamasi\/\",\"name\":\"Bayrampa\u015fal\u0131 miniklerden \u00e7ocuk haklar\u0131 g\u00fcn\u00fc kutlamas\u0131 - Av. Deniz Can K\u0131z\u0131l\",\"isPartOf\":{\"@id\":\"https:\/\/denizcankizil.tr\/de\/#website\"},\"datePublished\":\"2024-11-21T05:42:21+00:00\",\"dateModified\":\"2025-03-15T21:45:51+00:00\",\"breadcrumb\":{\"@id\":\"http:\/\/denizcankizil.tr\/ru\/haberler\/gundem\/bayrampasali-miniklerden-cocuk-haklari-gunu-kutlamasi\/#breadcrumb\"},\"inLanguage\":\"ru-RU\",\"potentialAction\":[{\"@type\":\"ReadAction\",\"target\":[\"http:\/\/denizcankizil.tr\/ru\/haberler\/gundem\/bayrampasali-miniklerden-cocuk-haklari-gunu-kutlamasi\/\"]}]},{\"@type\":\"BreadcrumbList\",\"@id\":\"http:\/\/denizcankizil.tr\/ru\/haberler\/gundem\/bayrampasali-miniklerden-cocuk-haklari-gunu-kutlamasi\/#breadcrumb\",\"itemListElement\":[{\"@type\":\"ListItem\",\"position\":1,\"name\":\"Home\",\"item\":\"https:\/\/denizcankizil.tr\/de\/\"},{\"@type\":\"ListItem\",\"position\":2,\"name\":\"Bayrampa\u015fal\u0131 miniklerden \u00e7ocuk haklar\u0131 g\u00fcn\u00fc kutlamas\u0131\"}]},{\"@type\":\"WebSite\",\"@id\":\"https:\/\/denizcankizil.tr\/de\/#website\",\"url\":\"https:\/\/denizcankizil.tr\/de\/\",\"name\":\"Av. Deniz Can K\u0131z\u0131l\",\"description\":\"Avukat Deniz Can K\u0131z\u0131l Antalya Barosu\",\"publisher\":{\"@id\":\"https:\/\/denizcankizil.tr\/de\/#organization\"},\"potentialAction\":[{\"@type\":\"SearchAction\",\"target\":{\"@type\":\"EntryPoint\",\"urlTemplate\":\"https:\/\/denizcankizil.tr\/de\/?s={search_term_string}\"},\"query-input\":{\"@type\":\"PropertyValueSpecification\",\"valueRequired\":true,\"valueName\":\"search_term_string\"}}],\"inLanguage\":\"ru-RU\"},{\"@type\":\"Organization\",\"@id\":\"https:\/\/denizcankizil.tr\/de\/#organization\",\"name\":\"Av. Deniz Can K\u0131z\u0131l\",\"url\":\"https:\/\/denizcankizil.tr\/de\/\",\"logo\":{\"@type\":\"ImageObject\",\"inLanguage\":\"ru-RU\",\"@id\":\"https:\/\/denizcankizil.tr\/de\/#\/schema\/logo\/image\/\",\"url\":\"http:\/\/denizcankizil.tr\/wp-content\/uploads\/2024\/10\/siyah-logo-svg.svg\",\"contentUrl\":\"http:\/\/denizcankizil.tr\/wp-content\/uploads\/2024\/10\/siyah-logo-svg.svg\",\"width\":1080,\"height\":1080,\"caption\":\"Av. Deniz Can K\u0131z\u0131l\"},\"image\":{\"@id\":\"https:\/\/denizcankizil.tr\/de\/#\/schema\/logo\/image\/\"}},{\"@type\":\"Person\",\"@id\":\"https:\/\/denizcankizil.tr\/de\/#\/schema\/person\/ee8d1a7e569af69c394b149657373d7c\",\"name\":\"www.hukukihaber .net\",\"image\":{\"@type\":\"ImageObject\",\"inLanguage\":\"ru-RU\",\"@id\":\"https:\/\/denizcankizil.tr\/de\/#\/schema\/person\/image\/\",\"url\":\"https:\/\/secure.gravatar.com\/avatar\/24a421031e14edd04885d60c1a11a8021184a2ed5e7477881edb09ec996193ab?s=96&d=mm&r=g\",\"contentUrl\":\"https:\/\/secure.gravatar.com\/avatar\/24a421031e14edd04885d60c1a11a8021184a2ed5e7477881edb09ec996193ab?s=96&d=mm&r=g\",\"caption\":\"www.hukukihaber .net\"},\"url\":\"https:\/\/www.iskenderun.org\/bayrampasali-miniklerden-cocuk-haklari-gunu-kutlamasi\"}]}<\/script>\n<!-- \/ Yoast SEO Premium plugin. -->","yoast_head_json":{"title":"Bayrampa\u015fal\u0131 miniklerden \u00e7ocuk haklar\u0131 g\u00fcn\u00fc kutlamas\u0131 - Av. Deniz Can K\u0131z\u0131l","robots":{"index":"index","follow":"follow","max-snippet":"max-snippet:-1","max-image-preview":"max-image-preview:large","max-video-preview":"max-video-preview:-1"},"canonical":"http:\/\/denizcankizil.tr\/ru\/haberler\/gundem\/bayrampasali-miniklerden-cocuk-haklari-gunu-kutlamasi\/","og_locale":"ru_RU","og_type":"article","og_title":"Bayrampa\u015fal\u0131 miniklerden \u00e7ocuk haklar\u0131 g\u00fcn\u00fc kutlamas\u0131","og_description":"Yuvam\u0131z Bayrampa\u015fa \u00c7ocuk E\u011fitim Merkezi\u2019nde e\u011fitim g\u00f6ren minikler, 20 Kas\u0131m D\u00fcnya \u00c7ocuk Haklar\u0131 G\u00fcn\u00fc\u2019nde pankartlarla belediye binas\u0131na gelerek \u00e7ocuk haklar\u0131na dikkat \u00e7ekti. \u200bYuvam\u0131z Bayrampa\u015fa \u00c7ocuk E\u011fitim Merkezi\u2019nde e\u011fitim g\u00f6ren minikler, 20 Kas\u0131m D\u00fcnya \u00c7ocuk Haklar\u0131 G\u00fcn\u00fc\u2019nde pankartlarla belediye binas\u0131na gelerek \u00e7ocuk haklar\u0131na dikkat \u00e7ekti.\u00a0 \u200bHaberin Al\u0131nt\u0131land\u0131\u011f\u0131 Kaynak: www.iskenderun.org","og_url":"http:\/\/denizcankizil.tr\/ru\/haberler\/gundem\/bayrampasali-miniklerden-cocuk-haklari-gunu-kutlamasi\/","og_site_name":"Av. Deniz Can K\u0131z\u0131l","article_published_time":"2024-11-21T05:42:21+00:00","article_modified_time":"2025-03-15T21:45:51+00:00","author":"www.hukukihaber .net","twitter_card":"summary_large_image","twitter_misc":{"\u041d\u0430\u043f\u0438\u0441\u0430\u043d\u043e \u0430\u0432\u0442\u043e\u0440\u043e\u043c":"www.hukukihaber .net"},"schema":{"@context":"https:\/\/schema.org","@graph":[{"@type":"Article","@id":"http:\/\/denizcankizil.tr\/ru\/haberler\/gundem\/bayrampasali-miniklerden-cocuk-haklari-gunu-kutlamasi\/#article","isPartOf":{"@id":"http:\/\/denizcankizil.tr\/ru\/haberler\/gundem\/bayrampasali-miniklerden-cocuk-haklari-gunu-kutlamasi\/"},"author":{"name":"www.hukukihaber .net","@id":"https:\/\/denizcankizil.tr\/de\/#\/schema\/person\/ee8d1a7e569af69c394b149657373d7c"},"headline":"Bayrampa\u015fal\u0131 miniklerden \u00e7ocuk haklar\u0131 g\u00fcn\u00fc kutlamas\u0131","datePublished":"2024-11-21T05:42:21+00:00","dateModified":"2025-03-15T21:45:51+00:00","mainEntityOfPage":{"@id":"http:\/\/denizcankizil.tr\/ru\/haberler\/gundem\/bayrampasali-miniklerden-cocuk-haklari-gunu-kutlamasi\/"},"wordCount":82,"publisher":{"@id":"https:\/\/denizcankizil.tr\/de\/#organization"},"articleSection":["G\u00fcndem","Uncategorized"],"inLanguage":"ru-RU"},{"@type":"WebPage","@id":"http:\/\/denizcankizil.tr\/ru\/haberler\/gundem\/bayrampasali-miniklerden-cocuk-haklari-gunu-kutlamasi\/","url":"http:\/\/denizcankizil.tr\/ru\/haberler\/gundem\/bayrampasali-miniklerden-cocuk-haklari-gunu-kutlamasi\/","name":"Bayrampa\u015fal\u0131 miniklerden \u00e7ocuk haklar\u0131 g\u00fcn\u00fc kutlamas\u0131 - Av. Deniz Can K\u0131z\u0131l","isPartOf":{"@id":"https:\/\/denizcankizil.tr\/de\/#website"},"datePublished":"2024-11-21T05:42:21+00:00","dateModified":"2025-03-15T21:45:51+00:00","breadcrumb":{"@id":"http:\/\/denizcankizil.tr\/ru\/haberler\/gundem\/bayrampasali-miniklerden-cocuk-haklari-gunu-kutlamasi\/#breadcrumb"},"inLanguage":"ru-RU","potentialAction":[{"@type":"ReadAction","target":["http:\/\/denizcankizil.tr\/ru\/haberler\/gundem\/bayrampasali-miniklerden-cocuk-haklari-gunu-kutlamasi\/"]}]},{"@type":"BreadcrumbList","@id":"http:\/\/denizcankizil.tr\/ru\/haberler\/gundem\/bayrampasali-miniklerden-cocuk-haklari-gunu-kutlamasi\/#breadcrumb","itemListElement":[{"@type":"ListItem","position":1,"name":"Home","item":"https:\/\/denizcankizil.tr\/de\/"},{"@type":"ListItem","position":2,"name":"Bayrampa\u015fal\u0131 miniklerden \u00e7ocuk haklar\u0131 g\u00fcn\u00fc kutlamas\u0131"}]},{"@type":"WebSite","@id":"https:\/\/denizcankizil.tr\/de\/#website","url":"https:\/\/denizcankizil.tr\/de\/","name":"Av. Deniz Can K\u0131z\u0131l","description":"Avukat Deniz Can K\u0131z\u0131l Antalya Barosu","publisher":{"@id":"https:\/\/denizcankizil.tr\/de\/#organization"},"potentialAction":[{"@type":"SearchAction","target":{"@type":"EntryPoint","urlTemplate":"https:\/\/denizcankizil.tr\/de\/?s={search_term_string}"},"query-input":{"@type":"PropertyValueSpecification","valueRequired":true,"valueName":"search_term_string"}}],"inLanguage":"ru-RU"},{"@type":"Organization","@id":"https:\/\/denizcankizil.tr\/de\/#organization","name":"Av. Deniz Can K\u0131z\u0131l","url":"https:\/\/denizcankizil.tr\/de\/","logo":{"@type":"ImageObject","inLanguage":"ru-RU","@id":"https:\/\/denizcankizil.tr\/de\/#\/schema\/logo\/image\/","url":"http:\/\/denizcankizil.tr\/wp-content\/uploads\/2024\/10\/siyah-logo-svg.svg","contentUrl":"http:\/\/denizcankizil.tr\/wp-content\/uploads\/2024\/10\/siyah-logo-svg.svg","width":1080,"height":1080,"caption":"Av. Deniz Can K\u0131z\u0131l"},"image":{"@id":"https:\/\/denizcankizil.tr\/de\/#\/schema\/logo\/image\/"}},{"@type":"Person","@id":"https:\/\/denizcankizil.tr\/de\/#\/schema\/person\/ee8d1a7e569af69c394b149657373d7c","name":"www.hukukihaber.net","image":{"@type":"ImageObject","inLanguage":"ru-RU","@id":"https:\/\/denizcankizil.tr\/de\/#\/schema\/person\/image\/","url":"https:\/\/secure.gravatar.com\/avatar\/24a421031e14edd04885d60c1a11a8021184a2ed5e7477881edb09ec996193ab?s=96&d=mm&r=g","contentUrl":"https:\/\/secure.gravatar.com\/avatar\/24a421031e14edd04885d60c1a11a8021184a2ed5e7477881edb09ec996193ab?s=96&d=mm&r=g","caption":"www.hukukihaber .net"},"url":"https:\/\/www.iskenderun.org\/bayrampasali-miniklerden-cocuk-haklari-gunu-kutlamasi"}]}},"_links":{"self":[{"href":"http:\/\/denizcankizil.tr\/ru\/wp-json\/wp\/v2\/posts\/16805","targetHints":{"allow":["GET"]}}],"collection":[{"href":"http:\/\/denizcankizil.tr\/ru\/wp-json\/wp\/v2\/posts"}],"about":[{"href":"http:\/\/denizcankizil.tr\/ru\/wp-json\/wp\/v2\/types\/post"}],"author":[{"embeddable":true,"href":"http:\/\/denizcankizil.tr\/ru\/wp-json\/wp\/v2\/users\/2"}],"replies":[{"embeddable":true,"href":"http:\/\/denizcankizil.tr\/ru\/wp-json\/wp\/v2\/comments?post=16805"}],"version-history":[{"count":1,"href":"http:\/\/denizcankizil.tr\/ru\/wp-json\/wp\/v2\/posts\/16805\/revisions"}],"predecessor-version":[{"id":35981,"href":"http:\/\/denizcankizil.tr\/ru\/wp-json\/wp\/v2\/posts\/16805\/revisions\/35981"}],"wp:attachment":[{"href":"http:\/\/denizcankizil.tr\/ru\/wp-json\/wp\/v2\/media?parent=16805"}],"wp:term":[{"taxonomy":"category","embeddable":true,"href":"http:\/\/denizcankizil.tr\/ru\/wp-json\/wp\/v2\/categories?post=16805"},{"taxonomy":"post_tag","embeddable":true,"href":"http:\/\/denizcankizil.tr\/ru\/wp-json\/wp\/v2\/tags?post=16805"}],"curies":[{"name":"wp","href":"https:\/\/api.w.org\/{rel}","templated":true}]}}