{"id":16568,"date":"2024-11-19T17:41:43","date_gmt":"2024-11-19T14:41:43","guid":{"rendered":"https:\/\/denizcankizil.tr\/uncategorized-tr\/494-okul-ihtisaslasmis-okullar-kapsamina-alindi\/"},"modified":"2024-11-19T17:41:43","modified_gmt":"2024-11-19T14:41:43","slug":"494-okul-ihtisaslasmis-okullar-kapsamina-alindi","status":"publish","type":"post","link":"http:\/\/denizcankizil.tr\/ru\/haberler\/gundem\/494-okul-ihtisaslasmis-okullar-kapsamina-alindi\/","title":{"rendered":"494 okul &#8220;ihtisasla\u015fm\u0131\u015f okullar&#8221; kapsam\u0131na al\u0131nd\u0131"},"content":{"rendered":"<p>Milli E\u011fitim Bakan\u0131 Yusuf Tekin, meslek lisesi \u00e7at\u0131s\u0131 alt\u0131nda denizcilik, tar\u0131m, ticaret ve turizm alanlar\u0131nda e\u011fitim verilen 494 okulun ihtisasla\u015fm\u0131\u015f okullar kapsam\u0131na al\u0131nd\u0131\u011f\u0131n\u0131 aktard\u0131.ANKARA (\u0130GFA) &#8211; Milli E\u011fitim Bakan\u0131 Yusuf Tekin, sosyal medya platformundan yapt\u0131\u011f\u0131 a\u00e7\u0131klamada, &#8221;S\u00fcrd\u00fcr\u00fclebilir bir kalk\u0131nman\u0131n teminat\u0131 olan mesleki ve teknik e\u011fitimde usta ellerde b\u00fcy\u00fcyen gen\u00e7 fikirleri, alan\u0131nda ihtisasla\u015fm\u0131\u015f okullar\u0131m\u0131z ve m\u00fckemmeliyet merkezlerimizle g\u00fc\u00e7lendiriyoruz!<br \/>\nSekt\u00f6rlerin nitelikli insan kaynaklar\u0131na olan ihtiya\u00e7lar\u0131n\u0131n kar\u015f\u0131lanmas\u0131 amac\u0131yla daha \u00f6nce meslek lisesi \u00e7at\u0131s\u0131 alt\u0131nda denizcilik, tar\u0131m, ticaret ve turizm alanlar\u0131nda e\u011fitim verilen 494 okulumuzu \u201cihtisasla\u015fm\u0131\u015f okullar\u201d kapsam\u0131na ald\u0131k.<br \/>\nAyr\u0131ca mesleki ve teknik e\u011fitim ile sekt\u00f6r aras\u0131ndaki ba\u011f\u0131n s\u00fcreklili\u011fini g\u00fc\u00e7lendirmek, \u00f6\u011fretmenlerimizin mesleki geli\u015fimlerinin devaml\u0131l\u0131\u011f\u0131n\u0131 sa\u011flanmak ve mesleki e\u011fitimde kaliteyi daha da art\u0131rmak amac\u0131yla T\u00fcrkiye genelinde alt\u0131 ilimizde 15 \u201csekt\u00f6rel m\u00fckemmeliyet merkezi\u201d\u00a0kurduk. &#8221; ifadelerine yer verdi.\u00a0<br \/>\n????S\u00fcrd\u00fcr\u00fclebilir bir kalk\u0131nman\u0131n teminat\u0131 olan mesleki ve teknik e\u011fitimde usta ellerde b\u00fcy\u00fcyen gen\u00e7 fikirleri, alan\u0131nda ihtisasla\u015fm\u0131\u015f okullar\u0131m\u0131z ve m\u00fckemmeliyet merkezlerimizle g\u00fc\u00e7lendiriyoruz!Sekt\u00f6rlerin nitelikli insan kaynaklar\u0131na olan ihtiya\u00e7lar\u0131n\u0131n kar\u015f\u0131lanmas\u0131 amac\u0131yla\u2026 pic.twitter.com\/8Ox7FDS70Q\u2014 Yusuf Tekin (@Yusuf__Tekin) November 19, 2024<\/p>\n<p>\u200bMilli E\u011fitim Bakan\u0131 Yusuf Tekin, meslek lisesi \u00e7at\u0131s\u0131 alt\u0131nda denizcilik, tar\u0131m, ticaret ve turizm alanlar\u0131nda e\u011fitim verilen 494 okulun ihtisasla\u015fm\u0131\u015f okullar kapsam\u0131na al\u0131nd\u0131\u011f\u0131n\u0131 aktard\u0131\u00a0<\/p>\n<p>\u200bHaberin Al\u0131nt\u0131land\u0131\u011f\u0131 Kaynak: www.iskenderun.org<\/p>","protected":false},"excerpt":{"rendered":"<p>Milli E\u011fitim Bakan\u0131 Yusuf Tekin, meslek lisesi \u00e7at\u0131s\u0131 alt\u0131nda denizcilik, tar\u0131m, ticaret ve turizm alanlar\u0131nda e\u011fitim verilen 494 okulun ihtisasla\u015fm\u0131\u015f okullar kapsam\u0131na al\u0131nd\u0131\u011f\u0131n\u0131 aktard\u0131.ANKARA (\u0130GFA) &#8211; Milli E\u011fitim Bakan\u0131 Yusuf Tekin, sosyal medya platformundan yapt\u0131\u011f\u0131 a\u00e7\u0131klamada, &#8221;S\u00fcrd\u00fcr\u00fclebilir bir kalk\u0131nman\u0131n teminat\u0131 olan mesleki ve teknik e\u011fitimde usta ellerde b\u00fcy\u00fcyen gen\u00e7 fikirleri, alan\u0131nda ihtisasla\u015fm\u0131\u015f okullar\u0131m\u0131z ve m\u00fckemmeliyet merkezlerimizle g\u00fc\u00e7lendiriyoruz! Sekt\u00f6rlerin nitelikli insan kaynaklar\u0131na olan ihtiya\u00e7lar\u0131n\u0131n kar\u015f\u0131lanmas\u0131 amac\u0131yla daha \u00f6nce meslek lisesi \u00e7at\u0131s\u0131 alt\u0131nda denizcilik, tar\u0131m, ticaret ve turizm alanlar\u0131nda e\u011fitim verilen 494 okulumuzu \u201cihtisasla\u015fm\u0131\u015f okullar\u201d kapsam\u0131na ald\u0131k. Ayr\u0131ca mesleki ve teknik e\u011fitim ile sekt\u00f6r aras\u0131ndaki ba\u011f\u0131n s\u00fcreklili\u011fini g\u00fc\u00e7lendirmek, \u00f6\u011fretmenlerimizin mesleki geli\u015fimlerinin devaml\u0131l\u0131\u011f\u0131n\u0131 sa\u011flanmak ve mesleki e\u011fitimde kaliteyi daha da art\u0131rmak amac\u0131yla T\u00fcrkiye genelinde alt\u0131 ilimizde 15 \u201csekt\u00f6rel m\u00fckemmeliyet merkezi\u201d\u00a0kurduk. &#8221; ifadelerine yer verdi.\u00a0 ????S\u00fcrd\u00fcr\u00fclebilir bir kalk\u0131nman\u0131n teminat\u0131 olan mesleki ve teknik e\u011fitimde usta ellerde b\u00fcy\u00fcyen gen\u00e7 fikirleri, alan\u0131nda ihtisasla\u015fm\u0131\u015f okullar\u0131m\u0131z ve m\u00fckemmeliyet merkezlerimizle g\u00fc\u00e7lendiriyoruz!Sekt\u00f6rlerin nitelikli insan kaynaklar\u0131na olan ihtiya\u00e7lar\u0131n\u0131n kar\u015f\u0131lanmas\u0131 amac\u0131yla\u2026 pic.twitter.com\/8Ox7FDS70Q\u2014 Yusuf Tekin (@Yusuf__Tekin) November 19, 2024 \u200bMilli E\u011fitim Bakan\u0131 Yusuf Tekin, meslek lisesi \u00e7at\u0131s\u0131 alt\u0131nda denizcilik, tar\u0131m, ticaret ve turizm alanlar\u0131nda e\u011fitim verilen 494 okulun ihtisasla\u015fm\u0131\u015f okullar kapsam\u0131na al\u0131nd\u0131\u011f\u0131n\u0131 aktard\u0131\u00a0 \u200bHaberin Al\u0131nt\u0131land\u0131\u011f\u0131 Kaynak: www.iskenderun.org<\/p>","protected":false},"author":0,"featured_media":0,"comment_status":"open","ping_status":"open","sticky":false,"template":"","format":"standard","meta":{"_acf_changed":false,"footnotes":""},"categories":[24,535],"tags":[],"class_list":["post-16568","post","type-post","status-publish","format-standard","has-post-thumbnail","hentry","category-gundem","category-uncategorized-tr"],"acf":[],"yoast_head":"<!-- This site is optimized with the Yoast SEO Premium plugin v26.6 (Yoast SEO v27.1.1) - https:\/\/yoast.com\/product\/yoast-seo-premium-wordpress\/ -->\n<title>494 okul &quot;ihtisasla\u015fm\u0131\u015f okullar&quot; kapsam\u0131na al\u0131nd\u0131 - Av. Deniz Can K\u0131z\u0131l<\/title>\n<meta name=\"robots\" content=\"index, follow, max-snippet:-1, max-image-preview:large, max-video-preview:-1\" \/>\n<link rel=\"canonical\" href=\"http:\/\/denizcankizil.tr\/ru\/haberler\/gundem\/494-okul-ihtisaslasmis-okullar-kapsamina-alindi\/\" \/>\n<meta property=\"og:locale\" content=\"ru_RU\" \/>\n<meta property=\"og:type\" content=\"article\" \/>\n<meta property=\"og:title\" content=\"494 okul &quot;ihtisasla\u015fm\u0131\u015f okullar&quot; kapsam\u0131na al\u0131nd\u0131\" \/>\n<meta property=\"og:description\" content=\"Milli E\u011fitim Bakan\u0131 Yusuf Tekin, meslek lisesi \u00e7at\u0131s\u0131 alt\u0131nda denizcilik, tar\u0131m, ticaret ve turizm alanlar\u0131nda e\u011fitim verilen 494 okulun ihtisasla\u015fm\u0131\u015f okullar kapsam\u0131na al\u0131nd\u0131\u011f\u0131n\u0131 aktard\u0131.ANKARA (\u0130GFA) &#8211; Milli E\u011fitim Bakan\u0131 Yusuf Tekin, sosyal medya platformundan yapt\u0131\u011f\u0131 a\u00e7\u0131klamada, &#8221;S\u00fcrd\u00fcr\u00fclebilir bir kalk\u0131nman\u0131n teminat\u0131 olan mesleki ve teknik e\u011fitimde usta ellerde b\u00fcy\u00fcyen gen\u00e7 fikirleri, alan\u0131nda ihtisasla\u015fm\u0131\u015f okullar\u0131m\u0131z ve m\u00fckemmeliyet merkezlerimizle g\u00fc\u00e7lendiriyoruz! Sekt\u00f6rlerin nitelikli insan kaynaklar\u0131na olan ihtiya\u00e7lar\u0131n\u0131n kar\u015f\u0131lanmas\u0131 amac\u0131yla daha \u00f6nce meslek lisesi \u00e7at\u0131s\u0131 alt\u0131nda denizcilik, tar\u0131m, ticaret ve turizm alanlar\u0131nda e\u011fitim verilen 494 okulumuzu \u201cihtisasla\u015fm\u0131\u015f okullar\u201d kapsam\u0131na ald\u0131k. Ayr\u0131ca mesleki ve teknik e\u011fitim ile sekt\u00f6r aras\u0131ndaki ba\u011f\u0131n s\u00fcreklili\u011fini g\u00fc\u00e7lendirmek, \u00f6\u011fretmenlerimizin mesleki geli\u015fimlerinin devaml\u0131l\u0131\u011f\u0131n\u0131 sa\u011flanmak ve mesleki e\u011fitimde kaliteyi daha da art\u0131rmak amac\u0131yla T\u00fcrkiye genelinde alt\u0131 ilimizde 15 \u201csekt\u00f6rel m\u00fckemmeliyet merkezi\u201d\u00a0kurduk. &#8221; ifadelerine yer verdi.\u00a0 ????S\u00fcrd\u00fcr\u00fclebilir bir kalk\u0131nman\u0131n teminat\u0131 olan mesleki ve teknik e\u011fitimde usta ellerde b\u00fcy\u00fcyen gen\u00e7 fikirleri, alan\u0131nda ihtisasla\u015fm\u0131\u015f okullar\u0131m\u0131z ve m\u00fckemmeliyet merkezlerimizle g\u00fc\u00e7lendiriyoruz!Sekt\u00f6rlerin nitelikli insan kaynaklar\u0131na olan ihtiya\u00e7lar\u0131n\u0131n kar\u015f\u0131lanmas\u0131 amac\u0131yla\u2026 pic.twitter.com\/8Ox7FDS70Q\u2014 Yusuf Tekin (@Yusuf__Tekin) November 19, 2024 \u200bMilli E\u011fitim Bakan\u0131 Yusuf Tekin, meslek lisesi \u00e7at\u0131s\u0131 alt\u0131nda denizcilik, tar\u0131m, ticaret ve turizm alanlar\u0131nda e\u011fitim verilen 494 okulun ihtisasla\u015fm\u0131\u015f okullar kapsam\u0131na al\u0131nd\u0131\u011f\u0131n\u0131 aktard\u0131\u00a0 \u200bHaberin Al\u0131nt\u0131land\u0131\u011f\u0131 Kaynak: www.iskenderun.org\" \/>\n<meta property=\"og:url\" content=\"http:\/\/denizcankizil.tr\/ru\/haberler\/gundem\/494-okul-ihtisaslasmis-okullar-kapsamina-alindi\/\" \/>\n<meta property=\"og:site_name\" content=\"Av. Deniz Can K\u0131z\u0131l\" \/>\n<meta property=\"article:published_time\" content=\"2024-11-19T14:41:43+00:00\" \/>\n<meta name=\"twitter:card\" content=\"summary_large_image\" \/>\n<meta name=\"twitter:label1\" content=\"\u041f\u0440\u0438\u043c\u0435\u0440\u043d\u043e\u0435 \u0432\u0440\u0435\u043c\u044f \u0434\u043b\u044f \u0447\u0442\u0435\u043d\u0438\u044f\" \/>\n\t<meta name=\"twitter:data1\" content=\"1 \u043c\u0438\u043d\u0443\u0442\u0430\" \/>\n<script type=\"application\/ld+json\" class=\"yoast-schema-graph\">{\"@context\":\"https:\/\/schema.org\",\"@graph\":[{\"@type\":\"Article\",\"@id\":\"http:\/\/denizcankizil.tr\/ru\/haberler\/gundem\/494-okul-ihtisaslasmis-okullar-kapsamina-alindi\/#article\",\"isPartOf\":{\"@id\":\"http:\/\/denizcankizil.tr\/ru\/haberler\/gundem\/494-okul-ihtisaslasmis-okullar-kapsamina-alindi\/\"},\"author\":{\"name\":\"\",\"@id\":\"\"},\"headline\":\"494 okul &#8220;ihtisasla\u015fm\u0131\u015f okullar&#8221; kapsam\u0131na al\u0131nd\u0131\",\"datePublished\":\"2024-11-19T14:41:43+00:00\",\"mainEntityOfPage\":{\"@id\":\"http:\/\/denizcankizil.tr\/ru\/haberler\/gundem\/494-okul-ihtisaslasmis-okullar-kapsamina-alindi\/\"},\"wordCount\":288,\"commentCount\":0,\"publisher\":{\"@id\":\"https:\/\/denizcankizil.tr\/de\/#organization\"},\"articleSection\":[\"G\u00fcndem\",\"Uncategorized\"],\"inLanguage\":\"ru-RU\",\"potentialAction\":[{\"@type\":\"CommentAction\",\"name\":\"Comment\",\"target\":[\"http:\/\/denizcankizil.tr\/ru\/haberler\/gundem\/494-okul-ihtisaslasmis-okullar-kapsamina-alindi\/#respond\"]}]},{\"@type\":\"WebPage\",\"@id\":\"http:\/\/denizcankizil.tr\/ru\/haberler\/gundem\/494-okul-ihtisaslasmis-okullar-kapsamina-alindi\/\",\"url\":\"http:\/\/denizcankizil.tr\/ru\/haberler\/gundem\/494-okul-ihtisaslasmis-okullar-kapsamina-alindi\/\",\"name\":\"494 okul \\\"ihtisasla\u015fm\u0131\u015f okullar\\\" kapsam\u0131na al\u0131nd\u0131 - Av. Deniz Can K\u0131z\u0131l\",\"isPartOf\":{\"@id\":\"https:\/\/denizcankizil.tr\/de\/#website\"},\"datePublished\":\"2024-11-19T14:41:43+00:00\",\"breadcrumb\":{\"@id\":\"http:\/\/denizcankizil.tr\/ru\/haberler\/gundem\/494-okul-ihtisaslasmis-okullar-kapsamina-alindi\/#breadcrumb\"},\"inLanguage\":\"ru-RU\",\"potentialAction\":[{\"@type\":\"ReadAction\",\"target\":[\"http:\/\/denizcankizil.tr\/ru\/haberler\/gundem\/494-okul-ihtisaslasmis-okullar-kapsamina-alindi\/\"]}]},{\"@type\":\"BreadcrumbList\",\"@id\":\"http:\/\/denizcankizil.tr\/ru\/haberler\/gundem\/494-okul-ihtisaslasmis-okullar-kapsamina-alindi\/#breadcrumb\",\"itemListElement\":[{\"@type\":\"ListItem\",\"position\":1,\"name\":\"Home\",\"item\":\"https:\/\/denizcankizil.tr\/de\/\"},{\"@type\":\"ListItem\",\"position\":2,\"name\":\"494 okul &#8220;ihtisasla\u015fm\u0131\u015f okullar&#8221; kapsam\u0131na al\u0131nd\u0131\"}]},{\"@type\":\"WebSite\",\"@id\":\"https:\/\/denizcankizil.tr\/de\/#website\",\"url\":\"https:\/\/denizcankizil.tr\/de\/\",\"name\":\"Av. Deniz Can K\u0131z\u0131l\",\"description\":\"Avukat Deniz Can K\u0131z\u0131l Antalya Barosu\",\"publisher\":{\"@id\":\"https:\/\/denizcankizil.tr\/de\/#organization\"},\"potentialAction\":[{\"@type\":\"SearchAction\",\"target\":{\"@type\":\"EntryPoint\",\"urlTemplate\":\"https:\/\/denizcankizil.tr\/de\/?s={search_term_string}\"},\"query-input\":{\"@type\":\"PropertyValueSpecification\",\"valueRequired\":true,\"valueName\":\"search_term_string\"}}],\"inLanguage\":\"ru-RU\"},{\"@type\":\"Organization\",\"@id\":\"https:\/\/denizcankizil.tr\/de\/#organization\",\"name\":\"Av. Deniz Can K\u0131z\u0131l\",\"url\":\"https:\/\/denizcankizil.tr\/de\/\",\"logo\":{\"@type\":\"ImageObject\",\"inLanguage\":\"ru-RU\",\"@id\":\"https:\/\/denizcankizil.tr\/de\/#\/schema\/logo\/image\/\",\"url\":\"http:\/\/denizcankizil.tr\/wp-content\/uploads\/2024\/10\/siyah-logo-svg.svg\",\"contentUrl\":\"http:\/\/denizcankizil.tr\/wp-content\/uploads\/2024\/10\/siyah-logo-svg.svg\",\"width\":1080,\"height\":1080,\"caption\":\"Av. Deniz Can K\u0131z\u0131l\"},\"image\":{\"@id\":\"https:\/\/denizcankizil.tr\/de\/#\/schema\/logo\/image\/\"}}]}<\/script>\n<!-- \/ Yoast SEO Premium plugin. -->","yoast_head_json":{"title":"494 okul \"ihtisasla\u015fm\u0131\u015f okullar\" kapsam\u0131na al\u0131nd\u0131 - Av. Deniz Can K\u0131z\u0131l","robots":{"index":"index","follow":"follow","max-snippet":"max-snippet:-1","max-image-preview":"max-image-preview:large","max-video-preview":"max-video-preview:-1"},"canonical":"http:\/\/denizcankizil.tr\/ru\/haberler\/gundem\/494-okul-ihtisaslasmis-okullar-kapsamina-alindi\/","og_locale":"ru_RU","og_type":"article","og_title":"494 okul \"ihtisasla\u015fm\u0131\u015f okullar\" kapsam\u0131na al\u0131nd\u0131","og_description":"Milli E\u011fitim Bakan\u0131 Yusuf Tekin, meslek lisesi \u00e7at\u0131s\u0131 alt\u0131nda denizcilik, tar\u0131m, ticaret ve turizm alanlar\u0131nda e\u011fitim verilen 494 okulun ihtisasla\u015fm\u0131\u015f okullar kapsam\u0131na al\u0131nd\u0131\u011f\u0131n\u0131 aktard\u0131.ANKARA (\u0130GFA) &#8211; Milli E\u011fitim Bakan\u0131 Yusuf Tekin, sosyal medya platformundan yapt\u0131\u011f\u0131 a\u00e7\u0131klamada, &#8221;S\u00fcrd\u00fcr\u00fclebilir bir kalk\u0131nman\u0131n teminat\u0131 olan mesleki ve teknik e\u011fitimde usta ellerde b\u00fcy\u00fcyen gen\u00e7 fikirleri, alan\u0131nda ihtisasla\u015fm\u0131\u015f okullar\u0131m\u0131z ve m\u00fckemmeliyet merkezlerimizle g\u00fc\u00e7lendiriyoruz! Sekt\u00f6rlerin nitelikli insan kaynaklar\u0131na olan ihtiya\u00e7lar\u0131n\u0131n kar\u015f\u0131lanmas\u0131 amac\u0131yla daha \u00f6nce meslek lisesi \u00e7at\u0131s\u0131 alt\u0131nda denizcilik, tar\u0131m, ticaret ve turizm alanlar\u0131nda e\u011fitim verilen 494 okulumuzu \u201cihtisasla\u015fm\u0131\u015f okullar\u201d kapsam\u0131na ald\u0131k. Ayr\u0131ca mesleki ve teknik e\u011fitim ile sekt\u00f6r aras\u0131ndaki ba\u011f\u0131n s\u00fcreklili\u011fini g\u00fc\u00e7lendirmek, \u00f6\u011fretmenlerimizin mesleki geli\u015fimlerinin devaml\u0131l\u0131\u011f\u0131n\u0131 sa\u011flanmak ve mesleki e\u011fitimde kaliteyi daha da art\u0131rmak amac\u0131yla T\u00fcrkiye genelinde alt\u0131 ilimizde 15 \u201csekt\u00f6rel m\u00fckemmeliyet merkezi\u201d\u00a0kurduk. &#8221; ifadelerine yer verdi.\u00a0 ????S\u00fcrd\u00fcr\u00fclebilir bir kalk\u0131nman\u0131n teminat\u0131 olan mesleki ve teknik e\u011fitimde usta ellerde b\u00fcy\u00fcyen gen\u00e7 fikirleri, alan\u0131nda ihtisasla\u015fm\u0131\u015f okullar\u0131m\u0131z ve m\u00fckemmeliyet merkezlerimizle g\u00fc\u00e7lendiriyoruz!Sekt\u00f6rlerin nitelikli insan kaynaklar\u0131na olan ihtiya\u00e7lar\u0131n\u0131n kar\u015f\u0131lanmas\u0131 amac\u0131yla\u2026 pic.twitter.com\/8Ox7FDS70Q\u2014 Yusuf Tekin (@Yusuf__Tekin) November 19, 2024 \u200bMilli E\u011fitim Bakan\u0131 Yusuf Tekin, meslek lisesi \u00e7at\u0131s\u0131 alt\u0131nda denizcilik, tar\u0131m, ticaret ve turizm alanlar\u0131nda e\u011fitim verilen 494 okulun ihtisasla\u015fm\u0131\u015f okullar kapsam\u0131na al\u0131nd\u0131\u011f\u0131n\u0131 aktard\u0131\u00a0 \u200bHaberin Al\u0131nt\u0131land\u0131\u011f\u0131 Kaynak: www.iskenderun.org","og_url":"http:\/\/denizcankizil.tr\/ru\/haberler\/gundem\/494-okul-ihtisaslasmis-okullar-kapsamina-alindi\/","og_site_name":"Av. Deniz Can K\u0131z\u0131l","article_published_time":"2024-11-19T14:41:43+00:00","twitter_card":"summary_large_image","twitter_misc":{"\u041f\u0440\u0438\u043c\u0435\u0440\u043d\u043e\u0435 \u0432\u0440\u0435\u043c\u044f \u0434\u043b\u044f \u0447\u0442\u0435\u043d\u0438\u044f":"1 \u043c\u0438\u043d\u0443\u0442\u0430"},"schema":{"@context":"https:\/\/schema.org","@graph":[{"@type":"Article","@id":"http:\/\/denizcankizil.tr\/ru\/haberler\/gundem\/494-okul-ihtisaslasmis-okullar-kapsamina-alindi\/#article","isPartOf":{"@id":"http:\/\/denizcankizil.tr\/ru\/haberler\/gundem\/494-okul-ihtisaslasmis-okullar-kapsamina-alindi\/"},"author":{"name":"","@id":""},"headline":"494 okul &#8220;ihtisasla\u015fm\u0131\u015f okullar&#8221; kapsam\u0131na al\u0131nd\u0131","datePublished":"2024-11-19T14:41:43+00:00","mainEntityOfPage":{"@id":"http:\/\/denizcankizil.tr\/ru\/haberler\/gundem\/494-okul-ihtisaslasmis-okullar-kapsamina-alindi\/"},"wordCount":288,"commentCount":0,"publisher":{"@id":"https:\/\/denizcankizil.tr\/de\/#organization"},"articleSection":["G\u00fcndem","Uncategorized"],"inLanguage":"ru-RU","potentialAction":[{"@type":"CommentAction","name":"Comment","target":["http:\/\/denizcankizil.tr\/ru\/haberler\/gundem\/494-okul-ihtisaslasmis-okullar-kapsamina-alindi\/#respond"]}]},{"@type":"WebPage","@id":"http:\/\/denizcankizil.tr\/ru\/haberler\/gundem\/494-okul-ihtisaslasmis-okullar-kapsamina-alindi\/","url":"http:\/\/denizcankizil.tr\/ru\/haberler\/gundem\/494-okul-ihtisaslasmis-okullar-kapsamina-alindi\/","name":"494 okul \"ihtisasla\u015fm\u0131\u015f okullar\" kapsam\u0131na al\u0131nd\u0131 - Av. Deniz Can K\u0131z\u0131l","isPartOf":{"@id":"https:\/\/denizcankizil.tr\/de\/#website"},"datePublished":"2024-11-19T14:41:43+00:00","breadcrumb":{"@id":"http:\/\/denizcankizil.tr\/ru\/haberler\/gundem\/494-okul-ihtisaslasmis-okullar-kapsamina-alindi\/#breadcrumb"},"inLanguage":"ru-RU","potentialAction":[{"@type":"ReadAction","target":["http:\/\/denizcankizil.tr\/ru\/haberler\/gundem\/494-okul-ihtisaslasmis-okullar-kapsamina-alindi\/"]}]},{"@type":"BreadcrumbList","@id":"http:\/\/denizcankizil.tr\/ru\/haberler\/gundem\/494-okul-ihtisaslasmis-okullar-kapsamina-alindi\/#breadcrumb","itemListElement":[{"@type":"ListItem","position":1,"name":"Home","item":"https:\/\/denizcankizil.tr\/de\/"},{"@type":"ListItem","position":2,"name":"494 okul &#8220;ihtisasla\u015fm\u0131\u015f okullar&#8221; kapsam\u0131na al\u0131nd\u0131"}]},{"@type":"WebSite","@id":"https:\/\/denizcankizil.tr\/de\/#website","url":"https:\/\/denizcankizil.tr\/de\/","name":"Av. Deniz Can K\u0131z\u0131l","description":"Avukat Deniz Can K\u0131z\u0131l Antalya Barosu","publisher":{"@id":"https:\/\/denizcankizil.tr\/de\/#organization"},"potentialAction":[{"@type":"SearchAction","target":{"@type":"EntryPoint","urlTemplate":"https:\/\/denizcankizil.tr\/de\/?s={search_term_string}"},"query-input":{"@type":"PropertyValueSpecification","valueRequired":true,"valueName":"search_term_string"}}],"inLanguage":"ru-RU"},{"@type":"Organization","@id":"https:\/\/denizcankizil.tr\/de\/#organization","name":"Av. Deniz Can K\u0131z\u0131l","url":"https:\/\/denizcankizil.tr\/de\/","logo":{"@type":"ImageObject","inLanguage":"ru-RU","@id":"https:\/\/denizcankizil.tr\/de\/#\/schema\/logo\/image\/","url":"http:\/\/denizcankizil.tr\/wp-content\/uploads\/2024\/10\/siyah-logo-svg.svg","contentUrl":"http:\/\/denizcankizil.tr\/wp-content\/uploads\/2024\/10\/siyah-logo-svg.svg","width":1080,"height":1080,"caption":"Av. Deniz Can K\u0131z\u0131l"},"image":{"@id":"https:\/\/denizcankizil.tr\/de\/#\/schema\/logo\/image\/"}}]}},"_links":{"self":[{"href":"http:\/\/denizcankizil.tr\/ru\/wp-json\/wp\/v2\/posts\/16568","targetHints":{"allow":["GET"]}}],"collection":[{"href":"http:\/\/denizcankizil.tr\/ru\/wp-json\/wp\/v2\/posts"}],"about":[{"href":"http:\/\/denizcankizil.tr\/ru\/wp-json\/wp\/v2\/types\/post"}],"replies":[{"embeddable":true,"href":"http:\/\/denizcankizil.tr\/ru\/wp-json\/wp\/v2\/comments?post=16568"}],"version-history":[{"count":0,"href":"http:\/\/denizcankizil.tr\/ru\/wp-json\/wp\/v2\/posts\/16568\/revisions"}],"wp:attachment":[{"href":"http:\/\/denizcankizil.tr\/ru\/wp-json\/wp\/v2\/media?parent=16568"}],"wp:term":[{"taxonomy":"category","embeddable":true,"href":"http:\/\/denizcankizil.tr\/ru\/wp-json\/wp\/v2\/categories?post=16568"},{"taxonomy":"post_tag","embeddable":true,"href":"http:\/\/denizcankizil.tr\/ru\/wp-json\/wp\/v2\/tags?post=16568"}],"curies":[{"name":"wp","href":"https:\/\/api.w.org\/{rel}","templated":true}]}}