{"id":16498,"date":"2024-11-19T10:41:13","date_gmt":"2024-11-19T07:41:13","guid":{"rendered":"https:\/\/denizcankizil.tr\/uncategorized-tr\/yeni-yilda-antalyaya-unlu-yagacak\/"},"modified":"2024-11-19T10:41:13","modified_gmt":"2024-11-19T07:41:13","slug":"yeni-yilda-antalyaya-unlu-yagacak","status":"publish","type":"post","link":"http:\/\/denizcankizil.tr\/ru\/haberler\/antalya\/yeni-yilda-antalyaya-unlu-yagacak\/","title":{"rendered":"Yeni y\u0131lda Antalya&#8217;ya \u00fcnl\u00fc ya\u011facak"},"content":{"rendered":"<p>Y\u0131lba\u015f\u0131n\u0131n sal\u0131 ak\u015fam\u0131na denk gelmesi nedeniyle bir\u00e7ok otel kutlama program\u0131n\u0131 hafta sonuyla birlikte 5 g\u00fcn olarak planlad\u0131. Tur operat\u00f6rleri ve otellerin i\u00e7 pazara y\u00f6nelik y\u0131lba\u015f\u0131 tatil program\u0131 28 Aral\u0131k Cumartesi g\u00fcn\u00fc ba\u015flay\u0131p, 1 Ocak \u00c7ar\u015famba g\u00fcn\u00fcne kadar 5 g\u00fcn s\u00fcrecek. Yabanc\u0131 turistlere y\u00f6nelik 24 Aral\u0131k&#8217;tan itibaren Avrupal\u0131, 6 Ocak&#8217;tan itibaren de Rus turistlerle birlikte yo\u011fun hareketlilik bekleniyor. 24 Aral\u0131k&#8217;ta Katoliklerin, 6 Ocak&#8217;ta Ortodokslar\u0131n Noel kutlamalar\u0131, y\u0131lba\u015f\u0131 turizmini iki haftaya yay\u0131yor.<\/p>\n<p>ERKEN REZERVASYON \u0130ND\u0130R\u0130M\u0130<\/p>\n<p>2024&#8217;e veda edilecek ve 2025&#8217;in kar\u015f\u0131lanaca\u011f\u0131 bu yeni y\u0131l kutlamalar\u0131n\u0131n en \u00f6nemli adreslerinden biri, Antalya olacak. \u00dcnl\u00fc sanat\u00e7\u0131lar\u0131n en yo\u011fun konser programlar\u0131 Antalya&#8217;daki otellerde planlan\u0131rken, Antalya&#8217;y\u0131 Kuzey K\u0131br\u0131s T\u00fcrk Cumhuriyeti&#8217;ndeki oteller takip ediyor. Bir\u00e7ok otelde hem yerli hem de yabanc\u0131 sanat\u00e7\u0131lar\u0131n konserleriyle yeni y\u0131la &#8216;merhaba&#8217; denilecek. Ayr\u0131ca Sapanca, Afyonkarahisar, Sar\u0131kam\u0131\u015f gibi di\u011fer tatil merkezleri de \u00f6ne \u00e7\u0131k\u0131yor. Yeni y\u0131la 1,5 ay kala bir\u00e7ok otel erken rezervasyon f\u0131rsatlar\u0131 da sunuyor.<\/p>\n<p>4 GECE KONSER<\/p>\n<p>Bir\u00e7ok otelde sadece y\u0131lba\u015f\u0131 gecesi olan 31 Aral\u0131k&#8217;a konser program\u0131 haz\u0131rlan\u0131rken, baz\u0131 oteller de 28, 29, 30 ve 31 Aral\u0131k \u015feklinde 4 g\u00fcnl\u00fck konser programlar\u0131 haz\u0131rlad\u0131. Kutlamalarda yapay kar ya\u011f\u0131\u015flar\u0131, lazer, havai fi\u015fek, danslar ve canl\u0131 m\u00fczik, dron \u015fov, yeni y\u0131l \u00e7ekili\u015fleri, Noel Baba ve \u00f6zel yemek men\u00fcleri gibi \u00e7ok \u00e7e\u015fitli etkinlik ve g\u00f6steriler bulunuyor. 4- 5 g\u00fcnl\u00fck planlanan y\u0131lba\u015f\u0131 program\u0131 kapsam\u0131nda 2 konser d\u00fczenleyecek olan \u00fcnl\u00fc sanat\u00e7\u0131lar da bulunuyor.<\/p>\n<p>ANTALYA&#8217;DA KONSER PROGRAMI<\/p>\n<p>Konser programlar\u0131n\u0131n en yo\u011fun oldu\u011fu Antalya&#8217;da \u00fcnl\u00fc sanat\u00e7\u0131lar Belek, Kemer, Lara- Kundu b\u00f6lgelerindeki otellerde sahneye \u00e7\u0131kacak. Belek&#8217;te Candan Er\u00e7etin, Ebru G\u00fcnde\u015f, G\u00f6khan Tepe, Volkan Konak, \u0130skender Payda\u015f, I\u015f\u0131n Karaca; Belek&#8217;te Carlton J. Smith, Vega Band, Maya Azucena, He-Riffs, Flame Ban gibi yabanc\u0131 \u015fark\u0131c\u0131 ve m\u00fczik gruplar\u0131n\u0131n konserleri de olacak. Blu Notte Orkestras\u0131; Kemer&#8217;de Sibel Can, \u00d6zcan Deniz, Ferhat G\u00f6\u00e7er, Ziynet Sali, N\u00fckhet Duru, Grup Vitamin, Reyhan Karaca, Sibel T\u00fcz\u00fcn; Lara- Kundu&#8217;da Derya Ulu\u011f, B\u00fclent Sertta\u015f, G\u00fclben Ergen, Hakan Altun, Sertap Erener, O\u011fuzhan Ko\u00e7 ve Kafadar; Side&#8217;de Rubato ve Alanya&#8217;da \u0130lyas Yal\u00e7\u0131nta\u015f konser verecek.<\/p>\n<p>KIBRIS&#8217;TA SAHNEYE \u00c7IKACAKLAR<\/p>\n<p>Kuzey K\u0131br\u0131s&#8217;taki otellerde ise Kenan Do\u011fulu, Derya Ulu\u011f, G\u00f6khan Tepe, Melek Mosso, Fatih \u00dcrek, Elif Buse Do\u011fan, Co\u015fkun Sabah, Mustafa Sandal, Emre Altu\u011f, \u0130rem Derici, Mehmet Erdem, Sakiler gibi sanat\u00e7\u0131lar sahnede olacak. Kayak merkezleri Uluda\u011f&#8217;da G\u00fclben Ergen ve Mahsun K\u0131rm\u0131z\u0131g\u00fcl, Sar\u0131kam\u0131\u015f&#8217;ta Deniz Seki; Sapanca&#8217;da Zara, G\u00f6khan Tepe, H\u00fcsn\u00fc \u015eenlendirici, A\u015fk\u0131n Nur Yengi; Afyonkarahisar&#8217;daki termal otellerde ise Ferhat G\u00f6\u00e7er, Eda Do\u011fanay, Sibel Karaka\u015f konser verecek.<\/p>\n<p>SANAT\u00c7I VE OTELE G\u00d6RE F\u0130YATLAR DE\u011e\u0130\u015e\u0130YOR<\/p>\n<p>\u00dcnl\u00fc sanat\u00e7\u0131lar\u0131n sahne alaca\u011f\u0131 otellerdeki fiyatlara bak\u0131nca ise Belek&#8217;te 28 Aral\u0131k&#8217;ta G\u00f6khan Tepe, 29 Aral\u0131k&#8217;ta Volkan Konak, 30 Aral\u0131k&#8217;ta Ebru G\u00fcnde\u015f ve 31 Aral\u0131k gecesi Candan Er\u00e7etin&#8217;in konser verece\u011fi oteldeki 2 ki\u015fi 4 gece en uygun fiyat 72 bin TL&#8217;den ba\u015flay\u0131p, 130 bin 500 TL&#8217;ye kadar \u00e7\u0131k\u0131yor. Kemer Beldibi&#8217;nde 28 Aral\u0131k Sibel Can, 29 Aral\u0131k \u00d6zcan Deniz, 30 Aral\u0131k Ferhat G\u00f6\u00e7er ve 31 Aral\u0131k Ziynet Sali&#8217;nin sahneye \u00e7\u0131kaca\u011f\u0131 otelin 2 ki\u015filik 4 gecelik fiyat\u0131 ise en ucuz odas\u0131 81 bin 300 TL&#8217;den ba\u015flay\u0131p, 122 bin 400 TL&#8217;ye kadar y\u00fckseliyor. Lara&#8217;da 28 Aral\u0131k G\u00fclben Ergen, 29 Aral\u0131k Hakan Altun, 30 Aral\u0131k Sertap Erener ve 31 Aral\u0131k O\u011fuzhan Ko\u00e7 ile Kafadar&#8217;\u0131n sahne alaca\u011f\u0131 otelin 2 ki\u015fi 4 gecelik fiyat\u0131 61 bin 600 TL&#8217;den ba\u015flay\u0131p, 140 bin TL&#8217;yi buluyor. Belek&#8217;te 30 Aral\u0131k \u0130skender Payda\u015f ve 31 Aral\u0131k I\u015f\u0131n Karaca konserleri olan otelde fiyatlar 72 bin TL&#8217;den, yabanc\u0131 sanat\u00e7\u0131lar\u0131n sahne alaca\u011f\u0131 otelde de 68 bin TL&#8217;den ba\u015fl\u0131yor.<\/p>\n<p>KIBRIS&#8217;TA REKOR KENAN DO\u011eULU&#8217;DA<\/p>\n<p>Uluda\u011f&#8217;da Mahsun K\u0131rm\u0131z\u0131g\u00fcl ve G\u00fclben Ergen, Kemer&#8217;de N\u00fckhet Duru, Afyonkarahisar&#8217;da Ferhat G\u00f6\u00e7er konserlerinin oldu\u011fu otellerde rezervasyonlar \u015fimdiden dolu g\u00f6r\u00fcn\u00fcyor. Sar\u0131kam\u0131\u015f&#8217;ta Deniz Seki konseri d\u00fczenlenecek kayak otelinde fiyatlar, 2 ki\u015fi 4 gece i\u00e7in 94 bin 400 TL&#8217;den ba\u015flay\u0131p 170 bin TL&#8217;ye \u00e7\u0131k\u0131yor. K\u0131br\u0131s&#8217;ta Kenan Do\u011fulu&#8217;nun konser verece\u011fi otelin 2 ki\u015filik 4 gece fiyat\u0131 151 bin 400 TL&#8217;den ba\u015flay\u0131p, 227 bin TL&#8217;ye kadar y\u00fckseliyor. Mustafa Sandal&#8217;\u0131n konser verece\u011fi otel 106 bin TL&#8217;den, Derya Ulu\u011f&#8217;un konser verece\u011fi otel 97 bin TL&#8217;den, \u0130rem Derici&#8217;nin konser verece\u011fi otel 70 bin TL&#8217;den ba\u015fl\u0131yor. Sapanca&#8217;daki \u00fcnl\u00fc sanat\u00e7\u0131l\u0131 otellerde ise fiyatlar, 61 bin TL&#8217;den ba\u015fl\u0131yor.<\/p>\n<p>Kaynak: www.kanalv.com.tr Haber Sitesinden Al\u0131nm\u0131\u015ft\u0131r.<\/p>","protected":false},"excerpt":{"rendered":"<p>Y\u0131lba\u015f\u0131n\u0131n sal\u0131 ak\u015fam\u0131na denk gelmesi nedeniyle bir\u00e7ok otel kutlama program\u0131n\u0131 hafta sonuyla birlikte 5 g\u00fcn olarak planlad\u0131. Tur operat\u00f6rleri ve otellerin i\u00e7 pazara y\u00f6nelik y\u0131lba\u015f\u0131 tatil program\u0131 28 Aral\u0131k Cumartesi g\u00fcn\u00fc ba\u015flay\u0131p, 1 Ocak \u00c7ar\u015famba g\u00fcn\u00fcne kadar 5 g\u00fcn s\u00fcrecek. Yabanc\u0131 turistlere y\u00f6nelik 24 Aral\u0131k&#8217;tan itibaren Avrupal\u0131, 6 Ocak&#8217;tan itibaren de Rus turistlerle birlikte yo\u011fun hareketlilik bekleniyor. 24 Aral\u0131k&#8217;ta Katoliklerin, 6 Ocak&#8217;ta Ortodokslar\u0131n Noel kutlamalar\u0131, y\u0131lba\u015f\u0131 turizmini iki haftaya yay\u0131yor. ERKEN REZERVASYON \u0130ND\u0130R\u0130M\u0130 2024&#8217;e veda edilecek ve 2025&#8217;in kar\u015f\u0131lanaca\u011f\u0131 bu yeni y\u0131l kutlamalar\u0131n\u0131n en \u00f6nemli adreslerinden biri, Antalya olacak. \u00dcnl\u00fc sanat\u00e7\u0131lar\u0131n en yo\u011fun konser programlar\u0131 Antalya&#8217;daki otellerde planlan\u0131rken, Antalya&#8217;y\u0131 Kuzey K\u0131br\u0131s T\u00fcrk Cumhuriyeti&#8217;ndeki oteller takip ediyor. Bir\u00e7ok otelde hem yerli hem de yabanc\u0131 sanat\u00e7\u0131lar\u0131n konserleriyle yeni y\u0131la &#8216;merhaba&#8217; denilecek. Ayr\u0131ca Sapanca, Afyonkarahisar, Sar\u0131kam\u0131\u015f gibi di\u011fer tatil merkezleri de \u00f6ne \u00e7\u0131k\u0131yor. Yeni y\u0131la 1,5 ay kala bir\u00e7ok otel erken rezervasyon f\u0131rsatlar\u0131 da sunuyor. 4 GECE KONSER Bir\u00e7ok otelde sadece y\u0131lba\u015f\u0131 gecesi olan 31 Aral\u0131k&#8217;a konser program\u0131 haz\u0131rlan\u0131rken, baz\u0131 oteller de 28, 29, 30 ve 31 Aral\u0131k \u015feklinde 4 g\u00fcnl\u00fck konser programlar\u0131 haz\u0131rlad\u0131. Kutlamalarda yapay kar ya\u011f\u0131\u015flar\u0131, lazer, havai fi\u015fek, danslar ve canl\u0131 m\u00fczik, dron \u015fov, yeni y\u0131l \u00e7ekili\u015fleri, Noel Baba ve \u00f6zel yemek men\u00fcleri gibi \u00e7ok \u00e7e\u015fitli etkinlik ve g\u00f6steriler bulunuyor. &hellip;<\/p>","protected":false},"author":0,"featured_media":16499,"comment_status":"open","ping_status":"open","sticky":false,"template":"","format":"standard","meta":{"_acf_changed":false,"footnotes":""},"categories":[26,535],"tags":[],"class_list":["post-16498","post","type-post","status-publish","format-standard","has-post-thumbnail","hentry","category-antalya","category-uncategorized-tr"],"acf":[],"yoast_head":"<!-- This site is optimized with the Yoast SEO Premium plugin v26.6 (Yoast SEO v27.1.1) - https:\/\/yoast.com\/product\/yoast-seo-premium-wordpress\/ -->\n<title>Yeni y\u0131lda Antalya&#039;ya \u00fcnl\u00fc ya\u011facak - Av. Deniz Can K\u0131z\u0131l<\/title>\n<meta name=\"robots\" content=\"index, follow, max-snippet:-1, max-image-preview:large, max-video-preview:-1\" \/>\n<link rel=\"canonical\" href=\"https:\/\/denizcankizil.tr\/ru\/haberler\/antalya\/yeni-yilda-antalyaya-unlu-yagacak\/\" \/>\n<meta property=\"og:locale\" content=\"ru_RU\" \/>\n<meta property=\"og:type\" content=\"article\" \/>\n<meta property=\"og:title\" content=\"Yeni y\u0131lda Antalya&#039;ya \u00fcnl\u00fc ya\u011facak\" \/>\n<meta property=\"og:description\" content=\"Y\u0131lba\u015f\u0131n\u0131n sal\u0131 ak\u015fam\u0131na denk gelmesi nedeniyle bir\u00e7ok otel kutlama program\u0131n\u0131 hafta sonuyla birlikte 5 g\u00fcn olarak planlad\u0131. Tur operat\u00f6rleri ve otellerin i\u00e7 pazara y\u00f6nelik y\u0131lba\u015f\u0131 tatil program\u0131 28 Aral\u0131k Cumartesi g\u00fcn\u00fc ba\u015flay\u0131p, 1 Ocak \u00c7ar\u015famba g\u00fcn\u00fcne kadar 5 g\u00fcn s\u00fcrecek. Yabanc\u0131 turistlere y\u00f6nelik 24 Aral\u0131k&#8217;tan itibaren Avrupal\u0131, 6 Ocak&#8217;tan itibaren de Rus turistlerle birlikte yo\u011fun hareketlilik bekleniyor. 24 Aral\u0131k&#8217;ta Katoliklerin, 6 Ocak&#8217;ta Ortodokslar\u0131n Noel kutlamalar\u0131, y\u0131lba\u015f\u0131 turizmini iki haftaya yay\u0131yor. ERKEN REZERVASYON \u0130ND\u0130R\u0130M\u0130 2024&#8217;e veda edilecek ve 2025&#8217;in kar\u015f\u0131lanaca\u011f\u0131 bu yeni y\u0131l kutlamalar\u0131n\u0131n en \u00f6nemli adreslerinden biri, Antalya olacak. \u00dcnl\u00fc sanat\u00e7\u0131lar\u0131n en yo\u011fun konser programlar\u0131 Antalya&#8217;daki otellerde planlan\u0131rken, Antalya&#8217;y\u0131 Kuzey K\u0131br\u0131s T\u00fcrk Cumhuriyeti&#8217;ndeki oteller takip ediyor. Bir\u00e7ok otelde hem yerli hem de yabanc\u0131 sanat\u00e7\u0131lar\u0131n konserleriyle yeni y\u0131la &#8216;merhaba&#8217; denilecek. Ayr\u0131ca Sapanca, Afyonkarahisar, Sar\u0131kam\u0131\u015f gibi di\u011fer tatil merkezleri de \u00f6ne \u00e7\u0131k\u0131yor. Yeni y\u0131la 1,5 ay kala bir\u00e7ok otel erken rezervasyon f\u0131rsatlar\u0131 da sunuyor. 4 GECE KONSER Bir\u00e7ok otelde sadece y\u0131lba\u015f\u0131 gecesi olan 31 Aral\u0131k&#8217;a konser program\u0131 haz\u0131rlan\u0131rken, baz\u0131 oteller de 28, 29, 30 ve 31 Aral\u0131k \u015feklinde 4 g\u00fcnl\u00fck konser programlar\u0131 haz\u0131rlad\u0131. Kutlamalarda yapay kar ya\u011f\u0131\u015flar\u0131, lazer, havai fi\u015fek, danslar ve canl\u0131 m\u00fczik, dron \u015fov, yeni y\u0131l \u00e7ekili\u015fleri, Noel Baba ve \u00f6zel yemek men\u00fcleri gibi \u00e7ok \u00e7e\u015fitli etkinlik ve g\u00f6steriler bulunuyor. &hellip;\" \/>\n<meta property=\"og:url\" content=\"https:\/\/denizcankizil.tr\/ru\/haberler\/antalya\/yeni-yilda-antalyaya-unlu-yagacak\/\" \/>\n<meta property=\"og:site_name\" content=\"Av. Deniz Can K\u0131z\u0131l\" \/>\n<meta property=\"article:published_time\" content=\"2024-11-19T07:41:13+00:00\" \/>\n<meta property=\"og:image\" content=\"https:\/\/denizcankizil.tr\/wp-content\/uploads\/2024\/11\/3147-01-eLd6mu.jpeg\" \/>\n\t<meta property=\"og:image:width\" content=\"1280\" \/>\n\t<meta property=\"og:image:height\" content=\"720\" \/>\n\t<meta property=\"og:image:type\" content=\"image\/jpeg\" \/>\n<meta name=\"twitter:card\" content=\"summary_large_image\" \/>\n<meta name=\"twitter:label1\" content=\"\u041f\u0440\u0438\u043c\u0435\u0440\u043d\u043e\u0435 \u0432\u0440\u0435\u043c\u044f \u0434\u043b\u044f \u0447\u0442\u0435\u043d\u0438\u044f\" \/>\n\t<meta name=\"twitter:data1\" content=\"4 \u043c\u0438\u043d\u0443\u0442\u044b\" \/>\n<script type=\"application\/ld+json\" class=\"yoast-schema-graph\">{\"@context\":\"https:\/\/schema.org\",\"@graph\":[{\"@type\":\"Article\",\"@id\":\"https:\/\/denizcankizil.tr\/de\/haberler\/antalya\/yeni-yilda-antalyaya-unlu-yagacak\/#article\",\"isPartOf\":{\"@id\":\"https:\/\/denizcankizil.tr\/de\/haberler\/antalya\/yeni-yilda-antalyaya-unlu-yagacak\/\"},\"author\":{\"name\":\"\",\"@id\":\"\"},\"headline\":\"Yeni y\u0131lda Antalya&#8217;ya \u00fcnl\u00fc ya\u011facak\",\"datePublished\":\"2024-11-19T07:41:13+00:00\",\"mainEntityOfPage\":{\"@id\":\"https:\/\/denizcankizil.tr\/de\/haberler\/antalya\/yeni-yilda-antalyaya-unlu-yagacak\/\"},\"wordCount\":847,\"commentCount\":0,\"publisher\":{\"@id\":\"https:\/\/denizcankizil.tr\/#organization\"},\"image\":{\"@id\":\"https:\/\/denizcankizil.tr\/de\/haberler\/antalya\/yeni-yilda-antalyaya-unlu-yagacak\/#primaryimage\"},\"thumbnailUrl\":\"http:\/\/denizcankizil.tr\/wp-content\/uploads\/2024\/11\/3147-01-eLd6mu.jpeg\",\"articleSection\":[\"Antalya\",\"Uncategorized\"],\"inLanguage\":\"ru-RU\",\"potentialAction\":[{\"@type\":\"CommentAction\",\"name\":\"Comment\",\"target\":[\"https:\/\/denizcankizil.tr\/de\/haberler\/antalya\/yeni-yilda-antalyaya-unlu-yagacak\/#respond\"]}]},{\"@type\":\"WebPage\",\"@id\":\"https:\/\/denizcankizil.tr\/de\/haberler\/antalya\/yeni-yilda-antalyaya-unlu-yagacak\/\",\"url\":\"https:\/\/denizcankizil.tr\/de\/haberler\/antalya\/yeni-yilda-antalyaya-unlu-yagacak\/\",\"name\":\"Yeni y\u0131lda Antalya'ya \u00fcnl\u00fc ya\u011facak - Av. Deniz Can K\u0131z\u0131l\",\"isPartOf\":{\"@id\":\"https:\/\/denizcankizil.tr\/#website\"},\"primaryImageOfPage\":{\"@id\":\"https:\/\/denizcankizil.tr\/de\/haberler\/antalya\/yeni-yilda-antalyaya-unlu-yagacak\/#primaryimage\"},\"image\":{\"@id\":\"https:\/\/denizcankizil.tr\/de\/haberler\/antalya\/yeni-yilda-antalyaya-unlu-yagacak\/#primaryimage\"},\"thumbnailUrl\":\"http:\/\/denizcankizil.tr\/wp-content\/uploads\/2024\/11\/3147-01-eLd6mu.jpeg\",\"datePublished\":\"2024-11-19T07:41:13+00:00\",\"breadcrumb\":{\"@id\":\"https:\/\/denizcankizil.tr\/de\/haberler\/antalya\/yeni-yilda-antalyaya-unlu-yagacak\/#breadcrumb\"},\"inLanguage\":\"ru-RU\",\"potentialAction\":[{\"@type\":\"ReadAction\",\"target\":[\"https:\/\/denizcankizil.tr\/de\/haberler\/antalya\/yeni-yilda-antalyaya-unlu-yagacak\/\"]}]},{\"@type\":\"ImageObject\",\"inLanguage\":\"ru-RU\",\"@id\":\"https:\/\/denizcankizil.tr\/de\/haberler\/antalya\/yeni-yilda-antalyaya-unlu-yagacak\/#primaryimage\",\"url\":\"http:\/\/denizcankizil.tr\/wp-content\/uploads\/2024\/11\/3147-01-eLd6mu.jpeg\",\"contentUrl\":\"http:\/\/denizcankizil.tr\/wp-content\/uploads\/2024\/11\/3147-01-eLd6mu.jpeg\",\"width\":1280,\"height\":720},{\"@type\":\"BreadcrumbList\",\"@id\":\"https:\/\/denizcankizil.tr\/de\/haberler\/antalya\/yeni-yilda-antalyaya-unlu-yagacak\/#breadcrumb\",\"itemListElement\":[{\"@type\":\"ListItem\",\"position\":1,\"name\":\"Home\",\"item\":\"https:\/\/denizcankizil.tr\/de\/\"},{\"@type\":\"ListItem\",\"position\":2,\"name\":\"Yeni y\u0131lda Antalya&#8217;ya \u00fcnl\u00fc ya\u011facak\"}]},{\"@type\":\"WebSite\",\"@id\":\"https:\/\/denizcankizil.tr\/#website\",\"url\":\"https:\/\/denizcankizil.tr\/\",\"name\":\"Av. Deniz Can K\u0131z\u0131l\",\"description\":\"Avukat Deniz Can K\u0131z\u0131l Antalya Barosu\",\"publisher\":{\"@id\":\"https:\/\/denizcankizil.tr\/#organization\"},\"potentialAction\":[{\"@type\":\"SearchAction\",\"target\":{\"@type\":\"EntryPoint\",\"urlTemplate\":\"https:\/\/denizcankizil.tr\/?s={search_term_string}\"},\"query-input\":{\"@type\":\"PropertyValueSpecification\",\"valueRequired\":true,\"valueName\":\"search_term_string\"}}],\"inLanguage\":\"ru-RU\"},{\"@type\":\"Organization\",\"@id\":\"https:\/\/denizcankizil.tr\/#organization\",\"name\":\"Av. Deniz Can K\u0131z\u0131l\",\"url\":\"https:\/\/denizcankizil.tr\/\",\"logo\":{\"@type\":\"ImageObject\",\"inLanguage\":\"ru-RU\",\"@id\":\"https:\/\/denizcankizil.tr\/#\/schema\/logo\/image\/\",\"url\":\"http:\/\/denizcankizil.tr\/wp-content\/uploads\/2024\/10\/siyah-logo-svg.svg\",\"contentUrl\":\"http:\/\/denizcankizil.tr\/wp-content\/uploads\/2024\/10\/siyah-logo-svg.svg\",\"width\":1080,\"height\":1080,\"caption\":\"Av. Deniz Can K\u0131z\u0131l\"},\"image\":{\"@id\":\"https:\/\/denizcankizil.tr\/#\/schema\/logo\/image\/\"}}]}<\/script>\n<!-- \/ Yoast SEO Premium plugin. -->","yoast_head_json":{"title":"Yeni y\u0131lda Antalya'ya \u00fcnl\u00fc ya\u011facak - Av. Deniz Can K\u0131z\u0131l","robots":{"index":"index","follow":"follow","max-snippet":"max-snippet:-1","max-image-preview":"max-image-preview:large","max-video-preview":"max-video-preview:-1"},"canonical":"https:\/\/denizcankizil.tr\/ru\/haberler\/antalya\/yeni-yilda-antalyaya-unlu-yagacak\/","og_locale":"ru_RU","og_type":"article","og_title":"Yeni y\u0131lda Antalya'ya \u00fcnl\u00fc ya\u011facak","og_description":"Y\u0131lba\u015f\u0131n\u0131n sal\u0131 ak\u015fam\u0131na denk gelmesi nedeniyle bir\u00e7ok otel kutlama program\u0131n\u0131 hafta sonuyla birlikte 5 g\u00fcn olarak planlad\u0131. Tur operat\u00f6rleri ve otellerin i\u00e7 pazara y\u00f6nelik y\u0131lba\u015f\u0131 tatil program\u0131 28 Aral\u0131k Cumartesi g\u00fcn\u00fc ba\u015flay\u0131p, 1 Ocak \u00c7ar\u015famba g\u00fcn\u00fcne kadar 5 g\u00fcn s\u00fcrecek. Yabanc\u0131 turistlere y\u00f6nelik 24 Aral\u0131k&#8217;tan itibaren Avrupal\u0131, 6 Ocak&#8217;tan itibaren de Rus turistlerle birlikte yo\u011fun hareketlilik bekleniyor. 24 Aral\u0131k&#8217;ta Katoliklerin, 6 Ocak&#8217;ta Ortodokslar\u0131n Noel kutlamalar\u0131, y\u0131lba\u015f\u0131 turizmini iki haftaya yay\u0131yor. ERKEN REZERVASYON \u0130ND\u0130R\u0130M\u0130 2024&#8217;e veda edilecek ve 2025&#8217;in kar\u015f\u0131lanaca\u011f\u0131 bu yeni y\u0131l kutlamalar\u0131n\u0131n en \u00f6nemli adreslerinden biri, Antalya olacak. \u00dcnl\u00fc sanat\u00e7\u0131lar\u0131n en yo\u011fun konser programlar\u0131 Antalya&#8217;daki otellerde planlan\u0131rken, Antalya&#8217;y\u0131 Kuzey K\u0131br\u0131s T\u00fcrk Cumhuriyeti&#8217;ndeki oteller takip ediyor. Bir\u00e7ok otelde hem yerli hem de yabanc\u0131 sanat\u00e7\u0131lar\u0131n konserleriyle yeni y\u0131la &#8216;merhaba&#8217; denilecek. Ayr\u0131ca Sapanca, Afyonkarahisar, Sar\u0131kam\u0131\u015f gibi di\u011fer tatil merkezleri de \u00f6ne \u00e7\u0131k\u0131yor. Yeni y\u0131la 1,5 ay kala bir\u00e7ok otel erken rezervasyon f\u0131rsatlar\u0131 da sunuyor. 4 GECE KONSER Bir\u00e7ok otelde sadece y\u0131lba\u015f\u0131 gecesi olan 31 Aral\u0131k&#8217;a konser program\u0131 haz\u0131rlan\u0131rken, baz\u0131 oteller de 28, 29, 30 ve 31 Aral\u0131k \u015feklinde 4 g\u00fcnl\u00fck konser programlar\u0131 haz\u0131rlad\u0131. Kutlamalarda yapay kar ya\u011f\u0131\u015flar\u0131, lazer, havai fi\u015fek, danslar ve canl\u0131 m\u00fczik, dron \u015fov, yeni y\u0131l \u00e7ekili\u015fleri, Noel Baba ve \u00f6zel yemek men\u00fcleri gibi \u00e7ok \u00e7e\u015fitli etkinlik ve g\u00f6steriler bulunuyor. &hellip;","og_url":"https:\/\/denizcankizil.tr\/ru\/haberler\/antalya\/yeni-yilda-antalyaya-unlu-yagacak\/","og_site_name":"Av. Deniz Can K\u0131z\u0131l","article_published_time":"2024-11-19T07:41:13+00:00","og_image":[{"width":1280,"height":720,"url":"https:\/\/denizcankizil.tr\/wp-content\/uploads\/2024\/11\/3147-01-eLd6mu.jpeg","type":"image\/jpeg"}],"twitter_card":"summary_large_image","twitter_misc":{"\u041f\u0440\u0438\u043c\u0435\u0440\u043d\u043e\u0435 \u0432\u0440\u0435\u043c\u044f \u0434\u043b\u044f \u0447\u0442\u0435\u043d\u0438\u044f":"4 \u043c\u0438\u043d\u0443\u0442\u044b"},"schema":{"@context":"https:\/\/schema.org","@graph":[{"@type":"Article","@id":"https:\/\/denizcankizil.tr\/de\/haberler\/antalya\/yeni-yilda-antalyaya-unlu-yagacak\/#article","isPartOf":{"@id":"https:\/\/denizcankizil.tr\/de\/haberler\/antalya\/yeni-yilda-antalyaya-unlu-yagacak\/"},"author":{"name":"","@id":""},"headline":"Yeni y\u0131lda Antalya&#8217;ya \u00fcnl\u00fc ya\u011facak","datePublished":"2024-11-19T07:41:13+00:00","mainEntityOfPage":{"@id":"https:\/\/denizcankizil.tr\/de\/haberler\/antalya\/yeni-yilda-antalyaya-unlu-yagacak\/"},"wordCount":847,"commentCount":0,"publisher":{"@id":"https:\/\/denizcankizil.tr\/#organization"},"image":{"@id":"https:\/\/denizcankizil.tr\/de\/haberler\/antalya\/yeni-yilda-antalyaya-unlu-yagacak\/#primaryimage"},"thumbnailUrl":"http:\/\/denizcankizil.tr\/wp-content\/uploads\/2024\/11\/3147-01-eLd6mu.jpeg","articleSection":["Antalya","Uncategorized"],"inLanguage":"ru-RU","potentialAction":[{"@type":"CommentAction","name":"Comment","target":["https:\/\/denizcankizil.tr\/de\/haberler\/antalya\/yeni-yilda-antalyaya-unlu-yagacak\/#respond"]}]},{"@type":"WebPage","@id":"https:\/\/denizcankizil.tr\/de\/haberler\/antalya\/yeni-yilda-antalyaya-unlu-yagacak\/","url":"https:\/\/denizcankizil.tr\/de\/haberler\/antalya\/yeni-yilda-antalyaya-unlu-yagacak\/","name":"Yeni y\u0131lda Antalya'ya \u00fcnl\u00fc ya\u011facak - Av. Deniz Can K\u0131z\u0131l","isPartOf":{"@id":"https:\/\/denizcankizil.tr\/#website"},"primaryImageOfPage":{"@id":"https:\/\/denizcankizil.tr\/de\/haberler\/antalya\/yeni-yilda-antalyaya-unlu-yagacak\/#primaryimage"},"image":{"@id":"https:\/\/denizcankizil.tr\/de\/haberler\/antalya\/yeni-yilda-antalyaya-unlu-yagacak\/#primaryimage"},"thumbnailUrl":"http:\/\/denizcankizil.tr\/wp-content\/uploads\/2024\/11\/3147-01-eLd6mu.jpeg","datePublished":"2024-11-19T07:41:13+00:00","breadcrumb":{"@id":"https:\/\/denizcankizil.tr\/de\/haberler\/antalya\/yeni-yilda-antalyaya-unlu-yagacak\/#breadcrumb"},"inLanguage":"ru-RU","potentialAction":[{"@type":"ReadAction","target":["https:\/\/denizcankizil.tr\/de\/haberler\/antalya\/yeni-yilda-antalyaya-unlu-yagacak\/"]}]},{"@type":"ImageObject","inLanguage":"ru-RU","@id":"https:\/\/denizcankizil.tr\/de\/haberler\/antalya\/yeni-yilda-antalyaya-unlu-yagacak\/#primaryimage","url":"http:\/\/denizcankizil.tr\/wp-content\/uploads\/2024\/11\/3147-01-eLd6mu.jpeg","contentUrl":"http:\/\/denizcankizil.tr\/wp-content\/uploads\/2024\/11\/3147-01-eLd6mu.jpeg","width":1280,"height":720},{"@type":"BreadcrumbList","@id":"https:\/\/denizcankizil.tr\/de\/haberler\/antalya\/yeni-yilda-antalyaya-unlu-yagacak\/#breadcrumb","itemListElement":[{"@type":"ListItem","position":1,"name":"Home","item":"https:\/\/denizcankizil.tr\/de\/"},{"@type":"ListItem","position":2,"name":"Yeni y\u0131lda Antalya&#8217;ya \u00fcnl\u00fc ya\u011facak"}]},{"@type":"WebSite","@id":"https:\/\/denizcankizil.tr\/#website","url":"https:\/\/denizcankizil.tr\/","name":"Av. Deniz Can K\u0131z\u0131l","description":"Avukat Deniz Can K\u0131z\u0131l Antalya Barosu","publisher":{"@id":"https:\/\/denizcankizil.tr\/#organization"},"potentialAction":[{"@type":"SearchAction","target":{"@type":"EntryPoint","urlTemplate":"https:\/\/denizcankizil.tr\/?s={search_term_string}"},"query-input":{"@type":"PropertyValueSpecification","valueRequired":true,"valueName":"search_term_string"}}],"inLanguage":"ru-RU"},{"@type":"Organization","@id":"https:\/\/denizcankizil.tr\/#organization","name":"Av. Deniz Can K\u0131z\u0131l","url":"https:\/\/denizcankizil.tr\/","logo":{"@type":"ImageObject","inLanguage":"ru-RU","@id":"https:\/\/denizcankizil.tr\/#\/schema\/logo\/image\/","url":"http:\/\/denizcankizil.tr\/wp-content\/uploads\/2024\/10\/siyah-logo-svg.svg","contentUrl":"http:\/\/denizcankizil.tr\/wp-content\/uploads\/2024\/10\/siyah-logo-svg.svg","width":1080,"height":1080,"caption":"Av. Deniz Can K\u0131z\u0131l"},"image":{"@id":"https:\/\/denizcankizil.tr\/#\/schema\/logo\/image\/"}}]}},"_links":{"self":[{"href":"http:\/\/denizcankizil.tr\/ru\/wp-json\/wp\/v2\/posts\/16498","targetHints":{"allow":["GET"]}}],"collection":[{"href":"http:\/\/denizcankizil.tr\/ru\/wp-json\/wp\/v2\/posts"}],"about":[{"href":"http:\/\/denizcankizil.tr\/ru\/wp-json\/wp\/v2\/types\/post"}],"replies":[{"embeddable":true,"href":"http:\/\/denizcankizil.tr\/ru\/wp-json\/wp\/v2\/comments?post=16498"}],"version-history":[{"count":0,"href":"http:\/\/denizcankizil.tr\/ru\/wp-json\/wp\/v2\/posts\/16498\/revisions"}],"wp:featuredmedia":[{"embeddable":true,"href":"http:\/\/denizcankizil.tr\/ru\/wp-json\/wp\/v2\/media\/16499"}],"wp:attachment":[{"href":"http:\/\/denizcankizil.tr\/ru\/wp-json\/wp\/v2\/media?parent=16498"}],"wp:term":[{"taxonomy":"category","embeddable":true,"href":"http:\/\/denizcankizil.tr\/ru\/wp-json\/wp\/v2\/categories?post=16498"},{"taxonomy":"post_tag","embeddable":true,"href":"http:\/\/denizcankizil.tr\/ru\/wp-json\/wp\/v2\/tags?post=16498"}],"curies":[{"name":"wp","href":"https:\/\/api.w.org\/{rel}","templated":true}]}}