{"id":16296,"date":"2024-11-18T10:41:39","date_gmt":"2024-11-18T07:41:39","guid":{"rendered":"https:\/\/denizcankizil.tr\/uncategorized-tr\/park-halindeki-okul-servisi-yandi\/"},"modified":"2025-03-16T00:45:50","modified_gmt":"2025-03-15T21:45:50","slug":"park-halindeki-okul-servisi-yandi","status":"publish","type":"post","link":"http:\/\/denizcankizil.tr\/ru\/haberler\/antalya\/park-halindeki-okul-servisi-yandi\/","title":{"rendered":"Park halindeki okul servisi yand\u0131"},"content":{"rendered":"<p>Olay, Antalya\u2019n\u0131n Manavgat il\u00e7esi A\u015fa\u011f\u0131 Pazarc\u0131 Mahallesi A\u015f\u0131k Veysel Caddesi 1071 sokak \u00fczerinde meydana geldi. Edinilen bilgiye g\u00f6re, sokak \u00fczerinde park halindeki Adem Saban\u2019a ait 07 C 74201 plakal\u0131 okul servisinin yand\u0131\u011f\u0131 ihbar\u0131 Antalya B\u00fcy\u00fck\u015fehir Belediyesi \u0130tfaiyesi Manavgat Birimi ve Manavgat Emniyet M\u00fcd\u00fcrl\u00fc\u011f\u00fc ekiplerini alarma ge\u00e7irdi. \u0130hbarla olay yerine gelen itfaiye ekipleri arac\u0131n i\u00e7 k\u0131sm\u0131n\u0131n yand\u0131\u011f\u0131n\u0131 belirlerken, arac\u0131n kap\u0131s\u0131n\u0131n a\u00e7\u0131lmas\u0131yla dumanlar \u00e7\u0131kmaya ba\u015flad\u0131.<\/p>\n<p>1 saat \u00f6nce arac\u0131 y\u0131kam\u0131\u015f<br \/>\nYang\u0131n itfaiyenin m\u00fcdahalesi sonucunda s\u00f6nd\u00fcr\u00fcl\u00fcrken, arac\u0131n i\u00e7 k\u0131sm\u0131n\u0131n konsol, direksiyon, tavan ve koltuklar\u0131n\u0131n tamamen yanarak kullan\u0131lamaz hale geldi. \u0130tfaiye g\u00f6revlileri motor kaputunu a\u00e7arken arac\u0131n motorunun yang\u0131ndan zarar g\u00f6rmedi\u011fi belirlendi. Yang\u0131n\u0131n servisin i\u00e7erisinde elektrik aksam\u0131ndan kaynakland\u0131\u011f\u0131 de\u011ferlendirilirken ara\u00e7 sahibi Adem Saban, yakla\u015f\u0131k 1 saat \u00f6nce arac\u0131n\u0131n d\u0131\u015f\u0131n\u0131 y\u0131kad\u0131\u011f\u0131n\u0131, 1 metre ileriye b\u0131rakt\u0131\u011f\u0131n\u0131 belirterek \u201cYoldan ge\u00e7en bir vatanda\u015f\u0131n ara\u00e7tan duman \u00e7\u0131kt\u0131\u011f\u0131n\u0131 s\u00f6ylemesi \u00fczerine bakt\u0131\u011f\u0131m\u0131zda arac\u0131m\u0131n i\u00e7erisinin yand\u0131\u011f\u0131n\u0131 g\u00f6rd\u00fcm\u201d dedi.<\/p>\n<p>Kaynak: www.kanalv.com.tr Haber Sitesinden Al\u0131nm\u0131\u015ft\u0131r.<\/p>","protected":false},"excerpt":{"rendered":"<p>Olay, Antalya\u2019n\u0131n Manavgat il\u00e7esi A\u015fa\u011f\u0131 Pazarc\u0131 Mahallesi A\u015f\u0131k Veysel Caddesi 1071 sokak \u00fczerinde meydana geldi. Edinilen bilgiye g\u00f6re, sokak \u00fczerinde park halindeki Adem Saban\u2019a ait 07 C 74201 plakal\u0131 okul servisinin yand\u0131\u011f\u0131 ihbar\u0131 Antalya B\u00fcy\u00fck\u015fehir Belediyesi \u0130tfaiyesi Manavgat Birimi ve Manavgat Emniyet M\u00fcd\u00fcrl\u00fc\u011f\u00fc ekiplerini alarma ge\u00e7irdi. \u0130hbarla olay yerine gelen itfaiye ekipleri arac\u0131n i\u00e7 k\u0131sm\u0131n\u0131n yand\u0131\u011f\u0131n\u0131 belirlerken, arac\u0131n kap\u0131s\u0131n\u0131n a\u00e7\u0131lmas\u0131yla dumanlar \u00e7\u0131kmaya ba\u015flad\u0131. 1 saat \u00f6nce arac\u0131 y\u0131kam\u0131\u015f Yang\u0131n itfaiyenin m\u00fcdahalesi sonucunda s\u00f6nd\u00fcr\u00fcl\u00fcrken, arac\u0131n i\u00e7 k\u0131sm\u0131n\u0131n konsol, direksiyon, tavan ve koltuklar\u0131n\u0131n tamamen yanarak kullan\u0131lamaz hale geldi. \u0130tfaiye g\u00f6revlileri motor kaputunu a\u00e7arken arac\u0131n motorunun yang\u0131ndan zarar g\u00f6rmedi\u011fi belirlendi. Yang\u0131n\u0131n servisin i\u00e7erisinde elektrik aksam\u0131ndan kaynakland\u0131\u011f\u0131 de\u011ferlendirilirken ara\u00e7 sahibi Adem Saban, yakla\u015f\u0131k 1 saat \u00f6nce arac\u0131n\u0131n d\u0131\u015f\u0131n\u0131 y\u0131kad\u0131\u011f\u0131n\u0131, 1 metre ileriye b\u0131rakt\u0131\u011f\u0131n\u0131 belirterek \u201cYoldan ge\u00e7en bir vatanda\u015f\u0131n ara\u00e7tan duman \u00e7\u0131kt\u0131\u011f\u0131n\u0131 s\u00f6ylemesi \u00fczerine bakt\u0131\u011f\u0131m\u0131zda arac\u0131m\u0131n i\u00e7erisinin yand\u0131\u011f\u0131n\u0131 g\u00f6rd\u00fcm\u201d dedi. Kaynak: www.kanalv.com.tr Haber Sitesinden Al\u0131nm\u0131\u015ft\u0131r.<\/p>","protected":false},"author":2,"featured_media":16297,"comment_status":"closed","ping_status":"open","sticky":false,"template":"","format":"standard","meta":{"_acf_changed":false,"footnotes":""},"categories":[26,535],"tags":[],"class_list":["post-16296","post","type-post","status-publish","format-standard","has-post-thumbnail","hentry","category-antalya","category-uncategorized-tr"],"acf":[],"yoast_head":"<!-- This site is optimized with the Yoast SEO Premium plugin v26.6 (Yoast SEO v27.1.1) - https:\/\/yoast.com\/product\/yoast-seo-premium-wordpress\/ -->\n<title>Park halindeki okul servisi yand\u0131 - Av. Deniz Can K\u0131z\u0131l<\/title>\n<meta name=\"robots\" content=\"index, follow, max-snippet:-1, max-image-preview:large, max-video-preview:-1\" \/>\n<link rel=\"canonical\" href=\"http:\/\/denizcankizil.tr\/ru\/haberler\/antalya\/park-halindeki-okul-servisi-yandi\/\" \/>\n<meta property=\"og:locale\" content=\"ru_RU\" \/>\n<meta property=\"og:type\" content=\"article\" \/>\n<meta property=\"og:title\" content=\"Park halindeki okul servisi yand\u0131\" \/>\n<meta property=\"og:description\" content=\"Olay, Antalya\u2019n\u0131n Manavgat il\u00e7esi A\u015fa\u011f\u0131 Pazarc\u0131 Mahallesi A\u015f\u0131k Veysel Caddesi 1071 sokak \u00fczerinde meydana geldi. Edinilen bilgiye g\u00f6re, sokak \u00fczerinde park halindeki Adem Saban\u2019a ait 07 C 74201 plakal\u0131 okul servisinin yand\u0131\u011f\u0131 ihbar\u0131 Antalya B\u00fcy\u00fck\u015fehir Belediyesi \u0130tfaiyesi Manavgat Birimi ve Manavgat Emniyet M\u00fcd\u00fcrl\u00fc\u011f\u00fc ekiplerini alarma ge\u00e7irdi. \u0130hbarla olay yerine gelen itfaiye ekipleri arac\u0131n i\u00e7 k\u0131sm\u0131n\u0131n yand\u0131\u011f\u0131n\u0131 belirlerken, arac\u0131n kap\u0131s\u0131n\u0131n a\u00e7\u0131lmas\u0131yla dumanlar \u00e7\u0131kmaya ba\u015flad\u0131. 1 saat \u00f6nce arac\u0131 y\u0131kam\u0131\u015f Yang\u0131n itfaiyenin m\u00fcdahalesi sonucunda s\u00f6nd\u00fcr\u00fcl\u00fcrken, arac\u0131n i\u00e7 k\u0131sm\u0131n\u0131n konsol, direksiyon, tavan ve koltuklar\u0131n\u0131n tamamen yanarak kullan\u0131lamaz hale geldi. \u0130tfaiye g\u00f6revlileri motor kaputunu a\u00e7arken arac\u0131n motorunun yang\u0131ndan zarar g\u00f6rmedi\u011fi belirlendi. Yang\u0131n\u0131n servisin i\u00e7erisinde elektrik aksam\u0131ndan kaynakland\u0131\u011f\u0131 de\u011ferlendirilirken ara\u00e7 sahibi Adem Saban, yakla\u015f\u0131k 1 saat \u00f6nce arac\u0131n\u0131n d\u0131\u015f\u0131n\u0131 y\u0131kad\u0131\u011f\u0131n\u0131, 1 metre ileriye b\u0131rakt\u0131\u011f\u0131n\u0131 belirterek \u201cYoldan ge\u00e7en bir vatanda\u015f\u0131n ara\u00e7tan duman \u00e7\u0131kt\u0131\u011f\u0131n\u0131 s\u00f6ylemesi \u00fczerine bakt\u0131\u011f\u0131m\u0131zda arac\u0131m\u0131n i\u00e7erisinin yand\u0131\u011f\u0131n\u0131 g\u00f6rd\u00fcm\u201d dedi. Kaynak: www.kanalv.com.tr Haber Sitesinden Al\u0131nm\u0131\u015ft\u0131r.\" \/>\n<meta property=\"og:url\" content=\"http:\/\/denizcankizil.tr\/ru\/haberler\/antalya\/park-halindeki-okul-servisi-yandi\/\" \/>\n<meta property=\"og:site_name\" content=\"Av. Deniz Can K\u0131z\u0131l\" \/>\n<meta property=\"article:published_time\" content=\"2024-11-18T07:41:39+00:00\" \/>\n<meta property=\"article:modified_time\" content=\"2025-03-15T21:45:50+00:00\" \/>\n<meta property=\"og:image\" content=\"http:\/\/denizcankizil.tr\/wp-content\/uploads\/2024\/11\/3121-01-tOaCQQ.jpeg\" \/>\n\t<meta property=\"og:image:width\" content=\"1280\" \/>\n\t<meta property=\"og:image:height\" content=\"720\" \/>\n\t<meta property=\"og:image:type\" content=\"image\/jpeg\" \/>\n<meta name=\"author\" content=\"www.hukukihaber .net\" \/>\n<meta name=\"twitter:card\" content=\"summary_large_image\" \/>\n<meta name=\"twitter:label1\" content=\"\u041d\u0430\u043f\u0438\u0441\u0430\u043d\u043e \u0430\u0432\u0442\u043e\u0440\u043e\u043c\" \/>\n\t<meta name=\"twitter:data1\" content=\"www.hukukihaber .net\" \/>\n\t<meta name=\"twitter:label2\" content=\"\u041f\u0440\u0438\u043c\u0435\u0440\u043d\u043e\u0435 \u0432\u0440\u0435\u043c\u044f \u0434\u043b\u044f \u0447\u0442\u0435\u043d\u0438\u044f\" \/>\n\t<meta name=\"twitter:data2\" content=\"1 \u043c\u0438\u043d\u0443\u0442\u0430\" \/>\n<script type=\"application\/ld+json\" class=\"yoast-schema-graph\">{\"@context\":\"https:\/\/schema.org\",\"@graph\":[{\"@type\":\"Article\",\"@id\":\"http:\/\/denizcankizil.tr\/ru\/haberler\/antalya\/park-halindeki-okul-servisi-yandi\/#article\",\"isPartOf\":{\"@id\":\"http:\/\/denizcankizil.tr\/ru\/haberler\/antalya\/park-halindeki-okul-servisi-yandi\/\"},\"author\":{\"name\":\"www.hukukihaber .net\",\"@id\":\"https:\/\/denizcankizil.tr\/de\/#\/schema\/person\/ee8d1a7e569af69c394b149657373d7c\"},\"headline\":\"Park halindeki okul servisi yand\u0131\",\"datePublished\":\"2024-11-18T07:41:39+00:00\",\"dateModified\":\"2025-03-15T21:45:50+00:00\",\"mainEntityOfPage\":{\"@id\":\"http:\/\/denizcankizil.tr\/ru\/haberler\/antalya\/park-halindeki-okul-servisi-yandi\/\"},\"wordCount\":216,\"publisher\":{\"@id\":\"https:\/\/denizcankizil.tr\/de\/#organization\"},\"image\":{\"@id\":\"http:\/\/denizcankizil.tr\/ru\/haberler\/antalya\/park-halindeki-okul-servisi-yandi\/#primaryimage\"},\"thumbnailUrl\":\"http:\/\/denizcankizil.tr\/wp-content\/uploads\/2024\/11\/3121-01-tOaCQQ.jpeg\",\"articleSection\":[\"Antalya\",\"Uncategorized\"],\"inLanguage\":\"ru-RU\"},{\"@type\":\"WebPage\",\"@id\":\"http:\/\/denizcankizil.tr\/ru\/haberler\/antalya\/park-halindeki-okul-servisi-yandi\/\",\"url\":\"http:\/\/denizcankizil.tr\/ru\/haberler\/antalya\/park-halindeki-okul-servisi-yandi\/\",\"name\":\"Park halindeki okul servisi yand\u0131 - Av. Deniz Can K\u0131z\u0131l\",\"isPartOf\":{\"@id\":\"https:\/\/denizcankizil.tr\/de\/#website\"},\"primaryImageOfPage\":{\"@id\":\"http:\/\/denizcankizil.tr\/ru\/haberler\/antalya\/park-halindeki-okul-servisi-yandi\/#primaryimage\"},\"image\":{\"@id\":\"http:\/\/denizcankizil.tr\/ru\/haberler\/antalya\/park-halindeki-okul-servisi-yandi\/#primaryimage\"},\"thumbnailUrl\":\"http:\/\/denizcankizil.tr\/wp-content\/uploads\/2024\/11\/3121-01-tOaCQQ.jpeg\",\"datePublished\":\"2024-11-18T07:41:39+00:00\",\"dateModified\":\"2025-03-15T21:45:50+00:00\",\"breadcrumb\":{\"@id\":\"http:\/\/denizcankizil.tr\/ru\/haberler\/antalya\/park-halindeki-okul-servisi-yandi\/#breadcrumb\"},\"inLanguage\":\"ru-RU\",\"potentialAction\":[{\"@type\":\"ReadAction\",\"target\":[\"http:\/\/denizcankizil.tr\/ru\/haberler\/antalya\/park-halindeki-okul-servisi-yandi\/\"]}]},{\"@type\":\"ImageObject\",\"inLanguage\":\"ru-RU\",\"@id\":\"http:\/\/denizcankizil.tr\/ru\/haberler\/antalya\/park-halindeki-okul-servisi-yandi\/#primaryimage\",\"url\":\"http:\/\/denizcankizil.tr\/wp-content\/uploads\/2024\/11\/3121-01-tOaCQQ.jpeg\",\"contentUrl\":\"http:\/\/denizcankizil.tr\/wp-content\/uploads\/2024\/11\/3121-01-tOaCQQ.jpeg\",\"width\":1280,\"height\":720},{\"@type\":\"BreadcrumbList\",\"@id\":\"http:\/\/denizcankizil.tr\/ru\/haberler\/antalya\/park-halindeki-okul-servisi-yandi\/#breadcrumb\",\"itemListElement\":[{\"@type\":\"ListItem\",\"position\":1,\"name\":\"Home\",\"item\":\"https:\/\/denizcankizil.tr\/de\/\"},{\"@type\":\"ListItem\",\"position\":2,\"name\":\"Park halindeki okul servisi yand\u0131\"}]},{\"@type\":\"WebSite\",\"@id\":\"https:\/\/denizcankizil.tr\/de\/#website\",\"url\":\"https:\/\/denizcankizil.tr\/de\/\",\"name\":\"Av. Deniz Can K\u0131z\u0131l\",\"description\":\"Avukat Deniz Can K\u0131z\u0131l Antalya Barosu\",\"publisher\":{\"@id\":\"https:\/\/denizcankizil.tr\/de\/#organization\"},\"potentialAction\":[{\"@type\":\"SearchAction\",\"target\":{\"@type\":\"EntryPoint\",\"urlTemplate\":\"https:\/\/denizcankizil.tr\/de\/?s={search_term_string}\"},\"query-input\":{\"@type\":\"PropertyValueSpecification\",\"valueRequired\":true,\"valueName\":\"search_term_string\"}}],\"inLanguage\":\"ru-RU\"},{\"@type\":\"Organization\",\"@id\":\"https:\/\/denizcankizil.tr\/de\/#organization\",\"name\":\"Av. Deniz Can K\u0131z\u0131l\",\"url\":\"https:\/\/denizcankizil.tr\/de\/\",\"logo\":{\"@type\":\"ImageObject\",\"inLanguage\":\"ru-RU\",\"@id\":\"https:\/\/denizcankizil.tr\/de\/#\/schema\/logo\/image\/\",\"url\":\"http:\/\/denizcankizil.tr\/wp-content\/uploads\/2024\/10\/siyah-logo-svg.svg\",\"contentUrl\":\"http:\/\/denizcankizil.tr\/wp-content\/uploads\/2024\/10\/siyah-logo-svg.svg\",\"width\":1080,\"height\":1080,\"caption\":\"Av. Deniz Can K\u0131z\u0131l\"},\"image\":{\"@id\":\"https:\/\/denizcankizil.tr\/de\/#\/schema\/logo\/image\/\"}},{\"@type\":\"Person\",\"@id\":\"https:\/\/denizcankizil.tr\/de\/#\/schema\/person\/ee8d1a7e569af69c394b149657373d7c\",\"name\":\"www.hukukihaber .net\",\"image\":{\"@type\":\"ImageObject\",\"inLanguage\":\"ru-RU\",\"@id\":\"https:\/\/denizcankizil.tr\/de\/#\/schema\/person\/image\/\",\"url\":\"https:\/\/secure.gravatar.com\/avatar\/24a421031e14edd04885d60c1a11a8021184a2ed5e7477881edb09ec996193ab?s=96&d=mm&r=g\",\"contentUrl\":\"https:\/\/secure.gravatar.com\/avatar\/24a421031e14edd04885d60c1a11a8021184a2ed5e7477881edb09ec996193ab?s=96&d=mm&r=g\",\"caption\":\"www.hukukihaber .net\"},\"url\":\"http:\/\/denizcankizil.tr\/ru\/author\/deniz\/\"}]}<\/script>\n<!-- \/ Yoast SEO Premium plugin. -->","yoast_head_json":{"title":"Park halindeki okul servisi yand\u0131 - Av. Deniz Can K\u0131z\u0131l","robots":{"index":"index","follow":"follow","max-snippet":"max-snippet:-1","max-image-preview":"max-image-preview:large","max-video-preview":"max-video-preview:-1"},"canonical":"http:\/\/denizcankizil.tr\/ru\/haberler\/antalya\/park-halindeki-okul-servisi-yandi\/","og_locale":"ru_RU","og_type":"article","og_title":"Park halindeki okul servisi yand\u0131","og_description":"Olay, Antalya\u2019n\u0131n Manavgat il\u00e7esi A\u015fa\u011f\u0131 Pazarc\u0131 Mahallesi A\u015f\u0131k Veysel Caddesi 1071 sokak \u00fczerinde meydana geldi. Edinilen bilgiye g\u00f6re, sokak \u00fczerinde park halindeki Adem Saban\u2019a ait 07 C 74201 plakal\u0131 okul servisinin yand\u0131\u011f\u0131 ihbar\u0131 Antalya B\u00fcy\u00fck\u015fehir Belediyesi \u0130tfaiyesi Manavgat Birimi ve Manavgat Emniyet M\u00fcd\u00fcrl\u00fc\u011f\u00fc ekiplerini alarma ge\u00e7irdi. \u0130hbarla olay yerine gelen itfaiye ekipleri arac\u0131n i\u00e7 k\u0131sm\u0131n\u0131n yand\u0131\u011f\u0131n\u0131 belirlerken, arac\u0131n kap\u0131s\u0131n\u0131n a\u00e7\u0131lmas\u0131yla dumanlar \u00e7\u0131kmaya ba\u015flad\u0131. 1 saat \u00f6nce arac\u0131 y\u0131kam\u0131\u015f Yang\u0131n itfaiyenin m\u00fcdahalesi sonucunda s\u00f6nd\u00fcr\u00fcl\u00fcrken, arac\u0131n i\u00e7 k\u0131sm\u0131n\u0131n konsol, direksiyon, tavan ve koltuklar\u0131n\u0131n tamamen yanarak kullan\u0131lamaz hale geldi. \u0130tfaiye g\u00f6revlileri motor kaputunu a\u00e7arken arac\u0131n motorunun yang\u0131ndan zarar g\u00f6rmedi\u011fi belirlendi. Yang\u0131n\u0131n servisin i\u00e7erisinde elektrik aksam\u0131ndan kaynakland\u0131\u011f\u0131 de\u011ferlendirilirken ara\u00e7 sahibi Adem Saban, yakla\u015f\u0131k 1 saat \u00f6nce arac\u0131n\u0131n d\u0131\u015f\u0131n\u0131 y\u0131kad\u0131\u011f\u0131n\u0131, 1 metre ileriye b\u0131rakt\u0131\u011f\u0131n\u0131 belirterek \u201cYoldan ge\u00e7en bir vatanda\u015f\u0131n ara\u00e7tan duman \u00e7\u0131kt\u0131\u011f\u0131n\u0131 s\u00f6ylemesi \u00fczerine bakt\u0131\u011f\u0131m\u0131zda arac\u0131m\u0131n i\u00e7erisinin yand\u0131\u011f\u0131n\u0131 g\u00f6rd\u00fcm\u201d dedi. Kaynak: www.kanalv.com.tr Haber Sitesinden Al\u0131nm\u0131\u015ft\u0131r.","og_url":"http:\/\/denizcankizil.tr\/ru\/haberler\/antalya\/park-halindeki-okul-servisi-yandi\/","og_site_name":"Av. Deniz Can K\u0131z\u0131l","article_published_time":"2024-11-18T07:41:39+00:00","article_modified_time":"2025-03-15T21:45:50+00:00","og_image":[{"width":1280,"height":720,"url":"http:\/\/denizcankizil.tr\/wp-content\/uploads\/2024\/11\/3121-01-tOaCQQ.jpeg","type":"image\/jpeg"}],"author":"www.hukukihaber .net","twitter_card":"summary_large_image","twitter_misc":{"\u041d\u0430\u043f\u0438\u0441\u0430\u043d\u043e \u0430\u0432\u0442\u043e\u0440\u043e\u043c":"www.hukukihaber .net","\u041f\u0440\u0438\u043c\u0435\u0440\u043d\u043e\u0435 \u0432\u0440\u0435\u043c\u044f \u0434\u043b\u044f \u0447\u0442\u0435\u043d\u0438\u044f":"1 \u043c\u0438\u043d\u0443\u0442\u0430"},"schema":{"@context":"https:\/\/schema.org","@graph":[{"@type":"Article","@id":"http:\/\/denizcankizil.tr\/ru\/haberler\/antalya\/park-halindeki-okul-servisi-yandi\/#article","isPartOf":{"@id":"http:\/\/denizcankizil.tr\/ru\/haberler\/antalya\/park-halindeki-okul-servisi-yandi\/"},"author":{"name":"www.hukukihaber .net","@id":"https:\/\/denizcankizil.tr\/de\/#\/schema\/person\/ee8d1a7e569af69c394b149657373d7c"},"headline":"Park halindeki okul servisi yand\u0131","datePublished":"2024-11-18T07:41:39+00:00","dateModified":"2025-03-15T21:45:50+00:00","mainEntityOfPage":{"@id":"http:\/\/denizcankizil.tr\/ru\/haberler\/antalya\/park-halindeki-okul-servisi-yandi\/"},"wordCount":216,"publisher":{"@id":"https:\/\/denizcankizil.tr\/de\/#organization"},"image":{"@id":"http:\/\/denizcankizil.tr\/ru\/haberler\/antalya\/park-halindeki-okul-servisi-yandi\/#primaryimage"},"thumbnailUrl":"http:\/\/denizcankizil.tr\/wp-content\/uploads\/2024\/11\/3121-01-tOaCQQ.jpeg","articleSection":["Antalya","Uncategorized"],"inLanguage":"ru-RU"},{"@type":"WebPage","@id":"http:\/\/denizcankizil.tr\/ru\/haberler\/antalya\/park-halindeki-okul-servisi-yandi\/","url":"http:\/\/denizcankizil.tr\/ru\/haberler\/antalya\/park-halindeki-okul-servisi-yandi\/","name":"Park halindeki okul servisi yand\u0131 - Av. Deniz Can K\u0131z\u0131l","isPartOf":{"@id":"https:\/\/denizcankizil.tr\/de\/#website"},"primaryImageOfPage":{"@id":"http:\/\/denizcankizil.tr\/ru\/haberler\/antalya\/park-halindeki-okul-servisi-yandi\/#primaryimage"},"image":{"@id":"http:\/\/denizcankizil.tr\/ru\/haberler\/antalya\/park-halindeki-okul-servisi-yandi\/#primaryimage"},"thumbnailUrl":"http:\/\/denizcankizil.tr\/wp-content\/uploads\/2024\/11\/3121-01-tOaCQQ.jpeg","datePublished":"2024-11-18T07:41:39+00:00","dateModified":"2025-03-15T21:45:50+00:00","breadcrumb":{"@id":"http:\/\/denizcankizil.tr\/ru\/haberler\/antalya\/park-halindeki-okul-servisi-yandi\/#breadcrumb"},"inLanguage":"ru-RU","potentialAction":[{"@type":"ReadAction","target":["http:\/\/denizcankizil.tr\/ru\/haberler\/antalya\/park-halindeki-okul-servisi-yandi\/"]}]},{"@type":"ImageObject","inLanguage":"ru-RU","@id":"http:\/\/denizcankizil.tr\/ru\/haberler\/antalya\/park-halindeki-okul-servisi-yandi\/#primaryimage","url":"http:\/\/denizcankizil.tr\/wp-content\/uploads\/2024\/11\/3121-01-tOaCQQ.jpeg","contentUrl":"http:\/\/denizcankizil.tr\/wp-content\/uploads\/2024\/11\/3121-01-tOaCQQ.jpeg","width":1280,"height":720},{"@type":"BreadcrumbList","@id":"http:\/\/denizcankizil.tr\/ru\/haberler\/antalya\/park-halindeki-okul-servisi-yandi\/#breadcrumb","itemListElement":[{"@type":"ListItem","position":1,"name":"Home","item":"https:\/\/denizcankizil.tr\/de\/"},{"@type":"ListItem","position":2,"name":"Park halindeki okul servisi yand\u0131"}]},{"@type":"WebSite","@id":"https:\/\/denizcankizil.tr\/de\/#website","url":"https:\/\/denizcankizil.tr\/de\/","name":"Av. Deniz Can K\u0131z\u0131l","description":"Avukat Deniz Can K\u0131z\u0131l Antalya Barosu","publisher":{"@id":"https:\/\/denizcankizil.tr\/de\/#organization"},"potentialAction":[{"@type":"SearchAction","target":{"@type":"EntryPoint","urlTemplate":"https:\/\/denizcankizil.tr\/de\/?s={search_term_string}"},"query-input":{"@type":"PropertyValueSpecification","valueRequired":true,"valueName":"search_term_string"}}],"inLanguage":"ru-RU"},{"@type":"Organization","@id":"https:\/\/denizcankizil.tr\/de\/#organization","name":"Av. Deniz Can K\u0131z\u0131l","url":"https:\/\/denizcankizil.tr\/de\/","logo":{"@type":"ImageObject","inLanguage":"ru-RU","@id":"https:\/\/denizcankizil.tr\/de\/#\/schema\/logo\/image\/","url":"http:\/\/denizcankizil.tr\/wp-content\/uploads\/2024\/10\/siyah-logo-svg.svg","contentUrl":"http:\/\/denizcankizil.tr\/wp-content\/uploads\/2024\/10\/siyah-logo-svg.svg","width":1080,"height":1080,"caption":"Av. Deniz Can K\u0131z\u0131l"},"image":{"@id":"https:\/\/denizcankizil.tr\/de\/#\/schema\/logo\/image\/"}},{"@type":"Person","@id":"https:\/\/denizcankizil.tr\/de\/#\/schema\/person\/ee8d1a7e569af69c394b149657373d7c","name":"www.hukukihaber.net","image":{"@type":"ImageObject","inLanguage":"ru-RU","@id":"https:\/\/denizcankizil.tr\/de\/#\/schema\/person\/image\/","url":"https:\/\/secure.gravatar.com\/avatar\/24a421031e14edd04885d60c1a11a8021184a2ed5e7477881edb09ec996193ab?s=96&d=mm&r=g","contentUrl":"https:\/\/secure.gravatar.com\/avatar\/24a421031e14edd04885d60c1a11a8021184a2ed5e7477881edb09ec996193ab?s=96&d=mm&r=g","caption":"www.hukukihaber .net"},"url":"http:\/\/denizcankizil.tr\/ru\/author\/deniz\/"}]}},"_links":{"self":[{"href":"http:\/\/denizcankizil.tr\/ru\/wp-json\/wp\/v2\/posts\/16296","targetHints":{"allow":["GET"]}}],"collection":[{"href":"http:\/\/denizcankizil.tr\/ru\/wp-json\/wp\/v2\/posts"}],"about":[{"href":"http:\/\/denizcankizil.tr\/ru\/wp-json\/wp\/v2\/types\/post"}],"author":[{"embeddable":true,"href":"http:\/\/denizcankizil.tr\/ru\/wp-json\/wp\/v2\/users\/2"}],"replies":[{"embeddable":true,"href":"http:\/\/denizcankizil.tr\/ru\/wp-json\/wp\/v2\/comments?post=16296"}],"version-history":[{"count":1,"href":"http:\/\/denizcankizil.tr\/ru\/wp-json\/wp\/v2\/posts\/16296\/revisions"}],"predecessor-version":[{"id":35980,"href":"http:\/\/denizcankizil.tr\/ru\/wp-json\/wp\/v2\/posts\/16296\/revisions\/35980"}],"wp:featuredmedia":[{"embeddable":true,"href":"http:\/\/denizcankizil.tr\/ru\/wp-json\/wp\/v2\/media\/16297"}],"wp:attachment":[{"href":"http:\/\/denizcankizil.tr\/ru\/wp-json\/wp\/v2\/media?parent=16296"}],"wp:term":[{"taxonomy":"category","embeddable":true,"href":"http:\/\/denizcankizil.tr\/ru\/wp-json\/wp\/v2\/categories?post=16296"},{"taxonomy":"post_tag","embeddable":true,"href":"http:\/\/denizcankizil.tr\/ru\/wp-json\/wp\/v2\/tags?post=16296"}],"curies":[{"name":"wp","href":"https:\/\/api.w.org\/{rel}","templated":true}]}}