{"id":16073,"date":"2024-11-15T20:42:03","date_gmt":"2024-11-15T17:42:03","guid":{"rendered":"https:\/\/denizcankizil.tr\/uncategorized-tr\/milli-egitim-akademisine-giris-sinavinin-detaylari-belli-oldu\/"},"modified":"2024-11-15T20:42:03","modified_gmt":"2024-11-15T17:42:03","slug":"milli-egitim-akademisine-giris-sinavinin-detaylari-belli-oldu","status":"publish","type":"post","link":"http:\/\/denizcankizil.tr\/ru\/haberler\/gundem\/milli-egitim-akademisine-giris-sinavinin-detaylari-belli-oldu\/","title":{"rendered":"Milli E\u011fitim Akademisi&#8217;ne giri\u015f s\u0131nav\u0131n\u0131n detaylar\u0131 belli oldu"},"content":{"rendered":"<p>\u00d6\u011fretmenlik Mesle\u011fi Kanunu uyar\u0131nca \u00f6\u011fretmen adaylar\u0131n\u0131n Mill\u00ee E\u011fitim Akademisi haz\u0131rl\u0131k e\u011fitimine kabul\u00fc; ilk kez \u00d6SYM taraf\u0131ndan 13 Temmuz 2025&#8217;te d\u00fczenlenecek &#8220;Milli E\u011fitim Bakanl\u0131\u011f\u0131 Akademi Giri\u015f S\u0131nav\u0131 (MEB-AGS)&#8221; sonu\u00e7lar\u0131 do\u011frultusunda yap\u0131lacak.ANKARA (\u0130GFA) &#8211;\u00a0 \u00d6SYM taraf\u0131ndan 13 Temmuz 2025&#8217;te uygulanacak MEB-AGS&#8217;nin detaylar\u0131 belli oldu.<br \/>\nMilli E\u011fitim Bakanl\u0131\u011f\u0131&#8217;n\u0131n resmi internet sitesinde yer alan habere g\u00f6re s\u0131nav, 2025 Akademi Giri\u015f S\u0131nav\u0131 (AGS) ve 2025 \u00d6\u011fretmenlik Alan Bilgisi Testi (\u00d6ABT) olmak \u00fczere 2 oturumda d\u00fczenlenecek.\u00a0 Buna g\u00f6re, biyoloji, co\u011frafya, fen bilimleri\/fen ve teknoloji, fizik, ilk\u00f6\u011fretim matematik, kimya\/kimya teknolojisi, matematik, okul \u00f6ncesi, rehberlik, s\u0131n\u0131f \u00f6\u011fretmenli\u011fi, sosyal bilgiler, tarih, T\u00fcrk\u00e7e, T\u00fcrk dili ve edebiyat\u0131, beden e\u011fitimi, din k\u00fclt\u00fcr\u00fc ve ahlak bilgisi\/imam hatip lisesi meslek derslerinin \u00f6\u011fretmen adayl\u0131klar\u0131 i\u00e7in AGS puan\u0131n\u0131n y\u00fczde 50&#8217;si ile \u00d6ABT puan\u0131n\u0131n y\u00fczde 50&#8217;si al\u0131narak MEB-AGS puan\u0131 belirlenecek.<br \/>\nAlmanca, Arap\u00e7a, \u00c7ince, Frans\u0131zca, Fars\u00e7a, \u0130spanyolca, \u0130talyanca, Japonca, Korece, Rus\u00e7a ve \u0130ngilizce \u00f6\u011fretmenli\u011fi adayl\u0131klar\u0131 i\u00e7in ise AGS ve Yabanc\u0131 Dil Seviye Tespit S\u0131nav\u0131 (YDS veya e-YDS) esas al\u0131nacak. Buna g\u00f6re, AGS puan\u0131n\u0131n y\u00fczde 50&#8217;si ile YDS puan\u0131n\u0131n y\u00fczde 50&#8217;sinin toplanmas\u0131yla adaylar\u0131n MEB-AGS puan\u0131 hesaplanacak.<br \/>\nBu kapsamda yabanc\u0131 dil alan\u0131nda puan hesaplamas\u0131 yap\u0131l\u0131rken adaylar\u0131n ayn\u0131 y\u0131l ve AGS&#8217;den \u00f6nce girdikleri YDS veya e-YDS puanlar\u0131ndan en y\u00fcksek olan s\u0131nav notu kullan\u0131lacak.<br \/>\n\u00d6ABT ya da YDS uygulanmas\u0131 planlanmayan di\u011fer \u00f6\u011fretmen adayl\u0131klar\u0131 i\u00e7in de MEB-AGS puan\u0131, sadece AGS ile olu\u015fturulacak.<br \/>\n\u00d6\u011fretmen adaylar\u0131na, MEB-AGS kapsam\u0131ndaki AGS 80 soru, \u00d6ABT oturumunda ise 50 sorudan olu\u015facak.<br \/>\nS\u0131nava y\u00f6nelik detayl\u0131 a\u00e7\u0131klamalar\u0131n \u00f6n\u00fcm\u00fczdeki g\u00fcnlerde \u00d6SYM taraf\u0131ndan yap\u0131lmas\u0131 bekleniyor.<\/p>\n<p>\u200b\u00d6\u011fretmenlik Mesle\u011fi Kanunu uyar\u0131nca \u00f6\u011fretmen adaylar\u0131n\u0131n Mill\u00ee E\u011fitim Akademisi haz\u0131rl\u0131k e\u011fitimine kabul\u00fc; ilk kez \u00d6SYM taraf\u0131ndan 13 Temmuz 2025&#8217;te d\u00fczenlenecek &#8220;Milli E\u011fitim Bakanl\u0131\u011f\u0131 Akademi Giri\u015f S\u0131nav\u0131 (MEB-AGS)&#8221; sonu\u00e7lar\u0131 do\u011frultusunda yap\u0131lacak\u00a0<\/p>\n<p>\u200bHaberin Al\u0131nt\u0131land\u0131\u011f\u0131 Kaynak: www.iskenderun.org<\/p>","protected":false},"excerpt":{"rendered":"<p>\u00d6\u011fretmenlik Mesle\u011fi Kanunu uyar\u0131nca \u00f6\u011fretmen adaylar\u0131n\u0131n Mill\u00ee E\u011fitim Akademisi haz\u0131rl\u0131k e\u011fitimine kabul\u00fc; ilk kez \u00d6SYM taraf\u0131ndan 13 Temmuz 2025&#8217;te d\u00fczenlenecek &#8220;Milli E\u011fitim Bakanl\u0131\u011f\u0131 Akademi Giri\u015f S\u0131nav\u0131 (MEB-AGS)&#8221; sonu\u00e7lar\u0131 do\u011frultusunda yap\u0131lacak.ANKARA (\u0130GFA) &#8211;\u00a0 \u00d6SYM taraf\u0131ndan 13 Temmuz 2025&#8217;te uygulanacak MEB-AGS&#8217;nin detaylar\u0131 belli oldu. Milli E\u011fitim Bakanl\u0131\u011f\u0131&#8217;n\u0131n resmi internet sitesinde yer alan habere g\u00f6re s\u0131nav, 2025 Akademi Giri\u015f S\u0131nav\u0131 (AGS) ve 2025 \u00d6\u011fretmenlik Alan Bilgisi Testi (\u00d6ABT) olmak \u00fczere 2 oturumda d\u00fczenlenecek.\u00a0 Buna g\u00f6re, biyoloji, co\u011frafya, fen bilimleri\/fen ve teknoloji, fizik, ilk\u00f6\u011fretim matematik, kimya\/kimya teknolojisi, matematik, okul \u00f6ncesi, rehberlik, s\u0131n\u0131f \u00f6\u011fretmenli\u011fi, sosyal bilgiler, tarih, T\u00fcrk\u00e7e, T\u00fcrk dili ve edebiyat\u0131, beden e\u011fitimi, din k\u00fclt\u00fcr\u00fc ve ahlak bilgisi\/imam hatip lisesi meslek derslerinin \u00f6\u011fretmen adayl\u0131klar\u0131 i\u00e7in AGS puan\u0131n\u0131n y\u00fczde 50&#8217;si ile \u00d6ABT puan\u0131n\u0131n y\u00fczde 50&#8217;si al\u0131narak MEB-AGS puan\u0131 belirlenecek. Almanca, Arap\u00e7a, \u00c7ince, Frans\u0131zca, Fars\u00e7a, \u0130spanyolca, \u0130talyanca, Japonca, Korece, Rus\u00e7a ve \u0130ngilizce \u00f6\u011fretmenli\u011fi adayl\u0131klar\u0131 i\u00e7in ise AGS ve Yabanc\u0131 Dil Seviye Tespit S\u0131nav\u0131 (YDS veya e-YDS) esas al\u0131nacak. Buna g\u00f6re, AGS puan\u0131n\u0131n y\u00fczde 50&#8217;si ile YDS puan\u0131n\u0131n y\u00fczde 50&#8217;sinin toplanmas\u0131yla adaylar\u0131n MEB-AGS puan\u0131 hesaplanacak. Bu kapsamda yabanc\u0131 dil alan\u0131nda puan hesaplamas\u0131 yap\u0131l\u0131rken adaylar\u0131n ayn\u0131 y\u0131l ve AGS&#8217;den \u00f6nce girdikleri YDS veya e-YDS puanlar\u0131ndan en y\u00fcksek olan s\u0131nav notu kullan\u0131lacak. \u00d6ABT ya da YDS uygulanmas\u0131 planlanmayan di\u011fer &hellip;<\/p>","protected":false},"author":0,"featured_media":0,"comment_status":"open","ping_status":"open","sticky":false,"template":"","format":"standard","meta":{"_acf_changed":false,"footnotes":""},"categories":[24,535],"tags":[],"class_list":["post-16073","post","type-post","status-publish","format-standard","has-post-thumbnail","hentry","category-gundem","category-uncategorized-tr"],"acf":[],"yoast_head":"<!-- This site is optimized with the Yoast SEO Premium plugin v26.6 (Yoast SEO v27.1.1) - https:\/\/yoast.com\/product\/yoast-seo-premium-wordpress\/ -->\n<title>Milli E\u011fitim Akademisi&#039;ne giri\u015f s\u0131nav\u0131n\u0131n detaylar\u0131 belli oldu - Av. Deniz Can K\u0131z\u0131l<\/title>\n<meta name=\"robots\" content=\"index, follow, max-snippet:-1, max-image-preview:large, max-video-preview:-1\" \/>\n<link rel=\"canonical\" href=\"http:\/\/denizcankizil.tr\/ru\/haberler\/gundem\/milli-egitim-akademisine-giris-sinavinin-detaylari-belli-oldu\/\" \/>\n<meta property=\"og:locale\" content=\"ru_RU\" \/>\n<meta property=\"og:type\" content=\"article\" \/>\n<meta property=\"og:title\" content=\"Milli E\u011fitim Akademisi&#039;ne giri\u015f s\u0131nav\u0131n\u0131n detaylar\u0131 belli oldu\" \/>\n<meta property=\"og:description\" content=\"\u00d6\u011fretmenlik Mesle\u011fi Kanunu uyar\u0131nca \u00f6\u011fretmen adaylar\u0131n\u0131n Mill\u00ee E\u011fitim Akademisi haz\u0131rl\u0131k e\u011fitimine kabul\u00fc; ilk kez \u00d6SYM taraf\u0131ndan 13 Temmuz 2025&#8217;te d\u00fczenlenecek &#8220;Milli E\u011fitim Bakanl\u0131\u011f\u0131 Akademi Giri\u015f S\u0131nav\u0131 (MEB-AGS)&#8221; sonu\u00e7lar\u0131 do\u011frultusunda yap\u0131lacak.ANKARA (\u0130GFA) &#8211;\u00a0 \u00d6SYM taraf\u0131ndan 13 Temmuz 2025&#8217;te uygulanacak MEB-AGS&#8217;nin detaylar\u0131 belli oldu. Milli E\u011fitim Bakanl\u0131\u011f\u0131&#8217;n\u0131n resmi internet sitesinde yer alan habere g\u00f6re s\u0131nav, 2025 Akademi Giri\u015f S\u0131nav\u0131 (AGS) ve 2025 \u00d6\u011fretmenlik Alan Bilgisi Testi (\u00d6ABT) olmak \u00fczere 2 oturumda d\u00fczenlenecek.\u00a0 Buna g\u00f6re, biyoloji, co\u011frafya, fen bilimleri\/fen ve teknoloji, fizik, ilk\u00f6\u011fretim matematik, kimya\/kimya teknolojisi, matematik, okul \u00f6ncesi, rehberlik, s\u0131n\u0131f \u00f6\u011fretmenli\u011fi, sosyal bilgiler, tarih, T\u00fcrk\u00e7e, T\u00fcrk dili ve edebiyat\u0131, beden e\u011fitimi, din k\u00fclt\u00fcr\u00fc ve ahlak bilgisi\/imam hatip lisesi meslek derslerinin \u00f6\u011fretmen adayl\u0131klar\u0131 i\u00e7in AGS puan\u0131n\u0131n y\u00fczde 50&#8217;si ile \u00d6ABT puan\u0131n\u0131n y\u00fczde 50&#8217;si al\u0131narak MEB-AGS puan\u0131 belirlenecek. Almanca, Arap\u00e7a, \u00c7ince, Frans\u0131zca, Fars\u00e7a, \u0130spanyolca, \u0130talyanca, Japonca, Korece, Rus\u00e7a ve \u0130ngilizce \u00f6\u011fretmenli\u011fi adayl\u0131klar\u0131 i\u00e7in ise AGS ve Yabanc\u0131 Dil Seviye Tespit S\u0131nav\u0131 (YDS veya e-YDS) esas al\u0131nacak. Buna g\u00f6re, AGS puan\u0131n\u0131n y\u00fczde 50&#8217;si ile YDS puan\u0131n\u0131n y\u00fczde 50&#8217;sinin toplanmas\u0131yla adaylar\u0131n MEB-AGS puan\u0131 hesaplanacak. Bu kapsamda yabanc\u0131 dil alan\u0131nda puan hesaplamas\u0131 yap\u0131l\u0131rken adaylar\u0131n ayn\u0131 y\u0131l ve AGS&#8217;den \u00f6nce girdikleri YDS veya e-YDS puanlar\u0131ndan en y\u00fcksek olan s\u0131nav notu kullan\u0131lacak. \u00d6ABT ya da YDS uygulanmas\u0131 planlanmayan di\u011fer &hellip;\" \/>\n<meta property=\"og:url\" content=\"http:\/\/denizcankizil.tr\/ru\/haberler\/gundem\/milli-egitim-akademisine-giris-sinavinin-detaylari-belli-oldu\/\" \/>\n<meta property=\"og:site_name\" content=\"Av. Deniz Can K\u0131z\u0131l\" \/>\n<meta property=\"article:published_time\" content=\"2024-11-15T17:42:03+00:00\" \/>\n<meta name=\"twitter:card\" content=\"summary_large_image\" \/>\n<meta name=\"twitter:label1\" content=\"\u041f\u0440\u0438\u043c\u0435\u0440\u043d\u043e\u0435 \u0432\u0440\u0435\u043c\u044f \u0434\u043b\u044f \u0447\u0442\u0435\u043d\u0438\u044f\" \/>\n\t<meta name=\"twitter:data1\" content=\"2 \u043c\u0438\u043d\u0443\u0442\u044b\" \/>\n<script type=\"application\/ld+json\" class=\"yoast-schema-graph\">{\"@context\":\"https:\/\/schema.org\",\"@graph\":[{\"@type\":\"Article\",\"@id\":\"http:\/\/denizcankizil.tr\/ru\/haberler\/gundem\/milli-egitim-akademisine-giris-sinavinin-detaylari-belli-oldu\/#article\",\"isPartOf\":{\"@id\":\"http:\/\/denizcankizil.tr\/ru\/haberler\/gundem\/milli-egitim-akademisine-giris-sinavinin-detaylari-belli-oldu\/\"},\"author\":{\"name\":\"\",\"@id\":\"\"},\"headline\":\"Milli E\u011fitim Akademisi&#8217;ne giri\u015f s\u0131nav\u0131n\u0131n detaylar\u0131 belli oldu\",\"datePublished\":\"2024-11-15T17:42:03+00:00\",\"mainEntityOfPage\":{\"@id\":\"http:\/\/denizcankizil.tr\/ru\/haberler\/gundem\/milli-egitim-akademisine-giris-sinavinin-detaylari-belli-oldu\/\"},\"wordCount\":384,\"commentCount\":0,\"publisher\":{\"@id\":\"https:\/\/denizcankizil.tr\/de\/#organization\"},\"articleSection\":[\"G\u00fcndem\",\"Uncategorized\"],\"inLanguage\":\"ru-RU\",\"potentialAction\":[{\"@type\":\"CommentAction\",\"name\":\"Comment\",\"target\":[\"http:\/\/denizcankizil.tr\/ru\/haberler\/gundem\/milli-egitim-akademisine-giris-sinavinin-detaylari-belli-oldu\/#respond\"]}]},{\"@type\":\"WebPage\",\"@id\":\"http:\/\/denizcankizil.tr\/ru\/haberler\/gundem\/milli-egitim-akademisine-giris-sinavinin-detaylari-belli-oldu\/\",\"url\":\"http:\/\/denizcankizil.tr\/ru\/haberler\/gundem\/milli-egitim-akademisine-giris-sinavinin-detaylari-belli-oldu\/\",\"name\":\"Milli E\u011fitim Akademisi'ne giri\u015f s\u0131nav\u0131n\u0131n detaylar\u0131 belli oldu - Av. Deniz Can K\u0131z\u0131l\",\"isPartOf\":{\"@id\":\"https:\/\/denizcankizil.tr\/de\/#website\"},\"datePublished\":\"2024-11-15T17:42:03+00:00\",\"breadcrumb\":{\"@id\":\"http:\/\/denizcankizil.tr\/ru\/haberler\/gundem\/milli-egitim-akademisine-giris-sinavinin-detaylari-belli-oldu\/#breadcrumb\"},\"inLanguage\":\"ru-RU\",\"potentialAction\":[{\"@type\":\"ReadAction\",\"target\":[\"http:\/\/denizcankizil.tr\/ru\/haberler\/gundem\/milli-egitim-akademisine-giris-sinavinin-detaylari-belli-oldu\/\"]}]},{\"@type\":\"BreadcrumbList\",\"@id\":\"http:\/\/denizcankizil.tr\/ru\/haberler\/gundem\/milli-egitim-akademisine-giris-sinavinin-detaylari-belli-oldu\/#breadcrumb\",\"itemListElement\":[{\"@type\":\"ListItem\",\"position\":1,\"name\":\"Home\",\"item\":\"https:\/\/denizcankizil.tr\/de\/\"},{\"@type\":\"ListItem\",\"position\":2,\"name\":\"Milli E\u011fitim Akademisi&#8217;ne giri\u015f s\u0131nav\u0131n\u0131n detaylar\u0131 belli oldu\"}]},{\"@type\":\"WebSite\",\"@id\":\"https:\/\/denizcankizil.tr\/de\/#website\",\"url\":\"https:\/\/denizcankizil.tr\/de\/\",\"name\":\"Av. Deniz Can K\u0131z\u0131l\",\"description\":\"Avukat Deniz Can K\u0131z\u0131l Antalya Barosu\",\"publisher\":{\"@id\":\"https:\/\/denizcankizil.tr\/de\/#organization\"},\"potentialAction\":[{\"@type\":\"SearchAction\",\"target\":{\"@type\":\"EntryPoint\",\"urlTemplate\":\"https:\/\/denizcankizil.tr\/de\/?s={search_term_string}\"},\"query-input\":{\"@type\":\"PropertyValueSpecification\",\"valueRequired\":true,\"valueName\":\"search_term_string\"}}],\"inLanguage\":\"ru-RU\"},{\"@type\":\"Organization\",\"@id\":\"https:\/\/denizcankizil.tr\/de\/#organization\",\"name\":\"Av. Deniz Can K\u0131z\u0131l\",\"url\":\"https:\/\/denizcankizil.tr\/de\/\",\"logo\":{\"@type\":\"ImageObject\",\"inLanguage\":\"ru-RU\",\"@id\":\"https:\/\/denizcankizil.tr\/de\/#\/schema\/logo\/image\/\",\"url\":\"http:\/\/denizcankizil.tr\/wp-content\/uploads\/2024\/10\/siyah-logo-svg.svg\",\"contentUrl\":\"http:\/\/denizcankizil.tr\/wp-content\/uploads\/2024\/10\/siyah-logo-svg.svg\",\"width\":1080,\"height\":1080,\"caption\":\"Av. Deniz Can K\u0131z\u0131l\"},\"image\":{\"@id\":\"https:\/\/denizcankizil.tr\/de\/#\/schema\/logo\/image\/\"}}]}<\/script>\n<!-- \/ Yoast SEO Premium plugin. -->","yoast_head_json":{"title":"Milli E\u011fitim Akademisi'ne giri\u015f s\u0131nav\u0131n\u0131n detaylar\u0131 belli oldu - Av. Deniz Can K\u0131z\u0131l","robots":{"index":"index","follow":"follow","max-snippet":"max-snippet:-1","max-image-preview":"max-image-preview:large","max-video-preview":"max-video-preview:-1"},"canonical":"http:\/\/denizcankizil.tr\/ru\/haberler\/gundem\/milli-egitim-akademisine-giris-sinavinin-detaylari-belli-oldu\/","og_locale":"ru_RU","og_type":"article","og_title":"Milli E\u011fitim Akademisi'ne giri\u015f s\u0131nav\u0131n\u0131n detaylar\u0131 belli oldu","og_description":"\u00d6\u011fretmenlik Mesle\u011fi Kanunu uyar\u0131nca \u00f6\u011fretmen adaylar\u0131n\u0131n Mill\u00ee E\u011fitim Akademisi haz\u0131rl\u0131k e\u011fitimine kabul\u00fc; ilk kez \u00d6SYM taraf\u0131ndan 13 Temmuz 2025&#8217;te d\u00fczenlenecek &#8220;Milli E\u011fitim Bakanl\u0131\u011f\u0131 Akademi Giri\u015f S\u0131nav\u0131 (MEB-AGS)&#8221; sonu\u00e7lar\u0131 do\u011frultusunda yap\u0131lacak.ANKARA (\u0130GFA) &#8211;\u00a0 \u00d6SYM taraf\u0131ndan 13 Temmuz 2025&#8217;te uygulanacak MEB-AGS&#8217;nin detaylar\u0131 belli oldu. Milli E\u011fitim Bakanl\u0131\u011f\u0131&#8217;n\u0131n resmi internet sitesinde yer alan habere g\u00f6re s\u0131nav, 2025 Akademi Giri\u015f S\u0131nav\u0131 (AGS) ve 2025 \u00d6\u011fretmenlik Alan Bilgisi Testi (\u00d6ABT) olmak \u00fczere 2 oturumda d\u00fczenlenecek.\u00a0 Buna g\u00f6re, biyoloji, co\u011frafya, fen bilimleri\/fen ve teknoloji, fizik, ilk\u00f6\u011fretim matematik, kimya\/kimya teknolojisi, matematik, okul \u00f6ncesi, rehberlik, s\u0131n\u0131f \u00f6\u011fretmenli\u011fi, sosyal bilgiler, tarih, T\u00fcrk\u00e7e, T\u00fcrk dili ve edebiyat\u0131, beden e\u011fitimi, din k\u00fclt\u00fcr\u00fc ve ahlak bilgisi\/imam hatip lisesi meslek derslerinin \u00f6\u011fretmen adayl\u0131klar\u0131 i\u00e7in AGS puan\u0131n\u0131n y\u00fczde 50&#8217;si ile \u00d6ABT puan\u0131n\u0131n y\u00fczde 50&#8217;si al\u0131narak MEB-AGS puan\u0131 belirlenecek. Almanca, Arap\u00e7a, \u00c7ince, Frans\u0131zca, Fars\u00e7a, \u0130spanyolca, \u0130talyanca, Japonca, Korece, Rus\u00e7a ve \u0130ngilizce \u00f6\u011fretmenli\u011fi adayl\u0131klar\u0131 i\u00e7in ise AGS ve Yabanc\u0131 Dil Seviye Tespit S\u0131nav\u0131 (YDS veya e-YDS) esas al\u0131nacak. Buna g\u00f6re, AGS puan\u0131n\u0131n y\u00fczde 50&#8217;si ile YDS puan\u0131n\u0131n y\u00fczde 50&#8217;sinin toplanmas\u0131yla adaylar\u0131n MEB-AGS puan\u0131 hesaplanacak. Bu kapsamda yabanc\u0131 dil alan\u0131nda puan hesaplamas\u0131 yap\u0131l\u0131rken adaylar\u0131n ayn\u0131 y\u0131l ve AGS&#8217;den \u00f6nce girdikleri YDS veya e-YDS puanlar\u0131ndan en y\u00fcksek olan s\u0131nav notu kullan\u0131lacak. \u00d6ABT ya da YDS uygulanmas\u0131 planlanmayan di\u011fer &hellip;","og_url":"http:\/\/denizcankizil.tr\/ru\/haberler\/gundem\/milli-egitim-akademisine-giris-sinavinin-detaylari-belli-oldu\/","og_site_name":"Av. Deniz Can K\u0131z\u0131l","article_published_time":"2024-11-15T17:42:03+00:00","twitter_card":"summary_large_image","twitter_misc":{"\u041f\u0440\u0438\u043c\u0435\u0440\u043d\u043e\u0435 \u0432\u0440\u0435\u043c\u044f \u0434\u043b\u044f \u0447\u0442\u0435\u043d\u0438\u044f":"2 \u043c\u0438\u043d\u0443\u0442\u044b"},"schema":{"@context":"https:\/\/schema.org","@graph":[{"@type":"Article","@id":"http:\/\/denizcankizil.tr\/ru\/haberler\/gundem\/milli-egitim-akademisine-giris-sinavinin-detaylari-belli-oldu\/#article","isPartOf":{"@id":"http:\/\/denizcankizil.tr\/ru\/haberler\/gundem\/milli-egitim-akademisine-giris-sinavinin-detaylari-belli-oldu\/"},"author":{"name":"","@id":""},"headline":"Milli E\u011fitim Akademisi&#8217;ne giri\u015f s\u0131nav\u0131n\u0131n detaylar\u0131 belli oldu","datePublished":"2024-11-15T17:42:03+00:00","mainEntityOfPage":{"@id":"http:\/\/denizcankizil.tr\/ru\/haberler\/gundem\/milli-egitim-akademisine-giris-sinavinin-detaylari-belli-oldu\/"},"wordCount":384,"commentCount":0,"publisher":{"@id":"https:\/\/denizcankizil.tr\/de\/#organization"},"articleSection":["G\u00fcndem","Uncategorized"],"inLanguage":"ru-RU","potentialAction":[{"@type":"CommentAction","name":"Comment","target":["http:\/\/denizcankizil.tr\/ru\/haberler\/gundem\/milli-egitim-akademisine-giris-sinavinin-detaylari-belli-oldu\/#respond"]}]},{"@type":"WebPage","@id":"http:\/\/denizcankizil.tr\/ru\/haberler\/gundem\/milli-egitim-akademisine-giris-sinavinin-detaylari-belli-oldu\/","url":"http:\/\/denizcankizil.tr\/ru\/haberler\/gundem\/milli-egitim-akademisine-giris-sinavinin-detaylari-belli-oldu\/","name":"Milli E\u011fitim Akademisi'ne giri\u015f s\u0131nav\u0131n\u0131n detaylar\u0131 belli oldu - Av. Deniz Can K\u0131z\u0131l","isPartOf":{"@id":"https:\/\/denizcankizil.tr\/de\/#website"},"datePublished":"2024-11-15T17:42:03+00:00","breadcrumb":{"@id":"http:\/\/denizcankizil.tr\/ru\/haberler\/gundem\/milli-egitim-akademisine-giris-sinavinin-detaylari-belli-oldu\/#breadcrumb"},"inLanguage":"ru-RU","potentialAction":[{"@type":"ReadAction","target":["http:\/\/denizcankizil.tr\/ru\/haberler\/gundem\/milli-egitim-akademisine-giris-sinavinin-detaylari-belli-oldu\/"]}]},{"@type":"BreadcrumbList","@id":"http:\/\/denizcankizil.tr\/ru\/haberler\/gundem\/milli-egitim-akademisine-giris-sinavinin-detaylari-belli-oldu\/#breadcrumb","itemListElement":[{"@type":"ListItem","position":1,"name":"Home","item":"https:\/\/denizcankizil.tr\/de\/"},{"@type":"ListItem","position":2,"name":"Milli E\u011fitim Akademisi&#8217;ne giri\u015f s\u0131nav\u0131n\u0131n detaylar\u0131 belli oldu"}]},{"@type":"WebSite","@id":"https:\/\/denizcankizil.tr\/de\/#website","url":"https:\/\/denizcankizil.tr\/de\/","name":"Av. Deniz Can K\u0131z\u0131l","description":"Avukat Deniz Can K\u0131z\u0131l Antalya Barosu","publisher":{"@id":"https:\/\/denizcankizil.tr\/de\/#organization"},"potentialAction":[{"@type":"SearchAction","target":{"@type":"EntryPoint","urlTemplate":"https:\/\/denizcankizil.tr\/de\/?s={search_term_string}"},"query-input":{"@type":"PropertyValueSpecification","valueRequired":true,"valueName":"search_term_string"}}],"inLanguage":"ru-RU"},{"@type":"Organization","@id":"https:\/\/denizcankizil.tr\/de\/#organization","name":"Av. Deniz Can K\u0131z\u0131l","url":"https:\/\/denizcankizil.tr\/de\/","logo":{"@type":"ImageObject","inLanguage":"ru-RU","@id":"https:\/\/denizcankizil.tr\/de\/#\/schema\/logo\/image\/","url":"http:\/\/denizcankizil.tr\/wp-content\/uploads\/2024\/10\/siyah-logo-svg.svg","contentUrl":"http:\/\/denizcankizil.tr\/wp-content\/uploads\/2024\/10\/siyah-logo-svg.svg","width":1080,"height":1080,"caption":"Av. Deniz Can K\u0131z\u0131l"},"image":{"@id":"https:\/\/denizcankizil.tr\/de\/#\/schema\/logo\/image\/"}}]}},"_links":{"self":[{"href":"http:\/\/denizcankizil.tr\/ru\/wp-json\/wp\/v2\/posts\/16073","targetHints":{"allow":["GET"]}}],"collection":[{"href":"http:\/\/denizcankizil.tr\/ru\/wp-json\/wp\/v2\/posts"}],"about":[{"href":"http:\/\/denizcankizil.tr\/ru\/wp-json\/wp\/v2\/types\/post"}],"replies":[{"embeddable":true,"href":"http:\/\/denizcankizil.tr\/ru\/wp-json\/wp\/v2\/comments?post=16073"}],"version-history":[{"count":0,"href":"http:\/\/denizcankizil.tr\/ru\/wp-json\/wp\/v2\/posts\/16073\/revisions"}],"wp:attachment":[{"href":"http:\/\/denizcankizil.tr\/ru\/wp-json\/wp\/v2\/media?parent=16073"}],"wp:term":[{"taxonomy":"category","embeddable":true,"href":"http:\/\/denizcankizil.tr\/ru\/wp-json\/wp\/v2\/categories?post=16073"},{"taxonomy":"post_tag","embeddable":true,"href":"http:\/\/denizcankizil.tr\/ru\/wp-json\/wp\/v2\/tags?post=16073"}],"curies":[{"name":"wp","href":"https:\/\/api.w.org\/{rel}","templated":true}]}}