{"id":15992,"date":"2024-11-15T11:42:19","date_gmt":"2024-11-15T08:42:19","guid":{"rendered":"https:\/\/denizcankizil.tr\/uncategorized-tr\/antalyada-turizm-calisanlarinin-zor-sinavi-on-binlerce-calisan-ortada-kaldi\/"},"modified":"2024-11-15T11:42:19","modified_gmt":"2024-11-15T08:42:19","slug":"antalyada-turizm-calisanlarinin-zor-sinavi-on-binlerce-calisan-ortada-kaldi","status":"publish","type":"post","link":"http:\/\/denizcankizil.tr\/ru\/haberler\/gundem\/antalyada-turizm-calisanlarinin-zor-sinavi-on-binlerce-calisan-ortada-kaldi\/","title":{"rendered":"Antalya\u2019da turizm \u00e7al\u0131\u015fanlar\u0131n\u0131n zor s\u0131nav\u0131! On binlerce \u00e7al\u0131\u015fan ortada kald\u0131\u2026"},"content":{"rendered":"<p>Turizm sezonunu Kas\u0131m ay\u0131 itibariyle Antalya\u2019da \u00f6nemli oranda sona erdi. \u00c7ok say\u0131da otel yaz sezonunun sona ermesiyle birlikte on binlerce \u00e7al\u0131\u015fan\u0131n i\u015fine son verildi. Uzun k\u0131\u015f d\u00f6neminde \u00e7al\u0131\u015famayacak olan on binlerce turizm emek\u00e7isi, i\u015fsizlik maa\u015f\u0131ndan da faydalanamayacak. T\u0130P MYK \u00dcyesi Yunus Ba\u015faran, al\u0131n terini ortaya koyan y\u00fcz binlerce turizm emek\u00e7isinin a\u00e7l\u0131k ve sefalete itildi\u011fini anlatt\u0131.<\/p>\n<p>REKORLARI K\u0130MLER \u0130\u00c7\u0130N KIRDIK?<\/p>\n<p>Turizmin ba\u015fkenti Antalya\u2019da 2024 yaz sezonunda yine \u00f6nemli rekorlar k\u0131r\u0131ld\u0131. On binlerce turizm \u00e7al\u0131\u015fan\u0131n\u0131n g\u00f6rev ald\u0131\u011f\u0131 yaz sezonu sona erdi. Otel i\u015fletmeleri yaz d\u00f6neminde \u00e7al\u0131\u015fan on binlerce \u00e7al\u0131\u015fan\u0131yla k\u0131\u015f d\u00f6neminde yollar\u0131n\u0131 ay\u0131rd\u0131. T\u00fcrkiye \u0130\u015f\u00e7i Partisi (T\u0130P) MYK \u00dcyesi ve Antalya 28. D\u00f6nem Milletvekili Aday\u0131 Yunus Ba\u015faran, turizm sezonunun sona ermesiyle birlikte \u00e7arp\u0131c\u0131 a\u00e7\u0131klamalarda bulundu. Kas\u0131m ay\u0131 itibariyle otel sezonu bitti diyerek on binlerce turizm emek\u00e7isinin i\u015ften \u00e7\u0131kar\u0131ld\u0131\u011f\u0131na dikkat \u00e7eken Ba\u015faran; \u201cBug\u00fcn 15 Kas\u0131m \u00e7o\u011fu otel sezon bitti diyerek turizm \u00e7al\u0131\u015fanlar\u0131n\u0131n i\u015f akitlerini ask\u0131ya al\u0131yor. Yani \u00e7al\u0131\u015fanlar maa\u015f alamayacak, sigorta primleri yat\u0131r\u0131lmayacak, i\u015fsizlik maa\u015f\u0131 alamayacaklar\u201d \u015feklinde konu\u015ftu.\u00a0<\/p>\n<p>ON B\u0130NLERCE TUR\u0130ZM EMEK\u00c7\u0130S\u0130 PER\u0130\u015eAN OLACAK<\/p>\n<p>\u00c7al\u0131\u015fmalar\u0131n haklar\u0131n\u0131 iyile\u015ftirilmesi gerekti\u011fini vurgulayan T\u00fcrkiye \u0130\u015f\u00e7i Partisi (T\u0130P) MYK \u00dcyesi ve Antalya 28. D\u00f6nem Milletvekili Aday\u0131 Yunus Ba\u015faran, \u201cAntalya ba\u015fta olmak \u00fczere turizm b\u00f6lgelerinde insanlar\u0131 sefalete mahkum eden ask\u0131 sistemine son verilmeli. 6 ayda 12 ayl\u0131k hatta daha fazla \u00e7al\u0131\u015fan turizm emek\u00e7ilerinin g\u00fcvenceli \u00e7al\u0131\u015fma \u015fartlar\u0131 sa\u011flanmal\u0131d\u0131r. Bakan ve milletvekillerinin otel zinciri sahibi oldu\u011fu bir \u00fclkede patronlar\u0131 \u00fczecek kararlar al\u0131nmas\u0131n\u0131 beklemek hayalcilik olur, her s\u0131n\u0131f kendi \u00e7\u0131kar\u0131n\u0131 d\u00fc\u015f\u00fcn\u00fcr. Bir araya gelmekten ba\u015fka bir \u00e7aremiz yok. Ya\u015fam\u0131 var eden ve bir avu\u00e7 asala\u011f\u0131 zengin eden bizim al\u0131n terimiz\u201d ifadelerini kulland\u0131.\u00a0<\/p>\n<p>\u200bAkdeniz&#8217;in incisi Antalya\u2019da turizm sezon yava\u015f yava\u015f sona eriyor. Kas\u0131m ay\u0131yla birlikte \u00e7ok say\u0131da otel sezonu kapatt\u0131. Sezonu kapatan otellerde \u00e7al\u0131\u015fan on binlerce \u00e7al\u0131\u015fan i\u00e7in ise uzun i\u015fsizlik s\u00fcreci ba\u015flad\u0131\u00a0<\/p>\n<p>\u200bHaberin Al\u0131nt\u0131land\u0131\u011f\u0131 Kaynak: www.antalyakorfez.com<\/p>","protected":false},"excerpt":{"rendered":"<p>Turizm sezonunu Kas\u0131m ay\u0131 itibariyle Antalya\u2019da \u00f6nemli oranda sona erdi. \u00c7ok say\u0131da otel yaz sezonunun sona ermesiyle birlikte on binlerce \u00e7al\u0131\u015fan\u0131n i\u015fine son verildi. Uzun k\u0131\u015f d\u00f6neminde \u00e7al\u0131\u015famayacak olan on binlerce turizm emek\u00e7isi, i\u015fsizlik maa\u015f\u0131ndan da faydalanamayacak. T\u0130P MYK \u00dcyesi Yunus Ba\u015faran, al\u0131n terini ortaya koyan y\u00fcz binlerce turizm emek\u00e7isinin a\u00e7l\u0131k ve sefalete itildi\u011fini anlatt\u0131. REKORLARI K\u0130MLER \u0130\u00c7\u0130N KIRDIK? Turizmin ba\u015fkenti Antalya\u2019da 2024 yaz sezonunda yine \u00f6nemli rekorlar k\u0131r\u0131ld\u0131. On binlerce turizm \u00e7al\u0131\u015fan\u0131n\u0131n g\u00f6rev ald\u0131\u011f\u0131 yaz sezonu sona erdi. Otel i\u015fletmeleri yaz d\u00f6neminde \u00e7al\u0131\u015fan on binlerce \u00e7al\u0131\u015fan\u0131yla k\u0131\u015f d\u00f6neminde yollar\u0131n\u0131 ay\u0131rd\u0131. T\u00fcrkiye \u0130\u015f\u00e7i Partisi (T\u0130P) MYK \u00dcyesi ve Antalya 28. D\u00f6nem Milletvekili Aday\u0131 Yunus Ba\u015faran, turizm sezonunun sona ermesiyle birlikte \u00e7arp\u0131c\u0131 a\u00e7\u0131klamalarda bulundu. Kas\u0131m ay\u0131 itibariyle otel sezonu bitti diyerek on binlerce turizm emek\u00e7isinin i\u015ften \u00e7\u0131kar\u0131ld\u0131\u011f\u0131na dikkat \u00e7eken Ba\u015faran; \u201cBug\u00fcn 15 Kas\u0131m \u00e7o\u011fu otel sezon bitti diyerek turizm \u00e7al\u0131\u015fanlar\u0131n\u0131n i\u015f akitlerini ask\u0131ya al\u0131yor. Yani \u00e7al\u0131\u015fanlar maa\u015f alamayacak, sigorta primleri yat\u0131r\u0131lmayacak, i\u015fsizlik maa\u015f\u0131 alamayacaklar\u201d \u015feklinde konu\u015ftu.\u00a0 ON B\u0130NLERCE TUR\u0130ZM EMEK\u00c7\u0130S\u0130 PER\u0130\u015eAN OLACAK \u00c7al\u0131\u015fmalar\u0131n haklar\u0131n\u0131 iyile\u015ftirilmesi gerekti\u011fini vurgulayan T\u00fcrkiye \u0130\u015f\u00e7i Partisi (T\u0130P) MYK \u00dcyesi ve Antalya 28. D\u00f6nem Milletvekili Aday\u0131 Yunus Ba\u015faran, \u201cAntalya ba\u015fta olmak \u00fczere turizm b\u00f6lgelerinde insanlar\u0131 sefalete mahkum eden ask\u0131 sistemine son verilmeli. 6 ayda 12 ayl\u0131k hatta daha &hellip;<\/p>","protected":false},"author":0,"featured_media":0,"comment_status":"open","ping_status":"open","sticky":false,"template":"","format":"standard","meta":{"_acf_changed":false,"footnotes":""},"categories":[24,535],"tags":[],"class_list":["post-15992","post","type-post","status-publish","format-standard","has-post-thumbnail","hentry","category-gundem","category-uncategorized-tr"],"acf":[],"yoast_head":"<!-- This site is optimized with the Yoast SEO Premium plugin v26.6 (Yoast SEO v27.1.1) - https:\/\/yoast.com\/product\/yoast-seo-premium-wordpress\/ -->\n<title>Antalya\u2019da turizm \u00e7al\u0131\u015fanlar\u0131n\u0131n zor s\u0131nav\u0131! On binlerce \u00e7al\u0131\u015fan ortada kald\u0131\u2026 - Av. Deniz Can K\u0131z\u0131l<\/title>\n<meta name=\"robots\" content=\"index, follow, max-snippet:-1, max-image-preview:large, max-video-preview:-1\" \/>\n<link rel=\"canonical\" href=\"http:\/\/denizcankizil.tr\/ru\/haberler\/gundem\/antalyada-turizm-calisanlarinin-zor-sinavi-on-binlerce-calisan-ortada-kaldi\/\" \/>\n<meta property=\"og:locale\" content=\"ru_RU\" \/>\n<meta property=\"og:type\" content=\"article\" \/>\n<meta property=\"og:title\" content=\"Antalya\u2019da turizm \u00e7al\u0131\u015fanlar\u0131n\u0131n zor s\u0131nav\u0131! On binlerce \u00e7al\u0131\u015fan ortada kald\u0131\u2026\" \/>\n<meta property=\"og:description\" content=\"Turizm sezonunu Kas\u0131m ay\u0131 itibariyle Antalya\u2019da \u00f6nemli oranda sona erdi. \u00c7ok say\u0131da otel yaz sezonunun sona ermesiyle birlikte on binlerce \u00e7al\u0131\u015fan\u0131n i\u015fine son verildi. Uzun k\u0131\u015f d\u00f6neminde \u00e7al\u0131\u015famayacak olan on binlerce turizm emek\u00e7isi, i\u015fsizlik maa\u015f\u0131ndan da faydalanamayacak. T\u0130P MYK \u00dcyesi Yunus Ba\u015faran, al\u0131n terini ortaya koyan y\u00fcz binlerce turizm emek\u00e7isinin a\u00e7l\u0131k ve sefalete itildi\u011fini anlatt\u0131. REKORLARI K\u0130MLER \u0130\u00c7\u0130N KIRDIK? Turizmin ba\u015fkenti Antalya\u2019da 2024 yaz sezonunda yine \u00f6nemli rekorlar k\u0131r\u0131ld\u0131. On binlerce turizm \u00e7al\u0131\u015fan\u0131n\u0131n g\u00f6rev ald\u0131\u011f\u0131 yaz sezonu sona erdi. Otel i\u015fletmeleri yaz d\u00f6neminde \u00e7al\u0131\u015fan on binlerce \u00e7al\u0131\u015fan\u0131yla k\u0131\u015f d\u00f6neminde yollar\u0131n\u0131 ay\u0131rd\u0131. T\u00fcrkiye \u0130\u015f\u00e7i Partisi (T\u0130P) MYK \u00dcyesi ve Antalya 28. D\u00f6nem Milletvekili Aday\u0131 Yunus Ba\u015faran, turizm sezonunun sona ermesiyle birlikte \u00e7arp\u0131c\u0131 a\u00e7\u0131klamalarda bulundu. Kas\u0131m ay\u0131 itibariyle otel sezonu bitti diyerek on binlerce turizm emek\u00e7isinin i\u015ften \u00e7\u0131kar\u0131ld\u0131\u011f\u0131na dikkat \u00e7eken Ba\u015faran; \u201cBug\u00fcn 15 Kas\u0131m \u00e7o\u011fu otel sezon bitti diyerek turizm \u00e7al\u0131\u015fanlar\u0131n\u0131n i\u015f akitlerini ask\u0131ya al\u0131yor. Yani \u00e7al\u0131\u015fanlar maa\u015f alamayacak, sigorta primleri yat\u0131r\u0131lmayacak, i\u015fsizlik maa\u015f\u0131 alamayacaklar\u201d \u015feklinde konu\u015ftu.\u00a0 ON B\u0130NLERCE TUR\u0130ZM EMEK\u00c7\u0130S\u0130 PER\u0130\u015eAN OLACAK \u00c7al\u0131\u015fmalar\u0131n haklar\u0131n\u0131 iyile\u015ftirilmesi gerekti\u011fini vurgulayan T\u00fcrkiye \u0130\u015f\u00e7i Partisi (T\u0130P) MYK \u00dcyesi ve Antalya 28. D\u00f6nem Milletvekili Aday\u0131 Yunus Ba\u015faran, \u201cAntalya ba\u015fta olmak \u00fczere turizm b\u00f6lgelerinde insanlar\u0131 sefalete mahkum eden ask\u0131 sistemine son verilmeli. 6 ayda 12 ayl\u0131k hatta daha &hellip;\" \/>\n<meta property=\"og:url\" content=\"http:\/\/denizcankizil.tr\/ru\/haberler\/gundem\/antalyada-turizm-calisanlarinin-zor-sinavi-on-binlerce-calisan-ortada-kaldi\/\" \/>\n<meta property=\"og:site_name\" content=\"Av. Deniz Can K\u0131z\u0131l\" \/>\n<meta property=\"article:published_time\" content=\"2024-11-15T08:42:19+00:00\" \/>\n<meta name=\"twitter:card\" content=\"summary_large_image\" \/>\n<meta name=\"twitter:label1\" content=\"\u041f\u0440\u0438\u043c\u0435\u0440\u043d\u043e\u0435 \u0432\u0440\u0435\u043c\u044f \u0434\u043b\u044f \u0447\u0442\u0435\u043d\u0438\u044f\" \/>\n\t<meta name=\"twitter:data1\" content=\"2 \u043c\u0438\u043d\u0443\u0442\u044b\" \/>\n<script type=\"application\/ld+json\" class=\"yoast-schema-graph\">{\"@context\":\"https:\/\/schema.org\",\"@graph\":[{\"@type\":\"Article\",\"@id\":\"http:\/\/denizcankizil.tr\/de\/haberler\/gundem\/antalyada-turizm-calisanlarinin-zor-sinavi-on-binlerce-calisan-ortada-kaldi\/#article\",\"isPartOf\":{\"@id\":\"http:\/\/denizcankizil.tr\/de\/haberler\/gundem\/antalyada-turizm-calisanlarinin-zor-sinavi-on-binlerce-calisan-ortada-kaldi\/\"},\"author\":{\"name\":\"\",\"@id\":\"\"},\"headline\":\"Antalya\u2019da turizm \u00e7al\u0131\u015fanlar\u0131n\u0131n zor s\u0131nav\u0131! On binlerce \u00e7al\u0131\u015fan ortada kald\u0131\u2026\",\"datePublished\":\"2024-11-15T08:42:19+00:00\",\"mainEntityOfPage\":{\"@id\":\"http:\/\/denizcankizil.tr\/de\/haberler\/gundem\/antalyada-turizm-calisanlarinin-zor-sinavi-on-binlerce-calisan-ortada-kaldi\/\"},\"wordCount\":404,\"commentCount\":0,\"publisher\":{\"@id\":\"https:\/\/denizcankizil.tr\/de\/#organization\"},\"articleSection\":[\"G\u00fcndem\",\"Uncategorized\"],\"inLanguage\":\"ru-RU\",\"potentialAction\":[{\"@type\":\"CommentAction\",\"name\":\"Comment\",\"target\":[\"http:\/\/denizcankizil.tr\/de\/haberler\/gundem\/antalyada-turizm-calisanlarinin-zor-sinavi-on-binlerce-calisan-ortada-kaldi\/#respond\"]}]},{\"@type\":\"WebPage\",\"@id\":\"http:\/\/denizcankizil.tr\/de\/haberler\/gundem\/antalyada-turizm-calisanlarinin-zor-sinavi-on-binlerce-calisan-ortada-kaldi\/\",\"url\":\"http:\/\/denizcankizil.tr\/de\/haberler\/gundem\/antalyada-turizm-calisanlarinin-zor-sinavi-on-binlerce-calisan-ortada-kaldi\/\",\"name\":\"Antalya\u2019da turizm \u00e7al\u0131\u015fanlar\u0131n\u0131n zor s\u0131nav\u0131! On binlerce \u00e7al\u0131\u015fan ortada kald\u0131\u2026 - Av. Deniz Can K\u0131z\u0131l\",\"isPartOf\":{\"@id\":\"https:\/\/denizcankizil.tr\/de\/#website\"},\"datePublished\":\"2024-11-15T08:42:19+00:00\",\"breadcrumb\":{\"@id\":\"http:\/\/denizcankizil.tr\/de\/haberler\/gundem\/antalyada-turizm-calisanlarinin-zor-sinavi-on-binlerce-calisan-ortada-kaldi\/#breadcrumb\"},\"inLanguage\":\"ru-RU\",\"potentialAction\":[{\"@type\":\"ReadAction\",\"target\":[\"http:\/\/denizcankizil.tr\/de\/haberler\/gundem\/antalyada-turizm-calisanlarinin-zor-sinavi-on-binlerce-calisan-ortada-kaldi\/\"]}]},{\"@type\":\"BreadcrumbList\",\"@id\":\"http:\/\/denizcankizil.tr\/de\/haberler\/gundem\/antalyada-turizm-calisanlarinin-zor-sinavi-on-binlerce-calisan-ortada-kaldi\/#breadcrumb\",\"itemListElement\":[{\"@type\":\"ListItem\",\"position\":1,\"name\":\"Home\",\"item\":\"https:\/\/denizcankizil.tr\/de\/\"},{\"@type\":\"ListItem\",\"position\":2,\"name\":\"Antalya\u2019da turizm \u00e7al\u0131\u015fanlar\u0131n\u0131n zor s\u0131nav\u0131! On binlerce \u00e7al\u0131\u015fan ortada kald\u0131\u2026\"}]},{\"@type\":\"WebSite\",\"@id\":\"https:\/\/denizcankizil.tr\/de\/#website\",\"url\":\"https:\/\/denizcankizil.tr\/de\/\",\"name\":\"Av. Deniz Can K\u0131z\u0131l\",\"description\":\"Avukat Deniz Can K\u0131z\u0131l Antalya Barosu\",\"publisher\":{\"@id\":\"https:\/\/denizcankizil.tr\/de\/#organization\"},\"potentialAction\":[{\"@type\":\"SearchAction\",\"target\":{\"@type\":\"EntryPoint\",\"urlTemplate\":\"https:\/\/denizcankizil.tr\/de\/?s={search_term_string}\"},\"query-input\":{\"@type\":\"PropertyValueSpecification\",\"valueRequired\":true,\"valueName\":\"search_term_string\"}}],\"inLanguage\":\"ru-RU\"},{\"@type\":\"Organization\",\"@id\":\"https:\/\/denizcankizil.tr\/de\/#organization\",\"name\":\"Av. Deniz Can K\u0131z\u0131l\",\"url\":\"https:\/\/denizcankizil.tr\/de\/\",\"logo\":{\"@type\":\"ImageObject\",\"inLanguage\":\"ru-RU\",\"@id\":\"https:\/\/denizcankizil.tr\/de\/#\/schema\/logo\/image\/\",\"url\":\"http:\/\/denizcankizil.tr\/wp-content\/uploads\/2024\/10\/siyah-logo-svg.svg\",\"contentUrl\":\"http:\/\/denizcankizil.tr\/wp-content\/uploads\/2024\/10\/siyah-logo-svg.svg\",\"width\":1080,\"height\":1080,\"caption\":\"Av. Deniz Can K\u0131z\u0131l\"},\"image\":{\"@id\":\"https:\/\/denizcankizil.tr\/de\/#\/schema\/logo\/image\/\"}}]}<\/script>\n<!-- \/ Yoast SEO Premium plugin. -->","yoast_head_json":{"title":"Antalya\u2019da turizm \u00e7al\u0131\u015fanlar\u0131n\u0131n zor s\u0131nav\u0131! On binlerce \u00e7al\u0131\u015fan ortada kald\u0131\u2026 - Av. Deniz Can K\u0131z\u0131l","robots":{"index":"index","follow":"follow","max-snippet":"max-snippet:-1","max-image-preview":"max-image-preview:large","max-video-preview":"max-video-preview:-1"},"canonical":"http:\/\/denizcankizil.tr\/ru\/haberler\/gundem\/antalyada-turizm-calisanlarinin-zor-sinavi-on-binlerce-calisan-ortada-kaldi\/","og_locale":"ru_RU","og_type":"article","og_title":"Antalya\u2019da turizm \u00e7al\u0131\u015fanlar\u0131n\u0131n zor s\u0131nav\u0131! On binlerce \u00e7al\u0131\u015fan ortada kald\u0131\u2026","og_description":"Turizm sezonunu Kas\u0131m ay\u0131 itibariyle Antalya\u2019da \u00f6nemli oranda sona erdi. \u00c7ok say\u0131da otel yaz sezonunun sona ermesiyle birlikte on binlerce \u00e7al\u0131\u015fan\u0131n i\u015fine son verildi. Uzun k\u0131\u015f d\u00f6neminde \u00e7al\u0131\u015famayacak olan on binlerce turizm emek\u00e7isi, i\u015fsizlik maa\u015f\u0131ndan da faydalanamayacak. T\u0130P MYK \u00dcyesi Yunus Ba\u015faran, al\u0131n terini ortaya koyan y\u00fcz binlerce turizm emek\u00e7isinin a\u00e7l\u0131k ve sefalete itildi\u011fini anlatt\u0131. REKORLARI K\u0130MLER \u0130\u00c7\u0130N KIRDIK? Turizmin ba\u015fkenti Antalya\u2019da 2024 yaz sezonunda yine \u00f6nemli rekorlar k\u0131r\u0131ld\u0131. On binlerce turizm \u00e7al\u0131\u015fan\u0131n\u0131n g\u00f6rev ald\u0131\u011f\u0131 yaz sezonu sona erdi. Otel i\u015fletmeleri yaz d\u00f6neminde \u00e7al\u0131\u015fan on binlerce \u00e7al\u0131\u015fan\u0131yla k\u0131\u015f d\u00f6neminde yollar\u0131n\u0131 ay\u0131rd\u0131. T\u00fcrkiye \u0130\u015f\u00e7i Partisi (T\u0130P) MYK \u00dcyesi ve Antalya 28. D\u00f6nem Milletvekili Aday\u0131 Yunus Ba\u015faran, turizm sezonunun sona ermesiyle birlikte \u00e7arp\u0131c\u0131 a\u00e7\u0131klamalarda bulundu. Kas\u0131m ay\u0131 itibariyle otel sezonu bitti diyerek on binlerce turizm emek\u00e7isinin i\u015ften \u00e7\u0131kar\u0131ld\u0131\u011f\u0131na dikkat \u00e7eken Ba\u015faran; \u201cBug\u00fcn 15 Kas\u0131m \u00e7o\u011fu otel sezon bitti diyerek turizm \u00e7al\u0131\u015fanlar\u0131n\u0131n i\u015f akitlerini ask\u0131ya al\u0131yor. Yani \u00e7al\u0131\u015fanlar maa\u015f alamayacak, sigorta primleri yat\u0131r\u0131lmayacak, i\u015fsizlik maa\u015f\u0131 alamayacaklar\u201d \u015feklinde konu\u015ftu.\u00a0 ON B\u0130NLERCE TUR\u0130ZM EMEK\u00c7\u0130S\u0130 PER\u0130\u015eAN OLACAK \u00c7al\u0131\u015fmalar\u0131n haklar\u0131n\u0131 iyile\u015ftirilmesi gerekti\u011fini vurgulayan T\u00fcrkiye \u0130\u015f\u00e7i Partisi (T\u0130P) MYK \u00dcyesi ve Antalya 28. D\u00f6nem Milletvekili Aday\u0131 Yunus Ba\u015faran, \u201cAntalya ba\u015fta olmak \u00fczere turizm b\u00f6lgelerinde insanlar\u0131 sefalete mahkum eden ask\u0131 sistemine son verilmeli. 6 ayda 12 ayl\u0131k hatta daha &hellip;","og_url":"http:\/\/denizcankizil.tr\/ru\/haberler\/gundem\/antalyada-turizm-calisanlarinin-zor-sinavi-on-binlerce-calisan-ortada-kaldi\/","og_site_name":"Av. Deniz Can K\u0131z\u0131l","article_published_time":"2024-11-15T08:42:19+00:00","twitter_card":"summary_large_image","twitter_misc":{"\u041f\u0440\u0438\u043c\u0435\u0440\u043d\u043e\u0435 \u0432\u0440\u0435\u043c\u044f \u0434\u043b\u044f \u0447\u0442\u0435\u043d\u0438\u044f":"2 \u043c\u0438\u043d\u0443\u0442\u044b"},"schema":{"@context":"https:\/\/schema.org","@graph":[{"@type":"Article","@id":"http:\/\/denizcankizil.tr\/de\/haberler\/gundem\/antalyada-turizm-calisanlarinin-zor-sinavi-on-binlerce-calisan-ortada-kaldi\/#article","isPartOf":{"@id":"http:\/\/denizcankizil.tr\/de\/haberler\/gundem\/antalyada-turizm-calisanlarinin-zor-sinavi-on-binlerce-calisan-ortada-kaldi\/"},"author":{"name":"","@id":""},"headline":"Antalya\u2019da turizm \u00e7al\u0131\u015fanlar\u0131n\u0131n zor s\u0131nav\u0131! On binlerce \u00e7al\u0131\u015fan ortada kald\u0131\u2026","datePublished":"2024-11-15T08:42:19+00:00","mainEntityOfPage":{"@id":"http:\/\/denizcankizil.tr\/de\/haberler\/gundem\/antalyada-turizm-calisanlarinin-zor-sinavi-on-binlerce-calisan-ortada-kaldi\/"},"wordCount":404,"commentCount":0,"publisher":{"@id":"https:\/\/denizcankizil.tr\/de\/#organization"},"articleSection":["G\u00fcndem","Uncategorized"],"inLanguage":"ru-RU","potentialAction":[{"@type":"CommentAction","name":"Comment","target":["http:\/\/denizcankizil.tr\/de\/haberler\/gundem\/antalyada-turizm-calisanlarinin-zor-sinavi-on-binlerce-calisan-ortada-kaldi\/#respond"]}]},{"@type":"WebPage","@id":"http:\/\/denizcankizil.tr\/de\/haberler\/gundem\/antalyada-turizm-calisanlarinin-zor-sinavi-on-binlerce-calisan-ortada-kaldi\/","url":"http:\/\/denizcankizil.tr\/de\/haberler\/gundem\/antalyada-turizm-calisanlarinin-zor-sinavi-on-binlerce-calisan-ortada-kaldi\/","name":"Antalya\u2019da turizm \u00e7al\u0131\u015fanlar\u0131n\u0131n zor s\u0131nav\u0131! On binlerce \u00e7al\u0131\u015fan ortada kald\u0131\u2026 - Av. Deniz Can K\u0131z\u0131l","isPartOf":{"@id":"https:\/\/denizcankizil.tr\/de\/#website"},"datePublished":"2024-11-15T08:42:19+00:00","breadcrumb":{"@id":"http:\/\/denizcankizil.tr\/de\/haberler\/gundem\/antalyada-turizm-calisanlarinin-zor-sinavi-on-binlerce-calisan-ortada-kaldi\/#breadcrumb"},"inLanguage":"ru-RU","potentialAction":[{"@type":"ReadAction","target":["http:\/\/denizcankizil.tr\/de\/haberler\/gundem\/antalyada-turizm-calisanlarinin-zor-sinavi-on-binlerce-calisan-ortada-kaldi\/"]}]},{"@type":"BreadcrumbList","@id":"http:\/\/denizcankizil.tr\/de\/haberler\/gundem\/antalyada-turizm-calisanlarinin-zor-sinavi-on-binlerce-calisan-ortada-kaldi\/#breadcrumb","itemListElement":[{"@type":"ListItem","position":1,"name":"Home","item":"https:\/\/denizcankizil.tr\/de\/"},{"@type":"ListItem","position":2,"name":"Antalya\u2019da turizm \u00e7al\u0131\u015fanlar\u0131n\u0131n zor s\u0131nav\u0131! On binlerce \u00e7al\u0131\u015fan ortada kald\u0131\u2026"}]},{"@type":"WebSite","@id":"https:\/\/denizcankizil.tr\/de\/#website","url":"https:\/\/denizcankizil.tr\/de\/","name":"Av. Deniz Can K\u0131z\u0131l","description":"Avukat Deniz Can K\u0131z\u0131l Antalya Barosu","publisher":{"@id":"https:\/\/denizcankizil.tr\/de\/#organization"},"potentialAction":[{"@type":"SearchAction","target":{"@type":"EntryPoint","urlTemplate":"https:\/\/denizcankizil.tr\/de\/?s={search_term_string}"},"query-input":{"@type":"PropertyValueSpecification","valueRequired":true,"valueName":"search_term_string"}}],"inLanguage":"ru-RU"},{"@type":"Organization","@id":"https:\/\/denizcankizil.tr\/de\/#organization","name":"Av. Deniz Can K\u0131z\u0131l","url":"https:\/\/denizcankizil.tr\/de\/","logo":{"@type":"ImageObject","inLanguage":"ru-RU","@id":"https:\/\/denizcankizil.tr\/de\/#\/schema\/logo\/image\/","url":"http:\/\/denizcankizil.tr\/wp-content\/uploads\/2024\/10\/siyah-logo-svg.svg","contentUrl":"http:\/\/denizcankizil.tr\/wp-content\/uploads\/2024\/10\/siyah-logo-svg.svg","width":1080,"height":1080,"caption":"Av. Deniz Can K\u0131z\u0131l"},"image":{"@id":"https:\/\/denizcankizil.tr\/de\/#\/schema\/logo\/image\/"}}]}},"_links":{"self":[{"href":"http:\/\/denizcankizil.tr\/ru\/wp-json\/wp\/v2\/posts\/15992","targetHints":{"allow":["GET"]}}],"collection":[{"href":"http:\/\/denizcankizil.tr\/ru\/wp-json\/wp\/v2\/posts"}],"about":[{"href":"http:\/\/denizcankizil.tr\/ru\/wp-json\/wp\/v2\/types\/post"}],"replies":[{"embeddable":true,"href":"http:\/\/denizcankizil.tr\/ru\/wp-json\/wp\/v2\/comments?post=15992"}],"version-history":[{"count":0,"href":"http:\/\/denizcankizil.tr\/ru\/wp-json\/wp\/v2\/posts\/15992\/revisions"}],"wp:attachment":[{"href":"http:\/\/denizcankizil.tr\/ru\/wp-json\/wp\/v2\/media?parent=15992"}],"wp:term":[{"taxonomy":"category","embeddable":true,"href":"http:\/\/denizcankizil.tr\/ru\/wp-json\/wp\/v2\/categories?post=15992"},{"taxonomy":"post_tag","embeddable":true,"href":"http:\/\/denizcankizil.tr\/ru\/wp-json\/wp\/v2\/tags?post=15992"}],"curies":[{"name":"wp","href":"https:\/\/api.w.org\/{rel}","templated":true}]}}