{"id":15933,"date":"2024-11-14T22:41:25","date_gmt":"2024-11-14T19:41:25","guid":{"rendered":"https:\/\/denizcankizil.tr\/uncategorized-tr\/kitap-ve-kahve-tutkunlari-icin-yeni-adres\/"},"modified":"2024-11-14T22:41:25","modified_gmt":"2024-11-14T19:41:25","slug":"kitap-ve-kahve-tutkunlari-icin-yeni-adres","status":"publish","type":"post","link":"http:\/\/denizcankizil.tr\/ru\/haberler\/gundem\/kitap-ve-kahve-tutkunlari-icin-yeni-adres\/","title":{"rendered":"Kitap ve kahve tutkunlar\u0131 i\u00e7in yeni adres"},"content":{"rendered":"<p>Osmangazi Belediyesi taraf\u0131ndan kente kazand\u0131r\u0131lan 14\u2019\u00fcnc\u00fc k\u00fct\u00fcphane olan \u0130smail Hakk\u0131 Tongu\u00e7 Ba\u011f\u0131\u015f ve \u015eiir K\u00fct\u00fcphanesi ile Gen\u00e7 Kafe 16 Kas\u0131m Cumartesi g\u00fcn\u00fc saat 13.00\u2019da hizmete a\u00e7\u0131l\u0131yor.\u00a0<\/p>\n<p>\u200bOsmangazi Belediyesi taraf\u0131ndan kente kazand\u0131r\u0131lan 14\u2019\u00fcnc\u00fc k\u00fct\u00fcphane olan \u0130smail Hakk\u0131 Tongu\u00e7 Ba\u011f\u0131\u015f ve \u015eiir K\u00fct\u00fcphanesi ile Gen\u00e7 Kafe 16 Kas\u0131m Cumartesi g\u00fcn\u00fc saat 13.00\u2019da hizmete a\u00e7\u0131l\u0131yor.\u00a0\u00a0<\/p>\n<p>\u200bHaberin Al\u0131nt\u0131land\u0131\u011f\u0131 Kaynak: www.iskenderun.org<\/p>","protected":false},"excerpt":{"rendered":"<p>Osmangazi Belediyesi taraf\u0131ndan kente kazand\u0131r\u0131lan 14\u2019\u00fcnc\u00fc k\u00fct\u00fcphane olan \u0130smail Hakk\u0131 Tongu\u00e7 Ba\u011f\u0131\u015f ve \u015eiir K\u00fct\u00fcphanesi ile Gen\u00e7 Kafe 16 Kas\u0131m Cumartesi g\u00fcn\u00fc saat 13.00\u2019da hizmete a\u00e7\u0131l\u0131yor.\u00a0 \u200bOsmangazi Belediyesi taraf\u0131ndan kente kazand\u0131r\u0131lan 14\u2019\u00fcnc\u00fc k\u00fct\u00fcphane olan \u0130smail Hakk\u0131 Tongu\u00e7 Ba\u011f\u0131\u015f ve \u015eiir K\u00fct\u00fcphanesi ile Gen\u00e7 Kafe 16 Kas\u0131m Cumartesi g\u00fcn\u00fc saat 13.00\u2019da hizmete a\u00e7\u0131l\u0131yor.\u00a0\u00a0 \u200bHaberin Al\u0131nt\u0131land\u0131\u011f\u0131 Kaynak: www.iskenderun.org<\/p>","protected":false},"author":0,"featured_media":0,"comment_status":"open","ping_status":"open","sticky":false,"template":"","format":"standard","meta":{"_acf_changed":false,"footnotes":""},"categories":[24,535],"tags":[],"class_list":["post-15933","post","type-post","status-publish","format-standard","has-post-thumbnail","hentry","category-gundem","category-uncategorized-tr"],"acf":[],"yoast_head":"<!-- This site is optimized with the Yoast SEO Premium plugin v26.6 (Yoast SEO v27.1.1) - https:\/\/yoast.com\/product\/yoast-seo-premium-wordpress\/ -->\n<title>Kitap ve kahve tutkunlar\u0131 i\u00e7in yeni adres - Av. Deniz Can K\u0131z\u0131l<\/title>\n<meta name=\"robots\" content=\"index, follow, max-snippet:-1, max-image-preview:large, max-video-preview:-1\" \/>\n<link rel=\"canonical\" href=\"http:\/\/denizcankizil.tr\/ru\/haberler\/gundem\/kitap-ve-kahve-tutkunlari-icin-yeni-adres\/\" \/>\n<meta property=\"og:locale\" content=\"ru_RU\" \/>\n<meta property=\"og:type\" content=\"article\" \/>\n<meta property=\"og:title\" content=\"Kitap ve kahve tutkunlar\u0131 i\u00e7in yeni adres\" \/>\n<meta property=\"og:description\" content=\"Osmangazi Belediyesi taraf\u0131ndan kente kazand\u0131r\u0131lan 14\u2019\u00fcnc\u00fc k\u00fct\u00fcphane olan \u0130smail Hakk\u0131 Tongu\u00e7 Ba\u011f\u0131\u015f ve \u015eiir K\u00fct\u00fcphanesi ile Gen\u00e7 Kafe 16 Kas\u0131m Cumartesi g\u00fcn\u00fc saat 13.00\u2019da hizmete a\u00e7\u0131l\u0131yor.\u00a0 \u200bOsmangazi Belediyesi taraf\u0131ndan kente kazand\u0131r\u0131lan 14\u2019\u00fcnc\u00fc k\u00fct\u00fcphane olan \u0130smail Hakk\u0131 Tongu\u00e7 Ba\u011f\u0131\u015f ve \u015eiir K\u00fct\u00fcphanesi ile Gen\u00e7 Kafe 16 Kas\u0131m Cumartesi g\u00fcn\u00fc saat 13.00\u2019da hizmete a\u00e7\u0131l\u0131yor.\u00a0\u00a0 \u200bHaberin Al\u0131nt\u0131land\u0131\u011f\u0131 Kaynak: www.iskenderun.org\" \/>\n<meta property=\"og:url\" content=\"http:\/\/denizcankizil.tr\/ru\/haberler\/gundem\/kitap-ve-kahve-tutkunlari-icin-yeni-adres\/\" \/>\n<meta property=\"og:site_name\" content=\"Av. Deniz Can K\u0131z\u0131l\" \/>\n<meta property=\"article:published_time\" content=\"2024-11-14T19:41:25+00:00\" \/>\n<meta name=\"twitter:card\" content=\"summary_large_image\" \/>\n<script type=\"application\/ld+json\" class=\"yoast-schema-graph\">{\"@context\":\"https:\/\/schema.org\",\"@graph\":[{\"@type\":\"Article\",\"@id\":\"http:\/\/denizcankizil.tr\/ru\/haberler\/gundem\/kitap-ve-kahve-tutkunlari-icin-yeni-adres\/#article\",\"isPartOf\":{\"@id\":\"http:\/\/denizcankizil.tr\/ru\/haberler\/gundem\/kitap-ve-kahve-tutkunlari-icin-yeni-adres\/\"},\"author\":{\"name\":\"\",\"@id\":\"\"},\"headline\":\"Kitap ve kahve tutkunlar\u0131 i\u00e7in yeni adres\",\"datePublished\":\"2024-11-14T19:41:25+00:00\",\"mainEntityOfPage\":{\"@id\":\"http:\/\/denizcankizil.tr\/ru\/haberler\/gundem\/kitap-ve-kahve-tutkunlari-icin-yeni-adres\/\"},\"wordCount\":88,\"commentCount\":0,\"publisher\":{\"@id\":\"https:\/\/denizcankizil.tr\/#organization\"},\"articleSection\":[\"G\u00fcndem\",\"Uncategorized\"],\"inLanguage\":\"ru-RU\",\"potentialAction\":[{\"@type\":\"CommentAction\",\"name\":\"Comment\",\"target\":[\"http:\/\/denizcankizil.tr\/ru\/haberler\/gundem\/kitap-ve-kahve-tutkunlari-icin-yeni-adres\/#respond\"]}]},{\"@type\":\"WebPage\",\"@id\":\"http:\/\/denizcankizil.tr\/ru\/haberler\/gundem\/kitap-ve-kahve-tutkunlari-icin-yeni-adres\/\",\"url\":\"http:\/\/denizcankizil.tr\/ru\/haberler\/gundem\/kitap-ve-kahve-tutkunlari-icin-yeni-adres\/\",\"name\":\"Kitap ve kahve tutkunlar\u0131 i\u00e7in yeni adres - Av. Deniz Can K\u0131z\u0131l\",\"isPartOf\":{\"@id\":\"https:\/\/denizcankizil.tr\/#website\"},\"datePublished\":\"2024-11-14T19:41:25+00:00\",\"breadcrumb\":{\"@id\":\"http:\/\/denizcankizil.tr\/ru\/haberler\/gundem\/kitap-ve-kahve-tutkunlari-icin-yeni-adres\/#breadcrumb\"},\"inLanguage\":\"ru-RU\",\"potentialAction\":[{\"@type\":\"ReadAction\",\"target\":[\"http:\/\/denizcankizil.tr\/ru\/haberler\/gundem\/kitap-ve-kahve-tutkunlari-icin-yeni-adres\/\"]}]},{\"@type\":\"BreadcrumbList\",\"@id\":\"http:\/\/denizcankizil.tr\/ru\/haberler\/gundem\/kitap-ve-kahve-tutkunlari-icin-yeni-adres\/#breadcrumb\",\"itemListElement\":[{\"@type\":\"ListItem\",\"position\":1,\"name\":\"Home\",\"item\":\"https:\/\/denizcankizil.tr\/de\/\"},{\"@type\":\"ListItem\",\"position\":2,\"name\":\"Kitap ve kahve tutkunlar\u0131 i\u00e7in yeni adres\"}]},{\"@type\":\"WebSite\",\"@id\":\"https:\/\/denizcankizil.tr\/#website\",\"url\":\"https:\/\/denizcankizil.tr\/\",\"name\":\"Av. Deniz Can K\u0131z\u0131l\",\"description\":\"Avukat Deniz Can K\u0131z\u0131l Antalya Barosu\",\"publisher\":{\"@id\":\"https:\/\/denizcankizil.tr\/#organization\"},\"potentialAction\":[{\"@type\":\"SearchAction\",\"target\":{\"@type\":\"EntryPoint\",\"urlTemplate\":\"https:\/\/denizcankizil.tr\/?s={search_term_string}\"},\"query-input\":{\"@type\":\"PropertyValueSpecification\",\"valueRequired\":true,\"valueName\":\"search_term_string\"}}],\"inLanguage\":\"ru-RU\"},{\"@type\":\"Organization\",\"@id\":\"https:\/\/denizcankizil.tr\/#organization\",\"name\":\"Av. Deniz Can K\u0131z\u0131l\",\"url\":\"https:\/\/denizcankizil.tr\/\",\"logo\":{\"@type\":\"ImageObject\",\"inLanguage\":\"ru-RU\",\"@id\":\"https:\/\/denizcankizil.tr\/#\/schema\/logo\/image\/\",\"url\":\"http:\/\/denizcankizil.tr\/wp-content\/uploads\/2024\/10\/siyah-logo-svg.svg\",\"contentUrl\":\"http:\/\/denizcankizil.tr\/wp-content\/uploads\/2024\/10\/siyah-logo-svg.svg\",\"width\":1080,\"height\":1080,\"caption\":\"Av. Deniz Can K\u0131z\u0131l\"},\"image\":{\"@id\":\"https:\/\/denizcankizil.tr\/#\/schema\/logo\/image\/\"}}]}<\/script>\n<!-- \/ Yoast SEO Premium plugin. -->","yoast_head_json":{"title":"Kitap ve kahve tutkunlar\u0131 i\u00e7in yeni adres - Av. Deniz Can K\u0131z\u0131l","robots":{"index":"index","follow":"follow","max-snippet":"max-snippet:-1","max-image-preview":"max-image-preview:large","max-video-preview":"max-video-preview:-1"},"canonical":"http:\/\/denizcankizil.tr\/ru\/haberler\/gundem\/kitap-ve-kahve-tutkunlari-icin-yeni-adres\/","og_locale":"ru_RU","og_type":"article","og_title":"Kitap ve kahve tutkunlar\u0131 i\u00e7in yeni adres","og_description":"Osmangazi Belediyesi taraf\u0131ndan kente kazand\u0131r\u0131lan 14\u2019\u00fcnc\u00fc k\u00fct\u00fcphane olan \u0130smail Hakk\u0131 Tongu\u00e7 Ba\u011f\u0131\u015f ve \u015eiir K\u00fct\u00fcphanesi ile Gen\u00e7 Kafe 16 Kas\u0131m Cumartesi g\u00fcn\u00fc saat 13.00\u2019da hizmete a\u00e7\u0131l\u0131yor.\u00a0 \u200bOsmangazi Belediyesi taraf\u0131ndan kente kazand\u0131r\u0131lan 14\u2019\u00fcnc\u00fc k\u00fct\u00fcphane olan \u0130smail Hakk\u0131 Tongu\u00e7 Ba\u011f\u0131\u015f ve \u015eiir K\u00fct\u00fcphanesi ile Gen\u00e7 Kafe 16 Kas\u0131m Cumartesi g\u00fcn\u00fc saat 13.00\u2019da hizmete a\u00e7\u0131l\u0131yor.\u00a0\u00a0 \u200bHaberin Al\u0131nt\u0131land\u0131\u011f\u0131 Kaynak: www.iskenderun.org","og_url":"http:\/\/denizcankizil.tr\/ru\/haberler\/gundem\/kitap-ve-kahve-tutkunlari-icin-yeni-adres\/","og_site_name":"Av. Deniz Can K\u0131z\u0131l","article_published_time":"2024-11-14T19:41:25+00:00","twitter_card":"summary_large_image","schema":{"@context":"https:\/\/schema.org","@graph":[{"@type":"Article","@id":"http:\/\/denizcankizil.tr\/ru\/haberler\/gundem\/kitap-ve-kahve-tutkunlari-icin-yeni-adres\/#article","isPartOf":{"@id":"http:\/\/denizcankizil.tr\/ru\/haberler\/gundem\/kitap-ve-kahve-tutkunlari-icin-yeni-adres\/"},"author":{"name":"","@id":""},"headline":"Kitap ve kahve tutkunlar\u0131 i\u00e7in yeni adres","datePublished":"2024-11-14T19:41:25+00:00","mainEntityOfPage":{"@id":"http:\/\/denizcankizil.tr\/ru\/haberler\/gundem\/kitap-ve-kahve-tutkunlari-icin-yeni-adres\/"},"wordCount":88,"commentCount":0,"publisher":{"@id":"https:\/\/denizcankizil.tr\/#organization"},"articleSection":["G\u00fcndem","Uncategorized"],"inLanguage":"ru-RU","potentialAction":[{"@type":"CommentAction","name":"Comment","target":["http:\/\/denizcankizil.tr\/ru\/haberler\/gundem\/kitap-ve-kahve-tutkunlari-icin-yeni-adres\/#respond"]}]},{"@type":"WebPage","@id":"http:\/\/denizcankizil.tr\/ru\/haberler\/gundem\/kitap-ve-kahve-tutkunlari-icin-yeni-adres\/","url":"http:\/\/denizcankizil.tr\/ru\/haberler\/gundem\/kitap-ve-kahve-tutkunlari-icin-yeni-adres\/","name":"Kitap ve kahve tutkunlar\u0131 i\u00e7in yeni adres - Av. Deniz Can K\u0131z\u0131l","isPartOf":{"@id":"https:\/\/denizcankizil.tr\/#website"},"datePublished":"2024-11-14T19:41:25+00:00","breadcrumb":{"@id":"http:\/\/denizcankizil.tr\/ru\/haberler\/gundem\/kitap-ve-kahve-tutkunlari-icin-yeni-adres\/#breadcrumb"},"inLanguage":"ru-RU","potentialAction":[{"@type":"ReadAction","target":["http:\/\/denizcankizil.tr\/ru\/haberler\/gundem\/kitap-ve-kahve-tutkunlari-icin-yeni-adres\/"]}]},{"@type":"BreadcrumbList","@id":"http:\/\/denizcankizil.tr\/ru\/haberler\/gundem\/kitap-ve-kahve-tutkunlari-icin-yeni-adres\/#breadcrumb","itemListElement":[{"@type":"ListItem","position":1,"name":"Home","item":"https:\/\/denizcankizil.tr\/de\/"},{"@type":"ListItem","position":2,"name":"Kitap ve kahve tutkunlar\u0131 i\u00e7in yeni adres"}]},{"@type":"WebSite","@id":"https:\/\/denizcankizil.tr\/#website","url":"https:\/\/denizcankizil.tr\/","name":"Av. Deniz Can K\u0131z\u0131l","description":"Avukat Deniz Can K\u0131z\u0131l Antalya Barosu","publisher":{"@id":"https:\/\/denizcankizil.tr\/#organization"},"potentialAction":[{"@type":"SearchAction","target":{"@type":"EntryPoint","urlTemplate":"https:\/\/denizcankizil.tr\/?s={search_term_string}"},"query-input":{"@type":"PropertyValueSpecification","valueRequired":true,"valueName":"search_term_string"}}],"inLanguage":"ru-RU"},{"@type":"Organization","@id":"https:\/\/denizcankizil.tr\/#organization","name":"Av. Deniz Can K\u0131z\u0131l","url":"https:\/\/denizcankizil.tr\/","logo":{"@type":"ImageObject","inLanguage":"ru-RU","@id":"https:\/\/denizcankizil.tr\/#\/schema\/logo\/image\/","url":"http:\/\/denizcankizil.tr\/wp-content\/uploads\/2024\/10\/siyah-logo-svg.svg","contentUrl":"http:\/\/denizcankizil.tr\/wp-content\/uploads\/2024\/10\/siyah-logo-svg.svg","width":1080,"height":1080,"caption":"Av. Deniz Can K\u0131z\u0131l"},"image":{"@id":"https:\/\/denizcankizil.tr\/#\/schema\/logo\/image\/"}}]}},"_links":{"self":[{"href":"http:\/\/denizcankizil.tr\/ru\/wp-json\/wp\/v2\/posts\/15933","targetHints":{"allow":["GET"]}}],"collection":[{"href":"http:\/\/denizcankizil.tr\/ru\/wp-json\/wp\/v2\/posts"}],"about":[{"href":"http:\/\/denizcankizil.tr\/ru\/wp-json\/wp\/v2\/types\/post"}],"replies":[{"embeddable":true,"href":"http:\/\/denizcankizil.tr\/ru\/wp-json\/wp\/v2\/comments?post=15933"}],"version-history":[{"count":0,"href":"http:\/\/denizcankizil.tr\/ru\/wp-json\/wp\/v2\/posts\/15933\/revisions"}],"wp:attachment":[{"href":"http:\/\/denizcankizil.tr\/ru\/wp-json\/wp\/v2\/media?parent=15933"}],"wp:term":[{"taxonomy":"category","embeddable":true,"href":"http:\/\/denizcankizil.tr\/ru\/wp-json\/wp\/v2\/categories?post=15933"},{"taxonomy":"post_tag","embeddable":true,"href":"http:\/\/denizcankizil.tr\/ru\/wp-json\/wp\/v2\/tags?post=15933"}],"curies":[{"name":"wp","href":"https:\/\/api.w.org\/{rel}","templated":true}]}}