{"id":15845,"date":"2024-11-14T11:41:28","date_gmt":"2024-11-14T08:41:28","guid":{"rendered":"https:\/\/denizcankizil.tr\/uncategorized-tr\/park-halindeki-araclara-carparak-takla-atti\/"},"modified":"2024-11-14T11:41:28","modified_gmt":"2024-11-14T08:41:28","slug":"park-halindeki-araclara-carparak-takla-atti","status":"publish","type":"post","link":"http:\/\/denizcankizil.tr\/ru\/haberler\/antalya\/park-halindeki-araclara-carparak-takla-atti\/","title":{"rendered":"Park halindeki ara\u00e7lara \u00e7arparak takla att\u0131"},"content":{"rendered":"<p>Kaza, d\u00fcn saat 15.00 s\u0131ralar\u0131nda Muratpa\u015fa il\u00e7esine ba\u011fl\u0131 Meydankava\u011f\u0131 Mahallesi Perge Bulvar\u0131 \u00fczerinde meydana geldi. T.A. adl\u0131 kad\u0131n s\u00fcr\u00fcc\u00fcn\u00fcn kulland\u0131\u011f\u0131 07 ARE 260 plakal\u0131 cip, cadde \u00fczerinde park halinde bulunan 2 otomobile \u00e7arparak takla att\u0131. \u00c7evredekiler taraf\u0131ndan cipten \u00e7\u0131kart\u0131lan T.A. ile o\u011fluna ilk m\u00fcdahale, ihbar \u00fczerine gelen sa\u011fl\u0131k ekibi taraf\u0131ndan yap\u0131ld\u0131. \u00c7evre esnaf\u0131 taraf\u0131ndan su verilen anne ve o\u011flu, tedbir ama\u00e7l\u0131 hastaneye kald\u0131r\u0131ld\u0131. Kaza an\u0131, \u00e7evredeki i\u015f yerlerinin g\u00fcvenlik kameralar\u0131na yans\u0131d\u0131. Trafik ekibinin tutanak tutmas\u0131n\u0131n ard\u0131ndan takla atan cip, yol \u00fczerinden \u00e7ekildi.<\/p>\n<p>Kazaya tan\u0131kl\u0131k eden Edibe Baka\u00e7, &#8220;D\u00fckkandayd\u0131m, bir araban\u0131n sesine irkildik. Araba 2 arac\u0131n arkas\u0131na \u00e7arparak, takla atm\u0131\u015f. \u00c7ok korktuk. Ara\u00e7ta anne ve \u00e7ocuk 2 ki\u015fi vard\u0131. Vatanda\u015flar\u0131n yard\u0131m\u0131yla anne ve \u00e7ocuk ara\u00e7tan \u00e7\u0131kart\u0131ld\u0131. Ambulans ald\u0131 onlar\u0131, \u00e7ok \u015f\u00fck\u00fcr ikisinin de hi\u00e7bir \u015feyi yoktu. Ayakta tedavi edildikten sonra ambulansla hastaneye g\u00f6t\u00fcr\u00fcld\u00fcler&#8221; diye konu\u015ftu.<\/p>\n<p>Kaynak: www.kanalv.com.tr Haber Sitesinden Al\u0131nm\u0131\u015ft\u0131r.<\/p>","protected":false},"excerpt":{"rendered":"<p>Kaza, d\u00fcn saat 15.00 s\u0131ralar\u0131nda Muratpa\u015fa il\u00e7esine ba\u011fl\u0131 Meydankava\u011f\u0131 Mahallesi Perge Bulvar\u0131 \u00fczerinde meydana geldi. T.A. adl\u0131 kad\u0131n s\u00fcr\u00fcc\u00fcn\u00fcn kulland\u0131\u011f\u0131 07 ARE 260 plakal\u0131 cip, cadde \u00fczerinde park halinde bulunan 2 otomobile \u00e7arparak takla att\u0131. \u00c7evredekiler taraf\u0131ndan cipten \u00e7\u0131kart\u0131lan T.A. ile o\u011fluna ilk m\u00fcdahale, ihbar \u00fczerine gelen sa\u011fl\u0131k ekibi taraf\u0131ndan yap\u0131ld\u0131. \u00c7evre esnaf\u0131 taraf\u0131ndan su verilen anne ve o\u011flu, tedbir ama\u00e7l\u0131 hastaneye kald\u0131r\u0131ld\u0131. Kaza an\u0131, \u00e7evredeki i\u015f yerlerinin g\u00fcvenlik kameralar\u0131na yans\u0131d\u0131. Trafik ekibinin tutanak tutmas\u0131n\u0131n ard\u0131ndan takla atan cip, yol \u00fczerinden \u00e7ekildi. Kazaya tan\u0131kl\u0131k eden Edibe Baka\u00e7, &#8220;D\u00fckkandayd\u0131m, bir araban\u0131n sesine irkildik. Araba 2 arac\u0131n arkas\u0131na \u00e7arparak, takla atm\u0131\u015f. \u00c7ok korktuk. Ara\u00e7ta anne ve \u00e7ocuk 2 ki\u015fi vard\u0131. Vatanda\u015flar\u0131n yard\u0131m\u0131yla anne ve \u00e7ocuk ara\u00e7tan \u00e7\u0131kart\u0131ld\u0131. Ambulans ald\u0131 onlar\u0131, \u00e7ok \u015f\u00fck\u00fcr ikisinin de hi\u00e7bir \u015feyi yoktu. Ayakta tedavi edildikten sonra ambulansla hastaneye g\u00f6t\u00fcr\u00fcld\u00fcler&#8221; diye konu\u015ftu. Kaynak: www.kanalv.com.tr Haber Sitesinden Al\u0131nm\u0131\u015ft\u0131r.<\/p>","protected":false},"author":0,"featured_media":15846,"comment_status":"open","ping_status":"open","sticky":false,"template":"","format":"standard","meta":{"_acf_changed":false,"footnotes":""},"categories":[26,535],"tags":[],"class_list":["post-15845","post","type-post","status-publish","format-standard","has-post-thumbnail","hentry","category-antalya","category-uncategorized-tr"],"acf":[],"yoast_head":"<!-- This site is optimized with the Yoast SEO Premium plugin v26.6 (Yoast SEO v27.1.1) - https:\/\/yoast.com\/product\/yoast-seo-premium-wordpress\/ -->\n<title>Park halindeki ara\u00e7lara \u00e7arparak takla att\u0131 - Av. Deniz Can K\u0131z\u0131l<\/title>\n<meta name=\"robots\" content=\"index, follow, max-snippet:-1, max-image-preview:large, max-video-preview:-1\" \/>\n<link rel=\"canonical\" href=\"https:\/\/denizcankizil.tr\/ru\/haberler\/antalya\/park-halindeki-araclara-carparak-takla-atti\/\" \/>\n<meta property=\"og:locale\" content=\"ru_RU\" \/>\n<meta property=\"og:type\" content=\"article\" \/>\n<meta property=\"og:title\" content=\"Park halindeki ara\u00e7lara \u00e7arparak takla att\u0131\" \/>\n<meta property=\"og:description\" content=\"Kaza, d\u00fcn saat 15.00 s\u0131ralar\u0131nda Muratpa\u015fa il\u00e7esine ba\u011fl\u0131 Meydankava\u011f\u0131 Mahallesi Perge Bulvar\u0131 \u00fczerinde meydana geldi. T.A. adl\u0131 kad\u0131n s\u00fcr\u00fcc\u00fcn\u00fcn kulland\u0131\u011f\u0131 07 ARE 260 plakal\u0131 cip, cadde \u00fczerinde park halinde bulunan 2 otomobile \u00e7arparak takla att\u0131. \u00c7evredekiler taraf\u0131ndan cipten \u00e7\u0131kart\u0131lan T.A. ile o\u011fluna ilk m\u00fcdahale, ihbar \u00fczerine gelen sa\u011fl\u0131k ekibi taraf\u0131ndan yap\u0131ld\u0131. \u00c7evre esnaf\u0131 taraf\u0131ndan su verilen anne ve o\u011flu, tedbir ama\u00e7l\u0131 hastaneye kald\u0131r\u0131ld\u0131. Kaza an\u0131, \u00e7evredeki i\u015f yerlerinin g\u00fcvenlik kameralar\u0131na yans\u0131d\u0131. Trafik ekibinin tutanak tutmas\u0131n\u0131n ard\u0131ndan takla atan cip, yol \u00fczerinden \u00e7ekildi. Kazaya tan\u0131kl\u0131k eden Edibe Baka\u00e7, &#8220;D\u00fckkandayd\u0131m, bir araban\u0131n sesine irkildik. Araba 2 arac\u0131n arkas\u0131na \u00e7arparak, takla atm\u0131\u015f. \u00c7ok korktuk. Ara\u00e7ta anne ve \u00e7ocuk 2 ki\u015fi vard\u0131. Vatanda\u015flar\u0131n yard\u0131m\u0131yla anne ve \u00e7ocuk ara\u00e7tan \u00e7\u0131kart\u0131ld\u0131. Ambulans ald\u0131 onlar\u0131, \u00e7ok \u015f\u00fck\u00fcr ikisinin de hi\u00e7bir \u015feyi yoktu. Ayakta tedavi edildikten sonra ambulansla hastaneye g\u00f6t\u00fcr\u00fcld\u00fcler&#8221; diye konu\u015ftu. Kaynak: www.kanalv.com.tr Haber Sitesinden Al\u0131nm\u0131\u015ft\u0131r.\" \/>\n<meta property=\"og:url\" content=\"https:\/\/denizcankizil.tr\/ru\/haberler\/antalya\/park-halindeki-araclara-carparak-takla-atti\/\" \/>\n<meta property=\"og:site_name\" content=\"Av. Deniz Can K\u0131z\u0131l\" \/>\n<meta property=\"article:published_time\" content=\"2024-11-14T08:41:28+00:00\" \/>\n<meta property=\"og:image\" content=\"https:\/\/denizcankizil.tr\/wp-content\/uploads\/2024\/11\/3070-01-LvjDyb.jpeg\" \/>\n\t<meta property=\"og:image:width\" content=\"1280\" \/>\n\t<meta property=\"og:image:height\" content=\"720\" \/>\n\t<meta property=\"og:image:type\" content=\"image\/jpeg\" \/>\n<meta name=\"twitter:card\" content=\"summary_large_image\" \/>\n<meta name=\"twitter:label1\" content=\"\u041f\u0440\u0438\u043c\u0435\u0440\u043d\u043e\u0435 \u0432\u0440\u0435\u043c\u044f \u0434\u043b\u044f \u0447\u0442\u0435\u043d\u0438\u044f\" \/>\n\t<meta name=\"twitter:data1\" content=\"1 \u043c\u0438\u043d\u0443\u0442\u0430\" \/>\n<script type=\"application\/ld+json\" class=\"yoast-schema-graph\">{\"@context\":\"https:\/\/schema.org\",\"@graph\":[{\"@type\":\"Article\",\"@id\":\"https:\/\/denizcankizil.tr\/en\/haberler\/antalya\/park-halindeki-araclara-carparak-takla-atti\/#article\",\"isPartOf\":{\"@id\":\"https:\/\/denizcankizil.tr\/en\/haberler\/antalya\/park-halindeki-araclara-carparak-takla-atti\/\"},\"author\":{\"name\":\"\",\"@id\":\"\"},\"headline\":\"Park halindeki ara\u00e7lara \u00e7arparak takla att\u0131\",\"datePublished\":\"2024-11-14T08:41:28+00:00\",\"mainEntityOfPage\":{\"@id\":\"https:\/\/denizcankizil.tr\/en\/haberler\/antalya\/park-halindeki-araclara-carparak-takla-atti\/\"},\"wordCount\":200,\"commentCount\":0,\"publisher\":{\"@id\":\"https:\/\/denizcankizil.tr\/de\/#organization\"},\"image\":{\"@id\":\"https:\/\/denizcankizil.tr\/en\/haberler\/antalya\/park-halindeki-araclara-carparak-takla-atti\/#primaryimage\"},\"thumbnailUrl\":\"http:\/\/denizcankizil.tr\/wp-content\/uploads\/2024\/11\/3070-01-LvjDyb.jpeg\",\"articleSection\":[\"Antalya\",\"Uncategorized\"],\"inLanguage\":\"ru-RU\",\"potentialAction\":[{\"@type\":\"CommentAction\",\"name\":\"Comment\",\"target\":[\"https:\/\/denizcankizil.tr\/en\/haberler\/antalya\/park-halindeki-araclara-carparak-takla-atti\/#respond\"]}]},{\"@type\":\"WebPage\",\"@id\":\"https:\/\/denizcankizil.tr\/en\/haberler\/antalya\/park-halindeki-araclara-carparak-takla-atti\/\",\"url\":\"https:\/\/denizcankizil.tr\/en\/haberler\/antalya\/park-halindeki-araclara-carparak-takla-atti\/\",\"name\":\"Park halindeki ara\u00e7lara \u00e7arparak takla att\u0131 - Av. Deniz Can K\u0131z\u0131l\",\"isPartOf\":{\"@id\":\"https:\/\/denizcankizil.tr\/de\/#website\"},\"primaryImageOfPage\":{\"@id\":\"https:\/\/denizcankizil.tr\/en\/haberler\/antalya\/park-halindeki-araclara-carparak-takla-atti\/#primaryimage\"},\"image\":{\"@id\":\"https:\/\/denizcankizil.tr\/en\/haberler\/antalya\/park-halindeki-araclara-carparak-takla-atti\/#primaryimage\"},\"thumbnailUrl\":\"http:\/\/denizcankizil.tr\/wp-content\/uploads\/2024\/11\/3070-01-LvjDyb.jpeg\",\"datePublished\":\"2024-11-14T08:41:28+00:00\",\"breadcrumb\":{\"@id\":\"https:\/\/denizcankizil.tr\/en\/haberler\/antalya\/park-halindeki-araclara-carparak-takla-atti\/#breadcrumb\"},\"inLanguage\":\"ru-RU\",\"potentialAction\":[{\"@type\":\"ReadAction\",\"target\":[\"https:\/\/denizcankizil.tr\/en\/haberler\/antalya\/park-halindeki-araclara-carparak-takla-atti\/\"]}]},{\"@type\":\"ImageObject\",\"inLanguage\":\"ru-RU\",\"@id\":\"https:\/\/denizcankizil.tr\/en\/haberler\/antalya\/park-halindeki-araclara-carparak-takla-atti\/#primaryimage\",\"url\":\"http:\/\/denizcankizil.tr\/wp-content\/uploads\/2024\/11\/3070-01-LvjDyb.jpeg\",\"contentUrl\":\"http:\/\/denizcankizil.tr\/wp-content\/uploads\/2024\/11\/3070-01-LvjDyb.jpeg\",\"width\":1280,\"height\":720},{\"@type\":\"BreadcrumbList\",\"@id\":\"https:\/\/denizcankizil.tr\/en\/haberler\/antalya\/park-halindeki-araclara-carparak-takla-atti\/#breadcrumb\",\"itemListElement\":[{\"@type\":\"ListItem\",\"position\":1,\"name\":\"Home\",\"item\":\"https:\/\/denizcankizil.tr\/de\/\"},{\"@type\":\"ListItem\",\"position\":2,\"name\":\"Park halindeki ara\u00e7lara \u00e7arparak takla att\u0131\"}]},{\"@type\":\"WebSite\",\"@id\":\"https:\/\/denizcankizil.tr\/de\/#website\",\"url\":\"https:\/\/denizcankizil.tr\/de\/\",\"name\":\"Av. Deniz Can K\u0131z\u0131l\",\"description\":\"Avukat Deniz Can K\u0131z\u0131l Antalya Barosu\",\"publisher\":{\"@id\":\"https:\/\/denizcankizil.tr\/de\/#organization\"},\"potentialAction\":[{\"@type\":\"SearchAction\",\"target\":{\"@type\":\"EntryPoint\",\"urlTemplate\":\"https:\/\/denizcankizil.tr\/de\/?s={search_term_string}\"},\"query-input\":{\"@type\":\"PropertyValueSpecification\",\"valueRequired\":true,\"valueName\":\"search_term_string\"}}],\"inLanguage\":\"ru-RU\"},{\"@type\":\"Organization\",\"@id\":\"https:\/\/denizcankizil.tr\/de\/#organization\",\"name\":\"Av. Deniz Can K\u0131z\u0131l\",\"url\":\"https:\/\/denizcankizil.tr\/de\/\",\"logo\":{\"@type\":\"ImageObject\",\"inLanguage\":\"ru-RU\",\"@id\":\"https:\/\/denizcankizil.tr\/de\/#\/schema\/logo\/image\/\",\"url\":\"http:\/\/denizcankizil.tr\/wp-content\/uploads\/2024\/10\/siyah-logo-svg.svg\",\"contentUrl\":\"http:\/\/denizcankizil.tr\/wp-content\/uploads\/2024\/10\/siyah-logo-svg.svg\",\"width\":1080,\"height\":1080,\"caption\":\"Av. Deniz Can K\u0131z\u0131l\"},\"image\":{\"@id\":\"https:\/\/denizcankizil.tr\/de\/#\/schema\/logo\/image\/\"}}]}<\/script>\n<!-- \/ Yoast SEO Premium plugin. -->","yoast_head_json":{"title":"Park halindeki ara\u00e7lara \u00e7arparak takla att\u0131 - Av. Deniz Can K\u0131z\u0131l","robots":{"index":"index","follow":"follow","max-snippet":"max-snippet:-1","max-image-preview":"max-image-preview:large","max-video-preview":"max-video-preview:-1"},"canonical":"https:\/\/denizcankizil.tr\/ru\/haberler\/antalya\/park-halindeki-araclara-carparak-takla-atti\/","og_locale":"ru_RU","og_type":"article","og_title":"Park halindeki ara\u00e7lara \u00e7arparak takla att\u0131","og_description":"Kaza, d\u00fcn saat 15.00 s\u0131ralar\u0131nda Muratpa\u015fa il\u00e7esine ba\u011fl\u0131 Meydankava\u011f\u0131 Mahallesi Perge Bulvar\u0131 \u00fczerinde meydana geldi. T.A. adl\u0131 kad\u0131n s\u00fcr\u00fcc\u00fcn\u00fcn kulland\u0131\u011f\u0131 07 ARE 260 plakal\u0131 cip, cadde \u00fczerinde park halinde bulunan 2 otomobile \u00e7arparak takla att\u0131. \u00c7evredekiler taraf\u0131ndan cipten \u00e7\u0131kart\u0131lan T.A. ile o\u011fluna ilk m\u00fcdahale, ihbar \u00fczerine gelen sa\u011fl\u0131k ekibi taraf\u0131ndan yap\u0131ld\u0131. \u00c7evre esnaf\u0131 taraf\u0131ndan su verilen anne ve o\u011flu, tedbir ama\u00e7l\u0131 hastaneye kald\u0131r\u0131ld\u0131. Kaza an\u0131, \u00e7evredeki i\u015f yerlerinin g\u00fcvenlik kameralar\u0131na yans\u0131d\u0131. Trafik ekibinin tutanak tutmas\u0131n\u0131n ard\u0131ndan takla atan cip, yol \u00fczerinden \u00e7ekildi. Kazaya tan\u0131kl\u0131k eden Edibe Baka\u00e7, &#8220;D\u00fckkandayd\u0131m, bir araban\u0131n sesine irkildik. Araba 2 arac\u0131n arkas\u0131na \u00e7arparak, takla atm\u0131\u015f. \u00c7ok korktuk. Ara\u00e7ta anne ve \u00e7ocuk 2 ki\u015fi vard\u0131. Vatanda\u015flar\u0131n yard\u0131m\u0131yla anne ve \u00e7ocuk ara\u00e7tan \u00e7\u0131kart\u0131ld\u0131. Ambulans ald\u0131 onlar\u0131, \u00e7ok \u015f\u00fck\u00fcr ikisinin de hi\u00e7bir \u015feyi yoktu. Ayakta tedavi edildikten sonra ambulansla hastaneye g\u00f6t\u00fcr\u00fcld\u00fcler&#8221; diye konu\u015ftu. Kaynak: www.kanalv.com.tr Haber Sitesinden Al\u0131nm\u0131\u015ft\u0131r.","og_url":"https:\/\/denizcankizil.tr\/ru\/haberler\/antalya\/park-halindeki-araclara-carparak-takla-atti\/","og_site_name":"Av. Deniz Can K\u0131z\u0131l","article_published_time":"2024-11-14T08:41:28+00:00","og_image":[{"width":1280,"height":720,"url":"https:\/\/denizcankizil.tr\/wp-content\/uploads\/2024\/11\/3070-01-LvjDyb.jpeg","type":"image\/jpeg"}],"twitter_card":"summary_large_image","twitter_misc":{"\u041f\u0440\u0438\u043c\u0435\u0440\u043d\u043e\u0435 \u0432\u0440\u0435\u043c\u044f \u0434\u043b\u044f \u0447\u0442\u0435\u043d\u0438\u044f":"1 \u043c\u0438\u043d\u0443\u0442\u0430"},"schema":{"@context":"https:\/\/schema.org","@graph":[{"@type":"Article","@id":"https:\/\/denizcankizil.tr\/en\/haberler\/antalya\/park-halindeki-araclara-carparak-takla-atti\/#article","isPartOf":{"@id":"https:\/\/denizcankizil.tr\/en\/haberler\/antalya\/park-halindeki-araclara-carparak-takla-atti\/"},"author":{"name":"","@id":""},"headline":"Park halindeki ara\u00e7lara \u00e7arparak takla att\u0131","datePublished":"2024-11-14T08:41:28+00:00","mainEntityOfPage":{"@id":"https:\/\/denizcankizil.tr\/en\/haberler\/antalya\/park-halindeki-araclara-carparak-takla-atti\/"},"wordCount":200,"commentCount":0,"publisher":{"@id":"https:\/\/denizcankizil.tr\/de\/#organization"},"image":{"@id":"https:\/\/denizcankizil.tr\/en\/haberler\/antalya\/park-halindeki-araclara-carparak-takla-atti\/#primaryimage"},"thumbnailUrl":"http:\/\/denizcankizil.tr\/wp-content\/uploads\/2024\/11\/3070-01-LvjDyb.jpeg","articleSection":["Antalya","Uncategorized"],"inLanguage":"ru-RU","potentialAction":[{"@type":"CommentAction","name":"Comment","target":["https:\/\/denizcankizil.tr\/en\/haberler\/antalya\/park-halindeki-araclara-carparak-takla-atti\/#respond"]}]},{"@type":"WebPage","@id":"https:\/\/denizcankizil.tr\/en\/haberler\/antalya\/park-halindeki-araclara-carparak-takla-atti\/","url":"https:\/\/denizcankizil.tr\/en\/haberler\/antalya\/park-halindeki-araclara-carparak-takla-atti\/","name":"Park halindeki ara\u00e7lara \u00e7arparak takla att\u0131 - Av. Deniz Can K\u0131z\u0131l","isPartOf":{"@id":"https:\/\/denizcankizil.tr\/de\/#website"},"primaryImageOfPage":{"@id":"https:\/\/denizcankizil.tr\/en\/haberler\/antalya\/park-halindeki-araclara-carparak-takla-atti\/#primaryimage"},"image":{"@id":"https:\/\/denizcankizil.tr\/en\/haberler\/antalya\/park-halindeki-araclara-carparak-takla-atti\/#primaryimage"},"thumbnailUrl":"http:\/\/denizcankizil.tr\/wp-content\/uploads\/2024\/11\/3070-01-LvjDyb.jpeg","datePublished":"2024-11-14T08:41:28+00:00","breadcrumb":{"@id":"https:\/\/denizcankizil.tr\/en\/haberler\/antalya\/park-halindeki-araclara-carparak-takla-atti\/#breadcrumb"},"inLanguage":"ru-RU","potentialAction":[{"@type":"ReadAction","target":["https:\/\/denizcankizil.tr\/en\/haberler\/antalya\/park-halindeki-araclara-carparak-takla-atti\/"]}]},{"@type":"ImageObject","inLanguage":"ru-RU","@id":"https:\/\/denizcankizil.tr\/en\/haberler\/antalya\/park-halindeki-araclara-carparak-takla-atti\/#primaryimage","url":"http:\/\/denizcankizil.tr\/wp-content\/uploads\/2024\/11\/3070-01-LvjDyb.jpeg","contentUrl":"http:\/\/denizcankizil.tr\/wp-content\/uploads\/2024\/11\/3070-01-LvjDyb.jpeg","width":1280,"height":720},{"@type":"BreadcrumbList","@id":"https:\/\/denizcankizil.tr\/en\/haberler\/antalya\/park-halindeki-araclara-carparak-takla-atti\/#breadcrumb","itemListElement":[{"@type":"ListItem","position":1,"name":"Home","item":"https:\/\/denizcankizil.tr\/de\/"},{"@type":"ListItem","position":2,"name":"Park halindeki ara\u00e7lara \u00e7arparak takla att\u0131"}]},{"@type":"WebSite","@id":"https:\/\/denizcankizil.tr\/de\/#website","url":"https:\/\/denizcankizil.tr\/de\/","name":"Av. Deniz Can K\u0131z\u0131l","description":"Avukat Deniz Can K\u0131z\u0131l Antalya Barosu","publisher":{"@id":"https:\/\/denizcankizil.tr\/de\/#organization"},"potentialAction":[{"@type":"SearchAction","target":{"@type":"EntryPoint","urlTemplate":"https:\/\/denizcankizil.tr\/de\/?s={search_term_string}"},"query-input":{"@type":"PropertyValueSpecification","valueRequired":true,"valueName":"search_term_string"}}],"inLanguage":"ru-RU"},{"@type":"Organization","@id":"https:\/\/denizcankizil.tr\/de\/#organization","name":"Av. Deniz Can K\u0131z\u0131l","url":"https:\/\/denizcankizil.tr\/de\/","logo":{"@type":"ImageObject","inLanguage":"ru-RU","@id":"https:\/\/denizcankizil.tr\/de\/#\/schema\/logo\/image\/","url":"http:\/\/denizcankizil.tr\/wp-content\/uploads\/2024\/10\/siyah-logo-svg.svg","contentUrl":"http:\/\/denizcankizil.tr\/wp-content\/uploads\/2024\/10\/siyah-logo-svg.svg","width":1080,"height":1080,"caption":"Av. Deniz Can K\u0131z\u0131l"},"image":{"@id":"https:\/\/denizcankizil.tr\/de\/#\/schema\/logo\/image\/"}}]}},"_links":{"self":[{"href":"http:\/\/denizcankizil.tr\/ru\/wp-json\/wp\/v2\/posts\/15845","targetHints":{"allow":["GET"]}}],"collection":[{"href":"http:\/\/denizcankizil.tr\/ru\/wp-json\/wp\/v2\/posts"}],"about":[{"href":"http:\/\/denizcankizil.tr\/ru\/wp-json\/wp\/v2\/types\/post"}],"replies":[{"embeddable":true,"href":"http:\/\/denizcankizil.tr\/ru\/wp-json\/wp\/v2\/comments?post=15845"}],"version-history":[{"count":0,"href":"http:\/\/denizcankizil.tr\/ru\/wp-json\/wp\/v2\/posts\/15845\/revisions"}],"wp:featuredmedia":[{"embeddable":true,"href":"http:\/\/denizcankizil.tr\/ru\/wp-json\/wp\/v2\/media\/15846"}],"wp:attachment":[{"href":"http:\/\/denizcankizil.tr\/ru\/wp-json\/wp\/v2\/media?parent=15845"}],"wp:term":[{"taxonomy":"category","embeddable":true,"href":"http:\/\/denizcankizil.tr\/ru\/wp-json\/wp\/v2\/categories?post=15845"},{"taxonomy":"post_tag","embeddable":true,"href":"http:\/\/denizcankizil.tr\/ru\/wp-json\/wp\/v2\/tags?post=15845"}],"curies":[{"name":"wp","href":"https:\/\/api.w.org\/{rel}","templated":true}]}}