{"id":15824,"date":"2024-11-14T09:41:26","date_gmt":"2024-11-14T06:41:26","guid":{"rendered":"https:\/\/denizcankizil.tr\/uncategorized-tr\/akseki-belediyesi-iscileri-sendikal-haklarina-kavustu\/"},"modified":"2024-11-14T09:41:26","modified_gmt":"2024-11-14T06:41:26","slug":"akseki-belediyesi-iscileri-sendikal-haklarina-kavustu","status":"publish","type":"post","link":"http:\/\/denizcankizil.tr\/ru\/haberler\/gundem\/akseki-belediyesi-iscileri-sendikal-haklarina-kavustu\/","title":{"rendered":"Akseki Belediyesi i\u015f\u00e7ileri, sendikal haklar\u0131na kavu\u015ftu!"},"content":{"rendered":"<p>Antalya\u2019n\u0131n Akseki \u0130l\u00e7e Belediyesi\u2019nde \u00e7al\u0131\u015fan i\u015f\u00e7iler sendikal haklar\u0131na nihayet kavu\u015ftu. Akseki Belediyesi ile D\u0130SK Genel-\u0130\u015f Sendikas\u0131 aras\u0131nda ger\u00e7ekle\u015ftirilen g\u00f6r\u00fc\u015fmelerde sona gelindi ve imzalar at\u0131ld\u0131. Daha \u00f6nceki d\u00f6nemlerde i\u015f\u00e7ilere verilen ancak ger\u00e7ekle\u015ftirilmeyen sendikal haklar s\u00f6z\u00fc, \u0130lkay Ak\u00e7a taraf\u0131ndan tutuldu ve bug\u00fcn D\u0130SK Genel \u0130\u015f Sendikas\u0131 ile Akseki Belediyesi aras\u0131nda toplu s\u00f6zle\u015fme imzaland\u0131.<\/p>\n<p>\u0130LKLER\u0130N BA\u015eKANI OLMAYA S\u00d6Z VERM\u0130\u015eT\u0130K!<\/p>\n<p>Toplu s\u00f6zle\u015fme imza t\u00f6reninde konu\u015fan Akseki Belediye Ba\u015fkan\u0131 \u0130lkay Ak\u00e7a, eme\u011fin en y\u00fcce de\u011fer oldu\u011funun bilincinde olan bir partinin belediye ba\u015fkan\u0131 olarak, i\u015f\u00e7i haklar\u0131 savunuculu\u011fundan bir an bile geri durmayacaklar\u0131n\u0131 belirterek, \u201c\u0130\u015f\u00e7i arkada\u015flar\u0131m\u0131z\u0131n sendikal haklar\u0131 y\u0131llard\u0131r ihmal ediliyor ve verilmiyordu. Biz de bunun bilincinde olarak se\u00e7im kampanyas\u0131 d\u00f6neminde, belediyemizde \u00e7al\u0131\u015fan i\u015f\u00e7i mesai arkada\u015flar\u0131m\u0131za toplu s\u00f6zle\u015fme s\u00f6z\u00fc vermi\u015ftik. \u015eimdi bu s\u00f6z\u00fc yerine getirmenin gururunu ya\u015f\u0131yoruz.\u201d Dedi. Ak\u00e7a, se\u00e7imde \u201cAkseki\u2019ye \u2018ilk\u2019ler \u0130lkay ile gelecek\u201d dediklerini belirterek Akseki\u2019de ilkleri ba\u015farmaya devam edeceklerini s\u00f6zlerine ekledi.<\/p>\n<p>EMEK\u00c7\u0130N\u0130N HAKKI \u00d6RG\u00dcTLENMEYLE KORUNUYOR<\/p>\n<p>Toplu s\u00f6zle\u015fme imza t\u00f6reninde bir konu\u015fma yapan D\u0130SK Genel \u0130\u015f Antalya \u015eube Ba\u015fkan\u0131 ve D\u0130SK Akdeniz B\u00f6lge Temsilcisi Vedat K\u00fc\u00e7\u00fck de, emek\u00e7inin hakk\u0131n\u0131 koruman\u0131n en \u00f6nemli yolunun \u00f6rg\u00fctlenmekten, dolay\u0131s\u0131 ile sendikala\u015fmaktan ge\u00e7ti\u011fini belirterek, toplu s\u00f6zle\u015fme s\u00fcrecinde uyumlu bir i\u015fbirli\u011fi sergileyen ba\u015fta Akseki Belediye Ba\u015fkan\u0131 \u0130lkay Ak\u00e7a olmak \u00fczere Akseki Belediyesi\u2019ne te\u015fekk\u00fcr ederek, \u201cAkseki Belediyesi\u2019nde ya\u015fad\u0131\u011f\u0131m\u0131z s\u00fcrecin, di\u011fer belediyelere de \u00f6rnek olmas\u0131n\u0131 diliyorum\u201d diye konu\u015ftu. \u00a0Bir \u015f\u00f6len havas\u0131nda ger\u00e7ekle\u015fen toplu s\u00f6zle\u015fme imza t\u00f6reni, belediyede ve Akseki\u2019de bir bayram havas\u0131nda ge\u00e7ti.<\/p>\n<p>\u200bAkseki Belediyesi\u2019nde \u00e7al\u0131\u015fan i\u015f\u00e7iler, D\u0130SK Genel \u0130\u015f Sendikas\u0131 ile imzalanan toplu s\u00f6zle\u015fme ile haklar\u0131na kavu\u015ftular. Toplu s\u00f6zle\u015fme imza t\u00f6reninde konu\u015fan Akseki Belediye Ba\u015fkan\u0131 \u0130lkay Ak\u00e7a, eme\u011fin en y\u00fcce de\u011fer oldu\u011funun bilincinde olan bir partinin belediye ba\u015fkan\u0131 olarak ad\u0131m atmaya devam edece\u011fini a\u00e7\u0131klad\u0131.\u00a0<\/p>\n<p>\u200bHaberin Al\u0131nt\u0131land\u0131\u011f\u0131 Kaynak: www.antalyakorfez.com<\/p>","protected":false},"excerpt":{"rendered":"<p>Antalya\u2019n\u0131n Akseki \u0130l\u00e7e Belediyesi\u2019nde \u00e7al\u0131\u015fan i\u015f\u00e7iler sendikal haklar\u0131na nihayet kavu\u015ftu. Akseki Belediyesi ile D\u0130SK Genel-\u0130\u015f Sendikas\u0131 aras\u0131nda ger\u00e7ekle\u015ftirilen g\u00f6r\u00fc\u015fmelerde sona gelindi ve imzalar at\u0131ld\u0131. Daha \u00f6nceki d\u00f6nemlerde i\u015f\u00e7ilere verilen ancak ger\u00e7ekle\u015ftirilmeyen sendikal haklar s\u00f6z\u00fc, \u0130lkay Ak\u00e7a taraf\u0131ndan tutuldu ve bug\u00fcn D\u0130SK Genel \u0130\u015f Sendikas\u0131 ile Akseki Belediyesi aras\u0131nda toplu s\u00f6zle\u015fme imzaland\u0131. \u0130LKLER\u0130N BA\u015eKANI OLMAYA S\u00d6Z VERM\u0130\u015eT\u0130K! Toplu s\u00f6zle\u015fme imza t\u00f6reninde konu\u015fan Akseki Belediye Ba\u015fkan\u0131 \u0130lkay Ak\u00e7a, eme\u011fin en y\u00fcce de\u011fer oldu\u011funun bilincinde olan bir partinin belediye ba\u015fkan\u0131 olarak, i\u015f\u00e7i haklar\u0131 savunuculu\u011fundan bir an bile geri durmayacaklar\u0131n\u0131 belirterek, \u201c\u0130\u015f\u00e7i arkada\u015flar\u0131m\u0131z\u0131n sendikal haklar\u0131 y\u0131llard\u0131r ihmal ediliyor ve verilmiyordu. Biz de bunun bilincinde olarak se\u00e7im kampanyas\u0131 d\u00f6neminde, belediyemizde \u00e7al\u0131\u015fan i\u015f\u00e7i mesai arkada\u015flar\u0131m\u0131za toplu s\u00f6zle\u015fme s\u00f6z\u00fc vermi\u015ftik. \u015eimdi bu s\u00f6z\u00fc yerine getirmenin gururunu ya\u015f\u0131yoruz.\u201d Dedi. Ak\u00e7a, se\u00e7imde \u201cAkseki\u2019ye \u2018ilk\u2019ler \u0130lkay ile gelecek\u201d dediklerini belirterek Akseki\u2019de ilkleri ba\u015farmaya devam edeceklerini s\u00f6zlerine ekledi. EMEK\u00c7\u0130N\u0130N HAKKI \u00d6RG\u00dcTLENMEYLE KORUNUYOR Toplu s\u00f6zle\u015fme imza t\u00f6reninde bir konu\u015fma yapan D\u0130SK Genel \u0130\u015f Antalya \u015eube Ba\u015fkan\u0131 ve D\u0130SK Akdeniz B\u00f6lge Temsilcisi Vedat K\u00fc\u00e7\u00fck de, emek\u00e7inin hakk\u0131n\u0131 koruman\u0131n en \u00f6nemli yolunun \u00f6rg\u00fctlenmekten, dolay\u0131s\u0131 ile sendikala\u015fmaktan ge\u00e7ti\u011fini belirterek, toplu s\u00f6zle\u015fme s\u00fcrecinde uyumlu bir i\u015fbirli\u011fi sergileyen ba\u015fta Akseki Belediye Ba\u015fkan\u0131 \u0130lkay Ak\u00e7a olmak \u00fczere Akseki Belediyesi\u2019ne te\u015fekk\u00fcr ederek, \u201cAkseki Belediyesi\u2019nde ya\u015fad\u0131\u011f\u0131m\u0131z s\u00fcrecin, di\u011fer belediyelere de &hellip;<\/p>","protected":false},"author":0,"featured_media":0,"comment_status":"open","ping_status":"open","sticky":false,"template":"","format":"standard","meta":{"_acf_changed":false,"footnotes":""},"categories":[24,535],"tags":[],"class_list":["post-15824","post","type-post","status-publish","format-standard","has-post-thumbnail","hentry","category-gundem","category-uncategorized-tr"],"acf":[],"yoast_head":"<!-- This site is optimized with the Yoast SEO Premium plugin v26.6 (Yoast SEO v27.1.1) - https:\/\/yoast.com\/product\/yoast-seo-premium-wordpress\/ -->\n<title>Akseki Belediyesi i\u015f\u00e7ileri, sendikal haklar\u0131na kavu\u015ftu! - Av. Deniz Can K\u0131z\u0131l<\/title>\n<meta name=\"robots\" content=\"index, follow, max-snippet:-1, max-image-preview:large, max-video-preview:-1\" \/>\n<link rel=\"canonical\" href=\"http:\/\/denizcankizil.tr\/ru\/haberler\/gundem\/akseki-belediyesi-iscileri-sendikal-haklarina-kavustu\/\" \/>\n<meta property=\"og:locale\" content=\"ru_RU\" \/>\n<meta property=\"og:type\" content=\"article\" \/>\n<meta property=\"og:title\" content=\"Akseki Belediyesi i\u015f\u00e7ileri, sendikal haklar\u0131na kavu\u015ftu!\" \/>\n<meta property=\"og:description\" content=\"Antalya\u2019n\u0131n Akseki \u0130l\u00e7e Belediyesi\u2019nde \u00e7al\u0131\u015fan i\u015f\u00e7iler sendikal haklar\u0131na nihayet kavu\u015ftu. Akseki Belediyesi ile D\u0130SK Genel-\u0130\u015f Sendikas\u0131 aras\u0131nda ger\u00e7ekle\u015ftirilen g\u00f6r\u00fc\u015fmelerde sona gelindi ve imzalar at\u0131ld\u0131. Daha \u00f6nceki d\u00f6nemlerde i\u015f\u00e7ilere verilen ancak ger\u00e7ekle\u015ftirilmeyen sendikal haklar s\u00f6z\u00fc, \u0130lkay Ak\u00e7a taraf\u0131ndan tutuldu ve bug\u00fcn D\u0130SK Genel \u0130\u015f Sendikas\u0131 ile Akseki Belediyesi aras\u0131nda toplu s\u00f6zle\u015fme imzaland\u0131. \u0130LKLER\u0130N BA\u015eKANI OLMAYA S\u00d6Z VERM\u0130\u015eT\u0130K! Toplu s\u00f6zle\u015fme imza t\u00f6reninde konu\u015fan Akseki Belediye Ba\u015fkan\u0131 \u0130lkay Ak\u00e7a, eme\u011fin en y\u00fcce de\u011fer oldu\u011funun bilincinde olan bir partinin belediye ba\u015fkan\u0131 olarak, i\u015f\u00e7i haklar\u0131 savunuculu\u011fundan bir an bile geri durmayacaklar\u0131n\u0131 belirterek, \u201c\u0130\u015f\u00e7i arkada\u015flar\u0131m\u0131z\u0131n sendikal haklar\u0131 y\u0131llard\u0131r ihmal ediliyor ve verilmiyordu. Biz de bunun bilincinde olarak se\u00e7im kampanyas\u0131 d\u00f6neminde, belediyemizde \u00e7al\u0131\u015fan i\u015f\u00e7i mesai arkada\u015flar\u0131m\u0131za toplu s\u00f6zle\u015fme s\u00f6z\u00fc vermi\u015ftik. \u015eimdi bu s\u00f6z\u00fc yerine getirmenin gururunu ya\u015f\u0131yoruz.\u201d Dedi. Ak\u00e7a, se\u00e7imde \u201cAkseki\u2019ye \u2018ilk\u2019ler \u0130lkay ile gelecek\u201d dediklerini belirterek Akseki\u2019de ilkleri ba\u015farmaya devam edeceklerini s\u00f6zlerine ekledi. EMEK\u00c7\u0130N\u0130N HAKKI \u00d6RG\u00dcTLENMEYLE KORUNUYOR Toplu s\u00f6zle\u015fme imza t\u00f6reninde bir konu\u015fma yapan D\u0130SK Genel \u0130\u015f Antalya \u015eube Ba\u015fkan\u0131 ve D\u0130SK Akdeniz B\u00f6lge Temsilcisi Vedat K\u00fc\u00e7\u00fck de, emek\u00e7inin hakk\u0131n\u0131 koruman\u0131n en \u00f6nemli yolunun \u00f6rg\u00fctlenmekten, dolay\u0131s\u0131 ile sendikala\u015fmaktan ge\u00e7ti\u011fini belirterek, toplu s\u00f6zle\u015fme s\u00fcrecinde uyumlu bir i\u015fbirli\u011fi sergileyen ba\u015fta Akseki Belediye Ba\u015fkan\u0131 \u0130lkay Ak\u00e7a olmak \u00fczere Akseki Belediyesi\u2019ne te\u015fekk\u00fcr ederek, \u201cAkseki Belediyesi\u2019nde ya\u015fad\u0131\u011f\u0131m\u0131z s\u00fcrecin, di\u011fer belediyelere de &hellip;\" \/>\n<meta property=\"og:url\" content=\"http:\/\/denizcankizil.tr\/ru\/haberler\/gundem\/akseki-belediyesi-iscileri-sendikal-haklarina-kavustu\/\" \/>\n<meta property=\"og:site_name\" content=\"Av. Deniz Can K\u0131z\u0131l\" \/>\n<meta property=\"article:published_time\" content=\"2024-11-14T06:41:26+00:00\" \/>\n<meta name=\"twitter:card\" content=\"summary_large_image\" \/>\n<meta name=\"twitter:label1\" content=\"\u041f\u0440\u0438\u043c\u0435\u0440\u043d\u043e\u0435 \u0432\u0440\u0435\u043c\u044f \u0434\u043b\u044f \u0447\u0442\u0435\u043d\u0438\u044f\" \/>\n\t<meta name=\"twitter:data1\" content=\"2 \u043c\u0438\u043d\u0443\u0442\u044b\" \/>\n<script type=\"application\/ld+json\" class=\"yoast-schema-graph\">{\"@context\":\"https:\/\/schema.org\",\"@graph\":[{\"@type\":\"Article\",\"@id\":\"http:\/\/denizcankizil.tr\/ru\/haberler\/gundem\/akseki-belediyesi-iscileri-sendikal-haklarina-kavustu\/#article\",\"isPartOf\":{\"@id\":\"http:\/\/denizcankizil.tr\/ru\/haberler\/gundem\/akseki-belediyesi-iscileri-sendikal-haklarina-kavustu\/\"},\"author\":{\"name\":\"\",\"@id\":\"\"},\"headline\":\"Akseki Belediyesi i\u015f\u00e7ileri, sendikal haklar\u0131na kavu\u015ftu!\",\"datePublished\":\"2024-11-14T06:41:26+00:00\",\"mainEntityOfPage\":{\"@id\":\"http:\/\/denizcankizil.tr\/ru\/haberler\/gundem\/akseki-belediyesi-iscileri-sendikal-haklarina-kavustu\/\"},\"wordCount\":418,\"commentCount\":0,\"publisher\":{\"@id\":\"https:\/\/denizcankizil.tr\/de\/#organization\"},\"articleSection\":[\"G\u00fcndem\",\"Uncategorized\"],\"inLanguage\":\"ru-RU\",\"potentialAction\":[{\"@type\":\"CommentAction\",\"name\":\"Comment\",\"target\":[\"http:\/\/denizcankizil.tr\/ru\/haberler\/gundem\/akseki-belediyesi-iscileri-sendikal-haklarina-kavustu\/#respond\"]}]},{\"@type\":\"WebPage\",\"@id\":\"http:\/\/denizcankizil.tr\/ru\/haberler\/gundem\/akseki-belediyesi-iscileri-sendikal-haklarina-kavustu\/\",\"url\":\"http:\/\/denizcankizil.tr\/ru\/haberler\/gundem\/akseki-belediyesi-iscileri-sendikal-haklarina-kavustu\/\",\"name\":\"Akseki Belediyesi i\u015f\u00e7ileri, sendikal haklar\u0131na kavu\u015ftu! - Av. Deniz Can K\u0131z\u0131l\",\"isPartOf\":{\"@id\":\"https:\/\/denizcankizil.tr\/de\/#website\"},\"datePublished\":\"2024-11-14T06:41:26+00:00\",\"breadcrumb\":{\"@id\":\"http:\/\/denizcankizil.tr\/ru\/haberler\/gundem\/akseki-belediyesi-iscileri-sendikal-haklarina-kavustu\/#breadcrumb\"},\"inLanguage\":\"ru-RU\",\"potentialAction\":[{\"@type\":\"ReadAction\",\"target\":[\"http:\/\/denizcankizil.tr\/ru\/haberler\/gundem\/akseki-belediyesi-iscileri-sendikal-haklarina-kavustu\/\"]}]},{\"@type\":\"BreadcrumbList\",\"@id\":\"http:\/\/denizcankizil.tr\/ru\/haberler\/gundem\/akseki-belediyesi-iscileri-sendikal-haklarina-kavustu\/#breadcrumb\",\"itemListElement\":[{\"@type\":\"ListItem\",\"position\":1,\"name\":\"Home\",\"item\":\"https:\/\/denizcankizil.tr\/de\/\"},{\"@type\":\"ListItem\",\"position\":2,\"name\":\"Akseki Belediyesi i\u015f\u00e7ileri, sendikal haklar\u0131na kavu\u015ftu!\"}]},{\"@type\":\"WebSite\",\"@id\":\"https:\/\/denizcankizil.tr\/de\/#website\",\"url\":\"https:\/\/denizcankizil.tr\/de\/\",\"name\":\"Av. Deniz Can K\u0131z\u0131l\",\"description\":\"Avukat Deniz Can K\u0131z\u0131l Antalya Barosu\",\"publisher\":{\"@id\":\"https:\/\/denizcankizil.tr\/de\/#organization\"},\"potentialAction\":[{\"@type\":\"SearchAction\",\"target\":{\"@type\":\"EntryPoint\",\"urlTemplate\":\"https:\/\/denizcankizil.tr\/de\/?s={search_term_string}\"},\"query-input\":{\"@type\":\"PropertyValueSpecification\",\"valueRequired\":true,\"valueName\":\"search_term_string\"}}],\"inLanguage\":\"ru-RU\"},{\"@type\":\"Organization\",\"@id\":\"https:\/\/denizcankizil.tr\/de\/#organization\",\"name\":\"Av. Deniz Can K\u0131z\u0131l\",\"url\":\"https:\/\/denizcankizil.tr\/de\/\",\"logo\":{\"@type\":\"ImageObject\",\"inLanguage\":\"ru-RU\",\"@id\":\"https:\/\/denizcankizil.tr\/de\/#\/schema\/logo\/image\/\",\"url\":\"http:\/\/denizcankizil.tr\/wp-content\/uploads\/2024\/10\/siyah-logo-svg.svg\",\"contentUrl\":\"http:\/\/denizcankizil.tr\/wp-content\/uploads\/2024\/10\/siyah-logo-svg.svg\",\"width\":1080,\"height\":1080,\"caption\":\"Av. Deniz Can K\u0131z\u0131l\"},\"image\":{\"@id\":\"https:\/\/denizcankizil.tr\/de\/#\/schema\/logo\/image\/\"}}]}<\/script>\n<!-- \/ Yoast SEO Premium plugin. -->","yoast_head_json":{"title":"Akseki Belediyesi i\u015f\u00e7ileri, sendikal haklar\u0131na kavu\u015ftu! - Av. Deniz Can K\u0131z\u0131l","robots":{"index":"index","follow":"follow","max-snippet":"max-snippet:-1","max-image-preview":"max-image-preview:large","max-video-preview":"max-video-preview:-1"},"canonical":"http:\/\/denizcankizil.tr\/ru\/haberler\/gundem\/akseki-belediyesi-iscileri-sendikal-haklarina-kavustu\/","og_locale":"ru_RU","og_type":"article","og_title":"Akseki Belediyesi i\u015f\u00e7ileri, sendikal haklar\u0131na kavu\u015ftu!","og_description":"Antalya\u2019n\u0131n Akseki \u0130l\u00e7e Belediyesi\u2019nde \u00e7al\u0131\u015fan i\u015f\u00e7iler sendikal haklar\u0131na nihayet kavu\u015ftu. Akseki Belediyesi ile D\u0130SK Genel-\u0130\u015f Sendikas\u0131 aras\u0131nda ger\u00e7ekle\u015ftirilen g\u00f6r\u00fc\u015fmelerde sona gelindi ve imzalar at\u0131ld\u0131. Daha \u00f6nceki d\u00f6nemlerde i\u015f\u00e7ilere verilen ancak ger\u00e7ekle\u015ftirilmeyen sendikal haklar s\u00f6z\u00fc, \u0130lkay Ak\u00e7a taraf\u0131ndan tutuldu ve bug\u00fcn D\u0130SK Genel \u0130\u015f Sendikas\u0131 ile Akseki Belediyesi aras\u0131nda toplu s\u00f6zle\u015fme imzaland\u0131. \u0130LKLER\u0130N BA\u015eKANI OLMAYA S\u00d6Z VERM\u0130\u015eT\u0130K! Toplu s\u00f6zle\u015fme imza t\u00f6reninde konu\u015fan Akseki Belediye Ba\u015fkan\u0131 \u0130lkay Ak\u00e7a, eme\u011fin en y\u00fcce de\u011fer oldu\u011funun bilincinde olan bir partinin belediye ba\u015fkan\u0131 olarak, i\u015f\u00e7i haklar\u0131 savunuculu\u011fundan bir an bile geri durmayacaklar\u0131n\u0131 belirterek, \u201c\u0130\u015f\u00e7i arkada\u015flar\u0131m\u0131z\u0131n sendikal haklar\u0131 y\u0131llard\u0131r ihmal ediliyor ve verilmiyordu. Biz de bunun bilincinde olarak se\u00e7im kampanyas\u0131 d\u00f6neminde, belediyemizde \u00e7al\u0131\u015fan i\u015f\u00e7i mesai arkada\u015flar\u0131m\u0131za toplu s\u00f6zle\u015fme s\u00f6z\u00fc vermi\u015ftik. \u015eimdi bu s\u00f6z\u00fc yerine getirmenin gururunu ya\u015f\u0131yoruz.\u201d Dedi. Ak\u00e7a, se\u00e7imde \u201cAkseki\u2019ye \u2018ilk\u2019ler \u0130lkay ile gelecek\u201d dediklerini belirterek Akseki\u2019de ilkleri ba\u015farmaya devam edeceklerini s\u00f6zlerine ekledi. EMEK\u00c7\u0130N\u0130N HAKKI \u00d6RG\u00dcTLENMEYLE KORUNUYOR Toplu s\u00f6zle\u015fme imza t\u00f6reninde bir konu\u015fma yapan D\u0130SK Genel \u0130\u015f Antalya \u015eube Ba\u015fkan\u0131 ve D\u0130SK Akdeniz B\u00f6lge Temsilcisi Vedat K\u00fc\u00e7\u00fck de, emek\u00e7inin hakk\u0131n\u0131 koruman\u0131n en \u00f6nemli yolunun \u00f6rg\u00fctlenmekten, dolay\u0131s\u0131 ile sendikala\u015fmaktan ge\u00e7ti\u011fini belirterek, toplu s\u00f6zle\u015fme s\u00fcrecinde uyumlu bir i\u015fbirli\u011fi sergileyen ba\u015fta Akseki Belediye Ba\u015fkan\u0131 \u0130lkay Ak\u00e7a olmak \u00fczere Akseki Belediyesi\u2019ne te\u015fekk\u00fcr ederek, \u201cAkseki Belediyesi\u2019nde ya\u015fad\u0131\u011f\u0131m\u0131z s\u00fcrecin, di\u011fer belediyelere de &hellip;","og_url":"http:\/\/denizcankizil.tr\/ru\/haberler\/gundem\/akseki-belediyesi-iscileri-sendikal-haklarina-kavustu\/","og_site_name":"Av. Deniz Can K\u0131z\u0131l","article_published_time":"2024-11-14T06:41:26+00:00","twitter_card":"summary_large_image","twitter_misc":{"\u041f\u0440\u0438\u043c\u0435\u0440\u043d\u043e\u0435 \u0432\u0440\u0435\u043c\u044f \u0434\u043b\u044f \u0447\u0442\u0435\u043d\u0438\u044f":"2 \u043c\u0438\u043d\u0443\u0442\u044b"},"schema":{"@context":"https:\/\/schema.org","@graph":[{"@type":"Article","@id":"http:\/\/denizcankizil.tr\/ru\/haberler\/gundem\/akseki-belediyesi-iscileri-sendikal-haklarina-kavustu\/#article","isPartOf":{"@id":"http:\/\/denizcankizil.tr\/ru\/haberler\/gundem\/akseki-belediyesi-iscileri-sendikal-haklarina-kavustu\/"},"author":{"name":"","@id":""},"headline":"Akseki Belediyesi i\u015f\u00e7ileri, sendikal haklar\u0131na kavu\u015ftu!","datePublished":"2024-11-14T06:41:26+00:00","mainEntityOfPage":{"@id":"http:\/\/denizcankizil.tr\/ru\/haberler\/gundem\/akseki-belediyesi-iscileri-sendikal-haklarina-kavustu\/"},"wordCount":418,"commentCount":0,"publisher":{"@id":"https:\/\/denizcankizil.tr\/de\/#organization"},"articleSection":["G\u00fcndem","Uncategorized"],"inLanguage":"ru-RU","potentialAction":[{"@type":"CommentAction","name":"Comment","target":["http:\/\/denizcankizil.tr\/ru\/haberler\/gundem\/akseki-belediyesi-iscileri-sendikal-haklarina-kavustu\/#respond"]}]},{"@type":"WebPage","@id":"http:\/\/denizcankizil.tr\/ru\/haberler\/gundem\/akseki-belediyesi-iscileri-sendikal-haklarina-kavustu\/","url":"http:\/\/denizcankizil.tr\/ru\/haberler\/gundem\/akseki-belediyesi-iscileri-sendikal-haklarina-kavustu\/","name":"Akseki Belediyesi i\u015f\u00e7ileri, sendikal haklar\u0131na kavu\u015ftu! - Av. Deniz Can K\u0131z\u0131l","isPartOf":{"@id":"https:\/\/denizcankizil.tr\/de\/#website"},"datePublished":"2024-11-14T06:41:26+00:00","breadcrumb":{"@id":"http:\/\/denizcankizil.tr\/ru\/haberler\/gundem\/akseki-belediyesi-iscileri-sendikal-haklarina-kavustu\/#breadcrumb"},"inLanguage":"ru-RU","potentialAction":[{"@type":"ReadAction","target":["http:\/\/denizcankizil.tr\/ru\/haberler\/gundem\/akseki-belediyesi-iscileri-sendikal-haklarina-kavustu\/"]}]},{"@type":"BreadcrumbList","@id":"http:\/\/denizcankizil.tr\/ru\/haberler\/gundem\/akseki-belediyesi-iscileri-sendikal-haklarina-kavustu\/#breadcrumb","itemListElement":[{"@type":"ListItem","position":1,"name":"Home","item":"https:\/\/denizcankizil.tr\/de\/"},{"@type":"ListItem","position":2,"name":"Akseki Belediyesi i\u015f\u00e7ileri, sendikal haklar\u0131na kavu\u015ftu!"}]},{"@type":"WebSite","@id":"https:\/\/denizcankizil.tr\/de\/#website","url":"https:\/\/denizcankizil.tr\/de\/","name":"Av. Deniz Can K\u0131z\u0131l","description":"Avukat Deniz Can K\u0131z\u0131l Antalya Barosu","publisher":{"@id":"https:\/\/denizcankizil.tr\/de\/#organization"},"potentialAction":[{"@type":"SearchAction","target":{"@type":"EntryPoint","urlTemplate":"https:\/\/denizcankizil.tr\/de\/?s={search_term_string}"},"query-input":{"@type":"PropertyValueSpecification","valueRequired":true,"valueName":"search_term_string"}}],"inLanguage":"ru-RU"},{"@type":"Organization","@id":"https:\/\/denizcankizil.tr\/de\/#organization","name":"Av. Deniz Can K\u0131z\u0131l","url":"https:\/\/denizcankizil.tr\/de\/","logo":{"@type":"ImageObject","inLanguage":"ru-RU","@id":"https:\/\/denizcankizil.tr\/de\/#\/schema\/logo\/image\/","url":"http:\/\/denizcankizil.tr\/wp-content\/uploads\/2024\/10\/siyah-logo-svg.svg","contentUrl":"http:\/\/denizcankizil.tr\/wp-content\/uploads\/2024\/10\/siyah-logo-svg.svg","width":1080,"height":1080,"caption":"Av. Deniz Can K\u0131z\u0131l"},"image":{"@id":"https:\/\/denizcankizil.tr\/de\/#\/schema\/logo\/image\/"}}]}},"_links":{"self":[{"href":"http:\/\/denizcankizil.tr\/ru\/wp-json\/wp\/v2\/posts\/15824","targetHints":{"allow":["GET"]}}],"collection":[{"href":"http:\/\/denizcankizil.tr\/ru\/wp-json\/wp\/v2\/posts"}],"about":[{"href":"http:\/\/denizcankizil.tr\/ru\/wp-json\/wp\/v2\/types\/post"}],"replies":[{"embeddable":true,"href":"http:\/\/denizcankizil.tr\/ru\/wp-json\/wp\/v2\/comments?post=15824"}],"version-history":[{"count":0,"href":"http:\/\/denizcankizil.tr\/ru\/wp-json\/wp\/v2\/posts\/15824\/revisions"}],"wp:attachment":[{"href":"http:\/\/denizcankizil.tr\/ru\/wp-json\/wp\/v2\/media?parent=15824"}],"wp:term":[{"taxonomy":"category","embeddable":true,"href":"http:\/\/denizcankizil.tr\/ru\/wp-json\/wp\/v2\/categories?post=15824"},{"taxonomy":"post_tag","embeddable":true,"href":"http:\/\/denizcankizil.tr\/ru\/wp-json\/wp\/v2\/tags?post=15824"}],"curies":[{"name":"wp","href":"https:\/\/api.w.org\/{rel}","templated":true}]}}