{"id":15666,"date":"2024-11-12T13:43:07","date_gmt":"2024-11-12T10:43:07","guid":{"rendered":"https:\/\/denizcankizil.tr\/uncategorized-tr\/kadin-yazarlar-ile-kadin-kitapseverler-osmangazide-bulusuyor\/"},"modified":"2024-11-12T13:43:07","modified_gmt":"2024-11-12T10:43:07","slug":"kadin-yazarlar-ile-kadin-kitapseverler-osmangazide-bulusuyor","status":"publish","type":"post","link":"http:\/\/denizcankizil.tr\/ru\/haberler\/gundem\/kadin-yazarlar-ile-kadin-kitapseverler-osmangazide-bulusuyor\/","title":{"rendered":"Kad\u0131n yazarlar ile kad\u0131n kitapseverler Osmangazi\u2019de bulu\u015fuyor"},"content":{"rendered":"<p>Kad\u0131nlar\u0131 kitap okumaya te\u015fvik etmek ad\u0131na hayata ge\u00e7irdi\u011fi\u00a0 \u2018Kad\u0131n Yazar\u0131yla Bulu\u015fuyor\u2019 projesi kapsam\u0131nda, ge\u00e7ti\u011fimiz g\u00fcnlerde Yazar Meyra \u0130lknur M\u0131s\u0131r\u2019\u0131n kaleme ald\u0131\u011f\u0131 Pusula adl\u0131 kitab\u0131 il\u00e7edeki kad\u0131nlara \u00fccretsiz olarak da\u011f\u0131tan Osmangazi Belediyesi, imza g\u00fcn\u00fc ve s\u00f6yle\u015fi program\u0131 d\u00fczenleyerek Osmangazili kad\u0131nlar ile yazar M\u0131s\u0131r\u2019\u0131 bir araya getirdi. \u00a0<\/p>\n<p>\u200bKad\u0131nlar\u0131 kitap okumaya te\u015fvik etmek ad\u0131na hayata ge\u00e7irdi\u011fi\u00a0 \u2018Kad\u0131n Yazar\u0131yla Bulu\u015fuyor\u2019 projesi kapsam\u0131nda, ge\u00e7ti\u011fimiz g\u00fcnlerde Yazar Meyra \u0130lknur M\u0131s\u0131r\u2019\u0131n kaleme ald\u0131\u011f\u0131 Pusula adl\u0131 kitab\u0131 il\u00e7edeki kad\u0131nlara \u00fccretsiz olarak da\u011f\u0131tan Osmangazi Belediyesi, imza g\u00fcn\u00fc ve s\u00f6yle\u015fi program\u0131 d\u00fczenleyerek Osmangazili kad\u0131nlar ile yazar M\u0131s\u0131r\u2019\u0131 bir araya getirdi. \u00a0\u00a0<\/p>\n<p>\u200bHaberin Al\u0131nt\u0131land\u0131\u011f\u0131 Kaynak: www.iskenderun.org<\/p>","protected":false},"excerpt":{"rendered":"<p>Kad\u0131nlar\u0131 kitap okumaya te\u015fvik etmek ad\u0131na hayata ge\u00e7irdi\u011fi\u00a0 \u2018Kad\u0131n Yazar\u0131yla Bulu\u015fuyor\u2019 projesi kapsam\u0131nda, ge\u00e7ti\u011fimiz g\u00fcnlerde Yazar Meyra \u0130lknur M\u0131s\u0131r\u2019\u0131n kaleme ald\u0131\u011f\u0131 Pusula adl\u0131 kitab\u0131 il\u00e7edeki kad\u0131nlara \u00fccretsiz olarak da\u011f\u0131tan Osmangazi Belediyesi, imza g\u00fcn\u00fc ve s\u00f6yle\u015fi program\u0131 d\u00fczenleyerek Osmangazili kad\u0131nlar ile yazar M\u0131s\u0131r\u2019\u0131 bir araya getirdi. \u00a0 \u200bKad\u0131nlar\u0131 kitap okumaya te\u015fvik etmek ad\u0131na hayata ge\u00e7irdi\u011fi\u00a0 \u2018Kad\u0131n Yazar\u0131yla Bulu\u015fuyor\u2019 projesi kapsam\u0131nda, ge\u00e7ti\u011fimiz g\u00fcnlerde Yazar Meyra \u0130lknur M\u0131s\u0131r\u2019\u0131n kaleme ald\u0131\u011f\u0131 Pusula adl\u0131 kitab\u0131 il\u00e7edeki kad\u0131nlara \u00fccretsiz olarak da\u011f\u0131tan Osmangazi Belediyesi, imza g\u00fcn\u00fc ve s\u00f6yle\u015fi program\u0131 d\u00fczenleyerek Osmangazili kad\u0131nlar ile yazar M\u0131s\u0131r\u2019\u0131 bir araya getirdi. \u00a0\u00a0 \u200bHaberin Al\u0131nt\u0131land\u0131\u011f\u0131 Kaynak: www.iskenderun.org<\/p>","protected":false},"author":0,"featured_media":0,"comment_status":"open","ping_status":"open","sticky":false,"template":"","format":"standard","meta":{"_acf_changed":false,"footnotes":""},"categories":[24,535],"tags":[],"class_list":["post-15666","post","type-post","status-publish","format-standard","has-post-thumbnail","hentry","category-gundem","category-uncategorized-tr"],"acf":[],"yoast_head":"<!-- This site is optimized with the Yoast SEO Premium plugin v26.6 (Yoast SEO v27.1.1) - https:\/\/yoast.com\/product\/yoast-seo-premium-wordpress\/ -->\n<title>Kad\u0131n yazarlar ile kad\u0131n kitapseverler Osmangazi\u2019de bulu\u015fuyor - Av. Deniz Can K\u0131z\u0131l<\/title>\n<meta name=\"robots\" content=\"index, follow, max-snippet:-1, max-image-preview:large, max-video-preview:-1\" \/>\n<link rel=\"canonical\" href=\"http:\/\/denizcankizil.tr\/ru\/haberler\/gundem\/kadin-yazarlar-ile-kadin-kitapseverler-osmangazide-bulusuyor\/\" \/>\n<meta property=\"og:locale\" content=\"ru_RU\" \/>\n<meta property=\"og:type\" content=\"article\" \/>\n<meta property=\"og:title\" content=\"Kad\u0131n yazarlar ile kad\u0131n kitapseverler Osmangazi\u2019de bulu\u015fuyor\" \/>\n<meta property=\"og:description\" content=\"Kad\u0131nlar\u0131 kitap okumaya te\u015fvik etmek ad\u0131na hayata ge\u00e7irdi\u011fi\u00a0 \u2018Kad\u0131n Yazar\u0131yla Bulu\u015fuyor\u2019 projesi kapsam\u0131nda, ge\u00e7ti\u011fimiz g\u00fcnlerde Yazar Meyra \u0130lknur M\u0131s\u0131r\u2019\u0131n kaleme ald\u0131\u011f\u0131 Pusula adl\u0131 kitab\u0131 il\u00e7edeki kad\u0131nlara \u00fccretsiz olarak da\u011f\u0131tan Osmangazi Belediyesi, imza g\u00fcn\u00fc ve s\u00f6yle\u015fi program\u0131 d\u00fczenleyerek Osmangazili kad\u0131nlar ile yazar M\u0131s\u0131r\u2019\u0131 bir araya getirdi. \u00a0 \u200bKad\u0131nlar\u0131 kitap okumaya te\u015fvik etmek ad\u0131na hayata ge\u00e7irdi\u011fi\u00a0 \u2018Kad\u0131n Yazar\u0131yla Bulu\u015fuyor\u2019 projesi kapsam\u0131nda, ge\u00e7ti\u011fimiz g\u00fcnlerde Yazar Meyra \u0130lknur M\u0131s\u0131r\u2019\u0131n kaleme ald\u0131\u011f\u0131 Pusula adl\u0131 kitab\u0131 il\u00e7edeki kad\u0131nlara \u00fccretsiz olarak da\u011f\u0131tan Osmangazi Belediyesi, imza g\u00fcn\u00fc ve s\u00f6yle\u015fi program\u0131 d\u00fczenleyerek Osmangazili kad\u0131nlar ile yazar M\u0131s\u0131r\u2019\u0131 bir araya getirdi. \u00a0\u00a0 \u200bHaberin Al\u0131nt\u0131land\u0131\u011f\u0131 Kaynak: www.iskenderun.org\" \/>\n<meta property=\"og:url\" content=\"http:\/\/denizcankizil.tr\/ru\/haberler\/gundem\/kadin-yazarlar-ile-kadin-kitapseverler-osmangazide-bulusuyor\/\" \/>\n<meta property=\"og:site_name\" content=\"Av. Deniz Can K\u0131z\u0131l\" \/>\n<meta property=\"article:published_time\" content=\"2024-11-12T10:43:07+00:00\" \/>\n<meta name=\"twitter:card\" content=\"summary_large_image\" \/>\n<meta name=\"twitter:label1\" content=\"\u041f\u0440\u0438\u043c\u0435\u0440\u043d\u043e\u0435 \u0432\u0440\u0435\u043c\u044f \u0434\u043b\u044f \u0447\u0442\u0435\u043d\u0438\u044f\" \/>\n\t<meta name=\"twitter:data1\" content=\"1 \u043c\u0438\u043d\u0443\u0442\u0430\" \/>\n<script type=\"application\/ld+json\" class=\"yoast-schema-graph\">{\"@context\":\"https:\/\/schema.org\",\"@graph\":[{\"@type\":\"Article\",\"@id\":\"http:\/\/denizcankizil.tr\/ru\/haberler\/gundem\/kadin-yazarlar-ile-kadin-kitapseverler-osmangazide-bulusuyor\/#article\",\"isPartOf\":{\"@id\":\"http:\/\/denizcankizil.tr\/ru\/haberler\/gundem\/kadin-yazarlar-ile-kadin-kitapseverler-osmangazide-bulusuyor\/\"},\"author\":{\"name\":\"\",\"@id\":\"\"},\"headline\":\"Kad\u0131n yazarlar ile kad\u0131n kitapseverler Osmangazi\u2019de bulu\u015fuyor\",\"datePublished\":\"2024-11-12T10:43:07+00:00\",\"mainEntityOfPage\":{\"@id\":\"http:\/\/denizcankizil.tr\/ru\/haberler\/gundem\/kadin-yazarlar-ile-kadin-kitapseverler-osmangazide-bulusuyor\/\"},\"wordCount\":159,\"commentCount\":0,\"publisher\":{\"@id\":\"https:\/\/denizcankizil.tr\/#organization\"},\"articleSection\":[\"G\u00fcndem\",\"Uncategorized\"],\"inLanguage\":\"ru-RU\",\"potentialAction\":[{\"@type\":\"CommentAction\",\"name\":\"Comment\",\"target\":[\"http:\/\/denizcankizil.tr\/ru\/haberler\/gundem\/kadin-yazarlar-ile-kadin-kitapseverler-osmangazide-bulusuyor\/#respond\"]}]},{\"@type\":\"WebPage\",\"@id\":\"http:\/\/denizcankizil.tr\/ru\/haberler\/gundem\/kadin-yazarlar-ile-kadin-kitapseverler-osmangazide-bulusuyor\/\",\"url\":\"http:\/\/denizcankizil.tr\/ru\/haberler\/gundem\/kadin-yazarlar-ile-kadin-kitapseverler-osmangazide-bulusuyor\/\",\"name\":\"Kad\u0131n yazarlar ile kad\u0131n kitapseverler Osmangazi\u2019de bulu\u015fuyor - Av. Deniz Can K\u0131z\u0131l\",\"isPartOf\":{\"@id\":\"https:\/\/denizcankizil.tr\/#website\"},\"datePublished\":\"2024-11-12T10:43:07+00:00\",\"breadcrumb\":{\"@id\":\"http:\/\/denizcankizil.tr\/ru\/haberler\/gundem\/kadin-yazarlar-ile-kadin-kitapseverler-osmangazide-bulusuyor\/#breadcrumb\"},\"inLanguage\":\"ru-RU\",\"potentialAction\":[{\"@type\":\"ReadAction\",\"target\":[\"http:\/\/denizcankizil.tr\/ru\/haberler\/gundem\/kadin-yazarlar-ile-kadin-kitapseverler-osmangazide-bulusuyor\/\"]}]},{\"@type\":\"BreadcrumbList\",\"@id\":\"http:\/\/denizcankizil.tr\/ru\/haberler\/gundem\/kadin-yazarlar-ile-kadin-kitapseverler-osmangazide-bulusuyor\/#breadcrumb\",\"itemListElement\":[{\"@type\":\"ListItem\",\"position\":1,\"name\":\"Home\",\"item\":\"https:\/\/denizcankizil.tr\/de\/\"},{\"@type\":\"ListItem\",\"position\":2,\"name\":\"Kad\u0131n yazarlar ile kad\u0131n kitapseverler Osmangazi\u2019de bulu\u015fuyor\"}]},{\"@type\":\"WebSite\",\"@id\":\"https:\/\/denizcankizil.tr\/#website\",\"url\":\"https:\/\/denizcankizil.tr\/\",\"name\":\"Av. Deniz Can K\u0131z\u0131l\",\"description\":\"Avukat Deniz Can K\u0131z\u0131l Antalya Barosu\",\"publisher\":{\"@id\":\"https:\/\/denizcankizil.tr\/#organization\"},\"potentialAction\":[{\"@type\":\"SearchAction\",\"target\":{\"@type\":\"EntryPoint\",\"urlTemplate\":\"https:\/\/denizcankizil.tr\/?s={search_term_string}\"},\"query-input\":{\"@type\":\"PropertyValueSpecification\",\"valueRequired\":true,\"valueName\":\"search_term_string\"}}],\"inLanguage\":\"ru-RU\"},{\"@type\":\"Organization\",\"@id\":\"https:\/\/denizcankizil.tr\/#organization\",\"name\":\"Av. Deniz Can K\u0131z\u0131l\",\"url\":\"https:\/\/denizcankizil.tr\/\",\"logo\":{\"@type\":\"ImageObject\",\"inLanguage\":\"ru-RU\",\"@id\":\"https:\/\/denizcankizil.tr\/#\/schema\/logo\/image\/\",\"url\":\"http:\/\/denizcankizil.tr\/wp-content\/uploads\/2024\/10\/siyah-logo-svg.svg\",\"contentUrl\":\"http:\/\/denizcankizil.tr\/wp-content\/uploads\/2024\/10\/siyah-logo-svg.svg\",\"width\":1080,\"height\":1080,\"caption\":\"Av. Deniz Can K\u0131z\u0131l\"},\"image\":{\"@id\":\"https:\/\/denizcankizil.tr\/#\/schema\/logo\/image\/\"}}]}<\/script>\n<!-- \/ Yoast SEO Premium plugin. -->","yoast_head_json":{"title":"Kad\u0131n yazarlar ile kad\u0131n kitapseverler Osmangazi\u2019de bulu\u015fuyor - Av. Deniz Can K\u0131z\u0131l","robots":{"index":"index","follow":"follow","max-snippet":"max-snippet:-1","max-image-preview":"max-image-preview:large","max-video-preview":"max-video-preview:-1"},"canonical":"http:\/\/denizcankizil.tr\/ru\/haberler\/gundem\/kadin-yazarlar-ile-kadin-kitapseverler-osmangazide-bulusuyor\/","og_locale":"ru_RU","og_type":"article","og_title":"Kad\u0131n yazarlar ile kad\u0131n kitapseverler Osmangazi\u2019de bulu\u015fuyor","og_description":"Kad\u0131nlar\u0131 kitap okumaya te\u015fvik etmek ad\u0131na hayata ge\u00e7irdi\u011fi\u00a0 \u2018Kad\u0131n Yazar\u0131yla Bulu\u015fuyor\u2019 projesi kapsam\u0131nda, ge\u00e7ti\u011fimiz g\u00fcnlerde Yazar Meyra \u0130lknur M\u0131s\u0131r\u2019\u0131n kaleme ald\u0131\u011f\u0131 Pusula adl\u0131 kitab\u0131 il\u00e7edeki kad\u0131nlara \u00fccretsiz olarak da\u011f\u0131tan Osmangazi Belediyesi, imza g\u00fcn\u00fc ve s\u00f6yle\u015fi program\u0131 d\u00fczenleyerek Osmangazili kad\u0131nlar ile yazar M\u0131s\u0131r\u2019\u0131 bir araya getirdi. \u00a0 \u200bKad\u0131nlar\u0131 kitap okumaya te\u015fvik etmek ad\u0131na hayata ge\u00e7irdi\u011fi\u00a0 \u2018Kad\u0131n Yazar\u0131yla Bulu\u015fuyor\u2019 projesi kapsam\u0131nda, ge\u00e7ti\u011fimiz g\u00fcnlerde Yazar Meyra \u0130lknur M\u0131s\u0131r\u2019\u0131n kaleme ald\u0131\u011f\u0131 Pusula adl\u0131 kitab\u0131 il\u00e7edeki kad\u0131nlara \u00fccretsiz olarak da\u011f\u0131tan Osmangazi Belediyesi, imza g\u00fcn\u00fc ve s\u00f6yle\u015fi program\u0131 d\u00fczenleyerek Osmangazili kad\u0131nlar ile yazar M\u0131s\u0131r\u2019\u0131 bir araya getirdi. \u00a0\u00a0 \u200bHaberin Al\u0131nt\u0131land\u0131\u011f\u0131 Kaynak: www.iskenderun.org","og_url":"http:\/\/denizcankizil.tr\/ru\/haberler\/gundem\/kadin-yazarlar-ile-kadin-kitapseverler-osmangazide-bulusuyor\/","og_site_name":"Av. Deniz Can K\u0131z\u0131l","article_published_time":"2024-11-12T10:43:07+00:00","twitter_card":"summary_large_image","twitter_misc":{"\u041f\u0440\u0438\u043c\u0435\u0440\u043d\u043e\u0435 \u0432\u0440\u0435\u043c\u044f \u0434\u043b\u044f \u0447\u0442\u0435\u043d\u0438\u044f":"1 \u043c\u0438\u043d\u0443\u0442\u0430"},"schema":{"@context":"https:\/\/schema.org","@graph":[{"@type":"Article","@id":"http:\/\/denizcankizil.tr\/ru\/haberler\/gundem\/kadin-yazarlar-ile-kadin-kitapseverler-osmangazide-bulusuyor\/#article","isPartOf":{"@id":"http:\/\/denizcankizil.tr\/ru\/haberler\/gundem\/kadin-yazarlar-ile-kadin-kitapseverler-osmangazide-bulusuyor\/"},"author":{"name":"","@id":""},"headline":"Kad\u0131n yazarlar ile kad\u0131n kitapseverler Osmangazi\u2019de bulu\u015fuyor","datePublished":"2024-11-12T10:43:07+00:00","mainEntityOfPage":{"@id":"http:\/\/denizcankizil.tr\/ru\/haberler\/gundem\/kadin-yazarlar-ile-kadin-kitapseverler-osmangazide-bulusuyor\/"},"wordCount":159,"commentCount":0,"publisher":{"@id":"https:\/\/denizcankizil.tr\/#organization"},"articleSection":["G\u00fcndem","Uncategorized"],"inLanguage":"ru-RU","potentialAction":[{"@type":"CommentAction","name":"Comment","target":["http:\/\/denizcankizil.tr\/ru\/haberler\/gundem\/kadin-yazarlar-ile-kadin-kitapseverler-osmangazide-bulusuyor\/#respond"]}]},{"@type":"WebPage","@id":"http:\/\/denizcankizil.tr\/ru\/haberler\/gundem\/kadin-yazarlar-ile-kadin-kitapseverler-osmangazide-bulusuyor\/","url":"http:\/\/denizcankizil.tr\/ru\/haberler\/gundem\/kadin-yazarlar-ile-kadin-kitapseverler-osmangazide-bulusuyor\/","name":"Kad\u0131n yazarlar ile kad\u0131n kitapseverler Osmangazi\u2019de bulu\u015fuyor - Av. Deniz Can K\u0131z\u0131l","isPartOf":{"@id":"https:\/\/denizcankizil.tr\/#website"},"datePublished":"2024-11-12T10:43:07+00:00","breadcrumb":{"@id":"http:\/\/denizcankizil.tr\/ru\/haberler\/gundem\/kadin-yazarlar-ile-kadin-kitapseverler-osmangazide-bulusuyor\/#breadcrumb"},"inLanguage":"ru-RU","potentialAction":[{"@type":"ReadAction","target":["http:\/\/denizcankizil.tr\/ru\/haberler\/gundem\/kadin-yazarlar-ile-kadin-kitapseverler-osmangazide-bulusuyor\/"]}]},{"@type":"BreadcrumbList","@id":"http:\/\/denizcankizil.tr\/ru\/haberler\/gundem\/kadin-yazarlar-ile-kadin-kitapseverler-osmangazide-bulusuyor\/#breadcrumb","itemListElement":[{"@type":"ListItem","position":1,"name":"Home","item":"https:\/\/denizcankizil.tr\/de\/"},{"@type":"ListItem","position":2,"name":"Kad\u0131n yazarlar ile kad\u0131n kitapseverler Osmangazi\u2019de bulu\u015fuyor"}]},{"@type":"WebSite","@id":"https:\/\/denizcankizil.tr\/#website","url":"https:\/\/denizcankizil.tr\/","name":"Av. Deniz Can K\u0131z\u0131l","description":"Avukat Deniz Can K\u0131z\u0131l Antalya Barosu","publisher":{"@id":"https:\/\/denizcankizil.tr\/#organization"},"potentialAction":[{"@type":"SearchAction","target":{"@type":"EntryPoint","urlTemplate":"https:\/\/denizcankizil.tr\/?s={search_term_string}"},"query-input":{"@type":"PropertyValueSpecification","valueRequired":true,"valueName":"search_term_string"}}],"inLanguage":"ru-RU"},{"@type":"Organization","@id":"https:\/\/denizcankizil.tr\/#organization","name":"Av. Deniz Can K\u0131z\u0131l","url":"https:\/\/denizcankizil.tr\/","logo":{"@type":"ImageObject","inLanguage":"ru-RU","@id":"https:\/\/denizcankizil.tr\/#\/schema\/logo\/image\/","url":"http:\/\/denizcankizil.tr\/wp-content\/uploads\/2024\/10\/siyah-logo-svg.svg","contentUrl":"http:\/\/denizcankizil.tr\/wp-content\/uploads\/2024\/10\/siyah-logo-svg.svg","width":1080,"height":1080,"caption":"Av. Deniz Can K\u0131z\u0131l"},"image":{"@id":"https:\/\/denizcankizil.tr\/#\/schema\/logo\/image\/"}}]}},"_links":{"self":[{"href":"http:\/\/denizcankizil.tr\/ru\/wp-json\/wp\/v2\/posts\/15666","targetHints":{"allow":["GET"]}}],"collection":[{"href":"http:\/\/denizcankizil.tr\/ru\/wp-json\/wp\/v2\/posts"}],"about":[{"href":"http:\/\/denizcankizil.tr\/ru\/wp-json\/wp\/v2\/types\/post"}],"replies":[{"embeddable":true,"href":"http:\/\/denizcankizil.tr\/ru\/wp-json\/wp\/v2\/comments?post=15666"}],"version-history":[{"count":0,"href":"http:\/\/denizcankizil.tr\/ru\/wp-json\/wp\/v2\/posts\/15666\/revisions"}],"wp:attachment":[{"href":"http:\/\/denizcankizil.tr\/ru\/wp-json\/wp\/v2\/media?parent=15666"}],"wp:term":[{"taxonomy":"category","embeddable":true,"href":"http:\/\/denizcankizil.tr\/ru\/wp-json\/wp\/v2\/categories?post=15666"},{"taxonomy":"post_tag","embeddable":true,"href":"http:\/\/denizcankizil.tr\/ru\/wp-json\/wp\/v2\/tags?post=15666"}],"curies":[{"name":"wp","href":"https:\/\/api.w.org\/{rel}","templated":true}]}}