{"id":15570,"date":"2024-11-11T17:42:06","date_gmt":"2024-11-11T14:42:06","guid":{"rendered":"https:\/\/denizcankizil.tr\/uncategorized-tr\/kar-manzarali-deniz-keyfi\/"},"modified":"2024-11-11T17:42:06","modified_gmt":"2024-11-11T14:42:06","slug":"kar-manzarali-deniz-keyfi","status":"publish","type":"post","link":"http:\/\/denizcankizil.tr\/ru\/haberler\/antalya\/kar-manzarali-deniz-keyfi\/","title":{"rendered":"Kar manzaral\u0131 deniz keyfi"},"content":{"rendered":"<p>Antalya&#8217;da bir g\u00fcn \u00f6nce etkili olan so\u011fuk hava nedeniyle da\u011flara kar ya\u011farken, bug\u00fcn ise s\u0131cak havay\u0131 f\u0131rsat bilen baz\u0131 yerli ve yabanc\u0131 vatanda\u015flar denize girdi. Turizmin ba\u015fkenti Antalya&#8217;da, d\u00fcn 18 dereceye kadar d\u00fc\u015fen hava s\u0131cakl\u0131\u011f\u0131nda; Kemer il\u00e7esindeki 2 bin 365 metrelik Tahtal\u0131 Da\u011f\u0131&#8217;n\u0131n zirvesine, G\u00f6mbe Mahallesi&#8217;ndeki 3 bin 24 metre y\u00fcksekli\u011finde Akda\u011f&#8217;\u0131n zirvesine ve Sakl\u0131kent Kayak Merkezi&#8217;ne mevsimin ilk kar\u0131 d\u00fc\u015ft\u00fc.<br \/>\nYa\u011f\u0131\u015fl\u0131 havan\u0131n ard\u0131ndan bug\u00fcn ise g\u00fcne\u015f yeniden y\u00fcz\u00fcn\u00fc g\u00f6sterdi. S\u0131cakl\u0131\u011f\u0131n \u00f6\u011fle saatlerinde 22 dereceyi buldu\u011fu \u015fehirde, yazdan kalma bir g\u00fcn ya\u015fand\u0131. G\u00fczel havay\u0131 f\u0131rsat bilenler sahillerde yo\u011funluk olu\u015fturdu. Konyaalt\u0131 sahilinde baz\u0131 vatanda\u015flar denize girerek s\u0131cak havan\u0131n tad\u0131n\u0131 \u00e7\u0131kart\u0131rken, baz\u0131lar\u0131 kitap okudu baz\u0131lar\u0131 ise g\u00fcne\u015flenip bal\u0131k tutmaya \u00e7al\u0131\u015ft\u0131.<\/p>\n<p>\u201cAntalya cennet gibi\u201d<br \/>\nD\u00fcnyaca \u00fcnl\u00fc Konyaalt\u0131 Plaj\u0131&#8217;nda k\u0131z\u0131yla g\u00fcne\u015flenen Atilla Bi\u00e7ici, \u201cAntalya&#8217;da ya\u015f\u0131yorum. Antalya cennet gibi bir il, bug\u00fcn de hava \u00e7ok g\u00fczel. Sakl\u0131kent&#8217;te kar ya\u011farken, burada g\u00fcne\u015f a\u00e7t\u0131\u011f\u0131 zaman hem k\u0131\u015f mevsimini hem yaz mevsimini bir arada ya\u015f\u0131yoruz. Antalya&#8217;y\u0131 \u00e7ok seviyorum. K\u0131z\u0131m birlikte sahile gelip, g\u00fczel havan\u0131n tad\u0131n\u0131 \u00e7\u0131karal\u0131m dedik\u201d diye konu\u015ftu.<\/p>\n<p>\u201c\u00dc\u015f\u00fcme denen bir \u015fey yok, rahatl\u0131kla y\u00fczebiliyorsunuz\u201d<br \/>\nDenizin tad\u0131n\u0131 \u00e7\u0131karan \u0130smail B\u00fcy\u00fckada ise \u201cDenizin s\u0131cakl\u0131\u011f\u0131 d\u0131\u015far\u0131ya g\u00f6re \u00e7ok daha iyi. \u00dc\u015f\u00fcme denen bir \u015fey yok, rahatl\u0131kla y\u00fczebiliyorsunuz. \u0130stanbul&#8217;dan tatile geldim. D\u00fcn havan\u0131n ya\u011fmurlu olmas\u0131yla nedeniyle denizin tad\u0131n\u0131 alamad\u0131k, bug\u00fcn g\u00fczel bir g\u00fcn. Asl\u0131nda bug\u00fcn ki plan\u0131mda Tahtal\u0131 Teleferik ile karlar\u0131 g\u00f6rmeye gitmek vard\u0131, g\u00fcne\u015fi g\u00f6r\u00fcnce denizi tercih ettim\u201d ifadelerini kulland\u0131.<\/p>\n<p>Kaynak: www.kanalv.com.tr Haber Sitesinden Al\u0131nm\u0131\u015ft\u0131r.<\/p>","protected":false},"excerpt":{"rendered":"<p>Antalya&#8217;da bir g\u00fcn \u00f6nce etkili olan so\u011fuk hava nedeniyle da\u011flara kar ya\u011farken, bug\u00fcn ise s\u0131cak havay\u0131 f\u0131rsat bilen baz\u0131 yerli ve yabanc\u0131 vatanda\u015flar denize girdi. Turizmin ba\u015fkenti Antalya&#8217;da, d\u00fcn 18 dereceye kadar d\u00fc\u015fen hava s\u0131cakl\u0131\u011f\u0131nda; Kemer il\u00e7esindeki 2 bin 365 metrelik Tahtal\u0131 Da\u011f\u0131&#8217;n\u0131n zirvesine, G\u00f6mbe Mahallesi&#8217;ndeki 3 bin 24 metre y\u00fcksekli\u011finde Akda\u011f&#8217;\u0131n zirvesine ve Sakl\u0131kent Kayak Merkezi&#8217;ne mevsimin ilk kar\u0131 d\u00fc\u015ft\u00fc. Ya\u011f\u0131\u015fl\u0131 havan\u0131n ard\u0131ndan bug\u00fcn ise g\u00fcne\u015f yeniden y\u00fcz\u00fcn\u00fc g\u00f6sterdi. S\u0131cakl\u0131\u011f\u0131n \u00f6\u011fle saatlerinde 22 dereceyi buldu\u011fu \u015fehirde, yazdan kalma bir g\u00fcn ya\u015fand\u0131. G\u00fczel havay\u0131 f\u0131rsat bilenler sahillerde yo\u011funluk olu\u015fturdu. Konyaalt\u0131 sahilinde baz\u0131 vatanda\u015flar denize girerek s\u0131cak havan\u0131n tad\u0131n\u0131 \u00e7\u0131kart\u0131rken, baz\u0131lar\u0131 kitap okudu baz\u0131lar\u0131 ise g\u00fcne\u015flenip bal\u0131k tutmaya \u00e7al\u0131\u015ft\u0131. \u201cAntalya cennet gibi\u201d D\u00fcnyaca \u00fcnl\u00fc Konyaalt\u0131 Plaj\u0131&#8217;nda k\u0131z\u0131yla g\u00fcne\u015flenen Atilla Bi\u00e7ici, \u201cAntalya&#8217;da ya\u015f\u0131yorum. Antalya cennet gibi bir il, bug\u00fcn de hava \u00e7ok g\u00fczel. Sakl\u0131kent&#8217;te kar ya\u011farken, burada g\u00fcne\u015f a\u00e7t\u0131\u011f\u0131 zaman hem k\u0131\u015f mevsimini hem yaz mevsimini bir arada ya\u015f\u0131yoruz. Antalya&#8217;y\u0131 \u00e7ok seviyorum. K\u0131z\u0131m birlikte sahile gelip, g\u00fczel havan\u0131n tad\u0131n\u0131 \u00e7\u0131karal\u0131m dedik\u201d diye konu\u015ftu. \u201c\u00dc\u015f\u00fcme denen bir \u015fey yok, rahatl\u0131kla y\u00fczebiliyorsunuz\u201d Denizin tad\u0131n\u0131 \u00e7\u0131karan \u0130smail B\u00fcy\u00fckada ise \u201cDenizin s\u0131cakl\u0131\u011f\u0131 d\u0131\u015far\u0131ya g\u00f6re \u00e7ok daha iyi. \u00dc\u015f\u00fcme denen bir \u015fey yok, rahatl\u0131kla y\u00fczebiliyorsunuz. \u0130stanbul&#8217;dan tatile geldim. D\u00fcn havan\u0131n ya\u011fmurlu olmas\u0131yla nedeniyle denizin tad\u0131n\u0131 alamad\u0131k, bug\u00fcn &hellip;<\/p>","protected":false},"author":0,"featured_media":15571,"comment_status":"open","ping_status":"open","sticky":false,"template":"","format":"standard","meta":{"_acf_changed":false,"footnotes":""},"categories":[26,535],"tags":[],"class_list":["post-15570","post","type-post","status-publish","format-standard","has-post-thumbnail","hentry","category-antalya","category-uncategorized-tr"],"acf":[],"yoast_head":"<!-- This site is optimized with the Yoast SEO Premium plugin v26.6 (Yoast SEO v27.1.1) - https:\/\/yoast.com\/product\/yoast-seo-premium-wordpress\/ -->\n<title>Kar manzaral\u0131 deniz keyfi - Av. Deniz Can K\u0131z\u0131l<\/title>\n<meta name=\"robots\" content=\"index, follow, max-snippet:-1, max-image-preview:large, max-video-preview:-1\" \/>\n<link rel=\"canonical\" href=\"http:\/\/denizcankizil.tr\/ru\/haberler\/antalya\/kar-manzarali-deniz-keyfi\/\" \/>\n<meta property=\"og:locale\" content=\"ru_RU\" \/>\n<meta property=\"og:type\" content=\"article\" \/>\n<meta property=\"og:title\" content=\"Kar manzaral\u0131 deniz keyfi\" \/>\n<meta property=\"og:description\" content=\"Antalya&#8217;da bir g\u00fcn \u00f6nce etkili olan so\u011fuk hava nedeniyle da\u011flara kar ya\u011farken, bug\u00fcn ise s\u0131cak havay\u0131 f\u0131rsat bilen baz\u0131 yerli ve yabanc\u0131 vatanda\u015flar denize girdi. Turizmin ba\u015fkenti Antalya&#8217;da, d\u00fcn 18 dereceye kadar d\u00fc\u015fen hava s\u0131cakl\u0131\u011f\u0131nda; Kemer il\u00e7esindeki 2 bin 365 metrelik Tahtal\u0131 Da\u011f\u0131&#8217;n\u0131n zirvesine, G\u00f6mbe Mahallesi&#8217;ndeki 3 bin 24 metre y\u00fcksekli\u011finde Akda\u011f&#8217;\u0131n zirvesine ve Sakl\u0131kent Kayak Merkezi&#8217;ne mevsimin ilk kar\u0131 d\u00fc\u015ft\u00fc. Ya\u011f\u0131\u015fl\u0131 havan\u0131n ard\u0131ndan bug\u00fcn ise g\u00fcne\u015f yeniden y\u00fcz\u00fcn\u00fc g\u00f6sterdi. S\u0131cakl\u0131\u011f\u0131n \u00f6\u011fle saatlerinde 22 dereceyi buldu\u011fu \u015fehirde, yazdan kalma bir g\u00fcn ya\u015fand\u0131. G\u00fczel havay\u0131 f\u0131rsat bilenler sahillerde yo\u011funluk olu\u015fturdu. Konyaalt\u0131 sahilinde baz\u0131 vatanda\u015flar denize girerek s\u0131cak havan\u0131n tad\u0131n\u0131 \u00e7\u0131kart\u0131rken, baz\u0131lar\u0131 kitap okudu baz\u0131lar\u0131 ise g\u00fcne\u015flenip bal\u0131k tutmaya \u00e7al\u0131\u015ft\u0131. \u201cAntalya cennet gibi\u201d D\u00fcnyaca \u00fcnl\u00fc Konyaalt\u0131 Plaj\u0131&#8217;nda k\u0131z\u0131yla g\u00fcne\u015flenen Atilla Bi\u00e7ici, \u201cAntalya&#8217;da ya\u015f\u0131yorum. Antalya cennet gibi bir il, bug\u00fcn de hava \u00e7ok g\u00fczel. Sakl\u0131kent&#8217;te kar ya\u011farken, burada g\u00fcne\u015f a\u00e7t\u0131\u011f\u0131 zaman hem k\u0131\u015f mevsimini hem yaz mevsimini bir arada ya\u015f\u0131yoruz. Antalya&#8217;y\u0131 \u00e7ok seviyorum. K\u0131z\u0131m birlikte sahile gelip, g\u00fczel havan\u0131n tad\u0131n\u0131 \u00e7\u0131karal\u0131m dedik\u201d diye konu\u015ftu. \u201c\u00dc\u015f\u00fcme denen bir \u015fey yok, rahatl\u0131kla y\u00fczebiliyorsunuz\u201d Denizin tad\u0131n\u0131 \u00e7\u0131karan \u0130smail B\u00fcy\u00fckada ise \u201cDenizin s\u0131cakl\u0131\u011f\u0131 d\u0131\u015far\u0131ya g\u00f6re \u00e7ok daha iyi. \u00dc\u015f\u00fcme denen bir \u015fey yok, rahatl\u0131kla y\u00fczebiliyorsunuz. \u0130stanbul&#8217;dan tatile geldim. D\u00fcn havan\u0131n ya\u011fmurlu olmas\u0131yla nedeniyle denizin tad\u0131n\u0131 alamad\u0131k, bug\u00fcn &hellip;\" \/>\n<meta property=\"og:url\" content=\"http:\/\/denizcankizil.tr\/ru\/haberler\/antalya\/kar-manzarali-deniz-keyfi\/\" \/>\n<meta property=\"og:site_name\" content=\"Av. Deniz Can K\u0131z\u0131l\" \/>\n<meta property=\"article:published_time\" content=\"2024-11-11T14:42:06+00:00\" \/>\n<meta property=\"og:image\" content=\"http:\/\/denizcankizil.tr\/wp-content\/uploads\/2024\/11\/3017-01-Pp3KR1.jpeg\" \/>\n\t<meta property=\"og:image:width\" content=\"1280\" \/>\n\t<meta property=\"og:image:height\" content=\"720\" \/>\n\t<meta property=\"og:image:type\" content=\"image\/jpeg\" \/>\n<meta name=\"twitter:card\" content=\"summary_large_image\" \/>\n<meta name=\"twitter:label1\" content=\"\u041f\u0440\u0438\u043c\u0435\u0440\u043d\u043e\u0435 \u0432\u0440\u0435\u043c\u044f \u0434\u043b\u044f \u0447\u0442\u0435\u043d\u0438\u044f\" \/>\n\t<meta name=\"twitter:data1\" content=\"2 \u043c\u0438\u043d\u0443\u0442\u044b\" \/>\n<script type=\"application\/ld+json\" class=\"yoast-schema-graph\">{\"@context\":\"https:\/\/schema.org\",\"@graph\":[{\"@type\":\"Article\",\"@id\":\"http:\/\/denizcankizil.tr\/uk\/haberler\/antalya\/kar-manzarali-deniz-keyfi\/#article\",\"isPartOf\":{\"@id\":\"http:\/\/denizcankizil.tr\/uk\/haberler\/antalya\/kar-manzarali-deniz-keyfi\/\"},\"author\":{\"name\":\"\",\"@id\":\"\"},\"headline\":\"Kar manzaral\u0131 deniz keyfi\",\"datePublished\":\"2024-11-11T14:42:06+00:00\",\"mainEntityOfPage\":{\"@id\":\"http:\/\/denizcankizil.tr\/uk\/haberler\/antalya\/kar-manzarali-deniz-keyfi\/\"},\"wordCount\":338,\"commentCount\":0,\"publisher\":{\"@id\":\"https:\/\/denizcankizil.tr\/#organization\"},\"image\":{\"@id\":\"http:\/\/denizcankizil.tr\/uk\/haberler\/antalya\/kar-manzarali-deniz-keyfi\/#primaryimage\"},\"thumbnailUrl\":\"http:\/\/denizcankizil.tr\/wp-content\/uploads\/2024\/11\/3017-01-Pp3KR1.jpeg\",\"articleSection\":[\"Antalya\",\"Uncategorized\"],\"inLanguage\":\"ru-RU\",\"potentialAction\":[{\"@type\":\"CommentAction\",\"name\":\"Comment\",\"target\":[\"http:\/\/denizcankizil.tr\/uk\/haberler\/antalya\/kar-manzarali-deniz-keyfi\/#respond\"]}]},{\"@type\":\"WebPage\",\"@id\":\"http:\/\/denizcankizil.tr\/uk\/haberler\/antalya\/kar-manzarali-deniz-keyfi\/\",\"url\":\"http:\/\/denizcankizil.tr\/uk\/haberler\/antalya\/kar-manzarali-deniz-keyfi\/\",\"name\":\"Kar manzaral\u0131 deniz keyfi - Av. Deniz Can K\u0131z\u0131l\",\"isPartOf\":{\"@id\":\"https:\/\/denizcankizil.tr\/#website\"},\"primaryImageOfPage\":{\"@id\":\"http:\/\/denizcankizil.tr\/uk\/haberler\/antalya\/kar-manzarali-deniz-keyfi\/#primaryimage\"},\"image\":{\"@id\":\"http:\/\/denizcankizil.tr\/uk\/haberler\/antalya\/kar-manzarali-deniz-keyfi\/#primaryimage\"},\"thumbnailUrl\":\"http:\/\/denizcankizil.tr\/wp-content\/uploads\/2024\/11\/3017-01-Pp3KR1.jpeg\",\"datePublished\":\"2024-11-11T14:42:06+00:00\",\"breadcrumb\":{\"@id\":\"http:\/\/denizcankizil.tr\/uk\/haberler\/antalya\/kar-manzarali-deniz-keyfi\/#breadcrumb\"},\"inLanguage\":\"ru-RU\",\"potentialAction\":[{\"@type\":\"ReadAction\",\"target\":[\"http:\/\/denizcankizil.tr\/uk\/haberler\/antalya\/kar-manzarali-deniz-keyfi\/\"]}]},{\"@type\":\"ImageObject\",\"inLanguage\":\"ru-RU\",\"@id\":\"http:\/\/denizcankizil.tr\/uk\/haberler\/antalya\/kar-manzarali-deniz-keyfi\/#primaryimage\",\"url\":\"http:\/\/denizcankizil.tr\/wp-content\/uploads\/2024\/11\/3017-01-Pp3KR1.jpeg\",\"contentUrl\":\"http:\/\/denizcankizil.tr\/wp-content\/uploads\/2024\/11\/3017-01-Pp3KR1.jpeg\",\"width\":1280,\"height\":720},{\"@type\":\"BreadcrumbList\",\"@id\":\"http:\/\/denizcankizil.tr\/uk\/haberler\/antalya\/kar-manzarali-deniz-keyfi\/#breadcrumb\",\"itemListElement\":[{\"@type\":\"ListItem\",\"position\":1,\"name\":\"Home\",\"item\":\"https:\/\/denizcankizil.tr\/uk\/\"},{\"@type\":\"ListItem\",\"position\":2,\"name\":\"Kar manzaral\u0131 deniz keyfi\"}]},{\"@type\":\"WebSite\",\"@id\":\"https:\/\/denizcankizil.tr\/#website\",\"url\":\"https:\/\/denizcankizil.tr\/\",\"name\":\"Av. Deniz Can K\u0131z\u0131l\",\"description\":\"Avukat Deniz Can K\u0131z\u0131l Antalya Barosu\",\"publisher\":{\"@id\":\"https:\/\/denizcankizil.tr\/#organization\"},\"potentialAction\":[{\"@type\":\"SearchAction\",\"target\":{\"@type\":\"EntryPoint\",\"urlTemplate\":\"https:\/\/denizcankizil.tr\/?s={search_term_string}\"},\"query-input\":{\"@type\":\"PropertyValueSpecification\",\"valueRequired\":true,\"valueName\":\"search_term_string\"}}],\"inLanguage\":\"ru-RU\"},{\"@type\":\"Organization\",\"@id\":\"https:\/\/denizcankizil.tr\/#organization\",\"name\":\"Av. Deniz Can K\u0131z\u0131l\",\"url\":\"https:\/\/denizcankizil.tr\/\",\"logo\":{\"@type\":\"ImageObject\",\"inLanguage\":\"ru-RU\",\"@id\":\"https:\/\/denizcankizil.tr\/#\/schema\/logo\/image\/\",\"url\":\"http:\/\/denizcankizil.tr\/wp-content\/uploads\/2024\/10\/siyah-logo-svg.svg\",\"contentUrl\":\"http:\/\/denizcankizil.tr\/wp-content\/uploads\/2024\/10\/siyah-logo-svg.svg\",\"width\":1080,\"height\":1080,\"caption\":\"Av. Deniz Can K\u0131z\u0131l\"},\"image\":{\"@id\":\"https:\/\/denizcankizil.tr\/#\/schema\/logo\/image\/\"}}]}<\/script>\n<!-- \/ Yoast SEO Premium plugin. -->","yoast_head_json":{"title":"Kar manzaral\u0131 deniz keyfi - Av. Deniz Can K\u0131z\u0131l","robots":{"index":"index","follow":"follow","max-snippet":"max-snippet:-1","max-image-preview":"max-image-preview:large","max-video-preview":"max-video-preview:-1"},"canonical":"http:\/\/denizcankizil.tr\/ru\/haberler\/antalya\/kar-manzarali-deniz-keyfi\/","og_locale":"ru_RU","og_type":"article","og_title":"Kar manzaral\u0131 deniz keyfi","og_description":"Antalya&#8217;da bir g\u00fcn \u00f6nce etkili olan so\u011fuk hava nedeniyle da\u011flara kar ya\u011farken, bug\u00fcn ise s\u0131cak havay\u0131 f\u0131rsat bilen baz\u0131 yerli ve yabanc\u0131 vatanda\u015flar denize girdi. Turizmin ba\u015fkenti Antalya&#8217;da, d\u00fcn 18 dereceye kadar d\u00fc\u015fen hava s\u0131cakl\u0131\u011f\u0131nda; Kemer il\u00e7esindeki 2 bin 365 metrelik Tahtal\u0131 Da\u011f\u0131&#8217;n\u0131n zirvesine, G\u00f6mbe Mahallesi&#8217;ndeki 3 bin 24 metre y\u00fcksekli\u011finde Akda\u011f&#8217;\u0131n zirvesine ve Sakl\u0131kent Kayak Merkezi&#8217;ne mevsimin ilk kar\u0131 d\u00fc\u015ft\u00fc. Ya\u011f\u0131\u015fl\u0131 havan\u0131n ard\u0131ndan bug\u00fcn ise g\u00fcne\u015f yeniden y\u00fcz\u00fcn\u00fc g\u00f6sterdi. S\u0131cakl\u0131\u011f\u0131n \u00f6\u011fle saatlerinde 22 dereceyi buldu\u011fu \u015fehirde, yazdan kalma bir g\u00fcn ya\u015fand\u0131. G\u00fczel havay\u0131 f\u0131rsat bilenler sahillerde yo\u011funluk olu\u015fturdu. Konyaalt\u0131 sahilinde baz\u0131 vatanda\u015flar denize girerek s\u0131cak havan\u0131n tad\u0131n\u0131 \u00e7\u0131kart\u0131rken, baz\u0131lar\u0131 kitap okudu baz\u0131lar\u0131 ise g\u00fcne\u015flenip bal\u0131k tutmaya \u00e7al\u0131\u015ft\u0131. \u201cAntalya cennet gibi\u201d D\u00fcnyaca \u00fcnl\u00fc Konyaalt\u0131 Plaj\u0131&#8217;nda k\u0131z\u0131yla g\u00fcne\u015flenen Atilla Bi\u00e7ici, \u201cAntalya&#8217;da ya\u015f\u0131yorum. Antalya cennet gibi bir il, bug\u00fcn de hava \u00e7ok g\u00fczel. Sakl\u0131kent&#8217;te kar ya\u011farken, burada g\u00fcne\u015f a\u00e7t\u0131\u011f\u0131 zaman hem k\u0131\u015f mevsimini hem yaz mevsimini bir arada ya\u015f\u0131yoruz. Antalya&#8217;y\u0131 \u00e7ok seviyorum. K\u0131z\u0131m birlikte sahile gelip, g\u00fczel havan\u0131n tad\u0131n\u0131 \u00e7\u0131karal\u0131m dedik\u201d diye konu\u015ftu. \u201c\u00dc\u015f\u00fcme denen bir \u015fey yok, rahatl\u0131kla y\u00fczebiliyorsunuz\u201d Denizin tad\u0131n\u0131 \u00e7\u0131karan \u0130smail B\u00fcy\u00fckada ise \u201cDenizin s\u0131cakl\u0131\u011f\u0131 d\u0131\u015far\u0131ya g\u00f6re \u00e7ok daha iyi. \u00dc\u015f\u00fcme denen bir \u015fey yok, rahatl\u0131kla y\u00fczebiliyorsunuz. \u0130stanbul&#8217;dan tatile geldim. D\u00fcn havan\u0131n ya\u011fmurlu olmas\u0131yla nedeniyle denizin tad\u0131n\u0131 alamad\u0131k, bug\u00fcn &hellip;","og_url":"http:\/\/denizcankizil.tr\/ru\/haberler\/antalya\/kar-manzarali-deniz-keyfi\/","og_site_name":"Av. Deniz Can K\u0131z\u0131l","article_published_time":"2024-11-11T14:42:06+00:00","og_image":[{"width":1280,"height":720,"url":"http:\/\/denizcankizil.tr\/wp-content\/uploads\/2024\/11\/3017-01-Pp3KR1.jpeg","type":"image\/jpeg"}],"twitter_card":"summary_large_image","twitter_misc":{"\u041f\u0440\u0438\u043c\u0435\u0440\u043d\u043e\u0435 \u0432\u0440\u0435\u043c\u044f \u0434\u043b\u044f \u0447\u0442\u0435\u043d\u0438\u044f":"2 \u043c\u0438\u043d\u0443\u0442\u044b"},"schema":{"@context":"https:\/\/schema.org","@graph":[{"@type":"Article","@id":"http:\/\/denizcankizil.tr\/uk\/haberler\/antalya\/kar-manzarali-deniz-keyfi\/#article","isPartOf":{"@id":"http:\/\/denizcankizil.tr\/uk\/haberler\/antalya\/kar-manzarali-deniz-keyfi\/"},"author":{"name":"","@id":""},"headline":"Kar manzaral\u0131 deniz keyfi","datePublished":"2024-11-11T14:42:06+00:00","mainEntityOfPage":{"@id":"http:\/\/denizcankizil.tr\/uk\/haberler\/antalya\/kar-manzarali-deniz-keyfi\/"},"wordCount":338,"commentCount":0,"publisher":{"@id":"https:\/\/denizcankizil.tr\/#organization"},"image":{"@id":"http:\/\/denizcankizil.tr\/uk\/haberler\/antalya\/kar-manzarali-deniz-keyfi\/#primaryimage"},"thumbnailUrl":"http:\/\/denizcankizil.tr\/wp-content\/uploads\/2024\/11\/3017-01-Pp3KR1.jpeg","articleSection":["Antalya","Uncategorized"],"inLanguage":"ru-RU","potentialAction":[{"@type":"CommentAction","name":"Comment","target":["http:\/\/denizcankizil.tr\/uk\/haberler\/antalya\/kar-manzarali-deniz-keyfi\/#respond"]}]},{"@type":"WebPage","@id":"http:\/\/denizcankizil.tr\/uk\/haberler\/antalya\/kar-manzarali-deniz-keyfi\/","url":"http:\/\/denizcankizil.tr\/uk\/haberler\/antalya\/kar-manzarali-deniz-keyfi\/","name":"Kar manzaral\u0131 deniz keyfi - Av. Deniz Can K\u0131z\u0131l","isPartOf":{"@id":"https:\/\/denizcankizil.tr\/#website"},"primaryImageOfPage":{"@id":"http:\/\/denizcankizil.tr\/uk\/haberler\/antalya\/kar-manzarali-deniz-keyfi\/#primaryimage"},"image":{"@id":"http:\/\/denizcankizil.tr\/uk\/haberler\/antalya\/kar-manzarali-deniz-keyfi\/#primaryimage"},"thumbnailUrl":"http:\/\/denizcankizil.tr\/wp-content\/uploads\/2024\/11\/3017-01-Pp3KR1.jpeg","datePublished":"2024-11-11T14:42:06+00:00","breadcrumb":{"@id":"http:\/\/denizcankizil.tr\/uk\/haberler\/antalya\/kar-manzarali-deniz-keyfi\/#breadcrumb"},"inLanguage":"ru-RU","potentialAction":[{"@type":"ReadAction","target":["http:\/\/denizcankizil.tr\/uk\/haberler\/antalya\/kar-manzarali-deniz-keyfi\/"]}]},{"@type":"ImageObject","inLanguage":"ru-RU","@id":"http:\/\/denizcankizil.tr\/uk\/haberler\/antalya\/kar-manzarali-deniz-keyfi\/#primaryimage","url":"http:\/\/denizcankizil.tr\/wp-content\/uploads\/2024\/11\/3017-01-Pp3KR1.jpeg","contentUrl":"http:\/\/denizcankizil.tr\/wp-content\/uploads\/2024\/11\/3017-01-Pp3KR1.jpeg","width":1280,"height":720},{"@type":"BreadcrumbList","@id":"http:\/\/denizcankizil.tr\/uk\/haberler\/antalya\/kar-manzarali-deniz-keyfi\/#breadcrumb","itemListElement":[{"@type":"ListItem","position":1,"name":"Home","item":"https:\/\/denizcankizil.tr\/uk\/"},{"@type":"ListItem","position":2,"name":"Kar manzaral\u0131 deniz keyfi"}]},{"@type":"WebSite","@id":"https:\/\/denizcankizil.tr\/#website","url":"https:\/\/denizcankizil.tr\/","name":"Av. Deniz Can K\u0131z\u0131l","description":"Avukat Deniz Can K\u0131z\u0131l Antalya Barosu","publisher":{"@id":"https:\/\/denizcankizil.tr\/#organization"},"potentialAction":[{"@type":"SearchAction","target":{"@type":"EntryPoint","urlTemplate":"https:\/\/denizcankizil.tr\/?s={search_term_string}"},"query-input":{"@type":"PropertyValueSpecification","valueRequired":true,"valueName":"search_term_string"}}],"inLanguage":"ru-RU"},{"@type":"Organization","@id":"https:\/\/denizcankizil.tr\/#organization","name":"Av. Deniz Can K\u0131z\u0131l","url":"https:\/\/denizcankizil.tr\/","logo":{"@type":"ImageObject","inLanguage":"ru-RU","@id":"https:\/\/denizcankizil.tr\/#\/schema\/logo\/image\/","url":"http:\/\/denizcankizil.tr\/wp-content\/uploads\/2024\/10\/siyah-logo-svg.svg","contentUrl":"http:\/\/denizcankizil.tr\/wp-content\/uploads\/2024\/10\/siyah-logo-svg.svg","width":1080,"height":1080,"caption":"Av. Deniz Can K\u0131z\u0131l"},"image":{"@id":"https:\/\/denizcankizil.tr\/#\/schema\/logo\/image\/"}}]}},"_links":{"self":[{"href":"http:\/\/denizcankizil.tr\/ru\/wp-json\/wp\/v2\/posts\/15570","targetHints":{"allow":["GET"]}}],"collection":[{"href":"http:\/\/denizcankizil.tr\/ru\/wp-json\/wp\/v2\/posts"}],"about":[{"href":"http:\/\/denizcankizil.tr\/ru\/wp-json\/wp\/v2\/types\/post"}],"replies":[{"embeddable":true,"href":"http:\/\/denizcankizil.tr\/ru\/wp-json\/wp\/v2\/comments?post=15570"}],"version-history":[{"count":0,"href":"http:\/\/denizcankizil.tr\/ru\/wp-json\/wp\/v2\/posts\/15570\/revisions"}],"wp:featuredmedia":[{"embeddable":true,"href":"http:\/\/denizcankizil.tr\/ru\/wp-json\/wp\/v2\/media\/15571"}],"wp:attachment":[{"href":"http:\/\/denizcankizil.tr\/ru\/wp-json\/wp\/v2\/media?parent=15570"}],"wp:term":[{"taxonomy":"category","embeddable":true,"href":"http:\/\/denizcankizil.tr\/ru\/wp-json\/wp\/v2\/categories?post=15570"},{"taxonomy":"post_tag","embeddable":true,"href":"http:\/\/denizcankizil.tr\/ru\/wp-json\/wp\/v2\/tags?post=15570"}],"curies":[{"name":"wp","href":"https:\/\/api.w.org\/{rel}","templated":true}]}}