{"id":15497,"date":"2024-11-11T09:42:31","date_gmt":"2024-11-11T06:42:31","guid":{"rendered":"https:\/\/denizcankizil.tr\/uncategorized-tr\/lara-sahili-ihalesi-yeniden-gundemde\/"},"modified":"2024-11-11T09:42:31","modified_gmt":"2024-11-11T06:42:31","slug":"lara-sahili-ihalesi-yeniden-gundemde","status":"publish","type":"post","link":"http:\/\/denizcankizil.tr\/ru\/haberler\/gundem\/lara-sahili-ihalesi-yeniden-gundemde\/","title":{"rendered":"Lara sahili ihalesi yeniden g\u00fcndemde!"},"content":{"rendered":"<p>Antalya B\u00fcy\u00fck\u015fehir Belediyesi Lara sahilindeki yakla\u015f\u0131k 178 bin metrekarelik araziyi 30 y\u0131ll\u0131\u011f\u0131na kiraya vermek i\u00e7in ihaleye \u00e7\u0131kacak. Kiralama ihalesiyle ilgili teklif, 11 Kas\u0131m Pazartesi g\u00fcn\u00fc yap\u0131lacak Meclis toplant\u0131s\u0131n\u0131n g\u00fcndeminde g\u00f6r\u00fc\u015f\u00fclecek maddeler aras\u0131nda yer ald\u0131. Daha \u00f6nce Aral\u0131k 2023 tarihinde meclis g\u00fcndemine al\u0131nan \u00f6neri, kamuoyundan gelen tepkiler \u00fczerine CHP grubunun teklifi ile geri \u00e7ekilmi\u015fti.\u00a0<\/p>\n<p>LARA SAH\u0130L BANDI 30 YILLI\u011eINA K\u0130RAYA VER\u0130LMEK \u0130STEN\u0130YOR<\/p>\n<p>Antalya K\u00f6rfez Gazetesi muhabiri Yusuf Yavuz&#8217;un haberine g\u00f6re; Antalya B\u00fcy\u00fck\u015fehir Belediyesi Muratpa\u015fa il\u00e7esi G\u00fczeloba Mahallesi s\u0131n\u0131rlar\u0131nda bulunan Lara sahil band\u0131n\u0131 30 y\u0131ll\u0131\u011f\u0131na kiralanmas\u0131 ihaleye \u00e7\u0131karmak istiyor. Konuyla ilgili teklif 11 Kas\u0131m 2024 tarihinde yap\u0131lacak olan meclis toplant\u0131s\u0131n\u0131n g\u00fcndemine al\u0131nd\u0131. S\u00f6z konusu teklif, g\u00fcndemin 70. maddesinde yer al\u0131yor.\u00a0 Antalya B\u00fcy\u00fck\u015fehir Belediyesi Emlak ve \u0130stimlak Dairesi Ba\u015fkanl\u0131\u011f\u0131\u2019n\u0131n 23 Ekim 2024 tarihli teklif yaz\u0131s\u0131nda, \u201cM\u00fclkiyeti Antalya B\u00fcy\u00fck\u015fehir Belediyemiz ad\u0131na kay\u0131tl\u0131 ilimiz Muratpa\u015fa \u0130l\u00e7esi, G\u00fczeloba Mahallesi 28023 ada 1, 28026 ada 1 ve 2, 28603 ada 2, 28604 ada 1, 28605 ada 1 ve 2, 28607 ada 1 \u00a0ile 28608 ada 1 parseller ile Antalya B\u00fcy\u00fck\u015fehir Belediyemizin hissedar\u0131 oldu\u011fu 2372, 2374 parseller ile 28024 ada 2 parsel say\u0131l\u0131 ta\u015f\u0131nmazlar\u0131n y\u00fcr\u00fcrl\u00fckteki imar plan\u0131 fonksiyonlar\u0131na uygun olarak projelendirilerek 5393 say\u0131l\u0131 Belediye Kanunu gere\u011fince 30 (otuz) y\u0131l s\u00fcreyle s\u0131n\u0131rl\u0131 ayni hak (\u00fcst hakk\u0131) tesis edilmek \u00fczere 2886 say\u0131l\u0131 Devlet \u0130hale Kanunu ve Antalya B\u00fcy\u00fck\u015fehir Belediyesi Ta\u015f\u0131nmazlar\u0131n\u0131n \u0130daresi hakk\u0131nda y\u00f6netmelik h\u00fck\u00fcmleri gere\u011fince ihalesinin ger\u00e7ekle\u015ftirilmesi i\u00e7in Antalya B\u00fcy\u00fck\u015fehir Belediye enc\u00fcmenine yetki verilmesi hususunun g\u00f6r\u00fc\u015f\u00fclerek karara ba\u011flanmak \u00fczere Antalya B\u00fcy\u00fck\u015fehir Belediye Meclisi\u2019ne havalesini arz ederim\u201d ifadelerine yer verildi.\u00a0<\/p>\n<p>ARALIK 2023\u2019TE G\u00dcNDEME GELM\u0130\u015e, TEPK\u0130LER \u00dcZER\u0130NE GER\u0130 \u00c7EK\u0130LM\u0130\u015eT\u0130<\/p>\n<p>Daha \u00f6nce Aral\u0131k 2023\u2019te yap\u0131lan meclis toplant\u0131s\u0131n\u0131n g\u00fcndemine al\u0131nan \u00f6neri, kamuoyundan gelen tepkiler \u00fczerine CHP grubunun teklifi ile geri \u00e7ekilmi\u015fti. \u0130haleye \u00e7\u0131kar\u0131lmak istenen araziler toplam 11 parselden olu\u015fuyor. M\u00fclkiyeti Antalya B\u00fcy\u00fck\u015fehir Belediyesi\u2019ne ait olan parsellerin toplam b\u00fcy\u00fckl\u00fc\u011f\u00fc 177.695 m2 oldu\u011fu belirtiliyor.\u00a0<\/p>\n<p>LARA\u2019DAK\u0130 KARAVAN PARK ALANI DA BELED\u0130YE \u015e\u0130RKET\u0130NE K\u0130RALANACAK<\/p>\n<p>\u00d6te yandan Lara sahilinde 28024 ada 2 parsel ile 28025 ada 1 parseller aras\u0131nda bulunan 8490 m2\u2019lik park ve kamping alan\u0131n\u0131n da B\u00fcy\u00fck\u015fehir Belediyesi \u015firketlerinden Antalya Sosyal A.\u015e\u2019ye i\u015fletmek\/i\u015flettirmek amac\u0131yla kiraya verilmesi i\u00e7in Meclis\u2019e \u00f6neri sunuldu. Meclis g\u00fcndeminin 71. Maddesinde yer alan ilgili teklif yaz\u0131s\u0131nda, s\u00f6z konusu parsellerin ilk y\u0131l kira bedeli 186 bin TL olarak belirlendi.\u00a0<\/p>\n<p>\u200bAntalya\u2019da yerel se\u00e7im \u00f6ncesinde g\u00fcndeme gelen ancak tepkiler \u00fczerine geri \u00e7ekilen Lara sahilinin ihaleyle kiralanmas\u0131 yeniden B\u00fcy\u00fck\u015fehir Belediye Meclisi\u2019nin g\u00fcndeminde\u2026\u00a0<\/p>\n<p>\u200bHaberin Al\u0131nt\u0131land\u0131\u011f\u0131 Kaynak: www.antalyakorfez.com<\/p>","protected":false},"excerpt":{"rendered":"<p>Antalya B\u00fcy\u00fck\u015fehir Belediyesi Lara sahilindeki yakla\u015f\u0131k 178 bin metrekarelik araziyi 30 y\u0131ll\u0131\u011f\u0131na kiraya vermek i\u00e7in ihaleye \u00e7\u0131kacak. Kiralama ihalesiyle ilgili teklif, 11 Kas\u0131m Pazartesi g\u00fcn\u00fc yap\u0131lacak Meclis toplant\u0131s\u0131n\u0131n g\u00fcndeminde g\u00f6r\u00fc\u015f\u00fclecek maddeler aras\u0131nda yer ald\u0131. Daha \u00f6nce Aral\u0131k 2023 tarihinde meclis g\u00fcndemine al\u0131nan \u00f6neri, kamuoyundan gelen tepkiler \u00fczerine CHP grubunun teklifi ile geri \u00e7ekilmi\u015fti.\u00a0 LARA SAH\u0130L BANDI 30 YILLI\u011eINA K\u0130RAYA VER\u0130LMEK \u0130STEN\u0130YOR Antalya K\u00f6rfez Gazetesi muhabiri Yusuf Yavuz&#8217;un haberine g\u00f6re; Antalya B\u00fcy\u00fck\u015fehir Belediyesi Muratpa\u015fa il\u00e7esi G\u00fczeloba Mahallesi s\u0131n\u0131rlar\u0131nda bulunan Lara sahil band\u0131n\u0131 30 y\u0131ll\u0131\u011f\u0131na kiralanmas\u0131 ihaleye \u00e7\u0131karmak istiyor. Konuyla ilgili teklif 11 Kas\u0131m 2024 tarihinde yap\u0131lacak olan meclis toplant\u0131s\u0131n\u0131n g\u00fcndemine al\u0131nd\u0131. S\u00f6z konusu teklif, g\u00fcndemin 70. maddesinde yer al\u0131yor.\u00a0 Antalya B\u00fcy\u00fck\u015fehir Belediyesi Emlak ve \u0130stimlak Dairesi Ba\u015fkanl\u0131\u011f\u0131\u2019n\u0131n 23 Ekim 2024 tarihli teklif yaz\u0131s\u0131nda, \u201cM\u00fclkiyeti Antalya B\u00fcy\u00fck\u015fehir Belediyemiz ad\u0131na kay\u0131tl\u0131 ilimiz Muratpa\u015fa \u0130l\u00e7esi, G\u00fczeloba Mahallesi 28023 ada 1, 28026 ada 1 ve 2, 28603 ada 2, 28604 ada 1, 28605 ada 1 ve 2, 28607 ada 1 \u00a0ile 28608 ada 1 parseller ile Antalya B\u00fcy\u00fck\u015fehir Belediyemizin hissedar\u0131 oldu\u011fu 2372, 2374 parseller ile 28024 ada 2 parsel say\u0131l\u0131 ta\u015f\u0131nmazlar\u0131n y\u00fcr\u00fcrl\u00fckteki imar plan\u0131 fonksiyonlar\u0131na uygun olarak projelendirilerek 5393 say\u0131l\u0131 Belediye Kanunu gere\u011fince 30 (otuz) y\u0131l s\u00fcreyle s\u0131n\u0131rl\u0131 ayni hak (\u00fcst hakk\u0131) tesis edilmek \u00fczere &hellip;<\/p>","protected":false},"author":0,"featured_media":0,"comment_status":"open","ping_status":"open","sticky":false,"template":"","format":"standard","meta":{"_acf_changed":false,"footnotes":""},"categories":[24,535],"tags":[],"class_list":["post-15497","post","type-post","status-publish","format-standard","has-post-thumbnail","hentry","category-gundem","category-uncategorized-tr"],"acf":[],"yoast_head":"<!-- This site is optimized with the Yoast SEO Premium plugin v26.6 (Yoast SEO v27.1.1) - https:\/\/yoast.com\/product\/yoast-seo-premium-wordpress\/ -->\n<title>Lara sahili ihalesi yeniden g\u00fcndemde! - Av. Deniz Can K\u0131z\u0131l<\/title>\n<meta name=\"robots\" content=\"index, follow, max-snippet:-1, max-image-preview:large, max-video-preview:-1\" \/>\n<link rel=\"canonical\" href=\"http:\/\/denizcankizil.tr\/ru\/haberler\/gundem\/lara-sahili-ihalesi-yeniden-gundemde\/\" \/>\n<meta property=\"og:locale\" content=\"ru_RU\" \/>\n<meta property=\"og:type\" content=\"article\" \/>\n<meta property=\"og:title\" content=\"Lara sahili ihalesi yeniden g\u00fcndemde!\" \/>\n<meta property=\"og:description\" content=\"Antalya B\u00fcy\u00fck\u015fehir Belediyesi Lara sahilindeki yakla\u015f\u0131k 178 bin metrekarelik araziyi 30 y\u0131ll\u0131\u011f\u0131na kiraya vermek i\u00e7in ihaleye \u00e7\u0131kacak. Kiralama ihalesiyle ilgili teklif, 11 Kas\u0131m Pazartesi g\u00fcn\u00fc yap\u0131lacak Meclis toplant\u0131s\u0131n\u0131n g\u00fcndeminde g\u00f6r\u00fc\u015f\u00fclecek maddeler aras\u0131nda yer ald\u0131. Daha \u00f6nce Aral\u0131k 2023 tarihinde meclis g\u00fcndemine al\u0131nan \u00f6neri, kamuoyundan gelen tepkiler \u00fczerine CHP grubunun teklifi ile geri \u00e7ekilmi\u015fti.\u00a0 LARA SAH\u0130L BANDI 30 YILLI\u011eINA K\u0130RAYA VER\u0130LMEK \u0130STEN\u0130YOR Antalya K\u00f6rfez Gazetesi muhabiri Yusuf Yavuz&#8217;un haberine g\u00f6re; Antalya B\u00fcy\u00fck\u015fehir Belediyesi Muratpa\u015fa il\u00e7esi G\u00fczeloba Mahallesi s\u0131n\u0131rlar\u0131nda bulunan Lara sahil band\u0131n\u0131 30 y\u0131ll\u0131\u011f\u0131na kiralanmas\u0131 ihaleye \u00e7\u0131karmak istiyor. Konuyla ilgili teklif 11 Kas\u0131m 2024 tarihinde yap\u0131lacak olan meclis toplant\u0131s\u0131n\u0131n g\u00fcndemine al\u0131nd\u0131. S\u00f6z konusu teklif, g\u00fcndemin 70. maddesinde yer al\u0131yor.\u00a0 Antalya B\u00fcy\u00fck\u015fehir Belediyesi Emlak ve \u0130stimlak Dairesi Ba\u015fkanl\u0131\u011f\u0131\u2019n\u0131n 23 Ekim 2024 tarihli teklif yaz\u0131s\u0131nda, \u201cM\u00fclkiyeti Antalya B\u00fcy\u00fck\u015fehir Belediyemiz ad\u0131na kay\u0131tl\u0131 ilimiz Muratpa\u015fa \u0130l\u00e7esi, G\u00fczeloba Mahallesi 28023 ada 1, 28026 ada 1 ve 2, 28603 ada 2, 28604 ada 1, 28605 ada 1 ve 2, 28607 ada 1 \u00a0ile 28608 ada 1 parseller ile Antalya B\u00fcy\u00fck\u015fehir Belediyemizin hissedar\u0131 oldu\u011fu 2372, 2374 parseller ile 28024 ada 2 parsel say\u0131l\u0131 ta\u015f\u0131nmazlar\u0131n y\u00fcr\u00fcrl\u00fckteki imar plan\u0131 fonksiyonlar\u0131na uygun olarak projelendirilerek 5393 say\u0131l\u0131 Belediye Kanunu gere\u011fince 30 (otuz) y\u0131l s\u00fcreyle s\u0131n\u0131rl\u0131 ayni hak (\u00fcst hakk\u0131) tesis edilmek \u00fczere &hellip;\" \/>\n<meta property=\"og:url\" content=\"http:\/\/denizcankizil.tr\/ru\/haberler\/gundem\/lara-sahili-ihalesi-yeniden-gundemde\/\" \/>\n<meta property=\"og:site_name\" content=\"Av. Deniz Can K\u0131z\u0131l\" \/>\n<meta property=\"article:published_time\" content=\"2024-11-11T06:42:31+00:00\" \/>\n<meta name=\"twitter:card\" content=\"summary_large_image\" \/>\n<meta name=\"twitter:label1\" content=\"\u041f\u0440\u0438\u043c\u0435\u0440\u043d\u043e\u0435 \u0432\u0440\u0435\u043c\u044f \u0434\u043b\u044f \u0447\u0442\u0435\u043d\u0438\u044f\" \/>\n\t<meta name=\"twitter:data1\" content=\"3 \u043c\u0438\u043d\u0443\u0442\u044b\" \/>\n<script type=\"application\/ld+json\" class=\"yoast-schema-graph\">{\"@context\":\"https:\/\/schema.org\",\"@graph\":[{\"@type\":\"Article\",\"@id\":\"http:\/\/denizcankizil.tr\/ru\/haberler\/gundem\/lara-sahili-ihalesi-yeniden-gundemde\/#article\",\"isPartOf\":{\"@id\":\"http:\/\/denizcankizil.tr\/ru\/haberler\/gundem\/lara-sahili-ihalesi-yeniden-gundemde\/\"},\"author\":{\"name\":\"\",\"@id\":\"\"},\"headline\":\"Lara sahili ihalesi yeniden g\u00fcndemde!\",\"datePublished\":\"2024-11-11T06:42:31+00:00\",\"mainEntityOfPage\":{\"@id\":\"http:\/\/denizcankizil.tr\/ru\/haberler\/gundem\/lara-sahili-ihalesi-yeniden-gundemde\/\"},\"wordCount\":509,\"commentCount\":0,\"publisher\":{\"@id\":\"https:\/\/denizcankizil.tr\/de\/#organization\"},\"articleSection\":[\"G\u00fcndem\",\"Uncategorized\"],\"inLanguage\":\"ru-RU\",\"potentialAction\":[{\"@type\":\"CommentAction\",\"name\":\"Comment\",\"target\":[\"http:\/\/denizcankizil.tr\/ru\/haberler\/gundem\/lara-sahili-ihalesi-yeniden-gundemde\/#respond\"]}]},{\"@type\":\"WebPage\",\"@id\":\"http:\/\/denizcankizil.tr\/ru\/haberler\/gundem\/lara-sahili-ihalesi-yeniden-gundemde\/\",\"url\":\"http:\/\/denizcankizil.tr\/ru\/haberler\/gundem\/lara-sahili-ihalesi-yeniden-gundemde\/\",\"name\":\"Lara sahili ihalesi yeniden g\u00fcndemde! - Av. Deniz Can K\u0131z\u0131l\",\"isPartOf\":{\"@id\":\"https:\/\/denizcankizil.tr\/de\/#website\"},\"datePublished\":\"2024-11-11T06:42:31+00:00\",\"breadcrumb\":{\"@id\":\"http:\/\/denizcankizil.tr\/ru\/haberler\/gundem\/lara-sahili-ihalesi-yeniden-gundemde\/#breadcrumb\"},\"inLanguage\":\"ru-RU\",\"potentialAction\":[{\"@type\":\"ReadAction\",\"target\":[\"http:\/\/denizcankizil.tr\/ru\/haberler\/gundem\/lara-sahili-ihalesi-yeniden-gundemde\/\"]}]},{\"@type\":\"BreadcrumbList\",\"@id\":\"http:\/\/denizcankizil.tr\/ru\/haberler\/gundem\/lara-sahili-ihalesi-yeniden-gundemde\/#breadcrumb\",\"itemListElement\":[{\"@type\":\"ListItem\",\"position\":1,\"name\":\"Home\",\"item\":\"https:\/\/denizcankizil.tr\/de\/\"},{\"@type\":\"ListItem\",\"position\":2,\"name\":\"Lara sahili ihalesi yeniden g\u00fcndemde!\"}]},{\"@type\":\"WebSite\",\"@id\":\"https:\/\/denizcankizil.tr\/de\/#website\",\"url\":\"https:\/\/denizcankizil.tr\/de\/\",\"name\":\"Av. Deniz Can K\u0131z\u0131l\",\"description\":\"Avukat Deniz Can K\u0131z\u0131l Antalya Barosu\",\"publisher\":{\"@id\":\"https:\/\/denizcankizil.tr\/de\/#organization\"},\"potentialAction\":[{\"@type\":\"SearchAction\",\"target\":{\"@type\":\"EntryPoint\",\"urlTemplate\":\"https:\/\/denizcankizil.tr\/de\/?s={search_term_string}\"},\"query-input\":{\"@type\":\"PropertyValueSpecification\",\"valueRequired\":true,\"valueName\":\"search_term_string\"}}],\"inLanguage\":\"ru-RU\"},{\"@type\":\"Organization\",\"@id\":\"https:\/\/denizcankizil.tr\/de\/#organization\",\"name\":\"Av. Deniz Can K\u0131z\u0131l\",\"url\":\"https:\/\/denizcankizil.tr\/de\/\",\"logo\":{\"@type\":\"ImageObject\",\"inLanguage\":\"ru-RU\",\"@id\":\"https:\/\/denizcankizil.tr\/de\/#\/schema\/logo\/image\/\",\"url\":\"http:\/\/denizcankizil.tr\/wp-content\/uploads\/2024\/10\/siyah-logo-svg.svg\",\"contentUrl\":\"http:\/\/denizcankizil.tr\/wp-content\/uploads\/2024\/10\/siyah-logo-svg.svg\",\"width\":1080,\"height\":1080,\"caption\":\"Av. Deniz Can K\u0131z\u0131l\"},\"image\":{\"@id\":\"https:\/\/denizcankizil.tr\/de\/#\/schema\/logo\/image\/\"}}]}<\/script>\n<!-- \/ Yoast SEO Premium plugin. -->","yoast_head_json":{"title":"Lara sahili ihalesi yeniden g\u00fcndemde! - Av. Deniz Can K\u0131z\u0131l","robots":{"index":"index","follow":"follow","max-snippet":"max-snippet:-1","max-image-preview":"max-image-preview:large","max-video-preview":"max-video-preview:-1"},"canonical":"http:\/\/denizcankizil.tr\/ru\/haberler\/gundem\/lara-sahili-ihalesi-yeniden-gundemde\/","og_locale":"ru_RU","og_type":"article","og_title":"Lara sahili ihalesi yeniden g\u00fcndemde!","og_description":"Antalya B\u00fcy\u00fck\u015fehir Belediyesi Lara sahilindeki yakla\u015f\u0131k 178 bin metrekarelik araziyi 30 y\u0131ll\u0131\u011f\u0131na kiraya vermek i\u00e7in ihaleye \u00e7\u0131kacak. Kiralama ihalesiyle ilgili teklif, 11 Kas\u0131m Pazartesi g\u00fcn\u00fc yap\u0131lacak Meclis toplant\u0131s\u0131n\u0131n g\u00fcndeminde g\u00f6r\u00fc\u015f\u00fclecek maddeler aras\u0131nda yer ald\u0131. Daha \u00f6nce Aral\u0131k 2023 tarihinde meclis g\u00fcndemine al\u0131nan \u00f6neri, kamuoyundan gelen tepkiler \u00fczerine CHP grubunun teklifi ile geri \u00e7ekilmi\u015fti.\u00a0 LARA SAH\u0130L BANDI 30 YILLI\u011eINA K\u0130RAYA VER\u0130LMEK \u0130STEN\u0130YOR Antalya K\u00f6rfez Gazetesi muhabiri Yusuf Yavuz&#8217;un haberine g\u00f6re; Antalya B\u00fcy\u00fck\u015fehir Belediyesi Muratpa\u015fa il\u00e7esi G\u00fczeloba Mahallesi s\u0131n\u0131rlar\u0131nda bulunan Lara sahil band\u0131n\u0131 30 y\u0131ll\u0131\u011f\u0131na kiralanmas\u0131 ihaleye \u00e7\u0131karmak istiyor. Konuyla ilgili teklif 11 Kas\u0131m 2024 tarihinde yap\u0131lacak olan meclis toplant\u0131s\u0131n\u0131n g\u00fcndemine al\u0131nd\u0131. S\u00f6z konusu teklif, g\u00fcndemin 70. maddesinde yer al\u0131yor.\u00a0 Antalya B\u00fcy\u00fck\u015fehir Belediyesi Emlak ve \u0130stimlak Dairesi Ba\u015fkanl\u0131\u011f\u0131\u2019n\u0131n 23 Ekim 2024 tarihli teklif yaz\u0131s\u0131nda, \u201cM\u00fclkiyeti Antalya B\u00fcy\u00fck\u015fehir Belediyemiz ad\u0131na kay\u0131tl\u0131 ilimiz Muratpa\u015fa \u0130l\u00e7esi, G\u00fczeloba Mahallesi 28023 ada 1, 28026 ada 1 ve 2, 28603 ada 2, 28604 ada 1, 28605 ada 1 ve 2, 28607 ada 1 \u00a0ile 28608 ada 1 parseller ile Antalya B\u00fcy\u00fck\u015fehir Belediyemizin hissedar\u0131 oldu\u011fu 2372, 2374 parseller ile 28024 ada 2 parsel say\u0131l\u0131 ta\u015f\u0131nmazlar\u0131n y\u00fcr\u00fcrl\u00fckteki imar plan\u0131 fonksiyonlar\u0131na uygun olarak projelendirilerek 5393 say\u0131l\u0131 Belediye Kanunu gere\u011fince 30 (otuz) y\u0131l s\u00fcreyle s\u0131n\u0131rl\u0131 ayni hak (\u00fcst hakk\u0131) tesis edilmek \u00fczere &hellip;","og_url":"http:\/\/denizcankizil.tr\/ru\/haberler\/gundem\/lara-sahili-ihalesi-yeniden-gundemde\/","og_site_name":"Av. Deniz Can K\u0131z\u0131l","article_published_time":"2024-11-11T06:42:31+00:00","twitter_card":"summary_large_image","twitter_misc":{"\u041f\u0440\u0438\u043c\u0435\u0440\u043d\u043e\u0435 \u0432\u0440\u0435\u043c\u044f \u0434\u043b\u044f \u0447\u0442\u0435\u043d\u0438\u044f":"3 \u043c\u0438\u043d\u0443\u0442\u044b"},"schema":{"@context":"https:\/\/schema.org","@graph":[{"@type":"Article","@id":"http:\/\/denizcankizil.tr\/ru\/haberler\/gundem\/lara-sahili-ihalesi-yeniden-gundemde\/#article","isPartOf":{"@id":"http:\/\/denizcankizil.tr\/ru\/haberler\/gundem\/lara-sahili-ihalesi-yeniden-gundemde\/"},"author":{"name":"","@id":""},"headline":"Lara sahili ihalesi yeniden g\u00fcndemde!","datePublished":"2024-11-11T06:42:31+00:00","mainEntityOfPage":{"@id":"http:\/\/denizcankizil.tr\/ru\/haberler\/gundem\/lara-sahili-ihalesi-yeniden-gundemde\/"},"wordCount":509,"commentCount":0,"publisher":{"@id":"https:\/\/denizcankizil.tr\/de\/#organization"},"articleSection":["G\u00fcndem","Uncategorized"],"inLanguage":"ru-RU","potentialAction":[{"@type":"CommentAction","name":"Comment","target":["http:\/\/denizcankizil.tr\/ru\/haberler\/gundem\/lara-sahili-ihalesi-yeniden-gundemde\/#respond"]}]},{"@type":"WebPage","@id":"http:\/\/denizcankizil.tr\/ru\/haberler\/gundem\/lara-sahili-ihalesi-yeniden-gundemde\/","url":"http:\/\/denizcankizil.tr\/ru\/haberler\/gundem\/lara-sahili-ihalesi-yeniden-gundemde\/","name":"Lara sahili ihalesi yeniden g\u00fcndemde! - Av. Deniz Can K\u0131z\u0131l","isPartOf":{"@id":"https:\/\/denizcankizil.tr\/de\/#website"},"datePublished":"2024-11-11T06:42:31+00:00","breadcrumb":{"@id":"http:\/\/denizcankizil.tr\/ru\/haberler\/gundem\/lara-sahili-ihalesi-yeniden-gundemde\/#breadcrumb"},"inLanguage":"ru-RU","potentialAction":[{"@type":"ReadAction","target":["http:\/\/denizcankizil.tr\/ru\/haberler\/gundem\/lara-sahili-ihalesi-yeniden-gundemde\/"]}]},{"@type":"BreadcrumbList","@id":"http:\/\/denizcankizil.tr\/ru\/haberler\/gundem\/lara-sahili-ihalesi-yeniden-gundemde\/#breadcrumb","itemListElement":[{"@type":"ListItem","position":1,"name":"Home","item":"https:\/\/denizcankizil.tr\/de\/"},{"@type":"ListItem","position":2,"name":"Lara sahili ihalesi yeniden g\u00fcndemde!"}]},{"@type":"WebSite","@id":"https:\/\/denizcankizil.tr\/de\/#website","url":"https:\/\/denizcankizil.tr\/de\/","name":"Av. Deniz Can K\u0131z\u0131l","description":"Avukat Deniz Can K\u0131z\u0131l Antalya Barosu","publisher":{"@id":"https:\/\/denizcankizil.tr\/de\/#organization"},"potentialAction":[{"@type":"SearchAction","target":{"@type":"EntryPoint","urlTemplate":"https:\/\/denizcankizil.tr\/de\/?s={search_term_string}"},"query-input":{"@type":"PropertyValueSpecification","valueRequired":true,"valueName":"search_term_string"}}],"inLanguage":"ru-RU"},{"@type":"Organization","@id":"https:\/\/denizcankizil.tr\/de\/#organization","name":"Av. Deniz Can K\u0131z\u0131l","url":"https:\/\/denizcankizil.tr\/de\/","logo":{"@type":"ImageObject","inLanguage":"ru-RU","@id":"https:\/\/denizcankizil.tr\/de\/#\/schema\/logo\/image\/","url":"http:\/\/denizcankizil.tr\/wp-content\/uploads\/2024\/10\/siyah-logo-svg.svg","contentUrl":"http:\/\/denizcankizil.tr\/wp-content\/uploads\/2024\/10\/siyah-logo-svg.svg","width":1080,"height":1080,"caption":"Av. Deniz Can K\u0131z\u0131l"},"image":{"@id":"https:\/\/denizcankizil.tr\/de\/#\/schema\/logo\/image\/"}}]}},"_links":{"self":[{"href":"http:\/\/denizcankizil.tr\/ru\/wp-json\/wp\/v2\/posts\/15497","targetHints":{"allow":["GET"]}}],"collection":[{"href":"http:\/\/denizcankizil.tr\/ru\/wp-json\/wp\/v2\/posts"}],"about":[{"href":"http:\/\/denizcankizil.tr\/ru\/wp-json\/wp\/v2\/types\/post"}],"replies":[{"embeddable":true,"href":"http:\/\/denizcankizil.tr\/ru\/wp-json\/wp\/v2\/comments?post=15497"}],"version-history":[{"count":0,"href":"http:\/\/denizcankizil.tr\/ru\/wp-json\/wp\/v2\/posts\/15497\/revisions"}],"wp:attachment":[{"href":"http:\/\/denizcankizil.tr\/ru\/wp-json\/wp\/v2\/media?parent=15497"}],"wp:term":[{"taxonomy":"category","embeddable":true,"href":"http:\/\/denizcankizil.tr\/ru\/wp-json\/wp\/v2\/categories?post=15497"},{"taxonomy":"post_tag","embeddable":true,"href":"http:\/\/denizcankizil.tr\/ru\/wp-json\/wp\/v2\/tags?post=15497"}],"curies":[{"name":"wp","href":"https:\/\/api.w.org\/{rel}","templated":true}]}}