{"id":152611,"date":"2025-07-21T10:43:21","date_gmt":"2025-07-21T07:43:21","guid":{"rendered":"https:\/\/denizcankizil.tr\/uncategorized-tr\/irmaga-dusen-topu-almak-icin-suya-atlayan-ozgur-kayboldu\/"},"modified":"2025-07-21T10:43:21","modified_gmt":"2025-07-21T07:43:21","slug":"irmaga-dusen-topu-almak-icin-suya-atlayan-ozgur-kayboldu","status":"publish","type":"post","link":"http:\/\/denizcankizil.tr\/ru\/haberler\/antalya\/irmaga-dusen-topu-almak-icin-suya-atlayan-ozgur-kayboldu\/","title":{"rendered":"Irma\u011fa D\u00fc\u015fen Topu Almak \u0130\u00e7in Suya Atlayan \u00d6zg\u00fcr Kayboldu"},"content":{"rendered":"<p>ANTALYA&#8217;n\u0131n Serik il\u00e7esinde d\u00fcn ailesi ile piknik yaparken \u0131rma\u011fa ka\u00e7an topun pe\u015finden suya atlayan \u00d6zg\u00fcr Y\u0131ld\u0131r\u0131m (15), ak\u0131nt\u0131ya kap\u0131l\u0131p kayboldu. B\u00f6lgeye sevk edilen ekipler, Y\u0131ld\u0131r\u0131m\u2019\u0131 ar\u0131yor.<\/p>\n<p>Olay, d\u00fcn saat 20.00 s\u0131ralar\u0131nda meydana geldi. Serik il\u00e7esi Sar\u0131abal\u0131 Mahallesi \u015eahintepesi mesire alan\u0131na ailesi ile pikni\u011fe giden \u00d6zg\u00fcr Y\u0131ld\u0131r\u0131m, \u0131rma\u011fa ka\u00e7an topu almak i\u00e7in suya atlad\u0131. Ak\u0131nt\u0131ya kap\u0131lan Y\u0131ld\u0131r\u0131m, k\u0131sa s\u00fcre sonra g\u00f6zden kayboldu. \u0130hbar \u00fczerine adrese jandarma, itfaiye, Jandarma Sualt\u0131 Arama ve Kurtarma ile AFAD ekipleri sevk edildi. D\u00fcn yap\u0131lan aramalardan sonu\u00e7 al\u0131namad\u0131. Havan\u0131n kararmas\u0131yla birlikte \u00e7al\u0131\u015fmalara ara verildi.<\/p>\n<p>Ekipler, bug\u00fcn saat 07.00 s\u0131ralar\u0131nda arama \u00e7al\u0131\u015fmalar\u0131na yeniden ba\u015flad\u0131. Y\u0131ld\u0131r\u0131m&#8217;\u0131n Serik il\u00e7esi K\u00f6kez Mahallesi\u2019nde ikamet etti\u011fi \u00f6\u011frenildi.<\/p>\n<p>Kaynak: www.kanalv.com.tr Haber Sitesinden Al\u0131nm\u0131\u015ft\u0131r.<\/p>","protected":false},"excerpt":{"rendered":"<p>ANTALYA&#8217;n\u0131n Serik il\u00e7esinde d\u00fcn ailesi ile piknik yaparken \u0131rma\u011fa ka\u00e7an topun pe\u015finden suya atlayan \u00d6zg\u00fcr Y\u0131ld\u0131r\u0131m (15), ak\u0131nt\u0131ya kap\u0131l\u0131p kayboldu. B\u00f6lgeye sevk edilen ekipler, Y\u0131ld\u0131r\u0131m\u2019\u0131 ar\u0131yor. Olay, d\u00fcn saat 20.00 s\u0131ralar\u0131nda meydana geldi. Serik il\u00e7esi Sar\u0131abal\u0131 Mahallesi \u015eahintepesi mesire alan\u0131na ailesi ile pikni\u011fe giden \u00d6zg\u00fcr Y\u0131ld\u0131r\u0131m, \u0131rma\u011fa ka\u00e7an topu almak i\u00e7in suya atlad\u0131. Ak\u0131nt\u0131ya kap\u0131lan Y\u0131ld\u0131r\u0131m, k\u0131sa s\u00fcre sonra g\u00f6zden kayboldu. \u0130hbar \u00fczerine adrese jandarma, itfaiye, Jandarma Sualt\u0131 Arama ve Kurtarma ile AFAD ekipleri sevk edildi. D\u00fcn yap\u0131lan aramalardan sonu\u00e7 al\u0131namad\u0131. Havan\u0131n kararmas\u0131yla birlikte \u00e7al\u0131\u015fmalara ara verildi. Ekipler, bug\u00fcn saat 07.00 s\u0131ralar\u0131nda arama \u00e7al\u0131\u015fmalar\u0131na yeniden ba\u015flad\u0131. Y\u0131ld\u0131r\u0131m&#8217;\u0131n Serik il\u00e7esi K\u00f6kez Mahallesi\u2019nde ikamet etti\u011fi \u00f6\u011frenildi. Kaynak: www.kanalv.com.tr Haber Sitesinden Al\u0131nm\u0131\u015ft\u0131r.<\/p>","protected":false},"author":4,"featured_media":152612,"comment_status":"","ping_status":"open","sticky":false,"template":"","format":"standard","meta":{"_acf_changed":false,"footnotes":""},"categories":[26],"tags":[],"class_list":["post-152611","post","type-post","status-publish","format-standard","has-post-thumbnail","hentry","category-antalya"],"acf":[],"yoast_head":"<!-- This site is optimized with the Yoast SEO Premium plugin v26.6 (Yoast SEO v27.1.1) - https:\/\/yoast.com\/product\/yoast-seo-premium-wordpress\/ -->\n<title>Irma\u011fa D\u00fc\u015fen Topu Almak \u0130\u00e7in Suya Atlayan \u00d6zg\u00fcr Kayboldu - Av. Deniz Can K\u0131z\u0131l<\/title>\n<meta name=\"robots\" content=\"index, follow, max-snippet:-1, max-image-preview:large, max-video-preview:-1\" \/>\n<link rel=\"canonical\" href=\"http:\/\/denizcankizil.tr\/ru\/haberler\/antalya\/irmaga-dusen-topu-almak-icin-suya-atlayan-ozgur-kayboldu\/\" \/>\n<meta property=\"og:locale\" content=\"ru_RU\" \/>\n<meta property=\"og:type\" content=\"article\" \/>\n<meta property=\"og:title\" content=\"Irma\u011fa D\u00fc\u015fen Topu Almak \u0130\u00e7in Suya Atlayan \u00d6zg\u00fcr Kayboldu\" \/>\n<meta property=\"og:description\" content=\"ANTALYA&#8217;n\u0131n Serik il\u00e7esinde d\u00fcn ailesi ile piknik yaparken \u0131rma\u011fa ka\u00e7an topun pe\u015finden suya atlayan \u00d6zg\u00fcr Y\u0131ld\u0131r\u0131m (15), ak\u0131nt\u0131ya kap\u0131l\u0131p kayboldu. B\u00f6lgeye sevk edilen ekipler, Y\u0131ld\u0131r\u0131m\u2019\u0131 ar\u0131yor. Olay, d\u00fcn saat 20.00 s\u0131ralar\u0131nda meydana geldi. Serik il\u00e7esi Sar\u0131abal\u0131 Mahallesi \u015eahintepesi mesire alan\u0131na ailesi ile pikni\u011fe giden \u00d6zg\u00fcr Y\u0131ld\u0131r\u0131m, \u0131rma\u011fa ka\u00e7an topu almak i\u00e7in suya atlad\u0131. Ak\u0131nt\u0131ya kap\u0131lan Y\u0131ld\u0131r\u0131m, k\u0131sa s\u00fcre sonra g\u00f6zden kayboldu. \u0130hbar \u00fczerine adrese jandarma, itfaiye, Jandarma Sualt\u0131 Arama ve Kurtarma ile AFAD ekipleri sevk edildi. D\u00fcn yap\u0131lan aramalardan sonu\u00e7 al\u0131namad\u0131. Havan\u0131n kararmas\u0131yla birlikte \u00e7al\u0131\u015fmalara ara verildi. Ekipler, bug\u00fcn saat 07.00 s\u0131ralar\u0131nda arama \u00e7al\u0131\u015fmalar\u0131na yeniden ba\u015flad\u0131. Y\u0131ld\u0131r\u0131m&#8217;\u0131n Serik il\u00e7esi K\u00f6kez Mahallesi\u2019nde ikamet etti\u011fi \u00f6\u011frenildi. Kaynak: www.kanalv.com.tr Haber Sitesinden Al\u0131nm\u0131\u015ft\u0131r.\" \/>\n<meta property=\"og:url\" content=\"http:\/\/denizcankizil.tr\/ru\/haberler\/antalya\/irmaga-dusen-topu-almak-icin-suya-atlayan-ozgur-kayboldu\/\" \/>\n<meta property=\"og:site_name\" content=\"Av. Deniz Can K\u0131z\u0131l\" \/>\n<meta property=\"article:published_time\" content=\"2025-07-21T07:43:21+00:00\" \/>\n<meta property=\"og:image\" content=\"http:\/\/denizcankizil.tr\/wp-content\/uploads\/2025\/07\/i-r-m-a-g-a-d-u-s-e-n-t-o-p-u-a-l-m-a-k-i-c-i-n-s-u-y-a-a-t-l-a-y-a-824034-244159-7Us8AR.jpg\" \/>\n\t<meta property=\"og:image:width\" content=\"1280\" \/>\n\t<meta property=\"og:image:height\" content=\"720\" \/>\n\t<meta property=\"og:image:type\" content=\"image\/jpeg\" \/>\n<meta name=\"author\" content=\"Av. Deniz Can K\u0131z\u0131l\" \/>\n<meta name=\"twitter:card\" content=\"summary_large_image\" \/>\n<meta name=\"twitter:label1\" content=\"\u041d\u0430\u043f\u0438\u0441\u0430\u043d\u043e \u0430\u0432\u0442\u043e\u0440\u043e\u043c\" \/>\n\t<meta name=\"twitter:data1\" content=\"Av. Deniz Can K\u0131z\u0131l\" \/>\n\t<meta name=\"twitter:label2\" content=\"\u041f\u0440\u0438\u043c\u0435\u0440\u043d\u043e\u0435 \u0432\u0440\u0435\u043c\u044f \u0434\u043b\u044f \u0447\u0442\u0435\u043d\u0438\u044f\" \/>\n\t<meta name=\"twitter:data2\" content=\"1 \u043c\u0438\u043d\u0443\u0442\u0430\" \/>\n<script type=\"application\/ld+json\" class=\"yoast-schema-graph\">{\"@context\":\"https:\/\/schema.org\",\"@graph\":[{\"@type\":\"Article\",\"@id\":\"http:\/\/denizcankizil.tr\/ru\/haberler\/antalya\/irmaga-dusen-topu-almak-icin-suya-atlayan-ozgur-kayboldu\/#article\",\"isPartOf\":{\"@id\":\"http:\/\/denizcankizil.tr\/ru\/haberler\/antalya\/irmaga-dusen-topu-almak-icin-suya-atlayan-ozgur-kayboldu\/\"},\"author\":{\"name\":\"Av. Deniz Can K\u0131z\u0131l\",\"@id\":\"https:\/\/denizcankizil.tr\/#\/schema\/person\/5dc1b22991bd7ac833867c10afc9b0ff\"},\"headline\":\"Irma\u011fa D\u00fc\u015fen Topu Almak \u0130\u00e7in Suya Atlayan \u00d6zg\u00fcr Kayboldu\",\"datePublished\":\"2025-07-21T07:43:21+00:00\",\"mainEntityOfPage\":{\"@id\":\"http:\/\/denizcankizil.tr\/ru\/haberler\/antalya\/irmaga-dusen-topu-almak-icin-suya-atlayan-ozgur-kayboldu\/\"},\"wordCount\":187,\"publisher\":{\"@id\":\"https:\/\/denizcankizil.tr\/#organization\"},\"image\":{\"@id\":\"http:\/\/denizcankizil.tr\/ru\/haberler\/antalya\/irmaga-dusen-topu-almak-icin-suya-atlayan-ozgur-kayboldu\/#primaryimage\"},\"thumbnailUrl\":\"http:\/\/denizcankizil.tr\/wp-content\/uploads\/2025\/07\/i-r-m-a-g-a-d-u-s-e-n-t-o-p-u-a-l-m-a-k-i-c-i-n-s-u-y-a-a-t-l-a-y-a-824034-244159-7Us8AR.jpg\",\"articleSection\":[\"Antalya\"],\"inLanguage\":\"ru-RU\"},{\"@type\":\"WebPage\",\"@id\":\"http:\/\/denizcankizil.tr\/ru\/haberler\/antalya\/irmaga-dusen-topu-almak-icin-suya-atlayan-ozgur-kayboldu\/\",\"url\":\"http:\/\/denizcankizil.tr\/ru\/haberler\/antalya\/irmaga-dusen-topu-almak-icin-suya-atlayan-ozgur-kayboldu\/\",\"name\":\"Irma\u011fa D\u00fc\u015fen Topu Almak \u0130\u00e7in Suya Atlayan \u00d6zg\u00fcr Kayboldu - Av. Deniz Can K\u0131z\u0131l\",\"isPartOf\":{\"@id\":\"https:\/\/denizcankizil.tr\/#website\"},\"primaryImageOfPage\":{\"@id\":\"http:\/\/denizcankizil.tr\/ru\/haberler\/antalya\/irmaga-dusen-topu-almak-icin-suya-atlayan-ozgur-kayboldu\/#primaryimage\"},\"image\":{\"@id\":\"http:\/\/denizcankizil.tr\/ru\/haberler\/antalya\/irmaga-dusen-topu-almak-icin-suya-atlayan-ozgur-kayboldu\/#primaryimage\"},\"thumbnailUrl\":\"http:\/\/denizcankizil.tr\/wp-content\/uploads\/2025\/07\/i-r-m-a-g-a-d-u-s-e-n-t-o-p-u-a-l-m-a-k-i-c-i-n-s-u-y-a-a-t-l-a-y-a-824034-244159-7Us8AR.jpg\",\"datePublished\":\"2025-07-21T07:43:21+00:00\",\"breadcrumb\":{\"@id\":\"http:\/\/denizcankizil.tr\/ru\/haberler\/antalya\/irmaga-dusen-topu-almak-icin-suya-atlayan-ozgur-kayboldu\/#breadcrumb\"},\"inLanguage\":\"ru-RU\",\"potentialAction\":[{\"@type\":\"ReadAction\",\"target\":[\"http:\/\/denizcankizil.tr\/ru\/haberler\/antalya\/irmaga-dusen-topu-almak-icin-suya-atlayan-ozgur-kayboldu\/\"]}]},{\"@type\":\"ImageObject\",\"inLanguage\":\"ru-RU\",\"@id\":\"http:\/\/denizcankizil.tr\/ru\/haberler\/antalya\/irmaga-dusen-topu-almak-icin-suya-atlayan-ozgur-kayboldu\/#primaryimage\",\"url\":\"http:\/\/denizcankizil.tr\/wp-content\/uploads\/2025\/07\/i-r-m-a-g-a-d-u-s-e-n-t-o-p-u-a-l-m-a-k-i-c-i-n-s-u-y-a-a-t-l-a-y-a-824034-244159-7Us8AR.jpg\",\"contentUrl\":\"http:\/\/denizcankizil.tr\/wp-content\/uploads\/2025\/07\/i-r-m-a-g-a-d-u-s-e-n-t-o-p-u-a-l-m-a-k-i-c-i-n-s-u-y-a-a-t-l-a-y-a-824034-244159-7Us8AR.jpg\",\"width\":1280,\"height\":720},{\"@type\":\"BreadcrumbList\",\"@id\":\"http:\/\/denizcankizil.tr\/ru\/haberler\/antalya\/irmaga-dusen-topu-almak-icin-suya-atlayan-ozgur-kayboldu\/#breadcrumb\",\"itemListElement\":[{\"@type\":\"ListItem\",\"position\":1,\"name\":\"Home\",\"item\":\"https:\/\/denizcankizil.tr\/uk\/\"},{\"@type\":\"ListItem\",\"position\":2,\"name\":\"Irma\u011fa D\u00fc\u015fen Topu Almak \u0130\u00e7in Suya Atlayan \u00d6zg\u00fcr Kayboldu\"}]},{\"@type\":\"WebSite\",\"@id\":\"https:\/\/denizcankizil.tr\/#website\",\"url\":\"https:\/\/denizcankizil.tr\/\",\"name\":\"Av. Deniz Can K\u0131z\u0131l\",\"description\":\"Avukat Deniz Can K\u0131z\u0131l Antalya Barosu\",\"publisher\":{\"@id\":\"https:\/\/denizcankizil.tr\/#organization\"},\"potentialAction\":[{\"@type\":\"SearchAction\",\"target\":{\"@type\":\"EntryPoint\",\"urlTemplate\":\"https:\/\/denizcankizil.tr\/?s={search_term_string}\"},\"query-input\":{\"@type\":\"PropertyValueSpecification\",\"valueRequired\":true,\"valueName\":\"search_term_string\"}}],\"inLanguage\":\"ru-RU\"},{\"@type\":\"Organization\",\"@id\":\"https:\/\/denizcankizil.tr\/#organization\",\"name\":\"Av. Deniz Can K\u0131z\u0131l\",\"url\":\"https:\/\/denizcankizil.tr\/\",\"logo\":{\"@type\":\"ImageObject\",\"inLanguage\":\"ru-RU\",\"@id\":\"https:\/\/denizcankizil.tr\/#\/schema\/logo\/image\/\",\"url\":\"http:\/\/denizcankizil.tr\/wp-content\/uploads\/2024\/10\/siyah-logo-svg.svg\",\"contentUrl\":\"http:\/\/denizcankizil.tr\/wp-content\/uploads\/2024\/10\/siyah-logo-svg.svg\",\"width\":1080,\"height\":1080,\"caption\":\"Av. Deniz Can K\u0131z\u0131l\"},\"image\":{\"@id\":\"https:\/\/denizcankizil.tr\/#\/schema\/logo\/image\/\"}},{\"@type\":\"Person\",\"@id\":\"https:\/\/denizcankizil.tr\/#\/schema\/person\/5dc1b22991bd7ac833867c10afc9b0ff\",\"name\":\"Av. Deniz Can K\u0131z\u0131l\",\"image\":{\"@type\":\"ImageObject\",\"inLanguage\":\"ru-RU\",\"@id\":\"https:\/\/denizcankizil.tr\/#\/schema\/person\/image\/\",\"url\":\"https:\/\/secure.gravatar.com\/avatar\/a0b128fb9855c79efc976d5640eedb31dc35ec297594d6016d2cf7c60e975bb6?s=96&d=mm&r=g\",\"contentUrl\":\"https:\/\/secure.gravatar.com\/avatar\/a0b128fb9855c79efc976d5640eedb31dc35ec297594d6016d2cf7c60e975bb6?s=96&d=mm&r=g\",\"caption\":\"Av. Deniz Can K\u0131z\u0131l\"},\"sameAs\":[\"http:\/\/www.denizcankizil.tr\"],\"url\":\"http:\/\/denizcankizil.tr\/ru\/author\/denizcankizil\/\"}]}<\/script>\n<!-- \/ Yoast SEO Premium plugin. -->","yoast_head_json":{"title":"Irma\u011fa D\u00fc\u015fen Topu Almak \u0130\u00e7in Suya Atlayan \u00d6zg\u00fcr Kayboldu - Av. Deniz Can K\u0131z\u0131l","robots":{"index":"index","follow":"follow","max-snippet":"max-snippet:-1","max-image-preview":"max-image-preview:large","max-video-preview":"max-video-preview:-1"},"canonical":"http:\/\/denizcankizil.tr\/ru\/haberler\/antalya\/irmaga-dusen-topu-almak-icin-suya-atlayan-ozgur-kayboldu\/","og_locale":"ru_RU","og_type":"article","og_title":"Irma\u011fa D\u00fc\u015fen Topu Almak \u0130\u00e7in Suya Atlayan \u00d6zg\u00fcr Kayboldu","og_description":"ANTALYA&#8217;n\u0131n Serik il\u00e7esinde d\u00fcn ailesi ile piknik yaparken \u0131rma\u011fa ka\u00e7an topun pe\u015finden suya atlayan \u00d6zg\u00fcr Y\u0131ld\u0131r\u0131m (15), ak\u0131nt\u0131ya kap\u0131l\u0131p kayboldu. B\u00f6lgeye sevk edilen ekipler, Y\u0131ld\u0131r\u0131m\u2019\u0131 ar\u0131yor. Olay, d\u00fcn saat 20.00 s\u0131ralar\u0131nda meydana geldi. Serik il\u00e7esi Sar\u0131abal\u0131 Mahallesi \u015eahintepesi mesire alan\u0131na ailesi ile pikni\u011fe giden \u00d6zg\u00fcr Y\u0131ld\u0131r\u0131m, \u0131rma\u011fa ka\u00e7an topu almak i\u00e7in suya atlad\u0131. Ak\u0131nt\u0131ya kap\u0131lan Y\u0131ld\u0131r\u0131m, k\u0131sa s\u00fcre sonra g\u00f6zden kayboldu. \u0130hbar \u00fczerine adrese jandarma, itfaiye, Jandarma Sualt\u0131 Arama ve Kurtarma ile AFAD ekipleri sevk edildi. D\u00fcn yap\u0131lan aramalardan sonu\u00e7 al\u0131namad\u0131. Havan\u0131n kararmas\u0131yla birlikte \u00e7al\u0131\u015fmalara ara verildi. Ekipler, bug\u00fcn saat 07.00 s\u0131ralar\u0131nda arama \u00e7al\u0131\u015fmalar\u0131na yeniden ba\u015flad\u0131. Y\u0131ld\u0131r\u0131m&#8217;\u0131n Serik il\u00e7esi K\u00f6kez Mahallesi\u2019nde ikamet etti\u011fi \u00f6\u011frenildi. Kaynak: www.kanalv.com.tr Haber Sitesinden Al\u0131nm\u0131\u015ft\u0131r.","og_url":"http:\/\/denizcankizil.tr\/ru\/haberler\/antalya\/irmaga-dusen-topu-almak-icin-suya-atlayan-ozgur-kayboldu\/","og_site_name":"Av. Deniz Can K\u0131z\u0131l","article_published_time":"2025-07-21T07:43:21+00:00","og_image":[{"width":1280,"height":720,"url":"http:\/\/denizcankizil.tr\/wp-content\/uploads\/2025\/07\/i-r-m-a-g-a-d-u-s-e-n-t-o-p-u-a-l-m-a-k-i-c-i-n-s-u-y-a-a-t-l-a-y-a-824034-244159-7Us8AR.jpg","type":"image\/jpeg"}],"author":"Av. Deniz Can K\u0131z\u0131l","twitter_card":"summary_large_image","twitter_misc":{"\u041d\u0430\u043f\u0438\u0441\u0430\u043d\u043e \u0430\u0432\u0442\u043e\u0440\u043e\u043c":"Av. Deniz Can K\u0131z\u0131l","\u041f\u0440\u0438\u043c\u0435\u0440\u043d\u043e\u0435 \u0432\u0440\u0435\u043c\u044f \u0434\u043b\u044f \u0447\u0442\u0435\u043d\u0438\u044f":"1 \u043c\u0438\u043d\u0443\u0442\u0430"},"schema":{"@context":"https:\/\/schema.org","@graph":[{"@type":"Article","@id":"http:\/\/denizcankizil.tr\/ru\/haberler\/antalya\/irmaga-dusen-topu-almak-icin-suya-atlayan-ozgur-kayboldu\/#article","isPartOf":{"@id":"http:\/\/denizcankizil.tr\/ru\/haberler\/antalya\/irmaga-dusen-topu-almak-icin-suya-atlayan-ozgur-kayboldu\/"},"author":{"name":"Av. Deniz Can K\u0131z\u0131l","@id":"https:\/\/denizcankizil.tr\/#\/schema\/person\/5dc1b22991bd7ac833867c10afc9b0ff"},"headline":"Irma\u011fa D\u00fc\u015fen Topu Almak \u0130\u00e7in Suya Atlayan \u00d6zg\u00fcr Kayboldu","datePublished":"2025-07-21T07:43:21+00:00","mainEntityOfPage":{"@id":"http:\/\/denizcankizil.tr\/ru\/haberler\/antalya\/irmaga-dusen-topu-almak-icin-suya-atlayan-ozgur-kayboldu\/"},"wordCount":187,"publisher":{"@id":"https:\/\/denizcankizil.tr\/#organization"},"image":{"@id":"http:\/\/denizcankizil.tr\/ru\/haberler\/antalya\/irmaga-dusen-topu-almak-icin-suya-atlayan-ozgur-kayboldu\/#primaryimage"},"thumbnailUrl":"http:\/\/denizcankizil.tr\/wp-content\/uploads\/2025\/07\/i-r-m-a-g-a-d-u-s-e-n-t-o-p-u-a-l-m-a-k-i-c-i-n-s-u-y-a-a-t-l-a-y-a-824034-244159-7Us8AR.jpg","articleSection":["Antalya"],"inLanguage":"ru-RU"},{"@type":"WebPage","@id":"http:\/\/denizcankizil.tr\/ru\/haberler\/antalya\/irmaga-dusen-topu-almak-icin-suya-atlayan-ozgur-kayboldu\/","url":"http:\/\/denizcankizil.tr\/ru\/haberler\/antalya\/irmaga-dusen-topu-almak-icin-suya-atlayan-ozgur-kayboldu\/","name":"Irma\u011fa D\u00fc\u015fen Topu Almak \u0130\u00e7in Suya Atlayan \u00d6zg\u00fcr Kayboldu - Av. Deniz Can K\u0131z\u0131l","isPartOf":{"@id":"https:\/\/denizcankizil.tr\/#website"},"primaryImageOfPage":{"@id":"http:\/\/denizcankizil.tr\/ru\/haberler\/antalya\/irmaga-dusen-topu-almak-icin-suya-atlayan-ozgur-kayboldu\/#primaryimage"},"image":{"@id":"http:\/\/denizcankizil.tr\/ru\/haberler\/antalya\/irmaga-dusen-topu-almak-icin-suya-atlayan-ozgur-kayboldu\/#primaryimage"},"thumbnailUrl":"http:\/\/denizcankizil.tr\/wp-content\/uploads\/2025\/07\/i-r-m-a-g-a-d-u-s-e-n-t-o-p-u-a-l-m-a-k-i-c-i-n-s-u-y-a-a-t-l-a-y-a-824034-244159-7Us8AR.jpg","datePublished":"2025-07-21T07:43:21+00:00","breadcrumb":{"@id":"http:\/\/denizcankizil.tr\/ru\/haberler\/antalya\/irmaga-dusen-topu-almak-icin-suya-atlayan-ozgur-kayboldu\/#breadcrumb"},"inLanguage":"ru-RU","potentialAction":[{"@type":"ReadAction","target":["http:\/\/denizcankizil.tr\/ru\/haberler\/antalya\/irmaga-dusen-topu-almak-icin-suya-atlayan-ozgur-kayboldu\/"]}]},{"@type":"ImageObject","inLanguage":"ru-RU","@id":"http:\/\/denizcankizil.tr\/ru\/haberler\/antalya\/irmaga-dusen-topu-almak-icin-suya-atlayan-ozgur-kayboldu\/#primaryimage","url":"http:\/\/denizcankizil.tr\/wp-content\/uploads\/2025\/07\/i-r-m-a-g-a-d-u-s-e-n-t-o-p-u-a-l-m-a-k-i-c-i-n-s-u-y-a-a-t-l-a-y-a-824034-244159-7Us8AR.jpg","contentUrl":"http:\/\/denizcankizil.tr\/wp-content\/uploads\/2025\/07\/i-r-m-a-g-a-d-u-s-e-n-t-o-p-u-a-l-m-a-k-i-c-i-n-s-u-y-a-a-t-l-a-y-a-824034-244159-7Us8AR.jpg","width":1280,"height":720},{"@type":"BreadcrumbList","@id":"http:\/\/denizcankizil.tr\/ru\/haberler\/antalya\/irmaga-dusen-topu-almak-icin-suya-atlayan-ozgur-kayboldu\/#breadcrumb","itemListElement":[{"@type":"ListItem","position":1,"name":"Home","item":"https:\/\/denizcankizil.tr\/uk\/"},{"@type":"ListItem","position":2,"name":"Irma\u011fa D\u00fc\u015fen Topu Almak \u0130\u00e7in Suya Atlayan \u00d6zg\u00fcr Kayboldu"}]},{"@type":"WebSite","@id":"https:\/\/denizcankizil.tr\/#website","url":"https:\/\/denizcankizil.tr\/","name":"Av. Deniz Can K\u0131z\u0131l","description":"Avukat Deniz Can K\u0131z\u0131l Antalya Barosu","publisher":{"@id":"https:\/\/denizcankizil.tr\/#organization"},"potentialAction":[{"@type":"SearchAction","target":{"@type":"EntryPoint","urlTemplate":"https:\/\/denizcankizil.tr\/?s={search_term_string}"},"query-input":{"@type":"PropertyValueSpecification","valueRequired":true,"valueName":"search_term_string"}}],"inLanguage":"ru-RU"},{"@type":"Organization","@id":"https:\/\/denizcankizil.tr\/#organization","name":"Av. Deniz Can K\u0131z\u0131l","url":"https:\/\/denizcankizil.tr\/","logo":{"@type":"ImageObject","inLanguage":"ru-RU","@id":"https:\/\/denizcankizil.tr\/#\/schema\/logo\/image\/","url":"http:\/\/denizcankizil.tr\/wp-content\/uploads\/2024\/10\/siyah-logo-svg.svg","contentUrl":"http:\/\/denizcankizil.tr\/wp-content\/uploads\/2024\/10\/siyah-logo-svg.svg","width":1080,"height":1080,"caption":"Av. Deniz Can K\u0131z\u0131l"},"image":{"@id":"https:\/\/denizcankizil.tr\/#\/schema\/logo\/image\/"}},{"@type":"Person","@id":"https:\/\/denizcankizil.tr\/#\/schema\/person\/5dc1b22991bd7ac833867c10afc9b0ff","name":"Av. Deniz Can K\u0131z\u0131l","image":{"@type":"ImageObject","inLanguage":"ru-RU","@id":"https:\/\/denizcankizil.tr\/#\/schema\/person\/image\/","url":"https:\/\/secure.gravatar.com\/avatar\/a0b128fb9855c79efc976d5640eedb31dc35ec297594d6016d2cf7c60e975bb6?s=96&d=mm&r=g","contentUrl":"https:\/\/secure.gravatar.com\/avatar\/a0b128fb9855c79efc976d5640eedb31dc35ec297594d6016d2cf7c60e975bb6?s=96&d=mm&r=g","caption":"Av. Deniz Can K\u0131z\u0131l"},"sameAs":["http:\/\/www.denizcankizil.tr"],"url":"http:\/\/denizcankizil.tr\/ru\/author\/denizcankizil\/"}]}},"_links":{"self":[{"href":"http:\/\/denizcankizil.tr\/ru\/wp-json\/wp\/v2\/posts\/152611","targetHints":{"allow":["GET"]}}],"collection":[{"href":"http:\/\/denizcankizil.tr\/ru\/wp-json\/wp\/v2\/posts"}],"about":[{"href":"http:\/\/denizcankizil.tr\/ru\/wp-json\/wp\/v2\/types\/post"}],"author":[{"embeddable":true,"href":"http:\/\/denizcankizil.tr\/ru\/wp-json\/wp\/v2\/users\/4"}],"replies":[{"embeddable":true,"href":"http:\/\/denizcankizil.tr\/ru\/wp-json\/wp\/v2\/comments?post=152611"}],"version-history":[{"count":0,"href":"http:\/\/denizcankizil.tr\/ru\/wp-json\/wp\/v2\/posts\/152611\/revisions"}],"wp:featuredmedia":[{"embeddable":true,"href":"http:\/\/denizcankizil.tr\/ru\/wp-json\/wp\/v2\/media\/152612"}],"wp:attachment":[{"href":"http:\/\/denizcankizil.tr\/ru\/wp-json\/wp\/v2\/media?parent=152611"}],"wp:term":[{"taxonomy":"category","embeddable":true,"href":"http:\/\/denizcankizil.tr\/ru\/wp-json\/wp\/v2\/categories?post=152611"},{"taxonomy":"post_tag","embeddable":true,"href":"http:\/\/denizcankizil.tr\/ru\/wp-json\/wp\/v2\/tags?post=152611"}],"curies":[{"name":"wp","href":"https:\/\/api.w.org\/{rel}","templated":true}]}}