{"id":15178,"date":"2024-11-10T14:41:35","date_gmt":"2024-11-10T11:41:35","guid":{"rendered":"https:\/\/denizcankizil.tr\/uncategorized-tr\/buyuk-onderimizi-saygi-sevgi-ve-ozlemle-aniyoruz\/"},"modified":"2024-11-10T14:41:35","modified_gmt":"2024-11-10T11:41:35","slug":"buyuk-onderimizi-saygi-sevgi-ve-ozlemle-aniyoruz","status":"publish","type":"post","link":"http:\/\/denizcankizil.tr\/ru\/haberler\/gundem\/buyuk-onderimizi-saygi-sevgi-ve-ozlemle-aniyoruz\/","title":{"rendered":"B\u00fcy\u00fck \u00d6nderimizi Sayg\u0131, Sevgi ve \u00d6zlemle An\u0131yoruz"},"content":{"rendered":"<p>T\u00fcrkiye Cumhuriyeti&#8217;nin kurucusu Gazi Mustafa Kemal Atat\u00fcrk, ebediyete intikalinin 86\u2019nc\u0131 y\u0131l\u0131nda Alia\u011fa\u2019da d\u00fczenlenen t\u00f6ren ve programla an\u0131ld\u0131.<\/p>\n<p>\u200bT\u00fcrkiye Cumhuriyeti&#8217;nin kurucusu Gazi Mustafa Kemal Atat\u00fcrk, ebediyete intikalinin 86\u2019nc\u0131 y\u0131l\u0131nda Alia\u011fa\u2019da d\u00fczenlenen t\u00f6ren ve programla an\u0131ld\u0131.\u00a0<\/p>\n<p>\u200bHaberin Al\u0131nt\u0131land\u0131\u011f\u0131 Kaynak: www.iskenderun.org<\/p>","protected":false},"excerpt":{"rendered":"<p>T\u00fcrkiye Cumhuriyeti&#8217;nin kurucusu Gazi Mustafa Kemal Atat\u00fcrk, ebediyete intikalinin 86\u2019nc\u0131 y\u0131l\u0131nda Alia\u011fa\u2019da d\u00fczenlenen t\u00f6ren ve programla an\u0131ld\u0131. \u200bT\u00fcrkiye Cumhuriyeti&#8217;nin kurucusu Gazi Mustafa Kemal Atat\u00fcrk, ebediyete intikalinin 86\u2019nc\u0131 y\u0131l\u0131nda Alia\u011fa\u2019da d\u00fczenlenen t\u00f6ren ve programla an\u0131ld\u0131.\u00a0 \u200bHaberin Al\u0131nt\u0131land\u0131\u011f\u0131 Kaynak: www.iskenderun.org<\/p>","protected":false},"author":0,"featured_media":0,"comment_status":"open","ping_status":"open","sticky":false,"template":"","format":"standard","meta":{"_acf_changed":false,"footnotes":""},"categories":[24,535],"tags":[],"class_list":["post-15178","post","type-post","status-publish","format-standard","has-post-thumbnail","hentry","category-gundem","category-uncategorized-tr"],"acf":[],"yoast_head":"<!-- This site is optimized with the Yoast SEO Premium plugin v26.6 (Yoast SEO v27.1.1) - https:\/\/yoast.com\/product\/yoast-seo-premium-wordpress\/ -->\n<title>B\u00fcy\u00fck \u00d6nderimizi Sayg\u0131, Sevgi ve \u00d6zlemle An\u0131yoruz - Av. Deniz Can K\u0131z\u0131l<\/title>\n<meta name=\"robots\" content=\"index, follow, max-snippet:-1, max-image-preview:large, max-video-preview:-1\" \/>\n<link rel=\"canonical\" href=\"http:\/\/denizcankizil.tr\/ru\/haberler\/gundem\/buyuk-onderimizi-saygi-sevgi-ve-ozlemle-aniyoruz\/\" \/>\n<meta property=\"og:locale\" content=\"ru_RU\" \/>\n<meta property=\"og:type\" content=\"article\" \/>\n<meta property=\"og:title\" content=\"B\u00fcy\u00fck \u00d6nderimizi Sayg\u0131, Sevgi ve \u00d6zlemle An\u0131yoruz\" \/>\n<meta property=\"og:description\" content=\"T\u00fcrkiye Cumhuriyeti&#8217;nin kurucusu Gazi Mustafa Kemal Atat\u00fcrk, ebediyete intikalinin 86\u2019nc\u0131 y\u0131l\u0131nda Alia\u011fa\u2019da d\u00fczenlenen t\u00f6ren ve programla an\u0131ld\u0131. \u200bT\u00fcrkiye Cumhuriyeti&#8217;nin kurucusu Gazi Mustafa Kemal Atat\u00fcrk, ebediyete intikalinin 86\u2019nc\u0131 y\u0131l\u0131nda Alia\u011fa\u2019da d\u00fczenlenen t\u00f6ren ve programla an\u0131ld\u0131.\u00a0 \u200bHaberin Al\u0131nt\u0131land\u0131\u011f\u0131 Kaynak: www.iskenderun.org\" \/>\n<meta property=\"og:url\" content=\"http:\/\/denizcankizil.tr\/ru\/haberler\/gundem\/buyuk-onderimizi-saygi-sevgi-ve-ozlemle-aniyoruz\/\" \/>\n<meta property=\"og:site_name\" content=\"Av. Deniz Can K\u0131z\u0131l\" \/>\n<meta property=\"article:published_time\" content=\"2024-11-10T11:41:35+00:00\" \/>\n<meta name=\"twitter:card\" content=\"summary_large_image\" \/>\n<script type=\"application\/ld+json\" class=\"yoast-schema-graph\">{\"@context\":\"https:\/\/schema.org\",\"@graph\":[{\"@type\":\"Article\",\"@id\":\"http:\/\/denizcankizil.tr\/ru\/haberler\/gundem\/buyuk-onderimizi-saygi-sevgi-ve-ozlemle-aniyoruz\/#article\",\"isPartOf\":{\"@id\":\"http:\/\/denizcankizil.tr\/ru\/haberler\/gundem\/buyuk-onderimizi-saygi-sevgi-ve-ozlemle-aniyoruz\/\"},\"author\":{\"name\":\"\",\"@id\":\"\"},\"headline\":\"B\u00fcy\u00fck \u00d6nderimizi Sayg\u0131, Sevgi ve \u00d6zlemle An\u0131yoruz\",\"datePublished\":\"2024-11-10T11:41:35+00:00\",\"mainEntityOfPage\":{\"@id\":\"http:\/\/denizcankizil.tr\/ru\/haberler\/gundem\/buyuk-onderimizi-saygi-sevgi-ve-ozlemle-aniyoruz\/\"},\"wordCount\":72,\"commentCount\":0,\"publisher\":{\"@id\":\"https:\/\/denizcankizil.tr\/de\/#organization\"},\"articleSection\":[\"G\u00fcndem\",\"Uncategorized\"],\"inLanguage\":\"ru-RU\",\"potentialAction\":[{\"@type\":\"CommentAction\",\"name\":\"Comment\",\"target\":[\"http:\/\/denizcankizil.tr\/ru\/haberler\/gundem\/buyuk-onderimizi-saygi-sevgi-ve-ozlemle-aniyoruz\/#respond\"]}]},{\"@type\":\"WebPage\",\"@id\":\"http:\/\/denizcankizil.tr\/ru\/haberler\/gundem\/buyuk-onderimizi-saygi-sevgi-ve-ozlemle-aniyoruz\/\",\"url\":\"http:\/\/denizcankizil.tr\/ru\/haberler\/gundem\/buyuk-onderimizi-saygi-sevgi-ve-ozlemle-aniyoruz\/\",\"name\":\"B\u00fcy\u00fck \u00d6nderimizi Sayg\u0131, Sevgi ve \u00d6zlemle An\u0131yoruz - Av. Deniz Can K\u0131z\u0131l\",\"isPartOf\":{\"@id\":\"https:\/\/denizcankizil.tr\/de\/#website\"},\"datePublished\":\"2024-11-10T11:41:35+00:00\",\"breadcrumb\":{\"@id\":\"http:\/\/denizcankizil.tr\/ru\/haberler\/gundem\/buyuk-onderimizi-saygi-sevgi-ve-ozlemle-aniyoruz\/#breadcrumb\"},\"inLanguage\":\"ru-RU\",\"potentialAction\":[{\"@type\":\"ReadAction\",\"target\":[\"http:\/\/denizcankizil.tr\/ru\/haberler\/gundem\/buyuk-onderimizi-saygi-sevgi-ve-ozlemle-aniyoruz\/\"]}]},{\"@type\":\"BreadcrumbList\",\"@id\":\"http:\/\/denizcankizil.tr\/ru\/haberler\/gundem\/buyuk-onderimizi-saygi-sevgi-ve-ozlemle-aniyoruz\/#breadcrumb\",\"itemListElement\":[{\"@type\":\"ListItem\",\"position\":1,\"name\":\"Home\",\"item\":\"https:\/\/denizcankizil.tr\/de\/\"},{\"@type\":\"ListItem\",\"position\":2,\"name\":\"B\u00fcy\u00fck \u00d6nderimizi Sayg\u0131, Sevgi ve \u00d6zlemle An\u0131yoruz\"}]},{\"@type\":\"WebSite\",\"@id\":\"https:\/\/denizcankizil.tr\/de\/#website\",\"url\":\"https:\/\/denizcankizil.tr\/de\/\",\"name\":\"Av. Deniz Can K\u0131z\u0131l\",\"description\":\"Avukat Deniz Can K\u0131z\u0131l Antalya Barosu\",\"publisher\":{\"@id\":\"https:\/\/denizcankizil.tr\/de\/#organization\"},\"potentialAction\":[{\"@type\":\"SearchAction\",\"target\":{\"@type\":\"EntryPoint\",\"urlTemplate\":\"https:\/\/denizcankizil.tr\/de\/?s={search_term_string}\"},\"query-input\":{\"@type\":\"PropertyValueSpecification\",\"valueRequired\":true,\"valueName\":\"search_term_string\"}}],\"inLanguage\":\"ru-RU\"},{\"@type\":\"Organization\",\"@id\":\"https:\/\/denizcankizil.tr\/de\/#organization\",\"name\":\"Av. Deniz Can K\u0131z\u0131l\",\"url\":\"https:\/\/denizcankizil.tr\/de\/\",\"logo\":{\"@type\":\"ImageObject\",\"inLanguage\":\"ru-RU\",\"@id\":\"https:\/\/denizcankizil.tr\/de\/#\/schema\/logo\/image\/\",\"url\":\"http:\/\/denizcankizil.tr\/wp-content\/uploads\/2024\/10\/siyah-logo-svg.svg\",\"contentUrl\":\"http:\/\/denizcankizil.tr\/wp-content\/uploads\/2024\/10\/siyah-logo-svg.svg\",\"width\":1080,\"height\":1080,\"caption\":\"Av. Deniz Can K\u0131z\u0131l\"},\"image\":{\"@id\":\"https:\/\/denizcankizil.tr\/de\/#\/schema\/logo\/image\/\"}}]}<\/script>\n<!-- \/ Yoast SEO Premium plugin. -->","yoast_head_json":{"title":"B\u00fcy\u00fck \u00d6nderimizi Sayg\u0131, Sevgi ve \u00d6zlemle An\u0131yoruz - Av. Deniz Can K\u0131z\u0131l","robots":{"index":"index","follow":"follow","max-snippet":"max-snippet:-1","max-image-preview":"max-image-preview:large","max-video-preview":"max-video-preview:-1"},"canonical":"http:\/\/denizcankizil.tr\/ru\/haberler\/gundem\/buyuk-onderimizi-saygi-sevgi-ve-ozlemle-aniyoruz\/","og_locale":"ru_RU","og_type":"article","og_title":"B\u00fcy\u00fck \u00d6nderimizi Sayg\u0131, Sevgi ve \u00d6zlemle An\u0131yoruz","og_description":"T\u00fcrkiye Cumhuriyeti&#8217;nin kurucusu Gazi Mustafa Kemal Atat\u00fcrk, ebediyete intikalinin 86\u2019nc\u0131 y\u0131l\u0131nda Alia\u011fa\u2019da d\u00fczenlenen t\u00f6ren ve programla an\u0131ld\u0131. \u200bT\u00fcrkiye Cumhuriyeti&#8217;nin kurucusu Gazi Mustafa Kemal Atat\u00fcrk, ebediyete intikalinin 86\u2019nc\u0131 y\u0131l\u0131nda Alia\u011fa\u2019da d\u00fczenlenen t\u00f6ren ve programla an\u0131ld\u0131.\u00a0 \u200bHaberin Al\u0131nt\u0131land\u0131\u011f\u0131 Kaynak: www.iskenderun.org","og_url":"http:\/\/denizcankizil.tr\/ru\/haberler\/gundem\/buyuk-onderimizi-saygi-sevgi-ve-ozlemle-aniyoruz\/","og_site_name":"Av. Deniz Can K\u0131z\u0131l","article_published_time":"2024-11-10T11:41:35+00:00","twitter_card":"summary_large_image","schema":{"@context":"https:\/\/schema.org","@graph":[{"@type":"Article","@id":"http:\/\/denizcankizil.tr\/ru\/haberler\/gundem\/buyuk-onderimizi-saygi-sevgi-ve-ozlemle-aniyoruz\/#article","isPartOf":{"@id":"http:\/\/denizcankizil.tr\/ru\/haberler\/gundem\/buyuk-onderimizi-saygi-sevgi-ve-ozlemle-aniyoruz\/"},"author":{"name":"","@id":""},"headline":"B\u00fcy\u00fck \u00d6nderimizi Sayg\u0131, Sevgi ve \u00d6zlemle An\u0131yoruz","datePublished":"2024-11-10T11:41:35+00:00","mainEntityOfPage":{"@id":"http:\/\/denizcankizil.tr\/ru\/haberler\/gundem\/buyuk-onderimizi-saygi-sevgi-ve-ozlemle-aniyoruz\/"},"wordCount":72,"commentCount":0,"publisher":{"@id":"https:\/\/denizcankizil.tr\/de\/#organization"},"articleSection":["G\u00fcndem","Uncategorized"],"inLanguage":"ru-RU","potentialAction":[{"@type":"CommentAction","name":"Comment","target":["http:\/\/denizcankizil.tr\/ru\/haberler\/gundem\/buyuk-onderimizi-saygi-sevgi-ve-ozlemle-aniyoruz\/#respond"]}]},{"@type":"WebPage","@id":"http:\/\/denizcankizil.tr\/ru\/haberler\/gundem\/buyuk-onderimizi-saygi-sevgi-ve-ozlemle-aniyoruz\/","url":"http:\/\/denizcankizil.tr\/ru\/haberler\/gundem\/buyuk-onderimizi-saygi-sevgi-ve-ozlemle-aniyoruz\/","name":"B\u00fcy\u00fck \u00d6nderimizi Sayg\u0131, Sevgi ve \u00d6zlemle An\u0131yoruz - Av. Deniz Can K\u0131z\u0131l","isPartOf":{"@id":"https:\/\/denizcankizil.tr\/de\/#website"},"datePublished":"2024-11-10T11:41:35+00:00","breadcrumb":{"@id":"http:\/\/denizcankizil.tr\/ru\/haberler\/gundem\/buyuk-onderimizi-saygi-sevgi-ve-ozlemle-aniyoruz\/#breadcrumb"},"inLanguage":"ru-RU","potentialAction":[{"@type":"ReadAction","target":["http:\/\/denizcankizil.tr\/ru\/haberler\/gundem\/buyuk-onderimizi-saygi-sevgi-ve-ozlemle-aniyoruz\/"]}]},{"@type":"BreadcrumbList","@id":"http:\/\/denizcankizil.tr\/ru\/haberler\/gundem\/buyuk-onderimizi-saygi-sevgi-ve-ozlemle-aniyoruz\/#breadcrumb","itemListElement":[{"@type":"ListItem","position":1,"name":"Home","item":"https:\/\/denizcankizil.tr\/de\/"},{"@type":"ListItem","position":2,"name":"B\u00fcy\u00fck \u00d6nderimizi Sayg\u0131, Sevgi ve \u00d6zlemle An\u0131yoruz"}]},{"@type":"WebSite","@id":"https:\/\/denizcankizil.tr\/de\/#website","url":"https:\/\/denizcankizil.tr\/de\/","name":"Av. Deniz Can K\u0131z\u0131l","description":"Avukat Deniz Can K\u0131z\u0131l Antalya Barosu","publisher":{"@id":"https:\/\/denizcankizil.tr\/de\/#organization"},"potentialAction":[{"@type":"SearchAction","target":{"@type":"EntryPoint","urlTemplate":"https:\/\/denizcankizil.tr\/de\/?s={search_term_string}"},"query-input":{"@type":"PropertyValueSpecification","valueRequired":true,"valueName":"search_term_string"}}],"inLanguage":"ru-RU"},{"@type":"Organization","@id":"https:\/\/denizcankizil.tr\/de\/#organization","name":"Av. Deniz Can K\u0131z\u0131l","url":"https:\/\/denizcankizil.tr\/de\/","logo":{"@type":"ImageObject","inLanguage":"ru-RU","@id":"https:\/\/denizcankizil.tr\/de\/#\/schema\/logo\/image\/","url":"http:\/\/denizcankizil.tr\/wp-content\/uploads\/2024\/10\/siyah-logo-svg.svg","contentUrl":"http:\/\/denizcankizil.tr\/wp-content\/uploads\/2024\/10\/siyah-logo-svg.svg","width":1080,"height":1080,"caption":"Av. Deniz Can K\u0131z\u0131l"},"image":{"@id":"https:\/\/denizcankizil.tr\/de\/#\/schema\/logo\/image\/"}}]}},"_links":{"self":[{"href":"http:\/\/denizcankizil.tr\/ru\/wp-json\/wp\/v2\/posts\/15178","targetHints":{"allow":["GET"]}}],"collection":[{"href":"http:\/\/denizcankizil.tr\/ru\/wp-json\/wp\/v2\/posts"}],"about":[{"href":"http:\/\/denizcankizil.tr\/ru\/wp-json\/wp\/v2\/types\/post"}],"replies":[{"embeddable":true,"href":"http:\/\/denizcankizil.tr\/ru\/wp-json\/wp\/v2\/comments?post=15178"}],"version-history":[{"count":0,"href":"http:\/\/denizcankizil.tr\/ru\/wp-json\/wp\/v2\/posts\/15178\/revisions"}],"wp:attachment":[{"href":"http:\/\/denizcankizil.tr\/ru\/wp-json\/wp\/v2\/media?parent=15178"}],"wp:term":[{"taxonomy":"category","embeddable":true,"href":"http:\/\/denizcankizil.tr\/ru\/wp-json\/wp\/v2\/categories?post=15178"},{"taxonomy":"post_tag","embeddable":true,"href":"http:\/\/denizcankizil.tr\/ru\/wp-json\/wp\/v2\/tags?post=15178"}],"curies":[{"name":"wp","href":"https:\/\/api.w.org\/{rel}","templated":true}]}}