{"id":151042,"date":"2025-07-19T20:41:16","date_gmt":"2025-07-19T17:41:16","guid":{"rendered":"https:\/\/denizcankizil.tr\/uncategorized-tr\/merhum-atso-baskani-ali-bahar-mezari-basinda-dualarla-anildi\/"},"modified":"2025-07-19T20:41:16","modified_gmt":"2025-07-19T17:41:16","slug":"merhum-atso-baskani-ali-bahar-mezari-basinda-dualarla-anildi","status":"publish","type":"post","link":"http:\/\/denizcankizil.tr\/ru\/haberler\/gundem\/merhum-atso-baskani-ali-bahar-mezari-basinda-dualarla-anildi\/","title":{"rendered":"Merhum ATSO Ba\u015fkan\u0131 Ali Bahar mezar\u0131 ba\u015f\u0131nda dualarla an\u0131ld\u0131"},"content":{"rendered":"<p>Antalya\u2019n\u0131n Kemer il\u00e7esinde ge\u00e7ti\u011fimiz y\u0131l arkada\u015flar\u0131yla beraber tekne turuna \u00e7\u0131kan ve burada ge\u00e7irdi\u011fi bir kaza sonucu hayat\u0131n\u0131 kaybeden ATSO ve AOSB Ba\u015fkan\u0131 Ali Bahar \u00f6l\u00fcm y\u0131l d\u00f6n\u00fcm\u00fcnde mezar\u0131 ba\u015f\u0131nda an\u0131ld\u0131. Bahar ailesinin ev sahipli\u011finde d\u00fczenlenen anma program\u0131 Uncal\u0131 Mezarl\u0131\u011f\u0131&#8217;nda yap\u0131ld\u0131. Anmaya Ali Bahar&#8217;\u0131n e\u015fi \u015eebnem Bahar, annesi Melek Bahar ve o\u011flu Tibet Bahar, ailenin yak\u0131nlar\u0131 ile Muratpa\u015fa Belediye Ba\u015fkan\u0131 \u00dcmit Uysal, ATSO Meclis Ba\u015fkan\u0131 Ahmet \u00d6zt\u00fcrk, ATSO Ba\u015fkan\u0131 Yusuf Hac\u0131s\u00fcleyman, Antalya Ticaret Borsas\u0131 Ba\u015fkan\u0131 Ali \u00c7and\u0131r, Antalya OSB Ba\u015fkan\u0131 Hasanali G\u00f6nen ve eski Kepez Belediye Ba\u015fkan\u0131 Hakan T\u00fct\u00fcnc\u00fc ile ATSO y\u00f6netim kurulu \u00fcyeleri, meclis \u00fcyeleri, i\u015f insanlar\u0131 ve Ali Bahar&#8217;\u0131n sevenleri kat\u0131ld\u0131.<\/p>\n<p>AL\u0130 BAHAR DUALARLA ANILDI<\/p>\n<p>Kat\u0131l\u0131mc\u0131lar Ali Bahar&#8217;\u0131n kabri ba\u015f\u0131nda Kuran-\u0131 Kerim tilaveti dinledi ve dua etti. Aile taraf\u0131ndan yap\u0131lan bilgilendirmede, \u00e7i\u00e7ek ya da \u00e7elenk g\u00f6nderimi yerine Ali Bahar&#8217;\u0131n ad\u0131n\u0131 ya\u015fatmak ad\u0131na, Ali Bahar Antalya Organize Sanayi B\u00f6lgesi Teknik Koleji&#8217;ne ba\u011f\u0131\u015fta bulunulmas\u0131 \u00e7a\u011fr\u0131s\u0131 yap\u0131ld\u0131.<\/p>\n<p>\u200bAntalya\u2019n\u0131n Kemer il\u00e7esinde ge\u00e7ti\u011fimiz y\u0131l ge\u00e7irdi\u011fi tekne kazas\u0131 sonucu hayat\u0131n\u0131 kaybeden Antalya Ticaret ve Sanayi Odas\u0131 (ATSO) Ba\u015fkan\u0131 Ali Bahar, vefat\u0131n\u0131n birinci y\u0131l\u0131nda mezar\u0131 ba\u015f\u0131nda dualarla an\u0131ld\u0131.\u00a0<\/p>\n<p>\u200bHaberin Al\u0131nt\u0131land\u0131\u011f\u0131 Kaynak: www.antalyakorfez.com<\/p>","protected":false},"excerpt":{"rendered":"<p>Antalya\u2019n\u0131n Kemer il\u00e7esinde ge\u00e7ti\u011fimiz y\u0131l arkada\u015flar\u0131yla beraber tekne turuna \u00e7\u0131kan ve burada ge\u00e7irdi\u011fi bir kaza sonucu hayat\u0131n\u0131 kaybeden ATSO ve AOSB Ba\u015fkan\u0131 Ali Bahar \u00f6l\u00fcm y\u0131l d\u00f6n\u00fcm\u00fcnde mezar\u0131 ba\u015f\u0131nda an\u0131ld\u0131. Bahar ailesinin ev sahipli\u011finde d\u00fczenlenen anma program\u0131 Uncal\u0131 Mezarl\u0131\u011f\u0131&#8217;nda yap\u0131ld\u0131. Anmaya Ali Bahar&#8217;\u0131n e\u015fi \u015eebnem Bahar, annesi Melek Bahar ve o\u011flu Tibet Bahar, ailenin yak\u0131nlar\u0131 ile Muratpa\u015fa Belediye Ba\u015fkan\u0131 \u00dcmit Uysal, ATSO Meclis Ba\u015fkan\u0131 Ahmet \u00d6zt\u00fcrk, ATSO Ba\u015fkan\u0131 Yusuf Hac\u0131s\u00fcleyman, Antalya Ticaret Borsas\u0131 Ba\u015fkan\u0131 Ali \u00c7and\u0131r, Antalya OSB Ba\u015fkan\u0131 Hasanali G\u00f6nen ve eski Kepez Belediye Ba\u015fkan\u0131 Hakan T\u00fct\u00fcnc\u00fc ile ATSO y\u00f6netim kurulu \u00fcyeleri, meclis \u00fcyeleri, i\u015f insanlar\u0131 ve Ali Bahar&#8217;\u0131n sevenleri kat\u0131ld\u0131. AL\u0130 BAHAR DUALARLA ANILDI Kat\u0131l\u0131mc\u0131lar Ali Bahar&#8217;\u0131n kabri ba\u015f\u0131nda Kuran-\u0131 Kerim tilaveti dinledi ve dua etti. Aile taraf\u0131ndan yap\u0131lan bilgilendirmede, \u00e7i\u00e7ek ya da \u00e7elenk g\u00f6nderimi yerine Ali Bahar&#8217;\u0131n ad\u0131n\u0131 ya\u015fatmak ad\u0131na, Ali Bahar Antalya Organize Sanayi B\u00f6lgesi Teknik Koleji&#8217;ne ba\u011f\u0131\u015fta bulunulmas\u0131 \u00e7a\u011fr\u0131s\u0131 yap\u0131ld\u0131. \u200bAntalya\u2019n\u0131n Kemer il\u00e7esinde ge\u00e7ti\u011fimiz y\u0131l ge\u00e7irdi\u011fi tekne kazas\u0131 sonucu hayat\u0131n\u0131 kaybeden Antalya Ticaret ve Sanayi Odas\u0131 (ATSO) Ba\u015fkan\u0131 Ali Bahar, vefat\u0131n\u0131n birinci y\u0131l\u0131nda mezar\u0131 ba\u015f\u0131nda dualarla an\u0131ld\u0131.\u00a0 \u200bHaberin Al\u0131nt\u0131land\u0131\u011f\u0131 Kaynak: www.antalyakorfez.com<\/p>","protected":false},"author":5,"featured_media":0,"comment_status":"","ping_status":"open","sticky":false,"template":"","format":"standard","meta":{"_acf_changed":false,"footnotes":""},"categories":[24],"tags":[],"class_list":["post-151042","post","type-post","status-publish","format-standard","has-post-thumbnail","hentry","category-gundem"],"acf":[],"yoast_head":"<!-- This site is optimized with the Yoast SEO Premium plugin v26.6 (Yoast SEO v27.1.1) - https:\/\/yoast.com\/product\/yoast-seo-premium-wordpress\/ -->\n<title>Merhum ATSO Ba\u015fkan\u0131 Ali Bahar mezar\u0131 ba\u015f\u0131nda dualarla an\u0131ld\u0131 - Av. Deniz Can K\u0131z\u0131l<\/title>\n<meta name=\"robots\" content=\"index, follow, max-snippet:-1, max-image-preview:large, max-video-preview:-1\" \/>\n<link rel=\"canonical\" href=\"http:\/\/denizcankizil.tr\/ru\/haberler\/gundem\/merhum-atso-baskani-ali-bahar-mezari-basinda-dualarla-anildi\/\" \/>\n<meta property=\"og:locale\" content=\"ru_RU\" \/>\n<meta property=\"og:type\" content=\"article\" \/>\n<meta property=\"og:title\" content=\"Merhum ATSO Ba\u015fkan\u0131 Ali Bahar mezar\u0131 ba\u015f\u0131nda dualarla an\u0131ld\u0131\" \/>\n<meta property=\"og:description\" content=\"Antalya\u2019n\u0131n Kemer il\u00e7esinde ge\u00e7ti\u011fimiz y\u0131l arkada\u015flar\u0131yla beraber tekne turuna \u00e7\u0131kan ve burada ge\u00e7irdi\u011fi bir kaza sonucu hayat\u0131n\u0131 kaybeden ATSO ve AOSB Ba\u015fkan\u0131 Ali Bahar \u00f6l\u00fcm y\u0131l d\u00f6n\u00fcm\u00fcnde mezar\u0131 ba\u015f\u0131nda an\u0131ld\u0131. Bahar ailesinin ev sahipli\u011finde d\u00fczenlenen anma program\u0131 Uncal\u0131 Mezarl\u0131\u011f\u0131&#8217;nda yap\u0131ld\u0131. Anmaya Ali Bahar&#8217;\u0131n e\u015fi \u015eebnem Bahar, annesi Melek Bahar ve o\u011flu Tibet Bahar, ailenin yak\u0131nlar\u0131 ile Muratpa\u015fa Belediye Ba\u015fkan\u0131 \u00dcmit Uysal, ATSO Meclis Ba\u015fkan\u0131 Ahmet \u00d6zt\u00fcrk, ATSO Ba\u015fkan\u0131 Yusuf Hac\u0131s\u00fcleyman, Antalya Ticaret Borsas\u0131 Ba\u015fkan\u0131 Ali \u00c7and\u0131r, Antalya OSB Ba\u015fkan\u0131 Hasanali G\u00f6nen ve eski Kepez Belediye Ba\u015fkan\u0131 Hakan T\u00fct\u00fcnc\u00fc ile ATSO y\u00f6netim kurulu \u00fcyeleri, meclis \u00fcyeleri, i\u015f insanlar\u0131 ve Ali Bahar&#8217;\u0131n sevenleri kat\u0131ld\u0131. AL\u0130 BAHAR DUALARLA ANILDI Kat\u0131l\u0131mc\u0131lar Ali Bahar&#8217;\u0131n kabri ba\u015f\u0131nda Kuran-\u0131 Kerim tilaveti dinledi ve dua etti. Aile taraf\u0131ndan yap\u0131lan bilgilendirmede, \u00e7i\u00e7ek ya da \u00e7elenk g\u00f6nderimi yerine Ali Bahar&#8217;\u0131n ad\u0131n\u0131 ya\u015fatmak ad\u0131na, Ali Bahar Antalya Organize Sanayi B\u00f6lgesi Teknik Koleji&#8217;ne ba\u011f\u0131\u015fta bulunulmas\u0131 \u00e7a\u011fr\u0131s\u0131 yap\u0131ld\u0131. \u200bAntalya\u2019n\u0131n Kemer il\u00e7esinde ge\u00e7ti\u011fimiz y\u0131l ge\u00e7irdi\u011fi tekne kazas\u0131 sonucu hayat\u0131n\u0131 kaybeden Antalya Ticaret ve Sanayi Odas\u0131 (ATSO) Ba\u015fkan\u0131 Ali Bahar, vefat\u0131n\u0131n birinci y\u0131l\u0131nda mezar\u0131 ba\u015f\u0131nda dualarla an\u0131ld\u0131.\u00a0 \u200bHaberin Al\u0131nt\u0131land\u0131\u011f\u0131 Kaynak: www.antalyakorfez.com\" \/>\n<meta property=\"og:url\" content=\"http:\/\/denizcankizil.tr\/ru\/haberler\/gundem\/merhum-atso-baskani-ali-bahar-mezari-basinda-dualarla-anildi\/\" \/>\n<meta property=\"og:site_name\" content=\"Av. Deniz Can K\u0131z\u0131l\" \/>\n<meta property=\"article:published_time\" content=\"2025-07-19T17:41:16+00:00\" \/>\n<meta name=\"author\" content=\"Antalya K\u00f6rfez\" \/>\n<meta name=\"twitter:card\" content=\"summary_large_image\" \/>\n<meta name=\"twitter:label1\" content=\"\u041d\u0430\u043f\u0438\u0441\u0430\u043d\u043e \u0430\u0432\u0442\u043e\u0440\u043e\u043c\" \/>\n\t<meta name=\"twitter:data1\" content=\"Antalya K\u00f6rfez\" \/>\n\t<meta name=\"twitter:label2\" content=\"\u041f\u0440\u0438\u043c\u0435\u0440\u043d\u043e\u0435 \u0432\u0440\u0435\u043c\u044f \u0434\u043b\u044f \u0447\u0442\u0435\u043d\u0438\u044f\" \/>\n\t<meta name=\"twitter:data2\" content=\"1 \u043c\u0438\u043d\u0443\u0442\u0430\" \/>\n<script type=\"application\/ld+json\" class=\"yoast-schema-graph\">{\"@context\":\"https:\/\/schema.org\",\"@graph\":[{\"@type\":\"Article\",\"@id\":\"http:\/\/denizcankizil.tr\/ru\/haberler\/gundem\/merhum-atso-baskani-ali-bahar-mezari-basinda-dualarla-anildi\/#article\",\"isPartOf\":{\"@id\":\"http:\/\/denizcankizil.tr\/ru\/haberler\/gundem\/merhum-atso-baskani-ali-bahar-mezari-basinda-dualarla-anildi\/\"},\"author\":{\"name\":\"Antalya K\u00f6rfez\",\"@id\":\"https:\/\/denizcankizil.tr\/de\/#\/schema\/person\/e1eb71bb4dd684d46563f0af307e1234\"},\"headline\":\"Merhum ATSO Ba\u015fkan\u0131 Ali Bahar mezar\u0131 ba\u015f\u0131nda dualarla an\u0131ld\u0131\",\"datePublished\":\"2025-07-19T17:41:16+00:00\",\"mainEntityOfPage\":{\"@id\":\"http:\/\/denizcankizil.tr\/ru\/haberler\/gundem\/merhum-atso-baskani-ali-bahar-mezari-basinda-dualarla-anildi\/\"},\"wordCount\":271,\"publisher\":{\"@id\":\"https:\/\/denizcankizil.tr\/de\/#organization\"},\"articleSection\":[\"G\u00fcndem\"],\"inLanguage\":\"ru-RU\"},{\"@type\":\"WebPage\",\"@id\":\"http:\/\/denizcankizil.tr\/ru\/haberler\/gundem\/merhum-atso-baskani-ali-bahar-mezari-basinda-dualarla-anildi\/\",\"url\":\"http:\/\/denizcankizil.tr\/ru\/haberler\/gundem\/merhum-atso-baskani-ali-bahar-mezari-basinda-dualarla-anildi\/\",\"name\":\"Merhum ATSO Ba\u015fkan\u0131 Ali Bahar mezar\u0131 ba\u015f\u0131nda dualarla an\u0131ld\u0131 - Av. Deniz Can K\u0131z\u0131l\",\"isPartOf\":{\"@id\":\"https:\/\/denizcankizil.tr\/de\/#website\"},\"datePublished\":\"2025-07-19T17:41:16+00:00\",\"breadcrumb\":{\"@id\":\"http:\/\/denizcankizil.tr\/ru\/haberler\/gundem\/merhum-atso-baskani-ali-bahar-mezari-basinda-dualarla-anildi\/#breadcrumb\"},\"inLanguage\":\"ru-RU\",\"potentialAction\":[{\"@type\":\"ReadAction\",\"target\":[\"http:\/\/denizcankizil.tr\/ru\/haberler\/gundem\/merhum-atso-baskani-ali-bahar-mezari-basinda-dualarla-anildi\/\"]}]},{\"@type\":\"BreadcrumbList\",\"@id\":\"http:\/\/denizcankizil.tr\/ru\/haberler\/gundem\/merhum-atso-baskani-ali-bahar-mezari-basinda-dualarla-anildi\/#breadcrumb\",\"itemListElement\":[{\"@type\":\"ListItem\",\"position\":1,\"name\":\"Home\",\"item\":\"https:\/\/denizcankizil.tr\/de\/\"},{\"@type\":\"ListItem\",\"position\":2,\"name\":\"Merhum ATSO Ba\u015fkan\u0131 Ali Bahar mezar\u0131 ba\u015f\u0131nda dualarla an\u0131ld\u0131\"}]},{\"@type\":\"WebSite\",\"@id\":\"https:\/\/denizcankizil.tr\/de\/#website\",\"url\":\"https:\/\/denizcankizil.tr\/de\/\",\"name\":\"Av. Deniz Can K\u0131z\u0131l\",\"description\":\"Avukat Deniz Can K\u0131z\u0131l Antalya Barosu\",\"publisher\":{\"@id\":\"https:\/\/denizcankizil.tr\/de\/#organization\"},\"potentialAction\":[{\"@type\":\"SearchAction\",\"target\":{\"@type\":\"EntryPoint\",\"urlTemplate\":\"https:\/\/denizcankizil.tr\/de\/?s={search_term_string}\"},\"query-input\":{\"@type\":\"PropertyValueSpecification\",\"valueRequired\":true,\"valueName\":\"search_term_string\"}}],\"inLanguage\":\"ru-RU\"},{\"@type\":\"Organization\",\"@id\":\"https:\/\/denizcankizil.tr\/de\/#organization\",\"name\":\"Av. Deniz Can K\u0131z\u0131l\",\"url\":\"https:\/\/denizcankizil.tr\/de\/\",\"logo\":{\"@type\":\"ImageObject\",\"inLanguage\":\"ru-RU\",\"@id\":\"https:\/\/denizcankizil.tr\/de\/#\/schema\/logo\/image\/\",\"url\":\"http:\/\/denizcankizil.tr\/wp-content\/uploads\/2024\/10\/siyah-logo-svg.svg\",\"contentUrl\":\"http:\/\/denizcankizil.tr\/wp-content\/uploads\/2024\/10\/siyah-logo-svg.svg\",\"width\":1080,\"height\":1080,\"caption\":\"Av. Deniz Can K\u0131z\u0131l\"},\"image\":{\"@id\":\"https:\/\/denizcankizil.tr\/de\/#\/schema\/logo\/image\/\"}},{\"@type\":\"Person\",\"@id\":\"https:\/\/denizcankizil.tr\/de\/#\/schema\/person\/e1eb71bb4dd684d46563f0af307e1234\",\"name\":\"Antalya K\u00f6rfez\",\"image\":{\"@type\":\"ImageObject\",\"inLanguage\":\"ru-RU\",\"@id\":\"https:\/\/denizcankizil.tr\/de\/#\/schema\/person\/image\/\",\"url\":\"https:\/\/secure.gravatar.com\/avatar\/42b01982558a48a0b501fdcab6a408d3717ea5919095ee2e67b0e521799c5905?s=96&d=mm&r=g\",\"contentUrl\":\"https:\/\/secure.gravatar.com\/avatar\/42b01982558a48a0b501fdcab6a408d3717ea5919095ee2e67b0e521799c5905?s=96&d=mm&r=g\",\"caption\":\"Antalya K\u00f6rfez\"},\"sameAs\":[\"http:\/\/www.antalyakorfez.com\"],\"url\":\"https:\/\/www.antalyakorfez.com\/merhum-atso-baskani-ali-bahar-mezari-basinda-dualarla-anildi\"}]}<\/script>\n<!-- \/ Yoast SEO Premium plugin. -->","yoast_head_json":{"title":"Merhum ATSO Ba\u015fkan\u0131 Ali Bahar mezar\u0131 ba\u015f\u0131nda dualarla an\u0131ld\u0131 - Av. Deniz Can K\u0131z\u0131l","robots":{"index":"index","follow":"follow","max-snippet":"max-snippet:-1","max-image-preview":"max-image-preview:large","max-video-preview":"max-video-preview:-1"},"canonical":"http:\/\/denizcankizil.tr\/ru\/haberler\/gundem\/merhum-atso-baskani-ali-bahar-mezari-basinda-dualarla-anildi\/","og_locale":"ru_RU","og_type":"article","og_title":"Merhum ATSO Ba\u015fkan\u0131 Ali Bahar mezar\u0131 ba\u015f\u0131nda dualarla an\u0131ld\u0131","og_description":"Antalya\u2019n\u0131n Kemer il\u00e7esinde ge\u00e7ti\u011fimiz y\u0131l arkada\u015flar\u0131yla beraber tekne turuna \u00e7\u0131kan ve burada ge\u00e7irdi\u011fi bir kaza sonucu hayat\u0131n\u0131 kaybeden ATSO ve AOSB Ba\u015fkan\u0131 Ali Bahar \u00f6l\u00fcm y\u0131l d\u00f6n\u00fcm\u00fcnde mezar\u0131 ba\u015f\u0131nda an\u0131ld\u0131. Bahar ailesinin ev sahipli\u011finde d\u00fczenlenen anma program\u0131 Uncal\u0131 Mezarl\u0131\u011f\u0131&#8217;nda yap\u0131ld\u0131. Anmaya Ali Bahar&#8217;\u0131n e\u015fi \u015eebnem Bahar, annesi Melek Bahar ve o\u011flu Tibet Bahar, ailenin yak\u0131nlar\u0131 ile Muratpa\u015fa Belediye Ba\u015fkan\u0131 \u00dcmit Uysal, ATSO Meclis Ba\u015fkan\u0131 Ahmet \u00d6zt\u00fcrk, ATSO Ba\u015fkan\u0131 Yusuf Hac\u0131s\u00fcleyman, Antalya Ticaret Borsas\u0131 Ba\u015fkan\u0131 Ali \u00c7and\u0131r, Antalya OSB Ba\u015fkan\u0131 Hasanali G\u00f6nen ve eski Kepez Belediye Ba\u015fkan\u0131 Hakan T\u00fct\u00fcnc\u00fc ile ATSO y\u00f6netim kurulu \u00fcyeleri, meclis \u00fcyeleri, i\u015f insanlar\u0131 ve Ali Bahar&#8217;\u0131n sevenleri kat\u0131ld\u0131. AL\u0130 BAHAR DUALARLA ANILDI Kat\u0131l\u0131mc\u0131lar Ali Bahar&#8217;\u0131n kabri ba\u015f\u0131nda Kuran-\u0131 Kerim tilaveti dinledi ve dua etti. Aile taraf\u0131ndan yap\u0131lan bilgilendirmede, \u00e7i\u00e7ek ya da \u00e7elenk g\u00f6nderimi yerine Ali Bahar&#8217;\u0131n ad\u0131n\u0131 ya\u015fatmak ad\u0131na, Ali Bahar Antalya Organize Sanayi B\u00f6lgesi Teknik Koleji&#8217;ne ba\u011f\u0131\u015fta bulunulmas\u0131 \u00e7a\u011fr\u0131s\u0131 yap\u0131ld\u0131. \u200bAntalya\u2019n\u0131n Kemer il\u00e7esinde ge\u00e7ti\u011fimiz y\u0131l ge\u00e7irdi\u011fi tekne kazas\u0131 sonucu hayat\u0131n\u0131 kaybeden Antalya Ticaret ve Sanayi Odas\u0131 (ATSO) Ba\u015fkan\u0131 Ali Bahar, vefat\u0131n\u0131n birinci y\u0131l\u0131nda mezar\u0131 ba\u015f\u0131nda dualarla an\u0131ld\u0131.\u00a0 \u200bHaberin Al\u0131nt\u0131land\u0131\u011f\u0131 Kaynak: www.antalyakorfez.com","og_url":"http:\/\/denizcankizil.tr\/ru\/haberler\/gundem\/merhum-atso-baskani-ali-bahar-mezari-basinda-dualarla-anildi\/","og_site_name":"Av. Deniz Can K\u0131z\u0131l","article_published_time":"2025-07-19T17:41:16+00:00","author":"Antalya K\u00f6rfez","twitter_card":"summary_large_image","twitter_misc":{"\u041d\u0430\u043f\u0438\u0441\u0430\u043d\u043e \u0430\u0432\u0442\u043e\u0440\u043e\u043c":"Antalya K\u00f6rfez","\u041f\u0440\u0438\u043c\u0435\u0440\u043d\u043e\u0435 \u0432\u0440\u0435\u043c\u044f \u0434\u043b\u044f \u0447\u0442\u0435\u043d\u0438\u044f":"1 \u043c\u0438\u043d\u0443\u0442\u0430"},"schema":{"@context":"https:\/\/schema.org","@graph":[{"@type":"Article","@id":"http:\/\/denizcankizil.tr\/ru\/haberler\/gundem\/merhum-atso-baskani-ali-bahar-mezari-basinda-dualarla-anildi\/#article","isPartOf":{"@id":"http:\/\/denizcankizil.tr\/ru\/haberler\/gundem\/merhum-atso-baskani-ali-bahar-mezari-basinda-dualarla-anildi\/"},"author":{"name":"Antalya K\u00f6rfez","@id":"https:\/\/denizcankizil.tr\/de\/#\/schema\/person\/e1eb71bb4dd684d46563f0af307e1234"},"headline":"Merhum ATSO Ba\u015fkan\u0131 Ali Bahar mezar\u0131 ba\u015f\u0131nda dualarla an\u0131ld\u0131","datePublished":"2025-07-19T17:41:16+00:00","mainEntityOfPage":{"@id":"http:\/\/denizcankizil.tr\/ru\/haberler\/gundem\/merhum-atso-baskani-ali-bahar-mezari-basinda-dualarla-anildi\/"},"wordCount":271,"publisher":{"@id":"https:\/\/denizcankizil.tr\/de\/#organization"},"articleSection":["G\u00fcndem"],"inLanguage":"ru-RU"},{"@type":"WebPage","@id":"http:\/\/denizcankizil.tr\/ru\/haberler\/gundem\/merhum-atso-baskani-ali-bahar-mezari-basinda-dualarla-anildi\/","url":"http:\/\/denizcankizil.tr\/ru\/haberler\/gundem\/merhum-atso-baskani-ali-bahar-mezari-basinda-dualarla-anildi\/","name":"Merhum ATSO Ba\u015fkan\u0131 Ali Bahar mezar\u0131 ba\u015f\u0131nda dualarla an\u0131ld\u0131 - Av. Deniz Can K\u0131z\u0131l","isPartOf":{"@id":"https:\/\/denizcankizil.tr\/de\/#website"},"datePublished":"2025-07-19T17:41:16+00:00","breadcrumb":{"@id":"http:\/\/denizcankizil.tr\/ru\/haberler\/gundem\/merhum-atso-baskani-ali-bahar-mezari-basinda-dualarla-anildi\/#breadcrumb"},"inLanguage":"ru-RU","potentialAction":[{"@type":"ReadAction","target":["http:\/\/denizcankizil.tr\/ru\/haberler\/gundem\/merhum-atso-baskani-ali-bahar-mezari-basinda-dualarla-anildi\/"]}]},{"@type":"BreadcrumbList","@id":"http:\/\/denizcankizil.tr\/ru\/haberler\/gundem\/merhum-atso-baskani-ali-bahar-mezari-basinda-dualarla-anildi\/#breadcrumb","itemListElement":[{"@type":"ListItem","position":1,"name":"Home","item":"https:\/\/denizcankizil.tr\/de\/"},{"@type":"ListItem","position":2,"name":"Merhum ATSO Ba\u015fkan\u0131 Ali Bahar mezar\u0131 ba\u015f\u0131nda dualarla an\u0131ld\u0131"}]},{"@type":"WebSite","@id":"https:\/\/denizcankizil.tr\/de\/#website","url":"https:\/\/denizcankizil.tr\/de\/","name":"Av. Deniz Can K\u0131z\u0131l","description":"Avukat Deniz Can K\u0131z\u0131l Antalya Barosu","publisher":{"@id":"https:\/\/denizcankizil.tr\/de\/#organization"},"potentialAction":[{"@type":"SearchAction","target":{"@type":"EntryPoint","urlTemplate":"https:\/\/denizcankizil.tr\/de\/?s={search_term_string}"},"query-input":{"@type":"PropertyValueSpecification","valueRequired":true,"valueName":"search_term_string"}}],"inLanguage":"ru-RU"},{"@type":"Organization","@id":"https:\/\/denizcankizil.tr\/de\/#organization","name":"Av. Deniz Can K\u0131z\u0131l","url":"https:\/\/denizcankizil.tr\/de\/","logo":{"@type":"ImageObject","inLanguage":"ru-RU","@id":"https:\/\/denizcankizil.tr\/de\/#\/schema\/logo\/image\/","url":"http:\/\/denizcankizil.tr\/wp-content\/uploads\/2024\/10\/siyah-logo-svg.svg","contentUrl":"http:\/\/denizcankizil.tr\/wp-content\/uploads\/2024\/10\/siyah-logo-svg.svg","width":1080,"height":1080,"caption":"Av. Deniz Can K\u0131z\u0131l"},"image":{"@id":"https:\/\/denizcankizil.tr\/de\/#\/schema\/logo\/image\/"}},{"@type":"Person","@id":"https:\/\/denizcankizil.tr\/de\/#\/schema\/person\/e1eb71bb4dd684d46563f0af307e1234","name":"Antalya K\u00f6rfez","image":{"@type":"ImageObject","inLanguage":"ru-RU","@id":"https:\/\/denizcankizil.tr\/de\/#\/schema\/person\/image\/","url":"https:\/\/secure.gravatar.com\/avatar\/42b01982558a48a0b501fdcab6a408d3717ea5919095ee2e67b0e521799c5905?s=96&d=mm&r=g","contentUrl":"https:\/\/secure.gravatar.com\/avatar\/42b01982558a48a0b501fdcab6a408d3717ea5919095ee2e67b0e521799c5905?s=96&d=mm&r=g","caption":"Antalya K\u00f6rfez"},"sameAs":["http:\/\/www.antalyakorfez.com"],"url":"https:\/\/www.antalyakorfez.com\/merhum-atso-baskani-ali-bahar-mezari-basinda-dualarla-anildi"}]}},"_links":{"self":[{"href":"http:\/\/denizcankizil.tr\/ru\/wp-json\/wp\/v2\/posts\/151042","targetHints":{"allow":["GET"]}}],"collection":[{"href":"http:\/\/denizcankizil.tr\/ru\/wp-json\/wp\/v2\/posts"}],"about":[{"href":"http:\/\/denizcankizil.tr\/ru\/wp-json\/wp\/v2\/types\/post"}],"author":[{"embeddable":true,"href":"http:\/\/denizcankizil.tr\/ru\/wp-json\/wp\/v2\/users\/5"}],"replies":[{"embeddable":true,"href":"http:\/\/denizcankizil.tr\/ru\/wp-json\/wp\/v2\/comments?post=151042"}],"version-history":[{"count":0,"href":"http:\/\/denizcankizil.tr\/ru\/wp-json\/wp\/v2\/posts\/151042\/revisions"}],"wp:attachment":[{"href":"http:\/\/denizcankizil.tr\/ru\/wp-json\/wp\/v2\/media?parent=151042"}],"wp:term":[{"taxonomy":"category","embeddable":true,"href":"http:\/\/denizcankizil.tr\/ru\/wp-json\/wp\/v2\/categories?post=151042"},{"taxonomy":"post_tag","embeddable":true,"href":"http:\/\/denizcankizil.tr\/ru\/wp-json\/wp\/v2\/tags?post=151042"}],"curies":[{"name":"wp","href":"https:\/\/api.w.org\/{rel}","templated":true}]}}