{"id":148972,"date":"2025-07-17T17:42:12","date_gmt":"2025-07-17T14:42:12","guid":{"rendered":"https:\/\/denizcankizil.tr\/uncategorized-tr\/muhittin-bocekten-bosalan-koltuga-o-isim-geldi\/"},"modified":"2025-07-17T17:42:12","modified_gmt":"2025-07-17T14:42:12","slug":"muhittin-bocekten-bosalan-koltuga-o-isim-geldi","status":"publish","type":"post","link":"http:\/\/denizcankizil.tr\/ru\/haberler\/gundem\/muhittin-bocekten-bosalan-koltuga-o-isim-geldi\/","title":{"rendered":"Muhittin B\u00f6cek\u2019ten bo\u015falan koltu\u011fa o isim geldi"},"content":{"rendered":"<p>Antalya\u2019da ger\u00e7ekle\u015fen r\u00fc\u015fvet ve yolsuzluk operasyonlar\u0131 sonucu tutuklanan uzakla\u015ft\u0131r\u0131lan Antalya B\u00fcy\u00fck\u015fehir Belediye Ba\u015fkan\u0131 Muhittin B\u00f6cek ge\u00e7ici olarak ba\u015fkanl\u0131k g\u00f6revinden uzakla\u015ft\u0131r\u0131lm\u0131\u015ft\u0131. Ba\u015fkan B\u00f6cek\u2019in yerine vek\u00e2let edecek isim ise ge\u00e7ti\u011fimiz haftalarda yap\u0131lana se\u00e7imle belli oldu. Antalya B\u00fcy\u00fck\u015fehir Belediye Meclis\u2019inde yap\u0131lan se\u00e7imin ard\u0131ndan B\u00fc\u015fra Dirgen \u00d6zdemir&#8217;i Antalya B\u00fcy\u00fck\u015fehir Belediye Ba\u015fkan Vekili se\u00e7ti. Ba\u015fkan vekilinin belirlenmesinin ard\u0131ndan g\u00f6zler Akdeniz Belediyeler Birli\u011fi\u2019ne \u00e7evrildi.<\/p>\n<p>MUH\u0130T\u0130N B\u00d6CEK\u2019\u0130N KOLTU\u011eUNU GE\u00c7\u0130C\u0130 OLARAK O DEVRALDI<\/p>\n<p>Akdeniz Belediyeler Birli\u011fi Ba\u015fkanl\u0131\u011f\u0131 g\u00f6revini de y\u00fcr\u00fcten Muhittin B\u00f6cek\u2019in tutuklanmas\u0131n\u0131n ard\u0131ndan yerine gelecek isim merak konusu olmu\u015ftu i\u015f Ba\u015fkan B\u00f6cek\u2019in yerine vekalet edecek isim ise belli oldu. Burdur Belediye Ba\u015fkan\u0131 Ali Orkun Ercengiz Akdeniz Belediyeler Birli\u011fi Ba\u015fkan\u0131 se\u00e7ildi. B\u00f6cek sosyal medya \u00fczerinden yay\u0131nlad\u0131\u011f\u0131 mesaj\u0131 ile Ba\u015fkan Ercengiz\u2019i tebrik etti.<\/p>\n<p>&#8220;Y\u00dcREKTEN BA\u015eARILAR D\u0130L\u0130YORUM&#8221;<\/p>\n<p>Akdeniz Belediyeler Birli\u011fi Ba\u015fkan Vekili se\u00e7ilen Ali Orkun Ercengiz\u2019i tebrik eden Muhittin B\u00f6cek, \u201cAkdeniz Belediyeler Birli\u011fi, ortak akl\u0131n ve dayan\u0131\u015fman\u0131n kurumsal g\u00fcc\u00fcd\u00fcr. Bug\u00fcne dek b\u00fcy\u00fck bir onurla s\u00fcrd\u00fcrd\u00fc\u011f\u00fcm Birlik Ba\u015fkanl\u0131\u011f\u0131 g\u00f6revime i\u00e7inde bulundu\u011fum ko\u015fullar nedeniyle ara vermek zorunda kald\u0131m. Bu s\u00fcre\u00e7te ba\u015fkanvekili se\u00e7ilerek bayra\u011f\u0131 devralan, yol arkada\u015f\u0131m Burdur Belediye Ba\u015fkan\u0131m\u0131z Ali Orkun Ercengiz\u2019e y\u00fcrekten ba\u015far\u0131lar diliyorum. Birli\u011fimizin halk\u00e7\u0131, \u015feffaf ve dayan\u0131\u015fmac\u0131 \u00e7izgisini kararl\u0131l\u0131kla s\u00fcrd\u00fcrece\u011fine inanc\u0131m tam\u201d dedi.<\/p>\n<p>Akdeniz Belediyeler Birli\u011fi, ortak akl\u0131n ve dayan\u0131\u015fman\u0131n kurumsal g\u00fcc\u00fcd\u00fcr. Bug\u00fcne dek b\u00fcy\u00fck bir onurla s\u00fcrd\u00fcrd\u00fc\u011f\u00fcm Birlik Ba\u015fkanl\u0131\u011f\u0131 g\u00f6revime i\u00e7inde bulundu\u011fum ko\u015fullar nedeniyle ara vermek zorunda kald\u0131m.<\/p>\n<p>Bu s\u00fcre\u00e7te ba\u015fkanvekili se\u00e7ilerek bayra\u011f\u0131 devralan, yol arkada\u015f\u0131m Burdur\u2026 pic.twitter.com\/vRvTBhsaYG<br \/>\n\u2014 Muhittin B\u00f6cek (@BocekMuhittin) July 17, 2025<\/p>\n<p>\u200bAntalya\u2019da  r\u00fc\u015fvet soru\u015fturmas\u0131 kapsam\u0131nda tutuklanan ve ge\u00e7ici olarak g\u00f6revden uzakla\u015ft\u0131r\u0131lan Antalya B\u00fcy\u00fck\u015fehir Belediye Ba\u015fkan\u0131 Muhittin B\u00f6cek, Akdeniz Belediyeler Birli\u011fi Ba\u015fkanl\u0131\u011f\u0131 g\u00f6revinden de ayr\u0131lmak zorunda kalm\u0131\u015ft\u0131. Ba\u015fkan B\u00f6cek\u2019in yerine gelen isim ise Burdur Belediye Ba\u015fkan\u0131 Ali Orkun Ercengiz oldu.\u00a0<\/p>\n<p>\u200bHaberin Al\u0131nt\u0131land\u0131\u011f\u0131 Kaynak: www.antalyakorfez.com<\/p>","protected":false},"excerpt":{"rendered":"<p>Antalya\u2019da ger\u00e7ekle\u015fen r\u00fc\u015fvet ve yolsuzluk operasyonlar\u0131 sonucu tutuklanan uzakla\u015ft\u0131r\u0131lan Antalya B\u00fcy\u00fck\u015fehir Belediye Ba\u015fkan\u0131 Muhittin B\u00f6cek ge\u00e7ici olarak ba\u015fkanl\u0131k g\u00f6revinden uzakla\u015ft\u0131r\u0131lm\u0131\u015ft\u0131. Ba\u015fkan B\u00f6cek\u2019in yerine vek\u00e2let edecek isim ise ge\u00e7ti\u011fimiz haftalarda yap\u0131lana se\u00e7imle belli oldu. Antalya B\u00fcy\u00fck\u015fehir Belediye Meclis\u2019inde yap\u0131lan se\u00e7imin ard\u0131ndan B\u00fc\u015fra Dirgen \u00d6zdemir&#8217;i Antalya B\u00fcy\u00fck\u015fehir Belediye Ba\u015fkan Vekili se\u00e7ti. Ba\u015fkan vekilinin belirlenmesinin ard\u0131ndan g\u00f6zler Akdeniz Belediyeler Birli\u011fi\u2019ne \u00e7evrildi. MUH\u0130T\u0130N B\u00d6CEK\u2019\u0130N KOLTU\u011eUNU GE\u00c7\u0130C\u0130 OLARAK O DEVRALDI Akdeniz Belediyeler Birli\u011fi Ba\u015fkanl\u0131\u011f\u0131 g\u00f6revini de y\u00fcr\u00fcten Muhittin B\u00f6cek\u2019in tutuklanmas\u0131n\u0131n ard\u0131ndan yerine gelecek isim merak konusu olmu\u015ftu i\u015f Ba\u015fkan B\u00f6cek\u2019in yerine vekalet edecek isim ise belli oldu. Burdur Belediye Ba\u015fkan\u0131 Ali Orkun Ercengiz Akdeniz Belediyeler Birli\u011fi Ba\u015fkan\u0131 se\u00e7ildi. B\u00f6cek sosyal medya \u00fczerinden yay\u0131nlad\u0131\u011f\u0131 mesaj\u0131 ile Ba\u015fkan Ercengiz\u2019i tebrik etti. &#8220;Y\u00dcREKTEN BA\u015eARILAR D\u0130L\u0130YORUM&#8221; Akdeniz Belediyeler Birli\u011fi Ba\u015fkan Vekili se\u00e7ilen Ali Orkun Ercengiz\u2019i tebrik eden Muhittin B\u00f6cek, \u201cAkdeniz Belediyeler Birli\u011fi, ortak akl\u0131n ve dayan\u0131\u015fman\u0131n kurumsal g\u00fcc\u00fcd\u00fcr. Bug\u00fcne dek b\u00fcy\u00fck bir onurla s\u00fcrd\u00fcrd\u00fc\u011f\u00fcm Birlik Ba\u015fkanl\u0131\u011f\u0131 g\u00f6revime i\u00e7inde bulundu\u011fum ko\u015fullar nedeniyle ara vermek zorunda kald\u0131m. Bu s\u00fcre\u00e7te ba\u015fkanvekili se\u00e7ilerek bayra\u011f\u0131 devralan, yol arkada\u015f\u0131m Burdur Belediye Ba\u015fkan\u0131m\u0131z Ali Orkun Ercengiz\u2019e y\u00fcrekten ba\u015far\u0131lar diliyorum. Birli\u011fimizin halk\u00e7\u0131, \u015feffaf ve dayan\u0131\u015fmac\u0131 \u00e7izgisini kararl\u0131l\u0131kla s\u00fcrd\u00fcrece\u011fine inanc\u0131m tam\u201d dedi. Akdeniz Belediyeler Birli\u011fi, ortak akl\u0131n ve dayan\u0131\u015fman\u0131n kurumsal g\u00fcc\u00fcd\u00fcr. Bug\u00fcne dek b\u00fcy\u00fck bir onurla s\u00fcrd\u00fcrd\u00fc\u011f\u00fcm Birlik &hellip;<\/p>","protected":false},"author":5,"featured_media":0,"comment_status":"","ping_status":"open","sticky":false,"template":"","format":"standard","meta":{"_acf_changed":false,"footnotes":""},"categories":[24],"tags":[],"class_list":["post-148972","post","type-post","status-publish","format-standard","has-post-thumbnail","hentry","category-gundem"],"acf":[],"yoast_head":"<!-- This site is optimized with the Yoast SEO Premium plugin v26.6 (Yoast SEO v27.1.1) - https:\/\/yoast.com\/product\/yoast-seo-premium-wordpress\/ -->\n<title>Muhittin B\u00f6cek\u2019ten bo\u015falan koltu\u011fa o isim geldi - Av. Deniz Can K\u0131z\u0131l<\/title>\n<meta name=\"robots\" content=\"index, follow, max-snippet:-1, max-image-preview:large, max-video-preview:-1\" \/>\n<link rel=\"canonical\" href=\"http:\/\/denizcankizil.tr\/ru\/haberler\/gundem\/muhittin-bocekten-bosalan-koltuga-o-isim-geldi\/\" \/>\n<meta property=\"og:locale\" content=\"ru_RU\" \/>\n<meta property=\"og:type\" content=\"article\" \/>\n<meta property=\"og:title\" content=\"Muhittin B\u00f6cek\u2019ten bo\u015falan koltu\u011fa o isim geldi\" \/>\n<meta property=\"og:description\" content=\"Antalya\u2019da ger\u00e7ekle\u015fen r\u00fc\u015fvet ve yolsuzluk operasyonlar\u0131 sonucu tutuklanan uzakla\u015ft\u0131r\u0131lan Antalya B\u00fcy\u00fck\u015fehir Belediye Ba\u015fkan\u0131 Muhittin B\u00f6cek ge\u00e7ici olarak ba\u015fkanl\u0131k g\u00f6revinden uzakla\u015ft\u0131r\u0131lm\u0131\u015ft\u0131. Ba\u015fkan B\u00f6cek\u2019in yerine vek\u00e2let edecek isim ise ge\u00e7ti\u011fimiz haftalarda yap\u0131lana se\u00e7imle belli oldu. Antalya B\u00fcy\u00fck\u015fehir Belediye Meclis\u2019inde yap\u0131lan se\u00e7imin ard\u0131ndan B\u00fc\u015fra Dirgen \u00d6zdemir&#8217;i Antalya B\u00fcy\u00fck\u015fehir Belediye Ba\u015fkan Vekili se\u00e7ti. Ba\u015fkan vekilinin belirlenmesinin ard\u0131ndan g\u00f6zler Akdeniz Belediyeler Birli\u011fi\u2019ne \u00e7evrildi. MUH\u0130T\u0130N B\u00d6CEK\u2019\u0130N KOLTU\u011eUNU GE\u00c7\u0130C\u0130 OLARAK O DEVRALDI Akdeniz Belediyeler Birli\u011fi Ba\u015fkanl\u0131\u011f\u0131 g\u00f6revini de y\u00fcr\u00fcten Muhittin B\u00f6cek\u2019in tutuklanmas\u0131n\u0131n ard\u0131ndan yerine gelecek isim merak konusu olmu\u015ftu i\u015f Ba\u015fkan B\u00f6cek\u2019in yerine vekalet edecek isim ise belli oldu. Burdur Belediye Ba\u015fkan\u0131 Ali Orkun Ercengiz Akdeniz Belediyeler Birli\u011fi Ba\u015fkan\u0131 se\u00e7ildi. B\u00f6cek sosyal medya \u00fczerinden yay\u0131nlad\u0131\u011f\u0131 mesaj\u0131 ile Ba\u015fkan Ercengiz\u2019i tebrik etti. &#8220;Y\u00dcREKTEN BA\u015eARILAR D\u0130L\u0130YORUM&#8221; Akdeniz Belediyeler Birli\u011fi Ba\u015fkan Vekili se\u00e7ilen Ali Orkun Ercengiz\u2019i tebrik eden Muhittin B\u00f6cek, \u201cAkdeniz Belediyeler Birli\u011fi, ortak akl\u0131n ve dayan\u0131\u015fman\u0131n kurumsal g\u00fcc\u00fcd\u00fcr. Bug\u00fcne dek b\u00fcy\u00fck bir onurla s\u00fcrd\u00fcrd\u00fc\u011f\u00fcm Birlik Ba\u015fkanl\u0131\u011f\u0131 g\u00f6revime i\u00e7inde bulundu\u011fum ko\u015fullar nedeniyle ara vermek zorunda kald\u0131m. Bu s\u00fcre\u00e7te ba\u015fkanvekili se\u00e7ilerek bayra\u011f\u0131 devralan, yol arkada\u015f\u0131m Burdur Belediye Ba\u015fkan\u0131m\u0131z Ali Orkun Ercengiz\u2019e y\u00fcrekten ba\u015far\u0131lar diliyorum. Birli\u011fimizin halk\u00e7\u0131, \u015feffaf ve dayan\u0131\u015fmac\u0131 \u00e7izgisini kararl\u0131l\u0131kla s\u00fcrd\u00fcrece\u011fine inanc\u0131m tam\u201d dedi. Akdeniz Belediyeler Birli\u011fi, ortak akl\u0131n ve dayan\u0131\u015fman\u0131n kurumsal g\u00fcc\u00fcd\u00fcr. Bug\u00fcne dek b\u00fcy\u00fck bir onurla s\u00fcrd\u00fcrd\u00fc\u011f\u00fcm Birlik &hellip;\" \/>\n<meta property=\"og:url\" content=\"http:\/\/denizcankizil.tr\/ru\/haberler\/gundem\/muhittin-bocekten-bosalan-koltuga-o-isim-geldi\/\" \/>\n<meta property=\"og:site_name\" content=\"Av. Deniz Can K\u0131z\u0131l\" \/>\n<meta property=\"article:published_time\" content=\"2025-07-17T14:42:12+00:00\" \/>\n<meta name=\"author\" content=\"Antalya K\u00f6rfez\" \/>\n<meta name=\"twitter:card\" content=\"summary_large_image\" \/>\n<meta name=\"twitter:label1\" content=\"\u041d\u0430\u043f\u0438\u0441\u0430\u043d\u043e \u0430\u0432\u0442\u043e\u0440\u043e\u043c\" \/>\n\t<meta name=\"twitter:data1\" content=\"Antalya K\u00f6rfez\" \/>\n\t<meta name=\"twitter:label2\" content=\"\u041f\u0440\u0438\u043c\u0435\u0440\u043d\u043e\u0435 \u0432\u0440\u0435\u043c\u044f \u0434\u043b\u044f \u0447\u0442\u0435\u043d\u0438\u044f\" \/>\n\t<meta name=\"twitter:data2\" content=\"2 \u043c\u0438\u043d\u0443\u0442\u044b\" \/>\n<script type=\"application\/ld+json\" class=\"yoast-schema-graph\">{\"@context\":\"https:\/\/schema.org\",\"@graph\":[{\"@type\":\"Article\",\"@id\":\"http:\/\/denizcankizil.tr\/ru\/haberler\/gundem\/muhittin-bocekten-bosalan-koltuga-o-isim-geldi\/#article\",\"isPartOf\":{\"@id\":\"http:\/\/denizcankizil.tr\/ru\/haberler\/gundem\/muhittin-bocekten-bosalan-koltuga-o-isim-geldi\/\"},\"author\":{\"name\":\"Antalya K\u00f6rfez\",\"@id\":\"https:\/\/denizcankizil.tr\/#\/schema\/person\/e1eb71bb4dd684d46563f0af307e1234\"},\"headline\":\"Muhittin B\u00f6cek\u2019ten bo\u015falan koltu\u011fa o isim geldi\",\"datePublished\":\"2025-07-17T14:42:12+00:00\",\"mainEntityOfPage\":{\"@id\":\"http:\/\/denizcankizil.tr\/ru\/haberler\/gundem\/muhittin-bocekten-bosalan-koltuga-o-isim-geldi\/\"},\"wordCount\":455,\"publisher\":{\"@id\":\"https:\/\/denizcankizil.tr\/#organization\"},\"articleSection\":[\"G\u00fcndem\"],\"inLanguage\":\"ru-RU\"},{\"@type\":\"WebPage\",\"@id\":\"http:\/\/denizcankizil.tr\/ru\/haberler\/gundem\/muhittin-bocekten-bosalan-koltuga-o-isim-geldi\/\",\"url\":\"http:\/\/denizcankizil.tr\/ru\/haberler\/gundem\/muhittin-bocekten-bosalan-koltuga-o-isim-geldi\/\",\"name\":\"Muhittin B\u00f6cek\u2019ten bo\u015falan koltu\u011fa o isim geldi - Av. Deniz Can K\u0131z\u0131l\",\"isPartOf\":{\"@id\":\"https:\/\/denizcankizil.tr\/#website\"},\"datePublished\":\"2025-07-17T14:42:12+00:00\",\"breadcrumb\":{\"@id\":\"http:\/\/denizcankizil.tr\/ru\/haberler\/gundem\/muhittin-bocekten-bosalan-koltuga-o-isim-geldi\/#breadcrumb\"},\"inLanguage\":\"ru-RU\",\"potentialAction\":[{\"@type\":\"ReadAction\",\"target\":[\"http:\/\/denizcankizil.tr\/ru\/haberler\/gundem\/muhittin-bocekten-bosalan-koltuga-o-isim-geldi\/\"]}]},{\"@type\":\"BreadcrumbList\",\"@id\":\"http:\/\/denizcankizil.tr\/ru\/haberler\/gundem\/muhittin-bocekten-bosalan-koltuga-o-isim-geldi\/#breadcrumb\",\"itemListElement\":[{\"@type\":\"ListItem\",\"position\":1,\"name\":\"Home\",\"item\":\"https:\/\/denizcankizil.tr\/uk\/\"},{\"@type\":\"ListItem\",\"position\":2,\"name\":\"Muhittin B\u00f6cek\u2019ten bo\u015falan koltu\u011fa o isim geldi\"}]},{\"@type\":\"WebSite\",\"@id\":\"https:\/\/denizcankizil.tr\/#website\",\"url\":\"https:\/\/denizcankizil.tr\/\",\"name\":\"Av. Deniz Can K\u0131z\u0131l\",\"description\":\"Avukat Deniz Can K\u0131z\u0131l Antalya Barosu\",\"publisher\":{\"@id\":\"https:\/\/denizcankizil.tr\/#organization\"},\"potentialAction\":[{\"@type\":\"SearchAction\",\"target\":{\"@type\":\"EntryPoint\",\"urlTemplate\":\"https:\/\/denizcankizil.tr\/?s={search_term_string}\"},\"query-input\":{\"@type\":\"PropertyValueSpecification\",\"valueRequired\":true,\"valueName\":\"search_term_string\"}}],\"inLanguage\":\"ru-RU\"},{\"@type\":\"Organization\",\"@id\":\"https:\/\/denizcankizil.tr\/#organization\",\"name\":\"Av. Deniz Can K\u0131z\u0131l\",\"url\":\"https:\/\/denizcankizil.tr\/\",\"logo\":{\"@type\":\"ImageObject\",\"inLanguage\":\"ru-RU\",\"@id\":\"https:\/\/denizcankizil.tr\/#\/schema\/logo\/image\/\",\"url\":\"http:\/\/denizcankizil.tr\/wp-content\/uploads\/2024\/10\/siyah-logo-svg.svg\",\"contentUrl\":\"http:\/\/denizcankizil.tr\/wp-content\/uploads\/2024\/10\/siyah-logo-svg.svg\",\"width\":1080,\"height\":1080,\"caption\":\"Av. Deniz Can K\u0131z\u0131l\"},\"image\":{\"@id\":\"https:\/\/denizcankizil.tr\/#\/schema\/logo\/image\/\"}},{\"@type\":\"Person\",\"@id\":\"https:\/\/denizcankizil.tr\/#\/schema\/person\/e1eb71bb4dd684d46563f0af307e1234\",\"name\":\"Antalya K\u00f6rfez\",\"image\":{\"@type\":\"ImageObject\",\"inLanguage\":\"ru-RU\",\"@id\":\"https:\/\/denizcankizil.tr\/#\/schema\/person\/image\/\",\"url\":\"https:\/\/secure.gravatar.com\/avatar\/42b01982558a48a0b501fdcab6a408d3717ea5919095ee2e67b0e521799c5905?s=96&d=mm&r=g\",\"contentUrl\":\"https:\/\/secure.gravatar.com\/avatar\/42b01982558a48a0b501fdcab6a408d3717ea5919095ee2e67b0e521799c5905?s=96&d=mm&r=g\",\"caption\":\"Antalya K\u00f6rfez\"},\"sameAs\":[\"http:\/\/www.antalyakorfez.com\"],\"url\":\"https:\/\/www.antalyakorfez.com\/muhittin-bocekten-bosalan-koltuga-o-isim-geldi\"}]}<\/script>\n<!-- \/ Yoast SEO Premium plugin. -->","yoast_head_json":{"title":"Muhittin B\u00f6cek\u2019ten bo\u015falan koltu\u011fa o isim geldi - Av. Deniz Can K\u0131z\u0131l","robots":{"index":"index","follow":"follow","max-snippet":"max-snippet:-1","max-image-preview":"max-image-preview:large","max-video-preview":"max-video-preview:-1"},"canonical":"http:\/\/denizcankizil.tr\/ru\/haberler\/gundem\/muhittin-bocekten-bosalan-koltuga-o-isim-geldi\/","og_locale":"ru_RU","og_type":"article","og_title":"Muhittin B\u00f6cek\u2019ten bo\u015falan koltu\u011fa o isim geldi","og_description":"Antalya\u2019da ger\u00e7ekle\u015fen r\u00fc\u015fvet ve yolsuzluk operasyonlar\u0131 sonucu tutuklanan uzakla\u015ft\u0131r\u0131lan Antalya B\u00fcy\u00fck\u015fehir Belediye Ba\u015fkan\u0131 Muhittin B\u00f6cek ge\u00e7ici olarak ba\u015fkanl\u0131k g\u00f6revinden uzakla\u015ft\u0131r\u0131lm\u0131\u015ft\u0131. Ba\u015fkan B\u00f6cek\u2019in yerine vek\u00e2let edecek isim ise ge\u00e7ti\u011fimiz haftalarda yap\u0131lana se\u00e7imle belli oldu. Antalya B\u00fcy\u00fck\u015fehir Belediye Meclis\u2019inde yap\u0131lan se\u00e7imin ard\u0131ndan B\u00fc\u015fra Dirgen \u00d6zdemir&#8217;i Antalya B\u00fcy\u00fck\u015fehir Belediye Ba\u015fkan Vekili se\u00e7ti. Ba\u015fkan vekilinin belirlenmesinin ard\u0131ndan g\u00f6zler Akdeniz Belediyeler Birli\u011fi\u2019ne \u00e7evrildi. MUH\u0130T\u0130N B\u00d6CEK\u2019\u0130N KOLTU\u011eUNU GE\u00c7\u0130C\u0130 OLARAK O DEVRALDI Akdeniz Belediyeler Birli\u011fi Ba\u015fkanl\u0131\u011f\u0131 g\u00f6revini de y\u00fcr\u00fcten Muhittin B\u00f6cek\u2019in tutuklanmas\u0131n\u0131n ard\u0131ndan yerine gelecek isim merak konusu olmu\u015ftu i\u015f Ba\u015fkan B\u00f6cek\u2019in yerine vekalet edecek isim ise belli oldu. Burdur Belediye Ba\u015fkan\u0131 Ali Orkun Ercengiz Akdeniz Belediyeler Birli\u011fi Ba\u015fkan\u0131 se\u00e7ildi. B\u00f6cek sosyal medya \u00fczerinden yay\u0131nlad\u0131\u011f\u0131 mesaj\u0131 ile Ba\u015fkan Ercengiz\u2019i tebrik etti. &#8220;Y\u00dcREKTEN BA\u015eARILAR D\u0130L\u0130YORUM&#8221; Akdeniz Belediyeler Birli\u011fi Ba\u015fkan Vekili se\u00e7ilen Ali Orkun Ercengiz\u2019i tebrik eden Muhittin B\u00f6cek, \u201cAkdeniz Belediyeler Birli\u011fi, ortak akl\u0131n ve dayan\u0131\u015fman\u0131n kurumsal g\u00fcc\u00fcd\u00fcr. Bug\u00fcne dek b\u00fcy\u00fck bir onurla s\u00fcrd\u00fcrd\u00fc\u011f\u00fcm Birlik Ba\u015fkanl\u0131\u011f\u0131 g\u00f6revime i\u00e7inde bulundu\u011fum ko\u015fullar nedeniyle ara vermek zorunda kald\u0131m. Bu s\u00fcre\u00e7te ba\u015fkanvekili se\u00e7ilerek bayra\u011f\u0131 devralan, yol arkada\u015f\u0131m Burdur Belediye Ba\u015fkan\u0131m\u0131z Ali Orkun Ercengiz\u2019e y\u00fcrekten ba\u015far\u0131lar diliyorum. Birli\u011fimizin halk\u00e7\u0131, \u015feffaf ve dayan\u0131\u015fmac\u0131 \u00e7izgisini kararl\u0131l\u0131kla s\u00fcrd\u00fcrece\u011fine inanc\u0131m tam\u201d dedi. Akdeniz Belediyeler Birli\u011fi, ortak akl\u0131n ve dayan\u0131\u015fman\u0131n kurumsal g\u00fcc\u00fcd\u00fcr. Bug\u00fcne dek b\u00fcy\u00fck bir onurla s\u00fcrd\u00fcrd\u00fc\u011f\u00fcm Birlik &hellip;","og_url":"http:\/\/denizcankizil.tr\/ru\/haberler\/gundem\/muhittin-bocekten-bosalan-koltuga-o-isim-geldi\/","og_site_name":"Av. Deniz Can K\u0131z\u0131l","article_published_time":"2025-07-17T14:42:12+00:00","author":"Antalya K\u00f6rfez","twitter_card":"summary_large_image","twitter_misc":{"\u041d\u0430\u043f\u0438\u0441\u0430\u043d\u043e \u0430\u0432\u0442\u043e\u0440\u043e\u043c":"Antalya K\u00f6rfez","\u041f\u0440\u0438\u043c\u0435\u0440\u043d\u043e\u0435 \u0432\u0440\u0435\u043c\u044f \u0434\u043b\u044f \u0447\u0442\u0435\u043d\u0438\u044f":"2 \u043c\u0438\u043d\u0443\u0442\u044b"},"schema":{"@context":"https:\/\/schema.org","@graph":[{"@type":"Article","@id":"http:\/\/denizcankizil.tr\/ru\/haberler\/gundem\/muhittin-bocekten-bosalan-koltuga-o-isim-geldi\/#article","isPartOf":{"@id":"http:\/\/denizcankizil.tr\/ru\/haberler\/gundem\/muhittin-bocekten-bosalan-koltuga-o-isim-geldi\/"},"author":{"name":"Antalya K\u00f6rfez","@id":"https:\/\/denizcankizil.tr\/#\/schema\/person\/e1eb71bb4dd684d46563f0af307e1234"},"headline":"Muhittin B\u00f6cek\u2019ten bo\u015falan koltu\u011fa o isim geldi","datePublished":"2025-07-17T14:42:12+00:00","mainEntityOfPage":{"@id":"http:\/\/denizcankizil.tr\/ru\/haberler\/gundem\/muhittin-bocekten-bosalan-koltuga-o-isim-geldi\/"},"wordCount":455,"publisher":{"@id":"https:\/\/denizcankizil.tr\/#organization"},"articleSection":["G\u00fcndem"],"inLanguage":"ru-RU"},{"@type":"WebPage","@id":"http:\/\/denizcankizil.tr\/ru\/haberler\/gundem\/muhittin-bocekten-bosalan-koltuga-o-isim-geldi\/","url":"http:\/\/denizcankizil.tr\/ru\/haberler\/gundem\/muhittin-bocekten-bosalan-koltuga-o-isim-geldi\/","name":"Muhittin B\u00f6cek\u2019ten bo\u015falan koltu\u011fa o isim geldi - Av. Deniz Can K\u0131z\u0131l","isPartOf":{"@id":"https:\/\/denizcankizil.tr\/#website"},"datePublished":"2025-07-17T14:42:12+00:00","breadcrumb":{"@id":"http:\/\/denizcankizil.tr\/ru\/haberler\/gundem\/muhittin-bocekten-bosalan-koltuga-o-isim-geldi\/#breadcrumb"},"inLanguage":"ru-RU","potentialAction":[{"@type":"ReadAction","target":["http:\/\/denizcankizil.tr\/ru\/haberler\/gundem\/muhittin-bocekten-bosalan-koltuga-o-isim-geldi\/"]}]},{"@type":"BreadcrumbList","@id":"http:\/\/denizcankizil.tr\/ru\/haberler\/gundem\/muhittin-bocekten-bosalan-koltuga-o-isim-geldi\/#breadcrumb","itemListElement":[{"@type":"ListItem","position":1,"name":"Home","item":"https:\/\/denizcankizil.tr\/uk\/"},{"@type":"ListItem","position":2,"name":"Muhittin B\u00f6cek\u2019ten bo\u015falan koltu\u011fa o isim geldi"}]},{"@type":"WebSite","@id":"https:\/\/denizcankizil.tr\/#website","url":"https:\/\/denizcankizil.tr\/","name":"Av. Deniz Can K\u0131z\u0131l","description":"Avukat Deniz Can K\u0131z\u0131l Antalya Barosu","publisher":{"@id":"https:\/\/denizcankizil.tr\/#organization"},"potentialAction":[{"@type":"SearchAction","target":{"@type":"EntryPoint","urlTemplate":"https:\/\/denizcankizil.tr\/?s={search_term_string}"},"query-input":{"@type":"PropertyValueSpecification","valueRequired":true,"valueName":"search_term_string"}}],"inLanguage":"ru-RU"},{"@type":"Organization","@id":"https:\/\/denizcankizil.tr\/#organization","name":"Av. Deniz Can K\u0131z\u0131l","url":"https:\/\/denizcankizil.tr\/","logo":{"@type":"ImageObject","inLanguage":"ru-RU","@id":"https:\/\/denizcankizil.tr\/#\/schema\/logo\/image\/","url":"http:\/\/denizcankizil.tr\/wp-content\/uploads\/2024\/10\/siyah-logo-svg.svg","contentUrl":"http:\/\/denizcankizil.tr\/wp-content\/uploads\/2024\/10\/siyah-logo-svg.svg","width":1080,"height":1080,"caption":"Av. Deniz Can K\u0131z\u0131l"},"image":{"@id":"https:\/\/denizcankizil.tr\/#\/schema\/logo\/image\/"}},{"@type":"Person","@id":"https:\/\/denizcankizil.tr\/#\/schema\/person\/e1eb71bb4dd684d46563f0af307e1234","name":"Antalya K\u00f6rfez","image":{"@type":"ImageObject","inLanguage":"ru-RU","@id":"https:\/\/denizcankizil.tr\/#\/schema\/person\/image\/","url":"https:\/\/secure.gravatar.com\/avatar\/42b01982558a48a0b501fdcab6a408d3717ea5919095ee2e67b0e521799c5905?s=96&d=mm&r=g","contentUrl":"https:\/\/secure.gravatar.com\/avatar\/42b01982558a48a0b501fdcab6a408d3717ea5919095ee2e67b0e521799c5905?s=96&d=mm&r=g","caption":"Antalya K\u00f6rfez"},"sameAs":["http:\/\/www.antalyakorfez.com"],"url":"https:\/\/www.antalyakorfez.com\/muhittin-bocekten-bosalan-koltuga-o-isim-geldi"}]}},"_links":{"self":[{"href":"http:\/\/denizcankizil.tr\/ru\/wp-json\/wp\/v2\/posts\/148972","targetHints":{"allow":["GET"]}}],"collection":[{"href":"http:\/\/denizcankizil.tr\/ru\/wp-json\/wp\/v2\/posts"}],"about":[{"href":"http:\/\/denizcankizil.tr\/ru\/wp-json\/wp\/v2\/types\/post"}],"author":[{"embeddable":true,"href":"http:\/\/denizcankizil.tr\/ru\/wp-json\/wp\/v2\/users\/5"}],"replies":[{"embeddable":true,"href":"http:\/\/denizcankizil.tr\/ru\/wp-json\/wp\/v2\/comments?post=148972"}],"version-history":[{"count":0,"href":"http:\/\/denizcankizil.tr\/ru\/wp-json\/wp\/v2\/posts\/148972\/revisions"}],"wp:attachment":[{"href":"http:\/\/denizcankizil.tr\/ru\/wp-json\/wp\/v2\/media?parent=148972"}],"wp:term":[{"taxonomy":"category","embeddable":true,"href":"http:\/\/denizcankizil.tr\/ru\/wp-json\/wp\/v2\/categories?post=148972"},{"taxonomy":"post_tag","embeddable":true,"href":"http:\/\/denizcankizil.tr\/ru\/wp-json\/wp\/v2\/tags?post=148972"}],"curies":[{"name":"wp","href":"https:\/\/api.w.org\/{rel}","templated":true}]}}