{"id":14889,"date":"2024-11-09T11:41:46","date_gmt":"2024-11-09T08:41:46","guid":{"rendered":"https:\/\/denizcankizil.tr\/uncategorized-tr\/sinemasever-gencler-icin-kisa-film-atolyesi-basliyor\/"},"modified":"2024-11-09T11:41:46","modified_gmt":"2024-11-09T08:41:46","slug":"sinemasever-gencler-icin-kisa-film-atolyesi-basliyor","status":"publish","type":"post","link":"http:\/\/denizcankizil.tr\/ru\/haberler\/gundem\/sinemasever-gencler-icin-kisa-film-atolyesi-basliyor\/","title":{"rendered":"Sinemasever Gen\u00e7ler \u0130\u00e7in K\u0131sa Film At\u00f6lyesi Ba\u015fl\u0131yor"},"content":{"rendered":"<p>Zeytinburnu Gen\u00e7lik Merkezi (ZEYGEM), erken ya\u015fta sinemaya g\u00f6n\u00fcl veren gen\u00e7lerin bu alanda kendilerini geli\u015ftirip, gelece\u011fe yat\u0131r\u0131m yapmalar\u0131 i\u00e7in 12 hafta s\u00fcrecek \u2018K\u0131sa Film At\u00f6lyesi\u2019 e\u011fitimlerine ba\u015fl\u0131yor.<\/p>\n<p>\u200bZeytinburnu Gen\u00e7lik Merkezi (ZEYGEM), erken ya\u015fta sinemaya g\u00f6n\u00fcl veren gen\u00e7lerin bu alanda kendilerini geli\u015ftirip, gelece\u011fe yat\u0131r\u0131m yapmalar\u0131 i\u00e7in 12 hafta s\u00fcrecek \u2018K\u0131sa Film At\u00f6lyesi\u2019 e\u011fitimlerine ba\u015fl\u0131yor.\u00a0<\/p>\n<p>\u200bHaberin Al\u0131nt\u0131land\u0131\u011f\u0131 Kaynak: www.iskenderun.org<\/p>","protected":false},"excerpt":{"rendered":"<p>Zeytinburnu Gen\u00e7lik Merkezi (ZEYGEM), erken ya\u015fta sinemaya g\u00f6n\u00fcl veren gen\u00e7lerin bu alanda kendilerini geli\u015ftirip, gelece\u011fe yat\u0131r\u0131m yapmalar\u0131 i\u00e7in 12 hafta s\u00fcrecek \u2018K\u0131sa Film At\u00f6lyesi\u2019 e\u011fitimlerine ba\u015fl\u0131yor. \u200bZeytinburnu Gen\u00e7lik Merkezi (ZEYGEM), erken ya\u015fta sinemaya g\u00f6n\u00fcl veren gen\u00e7lerin bu alanda kendilerini geli\u015ftirip, gelece\u011fe yat\u0131r\u0131m yapmalar\u0131 i\u00e7in 12 hafta s\u00fcrecek \u2018K\u0131sa Film At\u00f6lyesi\u2019 e\u011fitimlerine ba\u015fl\u0131yor.\u00a0 \u200bHaberin Al\u0131nt\u0131land\u0131\u011f\u0131 Kaynak: www.iskenderun.org<\/p>","protected":false},"author":0,"featured_media":0,"comment_status":"open","ping_status":"open","sticky":false,"template":"","format":"standard","meta":{"_acf_changed":false,"footnotes":""},"categories":[24,535],"tags":[],"class_list":["post-14889","post","type-post","status-publish","format-standard","has-post-thumbnail","hentry","category-gundem","category-uncategorized-tr"],"acf":[],"yoast_head":"<!-- This site is optimized with the Yoast SEO Premium plugin v26.6 (Yoast SEO v27.1.1) - https:\/\/yoast.com\/product\/yoast-seo-premium-wordpress\/ -->\n<title>Sinemasever Gen\u00e7ler \u0130\u00e7in K\u0131sa Film At\u00f6lyesi Ba\u015fl\u0131yor - Av. Deniz Can K\u0131z\u0131l<\/title>\n<meta name=\"robots\" content=\"index, follow, max-snippet:-1, max-image-preview:large, max-video-preview:-1\" \/>\n<link rel=\"canonical\" href=\"http:\/\/denizcankizil.tr\/ru\/haberler\/gundem\/sinemasever-gencler-icin-kisa-film-atolyesi-basliyor\/\" \/>\n<meta property=\"og:locale\" content=\"ru_RU\" \/>\n<meta property=\"og:type\" content=\"article\" \/>\n<meta property=\"og:title\" content=\"Sinemasever Gen\u00e7ler \u0130\u00e7in K\u0131sa Film At\u00f6lyesi Ba\u015fl\u0131yor\" \/>\n<meta property=\"og:description\" content=\"Zeytinburnu Gen\u00e7lik Merkezi (ZEYGEM), erken ya\u015fta sinemaya g\u00f6n\u00fcl veren gen\u00e7lerin bu alanda kendilerini geli\u015ftirip, gelece\u011fe yat\u0131r\u0131m yapmalar\u0131 i\u00e7in 12 hafta s\u00fcrecek \u2018K\u0131sa Film At\u00f6lyesi\u2019 e\u011fitimlerine ba\u015fl\u0131yor. \u200bZeytinburnu Gen\u00e7lik Merkezi (ZEYGEM), erken ya\u015fta sinemaya g\u00f6n\u00fcl veren gen\u00e7lerin bu alanda kendilerini geli\u015ftirip, gelece\u011fe yat\u0131r\u0131m yapmalar\u0131 i\u00e7in 12 hafta s\u00fcrecek \u2018K\u0131sa Film At\u00f6lyesi\u2019 e\u011fitimlerine ba\u015fl\u0131yor.\u00a0 \u200bHaberin Al\u0131nt\u0131land\u0131\u011f\u0131 Kaynak: www.iskenderun.org\" \/>\n<meta property=\"og:url\" content=\"http:\/\/denizcankizil.tr\/ru\/haberler\/gundem\/sinemasever-gencler-icin-kisa-film-atolyesi-basliyor\/\" \/>\n<meta property=\"og:site_name\" content=\"Av. Deniz Can K\u0131z\u0131l\" \/>\n<meta property=\"article:published_time\" content=\"2024-11-09T08:41:46+00:00\" \/>\n<meta name=\"twitter:card\" content=\"summary_large_image\" \/>\n<script type=\"application\/ld+json\" class=\"yoast-schema-graph\">{\"@context\":\"https:\/\/schema.org\",\"@graph\":[{\"@type\":\"Article\",\"@id\":\"http:\/\/denizcankizil.tr\/ru\/haberler\/gundem\/sinemasever-gencler-icin-kisa-film-atolyesi-basliyor\/#article\",\"isPartOf\":{\"@id\":\"http:\/\/denizcankizil.tr\/ru\/haberler\/gundem\/sinemasever-gencler-icin-kisa-film-atolyesi-basliyor\/\"},\"author\":{\"name\":\"\",\"@id\":\"\"},\"headline\":\"Sinemasever Gen\u00e7ler \u0130\u00e7in K\u0131sa Film At\u00f6lyesi Ba\u015fl\u0131yor\",\"datePublished\":\"2024-11-09T08:41:46+00:00\",\"mainEntityOfPage\":{\"@id\":\"http:\/\/denizcankizil.tr\/ru\/haberler\/gundem\/sinemasever-gencler-icin-kisa-film-atolyesi-basliyor\/\"},\"wordCount\":102,\"commentCount\":0,\"publisher\":{\"@id\":\"https:\/\/denizcankizil.tr\/#organization\"},\"articleSection\":[\"G\u00fcndem\",\"Uncategorized\"],\"inLanguage\":\"ru-RU\",\"potentialAction\":[{\"@type\":\"CommentAction\",\"name\":\"Comment\",\"target\":[\"http:\/\/denizcankizil.tr\/ru\/haberler\/gundem\/sinemasever-gencler-icin-kisa-film-atolyesi-basliyor\/#respond\"]}]},{\"@type\":\"WebPage\",\"@id\":\"http:\/\/denizcankizil.tr\/ru\/haberler\/gundem\/sinemasever-gencler-icin-kisa-film-atolyesi-basliyor\/\",\"url\":\"http:\/\/denizcankizil.tr\/ru\/haberler\/gundem\/sinemasever-gencler-icin-kisa-film-atolyesi-basliyor\/\",\"name\":\"Sinemasever Gen\u00e7ler \u0130\u00e7in K\u0131sa Film At\u00f6lyesi Ba\u015fl\u0131yor - Av. Deniz Can K\u0131z\u0131l\",\"isPartOf\":{\"@id\":\"https:\/\/denizcankizil.tr\/#website\"},\"datePublished\":\"2024-11-09T08:41:46+00:00\",\"breadcrumb\":{\"@id\":\"http:\/\/denizcankizil.tr\/ru\/haberler\/gundem\/sinemasever-gencler-icin-kisa-film-atolyesi-basliyor\/#breadcrumb\"},\"inLanguage\":\"ru-RU\",\"potentialAction\":[{\"@type\":\"ReadAction\",\"target\":[\"http:\/\/denizcankizil.tr\/ru\/haberler\/gundem\/sinemasever-gencler-icin-kisa-film-atolyesi-basliyor\/\"]}]},{\"@type\":\"BreadcrumbList\",\"@id\":\"http:\/\/denizcankizil.tr\/ru\/haberler\/gundem\/sinemasever-gencler-icin-kisa-film-atolyesi-basliyor\/#breadcrumb\",\"itemListElement\":[{\"@type\":\"ListItem\",\"position\":1,\"name\":\"Home\",\"item\":\"https:\/\/denizcankizil.tr\/de\/\"},{\"@type\":\"ListItem\",\"position\":2,\"name\":\"Sinemasever Gen\u00e7ler \u0130\u00e7in K\u0131sa Film At\u00f6lyesi Ba\u015fl\u0131yor\"}]},{\"@type\":\"WebSite\",\"@id\":\"https:\/\/denizcankizil.tr\/#website\",\"url\":\"https:\/\/denizcankizil.tr\/\",\"name\":\"Av. Deniz Can K\u0131z\u0131l\",\"description\":\"Avukat Deniz Can K\u0131z\u0131l Antalya Barosu\",\"publisher\":{\"@id\":\"https:\/\/denizcankizil.tr\/#organization\"},\"potentialAction\":[{\"@type\":\"SearchAction\",\"target\":{\"@type\":\"EntryPoint\",\"urlTemplate\":\"https:\/\/denizcankizil.tr\/?s={search_term_string}\"},\"query-input\":{\"@type\":\"PropertyValueSpecification\",\"valueRequired\":true,\"valueName\":\"search_term_string\"}}],\"inLanguage\":\"ru-RU\"},{\"@type\":\"Organization\",\"@id\":\"https:\/\/denizcankizil.tr\/#organization\",\"name\":\"Av. Deniz Can K\u0131z\u0131l\",\"url\":\"https:\/\/denizcankizil.tr\/\",\"logo\":{\"@type\":\"ImageObject\",\"inLanguage\":\"ru-RU\",\"@id\":\"https:\/\/denizcankizil.tr\/#\/schema\/logo\/image\/\",\"url\":\"http:\/\/denizcankizil.tr\/wp-content\/uploads\/2024\/10\/siyah-logo-svg.svg\",\"contentUrl\":\"http:\/\/denizcankizil.tr\/wp-content\/uploads\/2024\/10\/siyah-logo-svg.svg\",\"width\":1080,\"height\":1080,\"caption\":\"Av. Deniz Can K\u0131z\u0131l\"},\"image\":{\"@id\":\"https:\/\/denizcankizil.tr\/#\/schema\/logo\/image\/\"}}]}<\/script>\n<!-- \/ Yoast SEO Premium plugin. -->","yoast_head_json":{"title":"Sinemasever Gen\u00e7ler \u0130\u00e7in K\u0131sa Film At\u00f6lyesi Ba\u015fl\u0131yor - Av. Deniz Can K\u0131z\u0131l","robots":{"index":"index","follow":"follow","max-snippet":"max-snippet:-1","max-image-preview":"max-image-preview:large","max-video-preview":"max-video-preview:-1"},"canonical":"http:\/\/denizcankizil.tr\/ru\/haberler\/gundem\/sinemasever-gencler-icin-kisa-film-atolyesi-basliyor\/","og_locale":"ru_RU","og_type":"article","og_title":"Sinemasever Gen\u00e7ler \u0130\u00e7in K\u0131sa Film At\u00f6lyesi Ba\u015fl\u0131yor","og_description":"Zeytinburnu Gen\u00e7lik Merkezi (ZEYGEM), erken ya\u015fta sinemaya g\u00f6n\u00fcl veren gen\u00e7lerin bu alanda kendilerini geli\u015ftirip, gelece\u011fe yat\u0131r\u0131m yapmalar\u0131 i\u00e7in 12 hafta s\u00fcrecek \u2018K\u0131sa Film At\u00f6lyesi\u2019 e\u011fitimlerine ba\u015fl\u0131yor. \u200bZeytinburnu Gen\u00e7lik Merkezi (ZEYGEM), erken ya\u015fta sinemaya g\u00f6n\u00fcl veren gen\u00e7lerin bu alanda kendilerini geli\u015ftirip, gelece\u011fe yat\u0131r\u0131m yapmalar\u0131 i\u00e7in 12 hafta s\u00fcrecek \u2018K\u0131sa Film At\u00f6lyesi\u2019 e\u011fitimlerine ba\u015fl\u0131yor.\u00a0 \u200bHaberin Al\u0131nt\u0131land\u0131\u011f\u0131 Kaynak: www.iskenderun.org","og_url":"http:\/\/denizcankizil.tr\/ru\/haberler\/gundem\/sinemasever-gencler-icin-kisa-film-atolyesi-basliyor\/","og_site_name":"Av. Deniz Can K\u0131z\u0131l","article_published_time":"2024-11-09T08:41:46+00:00","twitter_card":"summary_large_image","schema":{"@context":"https:\/\/schema.org","@graph":[{"@type":"Article","@id":"http:\/\/denizcankizil.tr\/ru\/haberler\/gundem\/sinemasever-gencler-icin-kisa-film-atolyesi-basliyor\/#article","isPartOf":{"@id":"http:\/\/denizcankizil.tr\/ru\/haberler\/gundem\/sinemasever-gencler-icin-kisa-film-atolyesi-basliyor\/"},"author":{"name":"","@id":""},"headline":"Sinemasever Gen\u00e7ler \u0130\u00e7in K\u0131sa Film At\u00f6lyesi Ba\u015fl\u0131yor","datePublished":"2024-11-09T08:41:46+00:00","mainEntityOfPage":{"@id":"http:\/\/denizcankizil.tr\/ru\/haberler\/gundem\/sinemasever-gencler-icin-kisa-film-atolyesi-basliyor\/"},"wordCount":102,"commentCount":0,"publisher":{"@id":"https:\/\/denizcankizil.tr\/#organization"},"articleSection":["G\u00fcndem","Uncategorized"],"inLanguage":"ru-RU","potentialAction":[{"@type":"CommentAction","name":"Comment","target":["http:\/\/denizcankizil.tr\/ru\/haberler\/gundem\/sinemasever-gencler-icin-kisa-film-atolyesi-basliyor\/#respond"]}]},{"@type":"WebPage","@id":"http:\/\/denizcankizil.tr\/ru\/haberler\/gundem\/sinemasever-gencler-icin-kisa-film-atolyesi-basliyor\/","url":"http:\/\/denizcankizil.tr\/ru\/haberler\/gundem\/sinemasever-gencler-icin-kisa-film-atolyesi-basliyor\/","name":"Sinemasever Gen\u00e7ler \u0130\u00e7in K\u0131sa Film At\u00f6lyesi Ba\u015fl\u0131yor - Av. Deniz Can K\u0131z\u0131l","isPartOf":{"@id":"https:\/\/denizcankizil.tr\/#website"},"datePublished":"2024-11-09T08:41:46+00:00","breadcrumb":{"@id":"http:\/\/denizcankizil.tr\/ru\/haberler\/gundem\/sinemasever-gencler-icin-kisa-film-atolyesi-basliyor\/#breadcrumb"},"inLanguage":"ru-RU","potentialAction":[{"@type":"ReadAction","target":["http:\/\/denizcankizil.tr\/ru\/haberler\/gundem\/sinemasever-gencler-icin-kisa-film-atolyesi-basliyor\/"]}]},{"@type":"BreadcrumbList","@id":"http:\/\/denizcankizil.tr\/ru\/haberler\/gundem\/sinemasever-gencler-icin-kisa-film-atolyesi-basliyor\/#breadcrumb","itemListElement":[{"@type":"ListItem","position":1,"name":"Home","item":"https:\/\/denizcankizil.tr\/de\/"},{"@type":"ListItem","position":2,"name":"Sinemasever Gen\u00e7ler \u0130\u00e7in K\u0131sa Film At\u00f6lyesi Ba\u015fl\u0131yor"}]},{"@type":"WebSite","@id":"https:\/\/denizcankizil.tr\/#website","url":"https:\/\/denizcankizil.tr\/","name":"Av. Deniz Can K\u0131z\u0131l","description":"Avukat Deniz Can K\u0131z\u0131l Antalya Barosu","publisher":{"@id":"https:\/\/denizcankizil.tr\/#organization"},"potentialAction":[{"@type":"SearchAction","target":{"@type":"EntryPoint","urlTemplate":"https:\/\/denizcankizil.tr\/?s={search_term_string}"},"query-input":{"@type":"PropertyValueSpecification","valueRequired":true,"valueName":"search_term_string"}}],"inLanguage":"ru-RU"},{"@type":"Organization","@id":"https:\/\/denizcankizil.tr\/#organization","name":"Av. Deniz Can K\u0131z\u0131l","url":"https:\/\/denizcankizil.tr\/","logo":{"@type":"ImageObject","inLanguage":"ru-RU","@id":"https:\/\/denizcankizil.tr\/#\/schema\/logo\/image\/","url":"http:\/\/denizcankizil.tr\/wp-content\/uploads\/2024\/10\/siyah-logo-svg.svg","contentUrl":"http:\/\/denizcankizil.tr\/wp-content\/uploads\/2024\/10\/siyah-logo-svg.svg","width":1080,"height":1080,"caption":"Av. Deniz Can K\u0131z\u0131l"},"image":{"@id":"https:\/\/denizcankizil.tr\/#\/schema\/logo\/image\/"}}]}},"_links":{"self":[{"href":"http:\/\/denizcankizil.tr\/ru\/wp-json\/wp\/v2\/posts\/14889","targetHints":{"allow":["GET"]}}],"collection":[{"href":"http:\/\/denizcankizil.tr\/ru\/wp-json\/wp\/v2\/posts"}],"about":[{"href":"http:\/\/denizcankizil.tr\/ru\/wp-json\/wp\/v2\/types\/post"}],"replies":[{"embeddable":true,"href":"http:\/\/denizcankizil.tr\/ru\/wp-json\/wp\/v2\/comments?post=14889"}],"version-history":[{"count":0,"href":"http:\/\/denizcankizil.tr\/ru\/wp-json\/wp\/v2\/posts\/14889\/revisions"}],"wp:attachment":[{"href":"http:\/\/denizcankizil.tr\/ru\/wp-json\/wp\/v2\/media?parent=14889"}],"wp:term":[{"taxonomy":"category","embeddable":true,"href":"http:\/\/denizcankizil.tr\/ru\/wp-json\/wp\/v2\/categories?post=14889"},{"taxonomy":"post_tag","embeddable":true,"href":"http:\/\/denizcankizil.tr\/ru\/wp-json\/wp\/v2\/tags?post=14889"}],"curies":[{"name":"wp","href":"https:\/\/api.w.org\/{rel}","templated":true}]}}