{"id":146829,"date":"2025-07-15T15:41:39","date_gmt":"2025-07-15T12:41:39","guid":{"rendered":"https:\/\/denizcankizil.tr\/uncategorized-tr\/baskan-kotandan-taksici-esnafina-destek\/"},"modified":"2025-07-15T15:41:39","modified_gmt":"2025-07-15T12:41:39","slug":"baskan-kotandan-taksici-esnafina-destek","status":"publish","type":"post","link":"http:\/\/denizcankizil.tr\/ru\/haberler\/gundem\/baskan-kotandan-taksici-esnafina-destek\/","title":{"rendered":"Ba\u015fkan Kotan&#8217;dan taksici esnaf\u0131na destek"},"content":{"rendered":"<p>Konyaalt\u0131 Belediye Ba\u015fkan\u0131 Cem Kotan, Konyaalt\u0131\u2019nda faaliyet g\u00f6steren Akdeniz Taksi Dura\u011f\u0131\u2019n\u0131n d\u00fczenledi\u011fi A\u015fure Lokmas\u0131 ikram\u0131na konuk oldu. A\u015fure Lokmas\u0131 ikram\u0131nda Ba\u015fkan Kotan\u2019\u0131n yan\u0131 s\u0131ra; Akdeniz Taksi Dura\u011f\u0131 Ba\u015fkan\u0131 Ali Tatl\u0131, P\u0131narba\u015f\u0131 Taksi Dura\u011f\u0131 Ba\u015fkan\u0131 Selim Ak\u00e7il, Havaliman\u0131 Kooperatif Ba\u015fkan\u0131 Tuncay Alayl\u0131, Alt\u0131nkum Taksi Dura\u011f\u0131 Ba\u015fkan\u0131 Cafer Kahyao\u011flu, Sahil Taksi Dura\u011f\u0131 Ba\u015fkan\u0131 Muammer Aykut, AS Taksi Dura\u011f\u0131 Ba\u015fkan\u0131 Erhan Levent, Otogar Taksi Dura\u011f\u0131 Ba\u015fkan\u0131 Ersin Kahyao\u011flu, \u00d6zdilek Taksi Dura\u011f\u0131 Ba\u015fkan\u0131 O\u011fuzhan Borazan, Alt\u0131nova Alt\u0131n Taksi Dura\u011f\u0131 Ba\u015fkan\u0131 G\u00fcrkan Arslan ve Kundu B\u00f6lgesi\u2019nden Serdar Arslan da yer ald\u0131.<\/p>\n<p>BA\u015eKAN KOTAN, TAKS\u0130C\u0130 ESNAFINI D\u0130NLED\u0130 <\/p>\n<p>Ba\u015fkan Kotan, kurulan dayan\u0131\u015fma sofras\u0131nda taksici esnaf\u0131n\u0131n talep ve sorunlar\u0131n\u0131 dinlemeyi de ihmal etmedi. Gerek planl\u0131 esnaf ziyaretlerinde gerekse de bireysel y\u00fcr\u00fcy\u00fc\u015flerinde il\u00e7edeki taksi duraklar\u0131na u\u011frayarak taksici esnaf\u0131n\u0131 dinleyen Kotan, t\u00fcm esnafa oldu\u011fu gibi taksici esnaf\u0131n\u0131n da daima yanlar\u0131nda olduklar\u0131n\u0131 ve var olan sorunlar\u0131 \u00e7\u00f6zmek i\u00e7in ellerinden gelen gayreti g\u00f6sterdiklerini dile getirdi. \u00d6te yandan t\u00fcm taksici esnaf\u0131, g\u00f6sterilen ilgi i\u00e7in hem de kendilerini k\u0131rmayarak dayan\u0131\u015fma sofras\u0131na geldi\u011fi i\u00e7in Ba\u015fkan Kotan\u2019a te\u015fekk\u00fcr etti. Kotan da ayn\u0131 \u015fekilde misafirperverlikleri i\u00e7in t\u00fcm taksici esnaf\u0131na memnuniyetini dile getirdi.<\/p>\n<p>&#8220;TAKS\u0130C\u0130 ESNAFI HALKIN G\u00d6Z\u00dc KULA\u011eI&#8221; <\/p>\n<p>Taksici esnaf\u0131yla aras\u0131ndaki ba\u011f\u0131n \u00e7ok kuvvetli oldu\u011funu ve kendisine her zaman ho\u015fg\u00f6r\u00fcyle yakla\u015ft\u0131klar\u0131n\u0131 belirten Konyaalt\u0131 Belediye Ba\u015fkan\u0131 Cem Kotan, \u201cBug\u00fcn bir dayan\u0131\u015fma sofras\u0131nda bir araya geldik. Biz sizlerle ilk kez bulu\u015fmuyoruz. Her zaman g\u00f6n\u00fcl g\u00f6n\u00fcle, omuz omuza il\u00e7emiz i\u00e7in \u00e7al\u0131\u015f\u0131yoruz. \u0130yi ki vars\u0131n\u0131z\u201d dedi. Taksici esnaf\u0131n\u0131n halkla daima i\u00e7 i\u00e7e oldu\u011funu vurgulayan Kotan, \u201cTaksici esnaf\u0131m\u0131z halk\u0131n g\u00f6z\u00fc kula\u011f\u0131. G\u00fcnde onlarca insan\u0131m\u0131z taksicilerimizle sohbet halinde oluyor. Taksicilerimiz, hi\u00e7 de kolay olmayan bir g\u00f6revi \u00fcstleniyorlar. Bizler, Konyaalt\u0131 Belediyesi olarak her zaman kendilerinin sorunlar\u0131na kulak veriyor ve yanlar\u0131nda oluyoruz. Taksicilik, bir kentin, bir \u00fclkenin sorunlar\u0131n\u0131 en iyi yans\u0131tabilecek mesleklerin her zaman ilk s\u0131ralar\u0131nda yer al\u0131yor\u201d \u015feklinde konu\u015ftu.<\/p>\n<p>&#8220;CEM BA\u015eKANIMIZ B\u0130Z\u0130 H\u0130\u00c7 YALNIZ BIRAKMADI&#8221;<\/p>\n<p>A\u015fure Lokmas\u0131 ikram\u0131n\u0131 d\u00fczenleyerek dayan\u0131\u015fma sofras\u0131na ev sahipli\u011fi yapan ve kendilerine hi\u00e7bir zaman kay\u0131ts\u0131z kalmad\u0131\u011f\u0131 i\u00e7in Ba\u015fkan Kotan\u2019a te\u015fekk\u00fcrlerini ileten Akdeniz Taksi Dura\u011f\u0131 Ba\u015fkan\u0131 Ali Tatl\u0131, \u201cCem Ba\u015fkan\u0131m\u0131z g\u00f6reve gelmeden \u00f6nce de geldikten sonra da bizi hi\u00e7 yaln\u0131z b\u0131rakmad\u0131. Ne zaman ula\u015fmaya \u00e7al\u0131\u015fsak her zaman bizi dinliyor. Sorunlar\u0131m\u0131za kulak veriyor ve \u00e7\u00f6z\u00fcm i\u00e7in u\u011fra\u015f\u0131yor. Kendisine bize verdi\u011fi destek i\u00e7in \u00e7ok te\u015fekk\u00fcr ediyoruz. Ba\u015fkan\u0131m\u0131z her zaman bizim yan\u0131m\u0131zda\u201d diye konu\u015ftu.<\/p>\n<p>\u200bKonyaalt\u0131 Belediye Ba\u015fkan\u0131 Cem Kotan, Akdeniz Taksi Dura\u011f\u0131&#8217;n\u0131n d\u00fczenledi\u011fi A\u015fure Lokmas\u0131 etkinli\u011finde taksici esnaf\u0131yla bir araya geldi. Esnaf\u0131n talep ve sorunlar\u0131n\u0131 dinleyen Ba\u015fkan Kotan, &#8220;Tasici esnaf\u0131 halk\u0131n g\u00f6z\u00fc kula\u011f\u0131d\u0131r; biz de her zaman yanlar\u0131nday\u0131z&#8221; dedi.\u00a0<\/p>\n<p>\u200bHaberin Al\u0131nt\u0131land\u0131\u011f\u0131 Kaynak: www.antalyakorfez.com<\/p>","protected":false},"excerpt":{"rendered":"<p>Konyaalt\u0131 Belediye Ba\u015fkan\u0131 Cem Kotan, Konyaalt\u0131\u2019nda faaliyet g\u00f6steren Akdeniz Taksi Dura\u011f\u0131\u2019n\u0131n d\u00fczenledi\u011fi A\u015fure Lokmas\u0131 ikram\u0131na konuk oldu. A\u015fure Lokmas\u0131 ikram\u0131nda Ba\u015fkan Kotan\u2019\u0131n yan\u0131 s\u0131ra; Akdeniz Taksi Dura\u011f\u0131 Ba\u015fkan\u0131 Ali Tatl\u0131, P\u0131narba\u015f\u0131 Taksi Dura\u011f\u0131 Ba\u015fkan\u0131 Selim Ak\u00e7il, Havaliman\u0131 Kooperatif Ba\u015fkan\u0131 Tuncay Alayl\u0131, Alt\u0131nkum Taksi Dura\u011f\u0131 Ba\u015fkan\u0131 Cafer Kahyao\u011flu, Sahil Taksi Dura\u011f\u0131 Ba\u015fkan\u0131 Muammer Aykut, AS Taksi Dura\u011f\u0131 Ba\u015fkan\u0131 Erhan Levent, Otogar Taksi Dura\u011f\u0131 Ba\u015fkan\u0131 Ersin Kahyao\u011flu, \u00d6zdilek Taksi Dura\u011f\u0131 Ba\u015fkan\u0131 O\u011fuzhan Borazan, Alt\u0131nova Alt\u0131n Taksi Dura\u011f\u0131 Ba\u015fkan\u0131 G\u00fcrkan Arslan ve Kundu B\u00f6lgesi\u2019nden Serdar Arslan da yer ald\u0131. BA\u015eKAN KOTAN, TAKS\u0130C\u0130 ESNAFINI D\u0130NLED\u0130 Ba\u015fkan Kotan, kurulan dayan\u0131\u015fma sofras\u0131nda taksici esnaf\u0131n\u0131n talep ve sorunlar\u0131n\u0131 dinlemeyi de ihmal etmedi. Gerek planl\u0131 esnaf ziyaretlerinde gerekse de bireysel y\u00fcr\u00fcy\u00fc\u015flerinde il\u00e7edeki taksi duraklar\u0131na u\u011frayarak taksici esnaf\u0131n\u0131 dinleyen Kotan, t\u00fcm esnafa oldu\u011fu gibi taksici esnaf\u0131n\u0131n da daima yanlar\u0131nda olduklar\u0131n\u0131 ve var olan sorunlar\u0131 \u00e7\u00f6zmek i\u00e7in ellerinden gelen gayreti g\u00f6sterdiklerini dile getirdi. \u00d6te yandan t\u00fcm taksici esnaf\u0131, g\u00f6sterilen ilgi i\u00e7in hem de kendilerini k\u0131rmayarak dayan\u0131\u015fma sofras\u0131na geldi\u011fi i\u00e7in Ba\u015fkan Kotan\u2019a te\u015fekk\u00fcr etti. Kotan da ayn\u0131 \u015fekilde misafirperverlikleri i\u00e7in t\u00fcm taksici esnaf\u0131na memnuniyetini dile getirdi. &#8220;TAKS\u0130C\u0130 ESNAFI HALKIN G\u00d6Z\u00dc KULA\u011eI&#8221; Taksici esnaf\u0131yla aras\u0131ndaki ba\u011f\u0131n \u00e7ok kuvvetli oldu\u011funu ve kendisine her zaman ho\u015fg\u00f6r\u00fcyle yakla\u015ft\u0131klar\u0131n\u0131 belirten Konyaalt\u0131 Belediye Ba\u015fkan\u0131 Cem Kotan, \u201cBug\u00fcn &hellip;<\/p>","protected":false},"author":5,"featured_media":0,"comment_status":"","ping_status":"open","sticky":false,"template":"","format":"standard","meta":{"_acf_changed":false,"footnotes":""},"categories":[24],"tags":[],"class_list":["post-146829","post","type-post","status-publish","format-standard","has-post-thumbnail","hentry","category-gundem"],"acf":[],"yoast_head":"<!-- This site is optimized with the Yoast SEO Premium plugin v26.6 (Yoast SEO v27.1.1) - https:\/\/yoast.com\/product\/yoast-seo-premium-wordpress\/ -->\n<title>Ba\u015fkan Kotan&#039;dan taksici esnaf\u0131na destek - Av. Deniz Can K\u0131z\u0131l<\/title>\n<meta name=\"robots\" content=\"index, follow, max-snippet:-1, max-image-preview:large, max-video-preview:-1\" \/>\n<link rel=\"canonical\" href=\"https:\/\/denizcankizil.tr\/ru\/haberler\/gundem\/baskan-kotandan-taksici-esnafina-destek\/\" \/>\n<meta property=\"og:locale\" content=\"ru_RU\" \/>\n<meta property=\"og:type\" content=\"article\" \/>\n<meta property=\"og:title\" content=\"Ba\u015fkan Kotan&#039;dan taksici esnaf\u0131na destek\" \/>\n<meta property=\"og:description\" content=\"Konyaalt\u0131 Belediye Ba\u015fkan\u0131 Cem Kotan, Konyaalt\u0131\u2019nda faaliyet g\u00f6steren Akdeniz Taksi Dura\u011f\u0131\u2019n\u0131n d\u00fczenledi\u011fi A\u015fure Lokmas\u0131 ikram\u0131na konuk oldu. A\u015fure Lokmas\u0131 ikram\u0131nda Ba\u015fkan Kotan\u2019\u0131n yan\u0131 s\u0131ra; Akdeniz Taksi Dura\u011f\u0131 Ba\u015fkan\u0131 Ali Tatl\u0131, P\u0131narba\u015f\u0131 Taksi Dura\u011f\u0131 Ba\u015fkan\u0131 Selim Ak\u00e7il, Havaliman\u0131 Kooperatif Ba\u015fkan\u0131 Tuncay Alayl\u0131, Alt\u0131nkum Taksi Dura\u011f\u0131 Ba\u015fkan\u0131 Cafer Kahyao\u011flu, Sahil Taksi Dura\u011f\u0131 Ba\u015fkan\u0131 Muammer Aykut, AS Taksi Dura\u011f\u0131 Ba\u015fkan\u0131 Erhan Levent, Otogar Taksi Dura\u011f\u0131 Ba\u015fkan\u0131 Ersin Kahyao\u011flu, \u00d6zdilek Taksi Dura\u011f\u0131 Ba\u015fkan\u0131 O\u011fuzhan Borazan, Alt\u0131nova Alt\u0131n Taksi Dura\u011f\u0131 Ba\u015fkan\u0131 G\u00fcrkan Arslan ve Kundu B\u00f6lgesi\u2019nden Serdar Arslan da yer ald\u0131. BA\u015eKAN KOTAN, TAKS\u0130C\u0130 ESNAFINI D\u0130NLED\u0130 Ba\u015fkan Kotan, kurulan dayan\u0131\u015fma sofras\u0131nda taksici esnaf\u0131n\u0131n talep ve sorunlar\u0131n\u0131 dinlemeyi de ihmal etmedi. Gerek planl\u0131 esnaf ziyaretlerinde gerekse de bireysel y\u00fcr\u00fcy\u00fc\u015flerinde il\u00e7edeki taksi duraklar\u0131na u\u011frayarak taksici esnaf\u0131n\u0131 dinleyen Kotan, t\u00fcm esnafa oldu\u011fu gibi taksici esnaf\u0131n\u0131n da daima yanlar\u0131nda olduklar\u0131n\u0131 ve var olan sorunlar\u0131 \u00e7\u00f6zmek i\u00e7in ellerinden gelen gayreti g\u00f6sterdiklerini dile getirdi. \u00d6te yandan t\u00fcm taksici esnaf\u0131, g\u00f6sterilen ilgi i\u00e7in hem de kendilerini k\u0131rmayarak dayan\u0131\u015fma sofras\u0131na geldi\u011fi i\u00e7in Ba\u015fkan Kotan\u2019a te\u015fekk\u00fcr etti. Kotan da ayn\u0131 \u015fekilde misafirperverlikleri i\u00e7in t\u00fcm taksici esnaf\u0131na memnuniyetini dile getirdi. &#8220;TAKS\u0130C\u0130 ESNAFI HALKIN G\u00d6Z\u00dc KULA\u011eI&#8221; Taksici esnaf\u0131yla aras\u0131ndaki ba\u011f\u0131n \u00e7ok kuvvetli oldu\u011funu ve kendisine her zaman ho\u015fg\u00f6r\u00fcyle yakla\u015ft\u0131klar\u0131n\u0131 belirten Konyaalt\u0131 Belediye Ba\u015fkan\u0131 Cem Kotan, \u201cBug\u00fcn &hellip;\" \/>\n<meta property=\"og:url\" content=\"https:\/\/denizcankizil.tr\/ru\/haberler\/gundem\/baskan-kotandan-taksici-esnafina-destek\/\" \/>\n<meta property=\"og:site_name\" content=\"Av. Deniz Can K\u0131z\u0131l\" \/>\n<meta property=\"article:published_time\" content=\"2025-07-15T12:41:39+00:00\" \/>\n<meta name=\"author\" content=\"Antalya K\u00f6rfez\" \/>\n<meta name=\"twitter:card\" content=\"summary_large_image\" \/>\n<meta name=\"twitter:label1\" content=\"\u041d\u0430\u043f\u0438\u0441\u0430\u043d\u043e \u0430\u0432\u0442\u043e\u0440\u043e\u043c\" \/>\n\t<meta name=\"twitter:data1\" content=\"Antalya K\u00f6rfez\" \/>\n\t<meta name=\"twitter:label2\" content=\"\u041f\u0440\u0438\u043c\u0435\u0440\u043d\u043e\u0435 \u0432\u0440\u0435\u043c\u044f \u0434\u043b\u044f \u0447\u0442\u0435\u043d\u0438\u044f\" \/>\n\t<meta name=\"twitter:data2\" content=\"3 \u043c\u0438\u043d\u0443\u0442\u044b\" \/>\n<script type=\"application\/ld+json\" class=\"yoast-schema-graph\">{\"@context\":\"https:\/\/schema.org\",\"@graph\":[{\"@type\":\"Article\",\"@id\":\"https:\/\/denizcankizil.tr\/uk\/haberler\/gundem\/baskan-kotandan-taksici-esnafina-destek\/#article\",\"isPartOf\":{\"@id\":\"https:\/\/denizcankizil.tr\/uk\/haberler\/gundem\/baskan-kotandan-taksici-esnafina-destek\/\"},\"author\":{\"name\":\"Antalya K\u00f6rfez\",\"@id\":\"https:\/\/denizcankizil.tr\/de\/#\/schema\/person\/e1eb71bb4dd684d46563f0af307e1234\"},\"headline\":\"Ba\u015fkan Kotan&#8217;dan taksici esnaf\u0131na destek\",\"datePublished\":\"2025-07-15T12:41:39+00:00\",\"mainEntityOfPage\":{\"@id\":\"https:\/\/denizcankizil.tr\/uk\/haberler\/gundem\/baskan-kotandan-taksici-esnafina-destek\/\"},\"wordCount\":588,\"publisher\":{\"@id\":\"https:\/\/denizcankizil.tr\/de\/#organization\"},\"articleSection\":[\"G\u00fcndem\"],\"inLanguage\":\"ru-RU\"},{\"@type\":\"WebPage\",\"@id\":\"https:\/\/denizcankizil.tr\/uk\/haberler\/gundem\/baskan-kotandan-taksici-esnafina-destek\/\",\"url\":\"https:\/\/denizcankizil.tr\/uk\/haberler\/gundem\/baskan-kotandan-taksici-esnafina-destek\/\",\"name\":\"Ba\u015fkan Kotan'dan taksici esnaf\u0131na destek - Av. Deniz Can K\u0131z\u0131l\",\"isPartOf\":{\"@id\":\"https:\/\/denizcankizil.tr\/de\/#website\"},\"datePublished\":\"2025-07-15T12:41:39+00:00\",\"breadcrumb\":{\"@id\":\"https:\/\/denizcankizil.tr\/uk\/haberler\/gundem\/baskan-kotandan-taksici-esnafina-destek\/#breadcrumb\"},\"inLanguage\":\"ru-RU\",\"potentialAction\":[{\"@type\":\"ReadAction\",\"target\":[\"https:\/\/denizcankizil.tr\/uk\/haberler\/gundem\/baskan-kotandan-taksici-esnafina-destek\/\"]}]},{\"@type\":\"BreadcrumbList\",\"@id\":\"https:\/\/denizcankizil.tr\/uk\/haberler\/gundem\/baskan-kotandan-taksici-esnafina-destek\/#breadcrumb\",\"itemListElement\":[{\"@type\":\"ListItem\",\"position\":1,\"name\":\"Home\",\"item\":\"https:\/\/denizcankizil.tr\/de\/\"},{\"@type\":\"ListItem\",\"position\":2,\"name\":\"Ba\u015fkan Kotan&#8217;dan taksici esnaf\u0131na destek\"}]},{\"@type\":\"WebSite\",\"@id\":\"https:\/\/denizcankizil.tr\/de\/#website\",\"url\":\"https:\/\/denizcankizil.tr\/de\/\",\"name\":\"Av. Deniz Can K\u0131z\u0131l\",\"description\":\"Avukat Deniz Can K\u0131z\u0131l Antalya Barosu\",\"publisher\":{\"@id\":\"https:\/\/denizcankizil.tr\/de\/#organization\"},\"potentialAction\":[{\"@type\":\"SearchAction\",\"target\":{\"@type\":\"EntryPoint\",\"urlTemplate\":\"https:\/\/denizcankizil.tr\/de\/?s={search_term_string}\"},\"query-input\":{\"@type\":\"PropertyValueSpecification\",\"valueRequired\":true,\"valueName\":\"search_term_string\"}}],\"inLanguage\":\"ru-RU\"},{\"@type\":\"Organization\",\"@id\":\"https:\/\/denizcankizil.tr\/de\/#organization\",\"name\":\"Av. Deniz Can K\u0131z\u0131l\",\"url\":\"https:\/\/denizcankizil.tr\/de\/\",\"logo\":{\"@type\":\"ImageObject\",\"inLanguage\":\"ru-RU\",\"@id\":\"https:\/\/denizcankizil.tr\/de\/#\/schema\/logo\/image\/\",\"url\":\"http:\/\/denizcankizil.tr\/wp-content\/uploads\/2024\/10\/siyah-logo-svg.svg\",\"contentUrl\":\"http:\/\/denizcankizil.tr\/wp-content\/uploads\/2024\/10\/siyah-logo-svg.svg\",\"width\":1080,\"height\":1080,\"caption\":\"Av. Deniz Can K\u0131z\u0131l\"},\"image\":{\"@id\":\"https:\/\/denizcankizil.tr\/de\/#\/schema\/logo\/image\/\"}},{\"@type\":\"Person\",\"@id\":\"https:\/\/denizcankizil.tr\/de\/#\/schema\/person\/e1eb71bb4dd684d46563f0af307e1234\",\"name\":\"Antalya K\u00f6rfez\",\"image\":{\"@type\":\"ImageObject\",\"inLanguage\":\"ru-RU\",\"@id\":\"https:\/\/denizcankizil.tr\/de\/#\/schema\/person\/image\/\",\"url\":\"https:\/\/secure.gravatar.com\/avatar\/42b01982558a48a0b501fdcab6a408d3717ea5919095ee2e67b0e521799c5905?s=96&d=mm&r=g\",\"contentUrl\":\"https:\/\/secure.gravatar.com\/avatar\/42b01982558a48a0b501fdcab6a408d3717ea5919095ee2e67b0e521799c5905?s=96&d=mm&r=g\",\"caption\":\"Antalya K\u00f6rfez\"},\"sameAs\":[\"http:\/\/www.antalyakorfez.com\"],\"url\":\"https:\/\/www.antalyakorfez.com\/baskan-kotandan-taksici-esnafina-destek\"}]}<\/script>\n<!-- \/ Yoast SEO Premium plugin. -->","yoast_head_json":{"title":"Ba\u015fkan Kotan'dan taksici esnaf\u0131na destek - Av. Deniz Can K\u0131z\u0131l","robots":{"index":"index","follow":"follow","max-snippet":"max-snippet:-1","max-image-preview":"max-image-preview:large","max-video-preview":"max-video-preview:-1"},"canonical":"https:\/\/denizcankizil.tr\/ru\/haberler\/gundem\/baskan-kotandan-taksici-esnafina-destek\/","og_locale":"ru_RU","og_type":"article","og_title":"Ba\u015fkan Kotan'dan taksici esnaf\u0131na destek","og_description":"Konyaalt\u0131 Belediye Ba\u015fkan\u0131 Cem Kotan, Konyaalt\u0131\u2019nda faaliyet g\u00f6steren Akdeniz Taksi Dura\u011f\u0131\u2019n\u0131n d\u00fczenledi\u011fi A\u015fure Lokmas\u0131 ikram\u0131na konuk oldu. A\u015fure Lokmas\u0131 ikram\u0131nda Ba\u015fkan Kotan\u2019\u0131n yan\u0131 s\u0131ra; Akdeniz Taksi Dura\u011f\u0131 Ba\u015fkan\u0131 Ali Tatl\u0131, P\u0131narba\u015f\u0131 Taksi Dura\u011f\u0131 Ba\u015fkan\u0131 Selim Ak\u00e7il, Havaliman\u0131 Kooperatif Ba\u015fkan\u0131 Tuncay Alayl\u0131, Alt\u0131nkum Taksi Dura\u011f\u0131 Ba\u015fkan\u0131 Cafer Kahyao\u011flu, Sahil Taksi Dura\u011f\u0131 Ba\u015fkan\u0131 Muammer Aykut, AS Taksi Dura\u011f\u0131 Ba\u015fkan\u0131 Erhan Levent, Otogar Taksi Dura\u011f\u0131 Ba\u015fkan\u0131 Ersin Kahyao\u011flu, \u00d6zdilek Taksi Dura\u011f\u0131 Ba\u015fkan\u0131 O\u011fuzhan Borazan, Alt\u0131nova Alt\u0131n Taksi Dura\u011f\u0131 Ba\u015fkan\u0131 G\u00fcrkan Arslan ve Kundu B\u00f6lgesi\u2019nden Serdar Arslan da yer ald\u0131. BA\u015eKAN KOTAN, TAKS\u0130C\u0130 ESNAFINI D\u0130NLED\u0130 Ba\u015fkan Kotan, kurulan dayan\u0131\u015fma sofras\u0131nda taksici esnaf\u0131n\u0131n talep ve sorunlar\u0131n\u0131 dinlemeyi de ihmal etmedi. Gerek planl\u0131 esnaf ziyaretlerinde gerekse de bireysel y\u00fcr\u00fcy\u00fc\u015flerinde il\u00e7edeki taksi duraklar\u0131na u\u011frayarak taksici esnaf\u0131n\u0131 dinleyen Kotan, t\u00fcm esnafa oldu\u011fu gibi taksici esnaf\u0131n\u0131n da daima yanlar\u0131nda olduklar\u0131n\u0131 ve var olan sorunlar\u0131 \u00e7\u00f6zmek i\u00e7in ellerinden gelen gayreti g\u00f6sterdiklerini dile getirdi. \u00d6te yandan t\u00fcm taksici esnaf\u0131, g\u00f6sterilen ilgi i\u00e7in hem de kendilerini k\u0131rmayarak dayan\u0131\u015fma sofras\u0131na geldi\u011fi i\u00e7in Ba\u015fkan Kotan\u2019a te\u015fekk\u00fcr etti. Kotan da ayn\u0131 \u015fekilde misafirperverlikleri i\u00e7in t\u00fcm taksici esnaf\u0131na memnuniyetini dile getirdi. &#8220;TAKS\u0130C\u0130 ESNAFI HALKIN G\u00d6Z\u00dc KULA\u011eI&#8221; Taksici esnaf\u0131yla aras\u0131ndaki ba\u011f\u0131n \u00e7ok kuvvetli oldu\u011funu ve kendisine her zaman ho\u015fg\u00f6r\u00fcyle yakla\u015ft\u0131klar\u0131n\u0131 belirten Konyaalt\u0131 Belediye Ba\u015fkan\u0131 Cem Kotan, \u201cBug\u00fcn &hellip;","og_url":"https:\/\/denizcankizil.tr\/ru\/haberler\/gundem\/baskan-kotandan-taksici-esnafina-destek\/","og_site_name":"Av. Deniz Can K\u0131z\u0131l","article_published_time":"2025-07-15T12:41:39+00:00","author":"Antalya K\u00f6rfez","twitter_card":"summary_large_image","twitter_misc":{"\u041d\u0430\u043f\u0438\u0441\u0430\u043d\u043e \u0430\u0432\u0442\u043e\u0440\u043e\u043c":"Antalya K\u00f6rfez","\u041f\u0440\u0438\u043c\u0435\u0440\u043d\u043e\u0435 \u0432\u0440\u0435\u043c\u044f \u0434\u043b\u044f \u0447\u0442\u0435\u043d\u0438\u044f":"3 \u043c\u0438\u043d\u0443\u0442\u044b"},"schema":{"@context":"https:\/\/schema.org","@graph":[{"@type":"Article","@id":"https:\/\/denizcankizil.tr\/uk\/haberler\/gundem\/baskan-kotandan-taksici-esnafina-destek\/#article","isPartOf":{"@id":"https:\/\/denizcankizil.tr\/uk\/haberler\/gundem\/baskan-kotandan-taksici-esnafina-destek\/"},"author":{"name":"Antalya K\u00f6rfez","@id":"https:\/\/denizcankizil.tr\/de\/#\/schema\/person\/e1eb71bb4dd684d46563f0af307e1234"},"headline":"Ba\u015fkan Kotan&#8217;dan taksici esnaf\u0131na destek","datePublished":"2025-07-15T12:41:39+00:00","mainEntityOfPage":{"@id":"https:\/\/denizcankizil.tr\/uk\/haberler\/gundem\/baskan-kotandan-taksici-esnafina-destek\/"},"wordCount":588,"publisher":{"@id":"https:\/\/denizcankizil.tr\/de\/#organization"},"articleSection":["G\u00fcndem"],"inLanguage":"ru-RU"},{"@type":"WebPage","@id":"https:\/\/denizcankizil.tr\/uk\/haberler\/gundem\/baskan-kotandan-taksici-esnafina-destek\/","url":"https:\/\/denizcankizil.tr\/uk\/haberler\/gundem\/baskan-kotandan-taksici-esnafina-destek\/","name":"Ba\u015fkan Kotan'dan taksici esnaf\u0131na destek - Av. Deniz Can K\u0131z\u0131l","isPartOf":{"@id":"https:\/\/denizcankizil.tr\/de\/#website"},"datePublished":"2025-07-15T12:41:39+00:00","breadcrumb":{"@id":"https:\/\/denizcankizil.tr\/uk\/haberler\/gundem\/baskan-kotandan-taksici-esnafina-destek\/#breadcrumb"},"inLanguage":"ru-RU","potentialAction":[{"@type":"ReadAction","target":["https:\/\/denizcankizil.tr\/uk\/haberler\/gundem\/baskan-kotandan-taksici-esnafina-destek\/"]}]},{"@type":"BreadcrumbList","@id":"https:\/\/denizcankizil.tr\/uk\/haberler\/gundem\/baskan-kotandan-taksici-esnafina-destek\/#breadcrumb","itemListElement":[{"@type":"ListItem","position":1,"name":"Home","item":"https:\/\/denizcankizil.tr\/de\/"},{"@type":"ListItem","position":2,"name":"Ba\u015fkan Kotan&#8217;dan taksici esnaf\u0131na destek"}]},{"@type":"WebSite","@id":"https:\/\/denizcankizil.tr\/de\/#website","url":"https:\/\/denizcankizil.tr\/de\/","name":"Av. Deniz Can K\u0131z\u0131l","description":"Avukat Deniz Can K\u0131z\u0131l Antalya Barosu","publisher":{"@id":"https:\/\/denizcankizil.tr\/de\/#organization"},"potentialAction":[{"@type":"SearchAction","target":{"@type":"EntryPoint","urlTemplate":"https:\/\/denizcankizil.tr\/de\/?s={search_term_string}"},"query-input":{"@type":"PropertyValueSpecification","valueRequired":true,"valueName":"search_term_string"}}],"inLanguage":"ru-RU"},{"@type":"Organization","@id":"https:\/\/denizcankizil.tr\/de\/#organization","name":"Av. Deniz Can K\u0131z\u0131l","url":"https:\/\/denizcankizil.tr\/de\/","logo":{"@type":"ImageObject","inLanguage":"ru-RU","@id":"https:\/\/denizcankizil.tr\/de\/#\/schema\/logo\/image\/","url":"http:\/\/denizcankizil.tr\/wp-content\/uploads\/2024\/10\/siyah-logo-svg.svg","contentUrl":"http:\/\/denizcankizil.tr\/wp-content\/uploads\/2024\/10\/siyah-logo-svg.svg","width":1080,"height":1080,"caption":"Av. Deniz Can K\u0131z\u0131l"},"image":{"@id":"https:\/\/denizcankizil.tr\/de\/#\/schema\/logo\/image\/"}},{"@type":"Person","@id":"https:\/\/denizcankizil.tr\/de\/#\/schema\/person\/e1eb71bb4dd684d46563f0af307e1234","name":"Antalya K\u00f6rfez","image":{"@type":"ImageObject","inLanguage":"ru-RU","@id":"https:\/\/denizcankizil.tr\/de\/#\/schema\/person\/image\/","url":"https:\/\/secure.gravatar.com\/avatar\/42b01982558a48a0b501fdcab6a408d3717ea5919095ee2e67b0e521799c5905?s=96&d=mm&r=g","contentUrl":"https:\/\/secure.gravatar.com\/avatar\/42b01982558a48a0b501fdcab6a408d3717ea5919095ee2e67b0e521799c5905?s=96&d=mm&r=g","caption":"Antalya K\u00f6rfez"},"sameAs":["http:\/\/www.antalyakorfez.com"],"url":"https:\/\/www.antalyakorfez.com\/baskan-kotandan-taksici-esnafina-destek"}]}},"_links":{"self":[{"href":"http:\/\/denizcankizil.tr\/ru\/wp-json\/wp\/v2\/posts\/146829","targetHints":{"allow":["GET"]}}],"collection":[{"href":"http:\/\/denizcankizil.tr\/ru\/wp-json\/wp\/v2\/posts"}],"about":[{"href":"http:\/\/denizcankizil.tr\/ru\/wp-json\/wp\/v2\/types\/post"}],"author":[{"embeddable":true,"href":"http:\/\/denizcankizil.tr\/ru\/wp-json\/wp\/v2\/users\/5"}],"replies":[{"embeddable":true,"href":"http:\/\/denizcankizil.tr\/ru\/wp-json\/wp\/v2\/comments?post=146829"}],"version-history":[{"count":0,"href":"http:\/\/denizcankizil.tr\/ru\/wp-json\/wp\/v2\/posts\/146829\/revisions"}],"wp:attachment":[{"href":"http:\/\/denizcankizil.tr\/ru\/wp-json\/wp\/v2\/media?parent=146829"}],"wp:term":[{"taxonomy":"category","embeddable":true,"href":"http:\/\/denizcankizil.tr\/ru\/wp-json\/wp\/v2\/categories?post=146829"},{"taxonomy":"post_tag","embeddable":true,"href":"http:\/\/denizcankizil.tr\/ru\/wp-json\/wp\/v2\/tags?post=146829"}],"curies":[{"name":"wp","href":"https:\/\/api.w.org\/{rel}","templated":true}]}}