{"id":146506,"date":"2025-07-15T07:42:19","date_gmt":"2025-07-15T04:42:19","guid":{"rendered":"https:\/\/denizcankizil.tr\/uncategorized-tr\/osmaniy-de-deprem\/"},"modified":"2025-07-15T07:42:19","modified_gmt":"2025-07-15T04:42:19","slug":"osmaniy-de-deprem","status":"publish","type":"post","link":"http:\/\/denizcankizil.tr\/ru\/haberler\/gundem\/osmaniy-de-deprem\/","title":{"rendered":"Osmaniy de Deprem"},"content":{"rendered":"<p>\nOsmaniye merkez \u00fcss\u00fc olan 3.5 b\u00fcy\u00fckl\u00fc\u011f\u00fcnde bir deprem meydana geldi. AFAD verilerine g\u00f6re sars\u0131nt\u0131, 23.32\u2019de ve yerin 6.97 kilometre derinli\u011finde kaydedildi.<br \/>\nDeprem, \u00f6zellikle y\u00fcksek katl\u0131 binalarda k\u0131sa s\u00fcreli ve belirgin \u015fekilde hissedildi. \u0130lk bilgilere g\u00f6re, can ve mal kayb\u0131 ya\u015fanmad\u0131. Vatanda\u015flar sars\u0131nt\u0131n\u0131n ard\u0131ndan k\u0131sa s\u00fcreli panik ya\u015fad\u0131.<\/p>\n<p>\u200bOsmaniye merkez \u00fcss\u00fc olan 3.5 b\u00fcy\u00fckl\u00fc\u011f\u00fcnde bir deprem meydana geldi. AFAD verilerine g\u00f6re sars\u0131nt\u0131, 23.32\u2019de ve yerin 6.97 kilometre derinli\u011finde kaydedildi.<br \/>\nDeprem, \u00f6zellikle y\u00fcksek katl\u0131 binalarda k\u0131sa s\u00fcreli ve belirgin \u015fekilde hissedildi. \u0130lk bilgilere g\u00f6re, can ve mal kayb\u0131 ya\u015fanmad\u0131. Vatanda\u015flar sars\u0131nt\u0131n\u0131n ard\u0131ndan k\u0131sa s\u00fcreli panik ya\u015fad\u0131.\u00a0<\/p>\n<p>\u200bHaberin Al\u0131nt\u0131land\u0131\u011f\u0131 Kaynak: www.iskenderun.org<\/p>","protected":false},"excerpt":{"rendered":"<p>Osmaniye merkez \u00fcss\u00fc olan 3.5 b\u00fcy\u00fckl\u00fc\u011f\u00fcnde bir deprem meydana geldi. AFAD verilerine g\u00f6re sars\u0131nt\u0131, 23.32\u2019de ve yerin 6.97 kilometre derinli\u011finde kaydedildi. Deprem, \u00f6zellikle y\u00fcksek katl\u0131 binalarda k\u0131sa s\u00fcreli ve belirgin \u015fekilde hissedildi. \u0130lk bilgilere g\u00f6re, can ve mal kayb\u0131 ya\u015fanmad\u0131. Vatanda\u015flar sars\u0131nt\u0131n\u0131n ard\u0131ndan k\u0131sa s\u00fcreli panik ya\u015fad\u0131. \u200bOsmaniye merkez \u00fcss\u00fc olan 3.5 b\u00fcy\u00fckl\u00fc\u011f\u00fcnde bir deprem meydana geldi. AFAD verilerine g\u00f6re sars\u0131nt\u0131, 23.32\u2019de ve yerin 6.97 kilometre derinli\u011finde kaydedildi. Deprem, \u00f6zellikle y\u00fcksek katl\u0131 binalarda k\u0131sa s\u00fcreli ve belirgin \u015fekilde hissedildi. \u0130lk bilgilere g\u00f6re, can ve mal kayb\u0131 ya\u015fanmad\u0131. Vatanda\u015flar sars\u0131nt\u0131n\u0131n ard\u0131ndan k\u0131sa s\u00fcreli panik ya\u015fad\u0131.\u00a0 \u200bHaberin Al\u0131nt\u0131land\u0131\u011f\u0131 Kaynak: www.iskenderun.org<\/p>","protected":false},"author":1,"featured_media":0,"comment_status":"","ping_status":"open","sticky":false,"template":"","format":"standard","meta":{"_acf_changed":false,"footnotes":""},"categories":[24],"tags":[],"class_list":["post-146506","post","type-post","status-publish","format-standard","has-post-thumbnail","hentry","category-gundem"],"acf":[],"yoast_head":"<!-- This site is optimized with the Yoast SEO Premium plugin v26.6 (Yoast SEO v27.1.1) - https:\/\/yoast.com\/product\/yoast-seo-premium-wordpress\/ -->\n<title>Osmaniy de Deprem - Av. Deniz Can K\u0131z\u0131l<\/title>\n<meta name=\"robots\" content=\"index, follow, max-snippet:-1, max-image-preview:large, max-video-preview:-1\" \/>\n<link rel=\"canonical\" href=\"http:\/\/denizcankizil.tr\/ru\/haberler\/gundem\/osmaniy-de-deprem\/\" \/>\n<meta property=\"og:locale\" content=\"ru_RU\" \/>\n<meta property=\"og:type\" content=\"article\" \/>\n<meta property=\"og:title\" content=\"Osmaniy de Deprem\" \/>\n<meta property=\"og:description\" content=\"Osmaniye merkez \u00fcss\u00fc olan 3.5 b\u00fcy\u00fckl\u00fc\u011f\u00fcnde bir deprem meydana geldi. AFAD verilerine g\u00f6re sars\u0131nt\u0131, 23.32\u2019de ve yerin 6.97 kilometre derinli\u011finde kaydedildi. Deprem, \u00f6zellikle y\u00fcksek katl\u0131 binalarda k\u0131sa s\u00fcreli ve belirgin \u015fekilde hissedildi. \u0130lk bilgilere g\u00f6re, can ve mal kayb\u0131 ya\u015fanmad\u0131. Vatanda\u015flar sars\u0131nt\u0131n\u0131n ard\u0131ndan k\u0131sa s\u00fcreli panik ya\u015fad\u0131. \u200bOsmaniye merkez \u00fcss\u00fc olan 3.5 b\u00fcy\u00fckl\u00fc\u011f\u00fcnde bir deprem meydana geldi. AFAD verilerine g\u00f6re sars\u0131nt\u0131, 23.32\u2019de ve yerin 6.97 kilometre derinli\u011finde kaydedildi. Deprem, \u00f6zellikle y\u00fcksek katl\u0131 binalarda k\u0131sa s\u00fcreli ve belirgin \u015fekilde hissedildi. \u0130lk bilgilere g\u00f6re, can ve mal kayb\u0131 ya\u015fanmad\u0131. Vatanda\u015flar sars\u0131nt\u0131n\u0131n ard\u0131ndan k\u0131sa s\u00fcreli panik ya\u015fad\u0131.\u00a0 \u200bHaberin Al\u0131nt\u0131land\u0131\u011f\u0131 Kaynak: www.iskenderun.org\" \/>\n<meta property=\"og:url\" content=\"http:\/\/denizcankizil.tr\/ru\/haberler\/gundem\/osmaniy-de-deprem\/\" \/>\n<meta property=\"og:site_name\" content=\"Av. Deniz Can K\u0131z\u0131l\" \/>\n<meta property=\"article:published_time\" content=\"2025-07-15T04:42:19+00:00\" \/>\n<meta name=\"author\" content=\"admin\" \/>\n<meta name=\"twitter:card\" content=\"summary_large_image\" \/>\n<meta name=\"twitter:label1\" content=\"\u041d\u0430\u043f\u0438\u0441\u0430\u043d\u043e \u0430\u0432\u0442\u043e\u0440\u043e\u043c\" \/>\n\t<meta name=\"twitter:data1\" content=\"admin\" \/>\n\t<meta name=\"twitter:label2\" content=\"\u041f\u0440\u0438\u043c\u0435\u0440\u043d\u043e\u0435 \u0432\u0440\u0435\u043c\u044f \u0434\u043b\u044f \u0447\u0442\u0435\u043d\u0438\u044f\" \/>\n\t<meta name=\"twitter:data2\" content=\"1 \u043c\u0438\u043d\u0443\u0442\u0430\" \/>\n<script type=\"application\/ld+json\" class=\"yoast-schema-graph\">{\"@context\":\"https:\/\/schema.org\",\"@graph\":[{\"@type\":\"Article\",\"@id\":\"http:\/\/denizcankizil.tr\/ru\/haberler\/gundem\/osmaniy-de-deprem\/#article\",\"isPartOf\":{\"@id\":\"http:\/\/denizcankizil.tr\/ru\/haberler\/gundem\/osmaniy-de-deprem\/\"},\"author\":{\"name\":\"admin\",\"@id\":\"https:\/\/denizcankizil.tr\/de\/#\/schema\/person\/be3c05fe6a12686905512445d8185489\"},\"headline\":\"Osmaniy de Deprem\",\"datePublished\":\"2025-07-15T04:42:19+00:00\",\"mainEntityOfPage\":{\"@id\":\"http:\/\/denizcankizil.tr\/ru\/haberler\/gundem\/osmaniy-de-deprem\/\"},\"wordCount\":139,\"publisher\":{\"@id\":\"https:\/\/denizcankizil.tr\/de\/#organization\"},\"articleSection\":[\"G\u00fcndem\"],\"inLanguage\":\"ru-RU\"},{\"@type\":\"WebPage\",\"@id\":\"http:\/\/denizcankizil.tr\/ru\/haberler\/gundem\/osmaniy-de-deprem\/\",\"url\":\"http:\/\/denizcankizil.tr\/ru\/haberler\/gundem\/osmaniy-de-deprem\/\",\"name\":\"Osmaniy de Deprem - Av. Deniz Can K\u0131z\u0131l\",\"isPartOf\":{\"@id\":\"https:\/\/denizcankizil.tr\/de\/#website\"},\"datePublished\":\"2025-07-15T04:42:19+00:00\",\"breadcrumb\":{\"@id\":\"http:\/\/denizcankizil.tr\/ru\/haberler\/gundem\/osmaniy-de-deprem\/#breadcrumb\"},\"inLanguage\":\"ru-RU\",\"potentialAction\":[{\"@type\":\"ReadAction\",\"target\":[\"http:\/\/denizcankizil.tr\/ru\/haberler\/gundem\/osmaniy-de-deprem\/\"]}]},{\"@type\":\"BreadcrumbList\",\"@id\":\"http:\/\/denizcankizil.tr\/ru\/haberler\/gundem\/osmaniy-de-deprem\/#breadcrumb\",\"itemListElement\":[{\"@type\":\"ListItem\",\"position\":1,\"name\":\"Home\",\"item\":\"https:\/\/denizcankizil.tr\/de\/\"},{\"@type\":\"ListItem\",\"position\":2,\"name\":\"Osmaniy de Deprem\"}]},{\"@type\":\"WebSite\",\"@id\":\"https:\/\/denizcankizil.tr\/de\/#website\",\"url\":\"https:\/\/denizcankizil.tr\/de\/\",\"name\":\"Av. Deniz Can K\u0131z\u0131l\",\"description\":\"Avukat Deniz Can K\u0131z\u0131l Antalya Barosu\",\"publisher\":{\"@id\":\"https:\/\/denizcankizil.tr\/de\/#organization\"},\"potentialAction\":[{\"@type\":\"SearchAction\",\"target\":{\"@type\":\"EntryPoint\",\"urlTemplate\":\"https:\/\/denizcankizil.tr\/de\/?s={search_term_string}\"},\"query-input\":{\"@type\":\"PropertyValueSpecification\",\"valueRequired\":true,\"valueName\":\"search_term_string\"}}],\"inLanguage\":\"ru-RU\"},{\"@type\":\"Organization\",\"@id\":\"https:\/\/denizcankizil.tr\/de\/#organization\",\"name\":\"Av. Deniz Can K\u0131z\u0131l\",\"url\":\"https:\/\/denizcankizil.tr\/de\/\",\"logo\":{\"@type\":\"ImageObject\",\"inLanguage\":\"ru-RU\",\"@id\":\"https:\/\/denizcankizil.tr\/de\/#\/schema\/logo\/image\/\",\"url\":\"http:\/\/denizcankizil.tr\/wp-content\/uploads\/2024\/10\/siyah-logo-svg.svg\",\"contentUrl\":\"http:\/\/denizcankizil.tr\/wp-content\/uploads\/2024\/10\/siyah-logo-svg.svg\",\"width\":1080,\"height\":1080,\"caption\":\"Av. Deniz Can K\u0131z\u0131l\"},\"image\":{\"@id\":\"https:\/\/denizcankizil.tr\/de\/#\/schema\/logo\/image\/\"}},{\"@type\":\"Person\",\"@id\":\"https:\/\/denizcankizil.tr\/de\/#\/schema\/person\/be3c05fe6a12686905512445d8185489\",\"name\":\"admin\",\"image\":{\"@type\":\"ImageObject\",\"inLanguage\":\"ru-RU\",\"@id\":\"https:\/\/denizcankizil.tr\/de\/#\/schema\/person\/image\/\",\"url\":\"https:\/\/secure.gravatar.com\/avatar\/c1fce94c830dc79107e174f890d7210541c4a63e8e5d816341794a2151c9d58c?s=96&d=mm&r=g\",\"contentUrl\":\"https:\/\/secure.gravatar.com\/avatar\/c1fce94c830dc79107e174f890d7210541c4a63e8e5d816341794a2151c9d58c?s=96&d=mm&r=g\",\"caption\":\"admin\"},\"sameAs\":[\"http:\/\/denizcankizil.tr\"],\"url\":\"https:\/\/www.iskenderun.org\/osmaniy-de-deprem\"}]}<\/script>\n<!-- \/ Yoast SEO Premium plugin. -->","yoast_head_json":{"title":"Osmaniy de Deprem - Av. Deniz Can K\u0131z\u0131l","robots":{"index":"index","follow":"follow","max-snippet":"max-snippet:-1","max-image-preview":"max-image-preview:large","max-video-preview":"max-video-preview:-1"},"canonical":"http:\/\/denizcankizil.tr\/ru\/haberler\/gundem\/osmaniy-de-deprem\/","og_locale":"ru_RU","og_type":"article","og_title":"Osmaniy de Deprem","og_description":"Osmaniye merkez \u00fcss\u00fc olan 3.5 b\u00fcy\u00fckl\u00fc\u011f\u00fcnde bir deprem meydana geldi. AFAD verilerine g\u00f6re sars\u0131nt\u0131, 23.32\u2019de ve yerin 6.97 kilometre derinli\u011finde kaydedildi. Deprem, \u00f6zellikle y\u00fcksek katl\u0131 binalarda k\u0131sa s\u00fcreli ve belirgin \u015fekilde hissedildi. \u0130lk bilgilere g\u00f6re, can ve mal kayb\u0131 ya\u015fanmad\u0131. Vatanda\u015flar sars\u0131nt\u0131n\u0131n ard\u0131ndan k\u0131sa s\u00fcreli panik ya\u015fad\u0131. \u200bOsmaniye merkez \u00fcss\u00fc olan 3.5 b\u00fcy\u00fckl\u00fc\u011f\u00fcnde bir deprem meydana geldi. AFAD verilerine g\u00f6re sars\u0131nt\u0131, 23.32\u2019de ve yerin 6.97 kilometre derinli\u011finde kaydedildi. Deprem, \u00f6zellikle y\u00fcksek katl\u0131 binalarda k\u0131sa s\u00fcreli ve belirgin \u015fekilde hissedildi. \u0130lk bilgilere g\u00f6re, can ve mal kayb\u0131 ya\u015fanmad\u0131. Vatanda\u015flar sars\u0131nt\u0131n\u0131n ard\u0131ndan k\u0131sa s\u00fcreli panik ya\u015fad\u0131.\u00a0 \u200bHaberin Al\u0131nt\u0131land\u0131\u011f\u0131 Kaynak: www.iskenderun.org","og_url":"http:\/\/denizcankizil.tr\/ru\/haberler\/gundem\/osmaniy-de-deprem\/","og_site_name":"Av. Deniz Can K\u0131z\u0131l","article_published_time":"2025-07-15T04:42:19+00:00","author":"admin","twitter_card":"summary_large_image","twitter_misc":{"\u041d\u0430\u043f\u0438\u0441\u0430\u043d\u043e \u0430\u0432\u0442\u043e\u0440\u043e\u043c":"admin","\u041f\u0440\u0438\u043c\u0435\u0440\u043d\u043e\u0435 \u0432\u0440\u0435\u043c\u044f \u0434\u043b\u044f \u0447\u0442\u0435\u043d\u0438\u044f":"1 \u043c\u0438\u043d\u0443\u0442\u0430"},"schema":{"@context":"https:\/\/schema.org","@graph":[{"@type":"Article","@id":"http:\/\/denizcankizil.tr\/ru\/haberler\/gundem\/osmaniy-de-deprem\/#article","isPartOf":{"@id":"http:\/\/denizcankizil.tr\/ru\/haberler\/gundem\/osmaniy-de-deprem\/"},"author":{"name":"admin","@id":"https:\/\/denizcankizil.tr\/de\/#\/schema\/person\/be3c05fe6a12686905512445d8185489"},"headline":"Osmaniy de Deprem","datePublished":"2025-07-15T04:42:19+00:00","mainEntityOfPage":{"@id":"http:\/\/denizcankizil.tr\/ru\/haberler\/gundem\/osmaniy-de-deprem\/"},"wordCount":139,"publisher":{"@id":"https:\/\/denizcankizil.tr\/de\/#organization"},"articleSection":["G\u00fcndem"],"inLanguage":"ru-RU"},{"@type":"WebPage","@id":"http:\/\/denizcankizil.tr\/ru\/haberler\/gundem\/osmaniy-de-deprem\/","url":"http:\/\/denizcankizil.tr\/ru\/haberler\/gundem\/osmaniy-de-deprem\/","name":"Osmaniy de Deprem - Av. Deniz Can K\u0131z\u0131l","isPartOf":{"@id":"https:\/\/denizcankizil.tr\/de\/#website"},"datePublished":"2025-07-15T04:42:19+00:00","breadcrumb":{"@id":"http:\/\/denizcankizil.tr\/ru\/haberler\/gundem\/osmaniy-de-deprem\/#breadcrumb"},"inLanguage":"ru-RU","potentialAction":[{"@type":"ReadAction","target":["http:\/\/denizcankizil.tr\/ru\/haberler\/gundem\/osmaniy-de-deprem\/"]}]},{"@type":"BreadcrumbList","@id":"http:\/\/denizcankizil.tr\/ru\/haberler\/gundem\/osmaniy-de-deprem\/#breadcrumb","itemListElement":[{"@type":"ListItem","position":1,"name":"Home","item":"https:\/\/denizcankizil.tr\/de\/"},{"@type":"ListItem","position":2,"name":"Osmaniy de Deprem"}]},{"@type":"WebSite","@id":"https:\/\/denizcankizil.tr\/de\/#website","url":"https:\/\/denizcankizil.tr\/de\/","name":"Av. Deniz Can K\u0131z\u0131l","description":"Avukat Deniz Can K\u0131z\u0131l Antalya Barosu","publisher":{"@id":"https:\/\/denizcankizil.tr\/de\/#organization"},"potentialAction":[{"@type":"SearchAction","target":{"@type":"EntryPoint","urlTemplate":"https:\/\/denizcankizil.tr\/de\/?s={search_term_string}"},"query-input":{"@type":"PropertyValueSpecification","valueRequired":true,"valueName":"search_term_string"}}],"inLanguage":"ru-RU"},{"@type":"Organization","@id":"https:\/\/denizcankizil.tr\/de\/#organization","name":"Av. Deniz Can K\u0131z\u0131l","url":"https:\/\/denizcankizil.tr\/de\/","logo":{"@type":"ImageObject","inLanguage":"ru-RU","@id":"https:\/\/denizcankizil.tr\/de\/#\/schema\/logo\/image\/","url":"http:\/\/denizcankizil.tr\/wp-content\/uploads\/2024\/10\/siyah-logo-svg.svg","contentUrl":"http:\/\/denizcankizil.tr\/wp-content\/uploads\/2024\/10\/siyah-logo-svg.svg","width":1080,"height":1080,"caption":"Av. Deniz Can K\u0131z\u0131l"},"image":{"@id":"https:\/\/denizcankizil.tr\/de\/#\/schema\/logo\/image\/"}},{"@type":"Person","@id":"https:\/\/denizcankizil.tr\/de\/#\/schema\/person\/be3c05fe6a12686905512445d8185489","name":"\u0430\u0434\u043c\u0438\u043d","image":{"@type":"ImageObject","inLanguage":"ru-RU","@id":"https:\/\/denizcankizil.tr\/de\/#\/schema\/person\/image\/","url":"https:\/\/secure.gravatar.com\/avatar\/c1fce94c830dc79107e174f890d7210541c4a63e8e5d816341794a2151c9d58c?s=96&d=mm&r=g","contentUrl":"https:\/\/secure.gravatar.com\/avatar\/c1fce94c830dc79107e174f890d7210541c4a63e8e5d816341794a2151c9d58c?s=96&d=mm&r=g","caption":"admin"},"sameAs":["http:\/\/denizcankizil.tr"],"url":"https:\/\/www.iskenderun.org\/osmaniy-de-deprem"}]}},"_links":{"self":[{"href":"http:\/\/denizcankizil.tr\/ru\/wp-json\/wp\/v2\/posts\/146506","targetHints":{"allow":["GET"]}}],"collection":[{"href":"http:\/\/denizcankizil.tr\/ru\/wp-json\/wp\/v2\/posts"}],"about":[{"href":"http:\/\/denizcankizil.tr\/ru\/wp-json\/wp\/v2\/types\/post"}],"author":[{"embeddable":true,"href":"http:\/\/denizcankizil.tr\/ru\/wp-json\/wp\/v2\/users\/1"}],"replies":[{"embeddable":true,"href":"http:\/\/denizcankizil.tr\/ru\/wp-json\/wp\/v2\/comments?post=146506"}],"version-history":[{"count":0,"href":"http:\/\/denizcankizil.tr\/ru\/wp-json\/wp\/v2\/posts\/146506\/revisions"}],"wp:attachment":[{"href":"http:\/\/denizcankizil.tr\/ru\/wp-json\/wp\/v2\/media?parent=146506"}],"wp:term":[{"taxonomy":"category","embeddable":true,"href":"http:\/\/denizcankizil.tr\/ru\/wp-json\/wp\/v2\/categories?post=146506"},{"taxonomy":"post_tag","embeddable":true,"href":"http:\/\/denizcankizil.tr\/ru\/wp-json\/wp\/v2\/tags?post=146506"}],"curies":[{"name":"wp","href":"https:\/\/api.w.org\/{rel}","templated":true}]}}