{"id":143501,"date":"2025-07-12T12:41:16","date_gmt":"2025-07-12T09:41:16","guid":{"rendered":"https:\/\/denizcankizil.tr\/uncategorized-tr\/tam-101-yasinda-24-torunu-var-torunun-torununu-gordu\/"},"modified":"2025-07-12T12:41:16","modified_gmt":"2025-07-12T09:41:16","slug":"tam-101-yasinda-24-torunu-var-torunun-torununu-gordu","status":"publish","type":"post","link":"http:\/\/denizcankizil.tr\/ru\/haberler\/antalya\/tam-101-yasinda-24-torunu-var-torunun-torununu-gordu\/","title":{"rendered":"Tam 101 Ya\u015f\u0131nda: 24 Torunu Var, Torunun Torununu G\u00f6rd\u00fc"},"content":{"rendered":"<p>Antalya&#8217;n\u0131n Alanya il\u00e7esi Payallar Mahallesi&#8217;nde ya\u015fayan 101 ya\u015f\u0131ndaki Fatma Y\u0131ld\u0131r\u0131m, ilerleyen ya\u015f\u0131na ra\u011fmen sa\u011fl\u0131\u011f\u0131yla dikkat \u00e7ekiyor. Cumhuriyet&#8217;in ilk y\u0131llar\u0131nda, 1924 y\u0131l\u0131nda d\u00fcnyaya gelen as\u0131rl\u0131k \u00e7\u0131nar, y\u00fcr\u00fcmekte zaman zaman zorlansa da haf\u0131zas\u0131 ve bilinci yerinde ya\u015fam\u0131n\u0131 s\u00fcrd\u00fcr\u00fcyor.<br \/>\nAlanya&#8217;n\u0131n g\u00fczel yaylalar\u0131nda ve Cumhuriyet&#8217;in ilk y\u0131llar\u0131nda d\u00fcnyaya gelen Fatma Y\u0131ld\u0131r\u0131m(101) ya\u015fl\u0131l\u0131\u011f\u0131n getirdi\u011fi fiziksel zorluklar nedeniyle y\u00fcr\u00fcmekte zaman zaman g\u00fc\u00e7l\u00fck \u00e7ekse de ciddi bir sa\u011fl\u0131k sorunu bulunmadan hayat\u0131na devam ediyor. Fatma nine, g\u00fcnlerini d\u00f6n\u00fc\u015f\u00fcml\u00fc olarak iki k\u0131z\u0131n\u0131n evinde ge\u00e7iriyor. Geni\u015f bir aileye sahip olan Fatma Y\u0131ld\u0131r\u0131m&#8217;\u0131n 5 \u00e7ocu\u011fu, 24 torunu ve torunlar\u0131n\u0131n \u00e7ocuklar\u0131 bulunuyor. Torununun torununu da g\u00f6ren Fatma nine, b\u00fcy\u00fck bir aile sevgisiyle \u00e7evrili \u015fekilde hayat\u0131n\u0131 s\u00fcrd\u00fcr\u00fcyor.<br \/>\n\u00c7ocuklar\u0131n\u0131n kendisine senelerce bakt\u0131\u011f\u0131 ve kendilerinden memnun oldu\u011funu s\u00f6yleyen Fatma Y\u0131ld\u0131r\u0131m ,\u2018&#8217;\u015eimdi k\u0131z \u00e7ocuklar\u0131m bakar erkek evlad\u0131m da bakar. Benim \u00e7ocuklar\u0131m\u0131n hepsi bakar bana. Torunlar\u0131mdan daha \u00e7ok memnunum&#8221; dedi.<br \/>\nBak\u0131m\u0131n\u0131 kendi evinde sa\u011flayan Fatma ninenin k\u0131z\u0131 Fatma Sak\u0131zc\u0131, &#8220;5 ay \u00f6nce aya\u011f\u0131 k\u0131r\u0131ld\u0131. Hastanede yatt\u0131ktan sonra biraz d\u00fc\u015fk\u00fcn oldu. Kendisin tam ya\u015f\u0131 101 ama amcam 103 ya\u015f\u0131nda oldu\u011funu s\u00f6yl\u00fcyor. Tansiyonu, \u015fekeri hi\u00e7bir hastal\u0131\u011f\u0131 yok. Eskiden koyunlar\u0131m\u0131z ineklerimiz vard\u0131. Onlar\u0131n s\u00fct\u00fcn\u00fc satmazd\u0131k. Badem, ceviz, ke\u00e7iboynuzu yerdik. Annemiz sa\u011fl\u0131\u011f\u0131n\u0131 da buna bor\u00e7lu&#8221; dedi.<br \/>\nFatma ninenin 24 torunundan birisi olan Yakup Sak\u0131zc\u0131 ise &#8220;Ninem di\u011fer ya\u015f\u0131tlar\u0131na g\u00f6re sa\u011fl\u0131kl\u0131, bu ge\u00e7mi\u015ften gelen sa\u011fl\u0131kl\u0131 beslenme ile alakal\u0131 beraber ya\u015f\u0131yoruz \u015fuan herhangi bir sa\u011fl\u0131k sorunu yok \u015fuan&#8221; ifadelerini kulland\u0131.<\/p>\n<p>Kaynak: www.kanalv.com.tr Haber Sitesinden Al\u0131nm\u0131\u015ft\u0131r.<\/p>","protected":false},"excerpt":{"rendered":"<p>Antalya&#8217;n\u0131n Alanya il\u00e7esi Payallar Mahallesi&#8217;nde ya\u015fayan 101 ya\u015f\u0131ndaki Fatma Y\u0131ld\u0131r\u0131m, ilerleyen ya\u015f\u0131na ra\u011fmen sa\u011fl\u0131\u011f\u0131yla dikkat \u00e7ekiyor. Cumhuriyet&#8217;in ilk y\u0131llar\u0131nda, 1924 y\u0131l\u0131nda d\u00fcnyaya gelen as\u0131rl\u0131k \u00e7\u0131nar, y\u00fcr\u00fcmekte zaman zaman zorlansa da haf\u0131zas\u0131 ve bilinci yerinde ya\u015fam\u0131n\u0131 s\u00fcrd\u00fcr\u00fcyor. Alanya&#8217;n\u0131n g\u00fczel yaylalar\u0131nda ve Cumhuriyet&#8217;in ilk y\u0131llar\u0131nda d\u00fcnyaya gelen Fatma Y\u0131ld\u0131r\u0131m(101) ya\u015fl\u0131l\u0131\u011f\u0131n getirdi\u011fi fiziksel zorluklar nedeniyle y\u00fcr\u00fcmekte zaman zaman g\u00fc\u00e7l\u00fck \u00e7ekse de ciddi bir sa\u011fl\u0131k sorunu bulunmadan hayat\u0131na devam ediyor. Fatma nine, g\u00fcnlerini d\u00f6n\u00fc\u015f\u00fcml\u00fc olarak iki k\u0131z\u0131n\u0131n evinde ge\u00e7iriyor. Geni\u015f bir aileye sahip olan Fatma Y\u0131ld\u0131r\u0131m&#8217;\u0131n 5 \u00e7ocu\u011fu, 24 torunu ve torunlar\u0131n\u0131n \u00e7ocuklar\u0131 bulunuyor. Torununun torununu da g\u00f6ren Fatma nine, b\u00fcy\u00fck bir aile sevgisiyle \u00e7evrili \u015fekilde hayat\u0131n\u0131 s\u00fcrd\u00fcr\u00fcyor. \u00c7ocuklar\u0131n\u0131n kendisine senelerce bakt\u0131\u011f\u0131 ve kendilerinden memnun oldu\u011funu s\u00f6yleyen Fatma Y\u0131ld\u0131r\u0131m ,\u2018&#8217;\u015eimdi k\u0131z \u00e7ocuklar\u0131m bakar erkek evlad\u0131m da bakar. Benim \u00e7ocuklar\u0131m\u0131n hepsi bakar bana. Torunlar\u0131mdan daha \u00e7ok memnunum&#8221; dedi. Bak\u0131m\u0131n\u0131 kendi evinde sa\u011flayan Fatma ninenin k\u0131z\u0131 Fatma Sak\u0131zc\u0131, &#8220;5 ay \u00f6nce aya\u011f\u0131 k\u0131r\u0131ld\u0131. Hastanede yatt\u0131ktan sonra biraz d\u00fc\u015fk\u00fcn oldu. Kendisin tam ya\u015f\u0131 101 ama amcam 103 ya\u015f\u0131nda oldu\u011funu s\u00f6yl\u00fcyor. Tansiyonu, \u015fekeri hi\u00e7bir hastal\u0131\u011f\u0131 yok. Eskiden koyunlar\u0131m\u0131z ineklerimiz vard\u0131. Onlar\u0131n s\u00fct\u00fcn\u00fc satmazd\u0131k. Badem, ceviz, ke\u00e7iboynuzu yerdik. Annemiz sa\u011fl\u0131\u011f\u0131n\u0131 da buna bor\u00e7lu&#8221; dedi. Fatma ninenin 24 torunundan birisi olan Yakup Sak\u0131zc\u0131 ise &#8220;Ninem di\u011fer ya\u015f\u0131tlar\u0131na g\u00f6re sa\u011fl\u0131kl\u0131, bu &hellip;<\/p>","protected":false},"author":4,"featured_media":0,"comment_status":"","ping_status":"open","sticky":false,"template":"","format":"standard","meta":{"_acf_changed":false,"footnotes":""},"categories":[26],"tags":[],"class_list":["post-143501","post","type-post","status-publish","format-standard","hentry","category-antalya"],"acf":[],"yoast_head":"<!-- This site is optimized with the Yoast SEO Premium plugin v26.6 (Yoast SEO v27.1.1) - https:\/\/yoast.com\/product\/yoast-seo-premium-wordpress\/ -->\n<title>Tam 101 Ya\u015f\u0131nda: 24 Torunu Var, Torunun Torununu G\u00f6rd\u00fc - Av. Deniz Can K\u0131z\u0131l<\/title>\n<meta name=\"robots\" content=\"index, follow, max-snippet:-1, max-image-preview:large, max-video-preview:-1\" \/>\n<link rel=\"canonical\" href=\"https:\/\/denizcankizil.tr\/ru\/haberler\/antalya\/tam-101-yasinda-24-torunu-var-torunun-torununu-gordu\/\" \/>\n<meta property=\"og:locale\" content=\"ru_RU\" \/>\n<meta property=\"og:type\" content=\"article\" \/>\n<meta property=\"og:title\" content=\"Tam 101 Ya\u015f\u0131nda: 24 Torunu Var, Torunun Torununu G\u00f6rd\u00fc\" \/>\n<meta property=\"og:description\" content=\"Antalya&#8217;n\u0131n Alanya il\u00e7esi Payallar Mahallesi&#8217;nde ya\u015fayan 101 ya\u015f\u0131ndaki Fatma Y\u0131ld\u0131r\u0131m, ilerleyen ya\u015f\u0131na ra\u011fmen sa\u011fl\u0131\u011f\u0131yla dikkat \u00e7ekiyor. Cumhuriyet&#8217;in ilk y\u0131llar\u0131nda, 1924 y\u0131l\u0131nda d\u00fcnyaya gelen as\u0131rl\u0131k \u00e7\u0131nar, y\u00fcr\u00fcmekte zaman zaman zorlansa da haf\u0131zas\u0131 ve bilinci yerinde ya\u015fam\u0131n\u0131 s\u00fcrd\u00fcr\u00fcyor. Alanya&#8217;n\u0131n g\u00fczel yaylalar\u0131nda ve Cumhuriyet&#8217;in ilk y\u0131llar\u0131nda d\u00fcnyaya gelen Fatma Y\u0131ld\u0131r\u0131m(101) ya\u015fl\u0131l\u0131\u011f\u0131n getirdi\u011fi fiziksel zorluklar nedeniyle y\u00fcr\u00fcmekte zaman zaman g\u00fc\u00e7l\u00fck \u00e7ekse de ciddi bir sa\u011fl\u0131k sorunu bulunmadan hayat\u0131na devam ediyor. Fatma nine, g\u00fcnlerini d\u00f6n\u00fc\u015f\u00fcml\u00fc olarak iki k\u0131z\u0131n\u0131n evinde ge\u00e7iriyor. Geni\u015f bir aileye sahip olan Fatma Y\u0131ld\u0131r\u0131m&#8217;\u0131n 5 \u00e7ocu\u011fu, 24 torunu ve torunlar\u0131n\u0131n \u00e7ocuklar\u0131 bulunuyor. Torununun torununu da g\u00f6ren Fatma nine, b\u00fcy\u00fck bir aile sevgisiyle \u00e7evrili \u015fekilde hayat\u0131n\u0131 s\u00fcrd\u00fcr\u00fcyor. \u00c7ocuklar\u0131n\u0131n kendisine senelerce bakt\u0131\u011f\u0131 ve kendilerinden memnun oldu\u011funu s\u00f6yleyen Fatma Y\u0131ld\u0131r\u0131m ,\u2018&#8217;\u015eimdi k\u0131z \u00e7ocuklar\u0131m bakar erkek evlad\u0131m da bakar. Benim \u00e7ocuklar\u0131m\u0131n hepsi bakar bana. Torunlar\u0131mdan daha \u00e7ok memnunum&#8221; dedi. Bak\u0131m\u0131n\u0131 kendi evinde sa\u011flayan Fatma ninenin k\u0131z\u0131 Fatma Sak\u0131zc\u0131, &#8220;5 ay \u00f6nce aya\u011f\u0131 k\u0131r\u0131ld\u0131. Hastanede yatt\u0131ktan sonra biraz d\u00fc\u015fk\u00fcn oldu. Kendisin tam ya\u015f\u0131 101 ama amcam 103 ya\u015f\u0131nda oldu\u011funu s\u00f6yl\u00fcyor. Tansiyonu, \u015fekeri hi\u00e7bir hastal\u0131\u011f\u0131 yok. Eskiden koyunlar\u0131m\u0131z ineklerimiz vard\u0131. Onlar\u0131n s\u00fct\u00fcn\u00fc satmazd\u0131k. Badem, ceviz, ke\u00e7iboynuzu yerdik. Annemiz sa\u011fl\u0131\u011f\u0131n\u0131 da buna bor\u00e7lu&#8221; dedi. Fatma ninenin 24 torunundan birisi olan Yakup Sak\u0131zc\u0131 ise &#8220;Ninem di\u011fer ya\u015f\u0131tlar\u0131na g\u00f6re sa\u011fl\u0131kl\u0131, bu &hellip;\" \/>\n<meta property=\"og:url\" content=\"https:\/\/denizcankizil.tr\/ru\/haberler\/antalya\/tam-101-yasinda-24-torunu-var-torunun-torununu-gordu\/\" \/>\n<meta property=\"og:site_name\" content=\"Av. Deniz Can K\u0131z\u0131l\" \/>\n<meta property=\"article:published_time\" content=\"2025-07-12T09:41:16+00:00\" \/>\n<meta name=\"author\" content=\"Av. Deniz Can K\u0131z\u0131l\" \/>\n<meta name=\"twitter:card\" content=\"summary_large_image\" \/>\n<meta name=\"twitter:label1\" content=\"\u041d\u0430\u043f\u0438\u0441\u0430\u043d\u043e \u0430\u0432\u0442\u043e\u0440\u043e\u043c\" \/>\n\t<meta name=\"twitter:data1\" content=\"Av. Deniz Can K\u0131z\u0131l\" \/>\n\t<meta name=\"twitter:label2\" content=\"\u041f\u0440\u0438\u043c\u0435\u0440\u043d\u043e\u0435 \u0432\u0440\u0435\u043c\u044f \u0434\u043b\u044f \u0447\u0442\u0435\u043d\u0438\u044f\" \/>\n\t<meta name=\"twitter:data2\" content=\"2 \u043c\u0438\u043d\u0443\u0442\u044b\" \/>\n<script type=\"application\/ld+json\" class=\"yoast-schema-graph\">{\"@context\":\"https:\/\/schema.org\",\"@graph\":[{\"@type\":\"Article\",\"@id\":\"https:\/\/denizcankizil.tr\/de\/haberler\/antalya\/tam-101-yasinda-24-torunu-var-torunun-torununu-gordu\/#article\",\"isPartOf\":{\"@id\":\"https:\/\/denizcankizil.tr\/de\/haberler\/antalya\/tam-101-yasinda-24-torunu-var-torunun-torununu-gordu\/\"},\"author\":{\"name\":\"Av. Deniz Can K\u0131z\u0131l\",\"@id\":\"https:\/\/denizcankizil.tr\/de\/#\/schema\/person\/5dc1b22991bd7ac833867c10afc9b0ff\"},\"headline\":\"Tam 101 Ya\u015f\u0131nda: 24 Torunu Var, Torunun Torununu G\u00f6rd\u00fc\",\"datePublished\":\"2025-07-12T09:41:16+00:00\",\"mainEntityOfPage\":{\"@id\":\"https:\/\/denizcankizil.tr\/de\/haberler\/antalya\/tam-101-yasinda-24-torunu-var-torunun-torununu-gordu\/\"},\"wordCount\":353,\"publisher\":{\"@id\":\"https:\/\/denizcankizil.tr\/de\/#organization\"},\"articleSection\":[\"Antalya\"],\"inLanguage\":\"ru-RU\"},{\"@type\":\"WebPage\",\"@id\":\"https:\/\/denizcankizil.tr\/de\/haberler\/antalya\/tam-101-yasinda-24-torunu-var-torunun-torununu-gordu\/\",\"url\":\"https:\/\/denizcankizil.tr\/de\/haberler\/antalya\/tam-101-yasinda-24-torunu-var-torunun-torununu-gordu\/\",\"name\":\"Tam 101 Ya\u015f\u0131nda: 24 Torunu Var, Torunun Torununu G\u00f6rd\u00fc - Av. Deniz Can K\u0131z\u0131l\",\"isPartOf\":{\"@id\":\"https:\/\/denizcankizil.tr\/de\/#website\"},\"datePublished\":\"2025-07-12T09:41:16+00:00\",\"breadcrumb\":{\"@id\":\"https:\/\/denizcankizil.tr\/de\/haberler\/antalya\/tam-101-yasinda-24-torunu-var-torunun-torununu-gordu\/#breadcrumb\"},\"inLanguage\":\"ru-RU\",\"potentialAction\":[{\"@type\":\"ReadAction\",\"target\":[\"https:\/\/denizcankizil.tr\/de\/haberler\/antalya\/tam-101-yasinda-24-torunu-var-torunun-torununu-gordu\/\"]}]},{\"@type\":\"BreadcrumbList\",\"@id\":\"https:\/\/denizcankizil.tr\/de\/haberler\/antalya\/tam-101-yasinda-24-torunu-var-torunun-torununu-gordu\/#breadcrumb\",\"itemListElement\":[{\"@type\":\"ListItem\",\"position\":1,\"name\":\"Home\",\"item\":\"https:\/\/denizcankizil.tr\/de\/\"},{\"@type\":\"ListItem\",\"position\":2,\"name\":\"Tam 101 Ya\u015f\u0131nda: 24 Torunu Var, Torunun Torununu G\u00f6rd\u00fc\"}]},{\"@type\":\"WebSite\",\"@id\":\"https:\/\/denizcankizil.tr\/de\/#website\",\"url\":\"https:\/\/denizcankizil.tr\/de\/\",\"name\":\"Av. Deniz Can K\u0131z\u0131l\",\"description\":\"Avukat Deniz Can K\u0131z\u0131l Antalya Barosu\",\"publisher\":{\"@id\":\"https:\/\/denizcankizil.tr\/de\/#organization\"},\"potentialAction\":[{\"@type\":\"SearchAction\",\"target\":{\"@type\":\"EntryPoint\",\"urlTemplate\":\"https:\/\/denizcankizil.tr\/de\/?s={search_term_string}\"},\"query-input\":{\"@type\":\"PropertyValueSpecification\",\"valueRequired\":true,\"valueName\":\"search_term_string\"}}],\"inLanguage\":\"ru-RU\"},{\"@type\":\"Organization\",\"@id\":\"https:\/\/denizcankizil.tr\/de\/#organization\",\"name\":\"Av. Deniz Can K\u0131z\u0131l\",\"url\":\"https:\/\/denizcankizil.tr\/de\/\",\"logo\":{\"@type\":\"ImageObject\",\"inLanguage\":\"ru-RU\",\"@id\":\"https:\/\/denizcankizil.tr\/de\/#\/schema\/logo\/image\/\",\"url\":\"http:\/\/denizcankizil.tr\/wp-content\/uploads\/2024\/10\/siyah-logo-svg.svg\",\"contentUrl\":\"http:\/\/denizcankizil.tr\/wp-content\/uploads\/2024\/10\/siyah-logo-svg.svg\",\"width\":1080,\"height\":1080,\"caption\":\"Av. Deniz Can K\u0131z\u0131l\"},\"image\":{\"@id\":\"https:\/\/denizcankizil.tr\/de\/#\/schema\/logo\/image\/\"}},{\"@type\":\"Person\",\"@id\":\"https:\/\/denizcankizil.tr\/de\/#\/schema\/person\/5dc1b22991bd7ac833867c10afc9b0ff\",\"name\":\"Av. Deniz Can K\u0131z\u0131l\",\"image\":{\"@type\":\"ImageObject\",\"inLanguage\":\"ru-RU\",\"@id\":\"https:\/\/denizcankizil.tr\/de\/#\/schema\/person\/image\/\",\"url\":\"https:\/\/secure.gravatar.com\/avatar\/a0b128fb9855c79efc976d5640eedb31dc35ec297594d6016d2cf7c60e975bb6?s=96&d=mm&r=g\",\"contentUrl\":\"https:\/\/secure.gravatar.com\/avatar\/a0b128fb9855c79efc976d5640eedb31dc35ec297594d6016d2cf7c60e975bb6?s=96&d=mm&r=g\",\"caption\":\"Av. Deniz Can K\u0131z\u0131l\"},\"sameAs\":[\"http:\/\/www.denizcankizil.tr\"],\"url\":\"http:\/\/denizcankizil.tr\/ru\/author\/denizcankizil\/\"}]}<\/script>\n<!-- \/ Yoast SEO Premium plugin. -->","yoast_head_json":{"title":"Tam 101 Ya\u015f\u0131nda: 24 Torunu Var, Torunun Torununu G\u00f6rd\u00fc - Av. Deniz Can K\u0131z\u0131l","robots":{"index":"index","follow":"follow","max-snippet":"max-snippet:-1","max-image-preview":"max-image-preview:large","max-video-preview":"max-video-preview:-1"},"canonical":"https:\/\/denizcankizil.tr\/ru\/haberler\/antalya\/tam-101-yasinda-24-torunu-var-torunun-torununu-gordu\/","og_locale":"ru_RU","og_type":"article","og_title":"Tam 101 Ya\u015f\u0131nda: 24 Torunu Var, Torunun Torununu G\u00f6rd\u00fc","og_description":"Antalya&#8217;n\u0131n Alanya il\u00e7esi Payallar Mahallesi&#8217;nde ya\u015fayan 101 ya\u015f\u0131ndaki Fatma Y\u0131ld\u0131r\u0131m, ilerleyen ya\u015f\u0131na ra\u011fmen sa\u011fl\u0131\u011f\u0131yla dikkat \u00e7ekiyor. Cumhuriyet&#8217;in ilk y\u0131llar\u0131nda, 1924 y\u0131l\u0131nda d\u00fcnyaya gelen as\u0131rl\u0131k \u00e7\u0131nar, y\u00fcr\u00fcmekte zaman zaman zorlansa da haf\u0131zas\u0131 ve bilinci yerinde ya\u015fam\u0131n\u0131 s\u00fcrd\u00fcr\u00fcyor. Alanya&#8217;n\u0131n g\u00fczel yaylalar\u0131nda ve Cumhuriyet&#8217;in ilk y\u0131llar\u0131nda d\u00fcnyaya gelen Fatma Y\u0131ld\u0131r\u0131m(101) ya\u015fl\u0131l\u0131\u011f\u0131n getirdi\u011fi fiziksel zorluklar nedeniyle y\u00fcr\u00fcmekte zaman zaman g\u00fc\u00e7l\u00fck \u00e7ekse de ciddi bir sa\u011fl\u0131k sorunu bulunmadan hayat\u0131na devam ediyor. Fatma nine, g\u00fcnlerini d\u00f6n\u00fc\u015f\u00fcml\u00fc olarak iki k\u0131z\u0131n\u0131n evinde ge\u00e7iriyor. Geni\u015f bir aileye sahip olan Fatma Y\u0131ld\u0131r\u0131m&#8217;\u0131n 5 \u00e7ocu\u011fu, 24 torunu ve torunlar\u0131n\u0131n \u00e7ocuklar\u0131 bulunuyor. Torununun torununu da g\u00f6ren Fatma nine, b\u00fcy\u00fck bir aile sevgisiyle \u00e7evrili \u015fekilde hayat\u0131n\u0131 s\u00fcrd\u00fcr\u00fcyor. \u00c7ocuklar\u0131n\u0131n kendisine senelerce bakt\u0131\u011f\u0131 ve kendilerinden memnun oldu\u011funu s\u00f6yleyen Fatma Y\u0131ld\u0131r\u0131m ,\u2018&#8217;\u015eimdi k\u0131z \u00e7ocuklar\u0131m bakar erkek evlad\u0131m da bakar. Benim \u00e7ocuklar\u0131m\u0131n hepsi bakar bana. Torunlar\u0131mdan daha \u00e7ok memnunum&#8221; dedi. Bak\u0131m\u0131n\u0131 kendi evinde sa\u011flayan Fatma ninenin k\u0131z\u0131 Fatma Sak\u0131zc\u0131, &#8220;5 ay \u00f6nce aya\u011f\u0131 k\u0131r\u0131ld\u0131. Hastanede yatt\u0131ktan sonra biraz d\u00fc\u015fk\u00fcn oldu. Kendisin tam ya\u015f\u0131 101 ama amcam 103 ya\u015f\u0131nda oldu\u011funu s\u00f6yl\u00fcyor. Tansiyonu, \u015fekeri hi\u00e7bir hastal\u0131\u011f\u0131 yok. Eskiden koyunlar\u0131m\u0131z ineklerimiz vard\u0131. Onlar\u0131n s\u00fct\u00fcn\u00fc satmazd\u0131k. Badem, ceviz, ke\u00e7iboynuzu yerdik. Annemiz sa\u011fl\u0131\u011f\u0131n\u0131 da buna bor\u00e7lu&#8221; dedi. Fatma ninenin 24 torunundan birisi olan Yakup Sak\u0131zc\u0131 ise &#8220;Ninem di\u011fer ya\u015f\u0131tlar\u0131na g\u00f6re sa\u011fl\u0131kl\u0131, bu &hellip;","og_url":"https:\/\/denizcankizil.tr\/ru\/haberler\/antalya\/tam-101-yasinda-24-torunu-var-torunun-torununu-gordu\/","og_site_name":"Av. Deniz Can K\u0131z\u0131l","article_published_time":"2025-07-12T09:41:16+00:00","author":"Av. Deniz Can K\u0131z\u0131l","twitter_card":"summary_large_image","twitter_misc":{"\u041d\u0430\u043f\u0438\u0441\u0430\u043d\u043e \u0430\u0432\u0442\u043e\u0440\u043e\u043c":"Av. Deniz Can K\u0131z\u0131l","\u041f\u0440\u0438\u043c\u0435\u0440\u043d\u043e\u0435 \u0432\u0440\u0435\u043c\u044f \u0434\u043b\u044f \u0447\u0442\u0435\u043d\u0438\u044f":"2 \u043c\u0438\u043d\u0443\u0442\u044b"},"schema":{"@context":"https:\/\/schema.org","@graph":[{"@type":"Article","@id":"https:\/\/denizcankizil.tr\/de\/haberler\/antalya\/tam-101-yasinda-24-torunu-var-torunun-torununu-gordu\/#article","isPartOf":{"@id":"https:\/\/denizcankizil.tr\/de\/haberler\/antalya\/tam-101-yasinda-24-torunu-var-torunun-torununu-gordu\/"},"author":{"name":"Av. Deniz Can K\u0131z\u0131l","@id":"https:\/\/denizcankizil.tr\/de\/#\/schema\/person\/5dc1b22991bd7ac833867c10afc9b0ff"},"headline":"Tam 101 Ya\u015f\u0131nda: 24 Torunu Var, Torunun Torununu G\u00f6rd\u00fc","datePublished":"2025-07-12T09:41:16+00:00","mainEntityOfPage":{"@id":"https:\/\/denizcankizil.tr\/de\/haberler\/antalya\/tam-101-yasinda-24-torunu-var-torunun-torununu-gordu\/"},"wordCount":353,"publisher":{"@id":"https:\/\/denizcankizil.tr\/de\/#organization"},"articleSection":["Antalya"],"inLanguage":"ru-RU"},{"@type":"WebPage","@id":"https:\/\/denizcankizil.tr\/de\/haberler\/antalya\/tam-101-yasinda-24-torunu-var-torunun-torununu-gordu\/","url":"https:\/\/denizcankizil.tr\/de\/haberler\/antalya\/tam-101-yasinda-24-torunu-var-torunun-torununu-gordu\/","name":"Tam 101 Ya\u015f\u0131nda: 24 Torunu Var, Torunun Torununu G\u00f6rd\u00fc - Av. Deniz Can K\u0131z\u0131l","isPartOf":{"@id":"https:\/\/denizcankizil.tr\/de\/#website"},"datePublished":"2025-07-12T09:41:16+00:00","breadcrumb":{"@id":"https:\/\/denizcankizil.tr\/de\/haberler\/antalya\/tam-101-yasinda-24-torunu-var-torunun-torununu-gordu\/#breadcrumb"},"inLanguage":"ru-RU","potentialAction":[{"@type":"ReadAction","target":["https:\/\/denizcankizil.tr\/de\/haberler\/antalya\/tam-101-yasinda-24-torunu-var-torunun-torununu-gordu\/"]}]},{"@type":"BreadcrumbList","@id":"https:\/\/denizcankizil.tr\/de\/haberler\/antalya\/tam-101-yasinda-24-torunu-var-torunun-torununu-gordu\/#breadcrumb","itemListElement":[{"@type":"ListItem","position":1,"name":"Home","item":"https:\/\/denizcankizil.tr\/de\/"},{"@type":"ListItem","position":2,"name":"Tam 101 Ya\u015f\u0131nda: 24 Torunu Var, Torunun Torununu G\u00f6rd\u00fc"}]},{"@type":"WebSite","@id":"https:\/\/denizcankizil.tr\/de\/#website","url":"https:\/\/denizcankizil.tr\/de\/","name":"Av. Deniz Can K\u0131z\u0131l","description":"Avukat Deniz Can K\u0131z\u0131l Antalya Barosu","publisher":{"@id":"https:\/\/denizcankizil.tr\/de\/#organization"},"potentialAction":[{"@type":"SearchAction","target":{"@type":"EntryPoint","urlTemplate":"https:\/\/denizcankizil.tr\/de\/?s={search_term_string}"},"query-input":{"@type":"PropertyValueSpecification","valueRequired":true,"valueName":"search_term_string"}}],"inLanguage":"ru-RU"},{"@type":"Organization","@id":"https:\/\/denizcankizil.tr\/de\/#organization","name":"Av. Deniz Can K\u0131z\u0131l","url":"https:\/\/denizcankizil.tr\/de\/","logo":{"@type":"ImageObject","inLanguage":"ru-RU","@id":"https:\/\/denizcankizil.tr\/de\/#\/schema\/logo\/image\/","url":"http:\/\/denizcankizil.tr\/wp-content\/uploads\/2024\/10\/siyah-logo-svg.svg","contentUrl":"http:\/\/denizcankizil.tr\/wp-content\/uploads\/2024\/10\/siyah-logo-svg.svg","width":1080,"height":1080,"caption":"Av. Deniz Can K\u0131z\u0131l"},"image":{"@id":"https:\/\/denizcankizil.tr\/de\/#\/schema\/logo\/image\/"}},{"@type":"Person","@id":"https:\/\/denizcankizil.tr\/de\/#\/schema\/person\/5dc1b22991bd7ac833867c10afc9b0ff","name":"Av. Deniz Can K\u0131z\u0131l","image":{"@type":"ImageObject","inLanguage":"ru-RU","@id":"https:\/\/denizcankizil.tr\/de\/#\/schema\/person\/image\/","url":"https:\/\/secure.gravatar.com\/avatar\/a0b128fb9855c79efc976d5640eedb31dc35ec297594d6016d2cf7c60e975bb6?s=96&d=mm&r=g","contentUrl":"https:\/\/secure.gravatar.com\/avatar\/a0b128fb9855c79efc976d5640eedb31dc35ec297594d6016d2cf7c60e975bb6?s=96&d=mm&r=g","caption":"Av. Deniz Can K\u0131z\u0131l"},"sameAs":["http:\/\/www.denizcankizil.tr"],"url":"http:\/\/denizcankizil.tr\/ru\/author\/denizcankizil\/"}]}},"_links":{"self":[{"href":"http:\/\/denizcankizil.tr\/ru\/wp-json\/wp\/v2\/posts\/143501","targetHints":{"allow":["GET"]}}],"collection":[{"href":"http:\/\/denizcankizil.tr\/ru\/wp-json\/wp\/v2\/posts"}],"about":[{"href":"http:\/\/denizcankizil.tr\/ru\/wp-json\/wp\/v2\/types\/post"}],"author":[{"embeddable":true,"href":"http:\/\/denizcankizil.tr\/ru\/wp-json\/wp\/v2\/users\/4"}],"replies":[{"embeddable":true,"href":"http:\/\/denizcankizil.tr\/ru\/wp-json\/wp\/v2\/comments?post=143501"}],"version-history":[{"count":0,"href":"http:\/\/denizcankizil.tr\/ru\/wp-json\/wp\/v2\/posts\/143501\/revisions"}],"wp:attachment":[{"href":"http:\/\/denizcankizil.tr\/ru\/wp-json\/wp\/v2\/media?parent=143501"}],"wp:term":[{"taxonomy":"category","embeddable":true,"href":"http:\/\/denizcankizil.tr\/ru\/wp-json\/wp\/v2\/categories?post=143501"},{"taxonomy":"post_tag","embeddable":true,"href":"http:\/\/denizcankizil.tr\/ru\/wp-json\/wp\/v2\/tags?post=143501"}],"curies":[{"name":"wp","href":"https:\/\/api.w.org\/{rel}","templated":true}]}}