{"id":142654,"date":"2025-07-11T14:41:20","date_gmt":"2025-07-11T11:41:20","guid":{"rendered":"https:\/\/denizcankizil.tr\/uncategorized-tr\/cgdden-korfez-gazetesine-destek-ziyareti\/"},"modified":"2025-07-11T14:41:20","modified_gmt":"2025-07-11T11:41:20","slug":"cgdden-korfez-gazetesine-destek-ziyareti","status":"publish","type":"post","link":"http:\/\/denizcankizil.tr\/ru\/haberler\/gundem\/cgdden-korfez-gazetesine-destek-ziyareti\/","title":{"rendered":"\u00c7GD&#8217;den K\u00f6rfez Gazetesi&#8217;ne destek ziyareti"},"content":{"rendered":"<p>\u00c7a\u011fda\u015f Gazeteciler Derne\u011fi (\u00c7GD), Antalya bas\u0131n\u0131n\u0131n k\u00f6kl\u00fc yay\u0131n organlar\u0131ndan biri olan ve bu y\u0131l yay\u0131n hayat\u0131nda 22 y\u0131l\u0131n\u0131 kutlayan Antalya K\u00f6rfez Gazetesi&#8217;ni ziyaret etti. Ziyarette, gazetenin \u0130mtiyaz Sahibi Rasim G\u00fcnd\u00fcz ve gazete \u00e7al\u0131\u015fanlar\u0131yla bir araya gelen \u00c7GD&#8217;nin \u00fcyeleri, sekt\u00f6rdeki g\u00fcncel geli\u015fmeler, bas\u0131n \u00f6zg\u00fcrl\u00fc\u011f\u00fc m\u00fccadelesi ve gazetecilerin ya\u015fad\u0131\u011f\u0131 zorluklar \u00fczerine kapsaml\u0131 bir g\u00f6r\u00fc\u015fme ger\u00e7ekle\u015ftirdi.<\/p>\n<p>BASININ VE BASIN EMEK\u00c7\u0130LER\u0130N\u0130N SORUNLARI KONU\u015eULDU <\/p>\n<p>Ziyaret s\u0131ras\u0131nda hem bas\u0131n emek\u00e7ilerinin ekonomik ve sosyal haklar\u0131na hem de ba\u011f\u0131ms\u0131z gazetecili\u011fin kar\u015f\u0131 kar\u015f\u0131ya oldu\u011fu bask\u0131 ve sans\u00fcr ortam\u0131na dikkat \u00e7ekildi. Gazetecilik mesle\u011finin halk\u0131n haber alma hakk\u0131 a\u00e7\u0131s\u0131ndan ta\u015f\u0131d\u0131\u011f\u0131 \u00f6neme vurgu yapan \u00c7GD Ba\u015fkan\u0131 Ceren Deniz ve \u00fcyeleri Vahide Yan\u0131k ile Fikret Cinokur, K\u00f6rfez Gazetesi&#8217;nin 22 y\u0131ld\u0131r s\u00fcrd\u00fcrd\u00fc\u011f\u00fc yay\u0131nc\u0131l\u0131k \u00e7izgisinin Antalya bas\u0131n\u0131 i\u00e7in k\u0131ymetli oldu\u011funu ifade etti.<\/p>\n<p>&#8220;DAYANI\u015eMAMIZ S\u00dcRECEK&#8221;<\/p>\n<p>Ziyarette konu\u015fan \u00c7GD temsilcileri, yerel bas\u0131n\u0131n g\u00fc\u00e7lendirilmesinin demokrasinin sa\u011fl\u0131kl\u0131 i\u015fleyi\u015fi a\u00e7\u0131s\u0131ndan hayati oldu\u011funun alt\u0131n\u0131 \u00e7izerek, &#8220;K\u00f6rfez Gazetesi gibi ilkeli ve halktan yana yay\u0131nc\u0131l\u0131k yapan bas\u0131n organlar\u0131n\u0131n yan\u0131nda olmaya devam edece\u011fiz&#8221; dedi.<\/p>\n<p>\u200b\u00c7a\u011fda\u015f Gazeteciler Derne\u011fi (\u00c7GD), yay\u0131n hayat\u0131nda 22 y\u0131l\u0131n\u0131 kutlayan Antalya K\u00f6rfez Gazetesi&#8217;ni ziyaret ederek bas\u0131n \u00f6zg\u00fcrl\u00fc\u011f\u00fc ve gazetecilerin sorunlar\u0131na dikkat \u00e7ekti.\u00a0<\/p>\n<p>\u200bHaberin Al\u0131nt\u0131land\u0131\u011f\u0131 Kaynak: www.antalyakorfez.com<\/p>","protected":false},"excerpt":{"rendered":"<p>\u00c7a\u011fda\u015f Gazeteciler Derne\u011fi (\u00c7GD), Antalya bas\u0131n\u0131n\u0131n k\u00f6kl\u00fc yay\u0131n organlar\u0131ndan biri olan ve bu y\u0131l yay\u0131n hayat\u0131nda 22 y\u0131l\u0131n\u0131 kutlayan Antalya K\u00f6rfez Gazetesi&#8217;ni ziyaret etti. Ziyarette, gazetenin \u0130mtiyaz Sahibi Rasim G\u00fcnd\u00fcz ve gazete \u00e7al\u0131\u015fanlar\u0131yla bir araya gelen \u00c7GD&#8217;nin \u00fcyeleri, sekt\u00f6rdeki g\u00fcncel geli\u015fmeler, bas\u0131n \u00f6zg\u00fcrl\u00fc\u011f\u00fc m\u00fccadelesi ve gazetecilerin ya\u015fad\u0131\u011f\u0131 zorluklar \u00fczerine kapsaml\u0131 bir g\u00f6r\u00fc\u015fme ger\u00e7ekle\u015ftirdi. BASININ VE BASIN EMEK\u00c7\u0130LER\u0130N\u0130N SORUNLARI KONU\u015eULDU Ziyaret s\u0131ras\u0131nda hem bas\u0131n emek\u00e7ilerinin ekonomik ve sosyal haklar\u0131na hem de ba\u011f\u0131ms\u0131z gazetecili\u011fin kar\u015f\u0131 kar\u015f\u0131ya oldu\u011fu bask\u0131 ve sans\u00fcr ortam\u0131na dikkat \u00e7ekildi. Gazetecilik mesle\u011finin halk\u0131n haber alma hakk\u0131 a\u00e7\u0131s\u0131ndan ta\u015f\u0131d\u0131\u011f\u0131 \u00f6neme vurgu yapan \u00c7GD Ba\u015fkan\u0131 Ceren Deniz ve \u00fcyeleri Vahide Yan\u0131k ile Fikret Cinokur, K\u00f6rfez Gazetesi&#8217;nin 22 y\u0131ld\u0131r s\u00fcrd\u00fcrd\u00fc\u011f\u00fc yay\u0131nc\u0131l\u0131k \u00e7izgisinin Antalya bas\u0131n\u0131 i\u00e7in k\u0131ymetli oldu\u011funu ifade etti. &#8220;DAYANI\u015eMAMIZ S\u00dcRECEK&#8221; Ziyarette konu\u015fan \u00c7GD temsilcileri, yerel bas\u0131n\u0131n g\u00fc\u00e7lendirilmesinin demokrasinin sa\u011fl\u0131kl\u0131 i\u015fleyi\u015fi a\u00e7\u0131s\u0131ndan hayati oldu\u011funun alt\u0131n\u0131 \u00e7izerek, &#8220;K\u00f6rfez Gazetesi gibi ilkeli ve halktan yana yay\u0131nc\u0131l\u0131k yapan bas\u0131n organlar\u0131n\u0131n yan\u0131nda olmaya devam edece\u011fiz&#8221; dedi. \u200b\u00c7a\u011fda\u015f Gazeteciler Derne\u011fi (\u00c7GD), yay\u0131n hayat\u0131nda 22 y\u0131l\u0131n\u0131 kutlayan Antalya K\u00f6rfez Gazetesi&#8217;ni ziyaret ederek bas\u0131n \u00f6zg\u00fcrl\u00fc\u011f\u00fc ve gazetecilerin sorunlar\u0131na dikkat \u00e7ekti.\u00a0 \u200bHaberin Al\u0131nt\u0131land\u0131\u011f\u0131 Kaynak: www.antalyakorfez.com<\/p>","protected":false},"author":5,"featured_media":0,"comment_status":"","ping_status":"open","sticky":false,"template":"","format":"standard","meta":{"_acf_changed":false,"footnotes":""},"categories":[24],"tags":[],"class_list":["post-142654","post","type-post","status-publish","format-standard","has-post-thumbnail","hentry","category-gundem"],"acf":[],"yoast_head":"<!-- This site is optimized with the Yoast SEO Premium plugin v26.6 (Yoast SEO v27.1.1) - https:\/\/yoast.com\/product\/yoast-seo-premium-wordpress\/ -->\n<title>\u00c7GD&#039;den K\u00f6rfez Gazetesi&#039;ne destek ziyareti - Av. Deniz Can K\u0131z\u0131l<\/title>\n<meta name=\"robots\" content=\"index, follow, max-snippet:-1, max-image-preview:large, max-video-preview:-1\" \/>\n<link rel=\"canonical\" href=\"http:\/\/denizcankizil.tr\/ru\/haberler\/gundem\/cgdden-korfez-gazetesine-destek-ziyareti\/\" \/>\n<meta property=\"og:locale\" content=\"ru_RU\" \/>\n<meta property=\"og:type\" content=\"article\" \/>\n<meta property=\"og:title\" content=\"\u00c7GD&#039;den K\u00f6rfez Gazetesi&#039;ne destek ziyareti\" \/>\n<meta property=\"og:description\" content=\"\u00c7a\u011fda\u015f Gazeteciler Derne\u011fi (\u00c7GD), Antalya bas\u0131n\u0131n\u0131n k\u00f6kl\u00fc yay\u0131n organlar\u0131ndan biri olan ve bu y\u0131l yay\u0131n hayat\u0131nda 22 y\u0131l\u0131n\u0131 kutlayan Antalya K\u00f6rfez Gazetesi&#8217;ni ziyaret etti. Ziyarette, gazetenin \u0130mtiyaz Sahibi Rasim G\u00fcnd\u00fcz ve gazete \u00e7al\u0131\u015fanlar\u0131yla bir araya gelen \u00c7GD&#8217;nin \u00fcyeleri, sekt\u00f6rdeki g\u00fcncel geli\u015fmeler, bas\u0131n \u00f6zg\u00fcrl\u00fc\u011f\u00fc m\u00fccadelesi ve gazetecilerin ya\u015fad\u0131\u011f\u0131 zorluklar \u00fczerine kapsaml\u0131 bir g\u00f6r\u00fc\u015fme ger\u00e7ekle\u015ftirdi. BASININ VE BASIN EMEK\u00c7\u0130LER\u0130N\u0130N SORUNLARI KONU\u015eULDU Ziyaret s\u0131ras\u0131nda hem bas\u0131n emek\u00e7ilerinin ekonomik ve sosyal haklar\u0131na hem de ba\u011f\u0131ms\u0131z gazetecili\u011fin kar\u015f\u0131 kar\u015f\u0131ya oldu\u011fu bask\u0131 ve sans\u00fcr ortam\u0131na dikkat \u00e7ekildi. Gazetecilik mesle\u011finin halk\u0131n haber alma hakk\u0131 a\u00e7\u0131s\u0131ndan ta\u015f\u0131d\u0131\u011f\u0131 \u00f6neme vurgu yapan \u00c7GD Ba\u015fkan\u0131 Ceren Deniz ve \u00fcyeleri Vahide Yan\u0131k ile Fikret Cinokur, K\u00f6rfez Gazetesi&#8217;nin 22 y\u0131ld\u0131r s\u00fcrd\u00fcrd\u00fc\u011f\u00fc yay\u0131nc\u0131l\u0131k \u00e7izgisinin Antalya bas\u0131n\u0131 i\u00e7in k\u0131ymetli oldu\u011funu ifade etti. &#8220;DAYANI\u015eMAMIZ S\u00dcRECEK&#8221; Ziyarette konu\u015fan \u00c7GD temsilcileri, yerel bas\u0131n\u0131n g\u00fc\u00e7lendirilmesinin demokrasinin sa\u011fl\u0131kl\u0131 i\u015fleyi\u015fi a\u00e7\u0131s\u0131ndan hayati oldu\u011funun alt\u0131n\u0131 \u00e7izerek, &#8220;K\u00f6rfez Gazetesi gibi ilkeli ve halktan yana yay\u0131nc\u0131l\u0131k yapan bas\u0131n organlar\u0131n\u0131n yan\u0131nda olmaya devam edece\u011fiz&#8221; dedi. \u200b\u00c7a\u011fda\u015f Gazeteciler Derne\u011fi (\u00c7GD), yay\u0131n hayat\u0131nda 22 y\u0131l\u0131n\u0131 kutlayan Antalya K\u00f6rfez Gazetesi&#8217;ni ziyaret ederek bas\u0131n \u00f6zg\u00fcrl\u00fc\u011f\u00fc ve gazetecilerin sorunlar\u0131na dikkat \u00e7ekti.\u00a0 \u200bHaberin Al\u0131nt\u0131land\u0131\u011f\u0131 Kaynak: www.antalyakorfez.com\" \/>\n<meta property=\"og:url\" content=\"http:\/\/denizcankizil.tr\/ru\/haberler\/gundem\/cgdden-korfez-gazetesine-destek-ziyareti\/\" \/>\n<meta property=\"og:site_name\" content=\"Av. Deniz Can K\u0131z\u0131l\" \/>\n<meta property=\"article:published_time\" content=\"2025-07-11T11:41:20+00:00\" \/>\n<meta name=\"author\" content=\"Antalya K\u00f6rfez\" \/>\n<meta name=\"twitter:card\" content=\"summary_large_image\" \/>\n<meta name=\"twitter:label1\" content=\"\u041d\u0430\u043f\u0438\u0441\u0430\u043d\u043e \u0430\u0432\u0442\u043e\u0440\u043e\u043c\" \/>\n\t<meta name=\"twitter:data1\" content=\"Antalya K\u00f6rfez\" \/>\n\t<meta name=\"twitter:label2\" content=\"\u041f\u0440\u0438\u043c\u0435\u0440\u043d\u043e\u0435 \u0432\u0440\u0435\u043c\u044f \u0434\u043b\u044f \u0447\u0442\u0435\u043d\u0438\u044f\" \/>\n\t<meta name=\"twitter:data2\" content=\"1 \u043c\u0438\u043d\u0443\u0442\u0430\" \/>\n<script type=\"application\/ld+json\" class=\"yoast-schema-graph\">{\"@context\":\"https:\/\/schema.org\",\"@graph\":[{\"@type\":\"Article\",\"@id\":\"http:\/\/denizcankizil.tr\/de\/haberler\/gundem\/cgdden-korfez-gazetesine-destek-ziyareti\/#article\",\"isPartOf\":{\"@id\":\"http:\/\/denizcankizil.tr\/de\/haberler\/gundem\/cgdden-korfez-gazetesine-destek-ziyareti\/\"},\"author\":{\"name\":\"Antalya K\u00f6rfez\",\"@id\":\"https:\/\/denizcankizil.tr\/de\/#\/schema\/person\/e1eb71bb4dd684d46563f0af307e1234\"},\"headline\":\"\u00c7GD&#8217;den K\u00f6rfez Gazetesi&#8217;ne destek ziyareti\",\"datePublished\":\"2025-07-11T11:41:20+00:00\",\"mainEntityOfPage\":{\"@id\":\"http:\/\/denizcankizil.tr\/de\/haberler\/gundem\/cgdden-korfez-gazetesine-destek-ziyareti\/\"},\"wordCount\":285,\"publisher\":{\"@id\":\"https:\/\/denizcankizil.tr\/de\/#organization\"},\"articleSection\":[\"G\u00fcndem\"],\"inLanguage\":\"ru-RU\"},{\"@type\":\"WebPage\",\"@id\":\"http:\/\/denizcankizil.tr\/de\/haberler\/gundem\/cgdden-korfez-gazetesine-destek-ziyareti\/\",\"url\":\"http:\/\/denizcankizil.tr\/de\/haberler\/gundem\/cgdden-korfez-gazetesine-destek-ziyareti\/\",\"name\":\"\u00c7GD'den K\u00f6rfez Gazetesi'ne destek ziyareti - Av. Deniz Can K\u0131z\u0131l\",\"isPartOf\":{\"@id\":\"https:\/\/denizcankizil.tr\/de\/#website\"},\"datePublished\":\"2025-07-11T11:41:20+00:00\",\"breadcrumb\":{\"@id\":\"http:\/\/denizcankizil.tr\/de\/haberler\/gundem\/cgdden-korfez-gazetesine-destek-ziyareti\/#breadcrumb\"},\"inLanguage\":\"ru-RU\",\"potentialAction\":[{\"@type\":\"ReadAction\",\"target\":[\"http:\/\/denizcankizil.tr\/de\/haberler\/gundem\/cgdden-korfez-gazetesine-destek-ziyareti\/\"]}]},{\"@type\":\"BreadcrumbList\",\"@id\":\"http:\/\/denizcankizil.tr\/de\/haberler\/gundem\/cgdden-korfez-gazetesine-destek-ziyareti\/#breadcrumb\",\"itemListElement\":[{\"@type\":\"ListItem\",\"position\":1,\"name\":\"Home\",\"item\":\"https:\/\/denizcankizil.tr\/de\/\"},{\"@type\":\"ListItem\",\"position\":2,\"name\":\"\u00c7GD&#8217;den K\u00f6rfez Gazetesi&#8217;ne destek ziyareti\"}]},{\"@type\":\"WebSite\",\"@id\":\"https:\/\/denizcankizil.tr\/de\/#website\",\"url\":\"https:\/\/denizcankizil.tr\/de\/\",\"name\":\"Av. Deniz Can K\u0131z\u0131l\",\"description\":\"Avukat Deniz Can K\u0131z\u0131l Antalya Barosu\",\"publisher\":{\"@id\":\"https:\/\/denizcankizil.tr\/de\/#organization\"},\"potentialAction\":[{\"@type\":\"SearchAction\",\"target\":{\"@type\":\"EntryPoint\",\"urlTemplate\":\"https:\/\/denizcankizil.tr\/de\/?s={search_term_string}\"},\"query-input\":{\"@type\":\"PropertyValueSpecification\",\"valueRequired\":true,\"valueName\":\"search_term_string\"}}],\"inLanguage\":\"ru-RU\"},{\"@type\":\"Organization\",\"@id\":\"https:\/\/denizcankizil.tr\/de\/#organization\",\"name\":\"Av. Deniz Can K\u0131z\u0131l\",\"url\":\"https:\/\/denizcankizil.tr\/de\/\",\"logo\":{\"@type\":\"ImageObject\",\"inLanguage\":\"ru-RU\",\"@id\":\"https:\/\/denizcankizil.tr\/de\/#\/schema\/logo\/image\/\",\"url\":\"http:\/\/denizcankizil.tr\/wp-content\/uploads\/2024\/10\/siyah-logo-svg.svg\",\"contentUrl\":\"http:\/\/denizcankizil.tr\/wp-content\/uploads\/2024\/10\/siyah-logo-svg.svg\",\"width\":1080,\"height\":1080,\"caption\":\"Av. Deniz Can K\u0131z\u0131l\"},\"image\":{\"@id\":\"https:\/\/denizcankizil.tr\/de\/#\/schema\/logo\/image\/\"}},{\"@type\":\"Person\",\"@id\":\"https:\/\/denizcankizil.tr\/de\/#\/schema\/person\/e1eb71bb4dd684d46563f0af307e1234\",\"name\":\"Antalya K\u00f6rfez\",\"image\":{\"@type\":\"ImageObject\",\"inLanguage\":\"ru-RU\",\"@id\":\"https:\/\/denizcankizil.tr\/de\/#\/schema\/person\/image\/\",\"url\":\"https:\/\/secure.gravatar.com\/avatar\/42b01982558a48a0b501fdcab6a408d3717ea5919095ee2e67b0e521799c5905?s=96&d=mm&r=g\",\"contentUrl\":\"https:\/\/secure.gravatar.com\/avatar\/42b01982558a48a0b501fdcab6a408d3717ea5919095ee2e67b0e521799c5905?s=96&d=mm&r=g\",\"caption\":\"Antalya K\u00f6rfez\"},\"sameAs\":[\"http:\/\/www.antalyakorfez.com\"],\"url\":\"https:\/\/www.antalyakorfez.com\/cgdden-korfez-gazetesine-destek-ziyareti\"}]}<\/script>\n<!-- \/ Yoast SEO Premium plugin. -->","yoast_head_json":{"title":"\u00c7GD'den K\u00f6rfez Gazetesi'ne destek ziyareti - Av. Deniz Can K\u0131z\u0131l","robots":{"index":"index","follow":"follow","max-snippet":"max-snippet:-1","max-image-preview":"max-image-preview:large","max-video-preview":"max-video-preview:-1"},"canonical":"http:\/\/denizcankizil.tr\/ru\/haberler\/gundem\/cgdden-korfez-gazetesine-destek-ziyareti\/","og_locale":"ru_RU","og_type":"article","og_title":"\u00c7GD'den K\u00f6rfez Gazetesi'ne destek ziyareti","og_description":"\u00c7a\u011fda\u015f Gazeteciler Derne\u011fi (\u00c7GD), Antalya bas\u0131n\u0131n\u0131n k\u00f6kl\u00fc yay\u0131n organlar\u0131ndan biri olan ve bu y\u0131l yay\u0131n hayat\u0131nda 22 y\u0131l\u0131n\u0131 kutlayan Antalya K\u00f6rfez Gazetesi&#8217;ni ziyaret etti. Ziyarette, gazetenin \u0130mtiyaz Sahibi Rasim G\u00fcnd\u00fcz ve gazete \u00e7al\u0131\u015fanlar\u0131yla bir araya gelen \u00c7GD&#8217;nin \u00fcyeleri, sekt\u00f6rdeki g\u00fcncel geli\u015fmeler, bas\u0131n \u00f6zg\u00fcrl\u00fc\u011f\u00fc m\u00fccadelesi ve gazetecilerin ya\u015fad\u0131\u011f\u0131 zorluklar \u00fczerine kapsaml\u0131 bir g\u00f6r\u00fc\u015fme ger\u00e7ekle\u015ftirdi. BASININ VE BASIN EMEK\u00c7\u0130LER\u0130N\u0130N SORUNLARI KONU\u015eULDU Ziyaret s\u0131ras\u0131nda hem bas\u0131n emek\u00e7ilerinin ekonomik ve sosyal haklar\u0131na hem de ba\u011f\u0131ms\u0131z gazetecili\u011fin kar\u015f\u0131 kar\u015f\u0131ya oldu\u011fu bask\u0131 ve sans\u00fcr ortam\u0131na dikkat \u00e7ekildi. Gazetecilik mesle\u011finin halk\u0131n haber alma hakk\u0131 a\u00e7\u0131s\u0131ndan ta\u015f\u0131d\u0131\u011f\u0131 \u00f6neme vurgu yapan \u00c7GD Ba\u015fkan\u0131 Ceren Deniz ve \u00fcyeleri Vahide Yan\u0131k ile Fikret Cinokur, K\u00f6rfez Gazetesi&#8217;nin 22 y\u0131ld\u0131r s\u00fcrd\u00fcrd\u00fc\u011f\u00fc yay\u0131nc\u0131l\u0131k \u00e7izgisinin Antalya bas\u0131n\u0131 i\u00e7in k\u0131ymetli oldu\u011funu ifade etti. &#8220;DAYANI\u015eMAMIZ S\u00dcRECEK&#8221; Ziyarette konu\u015fan \u00c7GD temsilcileri, yerel bas\u0131n\u0131n g\u00fc\u00e7lendirilmesinin demokrasinin sa\u011fl\u0131kl\u0131 i\u015fleyi\u015fi a\u00e7\u0131s\u0131ndan hayati oldu\u011funun alt\u0131n\u0131 \u00e7izerek, &#8220;K\u00f6rfez Gazetesi gibi ilkeli ve halktan yana yay\u0131nc\u0131l\u0131k yapan bas\u0131n organlar\u0131n\u0131n yan\u0131nda olmaya devam edece\u011fiz&#8221; dedi. \u200b\u00c7a\u011fda\u015f Gazeteciler Derne\u011fi (\u00c7GD), yay\u0131n hayat\u0131nda 22 y\u0131l\u0131n\u0131 kutlayan Antalya K\u00f6rfez Gazetesi&#8217;ni ziyaret ederek bas\u0131n \u00f6zg\u00fcrl\u00fc\u011f\u00fc ve gazetecilerin sorunlar\u0131na dikkat \u00e7ekti.\u00a0 \u200bHaberin Al\u0131nt\u0131land\u0131\u011f\u0131 Kaynak: www.antalyakorfez.com","og_url":"http:\/\/denizcankizil.tr\/ru\/haberler\/gundem\/cgdden-korfez-gazetesine-destek-ziyareti\/","og_site_name":"Av. Deniz Can K\u0131z\u0131l","article_published_time":"2025-07-11T11:41:20+00:00","author":"Antalya K\u00f6rfez","twitter_card":"summary_large_image","twitter_misc":{"\u041d\u0430\u043f\u0438\u0441\u0430\u043d\u043e \u0430\u0432\u0442\u043e\u0440\u043e\u043c":"Antalya K\u00f6rfez","\u041f\u0440\u0438\u043c\u0435\u0440\u043d\u043e\u0435 \u0432\u0440\u0435\u043c\u044f \u0434\u043b\u044f \u0447\u0442\u0435\u043d\u0438\u044f":"1 \u043c\u0438\u043d\u0443\u0442\u0430"},"schema":{"@context":"https:\/\/schema.org","@graph":[{"@type":"Article","@id":"http:\/\/denizcankizil.tr\/de\/haberler\/gundem\/cgdden-korfez-gazetesine-destek-ziyareti\/#article","isPartOf":{"@id":"http:\/\/denizcankizil.tr\/de\/haberler\/gundem\/cgdden-korfez-gazetesine-destek-ziyareti\/"},"author":{"name":"Antalya K\u00f6rfez","@id":"https:\/\/denizcankizil.tr\/de\/#\/schema\/person\/e1eb71bb4dd684d46563f0af307e1234"},"headline":"\u00c7GD&#8217;den K\u00f6rfez Gazetesi&#8217;ne destek ziyareti","datePublished":"2025-07-11T11:41:20+00:00","mainEntityOfPage":{"@id":"http:\/\/denizcankizil.tr\/de\/haberler\/gundem\/cgdden-korfez-gazetesine-destek-ziyareti\/"},"wordCount":285,"publisher":{"@id":"https:\/\/denizcankizil.tr\/de\/#organization"},"articleSection":["G\u00fcndem"],"inLanguage":"ru-RU"},{"@type":"WebPage","@id":"http:\/\/denizcankizil.tr\/de\/haberler\/gundem\/cgdden-korfez-gazetesine-destek-ziyareti\/","url":"http:\/\/denizcankizil.tr\/de\/haberler\/gundem\/cgdden-korfez-gazetesine-destek-ziyareti\/","name":"\u00c7GD'den K\u00f6rfez Gazetesi'ne destek ziyareti - Av. Deniz Can K\u0131z\u0131l","isPartOf":{"@id":"https:\/\/denizcankizil.tr\/de\/#website"},"datePublished":"2025-07-11T11:41:20+00:00","breadcrumb":{"@id":"http:\/\/denizcankizil.tr\/de\/haberler\/gundem\/cgdden-korfez-gazetesine-destek-ziyareti\/#breadcrumb"},"inLanguage":"ru-RU","potentialAction":[{"@type":"ReadAction","target":["http:\/\/denizcankizil.tr\/de\/haberler\/gundem\/cgdden-korfez-gazetesine-destek-ziyareti\/"]}]},{"@type":"BreadcrumbList","@id":"http:\/\/denizcankizil.tr\/de\/haberler\/gundem\/cgdden-korfez-gazetesine-destek-ziyareti\/#breadcrumb","itemListElement":[{"@type":"ListItem","position":1,"name":"Home","item":"https:\/\/denizcankizil.tr\/de\/"},{"@type":"ListItem","position":2,"name":"\u00c7GD&#8217;den K\u00f6rfez Gazetesi&#8217;ne destek ziyareti"}]},{"@type":"WebSite","@id":"https:\/\/denizcankizil.tr\/de\/#website","url":"https:\/\/denizcankizil.tr\/de\/","name":"Av. Deniz Can K\u0131z\u0131l","description":"Avukat Deniz Can K\u0131z\u0131l Antalya Barosu","publisher":{"@id":"https:\/\/denizcankizil.tr\/de\/#organization"},"potentialAction":[{"@type":"SearchAction","target":{"@type":"EntryPoint","urlTemplate":"https:\/\/denizcankizil.tr\/de\/?s={search_term_string}"},"query-input":{"@type":"PropertyValueSpecification","valueRequired":true,"valueName":"search_term_string"}}],"inLanguage":"ru-RU"},{"@type":"Organization","@id":"https:\/\/denizcankizil.tr\/de\/#organization","name":"Av. Deniz Can K\u0131z\u0131l","url":"https:\/\/denizcankizil.tr\/de\/","logo":{"@type":"ImageObject","inLanguage":"ru-RU","@id":"https:\/\/denizcankizil.tr\/de\/#\/schema\/logo\/image\/","url":"http:\/\/denizcankizil.tr\/wp-content\/uploads\/2024\/10\/siyah-logo-svg.svg","contentUrl":"http:\/\/denizcankizil.tr\/wp-content\/uploads\/2024\/10\/siyah-logo-svg.svg","width":1080,"height":1080,"caption":"Av. Deniz Can K\u0131z\u0131l"},"image":{"@id":"https:\/\/denizcankizil.tr\/de\/#\/schema\/logo\/image\/"}},{"@type":"Person","@id":"https:\/\/denizcankizil.tr\/de\/#\/schema\/person\/e1eb71bb4dd684d46563f0af307e1234","name":"Antalya K\u00f6rfez","image":{"@type":"ImageObject","inLanguage":"ru-RU","@id":"https:\/\/denizcankizil.tr\/de\/#\/schema\/person\/image\/","url":"https:\/\/secure.gravatar.com\/avatar\/42b01982558a48a0b501fdcab6a408d3717ea5919095ee2e67b0e521799c5905?s=96&d=mm&r=g","contentUrl":"https:\/\/secure.gravatar.com\/avatar\/42b01982558a48a0b501fdcab6a408d3717ea5919095ee2e67b0e521799c5905?s=96&d=mm&r=g","caption":"Antalya K\u00f6rfez"},"sameAs":["http:\/\/www.antalyakorfez.com"],"url":"https:\/\/www.antalyakorfez.com\/cgdden-korfez-gazetesine-destek-ziyareti"}]}},"_links":{"self":[{"href":"http:\/\/denizcankizil.tr\/ru\/wp-json\/wp\/v2\/posts\/142654","targetHints":{"allow":["GET"]}}],"collection":[{"href":"http:\/\/denizcankizil.tr\/ru\/wp-json\/wp\/v2\/posts"}],"about":[{"href":"http:\/\/denizcankizil.tr\/ru\/wp-json\/wp\/v2\/types\/post"}],"author":[{"embeddable":true,"href":"http:\/\/denizcankizil.tr\/ru\/wp-json\/wp\/v2\/users\/5"}],"replies":[{"embeddable":true,"href":"http:\/\/denizcankizil.tr\/ru\/wp-json\/wp\/v2\/comments?post=142654"}],"version-history":[{"count":0,"href":"http:\/\/denizcankizil.tr\/ru\/wp-json\/wp\/v2\/posts\/142654\/revisions"}],"wp:attachment":[{"href":"http:\/\/denizcankizil.tr\/ru\/wp-json\/wp\/v2\/media?parent=142654"}],"wp:term":[{"taxonomy":"category","embeddable":true,"href":"http:\/\/denizcankizil.tr\/ru\/wp-json\/wp\/v2\/categories?post=142654"},{"taxonomy":"post_tag","embeddable":true,"href":"http:\/\/denizcankizil.tr\/ru\/wp-json\/wp\/v2\/tags?post=142654"}],"curies":[{"name":"wp","href":"https:\/\/api.w.org\/{rel}","templated":true}]}}