{"id":13918,"date":"2024-11-07T11:41:24","date_gmt":"2024-11-07T08:41:24","guid":{"rendered":"https:\/\/denizcankizil.tr\/uncategorized-tr\/er-canimoglu-torenle-ugurlandi\/"},"modified":"2024-11-07T11:41:24","modified_gmt":"2024-11-07T08:41:24","slug":"er-canimoglu-torenle-ugurlandi","status":"publish","type":"post","link":"http:\/\/denizcankizil.tr\/ru\/haberler\/gundem\/er-canimoglu-torenle-ugurlandi\/","title":{"rendered":"Er Canimoglu T\u00f6renle U\u011furland\u0131"},"content":{"rendered":"<p>Arsuz Kaymakam\u0131 Hasan G\u00f6kp\u0131nar, Tokat \u0130linde vatani g\u00f6revini ifa ederken ge\u00e7irdi\u011fi rahats\u0131zl\u0131k sonucu hayat\u0131n\u0131 kaybeden \u015earkkonak mahallesinden P. Er. Okan Can\u0131mo\u011flu i\u00e7in d\u00fczenlenen cenaze t\u00f6renine kat\u0131ld\u0131.<br \/>\nCan\u0131moglu dualarla u\u011furland\u0131\u00a0<\/p>\n<p>\u200bArsuz Kaymakam\u0131 Hasan G\u00f6kp\u0131nar, Tokat \u0130linde vatani g\u00f6revini ifa ederken ge\u00e7irdi\u011fi rahats\u0131zl\u0131k sonucu hayat\u0131n\u0131 kaybeden \u015earkkonak mahallesinden P. Er. Okan Can\u0131mo\u011flu i\u00e7in d\u00fczenlenen cenaze t\u00f6renine kat\u0131ld\u0131.<br \/>\nCan\u0131moglu dualarla u\u011furland\u0131\u00a0\u00a0<\/p>\n<p>\u200bHaberin Al\u0131nt\u0131land\u0131\u011f\u0131 Kaynak: www.iskenderun.org<\/p>","protected":false},"excerpt":{"rendered":"<p>Arsuz Kaymakam\u0131 Hasan G\u00f6kp\u0131nar, Tokat \u0130linde vatani g\u00f6revini ifa ederken ge\u00e7irdi\u011fi rahats\u0131zl\u0131k sonucu hayat\u0131n\u0131 kaybeden \u015earkkonak mahallesinden P. Er. Okan Can\u0131mo\u011flu i\u00e7in d\u00fczenlenen cenaze t\u00f6renine kat\u0131ld\u0131. Can\u0131moglu dualarla u\u011furland\u0131\u00a0 \u200bArsuz Kaymakam\u0131 Hasan G\u00f6kp\u0131nar, Tokat \u0130linde vatani g\u00f6revini ifa ederken ge\u00e7irdi\u011fi rahats\u0131zl\u0131k sonucu hayat\u0131n\u0131 kaybeden \u015earkkonak mahallesinden P. Er. Okan Can\u0131mo\u011flu i\u00e7in d\u00fczenlenen cenaze t\u00f6renine kat\u0131ld\u0131. Can\u0131moglu dualarla u\u011furland\u0131\u00a0\u00a0 \u200bHaberin Al\u0131nt\u0131land\u0131\u011f\u0131 Kaynak: www.iskenderun.org<\/p>","protected":false},"author":0,"featured_media":0,"comment_status":"open","ping_status":"open","sticky":false,"template":"","format":"standard","meta":{"_acf_changed":false,"footnotes":""},"categories":[24,535],"tags":[],"class_list":["post-13918","post","type-post","status-publish","format-standard","has-post-thumbnail","hentry","category-gundem","category-uncategorized-tr"],"acf":[],"yoast_head":"<!-- This site is optimized with the Yoast SEO Premium plugin v26.6 (Yoast SEO v27.1.1) - https:\/\/yoast.com\/product\/yoast-seo-premium-wordpress\/ -->\n<title>Er Canimoglu T\u00f6renle U\u011furland\u0131 - Av. Deniz Can K\u0131z\u0131l<\/title>\n<meta name=\"robots\" content=\"index, follow, max-snippet:-1, max-image-preview:large, max-video-preview:-1\" \/>\n<link rel=\"canonical\" href=\"http:\/\/denizcankizil.tr\/ru\/haberler\/gundem\/er-canimoglu-torenle-ugurlandi\/\" \/>\n<meta property=\"og:locale\" content=\"ru_RU\" \/>\n<meta property=\"og:type\" content=\"article\" \/>\n<meta property=\"og:title\" content=\"Er Canimoglu T\u00f6renle U\u011furland\u0131\" \/>\n<meta property=\"og:description\" content=\"Arsuz Kaymakam\u0131 Hasan G\u00f6kp\u0131nar, Tokat \u0130linde vatani g\u00f6revini ifa ederken ge\u00e7irdi\u011fi rahats\u0131zl\u0131k sonucu hayat\u0131n\u0131 kaybeden \u015earkkonak mahallesinden P. Er. Okan Can\u0131mo\u011flu i\u00e7in d\u00fczenlenen cenaze t\u00f6renine kat\u0131ld\u0131. Can\u0131moglu dualarla u\u011furland\u0131\u00a0 \u200bArsuz Kaymakam\u0131 Hasan G\u00f6kp\u0131nar, Tokat \u0130linde vatani g\u00f6revini ifa ederken ge\u00e7irdi\u011fi rahats\u0131zl\u0131k sonucu hayat\u0131n\u0131 kaybeden \u015earkkonak mahallesinden P. Er. Okan Can\u0131mo\u011flu i\u00e7in d\u00fczenlenen cenaze t\u00f6renine kat\u0131ld\u0131. Can\u0131moglu dualarla u\u011furland\u0131\u00a0\u00a0 \u200bHaberin Al\u0131nt\u0131land\u0131\u011f\u0131 Kaynak: www.iskenderun.org\" \/>\n<meta property=\"og:url\" content=\"http:\/\/denizcankizil.tr\/ru\/haberler\/gundem\/er-canimoglu-torenle-ugurlandi\/\" \/>\n<meta property=\"og:site_name\" content=\"Av. Deniz Can K\u0131z\u0131l\" \/>\n<meta property=\"article:published_time\" content=\"2024-11-07T08:41:24+00:00\" \/>\n<meta name=\"twitter:card\" content=\"summary_large_image\" \/>\n<script type=\"application\/ld+json\" class=\"yoast-schema-graph\">{\"@context\":\"https:\/\/schema.org\",\"@graph\":[{\"@type\":\"Article\",\"@id\":\"http:\/\/denizcankizil.tr\/ru\/haberler\/gundem\/er-canimoglu-torenle-ugurlandi\/#article\",\"isPartOf\":{\"@id\":\"http:\/\/denizcankizil.tr\/ru\/haberler\/gundem\/er-canimoglu-torenle-ugurlandi\/\"},\"author\":{\"name\":\"\",\"@id\":\"\"},\"headline\":\"Er Canimoglu T\u00f6renle U\u011furland\u0131\",\"datePublished\":\"2024-11-07T08:41:24+00:00\",\"mainEntityOfPage\":{\"@id\":\"http:\/\/denizcankizil.tr\/ru\/haberler\/gundem\/er-canimoglu-torenle-ugurlandi\/\"},\"wordCount\":104,\"commentCount\":0,\"publisher\":{\"@id\":\"https:\/\/denizcankizil.tr\/de\/#organization\"},\"articleSection\":[\"G\u00fcndem\",\"Uncategorized\"],\"inLanguage\":\"ru-RU\",\"potentialAction\":[{\"@type\":\"CommentAction\",\"name\":\"Comment\",\"target\":[\"http:\/\/denizcankizil.tr\/ru\/haberler\/gundem\/er-canimoglu-torenle-ugurlandi\/#respond\"]}]},{\"@type\":\"WebPage\",\"@id\":\"http:\/\/denizcankizil.tr\/ru\/haberler\/gundem\/er-canimoglu-torenle-ugurlandi\/\",\"url\":\"http:\/\/denizcankizil.tr\/ru\/haberler\/gundem\/er-canimoglu-torenle-ugurlandi\/\",\"name\":\"Er Canimoglu T\u00f6renle U\u011furland\u0131 - Av. Deniz Can K\u0131z\u0131l\",\"isPartOf\":{\"@id\":\"https:\/\/denizcankizil.tr\/de\/#website\"},\"datePublished\":\"2024-11-07T08:41:24+00:00\",\"breadcrumb\":{\"@id\":\"http:\/\/denizcankizil.tr\/ru\/haberler\/gundem\/er-canimoglu-torenle-ugurlandi\/#breadcrumb\"},\"inLanguage\":\"ru-RU\",\"potentialAction\":[{\"@type\":\"ReadAction\",\"target\":[\"http:\/\/denizcankizil.tr\/ru\/haberler\/gundem\/er-canimoglu-torenle-ugurlandi\/\"]}]},{\"@type\":\"BreadcrumbList\",\"@id\":\"http:\/\/denizcankizil.tr\/ru\/haberler\/gundem\/er-canimoglu-torenle-ugurlandi\/#breadcrumb\",\"itemListElement\":[{\"@type\":\"ListItem\",\"position\":1,\"name\":\"Home\",\"item\":\"https:\/\/denizcankizil.tr\/de\/\"},{\"@type\":\"ListItem\",\"position\":2,\"name\":\"Er Canimoglu T\u00f6renle U\u011furland\u0131\"}]},{\"@type\":\"WebSite\",\"@id\":\"https:\/\/denizcankizil.tr\/de\/#website\",\"url\":\"https:\/\/denizcankizil.tr\/de\/\",\"name\":\"Av. Deniz Can K\u0131z\u0131l\",\"description\":\"Avukat Deniz Can K\u0131z\u0131l Antalya Barosu\",\"publisher\":{\"@id\":\"https:\/\/denizcankizil.tr\/de\/#organization\"},\"potentialAction\":[{\"@type\":\"SearchAction\",\"target\":{\"@type\":\"EntryPoint\",\"urlTemplate\":\"https:\/\/denizcankizil.tr\/de\/?s={search_term_string}\"},\"query-input\":{\"@type\":\"PropertyValueSpecification\",\"valueRequired\":true,\"valueName\":\"search_term_string\"}}],\"inLanguage\":\"ru-RU\"},{\"@type\":\"Organization\",\"@id\":\"https:\/\/denizcankizil.tr\/de\/#organization\",\"name\":\"Av. Deniz Can K\u0131z\u0131l\",\"url\":\"https:\/\/denizcankizil.tr\/de\/\",\"logo\":{\"@type\":\"ImageObject\",\"inLanguage\":\"ru-RU\",\"@id\":\"https:\/\/denizcankizil.tr\/de\/#\/schema\/logo\/image\/\",\"url\":\"http:\/\/denizcankizil.tr\/wp-content\/uploads\/2024\/10\/siyah-logo-svg.svg\",\"contentUrl\":\"http:\/\/denizcankizil.tr\/wp-content\/uploads\/2024\/10\/siyah-logo-svg.svg\",\"width\":1080,\"height\":1080,\"caption\":\"Av. Deniz Can K\u0131z\u0131l\"},\"image\":{\"@id\":\"https:\/\/denizcankizil.tr\/de\/#\/schema\/logo\/image\/\"}}]}<\/script>\n<!-- \/ Yoast SEO Premium plugin. -->","yoast_head_json":{"title":"Er Canimoglu T\u00f6renle U\u011furland\u0131 - Av. Deniz Can K\u0131z\u0131l","robots":{"index":"index","follow":"follow","max-snippet":"max-snippet:-1","max-image-preview":"max-image-preview:large","max-video-preview":"max-video-preview:-1"},"canonical":"http:\/\/denizcankizil.tr\/ru\/haberler\/gundem\/er-canimoglu-torenle-ugurlandi\/","og_locale":"ru_RU","og_type":"article","og_title":"Er Canimoglu T\u00f6renle U\u011furland\u0131","og_description":"Arsuz Kaymakam\u0131 Hasan G\u00f6kp\u0131nar, Tokat \u0130linde vatani g\u00f6revini ifa ederken ge\u00e7irdi\u011fi rahats\u0131zl\u0131k sonucu hayat\u0131n\u0131 kaybeden \u015earkkonak mahallesinden P. Er. Okan Can\u0131mo\u011flu i\u00e7in d\u00fczenlenen cenaze t\u00f6renine kat\u0131ld\u0131. Can\u0131moglu dualarla u\u011furland\u0131\u00a0 \u200bArsuz Kaymakam\u0131 Hasan G\u00f6kp\u0131nar, Tokat \u0130linde vatani g\u00f6revini ifa ederken ge\u00e7irdi\u011fi rahats\u0131zl\u0131k sonucu hayat\u0131n\u0131 kaybeden \u015earkkonak mahallesinden P. Er. Okan Can\u0131mo\u011flu i\u00e7in d\u00fczenlenen cenaze t\u00f6renine kat\u0131ld\u0131. Can\u0131moglu dualarla u\u011furland\u0131\u00a0\u00a0 \u200bHaberin Al\u0131nt\u0131land\u0131\u011f\u0131 Kaynak: www.iskenderun.org","og_url":"http:\/\/denizcankizil.tr\/ru\/haberler\/gundem\/er-canimoglu-torenle-ugurlandi\/","og_site_name":"Av. Deniz Can K\u0131z\u0131l","article_published_time":"2024-11-07T08:41:24+00:00","twitter_card":"summary_large_image","schema":{"@context":"https:\/\/schema.org","@graph":[{"@type":"Article","@id":"http:\/\/denizcankizil.tr\/ru\/haberler\/gundem\/er-canimoglu-torenle-ugurlandi\/#article","isPartOf":{"@id":"http:\/\/denizcankizil.tr\/ru\/haberler\/gundem\/er-canimoglu-torenle-ugurlandi\/"},"author":{"name":"","@id":""},"headline":"Er Canimoglu T\u00f6renle U\u011furland\u0131","datePublished":"2024-11-07T08:41:24+00:00","mainEntityOfPage":{"@id":"http:\/\/denizcankizil.tr\/ru\/haberler\/gundem\/er-canimoglu-torenle-ugurlandi\/"},"wordCount":104,"commentCount":0,"publisher":{"@id":"https:\/\/denizcankizil.tr\/de\/#organization"},"articleSection":["G\u00fcndem","Uncategorized"],"inLanguage":"ru-RU","potentialAction":[{"@type":"CommentAction","name":"Comment","target":["http:\/\/denizcankizil.tr\/ru\/haberler\/gundem\/er-canimoglu-torenle-ugurlandi\/#respond"]}]},{"@type":"WebPage","@id":"http:\/\/denizcankizil.tr\/ru\/haberler\/gundem\/er-canimoglu-torenle-ugurlandi\/","url":"http:\/\/denizcankizil.tr\/ru\/haberler\/gundem\/er-canimoglu-torenle-ugurlandi\/","name":"Er Canimoglu T\u00f6renle U\u011furland\u0131 - Av. Deniz Can K\u0131z\u0131l","isPartOf":{"@id":"https:\/\/denizcankizil.tr\/de\/#website"},"datePublished":"2024-11-07T08:41:24+00:00","breadcrumb":{"@id":"http:\/\/denizcankizil.tr\/ru\/haberler\/gundem\/er-canimoglu-torenle-ugurlandi\/#breadcrumb"},"inLanguage":"ru-RU","potentialAction":[{"@type":"ReadAction","target":["http:\/\/denizcankizil.tr\/ru\/haberler\/gundem\/er-canimoglu-torenle-ugurlandi\/"]}]},{"@type":"BreadcrumbList","@id":"http:\/\/denizcankizil.tr\/ru\/haberler\/gundem\/er-canimoglu-torenle-ugurlandi\/#breadcrumb","itemListElement":[{"@type":"ListItem","position":1,"name":"Home","item":"https:\/\/denizcankizil.tr\/de\/"},{"@type":"ListItem","position":2,"name":"Er Canimoglu T\u00f6renle U\u011furland\u0131"}]},{"@type":"WebSite","@id":"https:\/\/denizcankizil.tr\/de\/#website","url":"https:\/\/denizcankizil.tr\/de\/","name":"Av. Deniz Can K\u0131z\u0131l","description":"Avukat Deniz Can K\u0131z\u0131l Antalya Barosu","publisher":{"@id":"https:\/\/denizcankizil.tr\/de\/#organization"},"potentialAction":[{"@type":"SearchAction","target":{"@type":"EntryPoint","urlTemplate":"https:\/\/denizcankizil.tr\/de\/?s={search_term_string}"},"query-input":{"@type":"PropertyValueSpecification","valueRequired":true,"valueName":"search_term_string"}}],"inLanguage":"ru-RU"},{"@type":"Organization","@id":"https:\/\/denizcankizil.tr\/de\/#organization","name":"Av. Deniz Can K\u0131z\u0131l","url":"https:\/\/denizcankizil.tr\/de\/","logo":{"@type":"ImageObject","inLanguage":"ru-RU","@id":"https:\/\/denizcankizil.tr\/de\/#\/schema\/logo\/image\/","url":"http:\/\/denizcankizil.tr\/wp-content\/uploads\/2024\/10\/siyah-logo-svg.svg","contentUrl":"http:\/\/denizcankizil.tr\/wp-content\/uploads\/2024\/10\/siyah-logo-svg.svg","width":1080,"height":1080,"caption":"Av. Deniz Can K\u0131z\u0131l"},"image":{"@id":"https:\/\/denizcankizil.tr\/de\/#\/schema\/logo\/image\/"}}]}},"_links":{"self":[{"href":"http:\/\/denizcankizil.tr\/ru\/wp-json\/wp\/v2\/posts\/13918","targetHints":{"allow":["GET"]}}],"collection":[{"href":"http:\/\/denizcankizil.tr\/ru\/wp-json\/wp\/v2\/posts"}],"about":[{"href":"http:\/\/denizcankizil.tr\/ru\/wp-json\/wp\/v2\/types\/post"}],"replies":[{"embeddable":true,"href":"http:\/\/denizcankizil.tr\/ru\/wp-json\/wp\/v2\/comments?post=13918"}],"version-history":[{"count":0,"href":"http:\/\/denizcankizil.tr\/ru\/wp-json\/wp\/v2\/posts\/13918\/revisions"}],"wp:attachment":[{"href":"http:\/\/denizcankizil.tr\/ru\/wp-json\/wp\/v2\/media?parent=13918"}],"wp:term":[{"taxonomy":"category","embeddable":true,"href":"http:\/\/denizcankizil.tr\/ru\/wp-json\/wp\/v2\/categories?post=13918"},{"taxonomy":"post_tag","embeddable":true,"href":"http:\/\/denizcankizil.tr\/ru\/wp-json\/wp\/v2\/tags?post=13918"}],"curies":[{"name":"wp","href":"https:\/\/api.w.org\/{rel}","templated":true}]}}