{"id":138879,"date":"2025-07-07T15:41:16","date_gmt":"2025-07-07T12:41:16","guid":{"rendered":"https:\/\/denizcankizil.tr\/uncategorized-tr\/konyaalti-belediyesinden-anket-uyarisi-aramalarin-bizimle-ilgisi-yok\/"},"modified":"2025-07-07T15:41:16","modified_gmt":"2025-07-07T12:41:16","slug":"konyaalti-belediyesinden-anket-uyarisi-aramalarin-bizimle-ilgisi-yok","status":"publish","type":"post","link":"http:\/\/denizcankizil.tr\/ru\/haberler\/gundem\/konyaalti-belediyesinden-anket-uyarisi-aramalarin-bizimle-ilgisi-yok\/","title":{"rendered":"Konyaalt\u0131 Belediyesi&#8217;nden anket uyar\u0131s\u0131: &#8220;Aramalar\u0131n bizimle ilgisi yok&#8221;"},"content":{"rendered":"<p>Konyaalt\u0131 Belediyesi, son g\u00fcnlerde vatanda\u015flara y\u00f6nelik yap\u0131lan ve belediyeyle ilgisi bulunmayan telefon aramalar\u0131 konusunda kamuoyunu bilgilendirdi. Belediyeden yap\u0131lan a\u00e7\u0131klamada, Ankara merkezli bir numaradan vatanda\u015flar\u0131n aranarak anket ad\u0131 alt\u0131nda y\u00f6neltilen sorular\u0131n, belediyeyle hi\u00e7bir ilgisi olmad\u0131\u011f\u0131n\u0131 belirtildi.<\/p>\n<p>&#8220;AMACI BELL\u0130 OLMAYAN B\u0130R S\u00dcRE\u00c7 YARATILIYOR&#8221;<\/p>\n<p>Konyaalt\u0131 Belediyesi taraf\u0131ndan yap\u0131lan a\u00e7\u0131klamada, s\u00f6z konusu aramalar\u0131n kamuoyunda kafa kar\u0131\u015f\u0131kl\u0131\u011f\u0131 yaratt\u0131\u011f\u0131na dikkat \u00e7ekerek \u015fu ifadelere yer verdi:<\/p>\n<p>&#8220;Ankara merkezli bir telefon numaras\u0131ndan vatanda\u015flar\u0131m\u0131z\u0131n arand\u0131\u011f\u0131 ve anket \u00e7al\u0131\u015fmas\u0131yla ba\u011fda\u015fmayan sorular sorularak amac\u0131 olmayan bir s\u00fcre\u00e7 yarat\u0131ld\u0131\u011f\u0131 bilgisi taraf\u0131m\u0131za ula\u015fm\u0131\u015ft\u0131r. Belediyemizin bu tip aramalarla hi\u00e7bir ilgisi ve ba\u011f\u0131 bulunmamaktad\u0131r.&#8221;<\/p>\n<p>HUKUK\u0130 S\u00dcRE\u00c7 BA\u015eLATILDI<\/p>\n<p>Belediye yetkilileri, ya\u015fanan olayla ilgili hukuki s\u00fcrecin titizlikle y\u00fcr\u00fct\u00fcld\u00fc\u011f\u00fcn\u00fc duyurdu. A\u00e7\u0131klamada, benzer aramalarla kar\u015f\u0131la\u015fan vatanda\u015flar\u0131n durumu derhal emniyet yetkililerine bildirmeleri gerekti\u011fini vurgulad\u0131.<\/p>\n<p>\u200bKonyaalt\u0131 Belediyesi, Ankara merkezli telefon numaralar\u0131ndan vatanda\u015flara yap\u0131lan anket aramalar\u0131yla hi\u00e7bir ilgilerinin bulunmad\u0131\u011f\u0131n\u0131 a\u00e7\u0131klad\u0131. Belediye, yurtta\u015flar\u0131 dikkatli olmaya ve emniyete bilgi vermeye davet etti.\u00a0<\/p>\n<p>\u200bHaberin Al\u0131nt\u0131land\u0131\u011f\u0131 Kaynak: www.antalyakorfez.com<\/p>","protected":false},"excerpt":{"rendered":"<p>Konyaalt\u0131 Belediyesi, son g\u00fcnlerde vatanda\u015flara y\u00f6nelik yap\u0131lan ve belediyeyle ilgisi bulunmayan telefon aramalar\u0131 konusunda kamuoyunu bilgilendirdi. Belediyeden yap\u0131lan a\u00e7\u0131klamada, Ankara merkezli bir numaradan vatanda\u015flar\u0131n aranarak anket ad\u0131 alt\u0131nda y\u00f6neltilen sorular\u0131n, belediyeyle hi\u00e7bir ilgisi olmad\u0131\u011f\u0131n\u0131 belirtildi. &#8220;AMACI BELL\u0130 OLMAYAN B\u0130R S\u00dcRE\u00c7 YARATILIYOR&#8221; Konyaalt\u0131 Belediyesi taraf\u0131ndan yap\u0131lan a\u00e7\u0131klamada, s\u00f6z konusu aramalar\u0131n kamuoyunda kafa kar\u0131\u015f\u0131kl\u0131\u011f\u0131 yaratt\u0131\u011f\u0131na dikkat \u00e7ekerek \u015fu ifadelere yer verdi: &#8220;Ankara merkezli bir telefon numaras\u0131ndan vatanda\u015flar\u0131m\u0131z\u0131n arand\u0131\u011f\u0131 ve anket \u00e7al\u0131\u015fmas\u0131yla ba\u011fda\u015fmayan sorular sorularak amac\u0131 olmayan bir s\u00fcre\u00e7 yarat\u0131ld\u0131\u011f\u0131 bilgisi taraf\u0131m\u0131za ula\u015fm\u0131\u015ft\u0131r. Belediyemizin bu tip aramalarla hi\u00e7bir ilgisi ve ba\u011f\u0131 bulunmamaktad\u0131r.&#8221; HUKUK\u0130 S\u00dcRE\u00c7 BA\u015eLATILDI Belediye yetkilileri, ya\u015fanan olayla ilgili hukuki s\u00fcrecin titizlikle y\u00fcr\u00fct\u00fcld\u00fc\u011f\u00fcn\u00fc duyurdu. A\u00e7\u0131klamada, benzer aramalarla kar\u015f\u0131la\u015fan vatanda\u015flar\u0131n durumu derhal emniyet yetkililerine bildirmeleri gerekti\u011fini vurgulad\u0131. \u200bKonyaalt\u0131 Belediyesi, Ankara merkezli telefon numaralar\u0131ndan vatanda\u015flara yap\u0131lan anket aramalar\u0131yla hi\u00e7bir ilgilerinin bulunmad\u0131\u011f\u0131n\u0131 a\u00e7\u0131klad\u0131. Belediye, yurtta\u015flar\u0131 dikkatli olmaya ve emniyete bilgi vermeye davet etti.\u00a0 \u200bHaberin Al\u0131nt\u0131land\u0131\u011f\u0131 Kaynak: www.antalyakorfez.com<\/p>","protected":false},"author":5,"featured_media":0,"comment_status":"","ping_status":"open","sticky":false,"template":"","format":"standard","meta":{"_acf_changed":false,"footnotes":""},"categories":[24],"tags":[],"class_list":["post-138879","post","type-post","status-publish","format-standard","has-post-thumbnail","hentry","category-gundem"],"acf":[],"yoast_head":"<!-- This site is optimized with the Yoast SEO Premium plugin v26.6 (Yoast SEO v27.1.1) - https:\/\/yoast.com\/product\/yoast-seo-premium-wordpress\/ -->\n<title>Konyaalt\u0131 Belediyesi&#039;nden anket uyar\u0131s\u0131: &quot;Aramalar\u0131n bizimle ilgisi yok&quot; - Av. Deniz Can K\u0131z\u0131l<\/title>\n<meta name=\"robots\" content=\"index, follow, max-snippet:-1, max-image-preview:large, max-video-preview:-1\" \/>\n<link rel=\"canonical\" href=\"http:\/\/denizcankizil.tr\/ru\/haberler\/gundem\/konyaalti-belediyesinden-anket-uyarisi-aramalarin-bizimle-ilgisi-yok\/\" \/>\n<meta property=\"og:locale\" content=\"ru_RU\" \/>\n<meta property=\"og:type\" content=\"article\" \/>\n<meta property=\"og:title\" content=\"Konyaalt\u0131 Belediyesi&#039;nden anket uyar\u0131s\u0131: &quot;Aramalar\u0131n bizimle ilgisi yok&quot;\" \/>\n<meta property=\"og:description\" content=\"Konyaalt\u0131 Belediyesi, son g\u00fcnlerde vatanda\u015flara y\u00f6nelik yap\u0131lan ve belediyeyle ilgisi bulunmayan telefon aramalar\u0131 konusunda kamuoyunu bilgilendirdi. Belediyeden yap\u0131lan a\u00e7\u0131klamada, Ankara merkezli bir numaradan vatanda\u015flar\u0131n aranarak anket ad\u0131 alt\u0131nda y\u00f6neltilen sorular\u0131n, belediyeyle hi\u00e7bir ilgisi olmad\u0131\u011f\u0131n\u0131 belirtildi. &#8220;AMACI BELL\u0130 OLMAYAN B\u0130R S\u00dcRE\u00c7 YARATILIYOR&#8221; Konyaalt\u0131 Belediyesi taraf\u0131ndan yap\u0131lan a\u00e7\u0131klamada, s\u00f6z konusu aramalar\u0131n kamuoyunda kafa kar\u0131\u015f\u0131kl\u0131\u011f\u0131 yaratt\u0131\u011f\u0131na dikkat \u00e7ekerek \u015fu ifadelere yer verdi: &#8220;Ankara merkezli bir telefon numaras\u0131ndan vatanda\u015flar\u0131m\u0131z\u0131n arand\u0131\u011f\u0131 ve anket \u00e7al\u0131\u015fmas\u0131yla ba\u011fda\u015fmayan sorular sorularak amac\u0131 olmayan bir s\u00fcre\u00e7 yarat\u0131ld\u0131\u011f\u0131 bilgisi taraf\u0131m\u0131za ula\u015fm\u0131\u015ft\u0131r. Belediyemizin bu tip aramalarla hi\u00e7bir ilgisi ve ba\u011f\u0131 bulunmamaktad\u0131r.&#8221; HUKUK\u0130 S\u00dcRE\u00c7 BA\u015eLATILDI Belediye yetkilileri, ya\u015fanan olayla ilgili hukuki s\u00fcrecin titizlikle y\u00fcr\u00fct\u00fcld\u00fc\u011f\u00fcn\u00fc duyurdu. A\u00e7\u0131klamada, benzer aramalarla kar\u015f\u0131la\u015fan vatanda\u015flar\u0131n durumu derhal emniyet yetkililerine bildirmeleri gerekti\u011fini vurgulad\u0131. \u200bKonyaalt\u0131 Belediyesi, Ankara merkezli telefon numaralar\u0131ndan vatanda\u015flara yap\u0131lan anket aramalar\u0131yla hi\u00e7bir ilgilerinin bulunmad\u0131\u011f\u0131n\u0131 a\u00e7\u0131klad\u0131. Belediye, yurtta\u015flar\u0131 dikkatli olmaya ve emniyete bilgi vermeye davet etti.\u00a0 \u200bHaberin Al\u0131nt\u0131land\u0131\u011f\u0131 Kaynak: www.antalyakorfez.com\" \/>\n<meta property=\"og:url\" content=\"http:\/\/denizcankizil.tr\/ru\/haberler\/gundem\/konyaalti-belediyesinden-anket-uyarisi-aramalarin-bizimle-ilgisi-yok\/\" \/>\n<meta property=\"og:site_name\" content=\"Av. Deniz Can K\u0131z\u0131l\" \/>\n<meta property=\"article:published_time\" content=\"2025-07-07T12:41:16+00:00\" \/>\n<meta name=\"author\" content=\"Antalya K\u00f6rfez\" \/>\n<meta name=\"twitter:card\" content=\"summary_large_image\" \/>\n<meta name=\"twitter:label1\" content=\"\u041d\u0430\u043f\u0438\u0441\u0430\u043d\u043e \u0430\u0432\u0442\u043e\u0440\u043e\u043c\" \/>\n\t<meta name=\"twitter:data1\" content=\"Antalya K\u00f6rfez\" \/>\n\t<meta name=\"twitter:label2\" content=\"\u041f\u0440\u0438\u043c\u0435\u0440\u043d\u043e\u0435 \u0432\u0440\u0435\u043c\u044f \u0434\u043b\u044f \u0447\u0442\u0435\u043d\u0438\u044f\" \/>\n\t<meta name=\"twitter:data2\" content=\"1 \u043c\u0438\u043d\u0443\u0442\u0430\" \/>\n<script type=\"application\/ld+json\" class=\"yoast-schema-graph\">{\"@context\":\"https:\/\/schema.org\",\"@graph\":[{\"@type\":\"Article\",\"@id\":\"http:\/\/denizcankizil.tr\/en\/haberler\/gundem\/konyaalti-belediyesinden-anket-uyarisi-aramalarin-bizimle-ilgisi-yok\/#article\",\"isPartOf\":{\"@id\":\"http:\/\/denizcankizil.tr\/en\/haberler\/gundem\/konyaalti-belediyesinden-anket-uyarisi-aramalarin-bizimle-ilgisi-yok\/\"},\"author\":{\"name\":\"Antalya K\u00f6rfez\",\"@id\":\"https:\/\/denizcankizil.tr\/de\/#\/schema\/person\/e1eb71bb4dd684d46563f0af307e1234\"},\"headline\":\"Konyaalt\u0131 Belediyesi&#8217;nden anket uyar\u0131s\u0131: &#8220;Aramalar\u0131n bizimle ilgisi yok&#8221;\",\"datePublished\":\"2025-07-07T12:41:16+00:00\",\"mainEntityOfPage\":{\"@id\":\"http:\/\/denizcankizil.tr\/en\/haberler\/gundem\/konyaalti-belediyesinden-anket-uyarisi-aramalarin-bizimle-ilgisi-yok\/\"},\"wordCount\":219,\"publisher\":{\"@id\":\"https:\/\/denizcankizil.tr\/de\/#organization\"},\"articleSection\":[\"G\u00fcndem\"],\"inLanguage\":\"ru-RU\"},{\"@type\":\"WebPage\",\"@id\":\"http:\/\/denizcankizil.tr\/en\/haberler\/gundem\/konyaalti-belediyesinden-anket-uyarisi-aramalarin-bizimle-ilgisi-yok\/\",\"url\":\"http:\/\/denizcankizil.tr\/en\/haberler\/gundem\/konyaalti-belediyesinden-anket-uyarisi-aramalarin-bizimle-ilgisi-yok\/\",\"name\":\"Konyaalt\u0131 Belediyesi'nden anket uyar\u0131s\u0131: \\\"Aramalar\u0131n bizimle ilgisi yok\\\" - Av. Deniz Can K\u0131z\u0131l\",\"isPartOf\":{\"@id\":\"https:\/\/denizcankizil.tr\/de\/#website\"},\"datePublished\":\"2025-07-07T12:41:16+00:00\",\"breadcrumb\":{\"@id\":\"http:\/\/denizcankizil.tr\/en\/haberler\/gundem\/konyaalti-belediyesinden-anket-uyarisi-aramalarin-bizimle-ilgisi-yok\/#breadcrumb\"},\"inLanguage\":\"ru-RU\",\"potentialAction\":[{\"@type\":\"ReadAction\",\"target\":[\"http:\/\/denizcankizil.tr\/en\/haberler\/gundem\/konyaalti-belediyesinden-anket-uyarisi-aramalarin-bizimle-ilgisi-yok\/\"]}]},{\"@type\":\"BreadcrumbList\",\"@id\":\"http:\/\/denizcankizil.tr\/en\/haberler\/gundem\/konyaalti-belediyesinden-anket-uyarisi-aramalarin-bizimle-ilgisi-yok\/#breadcrumb\",\"itemListElement\":[{\"@type\":\"ListItem\",\"position\":1,\"name\":\"Home\",\"item\":\"https:\/\/denizcankizil.tr\/de\/\"},{\"@type\":\"ListItem\",\"position\":2,\"name\":\"Konyaalt\u0131 Belediyesi&#8217;nden anket uyar\u0131s\u0131: &#8220;Aramalar\u0131n bizimle ilgisi yok&#8221;\"}]},{\"@type\":\"WebSite\",\"@id\":\"https:\/\/denizcankizil.tr\/de\/#website\",\"url\":\"https:\/\/denizcankizil.tr\/de\/\",\"name\":\"Av. Deniz Can K\u0131z\u0131l\",\"description\":\"Avukat Deniz Can K\u0131z\u0131l Antalya Barosu\",\"publisher\":{\"@id\":\"https:\/\/denizcankizil.tr\/de\/#organization\"},\"potentialAction\":[{\"@type\":\"SearchAction\",\"target\":{\"@type\":\"EntryPoint\",\"urlTemplate\":\"https:\/\/denizcankizil.tr\/de\/?s={search_term_string}\"},\"query-input\":{\"@type\":\"PropertyValueSpecification\",\"valueRequired\":true,\"valueName\":\"search_term_string\"}}],\"inLanguage\":\"ru-RU\"},{\"@type\":\"Organization\",\"@id\":\"https:\/\/denizcankizil.tr\/de\/#organization\",\"name\":\"Av. Deniz Can K\u0131z\u0131l\",\"url\":\"https:\/\/denizcankizil.tr\/de\/\",\"logo\":{\"@type\":\"ImageObject\",\"inLanguage\":\"ru-RU\",\"@id\":\"https:\/\/denizcankizil.tr\/de\/#\/schema\/logo\/image\/\",\"url\":\"http:\/\/denizcankizil.tr\/wp-content\/uploads\/2024\/10\/siyah-logo-svg.svg\",\"contentUrl\":\"http:\/\/denizcankizil.tr\/wp-content\/uploads\/2024\/10\/siyah-logo-svg.svg\",\"width\":1080,\"height\":1080,\"caption\":\"Av. Deniz Can K\u0131z\u0131l\"},\"image\":{\"@id\":\"https:\/\/denizcankizil.tr\/de\/#\/schema\/logo\/image\/\"}},{\"@type\":\"Person\",\"@id\":\"https:\/\/denizcankizil.tr\/de\/#\/schema\/person\/e1eb71bb4dd684d46563f0af307e1234\",\"name\":\"Antalya K\u00f6rfez\",\"image\":{\"@type\":\"ImageObject\",\"inLanguage\":\"ru-RU\",\"@id\":\"https:\/\/denizcankizil.tr\/de\/#\/schema\/person\/image\/\",\"url\":\"https:\/\/secure.gravatar.com\/avatar\/42b01982558a48a0b501fdcab6a408d3717ea5919095ee2e67b0e521799c5905?s=96&d=mm&r=g\",\"contentUrl\":\"https:\/\/secure.gravatar.com\/avatar\/42b01982558a48a0b501fdcab6a408d3717ea5919095ee2e67b0e521799c5905?s=96&d=mm&r=g\",\"caption\":\"Antalya K\u00f6rfez\"},\"sameAs\":[\"http:\/\/www.antalyakorfez.com\"],\"url\":\"https:\/\/www.antalyakorfez.com\/konyaalti-belediyesinden-anket-uyarisi-aramalarin-bizimle-ilgisi-yoktur\"}]}<\/script>\n<!-- \/ Yoast SEO Premium plugin. -->","yoast_head_json":{"title":"Konyaalt\u0131 Belediyesi'nden anket uyar\u0131s\u0131: \"Aramalar\u0131n bizimle ilgisi yok\" - Av. Deniz Can K\u0131z\u0131l","robots":{"index":"index","follow":"follow","max-snippet":"max-snippet:-1","max-image-preview":"max-image-preview:large","max-video-preview":"max-video-preview:-1"},"canonical":"http:\/\/denizcankizil.tr\/ru\/haberler\/gundem\/konyaalti-belediyesinden-anket-uyarisi-aramalarin-bizimle-ilgisi-yok\/","og_locale":"ru_RU","og_type":"article","og_title":"Konyaalt\u0131 Belediyesi'nden anket uyar\u0131s\u0131: \"Aramalar\u0131n bizimle ilgisi yok\"","og_description":"Konyaalt\u0131 Belediyesi, son g\u00fcnlerde vatanda\u015flara y\u00f6nelik yap\u0131lan ve belediyeyle ilgisi bulunmayan telefon aramalar\u0131 konusunda kamuoyunu bilgilendirdi. Belediyeden yap\u0131lan a\u00e7\u0131klamada, Ankara merkezli bir numaradan vatanda\u015flar\u0131n aranarak anket ad\u0131 alt\u0131nda y\u00f6neltilen sorular\u0131n, belediyeyle hi\u00e7bir ilgisi olmad\u0131\u011f\u0131n\u0131 belirtildi. &#8220;AMACI BELL\u0130 OLMAYAN B\u0130R S\u00dcRE\u00c7 YARATILIYOR&#8221; Konyaalt\u0131 Belediyesi taraf\u0131ndan yap\u0131lan a\u00e7\u0131klamada, s\u00f6z konusu aramalar\u0131n kamuoyunda kafa kar\u0131\u015f\u0131kl\u0131\u011f\u0131 yaratt\u0131\u011f\u0131na dikkat \u00e7ekerek \u015fu ifadelere yer verdi: &#8220;Ankara merkezli bir telefon numaras\u0131ndan vatanda\u015flar\u0131m\u0131z\u0131n arand\u0131\u011f\u0131 ve anket \u00e7al\u0131\u015fmas\u0131yla ba\u011fda\u015fmayan sorular sorularak amac\u0131 olmayan bir s\u00fcre\u00e7 yarat\u0131ld\u0131\u011f\u0131 bilgisi taraf\u0131m\u0131za ula\u015fm\u0131\u015ft\u0131r. Belediyemizin bu tip aramalarla hi\u00e7bir ilgisi ve ba\u011f\u0131 bulunmamaktad\u0131r.&#8221; HUKUK\u0130 S\u00dcRE\u00c7 BA\u015eLATILDI Belediye yetkilileri, ya\u015fanan olayla ilgili hukuki s\u00fcrecin titizlikle y\u00fcr\u00fct\u00fcld\u00fc\u011f\u00fcn\u00fc duyurdu. A\u00e7\u0131klamada, benzer aramalarla kar\u015f\u0131la\u015fan vatanda\u015flar\u0131n durumu derhal emniyet yetkililerine bildirmeleri gerekti\u011fini vurgulad\u0131. \u200bKonyaalt\u0131 Belediyesi, Ankara merkezli telefon numaralar\u0131ndan vatanda\u015flara yap\u0131lan anket aramalar\u0131yla hi\u00e7bir ilgilerinin bulunmad\u0131\u011f\u0131n\u0131 a\u00e7\u0131klad\u0131. Belediye, yurtta\u015flar\u0131 dikkatli olmaya ve emniyete bilgi vermeye davet etti.\u00a0 \u200bHaberin Al\u0131nt\u0131land\u0131\u011f\u0131 Kaynak: www.antalyakorfez.com","og_url":"http:\/\/denizcankizil.tr\/ru\/haberler\/gundem\/konyaalti-belediyesinden-anket-uyarisi-aramalarin-bizimle-ilgisi-yok\/","og_site_name":"Av. Deniz Can K\u0131z\u0131l","article_published_time":"2025-07-07T12:41:16+00:00","author":"Antalya K\u00f6rfez","twitter_card":"summary_large_image","twitter_misc":{"\u041d\u0430\u043f\u0438\u0441\u0430\u043d\u043e \u0430\u0432\u0442\u043e\u0440\u043e\u043c":"Antalya K\u00f6rfez","\u041f\u0440\u0438\u043c\u0435\u0440\u043d\u043e\u0435 \u0432\u0440\u0435\u043c\u044f \u0434\u043b\u044f \u0447\u0442\u0435\u043d\u0438\u044f":"1 \u043c\u0438\u043d\u0443\u0442\u0430"},"schema":{"@context":"https:\/\/schema.org","@graph":[{"@type":"Article","@id":"http:\/\/denizcankizil.tr\/en\/haberler\/gundem\/konyaalti-belediyesinden-anket-uyarisi-aramalarin-bizimle-ilgisi-yok\/#article","isPartOf":{"@id":"http:\/\/denizcankizil.tr\/en\/haberler\/gundem\/konyaalti-belediyesinden-anket-uyarisi-aramalarin-bizimle-ilgisi-yok\/"},"author":{"name":"Antalya K\u00f6rfez","@id":"https:\/\/denizcankizil.tr\/de\/#\/schema\/person\/e1eb71bb4dd684d46563f0af307e1234"},"headline":"Konyaalt\u0131 Belediyesi&#8217;nden anket uyar\u0131s\u0131: &#8220;Aramalar\u0131n bizimle ilgisi yok&#8221;","datePublished":"2025-07-07T12:41:16+00:00","mainEntityOfPage":{"@id":"http:\/\/denizcankizil.tr\/en\/haberler\/gundem\/konyaalti-belediyesinden-anket-uyarisi-aramalarin-bizimle-ilgisi-yok\/"},"wordCount":219,"publisher":{"@id":"https:\/\/denizcankizil.tr\/de\/#organization"},"articleSection":["G\u00fcndem"],"inLanguage":"ru-RU"},{"@type":"WebPage","@id":"http:\/\/denizcankizil.tr\/en\/haberler\/gundem\/konyaalti-belediyesinden-anket-uyarisi-aramalarin-bizimle-ilgisi-yok\/","url":"http:\/\/denizcankizil.tr\/en\/haberler\/gundem\/konyaalti-belediyesinden-anket-uyarisi-aramalarin-bizimle-ilgisi-yok\/","name":"Konyaalt\u0131 Belediyesi'nden anket uyar\u0131s\u0131: \"Aramalar\u0131n bizimle ilgisi yok\" - Av. Deniz Can K\u0131z\u0131l","isPartOf":{"@id":"https:\/\/denizcankizil.tr\/de\/#website"},"datePublished":"2025-07-07T12:41:16+00:00","breadcrumb":{"@id":"http:\/\/denizcankizil.tr\/en\/haberler\/gundem\/konyaalti-belediyesinden-anket-uyarisi-aramalarin-bizimle-ilgisi-yok\/#breadcrumb"},"inLanguage":"ru-RU","potentialAction":[{"@type":"ReadAction","target":["http:\/\/denizcankizil.tr\/en\/haberler\/gundem\/konyaalti-belediyesinden-anket-uyarisi-aramalarin-bizimle-ilgisi-yok\/"]}]},{"@type":"BreadcrumbList","@id":"http:\/\/denizcankizil.tr\/en\/haberler\/gundem\/konyaalti-belediyesinden-anket-uyarisi-aramalarin-bizimle-ilgisi-yok\/#breadcrumb","itemListElement":[{"@type":"ListItem","position":1,"name":"Home","item":"https:\/\/denizcankizil.tr\/de\/"},{"@type":"ListItem","position":2,"name":"Konyaalt\u0131 Belediyesi&#8217;nden anket uyar\u0131s\u0131: &#8220;Aramalar\u0131n bizimle ilgisi yok&#8221;"}]},{"@type":"WebSite","@id":"https:\/\/denizcankizil.tr\/de\/#website","url":"https:\/\/denizcankizil.tr\/de\/","name":"Av. Deniz Can K\u0131z\u0131l","description":"Avukat Deniz Can K\u0131z\u0131l Antalya Barosu","publisher":{"@id":"https:\/\/denizcankizil.tr\/de\/#organization"},"potentialAction":[{"@type":"SearchAction","target":{"@type":"EntryPoint","urlTemplate":"https:\/\/denizcankizil.tr\/de\/?s={search_term_string}"},"query-input":{"@type":"PropertyValueSpecification","valueRequired":true,"valueName":"search_term_string"}}],"inLanguage":"ru-RU"},{"@type":"Organization","@id":"https:\/\/denizcankizil.tr\/de\/#organization","name":"Av. Deniz Can K\u0131z\u0131l","url":"https:\/\/denizcankizil.tr\/de\/","logo":{"@type":"ImageObject","inLanguage":"ru-RU","@id":"https:\/\/denizcankizil.tr\/de\/#\/schema\/logo\/image\/","url":"http:\/\/denizcankizil.tr\/wp-content\/uploads\/2024\/10\/siyah-logo-svg.svg","contentUrl":"http:\/\/denizcankizil.tr\/wp-content\/uploads\/2024\/10\/siyah-logo-svg.svg","width":1080,"height":1080,"caption":"Av. Deniz Can K\u0131z\u0131l"},"image":{"@id":"https:\/\/denizcankizil.tr\/de\/#\/schema\/logo\/image\/"}},{"@type":"Person","@id":"https:\/\/denizcankizil.tr\/de\/#\/schema\/person\/e1eb71bb4dd684d46563f0af307e1234","name":"Antalya K\u00f6rfez","image":{"@type":"ImageObject","inLanguage":"ru-RU","@id":"https:\/\/denizcankizil.tr\/de\/#\/schema\/person\/image\/","url":"https:\/\/secure.gravatar.com\/avatar\/42b01982558a48a0b501fdcab6a408d3717ea5919095ee2e67b0e521799c5905?s=96&d=mm&r=g","contentUrl":"https:\/\/secure.gravatar.com\/avatar\/42b01982558a48a0b501fdcab6a408d3717ea5919095ee2e67b0e521799c5905?s=96&d=mm&r=g","caption":"Antalya K\u00f6rfez"},"sameAs":["http:\/\/www.antalyakorfez.com"],"url":"https:\/\/www.antalyakorfez.com\/konyaalti-belediyesinden-anket-uyarisi-aramalarin-bizimle-ilgisi-yoktur"}]}},"_links":{"self":[{"href":"http:\/\/denizcankizil.tr\/ru\/wp-json\/wp\/v2\/posts\/138879","targetHints":{"allow":["GET"]}}],"collection":[{"href":"http:\/\/denizcankizil.tr\/ru\/wp-json\/wp\/v2\/posts"}],"about":[{"href":"http:\/\/denizcankizil.tr\/ru\/wp-json\/wp\/v2\/types\/post"}],"author":[{"embeddable":true,"href":"http:\/\/denizcankizil.tr\/ru\/wp-json\/wp\/v2\/users\/5"}],"replies":[{"embeddable":true,"href":"http:\/\/denizcankizil.tr\/ru\/wp-json\/wp\/v2\/comments?post=138879"}],"version-history":[{"count":0,"href":"http:\/\/denizcankizil.tr\/ru\/wp-json\/wp\/v2\/posts\/138879\/revisions"}],"wp:attachment":[{"href":"http:\/\/denizcankizil.tr\/ru\/wp-json\/wp\/v2\/media?parent=138879"}],"wp:term":[{"taxonomy":"category","embeddable":true,"href":"http:\/\/denizcankizil.tr\/ru\/wp-json\/wp\/v2\/categories?post=138879"},{"taxonomy":"post_tag","embeddable":true,"href":"http:\/\/denizcankizil.tr\/ru\/wp-json\/wp\/v2\/tags?post=138879"}],"curies":[{"name":"wp","href":"https:\/\/api.w.org\/{rel}","templated":true}]}}