{"id":137836,"date":"2025-07-06T15:41:20","date_gmt":"2025-07-06T12:41:20","guid":{"rendered":"https:\/\/denizcankizil.tr\/uncategorized-tr\/baskan-bocek-cezaevinden-antalyalilara-seslendi-basinizi-one-egecek-hicbir-olayin-icinde-olmadim\/"},"modified":"2025-07-06T15:41:20","modified_gmt":"2025-07-06T12:41:20","slug":"baskan-bocek-cezaevinden-antalyalilara-seslendi-basinizi-one-egecek-hicbir-olayin-icinde-olmadim","status":"publish","type":"post","link":"http:\/\/denizcankizil.tr\/ru\/haberler\/gundem\/baskan-bocek-cezaevinden-antalyalilara-seslendi-basinizi-one-egecek-hicbir-olayin-icinde-olmadim\/","title":{"rendered":"Ba\u015fkan B\u00f6cek, cezaevinden Antalyal\u0131lara seslendi: &#8220;Ba\u015f\u0131n\u0131z\u0131 \u00f6ne e\u011fecek hi\u00e7bir olay\u0131n i\u00e7inde olmad\u0131m&#8221;"},"content":{"rendered":"<p>Antalya B\u00fcy\u00fck\u015fehir Belediye Ba\u015fkan\u0131 Muhittin B\u00f6cek, r\u00fc\u015fvet su\u00e7lamas\u0131yla tutuklanmas\u0131n\u0131n ard\u0131ndan cezaevinden ilk kez a\u00e7\u0131klama yapt\u0131. B\u00f6cek, kamuoyuna hitaben kaleme ald\u0131\u011f\u0131 mesaj\u0131nda, bug\u00fcne de siyasi ya\u015fam\u0131nda hi\u00e7bir zaman halk\u0131n\u0131 utand\u0131racak bir eylemin i\u00e7inde olmad\u0131\u011f\u0131n\u0131 vurgularken, kendisine y\u00f6neltilen su\u00e7lamalar\u0131n ger\u00e7e\u011fi yans\u0131tmad\u0131\u011f\u0131n\u0131 dile getirdi.<\/p>\n<p>&#8220;S\u0130Z\u0130 \u00dcZECEK H\u0130\u00c7B\u0130R \u015eEY\u0130N \u0130\u00c7\u0130NDE OLMADIM&#8221;<\/p>\n<p>Antalya&#8217;n\u0131n se\u00e7ilmi\u015f B\u00fcy\u00fck\u015fehir Belediye Ba\u015fkan\u0131 Muhittin B\u00f6cek, cezaevinden yapt\u0131\u011f\u0131 yaz\u0131l\u0131 a\u00e7\u0131klamada \u015fu ifadeleri kulland\u0131:<\/p>\n<p>&#8220;Sevgili Antalyal\u0131lar, siyasi hayat\u0131m boyunca sizleri \u00fczecek, ba\u015f\u0131n\u0131z\u0131 \u00f6ne e\u011fecek hi\u00e7bir olay\u0131n i\u00e7inde olmad\u0131m. \u0130tiraf\u00e7\u0131lar\u0131n ve iftirac\u0131lar\u0131n s\u00f6z\u00fcn\u00fcn ge\u00e7ti\u011fi bug\u00fcnler ge\u00e7ecektir. ilahi adaletin tecelli edece\u011fine inanc\u0131m tam. Sizleri seviyorum.&#8221;<\/p>\n<p>&#8220;\u00dcLKEM\u0130Z\u0130 CHP \u0130KT\u0130DARINA MUTLAKA KAVU\u015eTURACA\u011eIZ&#8221;<\/p>\n<p>Konyaalt\u0131 Belediye Ba\u015fkan\u0131 Cem Kotan, CHP Antalya Milletvekilleri Aykut Kaya, Mustafa Erdem, Aliye Co\u015far, Cavit Ar\u0131, Sururi \u00c7orabat\u0131r ve Antalya B\u00fcy\u00fck\u015fehir Belediyesi Ba\u015fkanvekili Bayram Ali \u00c7eltik Y\u00fcksek G\u00fcvenlikli Kapal\u0131 Ceza \u0130nfaz Kurumu&#8217;nda tutuklu bulunan Muhittin B\u00f6cek&#8217;i ziyaret etti. Ziyaret sonras\u0131 sosyal medya hesab\u0131ndan a\u00e7\u0131klama yapan Aykut Kaya, \u015funlar\u0131 s\u00f6yledi:<\/p>\n<p>&#8220;Muhittin Ba\u015fkan\u0131m\u0131z\u0131n morali iyi, t\u00fcm hem\u015fehrilerimize \u00e7ok\u00e7a selamlar\u0131n\u0131 iletti. Ba\u015fkan\u0131m\u0131z\u0131n kendisini ve Antalyal\u0131 hem\u015fehrilerimizi mah\u00e7up edecek hi\u00e7bir eylemde bulunmayaca\u011f\u0131n\u0131 gayet iyi biliyoruz. Bu zor g\u00fcnleri hep birlikte, birlik ve beraberlik i\u00e7erisinde atlataca\u011f\u0131z. \u00dclkemizi CHP iktidar\u0131na mutlaka kavu\u015fturaca\u011f\u0131z.&#8221;<\/p>\n<p>R\u00dc\u015eVET SORU\u015eTURMASIYLA TUTUKLANMI\u015eTI<\/p>\n<p>Antalya Cumhuriyet Ba\u015fsavc\u0131l\u0131\u011f\u0131 taraf\u0131ndan y\u00fcr\u00fct\u00fclen soru\u015fturma kapsam\u0131nda Muhittin B\u00f6cek hakk\u0131nda, i\u015f insan\u0131 Yusuf Yado\u011flu&#8217;na ait \u015firketlerin se\u00e7im kampanyas\u0131na destek sa\u011flad\u0131\u011f\u0131 ve eski gelinine al\u0131nan 30 milyon TL&#8217;lik bir evin bedelinin ayn\u0131 i\u015f insan\u0131 taraf\u0131ndan \u00f6dendi\u011fi iddialar\u0131 yer al\u0131yor. Savc\u0131l\u0131k, bu i\u015flemlerin kar\u015f\u0131l\u0131\u011f\u0131nda belediyeden &#8220;n\u00fcfuz&#8221; sa\u011flad\u0131\u011f\u0131n\u0131 ileri s\u00fcr\u00fcyor.<\/p>\n<p>SU\u00c7LAMALARI REDDETT\u0130 <\/p>\n<p>Ba\u015fkan B\u00f6cek ise ifadesinde t\u00fcm su\u00e7lamalar\u0131 reddederek, o\u011flunun \u00f6zel ili\u015fkilerine ya da i\u015f insan\u0131 Yado\u011flu ile aras\u0131ndaki mali ili\u015fkilere dair bilgisinin olmad\u0131\u011f\u0131n\u0131 ifade etmi\u015fti. &#8220;Bir ev i\u00e7in kimseye minnet edecek durumda de\u011filim&#8221; diyen B\u00f6cek, kendisinin ya da o\u011flunun belediye \u00fczerinde hi\u00e7bir n\u00fcfuzunun olmad\u0131\u011f\u0131n\u0131 da vurgulam\u0131\u015ft\u0131.<\/p>\n<p>\u200bR\u00fc\u015fvet su\u00e7lamas\u0131yla tutuklanan Antalya B\u00fcy\u00fck\u015fehir Belediye Ba\u015fkan\u0131 Muhittin B\u00f6cek, cezaevinden bir mesaj yay\u0131mlad\u0131. B\u00f6cek, &#8220;Siyasi hayat\u0131m boyunca sizleri \u00fczecek, ba\u015f\u0131n\u0131z\u0131 \u00f6ne e\u011fecek hi\u00e7bir olay\u0131n i\u00e7inde olmad\u0131m. \u0130lahi adalet er ya da ge\u00e7 tecelli edecek&#8221; dedi.\u00a0<\/p>\n<p>\u200bHaberin Al\u0131nt\u0131land\u0131\u011f\u0131 Kaynak: www.antalyakorfez.com<\/p>","protected":false},"excerpt":{"rendered":"<p>Antalya B\u00fcy\u00fck\u015fehir Belediye Ba\u015fkan\u0131 Muhittin B\u00f6cek, r\u00fc\u015fvet su\u00e7lamas\u0131yla tutuklanmas\u0131n\u0131n ard\u0131ndan cezaevinden ilk kez a\u00e7\u0131klama yapt\u0131. B\u00f6cek, kamuoyuna hitaben kaleme ald\u0131\u011f\u0131 mesaj\u0131nda, bug\u00fcne de siyasi ya\u015fam\u0131nda hi\u00e7bir zaman halk\u0131n\u0131 utand\u0131racak bir eylemin i\u00e7inde olmad\u0131\u011f\u0131n\u0131 vurgularken, kendisine y\u00f6neltilen su\u00e7lamalar\u0131n ger\u00e7e\u011fi yans\u0131tmad\u0131\u011f\u0131n\u0131 dile getirdi. &#8220;S\u0130Z\u0130 \u00dcZECEK H\u0130\u00c7B\u0130R \u015eEY\u0130N \u0130\u00c7\u0130NDE OLMADIM&#8221; Antalya&#8217;n\u0131n se\u00e7ilmi\u015f B\u00fcy\u00fck\u015fehir Belediye Ba\u015fkan\u0131 Muhittin B\u00f6cek, cezaevinden yapt\u0131\u011f\u0131 yaz\u0131l\u0131 a\u00e7\u0131klamada \u015fu ifadeleri kulland\u0131: &#8220;Sevgili Antalyal\u0131lar, siyasi hayat\u0131m boyunca sizleri \u00fczecek, ba\u015f\u0131n\u0131z\u0131 \u00f6ne e\u011fecek hi\u00e7bir olay\u0131n i\u00e7inde olmad\u0131m. \u0130tiraf\u00e7\u0131lar\u0131n ve iftirac\u0131lar\u0131n s\u00f6z\u00fcn\u00fcn ge\u00e7ti\u011fi bug\u00fcnler ge\u00e7ecektir. ilahi adaletin tecelli edece\u011fine inanc\u0131m tam. Sizleri seviyorum.&#8221; &#8220;\u00dcLKEM\u0130Z\u0130 CHP \u0130KT\u0130DARINA MUTLAKA KAVU\u015eTURACA\u011eIZ&#8221; Konyaalt\u0131 Belediye Ba\u015fkan\u0131 Cem Kotan, CHP Antalya Milletvekilleri Aykut Kaya, Mustafa Erdem, Aliye Co\u015far, Cavit Ar\u0131, Sururi \u00c7orabat\u0131r ve Antalya B\u00fcy\u00fck\u015fehir Belediyesi Ba\u015fkanvekili Bayram Ali \u00c7eltik Y\u00fcksek G\u00fcvenlikli Kapal\u0131 Ceza \u0130nfaz Kurumu&#8217;nda tutuklu bulunan Muhittin B\u00f6cek&#8217;i ziyaret etti. Ziyaret sonras\u0131 sosyal medya hesab\u0131ndan a\u00e7\u0131klama yapan Aykut Kaya, \u015funlar\u0131 s\u00f6yledi: &#8220;Muhittin Ba\u015fkan\u0131m\u0131z\u0131n morali iyi, t\u00fcm hem\u015fehrilerimize \u00e7ok\u00e7a selamlar\u0131n\u0131 iletti. Ba\u015fkan\u0131m\u0131z\u0131n kendisini ve Antalyal\u0131 hem\u015fehrilerimizi mah\u00e7up edecek hi\u00e7bir eylemde bulunmayaca\u011f\u0131n\u0131 gayet iyi biliyoruz. Bu zor g\u00fcnleri hep birlikte, birlik ve beraberlik i\u00e7erisinde atlataca\u011f\u0131z. \u00dclkemizi CHP iktidar\u0131na mutlaka kavu\u015fturaca\u011f\u0131z.&#8221; R\u00dc\u015eVET SORU\u015eTURMASIYLA TUTUKLANMI\u015eTI Antalya Cumhuriyet Ba\u015fsavc\u0131l\u0131\u011f\u0131 taraf\u0131ndan y\u00fcr\u00fct\u00fclen soru\u015fturma kapsam\u0131nda Muhittin B\u00f6cek hakk\u0131nda, i\u015f insan\u0131 Yusuf Yado\u011flu&#8217;na ait \u015firketlerin &hellip;<\/p>","protected":false},"author":5,"featured_media":0,"comment_status":"","ping_status":"open","sticky":false,"template":"","format":"standard","meta":{"_acf_changed":false,"footnotes":""},"categories":[24],"tags":[],"class_list":["post-137836","post","type-post","status-publish","format-standard","has-post-thumbnail","hentry","category-gundem"],"acf":[],"yoast_head":"<!-- This site is optimized with the Yoast SEO Premium plugin v26.6 (Yoast SEO v27.1.1) - https:\/\/yoast.com\/product\/yoast-seo-premium-wordpress\/ -->\n<title>Ba\u015fkan B\u00f6cek, cezaevinden Antalyal\u0131lara seslendi: &quot;Ba\u015f\u0131n\u0131z\u0131 \u00f6ne e\u011fecek hi\u00e7bir olay\u0131n i\u00e7inde olmad\u0131m&quot; - Av. Deniz Can K\u0131z\u0131l<\/title>\n<meta name=\"robots\" content=\"index, follow, max-snippet:-1, max-image-preview:large, max-video-preview:-1\" \/>\n<link rel=\"canonical\" href=\"http:\/\/denizcankizil.tr\/ru\/haberler\/gundem\/baskan-bocek-cezaevinden-antalyalilara-seslendi-basinizi-one-egecek-hicbir-olayin-icinde-olmadim\/\" \/>\n<meta property=\"og:locale\" content=\"ru_RU\" \/>\n<meta property=\"og:type\" content=\"article\" \/>\n<meta property=\"og:title\" content=\"Ba\u015fkan B\u00f6cek, cezaevinden Antalyal\u0131lara seslendi: &quot;Ba\u015f\u0131n\u0131z\u0131 \u00f6ne e\u011fecek hi\u00e7bir olay\u0131n i\u00e7inde olmad\u0131m&quot;\" \/>\n<meta property=\"og:description\" content=\"Antalya B\u00fcy\u00fck\u015fehir Belediye Ba\u015fkan\u0131 Muhittin B\u00f6cek, r\u00fc\u015fvet su\u00e7lamas\u0131yla tutuklanmas\u0131n\u0131n ard\u0131ndan cezaevinden ilk kez a\u00e7\u0131klama yapt\u0131. B\u00f6cek, kamuoyuna hitaben kaleme ald\u0131\u011f\u0131 mesaj\u0131nda, bug\u00fcne de siyasi ya\u015fam\u0131nda hi\u00e7bir zaman halk\u0131n\u0131 utand\u0131racak bir eylemin i\u00e7inde olmad\u0131\u011f\u0131n\u0131 vurgularken, kendisine y\u00f6neltilen su\u00e7lamalar\u0131n ger\u00e7e\u011fi yans\u0131tmad\u0131\u011f\u0131n\u0131 dile getirdi. &#8220;S\u0130Z\u0130 \u00dcZECEK H\u0130\u00c7B\u0130R \u015eEY\u0130N \u0130\u00c7\u0130NDE OLMADIM&#8221; Antalya&#8217;n\u0131n se\u00e7ilmi\u015f B\u00fcy\u00fck\u015fehir Belediye Ba\u015fkan\u0131 Muhittin B\u00f6cek, cezaevinden yapt\u0131\u011f\u0131 yaz\u0131l\u0131 a\u00e7\u0131klamada \u015fu ifadeleri kulland\u0131: &#8220;Sevgili Antalyal\u0131lar, siyasi hayat\u0131m boyunca sizleri \u00fczecek, ba\u015f\u0131n\u0131z\u0131 \u00f6ne e\u011fecek hi\u00e7bir olay\u0131n i\u00e7inde olmad\u0131m. \u0130tiraf\u00e7\u0131lar\u0131n ve iftirac\u0131lar\u0131n s\u00f6z\u00fcn\u00fcn ge\u00e7ti\u011fi bug\u00fcnler ge\u00e7ecektir. ilahi adaletin tecelli edece\u011fine inanc\u0131m tam. Sizleri seviyorum.&#8221; &#8220;\u00dcLKEM\u0130Z\u0130 CHP \u0130KT\u0130DARINA MUTLAKA KAVU\u015eTURACA\u011eIZ&#8221; Konyaalt\u0131 Belediye Ba\u015fkan\u0131 Cem Kotan, CHP Antalya Milletvekilleri Aykut Kaya, Mustafa Erdem, Aliye Co\u015far, Cavit Ar\u0131, Sururi \u00c7orabat\u0131r ve Antalya B\u00fcy\u00fck\u015fehir Belediyesi Ba\u015fkanvekili Bayram Ali \u00c7eltik Y\u00fcksek G\u00fcvenlikli Kapal\u0131 Ceza \u0130nfaz Kurumu&#8217;nda tutuklu bulunan Muhittin B\u00f6cek&#8217;i ziyaret etti. Ziyaret sonras\u0131 sosyal medya hesab\u0131ndan a\u00e7\u0131klama yapan Aykut Kaya, \u015funlar\u0131 s\u00f6yledi: &#8220;Muhittin Ba\u015fkan\u0131m\u0131z\u0131n morali iyi, t\u00fcm hem\u015fehrilerimize \u00e7ok\u00e7a selamlar\u0131n\u0131 iletti. Ba\u015fkan\u0131m\u0131z\u0131n kendisini ve Antalyal\u0131 hem\u015fehrilerimizi mah\u00e7up edecek hi\u00e7bir eylemde bulunmayaca\u011f\u0131n\u0131 gayet iyi biliyoruz. Bu zor g\u00fcnleri hep birlikte, birlik ve beraberlik i\u00e7erisinde atlataca\u011f\u0131z. \u00dclkemizi CHP iktidar\u0131na mutlaka kavu\u015fturaca\u011f\u0131z.&#8221; R\u00dc\u015eVET SORU\u015eTURMASIYLA TUTUKLANMI\u015eTI Antalya Cumhuriyet Ba\u015fsavc\u0131l\u0131\u011f\u0131 taraf\u0131ndan y\u00fcr\u00fct\u00fclen soru\u015fturma kapsam\u0131nda Muhittin B\u00f6cek hakk\u0131nda, i\u015f insan\u0131 Yusuf Yado\u011flu&#8217;na ait \u015firketlerin &hellip;\" \/>\n<meta property=\"og:url\" content=\"http:\/\/denizcankizil.tr\/ru\/haberler\/gundem\/baskan-bocek-cezaevinden-antalyalilara-seslendi-basinizi-one-egecek-hicbir-olayin-icinde-olmadim\/\" \/>\n<meta property=\"og:site_name\" content=\"Av. Deniz Can K\u0131z\u0131l\" \/>\n<meta property=\"article:published_time\" content=\"2025-07-06T12:41:20+00:00\" \/>\n<meta name=\"author\" content=\"Antalya K\u00f6rfez\" \/>\n<meta name=\"twitter:card\" content=\"summary_large_image\" \/>\n<meta name=\"twitter:label1\" content=\"\u041d\u0430\u043f\u0438\u0441\u0430\u043d\u043e \u0430\u0432\u0442\u043e\u0440\u043e\u043c\" \/>\n\t<meta name=\"twitter:data1\" content=\"Antalya K\u00f6rfez\" \/>\n\t<meta name=\"twitter:label2\" content=\"\u041f\u0440\u0438\u043c\u0435\u0440\u043d\u043e\u0435 \u0432\u0440\u0435\u043c\u044f \u0434\u043b\u044f \u0447\u0442\u0435\u043d\u0438\u044f\" \/>\n\t<meta name=\"twitter:data2\" content=\"2 \u043c\u0438\u043d\u0443\u0442\u044b\" \/>\n<script type=\"application\/ld+json\" class=\"yoast-schema-graph\">{\"@context\":\"https:\/\/schema.org\",\"@graph\":[{\"@type\":\"Article\",\"@id\":\"http:\/\/denizcankizil.tr\/ru\/haberler\/gundem\/baskan-bocek-cezaevinden-antalyalilara-seslendi-basinizi-one-egecek-hicbir-olayin-icinde-olmadim\/#article\",\"isPartOf\":{\"@id\":\"http:\/\/denizcankizil.tr\/ru\/haberler\/gundem\/baskan-bocek-cezaevinden-antalyalilara-seslendi-basinizi-one-egecek-hicbir-olayin-icinde-olmadim\/\"},\"author\":{\"name\":\"Antalya K\u00f6rfez\",\"@id\":\"https:\/\/denizcankizil.tr\/#\/schema\/person\/e1eb71bb4dd684d46563f0af307e1234\"},\"headline\":\"Ba\u015fkan B\u00f6cek, cezaevinden Antalyal\u0131lara seslendi: &#8220;Ba\u015f\u0131n\u0131z\u0131 \u00f6ne e\u011fecek hi\u00e7bir olay\u0131n i\u00e7inde olmad\u0131m&#8221;\",\"datePublished\":\"2025-07-06T12:41:20+00:00\",\"mainEntityOfPage\":{\"@id\":\"http:\/\/denizcankizil.tr\/ru\/haberler\/gundem\/baskan-bocek-cezaevinden-antalyalilara-seslendi-basinizi-one-egecek-hicbir-olayin-icinde-olmadim\/\"},\"wordCount\":519,\"publisher\":{\"@id\":\"https:\/\/denizcankizil.tr\/#organization\"},\"articleSection\":[\"G\u00fcndem\"],\"inLanguage\":\"ru-RU\"},{\"@type\":\"WebPage\",\"@id\":\"http:\/\/denizcankizil.tr\/ru\/haberler\/gundem\/baskan-bocek-cezaevinden-antalyalilara-seslendi-basinizi-one-egecek-hicbir-olayin-icinde-olmadim\/\",\"url\":\"http:\/\/denizcankizil.tr\/ru\/haberler\/gundem\/baskan-bocek-cezaevinden-antalyalilara-seslendi-basinizi-one-egecek-hicbir-olayin-icinde-olmadim\/\",\"name\":\"Ba\u015fkan B\u00f6cek, cezaevinden Antalyal\u0131lara seslendi: \\\"Ba\u015f\u0131n\u0131z\u0131 \u00f6ne e\u011fecek hi\u00e7bir olay\u0131n i\u00e7inde olmad\u0131m\\\" - Av. Deniz Can K\u0131z\u0131l\",\"isPartOf\":{\"@id\":\"https:\/\/denizcankizil.tr\/#website\"},\"datePublished\":\"2025-07-06T12:41:20+00:00\",\"breadcrumb\":{\"@id\":\"http:\/\/denizcankizil.tr\/ru\/haberler\/gundem\/baskan-bocek-cezaevinden-antalyalilara-seslendi-basinizi-one-egecek-hicbir-olayin-icinde-olmadim\/#breadcrumb\"},\"inLanguage\":\"ru-RU\",\"potentialAction\":[{\"@type\":\"ReadAction\",\"target\":[\"http:\/\/denizcankizil.tr\/ru\/haberler\/gundem\/baskan-bocek-cezaevinden-antalyalilara-seslendi-basinizi-one-egecek-hicbir-olayin-icinde-olmadim\/\"]}]},{\"@type\":\"BreadcrumbList\",\"@id\":\"http:\/\/denizcankizil.tr\/ru\/haberler\/gundem\/baskan-bocek-cezaevinden-antalyalilara-seslendi-basinizi-one-egecek-hicbir-olayin-icinde-olmadim\/#breadcrumb\",\"itemListElement\":[{\"@type\":\"ListItem\",\"position\":1,\"name\":\"Home\",\"item\":\"https:\/\/denizcankizil.tr\/de\/\"},{\"@type\":\"ListItem\",\"position\":2,\"name\":\"Ba\u015fkan B\u00f6cek, cezaevinden Antalyal\u0131lara seslendi: &#8220;Ba\u015f\u0131n\u0131z\u0131 \u00f6ne e\u011fecek hi\u00e7bir olay\u0131n i\u00e7inde olmad\u0131m&#8221;\"}]},{\"@type\":\"WebSite\",\"@id\":\"https:\/\/denizcankizil.tr\/#website\",\"url\":\"https:\/\/denizcankizil.tr\/\",\"name\":\"Av. Deniz Can K\u0131z\u0131l\",\"description\":\"Avukat Deniz Can K\u0131z\u0131l Antalya Barosu\",\"publisher\":{\"@id\":\"https:\/\/denizcankizil.tr\/#organization\"},\"potentialAction\":[{\"@type\":\"SearchAction\",\"target\":{\"@type\":\"EntryPoint\",\"urlTemplate\":\"https:\/\/denizcankizil.tr\/?s={search_term_string}\"},\"query-input\":{\"@type\":\"PropertyValueSpecification\",\"valueRequired\":true,\"valueName\":\"search_term_string\"}}],\"inLanguage\":\"ru-RU\"},{\"@type\":\"Organization\",\"@id\":\"https:\/\/denizcankizil.tr\/#organization\",\"name\":\"Av. Deniz Can K\u0131z\u0131l\",\"url\":\"https:\/\/denizcankizil.tr\/\",\"logo\":{\"@type\":\"ImageObject\",\"inLanguage\":\"ru-RU\",\"@id\":\"https:\/\/denizcankizil.tr\/#\/schema\/logo\/image\/\",\"url\":\"http:\/\/denizcankizil.tr\/wp-content\/uploads\/2024\/10\/siyah-logo-svg.svg\",\"contentUrl\":\"http:\/\/denizcankizil.tr\/wp-content\/uploads\/2024\/10\/siyah-logo-svg.svg\",\"width\":1080,\"height\":1080,\"caption\":\"Av. Deniz Can K\u0131z\u0131l\"},\"image\":{\"@id\":\"https:\/\/denizcankizil.tr\/#\/schema\/logo\/image\/\"}},{\"@type\":\"Person\",\"@id\":\"https:\/\/denizcankizil.tr\/#\/schema\/person\/e1eb71bb4dd684d46563f0af307e1234\",\"name\":\"Antalya K\u00f6rfez\",\"image\":{\"@type\":\"ImageObject\",\"inLanguage\":\"ru-RU\",\"@id\":\"https:\/\/denizcankizil.tr\/#\/schema\/person\/image\/\",\"url\":\"https:\/\/secure.gravatar.com\/avatar\/42b01982558a48a0b501fdcab6a408d3717ea5919095ee2e67b0e521799c5905?s=96&d=mm&r=g\",\"contentUrl\":\"https:\/\/secure.gravatar.com\/avatar\/42b01982558a48a0b501fdcab6a408d3717ea5919095ee2e67b0e521799c5905?s=96&d=mm&r=g\",\"caption\":\"Antalya K\u00f6rfez\"},\"sameAs\":[\"http:\/\/www.antalyakorfez.com\"],\"url\":\"https:\/\/www.antalyakorfez.com\/baskan-bocek-cezaevinden-antalyalilara-seslendi-basinizi-one-egecek-hicbir-olayin-icinde-olmadim\"}]}<\/script>\n<!-- \/ Yoast SEO Premium plugin. -->","yoast_head_json":{"title":"Ba\u015fkan B\u00f6cek, cezaevinden Antalyal\u0131lara seslendi: \"Ba\u015f\u0131n\u0131z\u0131 \u00f6ne e\u011fecek hi\u00e7bir olay\u0131n i\u00e7inde olmad\u0131m\" - Av. Deniz Can K\u0131z\u0131l","robots":{"index":"index","follow":"follow","max-snippet":"max-snippet:-1","max-image-preview":"max-image-preview:large","max-video-preview":"max-video-preview:-1"},"canonical":"http:\/\/denizcankizil.tr\/ru\/haberler\/gundem\/baskan-bocek-cezaevinden-antalyalilara-seslendi-basinizi-one-egecek-hicbir-olayin-icinde-olmadim\/","og_locale":"ru_RU","og_type":"article","og_title":"Ba\u015fkan B\u00f6cek, cezaevinden Antalyal\u0131lara seslendi: \"Ba\u015f\u0131n\u0131z\u0131 \u00f6ne e\u011fecek hi\u00e7bir olay\u0131n i\u00e7inde olmad\u0131m\"","og_description":"Antalya B\u00fcy\u00fck\u015fehir Belediye Ba\u015fkan\u0131 Muhittin B\u00f6cek, r\u00fc\u015fvet su\u00e7lamas\u0131yla tutuklanmas\u0131n\u0131n ard\u0131ndan cezaevinden ilk kez a\u00e7\u0131klama yapt\u0131. B\u00f6cek, kamuoyuna hitaben kaleme ald\u0131\u011f\u0131 mesaj\u0131nda, bug\u00fcne de siyasi ya\u015fam\u0131nda hi\u00e7bir zaman halk\u0131n\u0131 utand\u0131racak bir eylemin i\u00e7inde olmad\u0131\u011f\u0131n\u0131 vurgularken, kendisine y\u00f6neltilen su\u00e7lamalar\u0131n ger\u00e7e\u011fi yans\u0131tmad\u0131\u011f\u0131n\u0131 dile getirdi. &#8220;S\u0130Z\u0130 \u00dcZECEK H\u0130\u00c7B\u0130R \u015eEY\u0130N \u0130\u00c7\u0130NDE OLMADIM&#8221; Antalya&#8217;n\u0131n se\u00e7ilmi\u015f B\u00fcy\u00fck\u015fehir Belediye Ba\u015fkan\u0131 Muhittin B\u00f6cek, cezaevinden yapt\u0131\u011f\u0131 yaz\u0131l\u0131 a\u00e7\u0131klamada \u015fu ifadeleri kulland\u0131: &#8220;Sevgili Antalyal\u0131lar, siyasi hayat\u0131m boyunca sizleri \u00fczecek, ba\u015f\u0131n\u0131z\u0131 \u00f6ne e\u011fecek hi\u00e7bir olay\u0131n i\u00e7inde olmad\u0131m. \u0130tiraf\u00e7\u0131lar\u0131n ve iftirac\u0131lar\u0131n s\u00f6z\u00fcn\u00fcn ge\u00e7ti\u011fi bug\u00fcnler ge\u00e7ecektir. ilahi adaletin tecelli edece\u011fine inanc\u0131m tam. Sizleri seviyorum.&#8221; &#8220;\u00dcLKEM\u0130Z\u0130 CHP \u0130KT\u0130DARINA MUTLAKA KAVU\u015eTURACA\u011eIZ&#8221; Konyaalt\u0131 Belediye Ba\u015fkan\u0131 Cem Kotan, CHP Antalya Milletvekilleri Aykut Kaya, Mustafa Erdem, Aliye Co\u015far, Cavit Ar\u0131, Sururi \u00c7orabat\u0131r ve Antalya B\u00fcy\u00fck\u015fehir Belediyesi Ba\u015fkanvekili Bayram Ali \u00c7eltik Y\u00fcksek G\u00fcvenlikli Kapal\u0131 Ceza \u0130nfaz Kurumu&#8217;nda tutuklu bulunan Muhittin B\u00f6cek&#8217;i ziyaret etti. Ziyaret sonras\u0131 sosyal medya hesab\u0131ndan a\u00e7\u0131klama yapan Aykut Kaya, \u015funlar\u0131 s\u00f6yledi: &#8220;Muhittin Ba\u015fkan\u0131m\u0131z\u0131n morali iyi, t\u00fcm hem\u015fehrilerimize \u00e7ok\u00e7a selamlar\u0131n\u0131 iletti. Ba\u015fkan\u0131m\u0131z\u0131n kendisini ve Antalyal\u0131 hem\u015fehrilerimizi mah\u00e7up edecek hi\u00e7bir eylemde bulunmayaca\u011f\u0131n\u0131 gayet iyi biliyoruz. Bu zor g\u00fcnleri hep birlikte, birlik ve beraberlik i\u00e7erisinde atlataca\u011f\u0131z. \u00dclkemizi CHP iktidar\u0131na mutlaka kavu\u015fturaca\u011f\u0131z.&#8221; R\u00dc\u015eVET SORU\u015eTURMASIYLA TUTUKLANMI\u015eTI Antalya Cumhuriyet Ba\u015fsavc\u0131l\u0131\u011f\u0131 taraf\u0131ndan y\u00fcr\u00fct\u00fclen soru\u015fturma kapsam\u0131nda Muhittin B\u00f6cek hakk\u0131nda, i\u015f insan\u0131 Yusuf Yado\u011flu&#8217;na ait \u015firketlerin &hellip;","og_url":"http:\/\/denizcankizil.tr\/ru\/haberler\/gundem\/baskan-bocek-cezaevinden-antalyalilara-seslendi-basinizi-one-egecek-hicbir-olayin-icinde-olmadim\/","og_site_name":"Av. Deniz Can K\u0131z\u0131l","article_published_time":"2025-07-06T12:41:20+00:00","author":"Antalya K\u00f6rfez","twitter_card":"summary_large_image","twitter_misc":{"\u041d\u0430\u043f\u0438\u0441\u0430\u043d\u043e \u0430\u0432\u0442\u043e\u0440\u043e\u043c":"Antalya K\u00f6rfez","\u041f\u0440\u0438\u043c\u0435\u0440\u043d\u043e\u0435 \u0432\u0440\u0435\u043c\u044f \u0434\u043b\u044f \u0447\u0442\u0435\u043d\u0438\u044f":"2 \u043c\u0438\u043d\u0443\u0442\u044b"},"schema":{"@context":"https:\/\/schema.org","@graph":[{"@type":"Article","@id":"http:\/\/denizcankizil.tr\/ru\/haberler\/gundem\/baskan-bocek-cezaevinden-antalyalilara-seslendi-basinizi-one-egecek-hicbir-olayin-icinde-olmadim\/#article","isPartOf":{"@id":"http:\/\/denizcankizil.tr\/ru\/haberler\/gundem\/baskan-bocek-cezaevinden-antalyalilara-seslendi-basinizi-one-egecek-hicbir-olayin-icinde-olmadim\/"},"author":{"name":"Antalya K\u00f6rfez","@id":"https:\/\/denizcankizil.tr\/#\/schema\/person\/e1eb71bb4dd684d46563f0af307e1234"},"headline":"Ba\u015fkan B\u00f6cek, cezaevinden Antalyal\u0131lara seslendi: &#8220;Ba\u015f\u0131n\u0131z\u0131 \u00f6ne e\u011fecek hi\u00e7bir olay\u0131n i\u00e7inde olmad\u0131m&#8221;","datePublished":"2025-07-06T12:41:20+00:00","mainEntityOfPage":{"@id":"http:\/\/denizcankizil.tr\/ru\/haberler\/gundem\/baskan-bocek-cezaevinden-antalyalilara-seslendi-basinizi-one-egecek-hicbir-olayin-icinde-olmadim\/"},"wordCount":519,"publisher":{"@id":"https:\/\/denizcankizil.tr\/#organization"},"articleSection":["G\u00fcndem"],"inLanguage":"ru-RU"},{"@type":"WebPage","@id":"http:\/\/denizcankizil.tr\/ru\/haberler\/gundem\/baskan-bocek-cezaevinden-antalyalilara-seslendi-basinizi-one-egecek-hicbir-olayin-icinde-olmadim\/","url":"http:\/\/denizcankizil.tr\/ru\/haberler\/gundem\/baskan-bocek-cezaevinden-antalyalilara-seslendi-basinizi-one-egecek-hicbir-olayin-icinde-olmadim\/","name":"Ba\u015fkan B\u00f6cek, cezaevinden Antalyal\u0131lara seslendi: \"Ba\u015f\u0131n\u0131z\u0131 \u00f6ne e\u011fecek hi\u00e7bir olay\u0131n i\u00e7inde olmad\u0131m\" - Av. Deniz Can K\u0131z\u0131l","isPartOf":{"@id":"https:\/\/denizcankizil.tr\/#website"},"datePublished":"2025-07-06T12:41:20+00:00","breadcrumb":{"@id":"http:\/\/denizcankizil.tr\/ru\/haberler\/gundem\/baskan-bocek-cezaevinden-antalyalilara-seslendi-basinizi-one-egecek-hicbir-olayin-icinde-olmadim\/#breadcrumb"},"inLanguage":"ru-RU","potentialAction":[{"@type":"ReadAction","target":["http:\/\/denizcankizil.tr\/ru\/haberler\/gundem\/baskan-bocek-cezaevinden-antalyalilara-seslendi-basinizi-one-egecek-hicbir-olayin-icinde-olmadim\/"]}]},{"@type":"BreadcrumbList","@id":"http:\/\/denizcankizil.tr\/ru\/haberler\/gundem\/baskan-bocek-cezaevinden-antalyalilara-seslendi-basinizi-one-egecek-hicbir-olayin-icinde-olmadim\/#breadcrumb","itemListElement":[{"@type":"ListItem","position":1,"name":"Home","item":"https:\/\/denizcankizil.tr\/de\/"},{"@type":"ListItem","position":2,"name":"Ba\u015fkan B\u00f6cek, cezaevinden Antalyal\u0131lara seslendi: &#8220;Ba\u015f\u0131n\u0131z\u0131 \u00f6ne e\u011fecek hi\u00e7bir olay\u0131n i\u00e7inde olmad\u0131m&#8221;"}]},{"@type":"WebSite","@id":"https:\/\/denizcankizil.tr\/#website","url":"https:\/\/denizcankizil.tr\/","name":"Av. Deniz Can K\u0131z\u0131l","description":"Avukat Deniz Can K\u0131z\u0131l Antalya Barosu","publisher":{"@id":"https:\/\/denizcankizil.tr\/#organization"},"potentialAction":[{"@type":"SearchAction","target":{"@type":"EntryPoint","urlTemplate":"https:\/\/denizcankizil.tr\/?s={search_term_string}"},"query-input":{"@type":"PropertyValueSpecification","valueRequired":true,"valueName":"search_term_string"}}],"inLanguage":"ru-RU"},{"@type":"Organization","@id":"https:\/\/denizcankizil.tr\/#organization","name":"Av. Deniz Can K\u0131z\u0131l","url":"https:\/\/denizcankizil.tr\/","logo":{"@type":"ImageObject","inLanguage":"ru-RU","@id":"https:\/\/denizcankizil.tr\/#\/schema\/logo\/image\/","url":"http:\/\/denizcankizil.tr\/wp-content\/uploads\/2024\/10\/siyah-logo-svg.svg","contentUrl":"http:\/\/denizcankizil.tr\/wp-content\/uploads\/2024\/10\/siyah-logo-svg.svg","width":1080,"height":1080,"caption":"Av. Deniz Can K\u0131z\u0131l"},"image":{"@id":"https:\/\/denizcankizil.tr\/#\/schema\/logo\/image\/"}},{"@type":"Person","@id":"https:\/\/denizcankizil.tr\/#\/schema\/person\/e1eb71bb4dd684d46563f0af307e1234","name":"Antalya K\u00f6rfez","image":{"@type":"ImageObject","inLanguage":"ru-RU","@id":"https:\/\/denizcankizil.tr\/#\/schema\/person\/image\/","url":"https:\/\/secure.gravatar.com\/avatar\/42b01982558a48a0b501fdcab6a408d3717ea5919095ee2e67b0e521799c5905?s=96&d=mm&r=g","contentUrl":"https:\/\/secure.gravatar.com\/avatar\/42b01982558a48a0b501fdcab6a408d3717ea5919095ee2e67b0e521799c5905?s=96&d=mm&r=g","caption":"Antalya K\u00f6rfez"},"sameAs":["http:\/\/www.antalyakorfez.com"],"url":"https:\/\/www.antalyakorfez.com\/baskan-bocek-cezaevinden-antalyalilara-seslendi-basinizi-one-egecek-hicbir-olayin-icinde-olmadim"}]}},"_links":{"self":[{"href":"http:\/\/denizcankizil.tr\/ru\/wp-json\/wp\/v2\/posts\/137836","targetHints":{"allow":["GET"]}}],"collection":[{"href":"http:\/\/denizcankizil.tr\/ru\/wp-json\/wp\/v2\/posts"}],"about":[{"href":"http:\/\/denizcankizil.tr\/ru\/wp-json\/wp\/v2\/types\/post"}],"author":[{"embeddable":true,"href":"http:\/\/denizcankizil.tr\/ru\/wp-json\/wp\/v2\/users\/5"}],"replies":[{"embeddable":true,"href":"http:\/\/denizcankizil.tr\/ru\/wp-json\/wp\/v2\/comments?post=137836"}],"version-history":[{"count":0,"href":"http:\/\/denizcankizil.tr\/ru\/wp-json\/wp\/v2\/posts\/137836\/revisions"}],"wp:attachment":[{"href":"http:\/\/denizcankizil.tr\/ru\/wp-json\/wp\/v2\/media?parent=137836"}],"wp:term":[{"taxonomy":"category","embeddable":true,"href":"http:\/\/denizcankizil.tr\/ru\/wp-json\/wp\/v2\/categories?post=137836"},{"taxonomy":"post_tag","embeddable":true,"href":"http:\/\/denizcankizil.tr\/ru\/wp-json\/wp\/v2\/tags?post=137836"}],"curies":[{"name":"wp","href":"https:\/\/api.w.org\/{rel}","templated":true}]}}