{"id":13522,"date":"2024-11-06T19:42:05","date_gmt":"2024-11-06T16:42:05","guid":{"rendered":"https:\/\/denizcankizil.tr\/uncategorized-tr\/losemi-ilk-5-yasta-daha-sik-goruluyor\/"},"modified":"2024-11-06T19:42:05","modified_gmt":"2024-11-06T16:42:05","slug":"losemi-ilk-5-yasta-daha-sik-goruluyor","status":"publish","type":"post","link":"http:\/\/denizcankizil.tr\/ru\/haberler\/gundem\/losemi-ilk-5-yasta-daha-sik-goruluyor\/","title":{"rendered":"L\u00f6semi ilk 5 ya\u015fta daha s\u0131k g\u00f6r\u00fcl\u00fcyor"},"content":{"rendered":"<p>L\u00f6semi, kemik ili\u011fi ana k\u00f6k h\u00fccrelerinin genetik bir zemin varl\u0131\u011f\u0131nda \u00e7e\u015fitli \u00e7evresel fakt\u00f6rlerin de etkisiyle kontrols\u00fcz \u00e7o\u011falmas\u0131 ve \u00f6l\u00fcms\u00fcz hale d\u00f6n\u00fc\u015fmesi sonucu olu\u015fur.<\/p>\n<p>\u200bL\u00f6semi, kemik ili\u011fi ana k\u00f6k h\u00fccrelerinin genetik bir zemin varl\u0131\u011f\u0131nda \u00e7e\u015fitli \u00e7evresel fakt\u00f6rlerin de etkisiyle kontrols\u00fcz \u00e7o\u011falmas\u0131 ve \u00f6l\u00fcms\u00fcz hale d\u00f6n\u00fc\u015fmesi sonucu olu\u015fur.\u00a0<\/p>\n<p>\u200bHaberin Al\u0131nt\u0131land\u0131\u011f\u0131 Kaynak: www.iskenderun.org<\/p>","protected":false},"excerpt":{"rendered":"<p>L\u00f6semi, kemik ili\u011fi ana k\u00f6k h\u00fccrelerinin genetik bir zemin varl\u0131\u011f\u0131nda \u00e7e\u015fitli \u00e7evresel fakt\u00f6rlerin de etkisiyle kontrols\u00fcz \u00e7o\u011falmas\u0131 ve \u00f6l\u00fcms\u00fcz hale d\u00f6n\u00fc\u015fmesi sonucu olu\u015fur. \u200bL\u00f6semi, kemik ili\u011fi ana k\u00f6k h\u00fccrelerinin genetik bir zemin varl\u0131\u011f\u0131nda \u00e7e\u015fitli \u00e7evresel fakt\u00f6rlerin de etkisiyle kontrols\u00fcz \u00e7o\u011falmas\u0131 ve \u00f6l\u00fcms\u00fcz hale d\u00f6n\u00fc\u015fmesi sonucu olu\u015fur.\u00a0 \u200bHaberin Al\u0131nt\u0131land\u0131\u011f\u0131 Kaynak: www.iskenderun.org<\/p>","protected":false},"author":0,"featured_media":0,"comment_status":"open","ping_status":"open","sticky":false,"template":"","format":"standard","meta":{"_acf_changed":false,"footnotes":""},"categories":[24,535],"tags":[],"class_list":["post-13522","post","type-post","status-publish","format-standard","has-post-thumbnail","hentry","category-gundem","category-uncategorized-tr"],"acf":[],"yoast_head":"<!-- This site is optimized with the Yoast SEO Premium plugin v26.6 (Yoast SEO v27.1.1) - https:\/\/yoast.com\/product\/yoast-seo-premium-wordpress\/ -->\n<title>L\u00f6semi ilk 5 ya\u015fta daha s\u0131k g\u00f6r\u00fcl\u00fcyor - Av. Deniz Can K\u0131z\u0131l<\/title>\n<meta name=\"robots\" content=\"index, follow, max-snippet:-1, max-image-preview:large, max-video-preview:-1\" \/>\n<link rel=\"canonical\" href=\"http:\/\/denizcankizil.tr\/ru\/haberler\/gundem\/losemi-ilk-5-yasta-daha-sik-goruluyor\/\" \/>\n<meta property=\"og:locale\" content=\"ru_RU\" \/>\n<meta property=\"og:type\" content=\"article\" \/>\n<meta property=\"og:title\" content=\"L\u00f6semi ilk 5 ya\u015fta daha s\u0131k g\u00f6r\u00fcl\u00fcyor\" \/>\n<meta property=\"og:description\" content=\"L\u00f6semi, kemik ili\u011fi ana k\u00f6k h\u00fccrelerinin genetik bir zemin varl\u0131\u011f\u0131nda \u00e7e\u015fitli \u00e7evresel fakt\u00f6rlerin de etkisiyle kontrols\u00fcz \u00e7o\u011falmas\u0131 ve \u00f6l\u00fcms\u00fcz hale d\u00f6n\u00fc\u015fmesi sonucu olu\u015fur. \u200bL\u00f6semi, kemik ili\u011fi ana k\u00f6k h\u00fccrelerinin genetik bir zemin varl\u0131\u011f\u0131nda \u00e7e\u015fitli \u00e7evresel fakt\u00f6rlerin de etkisiyle kontrols\u00fcz \u00e7o\u011falmas\u0131 ve \u00f6l\u00fcms\u00fcz hale d\u00f6n\u00fc\u015fmesi sonucu olu\u015fur.\u00a0 \u200bHaberin Al\u0131nt\u0131land\u0131\u011f\u0131 Kaynak: www.iskenderun.org\" \/>\n<meta property=\"og:url\" content=\"http:\/\/denizcankizil.tr\/ru\/haberler\/gundem\/losemi-ilk-5-yasta-daha-sik-goruluyor\/\" \/>\n<meta property=\"og:site_name\" content=\"Av. Deniz Can K\u0131z\u0131l\" \/>\n<meta property=\"article:published_time\" content=\"2024-11-06T16:42:05+00:00\" \/>\n<meta name=\"twitter:card\" content=\"summary_large_image\" \/>\n<script type=\"application\/ld+json\" class=\"yoast-schema-graph\">{\"@context\":\"https:\/\/schema.org\",\"@graph\":[{\"@type\":\"Article\",\"@id\":\"http:\/\/denizcankizil.tr\/en\/haberler\/gundem\/losemi-ilk-5-yasta-daha-sik-goruluyor\/#article\",\"isPartOf\":{\"@id\":\"http:\/\/denizcankizil.tr\/en\/haberler\/gundem\/losemi-ilk-5-yasta-daha-sik-goruluyor\/\"},\"author\":{\"name\":\"\",\"@id\":\"\"},\"headline\":\"L\u00f6semi ilk 5 ya\u015fta daha s\u0131k g\u00f6r\u00fcl\u00fcyor\",\"datePublished\":\"2024-11-06T16:42:05+00:00\",\"mainEntityOfPage\":{\"@id\":\"http:\/\/denizcankizil.tr\/en\/haberler\/gundem\/losemi-ilk-5-yasta-daha-sik-goruluyor\/\"},\"wordCount\":94,\"commentCount\":0,\"publisher\":{\"@id\":\"https:\/\/denizcankizil.tr\/de\/#organization\"},\"articleSection\":[\"G\u00fcndem\",\"Uncategorized\"],\"inLanguage\":\"ru-RU\",\"potentialAction\":[{\"@type\":\"CommentAction\",\"name\":\"Comment\",\"target\":[\"http:\/\/denizcankizil.tr\/en\/haberler\/gundem\/losemi-ilk-5-yasta-daha-sik-goruluyor\/#respond\"]}]},{\"@type\":\"WebPage\",\"@id\":\"http:\/\/denizcankizil.tr\/en\/haberler\/gundem\/losemi-ilk-5-yasta-daha-sik-goruluyor\/\",\"url\":\"http:\/\/denizcankizil.tr\/en\/haberler\/gundem\/losemi-ilk-5-yasta-daha-sik-goruluyor\/\",\"name\":\"L\u00f6semi ilk 5 ya\u015fta daha s\u0131k g\u00f6r\u00fcl\u00fcyor - Av. Deniz Can K\u0131z\u0131l\",\"isPartOf\":{\"@id\":\"https:\/\/denizcankizil.tr\/de\/#website\"},\"datePublished\":\"2024-11-06T16:42:05+00:00\",\"breadcrumb\":{\"@id\":\"http:\/\/denizcankizil.tr\/en\/haberler\/gundem\/losemi-ilk-5-yasta-daha-sik-goruluyor\/#breadcrumb\"},\"inLanguage\":\"ru-RU\",\"potentialAction\":[{\"@type\":\"ReadAction\",\"target\":[\"http:\/\/denizcankizil.tr\/en\/haberler\/gundem\/losemi-ilk-5-yasta-daha-sik-goruluyor\/\"]}]},{\"@type\":\"BreadcrumbList\",\"@id\":\"http:\/\/denizcankizil.tr\/en\/haberler\/gundem\/losemi-ilk-5-yasta-daha-sik-goruluyor\/#breadcrumb\",\"itemListElement\":[{\"@type\":\"ListItem\",\"position\":1,\"name\":\"Home\",\"item\":\"https:\/\/denizcankizil.tr\/de\/\"},{\"@type\":\"ListItem\",\"position\":2,\"name\":\"L\u00f6semi ilk 5 ya\u015fta daha s\u0131k g\u00f6r\u00fcl\u00fcyor\"}]},{\"@type\":\"WebSite\",\"@id\":\"https:\/\/denizcankizil.tr\/de\/#website\",\"url\":\"https:\/\/denizcankizil.tr\/de\/\",\"name\":\"Av. Deniz Can K\u0131z\u0131l\",\"description\":\"Avukat Deniz Can K\u0131z\u0131l Antalya Barosu\",\"publisher\":{\"@id\":\"https:\/\/denizcankizil.tr\/de\/#organization\"},\"potentialAction\":[{\"@type\":\"SearchAction\",\"target\":{\"@type\":\"EntryPoint\",\"urlTemplate\":\"https:\/\/denizcankizil.tr\/de\/?s={search_term_string}\"},\"query-input\":{\"@type\":\"PropertyValueSpecification\",\"valueRequired\":true,\"valueName\":\"search_term_string\"}}],\"inLanguage\":\"ru-RU\"},{\"@type\":\"Organization\",\"@id\":\"https:\/\/denizcankizil.tr\/de\/#organization\",\"name\":\"Av. Deniz Can K\u0131z\u0131l\",\"url\":\"https:\/\/denizcankizil.tr\/de\/\",\"logo\":{\"@type\":\"ImageObject\",\"inLanguage\":\"ru-RU\",\"@id\":\"https:\/\/denizcankizil.tr\/de\/#\/schema\/logo\/image\/\",\"url\":\"http:\/\/denizcankizil.tr\/wp-content\/uploads\/2024\/10\/siyah-logo-svg.svg\",\"contentUrl\":\"http:\/\/denizcankizil.tr\/wp-content\/uploads\/2024\/10\/siyah-logo-svg.svg\",\"width\":1080,\"height\":1080,\"caption\":\"Av. Deniz Can K\u0131z\u0131l\"},\"image\":{\"@id\":\"https:\/\/denizcankizil.tr\/de\/#\/schema\/logo\/image\/\"}}]}<\/script>\n<!-- \/ Yoast SEO Premium plugin. -->","yoast_head_json":{"title":"L\u00f6semi ilk 5 ya\u015fta daha s\u0131k g\u00f6r\u00fcl\u00fcyor - Av. Deniz Can K\u0131z\u0131l","robots":{"index":"index","follow":"follow","max-snippet":"max-snippet:-1","max-image-preview":"max-image-preview:large","max-video-preview":"max-video-preview:-1"},"canonical":"http:\/\/denizcankizil.tr\/ru\/haberler\/gundem\/losemi-ilk-5-yasta-daha-sik-goruluyor\/","og_locale":"ru_RU","og_type":"article","og_title":"L\u00f6semi ilk 5 ya\u015fta daha s\u0131k g\u00f6r\u00fcl\u00fcyor","og_description":"L\u00f6semi, kemik ili\u011fi ana k\u00f6k h\u00fccrelerinin genetik bir zemin varl\u0131\u011f\u0131nda \u00e7e\u015fitli \u00e7evresel fakt\u00f6rlerin de etkisiyle kontrols\u00fcz \u00e7o\u011falmas\u0131 ve \u00f6l\u00fcms\u00fcz hale d\u00f6n\u00fc\u015fmesi sonucu olu\u015fur. \u200bL\u00f6semi, kemik ili\u011fi ana k\u00f6k h\u00fccrelerinin genetik bir zemin varl\u0131\u011f\u0131nda \u00e7e\u015fitli \u00e7evresel fakt\u00f6rlerin de etkisiyle kontrols\u00fcz \u00e7o\u011falmas\u0131 ve \u00f6l\u00fcms\u00fcz hale d\u00f6n\u00fc\u015fmesi sonucu olu\u015fur.\u00a0 \u200bHaberin Al\u0131nt\u0131land\u0131\u011f\u0131 Kaynak: www.iskenderun.org","og_url":"http:\/\/denizcankizil.tr\/ru\/haberler\/gundem\/losemi-ilk-5-yasta-daha-sik-goruluyor\/","og_site_name":"Av. Deniz Can K\u0131z\u0131l","article_published_time":"2024-11-06T16:42:05+00:00","twitter_card":"summary_large_image","schema":{"@context":"https:\/\/schema.org","@graph":[{"@type":"Article","@id":"http:\/\/denizcankizil.tr\/en\/haberler\/gundem\/losemi-ilk-5-yasta-daha-sik-goruluyor\/#article","isPartOf":{"@id":"http:\/\/denizcankizil.tr\/en\/haberler\/gundem\/losemi-ilk-5-yasta-daha-sik-goruluyor\/"},"author":{"name":"","@id":""},"headline":"L\u00f6semi ilk 5 ya\u015fta daha s\u0131k g\u00f6r\u00fcl\u00fcyor","datePublished":"2024-11-06T16:42:05+00:00","mainEntityOfPage":{"@id":"http:\/\/denizcankizil.tr\/en\/haberler\/gundem\/losemi-ilk-5-yasta-daha-sik-goruluyor\/"},"wordCount":94,"commentCount":0,"publisher":{"@id":"https:\/\/denizcankizil.tr\/de\/#organization"},"articleSection":["G\u00fcndem","Uncategorized"],"inLanguage":"ru-RU","potentialAction":[{"@type":"CommentAction","name":"Comment","target":["http:\/\/denizcankizil.tr\/en\/haberler\/gundem\/losemi-ilk-5-yasta-daha-sik-goruluyor\/#respond"]}]},{"@type":"WebPage","@id":"http:\/\/denizcankizil.tr\/en\/haberler\/gundem\/losemi-ilk-5-yasta-daha-sik-goruluyor\/","url":"http:\/\/denizcankizil.tr\/en\/haberler\/gundem\/losemi-ilk-5-yasta-daha-sik-goruluyor\/","name":"L\u00f6semi ilk 5 ya\u015fta daha s\u0131k g\u00f6r\u00fcl\u00fcyor - Av. Deniz Can K\u0131z\u0131l","isPartOf":{"@id":"https:\/\/denizcankizil.tr\/de\/#website"},"datePublished":"2024-11-06T16:42:05+00:00","breadcrumb":{"@id":"http:\/\/denizcankizil.tr\/en\/haberler\/gundem\/losemi-ilk-5-yasta-daha-sik-goruluyor\/#breadcrumb"},"inLanguage":"ru-RU","potentialAction":[{"@type":"ReadAction","target":["http:\/\/denizcankizil.tr\/en\/haberler\/gundem\/losemi-ilk-5-yasta-daha-sik-goruluyor\/"]}]},{"@type":"BreadcrumbList","@id":"http:\/\/denizcankizil.tr\/en\/haberler\/gundem\/losemi-ilk-5-yasta-daha-sik-goruluyor\/#breadcrumb","itemListElement":[{"@type":"ListItem","position":1,"name":"Home","item":"https:\/\/denizcankizil.tr\/de\/"},{"@type":"ListItem","position":2,"name":"L\u00f6semi ilk 5 ya\u015fta daha s\u0131k g\u00f6r\u00fcl\u00fcyor"}]},{"@type":"WebSite","@id":"https:\/\/denizcankizil.tr\/de\/#website","url":"https:\/\/denizcankizil.tr\/de\/","name":"Av. Deniz Can K\u0131z\u0131l","description":"Avukat Deniz Can K\u0131z\u0131l Antalya Barosu","publisher":{"@id":"https:\/\/denizcankizil.tr\/de\/#organization"},"potentialAction":[{"@type":"SearchAction","target":{"@type":"EntryPoint","urlTemplate":"https:\/\/denizcankizil.tr\/de\/?s={search_term_string}"},"query-input":{"@type":"PropertyValueSpecification","valueRequired":true,"valueName":"search_term_string"}}],"inLanguage":"ru-RU"},{"@type":"Organization","@id":"https:\/\/denizcankizil.tr\/de\/#organization","name":"Av. Deniz Can K\u0131z\u0131l","url":"https:\/\/denizcankizil.tr\/de\/","logo":{"@type":"ImageObject","inLanguage":"ru-RU","@id":"https:\/\/denizcankizil.tr\/de\/#\/schema\/logo\/image\/","url":"http:\/\/denizcankizil.tr\/wp-content\/uploads\/2024\/10\/siyah-logo-svg.svg","contentUrl":"http:\/\/denizcankizil.tr\/wp-content\/uploads\/2024\/10\/siyah-logo-svg.svg","width":1080,"height":1080,"caption":"Av. Deniz Can K\u0131z\u0131l"},"image":{"@id":"https:\/\/denizcankizil.tr\/de\/#\/schema\/logo\/image\/"}}]}},"_links":{"self":[{"href":"http:\/\/denizcankizil.tr\/ru\/wp-json\/wp\/v2\/posts\/13522","targetHints":{"allow":["GET"]}}],"collection":[{"href":"http:\/\/denizcankizil.tr\/ru\/wp-json\/wp\/v2\/posts"}],"about":[{"href":"http:\/\/denizcankizil.tr\/ru\/wp-json\/wp\/v2\/types\/post"}],"replies":[{"embeddable":true,"href":"http:\/\/denizcankizil.tr\/ru\/wp-json\/wp\/v2\/comments?post=13522"}],"version-history":[{"count":0,"href":"http:\/\/denizcankizil.tr\/ru\/wp-json\/wp\/v2\/posts\/13522\/revisions"}],"wp:attachment":[{"href":"http:\/\/denizcankizil.tr\/ru\/wp-json\/wp\/v2\/media?parent=13522"}],"wp:term":[{"taxonomy":"category","embeddable":true,"href":"http:\/\/denizcankizil.tr\/ru\/wp-json\/wp\/v2\/categories?post=13522"},{"taxonomy":"post_tag","embeddable":true,"href":"http:\/\/denizcankizil.tr\/ru\/wp-json\/wp\/v2\/tags?post=13522"}],"curies":[{"name":"wp","href":"https:\/\/api.w.org\/{rel}","templated":true}]}}