{"id":134876,"date":"2025-07-03T18:42:39","date_gmt":"2025-07-03T15:42:39","guid":{"rendered":"https:\/\/denizcankizil.tr\/uncategorized-tr\/igcden-arsuz-kaymakami-erogluna-ziyaret\/"},"modified":"2025-07-03T18:42:39","modified_gmt":"2025-07-03T15:42:39","slug":"igcden-arsuz-kaymakami-erogluna-ziyaret","status":"publish","type":"post","link":"http:\/\/denizcankizil.tr\/ru\/haberler\/gundem\/igcden-arsuz-kaymakami-erogluna-ziyaret\/","title":{"rendered":"\u0130GC\u2019den Arsuz Kaymakam\u0131 Ero\u011flu\u2019na Ziyaret"},"content":{"rendered":"<p>Ziyaretten duydu\u011fu memnuniyeti dile getiren Kaymakam Fatih Ero\u011flu, Arsuz\u2019un kendisi i\u00e7in \u00f6zel bir yer oldu\u011funu vurgulad\u0131. Daha \u00f6nce Mardin Vali Yard\u0131mc\u0131l\u0131\u011f\u0131 g\u00f6revinde bulundu\u011funu belirten Ero\u011flu, \u201cKaymakaml\u0131k refikli\u011fimi Arsuz\u2019da yapt\u0131m. \u015eimdi tekrar buraday\u0131m. Tarih\u00ee ve k\u00fclt\u00fcrel yap\u0131s\u0131n\u0131 \u00e7ok iyi biliyorum. Arsuz\u2019un kalk\u0131nmas\u0131 i\u00e7in elimizden geleni yapaca\u011f\u0131z,\u201d diye konu\u015ftu.<\/p>\n<p>\u201cArsuz\u2019umuzu Hep Birlikte Geli\u015ftirece\u011fiz\u201d<\/p>\n<p>Turistik potansiyeli y\u00fcksek olan Arsuz\u2019un kalk\u0131nmas\u0131nda bas\u0131n, belediye ve halk\u0131n deste\u011finin \u00f6nemli oldu\u011funu belirten Ero\u011flu, \u201cDevletimizin t\u00fcm imk\u00e2nlar\u0131n\u0131 halk\u0131m\u0131z i\u00e7in kullanaca\u011f\u0131z. Arsuz \u00e7ok \u00f6zel bir b\u00f6lge. Buray\u0131 hep birlikte kalk\u0131nd\u0131raca\u011f\u0131z,\u201d dedi.<\/p>\n<p>Gazetecilerden Destek S\u00f6z\u00fc<\/p>\n<p>\u0130skenderun Gazeteciler Cemiyeti Ba\u015fkan\u0131 Diyap Atar ise, Kaymakam Ero\u011flu\u2019na yeni g\u00f6revinde ba\u015far\u0131lar dileyerek, \u015funlar\u0131 s\u00f6yledi: \u201cB\u00f6lgemizin karde\u015flik ba\u011flar\u0131 \u00e7ok g\u00fc\u00e7l\u00fc. Kalk\u0131nma yolunda her daim katk\u0131 sunmaya haz\u0131r\u0131z. Nazik kabul\u00fcn\u00fcz i\u00e7in te\u015fekk\u00fcr ederiz\u2026\u201d<\/p>\n<p>Ziyaret, kar\u015f\u0131l\u0131kl\u0131 iyi dilekler ve dayan\u0131\u015fma mesajlar\u0131yla sona erdi.<\/p>\n<p>\u200b\u0130skenderun Gazeteciler Cemiyeti Ba\u015fkan\u0131 Diyap Atar ve y\u00f6netim kurulu \u00fcyeleri, Arsuz Kaymakaml\u0131\u011f\u0131 g\u00f6revine yeni atanan Fatih Ero\u011flu\u2019nu makam\u0131nda ziyaret etti.<br \/>\nZiyarette Kaymakam Ero\u011flu\u2019na ba\u015far\u0131 dileklerinde bulunulurken, b\u00f6lgenin geli\u015fimine y\u00f6nelik i\u015f birli\u011fi mesajlar\u0131 da verildi.\u00a0<\/p>\n<p>\u200bHaberin Al\u0131nt\u0131land\u0131\u011f\u0131 Kaynak: www.iskenderun.org<\/p>","protected":false},"excerpt":{"rendered":"<p>Ziyaretten duydu\u011fu memnuniyeti dile getiren Kaymakam Fatih Ero\u011flu, Arsuz\u2019un kendisi i\u00e7in \u00f6zel bir yer oldu\u011funu vurgulad\u0131. Daha \u00f6nce Mardin Vali Yard\u0131mc\u0131l\u0131\u011f\u0131 g\u00f6revinde bulundu\u011funu belirten Ero\u011flu, \u201cKaymakaml\u0131k refikli\u011fimi Arsuz\u2019da yapt\u0131m. \u015eimdi tekrar buraday\u0131m. Tarih\u00ee ve k\u00fclt\u00fcrel yap\u0131s\u0131n\u0131 \u00e7ok iyi biliyorum. Arsuz\u2019un kalk\u0131nmas\u0131 i\u00e7in elimizden geleni yapaca\u011f\u0131z,\u201d diye konu\u015ftu. \u201cArsuz\u2019umuzu Hep Birlikte Geli\u015ftirece\u011fiz\u201d Turistik potansiyeli y\u00fcksek olan Arsuz\u2019un kalk\u0131nmas\u0131nda bas\u0131n, belediye ve halk\u0131n deste\u011finin \u00f6nemli oldu\u011funu belirten Ero\u011flu, \u201cDevletimizin t\u00fcm imk\u00e2nlar\u0131n\u0131 halk\u0131m\u0131z i\u00e7in kullanaca\u011f\u0131z. Arsuz \u00e7ok \u00f6zel bir b\u00f6lge. Buray\u0131 hep birlikte kalk\u0131nd\u0131raca\u011f\u0131z,\u201d dedi. Gazetecilerden Destek S\u00f6z\u00fc \u0130skenderun Gazeteciler Cemiyeti Ba\u015fkan\u0131 Diyap Atar ise, Kaymakam Ero\u011flu\u2019na yeni g\u00f6revinde ba\u015far\u0131lar dileyerek, \u015funlar\u0131 s\u00f6yledi: \u201cB\u00f6lgemizin karde\u015flik ba\u011flar\u0131 \u00e7ok g\u00fc\u00e7l\u00fc. Kalk\u0131nma yolunda her daim katk\u0131 sunmaya haz\u0131r\u0131z. Nazik kabul\u00fcn\u00fcz i\u00e7in te\u015fekk\u00fcr ederiz\u2026\u201d Ziyaret, kar\u015f\u0131l\u0131kl\u0131 iyi dilekler ve dayan\u0131\u015fma mesajlar\u0131yla sona erdi. \u200b\u0130skenderun Gazeteciler Cemiyeti Ba\u015fkan\u0131 Diyap Atar ve y\u00f6netim kurulu \u00fcyeleri, Arsuz Kaymakaml\u0131\u011f\u0131 g\u00f6revine yeni atanan Fatih Ero\u011flu\u2019nu makam\u0131nda ziyaret etti. Ziyarette Kaymakam Ero\u011flu\u2019na ba\u015far\u0131 dileklerinde bulunulurken, b\u00f6lgenin geli\u015fimine y\u00f6nelik i\u015f birli\u011fi mesajlar\u0131 da verildi.\u00a0 \u200bHaberin Al\u0131nt\u0131land\u0131\u011f\u0131 Kaynak: www.iskenderun.org<\/p>","protected":false},"author":1,"featured_media":0,"comment_status":"","ping_status":"open","sticky":false,"template":"","format":"standard","meta":{"_acf_changed":false,"footnotes":""},"categories":[24],"tags":[],"class_list":["post-134876","post","type-post","status-publish","format-standard","has-post-thumbnail","hentry","category-gundem"],"acf":[],"yoast_head":"<!-- This site is optimized with the Yoast SEO Premium plugin v26.6 (Yoast SEO v27.1.1) - https:\/\/yoast.com\/product\/yoast-seo-premium-wordpress\/ -->\n<title>\u0130GC\u2019den Arsuz Kaymakam\u0131 Ero\u011flu\u2019na Ziyaret - Av. Deniz Can K\u0131z\u0131l<\/title>\n<meta name=\"robots\" content=\"index, follow, max-snippet:-1, max-image-preview:large, max-video-preview:-1\" \/>\n<link rel=\"canonical\" href=\"http:\/\/denizcankizil.tr\/ru\/haberler\/gundem\/igcden-arsuz-kaymakami-erogluna-ziyaret\/\" \/>\n<meta property=\"og:locale\" content=\"ru_RU\" \/>\n<meta property=\"og:type\" content=\"article\" \/>\n<meta property=\"og:title\" content=\"\u0130GC\u2019den Arsuz Kaymakam\u0131 Ero\u011flu\u2019na Ziyaret\" \/>\n<meta property=\"og:description\" content=\"Ziyaretten duydu\u011fu memnuniyeti dile getiren Kaymakam Fatih Ero\u011flu, Arsuz\u2019un kendisi i\u00e7in \u00f6zel bir yer oldu\u011funu vurgulad\u0131. Daha \u00f6nce Mardin Vali Yard\u0131mc\u0131l\u0131\u011f\u0131 g\u00f6revinde bulundu\u011funu belirten Ero\u011flu, \u201cKaymakaml\u0131k refikli\u011fimi Arsuz\u2019da yapt\u0131m. \u015eimdi tekrar buraday\u0131m. Tarih\u00ee ve k\u00fclt\u00fcrel yap\u0131s\u0131n\u0131 \u00e7ok iyi biliyorum. Arsuz\u2019un kalk\u0131nmas\u0131 i\u00e7in elimizden geleni yapaca\u011f\u0131z,\u201d diye konu\u015ftu. \u201cArsuz\u2019umuzu Hep Birlikte Geli\u015ftirece\u011fiz\u201d Turistik potansiyeli y\u00fcksek olan Arsuz\u2019un kalk\u0131nmas\u0131nda bas\u0131n, belediye ve halk\u0131n deste\u011finin \u00f6nemli oldu\u011funu belirten Ero\u011flu, \u201cDevletimizin t\u00fcm imk\u00e2nlar\u0131n\u0131 halk\u0131m\u0131z i\u00e7in kullanaca\u011f\u0131z. Arsuz \u00e7ok \u00f6zel bir b\u00f6lge. Buray\u0131 hep birlikte kalk\u0131nd\u0131raca\u011f\u0131z,\u201d dedi. Gazetecilerden Destek S\u00f6z\u00fc \u0130skenderun Gazeteciler Cemiyeti Ba\u015fkan\u0131 Diyap Atar ise, Kaymakam Ero\u011flu\u2019na yeni g\u00f6revinde ba\u015far\u0131lar dileyerek, \u015funlar\u0131 s\u00f6yledi: \u201cB\u00f6lgemizin karde\u015flik ba\u011flar\u0131 \u00e7ok g\u00fc\u00e7l\u00fc. Kalk\u0131nma yolunda her daim katk\u0131 sunmaya haz\u0131r\u0131z. Nazik kabul\u00fcn\u00fcz i\u00e7in te\u015fekk\u00fcr ederiz\u2026\u201d Ziyaret, kar\u015f\u0131l\u0131kl\u0131 iyi dilekler ve dayan\u0131\u015fma mesajlar\u0131yla sona erdi. \u200b\u0130skenderun Gazeteciler Cemiyeti Ba\u015fkan\u0131 Diyap Atar ve y\u00f6netim kurulu \u00fcyeleri, Arsuz Kaymakaml\u0131\u011f\u0131 g\u00f6revine yeni atanan Fatih Ero\u011flu\u2019nu makam\u0131nda ziyaret etti. Ziyarette Kaymakam Ero\u011flu\u2019na ba\u015far\u0131 dileklerinde bulunulurken, b\u00f6lgenin geli\u015fimine y\u00f6nelik i\u015f birli\u011fi mesajlar\u0131 da verildi.\u00a0 \u200bHaberin Al\u0131nt\u0131land\u0131\u011f\u0131 Kaynak: www.iskenderun.org\" \/>\n<meta property=\"og:url\" content=\"http:\/\/denizcankizil.tr\/ru\/haberler\/gundem\/igcden-arsuz-kaymakami-erogluna-ziyaret\/\" \/>\n<meta property=\"og:site_name\" content=\"Av. Deniz Can K\u0131z\u0131l\" \/>\n<meta property=\"article:published_time\" content=\"2025-07-03T15:42:39+00:00\" \/>\n<meta name=\"author\" content=\"admin\" \/>\n<meta name=\"twitter:card\" content=\"summary_large_image\" \/>\n<meta name=\"twitter:label1\" content=\"\u041d\u0430\u043f\u0438\u0441\u0430\u043d\u043e \u0430\u0432\u0442\u043e\u0440\u043e\u043c\" \/>\n\t<meta name=\"twitter:data1\" content=\"admin\" \/>\n\t<meta name=\"twitter:label2\" content=\"\u041f\u0440\u0438\u043c\u0435\u0440\u043d\u043e\u0435 \u0432\u0440\u0435\u043c\u044f \u0434\u043b\u044f \u0447\u0442\u0435\u043d\u0438\u044f\" \/>\n\t<meta name=\"twitter:data2\" content=\"1 \u043c\u0438\u043d\u0443\u0442\u0430\" \/>\n<script type=\"application\/ld+json\" class=\"yoast-schema-graph\">{\"@context\":\"https:\/\/schema.org\",\"@graph\":[{\"@type\":\"Article\",\"@id\":\"http:\/\/denizcankizil.tr\/en\/haberler\/gundem\/igcden-arsuz-kaymakami-erogluna-ziyaret\/#article\",\"isPartOf\":{\"@id\":\"http:\/\/denizcankizil.tr\/en\/haberler\/gundem\/igcden-arsuz-kaymakami-erogluna-ziyaret\/\"},\"author\":{\"name\":\"admin\",\"@id\":\"https:\/\/denizcankizil.tr\/de\/#\/schema\/person\/be3c05fe6a12686905512445d8185489\"},\"headline\":\"\u0130GC\u2019den Arsuz Kaymakam\u0131 Ero\u011flu\u2019na Ziyaret\",\"datePublished\":\"2025-07-03T15:42:39+00:00\",\"mainEntityOfPage\":{\"@id\":\"http:\/\/denizcankizil.tr\/en\/haberler\/gundem\/igcden-arsuz-kaymakami-erogluna-ziyaret\/\"},\"wordCount\":260,\"publisher\":{\"@id\":\"https:\/\/denizcankizil.tr\/de\/#organization\"},\"articleSection\":[\"G\u00fcndem\"],\"inLanguage\":\"ru-RU\"},{\"@type\":\"WebPage\",\"@id\":\"http:\/\/denizcankizil.tr\/en\/haberler\/gundem\/igcden-arsuz-kaymakami-erogluna-ziyaret\/\",\"url\":\"http:\/\/denizcankizil.tr\/en\/haberler\/gundem\/igcden-arsuz-kaymakami-erogluna-ziyaret\/\",\"name\":\"\u0130GC\u2019den Arsuz Kaymakam\u0131 Ero\u011flu\u2019na Ziyaret - Av. Deniz Can K\u0131z\u0131l\",\"isPartOf\":{\"@id\":\"https:\/\/denizcankizil.tr\/de\/#website\"},\"datePublished\":\"2025-07-03T15:42:39+00:00\",\"breadcrumb\":{\"@id\":\"http:\/\/denizcankizil.tr\/en\/haberler\/gundem\/igcden-arsuz-kaymakami-erogluna-ziyaret\/#breadcrumb\"},\"inLanguage\":\"ru-RU\",\"potentialAction\":[{\"@type\":\"ReadAction\",\"target\":[\"http:\/\/denizcankizil.tr\/en\/haberler\/gundem\/igcden-arsuz-kaymakami-erogluna-ziyaret\/\"]}]},{\"@type\":\"BreadcrumbList\",\"@id\":\"http:\/\/denizcankizil.tr\/en\/haberler\/gundem\/igcden-arsuz-kaymakami-erogluna-ziyaret\/#breadcrumb\",\"itemListElement\":[{\"@type\":\"ListItem\",\"position\":1,\"name\":\"Home\",\"item\":\"https:\/\/denizcankizil.tr\/de\/\"},{\"@type\":\"ListItem\",\"position\":2,\"name\":\"\u0130GC\u2019den Arsuz Kaymakam\u0131 Ero\u011flu\u2019na Ziyaret\"}]},{\"@type\":\"WebSite\",\"@id\":\"https:\/\/denizcankizil.tr\/de\/#website\",\"url\":\"https:\/\/denizcankizil.tr\/de\/\",\"name\":\"Av. Deniz Can K\u0131z\u0131l\",\"description\":\"Avukat Deniz Can K\u0131z\u0131l Antalya Barosu\",\"publisher\":{\"@id\":\"https:\/\/denizcankizil.tr\/de\/#organization\"},\"potentialAction\":[{\"@type\":\"SearchAction\",\"target\":{\"@type\":\"EntryPoint\",\"urlTemplate\":\"https:\/\/denizcankizil.tr\/de\/?s={search_term_string}\"},\"query-input\":{\"@type\":\"PropertyValueSpecification\",\"valueRequired\":true,\"valueName\":\"search_term_string\"}}],\"inLanguage\":\"ru-RU\"},{\"@type\":\"Organization\",\"@id\":\"https:\/\/denizcankizil.tr\/de\/#organization\",\"name\":\"Av. Deniz Can K\u0131z\u0131l\",\"url\":\"https:\/\/denizcankizil.tr\/de\/\",\"logo\":{\"@type\":\"ImageObject\",\"inLanguage\":\"ru-RU\",\"@id\":\"https:\/\/denizcankizil.tr\/de\/#\/schema\/logo\/image\/\",\"url\":\"http:\/\/denizcankizil.tr\/wp-content\/uploads\/2024\/10\/siyah-logo-svg.svg\",\"contentUrl\":\"http:\/\/denizcankizil.tr\/wp-content\/uploads\/2024\/10\/siyah-logo-svg.svg\",\"width\":1080,\"height\":1080,\"caption\":\"Av. Deniz Can K\u0131z\u0131l\"},\"image\":{\"@id\":\"https:\/\/denizcankizil.tr\/de\/#\/schema\/logo\/image\/\"}},{\"@type\":\"Person\",\"@id\":\"https:\/\/denizcankizil.tr\/de\/#\/schema\/person\/be3c05fe6a12686905512445d8185489\",\"name\":\"admin\",\"image\":{\"@type\":\"ImageObject\",\"inLanguage\":\"ru-RU\",\"@id\":\"https:\/\/denizcankizil.tr\/de\/#\/schema\/person\/image\/\",\"url\":\"https:\/\/secure.gravatar.com\/avatar\/c1fce94c830dc79107e174f890d7210541c4a63e8e5d816341794a2151c9d58c?s=96&d=mm&r=g\",\"contentUrl\":\"https:\/\/secure.gravatar.com\/avatar\/c1fce94c830dc79107e174f890d7210541c4a63e8e5d816341794a2151c9d58c?s=96&d=mm&r=g\",\"caption\":\"admin\"},\"sameAs\":[\"http:\/\/denizcankizil.tr\"],\"url\":\"https:\/\/www.iskenderun.org\/igcden-arsuz-kaymakami-erogluna-ziyaret\"}]}<\/script>\n<!-- \/ Yoast SEO Premium plugin. -->","yoast_head_json":{"title":"\u0130GC\u2019den Arsuz Kaymakam\u0131 Ero\u011flu\u2019na Ziyaret - Av. Deniz Can K\u0131z\u0131l","robots":{"index":"index","follow":"follow","max-snippet":"max-snippet:-1","max-image-preview":"max-image-preview:large","max-video-preview":"max-video-preview:-1"},"canonical":"http:\/\/denizcankizil.tr\/ru\/haberler\/gundem\/igcden-arsuz-kaymakami-erogluna-ziyaret\/","og_locale":"ru_RU","og_type":"article","og_title":"\u0130GC\u2019den Arsuz Kaymakam\u0131 Ero\u011flu\u2019na Ziyaret","og_description":"Ziyaretten duydu\u011fu memnuniyeti dile getiren Kaymakam Fatih Ero\u011flu, Arsuz\u2019un kendisi i\u00e7in \u00f6zel bir yer oldu\u011funu vurgulad\u0131. Daha \u00f6nce Mardin Vali Yard\u0131mc\u0131l\u0131\u011f\u0131 g\u00f6revinde bulundu\u011funu belirten Ero\u011flu, \u201cKaymakaml\u0131k refikli\u011fimi Arsuz\u2019da yapt\u0131m. \u015eimdi tekrar buraday\u0131m. Tarih\u00ee ve k\u00fclt\u00fcrel yap\u0131s\u0131n\u0131 \u00e7ok iyi biliyorum. Arsuz\u2019un kalk\u0131nmas\u0131 i\u00e7in elimizden geleni yapaca\u011f\u0131z,\u201d diye konu\u015ftu. \u201cArsuz\u2019umuzu Hep Birlikte Geli\u015ftirece\u011fiz\u201d Turistik potansiyeli y\u00fcksek olan Arsuz\u2019un kalk\u0131nmas\u0131nda bas\u0131n, belediye ve halk\u0131n deste\u011finin \u00f6nemli oldu\u011funu belirten Ero\u011flu, \u201cDevletimizin t\u00fcm imk\u00e2nlar\u0131n\u0131 halk\u0131m\u0131z i\u00e7in kullanaca\u011f\u0131z. Arsuz \u00e7ok \u00f6zel bir b\u00f6lge. Buray\u0131 hep birlikte kalk\u0131nd\u0131raca\u011f\u0131z,\u201d dedi. Gazetecilerden Destek S\u00f6z\u00fc \u0130skenderun Gazeteciler Cemiyeti Ba\u015fkan\u0131 Diyap Atar ise, Kaymakam Ero\u011flu\u2019na yeni g\u00f6revinde ba\u015far\u0131lar dileyerek, \u015funlar\u0131 s\u00f6yledi: \u201cB\u00f6lgemizin karde\u015flik ba\u011flar\u0131 \u00e7ok g\u00fc\u00e7l\u00fc. Kalk\u0131nma yolunda her daim katk\u0131 sunmaya haz\u0131r\u0131z. Nazik kabul\u00fcn\u00fcz i\u00e7in te\u015fekk\u00fcr ederiz\u2026\u201d Ziyaret, kar\u015f\u0131l\u0131kl\u0131 iyi dilekler ve dayan\u0131\u015fma mesajlar\u0131yla sona erdi. \u200b\u0130skenderun Gazeteciler Cemiyeti Ba\u015fkan\u0131 Diyap Atar ve y\u00f6netim kurulu \u00fcyeleri, Arsuz Kaymakaml\u0131\u011f\u0131 g\u00f6revine yeni atanan Fatih Ero\u011flu\u2019nu makam\u0131nda ziyaret etti. Ziyarette Kaymakam Ero\u011flu\u2019na ba\u015far\u0131 dileklerinde bulunulurken, b\u00f6lgenin geli\u015fimine y\u00f6nelik i\u015f birli\u011fi mesajlar\u0131 da verildi.\u00a0 \u200bHaberin Al\u0131nt\u0131land\u0131\u011f\u0131 Kaynak: www.iskenderun.org","og_url":"http:\/\/denizcankizil.tr\/ru\/haberler\/gundem\/igcden-arsuz-kaymakami-erogluna-ziyaret\/","og_site_name":"Av. Deniz Can K\u0131z\u0131l","article_published_time":"2025-07-03T15:42:39+00:00","author":"admin","twitter_card":"summary_large_image","twitter_misc":{"\u041d\u0430\u043f\u0438\u0441\u0430\u043d\u043e \u0430\u0432\u0442\u043e\u0440\u043e\u043c":"admin","\u041f\u0440\u0438\u043c\u0435\u0440\u043d\u043e\u0435 \u0432\u0440\u0435\u043c\u044f \u0434\u043b\u044f \u0447\u0442\u0435\u043d\u0438\u044f":"1 \u043c\u0438\u043d\u0443\u0442\u0430"},"schema":{"@context":"https:\/\/schema.org","@graph":[{"@type":"Article","@id":"http:\/\/denizcankizil.tr\/en\/haberler\/gundem\/igcden-arsuz-kaymakami-erogluna-ziyaret\/#article","isPartOf":{"@id":"http:\/\/denizcankizil.tr\/en\/haberler\/gundem\/igcden-arsuz-kaymakami-erogluna-ziyaret\/"},"author":{"name":"admin","@id":"https:\/\/denizcankizil.tr\/de\/#\/schema\/person\/be3c05fe6a12686905512445d8185489"},"headline":"\u0130GC\u2019den Arsuz Kaymakam\u0131 Ero\u011flu\u2019na Ziyaret","datePublished":"2025-07-03T15:42:39+00:00","mainEntityOfPage":{"@id":"http:\/\/denizcankizil.tr\/en\/haberler\/gundem\/igcden-arsuz-kaymakami-erogluna-ziyaret\/"},"wordCount":260,"publisher":{"@id":"https:\/\/denizcankizil.tr\/de\/#organization"},"articleSection":["G\u00fcndem"],"inLanguage":"ru-RU"},{"@type":"WebPage","@id":"http:\/\/denizcankizil.tr\/en\/haberler\/gundem\/igcden-arsuz-kaymakami-erogluna-ziyaret\/","url":"http:\/\/denizcankizil.tr\/en\/haberler\/gundem\/igcden-arsuz-kaymakami-erogluna-ziyaret\/","name":"\u0130GC\u2019den Arsuz Kaymakam\u0131 Ero\u011flu\u2019na Ziyaret - Av. Deniz Can K\u0131z\u0131l","isPartOf":{"@id":"https:\/\/denizcankizil.tr\/de\/#website"},"datePublished":"2025-07-03T15:42:39+00:00","breadcrumb":{"@id":"http:\/\/denizcankizil.tr\/en\/haberler\/gundem\/igcden-arsuz-kaymakami-erogluna-ziyaret\/#breadcrumb"},"inLanguage":"ru-RU","potentialAction":[{"@type":"ReadAction","target":["http:\/\/denizcankizil.tr\/en\/haberler\/gundem\/igcden-arsuz-kaymakami-erogluna-ziyaret\/"]}]},{"@type":"BreadcrumbList","@id":"http:\/\/denizcankizil.tr\/en\/haberler\/gundem\/igcden-arsuz-kaymakami-erogluna-ziyaret\/#breadcrumb","itemListElement":[{"@type":"ListItem","position":1,"name":"Home","item":"https:\/\/denizcankizil.tr\/de\/"},{"@type":"ListItem","position":2,"name":"\u0130GC\u2019den Arsuz Kaymakam\u0131 Ero\u011flu\u2019na Ziyaret"}]},{"@type":"WebSite","@id":"https:\/\/denizcankizil.tr\/de\/#website","url":"https:\/\/denizcankizil.tr\/de\/","name":"Av. Deniz Can K\u0131z\u0131l","description":"Avukat Deniz Can K\u0131z\u0131l Antalya Barosu","publisher":{"@id":"https:\/\/denizcankizil.tr\/de\/#organization"},"potentialAction":[{"@type":"SearchAction","target":{"@type":"EntryPoint","urlTemplate":"https:\/\/denizcankizil.tr\/de\/?s={search_term_string}"},"query-input":{"@type":"PropertyValueSpecification","valueRequired":true,"valueName":"search_term_string"}}],"inLanguage":"ru-RU"},{"@type":"Organization","@id":"https:\/\/denizcankizil.tr\/de\/#organization","name":"Av. Deniz Can K\u0131z\u0131l","url":"https:\/\/denizcankizil.tr\/de\/","logo":{"@type":"ImageObject","inLanguage":"ru-RU","@id":"https:\/\/denizcankizil.tr\/de\/#\/schema\/logo\/image\/","url":"http:\/\/denizcankizil.tr\/wp-content\/uploads\/2024\/10\/siyah-logo-svg.svg","contentUrl":"http:\/\/denizcankizil.tr\/wp-content\/uploads\/2024\/10\/siyah-logo-svg.svg","width":1080,"height":1080,"caption":"Av. Deniz Can K\u0131z\u0131l"},"image":{"@id":"https:\/\/denizcankizil.tr\/de\/#\/schema\/logo\/image\/"}},{"@type":"Person","@id":"https:\/\/denizcankizil.tr\/de\/#\/schema\/person\/be3c05fe6a12686905512445d8185489","name":"\u0430\u0434\u043c\u0438\u043d","image":{"@type":"ImageObject","inLanguage":"ru-RU","@id":"https:\/\/denizcankizil.tr\/de\/#\/schema\/person\/image\/","url":"https:\/\/secure.gravatar.com\/avatar\/c1fce94c830dc79107e174f890d7210541c4a63e8e5d816341794a2151c9d58c?s=96&d=mm&r=g","contentUrl":"https:\/\/secure.gravatar.com\/avatar\/c1fce94c830dc79107e174f890d7210541c4a63e8e5d816341794a2151c9d58c?s=96&d=mm&r=g","caption":"admin"},"sameAs":["http:\/\/denizcankizil.tr"],"url":"https:\/\/www.iskenderun.org\/igcden-arsuz-kaymakami-erogluna-ziyaret"}]}},"_links":{"self":[{"href":"http:\/\/denizcankizil.tr\/ru\/wp-json\/wp\/v2\/posts\/134876","targetHints":{"allow":["GET"]}}],"collection":[{"href":"http:\/\/denizcankizil.tr\/ru\/wp-json\/wp\/v2\/posts"}],"about":[{"href":"http:\/\/denizcankizil.tr\/ru\/wp-json\/wp\/v2\/types\/post"}],"author":[{"embeddable":true,"href":"http:\/\/denizcankizil.tr\/ru\/wp-json\/wp\/v2\/users\/1"}],"replies":[{"embeddable":true,"href":"http:\/\/denizcankizil.tr\/ru\/wp-json\/wp\/v2\/comments?post=134876"}],"version-history":[{"count":0,"href":"http:\/\/denizcankizil.tr\/ru\/wp-json\/wp\/v2\/posts\/134876\/revisions"}],"wp:attachment":[{"href":"http:\/\/denizcankizil.tr\/ru\/wp-json\/wp\/v2\/media?parent=134876"}],"wp:term":[{"taxonomy":"category","embeddable":true,"href":"http:\/\/denizcankizil.tr\/ru\/wp-json\/wp\/v2\/categories?post=134876"},{"taxonomy":"post_tag","embeddable":true,"href":"http:\/\/denizcankizil.tr\/ru\/wp-json\/wp\/v2\/tags?post=134876"}],"curies":[{"name":"wp","href":"https:\/\/api.w.org\/{rel}","templated":true}]}}