{"id":131432,"date":"2025-06-30T14:42:35","date_gmt":"2025-06-30T11:42:35","guid":{"rendered":"https:\/\/denizcankizil.tr\/uncategorized-tr\/karsiyakanin-mahalle-afet-gonulluleri-hayat-kurtaracak\/"},"modified":"2025-06-30T14:42:35","modified_gmt":"2025-06-30T11:42:35","slug":"karsiyakanin-mahalle-afet-gonulluleri-hayat-kurtaracak","status":"publish","type":"post","link":"http:\/\/denizcankizil.tr\/ru\/haberler\/gundem\/karsiyakanin-mahalle-afet-gonulluleri-hayat-kurtaracak\/","title":{"rendered":"Kar\u015f\u0131yaka\u2019n\u0131n \u201cMahalle Afet G\u00f6n\u00fcll\u00fcleri\u201d hayat kurtaracak!"},"content":{"rendered":"<p>Afetlere kar\u015f\u0131 haz\u0131rl\u0131kl\u0131 ve bilin\u00e7li bir toplum hedefiyle Kar\u015f\u0131yaka Belediyesi taraf\u0131ndan ba\u015flat\u0131lan Mahalle Afet G\u00f6n\u00fcll\u00fcleri (KARMAG) projesinde ilk d\u00f6nem tamamland\u0131.<\/p>\n<p>\u200bAfetlere kar\u015f\u0131 haz\u0131rl\u0131kl\u0131 ve bilin\u00e7li bir toplum hedefiyle Kar\u015f\u0131yaka Belediyesi taraf\u0131ndan ba\u015flat\u0131lan Mahalle Afet G\u00f6n\u00fcll\u00fcleri (KARMAG) projesinde ilk d\u00f6nem tamamland\u0131.\u00a0<\/p>\n<p>\u200bHaberin Al\u0131nt\u0131land\u0131\u011f\u0131 Kaynak: www.iskenderun.org<\/p>","protected":false},"excerpt":{"rendered":"<p>Afetlere kar\u015f\u0131 haz\u0131rl\u0131kl\u0131 ve bilin\u00e7li bir toplum hedefiyle Kar\u015f\u0131yaka Belediyesi taraf\u0131ndan ba\u015flat\u0131lan Mahalle Afet G\u00f6n\u00fcll\u00fcleri (KARMAG) projesinde ilk d\u00f6nem tamamland\u0131. \u200bAfetlere kar\u015f\u0131 haz\u0131rl\u0131kl\u0131 ve bilin\u00e7li bir toplum hedefiyle Kar\u015f\u0131yaka Belediyesi taraf\u0131ndan ba\u015flat\u0131lan Mahalle Afet G\u00f6n\u00fcll\u00fcleri (KARMAG) projesinde ilk d\u00f6nem tamamland\u0131.\u00a0 \u200bHaberin Al\u0131nt\u0131land\u0131\u011f\u0131 Kaynak: www.iskenderun.org<\/p>","protected":false},"author":1,"featured_media":0,"comment_status":"","ping_status":"open","sticky":false,"template":"","format":"standard","meta":{"_acf_changed":false,"footnotes":""},"categories":[24],"tags":[],"class_list":["post-131432","post","type-post","status-publish","format-standard","has-post-thumbnail","hentry","category-gundem"],"acf":[],"yoast_head":"<!-- This site is optimized with the Yoast SEO Premium plugin v26.6 (Yoast SEO v27.1.1) - https:\/\/yoast.com\/product\/yoast-seo-premium-wordpress\/ -->\n<title>Kar\u015f\u0131yaka\u2019n\u0131n \u201cMahalle Afet G\u00f6n\u00fcll\u00fcleri\u201d hayat kurtaracak! - Av. Deniz Can K\u0131z\u0131l<\/title>\n<meta name=\"robots\" content=\"index, follow, max-snippet:-1, max-image-preview:large, max-video-preview:-1\" \/>\n<link rel=\"canonical\" href=\"http:\/\/denizcankizil.tr\/ru\/haberler\/gundem\/karsiyakanin-mahalle-afet-gonulluleri-hayat-kurtaracak\/\" \/>\n<meta property=\"og:locale\" content=\"ru_RU\" \/>\n<meta property=\"og:type\" content=\"article\" \/>\n<meta property=\"og:title\" content=\"Kar\u015f\u0131yaka\u2019n\u0131n \u201cMahalle Afet G\u00f6n\u00fcll\u00fcleri\u201d hayat kurtaracak!\" \/>\n<meta property=\"og:description\" content=\"Afetlere kar\u015f\u0131 haz\u0131rl\u0131kl\u0131 ve bilin\u00e7li bir toplum hedefiyle Kar\u015f\u0131yaka Belediyesi taraf\u0131ndan ba\u015flat\u0131lan Mahalle Afet G\u00f6n\u00fcll\u00fcleri (KARMAG) projesinde ilk d\u00f6nem tamamland\u0131. \u200bAfetlere kar\u015f\u0131 haz\u0131rl\u0131kl\u0131 ve bilin\u00e7li bir toplum hedefiyle Kar\u015f\u0131yaka Belediyesi taraf\u0131ndan ba\u015flat\u0131lan Mahalle Afet G\u00f6n\u00fcll\u00fcleri (KARMAG) projesinde ilk d\u00f6nem tamamland\u0131.\u00a0 \u200bHaberin Al\u0131nt\u0131land\u0131\u011f\u0131 Kaynak: www.iskenderun.org\" \/>\n<meta property=\"og:url\" content=\"http:\/\/denizcankizil.tr\/ru\/haberler\/gundem\/karsiyakanin-mahalle-afet-gonulluleri-hayat-kurtaracak\/\" \/>\n<meta property=\"og:site_name\" content=\"Av. Deniz Can K\u0131z\u0131l\" \/>\n<meta property=\"article:published_time\" content=\"2025-06-30T11:42:35+00:00\" \/>\n<meta name=\"author\" content=\"admin\" \/>\n<meta name=\"twitter:card\" content=\"summary_large_image\" \/>\n<meta name=\"twitter:label1\" content=\"\u041d\u0430\u043f\u0438\u0441\u0430\u043d\u043e \u0430\u0432\u0442\u043e\u0440\u043e\u043c\" \/>\n\t<meta name=\"twitter:data1\" content=\"admin\" \/>\n<script type=\"application\/ld+json\" class=\"yoast-schema-graph\">{\"@context\":\"https:\/\/schema.org\",\"@graph\":[{\"@type\":\"Article\",\"@id\":\"http:\/\/denizcankizil.tr\/de\/haberler\/gundem\/karsiyakanin-mahalle-afet-gonulluleri-hayat-kurtaracak\/#article\",\"isPartOf\":{\"@id\":\"http:\/\/denizcankizil.tr\/de\/haberler\/gundem\/karsiyakanin-mahalle-afet-gonulluleri-hayat-kurtaracak\/\"},\"author\":{\"name\":\"admin\",\"@id\":\"https:\/\/denizcankizil.tr\/de\/#\/schema\/person\/be3c05fe6a12686905512445d8185489\"},\"headline\":\"Kar\u015f\u0131yaka\u2019n\u0131n \u201cMahalle Afet G\u00f6n\u00fcll\u00fcleri\u201d hayat kurtaracak!\",\"datePublished\":\"2025-06-30T11:42:35+00:00\",\"mainEntityOfPage\":{\"@id\":\"http:\/\/denizcankizil.tr\/de\/haberler\/gundem\/karsiyakanin-mahalle-afet-gonulluleri-hayat-kurtaracak\/\"},\"wordCount\":82,\"publisher\":{\"@id\":\"https:\/\/denizcankizil.tr\/de\/#organization\"},\"articleSection\":[\"G\u00fcndem\"],\"inLanguage\":\"ru-RU\"},{\"@type\":\"WebPage\",\"@id\":\"http:\/\/denizcankizil.tr\/de\/haberler\/gundem\/karsiyakanin-mahalle-afet-gonulluleri-hayat-kurtaracak\/\",\"url\":\"http:\/\/denizcankizil.tr\/de\/haberler\/gundem\/karsiyakanin-mahalle-afet-gonulluleri-hayat-kurtaracak\/\",\"name\":\"Kar\u015f\u0131yaka\u2019n\u0131n \u201cMahalle Afet G\u00f6n\u00fcll\u00fcleri\u201d hayat kurtaracak! - Av. Deniz Can K\u0131z\u0131l\",\"isPartOf\":{\"@id\":\"https:\/\/denizcankizil.tr\/de\/#website\"},\"datePublished\":\"2025-06-30T11:42:35+00:00\",\"breadcrumb\":{\"@id\":\"http:\/\/denizcankizil.tr\/de\/haberler\/gundem\/karsiyakanin-mahalle-afet-gonulluleri-hayat-kurtaracak\/#breadcrumb\"},\"inLanguage\":\"ru-RU\",\"potentialAction\":[{\"@type\":\"ReadAction\",\"target\":[\"http:\/\/denizcankizil.tr\/de\/haberler\/gundem\/karsiyakanin-mahalle-afet-gonulluleri-hayat-kurtaracak\/\"]}]},{\"@type\":\"BreadcrumbList\",\"@id\":\"http:\/\/denizcankizil.tr\/de\/haberler\/gundem\/karsiyakanin-mahalle-afet-gonulluleri-hayat-kurtaracak\/#breadcrumb\",\"itemListElement\":[{\"@type\":\"ListItem\",\"position\":1,\"name\":\"Home\",\"item\":\"https:\/\/denizcankizil.tr\/de\/\"},{\"@type\":\"ListItem\",\"position\":2,\"name\":\"Kar\u015f\u0131yaka\u2019n\u0131n \u201cMahalle Afet G\u00f6n\u00fcll\u00fcleri\u201d hayat kurtaracak!\"}]},{\"@type\":\"WebSite\",\"@id\":\"https:\/\/denizcankizil.tr\/de\/#website\",\"url\":\"https:\/\/denizcankizil.tr\/de\/\",\"name\":\"Av. Deniz Can K\u0131z\u0131l\",\"description\":\"Avukat Deniz Can K\u0131z\u0131l Antalya Barosu\",\"publisher\":{\"@id\":\"https:\/\/denizcankizil.tr\/de\/#organization\"},\"potentialAction\":[{\"@type\":\"SearchAction\",\"target\":{\"@type\":\"EntryPoint\",\"urlTemplate\":\"https:\/\/denizcankizil.tr\/de\/?s={search_term_string}\"},\"query-input\":{\"@type\":\"PropertyValueSpecification\",\"valueRequired\":true,\"valueName\":\"search_term_string\"}}],\"inLanguage\":\"ru-RU\"},{\"@type\":\"Organization\",\"@id\":\"https:\/\/denizcankizil.tr\/de\/#organization\",\"name\":\"Av. Deniz Can K\u0131z\u0131l\",\"url\":\"https:\/\/denizcankizil.tr\/de\/\",\"logo\":{\"@type\":\"ImageObject\",\"inLanguage\":\"ru-RU\",\"@id\":\"https:\/\/denizcankizil.tr\/de\/#\/schema\/logo\/image\/\",\"url\":\"http:\/\/denizcankizil.tr\/wp-content\/uploads\/2024\/10\/siyah-logo-svg.svg\",\"contentUrl\":\"http:\/\/denizcankizil.tr\/wp-content\/uploads\/2024\/10\/siyah-logo-svg.svg\",\"width\":1080,\"height\":1080,\"caption\":\"Av. Deniz Can K\u0131z\u0131l\"},\"image\":{\"@id\":\"https:\/\/denizcankizil.tr\/de\/#\/schema\/logo\/image\/\"}},{\"@type\":\"Person\",\"@id\":\"https:\/\/denizcankizil.tr\/de\/#\/schema\/person\/be3c05fe6a12686905512445d8185489\",\"name\":\"admin\",\"image\":{\"@type\":\"ImageObject\",\"inLanguage\":\"ru-RU\",\"@id\":\"https:\/\/denizcankizil.tr\/de\/#\/schema\/person\/image\/\",\"url\":\"https:\/\/secure.gravatar.com\/avatar\/c1fce94c830dc79107e174f890d7210541c4a63e8e5d816341794a2151c9d58c?s=96&d=mm&r=g\",\"contentUrl\":\"https:\/\/secure.gravatar.com\/avatar\/c1fce94c830dc79107e174f890d7210541c4a63e8e5d816341794a2151c9d58c?s=96&d=mm&r=g\",\"caption\":\"admin\"},\"sameAs\":[\"http:\/\/denizcankizil.tr\"],\"url\":\"https:\/\/www.iskenderun.org\/karsiyakanin-mahalle-afet-gonulluleri-hayat-kurtaracak\"}]}<\/script>\n<!-- \/ Yoast SEO Premium plugin. -->","yoast_head_json":{"title":"Kar\u015f\u0131yaka\u2019n\u0131n \u201cMahalle Afet G\u00f6n\u00fcll\u00fcleri\u201d hayat kurtaracak! - Av. Deniz Can K\u0131z\u0131l","robots":{"index":"index","follow":"follow","max-snippet":"max-snippet:-1","max-image-preview":"max-image-preview:large","max-video-preview":"max-video-preview:-1"},"canonical":"http:\/\/denizcankizil.tr\/ru\/haberler\/gundem\/karsiyakanin-mahalle-afet-gonulluleri-hayat-kurtaracak\/","og_locale":"ru_RU","og_type":"article","og_title":"Kar\u015f\u0131yaka\u2019n\u0131n \u201cMahalle Afet G\u00f6n\u00fcll\u00fcleri\u201d hayat kurtaracak!","og_description":"Afetlere kar\u015f\u0131 haz\u0131rl\u0131kl\u0131 ve bilin\u00e7li bir toplum hedefiyle Kar\u015f\u0131yaka Belediyesi taraf\u0131ndan ba\u015flat\u0131lan Mahalle Afet G\u00f6n\u00fcll\u00fcleri (KARMAG) projesinde ilk d\u00f6nem tamamland\u0131. \u200bAfetlere kar\u015f\u0131 haz\u0131rl\u0131kl\u0131 ve bilin\u00e7li bir toplum hedefiyle Kar\u015f\u0131yaka Belediyesi taraf\u0131ndan ba\u015flat\u0131lan Mahalle Afet G\u00f6n\u00fcll\u00fcleri (KARMAG) projesinde ilk d\u00f6nem tamamland\u0131.\u00a0 \u200bHaberin Al\u0131nt\u0131land\u0131\u011f\u0131 Kaynak: www.iskenderun.org","og_url":"http:\/\/denizcankizil.tr\/ru\/haberler\/gundem\/karsiyakanin-mahalle-afet-gonulluleri-hayat-kurtaracak\/","og_site_name":"Av. Deniz Can K\u0131z\u0131l","article_published_time":"2025-06-30T11:42:35+00:00","author":"admin","twitter_card":"summary_large_image","twitter_misc":{"\u041d\u0430\u043f\u0438\u0441\u0430\u043d\u043e \u0430\u0432\u0442\u043e\u0440\u043e\u043c":"admin"},"schema":{"@context":"https:\/\/schema.org","@graph":[{"@type":"Article","@id":"http:\/\/denizcankizil.tr\/de\/haberler\/gundem\/karsiyakanin-mahalle-afet-gonulluleri-hayat-kurtaracak\/#article","isPartOf":{"@id":"http:\/\/denizcankizil.tr\/de\/haberler\/gundem\/karsiyakanin-mahalle-afet-gonulluleri-hayat-kurtaracak\/"},"author":{"name":"admin","@id":"https:\/\/denizcankizil.tr\/de\/#\/schema\/person\/be3c05fe6a12686905512445d8185489"},"headline":"Kar\u015f\u0131yaka\u2019n\u0131n \u201cMahalle Afet G\u00f6n\u00fcll\u00fcleri\u201d hayat kurtaracak!","datePublished":"2025-06-30T11:42:35+00:00","mainEntityOfPage":{"@id":"http:\/\/denizcankizil.tr\/de\/haberler\/gundem\/karsiyakanin-mahalle-afet-gonulluleri-hayat-kurtaracak\/"},"wordCount":82,"publisher":{"@id":"https:\/\/denizcankizil.tr\/de\/#organization"},"articleSection":["G\u00fcndem"],"inLanguage":"ru-RU"},{"@type":"WebPage","@id":"http:\/\/denizcankizil.tr\/de\/haberler\/gundem\/karsiyakanin-mahalle-afet-gonulluleri-hayat-kurtaracak\/","url":"http:\/\/denizcankizil.tr\/de\/haberler\/gundem\/karsiyakanin-mahalle-afet-gonulluleri-hayat-kurtaracak\/","name":"Kar\u015f\u0131yaka\u2019n\u0131n \u201cMahalle Afet G\u00f6n\u00fcll\u00fcleri\u201d hayat kurtaracak! - Av. Deniz Can K\u0131z\u0131l","isPartOf":{"@id":"https:\/\/denizcankizil.tr\/de\/#website"},"datePublished":"2025-06-30T11:42:35+00:00","breadcrumb":{"@id":"http:\/\/denizcankizil.tr\/de\/haberler\/gundem\/karsiyakanin-mahalle-afet-gonulluleri-hayat-kurtaracak\/#breadcrumb"},"inLanguage":"ru-RU","potentialAction":[{"@type":"ReadAction","target":["http:\/\/denizcankizil.tr\/de\/haberler\/gundem\/karsiyakanin-mahalle-afet-gonulluleri-hayat-kurtaracak\/"]}]},{"@type":"BreadcrumbList","@id":"http:\/\/denizcankizil.tr\/de\/haberler\/gundem\/karsiyakanin-mahalle-afet-gonulluleri-hayat-kurtaracak\/#breadcrumb","itemListElement":[{"@type":"ListItem","position":1,"name":"Home","item":"https:\/\/denizcankizil.tr\/de\/"},{"@type":"ListItem","position":2,"name":"Kar\u015f\u0131yaka\u2019n\u0131n \u201cMahalle Afet G\u00f6n\u00fcll\u00fcleri\u201d hayat kurtaracak!"}]},{"@type":"WebSite","@id":"https:\/\/denizcankizil.tr\/de\/#website","url":"https:\/\/denizcankizil.tr\/de\/","name":"Av. Deniz Can K\u0131z\u0131l","description":"Avukat Deniz Can K\u0131z\u0131l Antalya Barosu","publisher":{"@id":"https:\/\/denizcankizil.tr\/de\/#organization"},"potentialAction":[{"@type":"SearchAction","target":{"@type":"EntryPoint","urlTemplate":"https:\/\/denizcankizil.tr\/de\/?s={search_term_string}"},"query-input":{"@type":"PropertyValueSpecification","valueRequired":true,"valueName":"search_term_string"}}],"inLanguage":"ru-RU"},{"@type":"Organization","@id":"https:\/\/denizcankizil.tr\/de\/#organization","name":"Av. Deniz Can K\u0131z\u0131l","url":"https:\/\/denizcankizil.tr\/de\/","logo":{"@type":"ImageObject","inLanguage":"ru-RU","@id":"https:\/\/denizcankizil.tr\/de\/#\/schema\/logo\/image\/","url":"http:\/\/denizcankizil.tr\/wp-content\/uploads\/2024\/10\/siyah-logo-svg.svg","contentUrl":"http:\/\/denizcankizil.tr\/wp-content\/uploads\/2024\/10\/siyah-logo-svg.svg","width":1080,"height":1080,"caption":"Av. Deniz Can K\u0131z\u0131l"},"image":{"@id":"https:\/\/denizcankizil.tr\/de\/#\/schema\/logo\/image\/"}},{"@type":"Person","@id":"https:\/\/denizcankizil.tr\/de\/#\/schema\/person\/be3c05fe6a12686905512445d8185489","name":"\u0430\u0434\u043c\u0438\u043d","image":{"@type":"ImageObject","inLanguage":"ru-RU","@id":"https:\/\/denizcankizil.tr\/de\/#\/schema\/person\/image\/","url":"https:\/\/secure.gravatar.com\/avatar\/c1fce94c830dc79107e174f890d7210541c4a63e8e5d816341794a2151c9d58c?s=96&d=mm&r=g","contentUrl":"https:\/\/secure.gravatar.com\/avatar\/c1fce94c830dc79107e174f890d7210541c4a63e8e5d816341794a2151c9d58c?s=96&d=mm&r=g","caption":"admin"},"sameAs":["http:\/\/denizcankizil.tr"],"url":"https:\/\/www.iskenderun.org\/karsiyakanin-mahalle-afet-gonulluleri-hayat-kurtaracak"}]}},"_links":{"self":[{"href":"http:\/\/denizcankizil.tr\/ru\/wp-json\/wp\/v2\/posts\/131432","targetHints":{"allow":["GET"]}}],"collection":[{"href":"http:\/\/denizcankizil.tr\/ru\/wp-json\/wp\/v2\/posts"}],"about":[{"href":"http:\/\/denizcankizil.tr\/ru\/wp-json\/wp\/v2\/types\/post"}],"author":[{"embeddable":true,"href":"http:\/\/denizcankizil.tr\/ru\/wp-json\/wp\/v2\/users\/1"}],"replies":[{"embeddable":true,"href":"http:\/\/denizcankizil.tr\/ru\/wp-json\/wp\/v2\/comments?post=131432"}],"version-history":[{"count":0,"href":"http:\/\/denizcankizil.tr\/ru\/wp-json\/wp\/v2\/posts\/131432\/revisions"}],"wp:attachment":[{"href":"http:\/\/denizcankizil.tr\/ru\/wp-json\/wp\/v2\/media?parent=131432"}],"wp:term":[{"taxonomy":"category","embeddable":true,"href":"http:\/\/denizcankizil.tr\/ru\/wp-json\/wp\/v2\/categories?post=131432"},{"taxonomy":"post_tag","embeddable":true,"href":"http:\/\/denizcankizil.tr\/ru\/wp-json\/wp\/v2\/tags?post=131432"}],"curies":[{"name":"wp","href":"https:\/\/api.w.org\/{rel}","templated":true}]}}