{"id":12925,"date":"2024-11-05T13:41:22","date_gmt":"2024-11-05T10:41:22","guid":{"rendered":"https:\/\/denizcankizil.tr\/uncategorized-tr\/muglada-dev-tatbikat-savas-ucaklari-da-katiliyor\/"},"modified":"2024-11-05T13:41:22","modified_gmt":"2024-11-05T10:41:22","slug":"muglada-dev-tatbikat-savas-ucaklari-da-katiliyor","status":"publish","type":"post","link":"http:\/\/denizcankizil.tr\/ru\/haberler\/gundem\/muglada-dev-tatbikat-savas-ucaklari-da-katiliyor\/","title":{"rendered":"Mu\u011fla&#8217;da dev tatbikat! Sava\u015f u\u00e7aklar\u0131 da kat\u0131l\u0131yor"},"content":{"rendered":"<p>Mavi Balina &#8211; 24 Tatbikat\u0131 T\u00fcrkiye&#8217;nin ev sahipli\u011finde T\u00fcrk Deniz \u00a0Mavi Balina-24 Davet Tatbikat\u0131 ile ilgili olarak Aksaz Deniz \u00dcs Komutanl\u0131\u011f\u0131&#8217;nda bas\u0131n mensuplar\u0131na bilgilendirme toplant\u0131s\u0131 d\u00fczenlendi. Denizalt\u0131 Filo Komutan\u0131 Tu\u011famiral Timur Y\u0131lmaz, Aksaz Deniz \u00dcs Komutanl\u0131\u011f\u0131&#8217;nda T\u00fcrk ve NATO unsuru \u00fclkelerin komutanlar\u0131n\u0131n kat\u0131ld\u0131\u011f\u0131 brifingde Mavi Balina Tatbikat\u0131 ile ilgili bilgiler verdi.\u00a0<\/p>\n<p>MAV\u0130 BAL\u0130NA &#8211; 24 TATB\u0130KATI BA\u015eLADI\u00a0<\/p>\n<p>Tu\u011famiral Y\u0131lmaz brifingde yapt\u0131\u011f\u0131 konu\u015fmada, &#8220;\u0130leri seviye denizalt\u0131 harbi e\u011fitimlerinin a\u011f\u0131rl\u0131kl\u0131 oldu\u011fu fiili deniz e\u011fitimleri icra edilecektir. Denizalt\u0131 Savunma Harbi, Hava, Su \u00dcst\u00fc ve Denizalt\u0131lar taraf\u0131ndan icra edilen bilgi ve istihbarat payla\u015f\u0131m\u0131na dayal\u0131 bir su alt\u0131 harekat\u0131d\u0131r. Tespit, s\u0131n\u0131fland\u0131rma, te\u015fhis ve izleme safhalar\u0131ndan denizalt\u0131 savunma harbinde dost olmayan denizalt\u0131ya kar\u015f\u0131 geli\u015fmi\u015f su alt\u0131 sens\u00f6r ve silahlar\u0131 kullan\u0131lmaktad\u0131r. Tatbikat\u0131n be\u015finci safhas\u0131nda Aksaz Deniz \u00dcs Komutanl\u0131\u011f\u0131&#8217;nda kat\u0131l\u0131mc\u0131lar\u0131n i\u015ftiraki ile tatbikat sonu de\u011ferlendirme toplant\u0131s\u0131, bas\u0131n brifingi, savunma sanayi firmalar\u0131n\u0131n tan\u0131t\u0131m faaliyetleri, geli\u015fen teknolojinin su alt\u0131 harbine etkisi temal\u0131 akademik panel icra edilecektir&#8221; dedi.\u00a0<\/p>\n<p>TATB\u0130KATTA SAVA\u015e U\u00c7AKLARI DA E\u015eL\u0130K EDECEK\u00a0<\/p>\n<p>Do\u011fu Akdeniz Mavi Balina-24 Davet Tatbikat\u0131&#8217;na T\u00fcrk Deniz Kuvvetleri Komutanl\u0131\u011f\u0131 5 denizalt\u0131, 3 f\u0131rkateyn, 1 korvet, 1 karakol gemisi, 1 akaryak\u0131t ikmal gemisi, 1 denizde ikmal muhabere destek gemisi, 2 kurtarma gemisi, 4 deniz karakol u\u00e7a\u011f\u0131, 7 helikopter toplam 25 unsurla; T\u00fcrk Hava Kuvvetleri Komutanl\u0131\u011f\u0131 8\/10 F-16 sava\u015f u\u00e7a\u011f\u0131yla, NATO Daimi G\u00f6rev Grubu &#8211; 2 ad\u0131na \u0130spanya 1 f\u0131rkateyn, 1 lojistik destek gemisiyle; Kanada, Yunanistan, T\u00fcrkiye birer f\u0131rkateyn, Dost M\u00fcttefik \u00dclkeler ad\u0131na ABD ve Pakistan birer deniz karakol u\u00e7a\u011f\u0131 ile kat\u0131l\u0131yor.\u00a0<\/p>\n<p>15 KASIM\u2019DA SONRA ERECEK\u00a0<\/p>\n<p>Kas\u0131m 2024 tarihinde sona erecek tatbikatta, Aksaz ve Dalaman&#8217;da kuvvetlerin toplanmas\u0131 ve liman faaliyetleri, Do\u011fu Akdeniz&#8217;de denizalt\u0131 savunma harbi e\u011fitimlerinin icra edilmesi ve Aksaz&#8217;da tatbikat sonu de\u011ferlendirmesinin yap\u0131lmas\u0131 yer al\u0131yor. Ger\u00e7ekle\u015ftirilen brifinge Harp Filosu Komutan\u0131 T\u00fcmamiral Mehmet Baybars K\u00fc\u00e7\u00fckatay, G\u00fcney G\u00f6rev Grup Komutan\u0131 Tu\u011famiral Soner Kazankaya, Lojistik Destek Grup Komutan\u0131 Tu\u011famiral Mehmet \u00d6zg\u00fcr \u00d6z\u00f6mek, Denizalt\u0131 Filosu Komutan\u0131 Tu\u011famiral Timur Y\u0131lmaz, Aksaz Deniz \u00dcs Komutan\u0131 Tu\u011famiral Neslim Eski, SNMG-2 Komutan\u0131 Tu\u011famiral Matthew Coates ve g\u00f6revli personel kat\u0131ld\u0131.\u00a0<\/p>\n<p>\u00a0 \u00a0 \u00a0 \u00a0 \u00a0 \u00a0 \u00a0 \u00a0 \u00a0 \u00a0 \u00a0 \u00a0 \u00a0 \u00a0 \u00a0 \u00a0 \u00a0 \u00a0\u00a0<br \/>\n\u00a0<\/p>\n<p>\u200bT\u00fcrkiye\u2019nin ev sahiplili\u011finde d\u00fczenlenen ve 11 farkl\u0131 \u00fclkenin g\u00f6zlemci olarak kat\u0131ld\u0131\u011f\u0131 Mavi Balina-24 Davet Tatbikat\u0131 Mu\u011fla&#8217;n\u0131n Marmaris il\u00e7esinde ba\u015flad\u0131\u00a0<\/p>\n<p>\u200bHaberin Al\u0131nt\u0131land\u0131\u011f\u0131 Kaynak: www.antalyakorfez.com<\/p>","protected":false},"excerpt":{"rendered":"<p>Mavi Balina &#8211; 24 Tatbikat\u0131 T\u00fcrkiye&#8217;nin ev sahipli\u011finde T\u00fcrk Deniz \u00a0Mavi Balina-24 Davet Tatbikat\u0131 ile ilgili olarak Aksaz Deniz \u00dcs Komutanl\u0131\u011f\u0131&#8217;nda bas\u0131n mensuplar\u0131na bilgilendirme toplant\u0131s\u0131 d\u00fczenlendi. Denizalt\u0131 Filo Komutan\u0131 Tu\u011famiral Timur Y\u0131lmaz, Aksaz Deniz \u00dcs Komutanl\u0131\u011f\u0131&#8217;nda T\u00fcrk ve NATO unsuru \u00fclkelerin komutanlar\u0131n\u0131n kat\u0131ld\u0131\u011f\u0131 brifingde Mavi Balina Tatbikat\u0131 ile ilgili bilgiler verdi.\u00a0 MAV\u0130 BAL\u0130NA &#8211; 24 TATB\u0130KATI BA\u015eLADI\u00a0 Tu\u011famiral Y\u0131lmaz brifingde yapt\u0131\u011f\u0131 konu\u015fmada, &#8220;\u0130leri seviye denizalt\u0131 harbi e\u011fitimlerinin a\u011f\u0131rl\u0131kl\u0131 oldu\u011fu fiili deniz e\u011fitimleri icra edilecektir. Denizalt\u0131 Savunma Harbi, Hava, Su \u00dcst\u00fc ve Denizalt\u0131lar taraf\u0131ndan icra edilen bilgi ve istihbarat payla\u015f\u0131m\u0131na dayal\u0131 bir su alt\u0131 harekat\u0131d\u0131r. Tespit, s\u0131n\u0131fland\u0131rma, te\u015fhis ve izleme safhalar\u0131ndan denizalt\u0131 savunma harbinde dost olmayan denizalt\u0131ya kar\u015f\u0131 geli\u015fmi\u015f su alt\u0131 sens\u00f6r ve silahlar\u0131 kullan\u0131lmaktad\u0131r. Tatbikat\u0131n be\u015finci safhas\u0131nda Aksaz Deniz \u00dcs Komutanl\u0131\u011f\u0131&#8217;nda kat\u0131l\u0131mc\u0131lar\u0131n i\u015ftiraki ile tatbikat sonu de\u011ferlendirme toplant\u0131s\u0131, bas\u0131n brifingi, savunma sanayi firmalar\u0131n\u0131n tan\u0131t\u0131m faaliyetleri, geli\u015fen teknolojinin su alt\u0131 harbine etkisi temal\u0131 akademik panel icra edilecektir&#8221; dedi.\u00a0 TATB\u0130KATTA SAVA\u015e U\u00c7AKLARI DA E\u015eL\u0130K EDECEK\u00a0 Do\u011fu Akdeniz Mavi Balina-24 Davet Tatbikat\u0131&#8217;na T\u00fcrk Deniz Kuvvetleri Komutanl\u0131\u011f\u0131 5 denizalt\u0131, 3 f\u0131rkateyn, 1 korvet, 1 karakol gemisi, 1 akaryak\u0131t ikmal gemisi, 1 denizde ikmal muhabere destek gemisi, 2 kurtarma gemisi, 4 deniz karakol u\u00e7a\u011f\u0131, 7 helikopter toplam 25 unsurla; T\u00fcrk Hava Kuvvetleri Komutanl\u0131\u011f\u0131 8\/10 F-16 &hellip;<\/p>","protected":false},"author":0,"featured_media":0,"comment_status":"open","ping_status":"open","sticky":false,"template":"","format":"standard","meta":{"_acf_changed":false,"footnotes":""},"categories":[24,535],"tags":[],"class_list":["post-12925","post","type-post","status-publish","format-standard","has-post-thumbnail","hentry","category-gundem","category-uncategorized-tr"],"acf":[],"yoast_head":"<!-- This site is optimized with the Yoast SEO Premium plugin v26.6 (Yoast SEO v27.1.1) - https:\/\/yoast.com\/product\/yoast-seo-premium-wordpress\/ -->\n<title>Mu\u011fla&#039;da dev tatbikat! Sava\u015f u\u00e7aklar\u0131 da kat\u0131l\u0131yor - Av. Deniz Can K\u0131z\u0131l<\/title>\n<meta name=\"robots\" content=\"index, follow, max-snippet:-1, max-image-preview:large, max-video-preview:-1\" \/>\n<link rel=\"canonical\" href=\"http:\/\/denizcankizil.tr\/ru\/haberler\/gundem\/muglada-dev-tatbikat-savas-ucaklari-da-katiliyor\/\" \/>\n<meta property=\"og:locale\" content=\"ru_RU\" \/>\n<meta property=\"og:type\" content=\"article\" \/>\n<meta property=\"og:title\" content=\"Mu\u011fla&#039;da dev tatbikat! Sava\u015f u\u00e7aklar\u0131 da kat\u0131l\u0131yor\" \/>\n<meta property=\"og:description\" content=\"Mavi Balina &#8211; 24 Tatbikat\u0131 T\u00fcrkiye&#8217;nin ev sahipli\u011finde T\u00fcrk Deniz \u00a0Mavi Balina-24 Davet Tatbikat\u0131 ile ilgili olarak Aksaz Deniz \u00dcs Komutanl\u0131\u011f\u0131&#8217;nda bas\u0131n mensuplar\u0131na bilgilendirme toplant\u0131s\u0131 d\u00fczenlendi. Denizalt\u0131 Filo Komutan\u0131 Tu\u011famiral Timur Y\u0131lmaz, Aksaz Deniz \u00dcs Komutanl\u0131\u011f\u0131&#8217;nda T\u00fcrk ve NATO unsuru \u00fclkelerin komutanlar\u0131n\u0131n kat\u0131ld\u0131\u011f\u0131 brifingde Mavi Balina Tatbikat\u0131 ile ilgili bilgiler verdi.\u00a0 MAV\u0130 BAL\u0130NA &#8211; 24 TATB\u0130KATI BA\u015eLADI\u00a0 Tu\u011famiral Y\u0131lmaz brifingde yapt\u0131\u011f\u0131 konu\u015fmada, &#8220;\u0130leri seviye denizalt\u0131 harbi e\u011fitimlerinin a\u011f\u0131rl\u0131kl\u0131 oldu\u011fu fiili deniz e\u011fitimleri icra edilecektir. Denizalt\u0131 Savunma Harbi, Hava, Su \u00dcst\u00fc ve Denizalt\u0131lar taraf\u0131ndan icra edilen bilgi ve istihbarat payla\u015f\u0131m\u0131na dayal\u0131 bir su alt\u0131 harekat\u0131d\u0131r. Tespit, s\u0131n\u0131fland\u0131rma, te\u015fhis ve izleme safhalar\u0131ndan denizalt\u0131 savunma harbinde dost olmayan denizalt\u0131ya kar\u015f\u0131 geli\u015fmi\u015f su alt\u0131 sens\u00f6r ve silahlar\u0131 kullan\u0131lmaktad\u0131r. Tatbikat\u0131n be\u015finci safhas\u0131nda Aksaz Deniz \u00dcs Komutanl\u0131\u011f\u0131&#8217;nda kat\u0131l\u0131mc\u0131lar\u0131n i\u015ftiraki ile tatbikat sonu de\u011ferlendirme toplant\u0131s\u0131, bas\u0131n brifingi, savunma sanayi firmalar\u0131n\u0131n tan\u0131t\u0131m faaliyetleri, geli\u015fen teknolojinin su alt\u0131 harbine etkisi temal\u0131 akademik panel icra edilecektir&#8221; dedi.\u00a0 TATB\u0130KATTA SAVA\u015e U\u00c7AKLARI DA E\u015eL\u0130K EDECEK\u00a0 Do\u011fu Akdeniz Mavi Balina-24 Davet Tatbikat\u0131&#8217;na T\u00fcrk Deniz Kuvvetleri Komutanl\u0131\u011f\u0131 5 denizalt\u0131, 3 f\u0131rkateyn, 1 korvet, 1 karakol gemisi, 1 akaryak\u0131t ikmal gemisi, 1 denizde ikmal muhabere destek gemisi, 2 kurtarma gemisi, 4 deniz karakol u\u00e7a\u011f\u0131, 7 helikopter toplam 25 unsurla; T\u00fcrk Hava Kuvvetleri Komutanl\u0131\u011f\u0131 8\/10 F-16 &hellip;\" \/>\n<meta property=\"og:url\" content=\"http:\/\/denizcankizil.tr\/ru\/haberler\/gundem\/muglada-dev-tatbikat-savas-ucaklari-da-katiliyor\/\" \/>\n<meta property=\"og:site_name\" content=\"Av. Deniz Can K\u0131z\u0131l\" \/>\n<meta property=\"article:published_time\" content=\"2024-11-05T10:41:22+00:00\" \/>\n<meta name=\"twitter:card\" content=\"summary_large_image\" \/>\n<meta name=\"twitter:label1\" content=\"\u041f\u0440\u0438\u043c\u0435\u0440\u043d\u043e\u0435 \u0432\u0440\u0435\u043c\u044f \u0434\u043b\u044f \u0447\u0442\u0435\u043d\u0438\u044f\" \/>\n\t<meta name=\"twitter:data1\" content=\"2 \u043c\u0438\u043d\u0443\u0442\u044b\" \/>\n<script type=\"application\/ld+json\" class=\"yoast-schema-graph\">{\"@context\":\"https:\/\/schema.org\",\"@graph\":[{\"@type\":\"Article\",\"@id\":\"http:\/\/denizcankizil.tr\/ru\/haberler\/gundem\/muglada-dev-tatbikat-savas-ucaklari-da-katiliyor\/#article\",\"isPartOf\":{\"@id\":\"http:\/\/denizcankizil.tr\/ru\/haberler\/gundem\/muglada-dev-tatbikat-savas-ucaklari-da-katiliyor\/\"},\"author\":{\"name\":\"\",\"@id\":\"\"},\"headline\":\"Mu\u011fla&#8217;da dev tatbikat! Sava\u015f u\u00e7aklar\u0131 da kat\u0131l\u0131yor\",\"datePublished\":\"2024-11-05T10:41:22+00:00\",\"mainEntityOfPage\":{\"@id\":\"http:\/\/denizcankizil.tr\/ru\/haberler\/gundem\/muglada-dev-tatbikat-savas-ucaklari-da-katiliyor\/\"},\"wordCount\":454,\"commentCount\":0,\"publisher\":{\"@id\":\"https:\/\/denizcankizil.tr\/#organization\"},\"articleSection\":[\"G\u00fcndem\",\"Uncategorized\"],\"inLanguage\":\"ru-RU\",\"potentialAction\":[{\"@type\":\"CommentAction\",\"name\":\"Comment\",\"target\":[\"http:\/\/denizcankizil.tr\/ru\/haberler\/gundem\/muglada-dev-tatbikat-savas-ucaklari-da-katiliyor\/#respond\"]}]},{\"@type\":\"WebPage\",\"@id\":\"http:\/\/denizcankizil.tr\/ru\/haberler\/gundem\/muglada-dev-tatbikat-savas-ucaklari-da-katiliyor\/\",\"url\":\"http:\/\/denizcankizil.tr\/ru\/haberler\/gundem\/muglada-dev-tatbikat-savas-ucaklari-da-katiliyor\/\",\"name\":\"Mu\u011fla'da dev tatbikat! Sava\u015f u\u00e7aklar\u0131 da kat\u0131l\u0131yor - Av. Deniz Can K\u0131z\u0131l\",\"isPartOf\":{\"@id\":\"https:\/\/denizcankizil.tr\/#website\"},\"datePublished\":\"2024-11-05T10:41:22+00:00\",\"breadcrumb\":{\"@id\":\"http:\/\/denizcankizil.tr\/ru\/haberler\/gundem\/muglada-dev-tatbikat-savas-ucaklari-da-katiliyor\/#breadcrumb\"},\"inLanguage\":\"ru-RU\",\"potentialAction\":[{\"@type\":\"ReadAction\",\"target\":[\"http:\/\/denizcankizil.tr\/ru\/haberler\/gundem\/muglada-dev-tatbikat-savas-ucaklari-da-katiliyor\/\"]}]},{\"@type\":\"BreadcrumbList\",\"@id\":\"http:\/\/denizcankizil.tr\/ru\/haberler\/gundem\/muglada-dev-tatbikat-savas-ucaklari-da-katiliyor\/#breadcrumb\",\"itemListElement\":[{\"@type\":\"ListItem\",\"position\":1,\"name\":\"Home\",\"item\":\"https:\/\/denizcankizil.tr\/de\/\"},{\"@type\":\"ListItem\",\"position\":2,\"name\":\"Mu\u011fla&#8217;da dev tatbikat! Sava\u015f u\u00e7aklar\u0131 da kat\u0131l\u0131yor\"}]},{\"@type\":\"WebSite\",\"@id\":\"https:\/\/denizcankizil.tr\/#website\",\"url\":\"https:\/\/denizcankizil.tr\/\",\"name\":\"Av. Deniz Can K\u0131z\u0131l\",\"description\":\"Avukat Deniz Can K\u0131z\u0131l Antalya Barosu\",\"publisher\":{\"@id\":\"https:\/\/denizcankizil.tr\/#organization\"},\"potentialAction\":[{\"@type\":\"SearchAction\",\"target\":{\"@type\":\"EntryPoint\",\"urlTemplate\":\"https:\/\/denizcankizil.tr\/?s={search_term_string}\"},\"query-input\":{\"@type\":\"PropertyValueSpecification\",\"valueRequired\":true,\"valueName\":\"search_term_string\"}}],\"inLanguage\":\"ru-RU\"},{\"@type\":\"Organization\",\"@id\":\"https:\/\/denizcankizil.tr\/#organization\",\"name\":\"Av. Deniz Can K\u0131z\u0131l\",\"url\":\"https:\/\/denizcankizil.tr\/\",\"logo\":{\"@type\":\"ImageObject\",\"inLanguage\":\"ru-RU\",\"@id\":\"https:\/\/denizcankizil.tr\/#\/schema\/logo\/image\/\",\"url\":\"http:\/\/denizcankizil.tr\/wp-content\/uploads\/2024\/10\/siyah-logo-svg.svg\",\"contentUrl\":\"http:\/\/denizcankizil.tr\/wp-content\/uploads\/2024\/10\/siyah-logo-svg.svg\",\"width\":1080,\"height\":1080,\"caption\":\"Av. Deniz Can K\u0131z\u0131l\"},\"image\":{\"@id\":\"https:\/\/denizcankizil.tr\/#\/schema\/logo\/image\/\"}}]}<\/script>\n<!-- \/ Yoast SEO Premium plugin. -->","yoast_head_json":{"title":"Mu\u011fla'da dev tatbikat! Sava\u015f u\u00e7aklar\u0131 da kat\u0131l\u0131yor - Av. Deniz Can K\u0131z\u0131l","robots":{"index":"index","follow":"follow","max-snippet":"max-snippet:-1","max-image-preview":"max-image-preview:large","max-video-preview":"max-video-preview:-1"},"canonical":"http:\/\/denizcankizil.tr\/ru\/haberler\/gundem\/muglada-dev-tatbikat-savas-ucaklari-da-katiliyor\/","og_locale":"ru_RU","og_type":"article","og_title":"Mu\u011fla'da dev tatbikat! Sava\u015f u\u00e7aklar\u0131 da kat\u0131l\u0131yor","og_description":"Mavi Balina &#8211; 24 Tatbikat\u0131 T\u00fcrkiye&#8217;nin ev sahipli\u011finde T\u00fcrk Deniz \u00a0Mavi Balina-24 Davet Tatbikat\u0131 ile ilgili olarak Aksaz Deniz \u00dcs Komutanl\u0131\u011f\u0131&#8217;nda bas\u0131n mensuplar\u0131na bilgilendirme toplant\u0131s\u0131 d\u00fczenlendi. Denizalt\u0131 Filo Komutan\u0131 Tu\u011famiral Timur Y\u0131lmaz, Aksaz Deniz \u00dcs Komutanl\u0131\u011f\u0131&#8217;nda T\u00fcrk ve NATO unsuru \u00fclkelerin komutanlar\u0131n\u0131n kat\u0131ld\u0131\u011f\u0131 brifingde Mavi Balina Tatbikat\u0131 ile ilgili bilgiler verdi.\u00a0 MAV\u0130 BAL\u0130NA &#8211; 24 TATB\u0130KATI BA\u015eLADI\u00a0 Tu\u011famiral Y\u0131lmaz brifingde yapt\u0131\u011f\u0131 konu\u015fmada, &#8220;\u0130leri seviye denizalt\u0131 harbi e\u011fitimlerinin a\u011f\u0131rl\u0131kl\u0131 oldu\u011fu fiili deniz e\u011fitimleri icra edilecektir. Denizalt\u0131 Savunma Harbi, Hava, Su \u00dcst\u00fc ve Denizalt\u0131lar taraf\u0131ndan icra edilen bilgi ve istihbarat payla\u015f\u0131m\u0131na dayal\u0131 bir su alt\u0131 harekat\u0131d\u0131r. Tespit, s\u0131n\u0131fland\u0131rma, te\u015fhis ve izleme safhalar\u0131ndan denizalt\u0131 savunma harbinde dost olmayan denizalt\u0131ya kar\u015f\u0131 geli\u015fmi\u015f su alt\u0131 sens\u00f6r ve silahlar\u0131 kullan\u0131lmaktad\u0131r. Tatbikat\u0131n be\u015finci safhas\u0131nda Aksaz Deniz \u00dcs Komutanl\u0131\u011f\u0131&#8217;nda kat\u0131l\u0131mc\u0131lar\u0131n i\u015ftiraki ile tatbikat sonu de\u011ferlendirme toplant\u0131s\u0131, bas\u0131n brifingi, savunma sanayi firmalar\u0131n\u0131n tan\u0131t\u0131m faaliyetleri, geli\u015fen teknolojinin su alt\u0131 harbine etkisi temal\u0131 akademik panel icra edilecektir&#8221; dedi.\u00a0 TATB\u0130KATTA SAVA\u015e U\u00c7AKLARI DA E\u015eL\u0130K EDECEK\u00a0 Do\u011fu Akdeniz Mavi Balina-24 Davet Tatbikat\u0131&#8217;na T\u00fcrk Deniz Kuvvetleri Komutanl\u0131\u011f\u0131 5 denizalt\u0131, 3 f\u0131rkateyn, 1 korvet, 1 karakol gemisi, 1 akaryak\u0131t ikmal gemisi, 1 denizde ikmal muhabere destek gemisi, 2 kurtarma gemisi, 4 deniz karakol u\u00e7a\u011f\u0131, 7 helikopter toplam 25 unsurla; T\u00fcrk Hava Kuvvetleri Komutanl\u0131\u011f\u0131 8\/10 F-16 &hellip;","og_url":"http:\/\/denizcankizil.tr\/ru\/haberler\/gundem\/muglada-dev-tatbikat-savas-ucaklari-da-katiliyor\/","og_site_name":"Av. Deniz Can K\u0131z\u0131l","article_published_time":"2024-11-05T10:41:22+00:00","twitter_card":"summary_large_image","twitter_misc":{"\u041f\u0440\u0438\u043c\u0435\u0440\u043d\u043e\u0435 \u0432\u0440\u0435\u043c\u044f \u0434\u043b\u044f \u0447\u0442\u0435\u043d\u0438\u044f":"2 \u043c\u0438\u043d\u0443\u0442\u044b"},"schema":{"@context":"https:\/\/schema.org","@graph":[{"@type":"Article","@id":"http:\/\/denizcankizil.tr\/ru\/haberler\/gundem\/muglada-dev-tatbikat-savas-ucaklari-da-katiliyor\/#article","isPartOf":{"@id":"http:\/\/denizcankizil.tr\/ru\/haberler\/gundem\/muglada-dev-tatbikat-savas-ucaklari-da-katiliyor\/"},"author":{"name":"","@id":""},"headline":"Mu\u011fla&#8217;da dev tatbikat! Sava\u015f u\u00e7aklar\u0131 da kat\u0131l\u0131yor","datePublished":"2024-11-05T10:41:22+00:00","mainEntityOfPage":{"@id":"http:\/\/denizcankizil.tr\/ru\/haberler\/gundem\/muglada-dev-tatbikat-savas-ucaklari-da-katiliyor\/"},"wordCount":454,"commentCount":0,"publisher":{"@id":"https:\/\/denizcankizil.tr\/#organization"},"articleSection":["G\u00fcndem","Uncategorized"],"inLanguage":"ru-RU","potentialAction":[{"@type":"CommentAction","name":"Comment","target":["http:\/\/denizcankizil.tr\/ru\/haberler\/gundem\/muglada-dev-tatbikat-savas-ucaklari-da-katiliyor\/#respond"]}]},{"@type":"WebPage","@id":"http:\/\/denizcankizil.tr\/ru\/haberler\/gundem\/muglada-dev-tatbikat-savas-ucaklari-da-katiliyor\/","url":"http:\/\/denizcankizil.tr\/ru\/haberler\/gundem\/muglada-dev-tatbikat-savas-ucaklari-da-katiliyor\/","name":"Mu\u011fla'da dev tatbikat! Sava\u015f u\u00e7aklar\u0131 da kat\u0131l\u0131yor - Av. Deniz Can K\u0131z\u0131l","isPartOf":{"@id":"https:\/\/denizcankizil.tr\/#website"},"datePublished":"2024-11-05T10:41:22+00:00","breadcrumb":{"@id":"http:\/\/denizcankizil.tr\/ru\/haberler\/gundem\/muglada-dev-tatbikat-savas-ucaklari-da-katiliyor\/#breadcrumb"},"inLanguage":"ru-RU","potentialAction":[{"@type":"ReadAction","target":["http:\/\/denizcankizil.tr\/ru\/haberler\/gundem\/muglada-dev-tatbikat-savas-ucaklari-da-katiliyor\/"]}]},{"@type":"BreadcrumbList","@id":"http:\/\/denizcankizil.tr\/ru\/haberler\/gundem\/muglada-dev-tatbikat-savas-ucaklari-da-katiliyor\/#breadcrumb","itemListElement":[{"@type":"ListItem","position":1,"name":"Home","item":"https:\/\/denizcankizil.tr\/de\/"},{"@type":"ListItem","position":2,"name":"Mu\u011fla&#8217;da dev tatbikat! Sava\u015f u\u00e7aklar\u0131 da kat\u0131l\u0131yor"}]},{"@type":"WebSite","@id":"https:\/\/denizcankizil.tr\/#website","url":"https:\/\/denizcankizil.tr\/","name":"Av. Deniz Can K\u0131z\u0131l","description":"Avukat Deniz Can K\u0131z\u0131l Antalya Barosu","publisher":{"@id":"https:\/\/denizcankizil.tr\/#organization"},"potentialAction":[{"@type":"SearchAction","target":{"@type":"EntryPoint","urlTemplate":"https:\/\/denizcankizil.tr\/?s={search_term_string}"},"query-input":{"@type":"PropertyValueSpecification","valueRequired":true,"valueName":"search_term_string"}}],"inLanguage":"ru-RU"},{"@type":"Organization","@id":"https:\/\/denizcankizil.tr\/#organization","name":"Av. Deniz Can K\u0131z\u0131l","url":"https:\/\/denizcankizil.tr\/","logo":{"@type":"ImageObject","inLanguage":"ru-RU","@id":"https:\/\/denizcankizil.tr\/#\/schema\/logo\/image\/","url":"http:\/\/denizcankizil.tr\/wp-content\/uploads\/2024\/10\/siyah-logo-svg.svg","contentUrl":"http:\/\/denizcankizil.tr\/wp-content\/uploads\/2024\/10\/siyah-logo-svg.svg","width":1080,"height":1080,"caption":"Av. Deniz Can K\u0131z\u0131l"},"image":{"@id":"https:\/\/denizcankizil.tr\/#\/schema\/logo\/image\/"}}]}},"_links":{"self":[{"href":"http:\/\/denizcankizil.tr\/ru\/wp-json\/wp\/v2\/posts\/12925","targetHints":{"allow":["GET"]}}],"collection":[{"href":"http:\/\/denizcankizil.tr\/ru\/wp-json\/wp\/v2\/posts"}],"about":[{"href":"http:\/\/denizcankizil.tr\/ru\/wp-json\/wp\/v2\/types\/post"}],"replies":[{"embeddable":true,"href":"http:\/\/denizcankizil.tr\/ru\/wp-json\/wp\/v2\/comments?post=12925"}],"version-history":[{"count":0,"href":"http:\/\/denizcankizil.tr\/ru\/wp-json\/wp\/v2\/posts\/12925\/revisions"}],"wp:attachment":[{"href":"http:\/\/denizcankizil.tr\/ru\/wp-json\/wp\/v2\/media?parent=12925"}],"wp:term":[{"taxonomy":"category","embeddable":true,"href":"http:\/\/denizcankizil.tr\/ru\/wp-json\/wp\/v2\/categories?post=12925"},{"taxonomy":"post_tag","embeddable":true,"href":"http:\/\/denizcankizil.tr\/ru\/wp-json\/wp\/v2\/tags?post=12925"}],"curies":[{"name":"wp","href":"https:\/\/api.w.org\/{rel}","templated":true}]}}