{"id":128297,"date":"2025-06-27T14:42:38","date_gmt":"2025-06-27T11:42:38","guid":{"rendered":"https:\/\/denizcankizil.tr\/uncategorized-tr\/afet-ve-acil-durum-mudahale-istasyonu-hayat-kurtaracak\/"},"modified":"2025-06-27T14:42:38","modified_gmt":"2025-06-27T11:42:38","slug":"afet-ve-acil-durum-mudahale-istasyonu-hayat-kurtaracak","status":"publish","type":"post","link":"http:\/\/denizcankizil.tr\/ru\/haberler\/gundem\/afet-ve-acil-durum-mudahale-istasyonu-hayat-kurtaracak\/","title":{"rendered":"Afet ve Acil Durum M\u00fcdahale \u0130stasyonu hayat kurtaracak"},"content":{"rendered":"<p>Bursa Osmangazi Belediyesi, So\u011fanl\u0131 Mahallesi\u2019ne i\u00e7inde olas\u0131 bir afette hayat kurtaracak ara\u00e7 gere\u00e7lerin bulundu\u011fu Afet ve Acil Durum M\u00fcdahale \u0130stasyonu kurdu.BURSA (\u0130GFA) &#8211; Bursa Osmangazi Belediye Ba\u015fkan\u0131 Erkan Ayd\u0131n, n\u00fcfus yo\u011funlu\u011funa g\u00f6re il\u00e7edeki t\u00fcm mahallelere 30 ile 15 metrekare geni\u015fli\u011fe sahip olan Afet ve Acil Durum M\u00fcdahale \u0130stasyonu\u2019ndan bir tanesini koyacaklar\u0131n\u0131 s\u00f6yledi.<br \/>\nBursa\u2019n\u0131n deprem b\u00f6lgesinde oldu\u011fu bilinciyle hareket eden Osmangazi Belediyesi, olas\u0131 bir depreme haz\u0131rl\u0131k \u00e7al\u0131\u015fmalar\u0131 kapsam\u0131nda So\u011fanl\u0131 Mahallesi\u2019ne Afet ve Acil Durum M\u00fcdahale \u0130stasyonu yerle\u015ftirdi. 30 metrekare alana sahip Afet ve Acil Durum M\u00fcdahale \u0130stasyonu\u2019nun i\u00e7erisinde, olas\u0131 bir depremde vatanda\u015flar\u0131n hayat\u0131n\u0131 kurtaracak kesici ve k\u0131r\u0131c\u0131 aletler, battaniyeler, ilk yard\u0131m \u00e7antalar\u0131, demir ve ah\u015fap kesme makineleri, \u00e7ad\u0131rlar, ceset torbalar\u0131, yak\u0131t bidonlar\u0131, tekerlekli sandalyeler, \u00e7ocuk bezleri, temizlik malzemeleri, battaniyeler, seyyar du\u015f ve tuvaletler, g\u0131da malzemeleri ve sa\u011fl\u0131k ekipmanlar\u0131 yer al\u0131yor. Afet ve Acil Durum M\u00fcdahale \u0130stasyonu\u2019nun 30 ve 15 metrekare olmak \u00fczere iki \u00e7e\u015fidi bulunuyor. N\u00fcfus yo\u011funlu\u011fu y\u00fcksek olan b\u00fcy\u00fck mahallelere 30 metrekare geni\u015fli\u011findeki, daha az n\u00fcfusa sahip olan mahallere ise 15 metrekare geni\u015fli\u011findeki istasyonlar yerle\u015ftirilecek. Afet ve Acil Durum M\u00fcdahale \u0130stasyonlar\u2019n\u0131n Osmangazi\u2019nin t\u00fcm mahallelerine koyulmas\u0131 planlan\u0131yor. <\/p>\n<p>\u201cAFET ANINDA \u0130LK B\u0130RKA\u00c7 SAAT \u00c7OK \u00d6NEML\u0130\u201d<br \/>\nOsmangazi Belediye Ba\u015fkan\u0131 Erkan Ayd\u0131n, Afet ve Acil Durum M\u00fcdahale \u0130stasyonu\u2019nda incelemede bulundu. Bursa\u2019n\u0131n deprem b\u00f6lgesinde bulundu\u011funu hat\u0131rlatan Ba\u015fkan Ayd\u0131n, \u201cHer an bir deprem ya\u015fayabiliriz. Osmangazi Belediyesi olarak bu olas\u0131l\u0131\u011fa kar\u015f\u0131l\u0131k tedbirlerimizi al\u0131yoruz. Olas\u0131 bir afet durumunda can ve mal kayb\u0131n\u0131 en aza indirmek \u00e7abas\u0131nday\u0131z. So\u011fanl\u0131 Millet Bah\u00e7esi\u2019nin i\u00e7erisine T\u00fcrkiye\u2019de t\u00fcr\u00fcn\u00fcn tek \u00f6rne\u011fi olan 12,5 metre uzunlu\u011funda 2,5 metre geni\u015fli\u011fe sahip 30 metrekarelik Afet ve Acil Durum M\u00fcdahale \u0130stasyonu yerle\u015ftirdik. Depremde ve di\u011fer afetlerde ilk m\u00fcdahale hayati bir \u00f6neme sahip. Afet an\u0131nda ilk birka\u00e7 saat \u00e7ok \u00f6nemli. Kahramanmara\u015f merkezli 6 \u015eubat depremlerinin hemen ard\u0131ndan b\u00f6lgeye gittik. Ancak ilk 72 saatte ne ekipman bulabildik ne de kurtarma ekiplerine rastlad\u0131k. Bu durumdan yola \u00e7\u0131karak Afet ve Acil Durum M\u00fcdahale \u0130stasyonu projemizi hayata ge\u00e7irdik ve ilk istasyonu So\u011fanl\u0131 mahallesine yerle\u015ftirdik. \u0130stasyonun anahtar\u0131 belediyemizde ve muhtarl\u0131kta olacak. G\u00fcne\u015f enerji sistemine sahip bu istasyon T\u00fcrkiye\u2019ye \u00f6rnek olacak. Kalabal\u0131k mahallelerimize 30 metrekarelik, daha az n\u00fcfuslu mahallelerimize ise 15 metrekarelik istasyonlar yerle\u015ftirece\u011fiz. \u0130stasyonlar\u0131n i\u00e7erisinde afet an\u0131nda ihtiya\u00e7 duyulacak her \u015fey bulunuyor. \u0130stasyon i\u00e7erisindeki malzemeler d\u00fczenli olarak yenilenecek. Ayr\u0131ca istasyon i\u00e7erisindeki cihazlar\u0131nda d\u00fczenli olarak bak\u0131m\u0131 yap\u0131lacak\u201d dedi. <\/p>\n<p>\u201cAFET KOORD\u0130NASYON MERKEZ\u0130 KURACA\u011eIZ\u201d<br \/>\n10 bin metrekarelik bir alan \u00fczerine kurmay\u0131 planlad\u0131klar\u0131 Afet Koordinasyon Merkezi projesi hakk\u0131nda da bilgiler veren Ba\u015fkan Ayd\u0131n, \u201cProjemizi karde\u015f \u015fehrimiz olan Almanya\u2019n\u0131n Hessen Eyaleti\u2019ne sunduk. Ge\u00e7ti\u011fimiz hafta da Almanya Ticaret Odas\u0131 ile bir g\u00f6r\u00fc\u015fme yapt\u0131k. Almanya\u2019dan alaca\u011f\u0131m\u0131z bir hibe deste\u011fi ile projenin maliyetini d\u00fc\u015f\u00fcrmek istiyoruz. Afet Koordinasyon Merkezi\u2019nin i\u00e7erisinde deprem sim\u00fclasyon merkezi, enkaz e\u011fitim alan\u0131, afet lojistik merkezi, yang\u0131n e\u011fitim sim\u00fclat\u00f6r\u00fc alan\u0131, ilk yard\u0131m merkezi, enkaz koridoru e\u011fitim alan\u0131, kuru g\u0131da stoku alan\u0131 gibi b\u00f6l\u00fcmler yer alacak. Bu merkezde konteyner ve \u00e7ad\u0131r \u00fcretimi yapmak istiyoruz. Kendi il\u00e7emizdeki ihtiyac\u0131 kar\u015f\u0131lad\u0131ktan sonra konteynerleri ihtiya\u00e7 sahibi b\u00f6lgelere de ula\u015ft\u0131rma hedefimiz var\u201d diye konu\u015ftu. <\/p>\n<p>So\u011fanl\u0131 Mahallesi Muhtar\u0131 Zeynep Y\u0131ld\u0131r\u0131m da \u015fu ifadeleri kulland\u0131: \u201cBursa\u2019n\u0131n evlad\u0131 Erkan Ayd\u0131n Ba\u015fkan\u0131m\u0131za mahalle sakinlerim ve \u015fahs\u0131m ad\u0131na \u00e7ok te\u015fekk\u00fcr ediyorum. \u0130lk konteynerin mahallemize yerle\u015ftirilmi\u015f olmas\u0131ndan dolay\u0131 mutluyuz. \u0130n\u015fallah herhangi bir deprem veya afet ya\u015famay\u0131z. Bu istasyonu kullanmaya hi\u00e7bir zaman ihtiyac\u0131m\u0131z kalmaz\u201d<\/p>\n<p>\u200bBursa Osmangazi Belediyesi, So\u011fanl\u0131 Mahallesi\u2019ne i\u00e7inde olas\u0131 bir afette hayat kurtaracak ara\u00e7 gere\u00e7lerin bulundu\u011fu Afet ve Acil Durum M\u00fcdahale \u0130stasyonu kurdu.BURSA (\u0130GFA) &#8211; Bursa Osmangazi Belediye Ba\u015fkan\u0131 Erkan Ayd\u0131n, n\u00fcfus yo\u011funlu\u011funa g\u00f6re il\u00e7edeki t\u00fcm mahallelere 30 ile 15 metrekare geni\u015fli\u011fe sahip olan Afet ve Acil Durum M\u00fcdahale \u0130stasyonu\u2019ndan bir tanesini koyacaklar\u0131n\u0131 s\u00f6yledi.<br \/>\nBursa\u2019n\u0131n deprem b\u00f6lgesinde oldu\u011fu bilinciyle hareket eden Osmangazi Belediyesi, olas\u0131 bir depreme haz\u0131rl\u0131k \u00e7al\u0131\u015fmalar\u0131 kapsam\u0131nda So\u011fanl\u0131 Mahallesi\u2019ne Afet ve Acil Durum M\u00fcdahale \u0130stasyonu yerle\u015ftirdi. 30 metrekare alana sahip Afet ve Acil Durum M\u00fcdahale \u0130stasyonu\u2019nun i\u00e7erisinde, olas\u0131 bir depremde vatanda\u015flar\u0131n hayat\u0131n\u0131 kurtaracak kesici ve k\u0131r\u0131c\u0131 aletler, battaniyeler, ilk yard\u0131m \u00e7antalar\u0131, demir ve ah\u015fap kesme makineleri, \u00e7ad\u0131rlar, ceset torbalar\u0131, yak\u0131t bidonlar\u0131, tekerlekli sandalyeler, \u00e7ocuk bezleri, temizlik malzemeleri, battaniyeler, seyyar du\u015f ve tuvaletler, g\u0131da malzemeleri ve sa\u011fl\u0131k ekipmanlar\u0131 yer al\u0131yor. Afet ve Acil Durum M\u00fcdahale \u0130stasyonu\u2019nun 30 ve 15 metrekare olmak \u00fczere iki \u00e7e\u015fidi bulunuyor. N\u00fcfus yo\u011funlu\u011fu y\u00fcksek olan b\u00fcy\u00fck mahallelere 30 metrekare geni\u015fli\u011findeki, daha az n\u00fcfusa sahip olan mahallere ise 15 metrekare geni\u015fli\u011findeki istasyonlar yerle\u015ftirilecek. Afet ve Acil Durum M\u00fcdahale \u0130stasyonlar\u2019n\u0131n Osmangazi\u2019nin t\u00fcm mahallelerine koyulmas\u0131 planlan\u0131yor. <\/p>\n<p>\u201cAFET ANINDA \u0130LK B\u0130RKA\u00c7 SAAT \u00c7OK \u00d6NEML\u0130\u201d<br \/>\nOsmangazi Belediye Ba\u015fkan\u0131 Erkan Ayd\u0131n, Afet ve Acil Durum M\u00fcdahale \u0130stasyonu\u2019nda incelemede bulundu. Bursa\u2019n\u0131n deprem b\u00f6lgesinde bulundu\u011funu hat\u0131rlatan Ba\u015fkan Ayd\u0131n, \u201cHer an bir deprem ya\u015fayabiliriz. Osmangazi Belediyesi olarak bu olas\u0131l\u0131\u011fa kar\u015f\u0131l\u0131k tedbirlerimizi al\u0131yoruz. Olas\u0131 bir afet durumunda can ve mal kayb\u0131n\u0131 en aza indirmek \u00e7abas\u0131nday\u0131z. So\u011fanl\u0131 Millet Bah\u00e7esi\u2019nin i\u00e7erisine T\u00fcrkiye\u2019de t\u00fcr\u00fcn\u00fcn tek \u00f6rne\u011fi olan 12,5 metre uzunlu\u011funda 2,5 metre geni\u015fli\u011fe sahip 30 metrekarelik Afet ve Acil Durum M\u00fcdahale \u0130stasyonu yerle\u015ftirdik. Depremde ve di\u011fer afetlerde ilk m\u00fcdahale hayati bir \u00f6neme sahip. Afet an\u0131nda ilk birka\u00e7 saat \u00e7ok \u00f6nemli. Kahramanmara\u015f merkezli 6 \u015eubat depremlerinin hemen ard\u0131ndan b\u00f6lgeye gittik. Ancak ilk 72 saatte ne ekipman bulabildik ne de kurtarma ekiplerine rastlad\u0131k. Bu durumdan yola \u00e7\u0131karak Afet ve Acil Durum M\u00fcdahale \u0130stasyonu projemizi hayata ge\u00e7irdik ve ilk istasyonu So\u011fanl\u0131 mahallesine yerle\u015ftirdik. \u0130stasyonun anahtar\u0131 belediyemizde ve muhtarl\u0131kta olacak. G\u00fcne\u015f enerji sistemine sahip bu istasyon T\u00fcrkiye\u2019ye \u00f6rnek olacak. Kalabal\u0131k mahallelerimize 30 metrekarelik, daha az n\u00fcfuslu mahallelerimize ise 15 metrekarelik istasyonlar yerle\u015ftirece\u011fiz. \u0130stasyonlar\u0131n i\u00e7erisinde afet an\u0131nda ihtiya\u00e7 duyulacak her \u015fey bulunuyor. \u0130stasyon i\u00e7erisindeki malzemeler d\u00fczenli olarak yenilenecek. Ayr\u0131ca istasyon i\u00e7erisindeki cihazlar\u0131nda d\u00fczenli olarak bak\u0131m\u0131 yap\u0131lacak\u201d dedi. <\/p>\n<p>\u201cAFET KOORD\u0130NASYON MERKEZ\u0130 KURACA\u011eIZ\u201d<br \/>\n10 bin metrekarelik bir alan \u00fczerine kurmay\u0131 planlad\u0131klar\u0131 Afet Koordinasyon Merkezi projesi hakk\u0131nda da bilgiler veren Ba\u015fkan Ayd\u0131n, \u201cProjemizi karde\u015f \u015fehrimiz olan Almanya\u2019n\u0131n Hessen Eyaleti\u2019ne sunduk. Ge\u00e7ti\u011fimiz hafta da Almanya Ticaret Odas\u0131 ile bir g\u00f6r\u00fc\u015fme yapt\u0131k. Almanya\u2019dan alaca\u011f\u0131m\u0131z bir hibe deste\u011fi ile projenin maliyetini d\u00fc\u015f\u00fcrmek istiyoruz. Afet Koordinasyon Merkezi\u2019nin i\u00e7erisinde deprem sim\u00fclasyon merkezi, enkaz e\u011fitim alan\u0131, afet lojistik merkezi, yang\u0131n e\u011fitim sim\u00fclat\u00f6r\u00fc alan\u0131, ilk yard\u0131m merkezi, enkaz koridoru e\u011fitim alan\u0131, kuru g\u0131da stoku alan\u0131 gibi b\u00f6l\u00fcmler yer alacak. Bu merkezde konteyner ve \u00e7ad\u0131r \u00fcretimi yapmak istiyoruz. Kendi il\u00e7emizdeki ihtiyac\u0131 kar\u015f\u0131lad\u0131ktan sonra konteynerleri ihtiya\u00e7 sahibi b\u00f6lgelere de ula\u015ft\u0131rma hedefimiz var\u201d diye konu\u015ftu. <\/p>\n<p>So\u011fanl\u0131 Mahallesi Muhtar\u0131 Zeynep Y\u0131ld\u0131r\u0131m da \u015fu ifadeleri kulland\u0131: \u201cBursa\u2019n\u0131n evlad\u0131 Erkan Ayd\u0131n Ba\u015fkan\u0131m\u0131za mahalle sakinlerim ve \u015fahs\u0131m ad\u0131na \u00e7ok te\u015fekk\u00fcr ediyorum. \u0130lk konteynerin mahallemize yerle\u015ftirilmi\u015f olmas\u0131ndan dolay\u0131 mutluyuz. \u0130n\u015fallah herhangi bir deprem veya afet ya\u015famay\u0131z. Bu istasyonu kullanmaya hi\u00e7bir zaman ihtiyac\u0131m\u0131z kalmaz\u201d\u00a0<\/p>\n<p>\u200bHaberin Al\u0131nt\u0131land\u0131\u011f\u0131 Kaynak: www.iskenderun.org<\/p>","protected":false},"excerpt":{"rendered":"<p>Bursa Osmangazi Belediyesi, So\u011fanl\u0131 Mahallesi\u2019ne i\u00e7inde olas\u0131 bir afette hayat kurtaracak ara\u00e7 gere\u00e7lerin bulundu\u011fu Afet ve Acil Durum M\u00fcdahale \u0130stasyonu kurdu.BURSA (\u0130GFA) &#8211; Bursa Osmangazi Belediye Ba\u015fkan\u0131 Erkan Ayd\u0131n, n\u00fcfus yo\u011funlu\u011funa g\u00f6re il\u00e7edeki t\u00fcm mahallelere 30 ile 15 metrekare geni\u015fli\u011fe sahip olan Afet ve Acil Durum M\u00fcdahale \u0130stasyonu\u2019ndan bir tanesini koyacaklar\u0131n\u0131 s\u00f6yledi. Bursa\u2019n\u0131n deprem b\u00f6lgesinde oldu\u011fu bilinciyle hareket eden Osmangazi Belediyesi, olas\u0131 bir depreme haz\u0131rl\u0131k \u00e7al\u0131\u015fmalar\u0131 kapsam\u0131nda So\u011fanl\u0131 Mahallesi\u2019ne Afet ve Acil Durum M\u00fcdahale \u0130stasyonu yerle\u015ftirdi. 30 metrekare alana sahip Afet ve Acil Durum M\u00fcdahale \u0130stasyonu\u2019nun i\u00e7erisinde, olas\u0131 bir depremde vatanda\u015flar\u0131n hayat\u0131n\u0131 kurtaracak kesici ve k\u0131r\u0131c\u0131 aletler, battaniyeler, ilk yard\u0131m \u00e7antalar\u0131, demir ve ah\u015fap kesme makineleri, \u00e7ad\u0131rlar, ceset torbalar\u0131, yak\u0131t bidonlar\u0131, tekerlekli sandalyeler, \u00e7ocuk bezleri, temizlik malzemeleri, battaniyeler, seyyar du\u015f ve tuvaletler, g\u0131da malzemeleri ve sa\u011fl\u0131k ekipmanlar\u0131 yer al\u0131yor. Afet ve Acil Durum M\u00fcdahale \u0130stasyonu\u2019nun 30 ve 15 metrekare olmak \u00fczere iki \u00e7e\u015fidi bulunuyor. N\u00fcfus yo\u011funlu\u011fu y\u00fcksek olan b\u00fcy\u00fck mahallelere 30 metrekare geni\u015fli\u011findeki, daha az n\u00fcfusa sahip olan mahallere ise 15 metrekare geni\u015fli\u011findeki istasyonlar yerle\u015ftirilecek. Afet ve Acil Durum M\u00fcdahale \u0130stasyonlar\u2019n\u0131n Osmangazi\u2019nin t\u00fcm mahallelerine koyulmas\u0131 planlan\u0131yor. \u201cAFET ANINDA \u0130LK B\u0130RKA\u00c7 SAAT \u00c7OK \u00d6NEML\u0130\u201d Osmangazi Belediye Ba\u015fkan\u0131 Erkan Ayd\u0131n, Afet ve Acil Durum M\u00fcdahale \u0130stasyonu\u2019nda incelemede bulundu. Bursa\u2019n\u0131n deprem b\u00f6lgesinde bulundu\u011funu &hellip;<\/p>","protected":false},"author":1,"featured_media":0,"comment_status":"","ping_status":"open","sticky":false,"template":"","format":"standard","meta":{"_acf_changed":false,"footnotes":""},"categories":[24],"tags":[],"class_list":["post-128297","post","type-post","status-publish","format-standard","has-post-thumbnail","hentry","category-gundem"],"acf":[],"yoast_head":"<!-- This site is optimized with the Yoast SEO Premium plugin v26.6 (Yoast SEO v27.1.1) - https:\/\/yoast.com\/product\/yoast-seo-premium-wordpress\/ -->\n<title>Afet ve Acil Durum M\u00fcdahale \u0130stasyonu hayat kurtaracak - Av. Deniz Can K\u0131z\u0131l<\/title>\n<meta name=\"robots\" content=\"index, follow, max-snippet:-1, max-image-preview:large, max-video-preview:-1\" \/>\n<link rel=\"canonical\" href=\"http:\/\/denizcankizil.tr\/ru\/haberler\/gundem\/afet-ve-acil-durum-mudahale-istasyonu-hayat-kurtaracak\/\" \/>\n<meta property=\"og:locale\" content=\"ru_RU\" \/>\n<meta property=\"og:type\" content=\"article\" \/>\n<meta property=\"og:title\" content=\"Afet ve Acil Durum M\u00fcdahale \u0130stasyonu hayat kurtaracak\" \/>\n<meta property=\"og:description\" content=\"Bursa Osmangazi Belediyesi, So\u011fanl\u0131 Mahallesi\u2019ne i\u00e7inde olas\u0131 bir afette hayat kurtaracak ara\u00e7 gere\u00e7lerin bulundu\u011fu Afet ve Acil Durum M\u00fcdahale \u0130stasyonu kurdu.BURSA (\u0130GFA) &#8211; Bursa Osmangazi Belediye Ba\u015fkan\u0131 Erkan Ayd\u0131n, n\u00fcfus yo\u011funlu\u011funa g\u00f6re il\u00e7edeki t\u00fcm mahallelere 30 ile 15 metrekare geni\u015fli\u011fe sahip olan Afet ve Acil Durum M\u00fcdahale \u0130stasyonu\u2019ndan bir tanesini koyacaklar\u0131n\u0131 s\u00f6yledi. Bursa\u2019n\u0131n deprem b\u00f6lgesinde oldu\u011fu bilinciyle hareket eden Osmangazi Belediyesi, olas\u0131 bir depreme haz\u0131rl\u0131k \u00e7al\u0131\u015fmalar\u0131 kapsam\u0131nda So\u011fanl\u0131 Mahallesi\u2019ne Afet ve Acil Durum M\u00fcdahale \u0130stasyonu yerle\u015ftirdi. 30 metrekare alana sahip Afet ve Acil Durum M\u00fcdahale \u0130stasyonu\u2019nun i\u00e7erisinde, olas\u0131 bir depremde vatanda\u015flar\u0131n hayat\u0131n\u0131 kurtaracak kesici ve k\u0131r\u0131c\u0131 aletler, battaniyeler, ilk yard\u0131m \u00e7antalar\u0131, demir ve ah\u015fap kesme makineleri, \u00e7ad\u0131rlar, ceset torbalar\u0131, yak\u0131t bidonlar\u0131, tekerlekli sandalyeler, \u00e7ocuk bezleri, temizlik malzemeleri, battaniyeler, seyyar du\u015f ve tuvaletler, g\u0131da malzemeleri ve sa\u011fl\u0131k ekipmanlar\u0131 yer al\u0131yor. Afet ve Acil Durum M\u00fcdahale \u0130stasyonu\u2019nun 30 ve 15 metrekare olmak \u00fczere iki \u00e7e\u015fidi bulunuyor. N\u00fcfus yo\u011funlu\u011fu y\u00fcksek olan b\u00fcy\u00fck mahallelere 30 metrekare geni\u015fli\u011findeki, daha az n\u00fcfusa sahip olan mahallere ise 15 metrekare geni\u015fli\u011findeki istasyonlar yerle\u015ftirilecek. Afet ve Acil Durum M\u00fcdahale \u0130stasyonlar\u2019n\u0131n Osmangazi\u2019nin t\u00fcm mahallelerine koyulmas\u0131 planlan\u0131yor. \u201cAFET ANINDA \u0130LK B\u0130RKA\u00c7 SAAT \u00c7OK \u00d6NEML\u0130\u201d Osmangazi Belediye Ba\u015fkan\u0131 Erkan Ayd\u0131n, Afet ve Acil Durum M\u00fcdahale \u0130stasyonu\u2019nda incelemede bulundu. Bursa\u2019n\u0131n deprem b\u00f6lgesinde bulundu\u011funu &hellip;\" \/>\n<meta property=\"og:url\" content=\"http:\/\/denizcankizil.tr\/ru\/haberler\/gundem\/afet-ve-acil-durum-mudahale-istasyonu-hayat-kurtaracak\/\" \/>\n<meta property=\"og:site_name\" content=\"Av. Deniz Can K\u0131z\u0131l\" \/>\n<meta property=\"article:published_time\" content=\"2025-06-27T11:42:38+00:00\" \/>\n<meta name=\"author\" content=\"admin\" \/>\n<meta name=\"twitter:card\" content=\"summary_large_image\" \/>\n<meta name=\"twitter:label1\" content=\"\u041d\u0430\u043f\u0438\u0441\u0430\u043d\u043e \u0430\u0432\u0442\u043e\u0440\u043e\u043c\" \/>\n\t<meta name=\"twitter:data1\" content=\"admin\" \/>\n\t<meta name=\"twitter:label2\" content=\"\u041f\u0440\u0438\u043c\u0435\u0440\u043d\u043e\u0435 \u0432\u0440\u0435\u043c\u044f \u0434\u043b\u044f \u0447\u0442\u0435\u043d\u0438\u044f\" \/>\n\t<meta name=\"twitter:data2\" content=\"7 \u043c\u0438\u043d\u0443\u0442\" \/>\n<script type=\"application\/ld+json\" class=\"yoast-schema-graph\">{\"@context\":\"https:\/\/schema.org\",\"@graph\":[{\"@type\":\"Article\",\"@id\":\"http:\/\/denizcankizil.tr\/ru\/haberler\/gundem\/afet-ve-acil-durum-mudahale-istasyonu-hayat-kurtaracak\/#article\",\"isPartOf\":{\"@id\":\"http:\/\/denizcankizil.tr\/ru\/haberler\/gundem\/afet-ve-acil-durum-mudahale-istasyonu-hayat-kurtaracak\/\"},\"author\":{\"name\":\"admin\",\"@id\":\"https:\/\/denizcankizil.tr\/#\/schema\/person\/be3c05fe6a12686905512445d8185489\"},\"headline\":\"Afet ve Acil Durum M\u00fcdahale \u0130stasyonu hayat kurtaracak\",\"datePublished\":\"2025-06-27T11:42:38+00:00\",\"mainEntityOfPage\":{\"@id\":\"http:\/\/denizcankizil.tr\/ru\/haberler\/gundem\/afet-ve-acil-durum-mudahale-istasyonu-hayat-kurtaracak\/\"},\"wordCount\":1401,\"publisher\":{\"@id\":\"https:\/\/denizcankizil.tr\/#organization\"},\"articleSection\":[\"G\u00fcndem\"],\"inLanguage\":\"ru-RU\"},{\"@type\":\"WebPage\",\"@id\":\"http:\/\/denizcankizil.tr\/ru\/haberler\/gundem\/afet-ve-acil-durum-mudahale-istasyonu-hayat-kurtaracak\/\",\"url\":\"http:\/\/denizcankizil.tr\/ru\/haberler\/gundem\/afet-ve-acil-durum-mudahale-istasyonu-hayat-kurtaracak\/\",\"name\":\"Afet ve Acil Durum M\u00fcdahale \u0130stasyonu hayat kurtaracak - Av. Deniz Can K\u0131z\u0131l\",\"isPartOf\":{\"@id\":\"https:\/\/denizcankizil.tr\/#website\"},\"datePublished\":\"2025-06-27T11:42:38+00:00\",\"breadcrumb\":{\"@id\":\"http:\/\/denizcankizil.tr\/ru\/haberler\/gundem\/afet-ve-acil-durum-mudahale-istasyonu-hayat-kurtaracak\/#breadcrumb\"},\"inLanguage\":\"ru-RU\",\"potentialAction\":[{\"@type\":\"ReadAction\",\"target\":[\"http:\/\/denizcankizil.tr\/ru\/haberler\/gundem\/afet-ve-acil-durum-mudahale-istasyonu-hayat-kurtaracak\/\"]}]},{\"@type\":\"BreadcrumbList\",\"@id\":\"http:\/\/denizcankizil.tr\/ru\/haberler\/gundem\/afet-ve-acil-durum-mudahale-istasyonu-hayat-kurtaracak\/#breadcrumb\",\"itemListElement\":[{\"@type\":\"ListItem\",\"position\":1,\"name\":\"Home\",\"item\":\"https:\/\/denizcankizil.tr\/de\/\"},{\"@type\":\"ListItem\",\"position\":2,\"name\":\"Afet ve Acil Durum M\u00fcdahale \u0130stasyonu hayat kurtaracak\"}]},{\"@type\":\"WebSite\",\"@id\":\"https:\/\/denizcankizil.tr\/#website\",\"url\":\"https:\/\/denizcankizil.tr\/\",\"name\":\"Av. Deniz Can K\u0131z\u0131l\",\"description\":\"Avukat Deniz Can K\u0131z\u0131l Antalya Barosu\",\"publisher\":{\"@id\":\"https:\/\/denizcankizil.tr\/#organization\"},\"potentialAction\":[{\"@type\":\"SearchAction\",\"target\":{\"@type\":\"EntryPoint\",\"urlTemplate\":\"https:\/\/denizcankizil.tr\/?s={search_term_string}\"},\"query-input\":{\"@type\":\"PropertyValueSpecification\",\"valueRequired\":true,\"valueName\":\"search_term_string\"}}],\"inLanguage\":\"ru-RU\"},{\"@type\":\"Organization\",\"@id\":\"https:\/\/denizcankizil.tr\/#organization\",\"name\":\"Av. Deniz Can K\u0131z\u0131l\",\"url\":\"https:\/\/denizcankizil.tr\/\",\"logo\":{\"@type\":\"ImageObject\",\"inLanguage\":\"ru-RU\",\"@id\":\"https:\/\/denizcankizil.tr\/#\/schema\/logo\/image\/\",\"url\":\"http:\/\/denizcankizil.tr\/wp-content\/uploads\/2024\/10\/siyah-logo-svg.svg\",\"contentUrl\":\"http:\/\/denizcankizil.tr\/wp-content\/uploads\/2024\/10\/siyah-logo-svg.svg\",\"width\":1080,\"height\":1080,\"caption\":\"Av. Deniz Can K\u0131z\u0131l\"},\"image\":{\"@id\":\"https:\/\/denizcankizil.tr\/#\/schema\/logo\/image\/\"}},{\"@type\":\"Person\",\"@id\":\"https:\/\/denizcankizil.tr\/#\/schema\/person\/be3c05fe6a12686905512445d8185489\",\"name\":\"admin\",\"image\":{\"@type\":\"ImageObject\",\"inLanguage\":\"ru-RU\",\"@id\":\"https:\/\/denizcankizil.tr\/#\/schema\/person\/image\/\",\"url\":\"https:\/\/secure.gravatar.com\/avatar\/c1fce94c830dc79107e174f890d7210541c4a63e8e5d816341794a2151c9d58c?s=96&d=mm&r=g\",\"contentUrl\":\"https:\/\/secure.gravatar.com\/avatar\/c1fce94c830dc79107e174f890d7210541c4a63e8e5d816341794a2151c9d58c?s=96&d=mm&r=g\",\"caption\":\"admin\"},\"sameAs\":[\"http:\/\/denizcankizil.tr\"],\"url\":\"https:\/\/www.iskenderun.org\/afet-ve-acil-durum-mudahale-istasyonu-hayat-kurtaracak\"}]}<\/script>\n<!-- \/ Yoast SEO Premium plugin. -->","yoast_head_json":{"title":"Afet ve Acil Durum M\u00fcdahale \u0130stasyonu hayat kurtaracak - Av. Deniz Can K\u0131z\u0131l","robots":{"index":"index","follow":"follow","max-snippet":"max-snippet:-1","max-image-preview":"max-image-preview:large","max-video-preview":"max-video-preview:-1"},"canonical":"http:\/\/denizcankizil.tr\/ru\/haberler\/gundem\/afet-ve-acil-durum-mudahale-istasyonu-hayat-kurtaracak\/","og_locale":"ru_RU","og_type":"article","og_title":"Afet ve Acil Durum M\u00fcdahale \u0130stasyonu hayat kurtaracak","og_description":"Bursa Osmangazi Belediyesi, So\u011fanl\u0131 Mahallesi\u2019ne i\u00e7inde olas\u0131 bir afette hayat kurtaracak ara\u00e7 gere\u00e7lerin bulundu\u011fu Afet ve Acil Durum M\u00fcdahale \u0130stasyonu kurdu.BURSA (\u0130GFA) &#8211; Bursa Osmangazi Belediye Ba\u015fkan\u0131 Erkan Ayd\u0131n, n\u00fcfus yo\u011funlu\u011funa g\u00f6re il\u00e7edeki t\u00fcm mahallelere 30 ile 15 metrekare geni\u015fli\u011fe sahip olan Afet ve Acil Durum M\u00fcdahale \u0130stasyonu\u2019ndan bir tanesini koyacaklar\u0131n\u0131 s\u00f6yledi. Bursa\u2019n\u0131n deprem b\u00f6lgesinde oldu\u011fu bilinciyle hareket eden Osmangazi Belediyesi, olas\u0131 bir depreme haz\u0131rl\u0131k \u00e7al\u0131\u015fmalar\u0131 kapsam\u0131nda So\u011fanl\u0131 Mahallesi\u2019ne Afet ve Acil Durum M\u00fcdahale \u0130stasyonu yerle\u015ftirdi. 30 metrekare alana sahip Afet ve Acil Durum M\u00fcdahale \u0130stasyonu\u2019nun i\u00e7erisinde, olas\u0131 bir depremde vatanda\u015flar\u0131n hayat\u0131n\u0131 kurtaracak kesici ve k\u0131r\u0131c\u0131 aletler, battaniyeler, ilk yard\u0131m \u00e7antalar\u0131, demir ve ah\u015fap kesme makineleri, \u00e7ad\u0131rlar, ceset torbalar\u0131, yak\u0131t bidonlar\u0131, tekerlekli sandalyeler, \u00e7ocuk bezleri, temizlik malzemeleri, battaniyeler, seyyar du\u015f ve tuvaletler, g\u0131da malzemeleri ve sa\u011fl\u0131k ekipmanlar\u0131 yer al\u0131yor. Afet ve Acil Durum M\u00fcdahale \u0130stasyonu\u2019nun 30 ve 15 metrekare olmak \u00fczere iki \u00e7e\u015fidi bulunuyor. N\u00fcfus yo\u011funlu\u011fu y\u00fcksek olan b\u00fcy\u00fck mahallelere 30 metrekare geni\u015fli\u011findeki, daha az n\u00fcfusa sahip olan mahallere ise 15 metrekare geni\u015fli\u011findeki istasyonlar yerle\u015ftirilecek. Afet ve Acil Durum M\u00fcdahale \u0130stasyonlar\u2019n\u0131n Osmangazi\u2019nin t\u00fcm mahallelerine koyulmas\u0131 planlan\u0131yor. \u201cAFET ANINDA \u0130LK B\u0130RKA\u00c7 SAAT \u00c7OK \u00d6NEML\u0130\u201d Osmangazi Belediye Ba\u015fkan\u0131 Erkan Ayd\u0131n, Afet ve Acil Durum M\u00fcdahale \u0130stasyonu\u2019nda incelemede bulundu. Bursa\u2019n\u0131n deprem b\u00f6lgesinde bulundu\u011funu &hellip;","og_url":"http:\/\/denizcankizil.tr\/ru\/haberler\/gundem\/afet-ve-acil-durum-mudahale-istasyonu-hayat-kurtaracak\/","og_site_name":"Av. Deniz Can K\u0131z\u0131l","article_published_time":"2025-06-27T11:42:38+00:00","author":"admin","twitter_card":"summary_large_image","twitter_misc":{"\u041d\u0430\u043f\u0438\u0441\u0430\u043d\u043e \u0430\u0432\u0442\u043e\u0440\u043e\u043c":"admin","\u041f\u0440\u0438\u043c\u0435\u0440\u043d\u043e\u0435 \u0432\u0440\u0435\u043c\u044f \u0434\u043b\u044f \u0447\u0442\u0435\u043d\u0438\u044f":"7 \u043c\u0438\u043d\u0443\u0442"},"schema":{"@context":"https:\/\/schema.org","@graph":[{"@type":"Article","@id":"http:\/\/denizcankizil.tr\/ru\/haberler\/gundem\/afet-ve-acil-durum-mudahale-istasyonu-hayat-kurtaracak\/#article","isPartOf":{"@id":"http:\/\/denizcankizil.tr\/ru\/haberler\/gundem\/afet-ve-acil-durum-mudahale-istasyonu-hayat-kurtaracak\/"},"author":{"name":"admin","@id":"https:\/\/denizcankizil.tr\/#\/schema\/person\/be3c05fe6a12686905512445d8185489"},"headline":"Afet ve Acil Durum M\u00fcdahale \u0130stasyonu hayat kurtaracak","datePublished":"2025-06-27T11:42:38+00:00","mainEntityOfPage":{"@id":"http:\/\/denizcankizil.tr\/ru\/haberler\/gundem\/afet-ve-acil-durum-mudahale-istasyonu-hayat-kurtaracak\/"},"wordCount":1401,"publisher":{"@id":"https:\/\/denizcankizil.tr\/#organization"},"articleSection":["G\u00fcndem"],"inLanguage":"ru-RU"},{"@type":"WebPage","@id":"http:\/\/denizcankizil.tr\/ru\/haberler\/gundem\/afet-ve-acil-durum-mudahale-istasyonu-hayat-kurtaracak\/","url":"http:\/\/denizcankizil.tr\/ru\/haberler\/gundem\/afet-ve-acil-durum-mudahale-istasyonu-hayat-kurtaracak\/","name":"Afet ve Acil Durum M\u00fcdahale \u0130stasyonu hayat kurtaracak - Av. Deniz Can K\u0131z\u0131l","isPartOf":{"@id":"https:\/\/denizcankizil.tr\/#website"},"datePublished":"2025-06-27T11:42:38+00:00","breadcrumb":{"@id":"http:\/\/denizcankizil.tr\/ru\/haberler\/gundem\/afet-ve-acil-durum-mudahale-istasyonu-hayat-kurtaracak\/#breadcrumb"},"inLanguage":"ru-RU","potentialAction":[{"@type":"ReadAction","target":["http:\/\/denizcankizil.tr\/ru\/haberler\/gundem\/afet-ve-acil-durum-mudahale-istasyonu-hayat-kurtaracak\/"]}]},{"@type":"BreadcrumbList","@id":"http:\/\/denizcankizil.tr\/ru\/haberler\/gundem\/afet-ve-acil-durum-mudahale-istasyonu-hayat-kurtaracak\/#breadcrumb","itemListElement":[{"@type":"ListItem","position":1,"name":"Home","item":"https:\/\/denizcankizil.tr\/de\/"},{"@type":"ListItem","position":2,"name":"Afet ve Acil Durum M\u00fcdahale \u0130stasyonu hayat kurtaracak"}]},{"@type":"WebSite","@id":"https:\/\/denizcankizil.tr\/#website","url":"https:\/\/denizcankizil.tr\/","name":"Av. Deniz Can K\u0131z\u0131l","description":"Avukat Deniz Can K\u0131z\u0131l Antalya Barosu","publisher":{"@id":"https:\/\/denizcankizil.tr\/#organization"},"potentialAction":[{"@type":"SearchAction","target":{"@type":"EntryPoint","urlTemplate":"https:\/\/denizcankizil.tr\/?s={search_term_string}"},"query-input":{"@type":"PropertyValueSpecification","valueRequired":true,"valueName":"search_term_string"}}],"inLanguage":"ru-RU"},{"@type":"Organization","@id":"https:\/\/denizcankizil.tr\/#organization","name":"Av. Deniz Can K\u0131z\u0131l","url":"https:\/\/denizcankizil.tr\/","logo":{"@type":"ImageObject","inLanguage":"ru-RU","@id":"https:\/\/denizcankizil.tr\/#\/schema\/logo\/image\/","url":"http:\/\/denizcankizil.tr\/wp-content\/uploads\/2024\/10\/siyah-logo-svg.svg","contentUrl":"http:\/\/denizcankizil.tr\/wp-content\/uploads\/2024\/10\/siyah-logo-svg.svg","width":1080,"height":1080,"caption":"Av. Deniz Can K\u0131z\u0131l"},"image":{"@id":"https:\/\/denizcankizil.tr\/#\/schema\/logo\/image\/"}},{"@type":"Person","@id":"https:\/\/denizcankizil.tr\/#\/schema\/person\/be3c05fe6a12686905512445d8185489","name":"\u0430\u0434\u043c\u0438\u043d","image":{"@type":"ImageObject","inLanguage":"ru-RU","@id":"https:\/\/denizcankizil.tr\/#\/schema\/person\/image\/","url":"https:\/\/secure.gravatar.com\/avatar\/c1fce94c830dc79107e174f890d7210541c4a63e8e5d816341794a2151c9d58c?s=96&d=mm&r=g","contentUrl":"https:\/\/secure.gravatar.com\/avatar\/c1fce94c830dc79107e174f890d7210541c4a63e8e5d816341794a2151c9d58c?s=96&d=mm&r=g","caption":"admin"},"sameAs":["http:\/\/denizcankizil.tr"],"url":"https:\/\/www.iskenderun.org\/afet-ve-acil-durum-mudahale-istasyonu-hayat-kurtaracak"}]}},"_links":{"self":[{"href":"http:\/\/denizcankizil.tr\/ru\/wp-json\/wp\/v2\/posts\/128297","targetHints":{"allow":["GET"]}}],"collection":[{"href":"http:\/\/denizcankizil.tr\/ru\/wp-json\/wp\/v2\/posts"}],"about":[{"href":"http:\/\/denizcankizil.tr\/ru\/wp-json\/wp\/v2\/types\/post"}],"author":[{"embeddable":true,"href":"http:\/\/denizcankizil.tr\/ru\/wp-json\/wp\/v2\/users\/1"}],"replies":[{"embeddable":true,"href":"http:\/\/denizcankizil.tr\/ru\/wp-json\/wp\/v2\/comments?post=128297"}],"version-history":[{"count":0,"href":"http:\/\/denizcankizil.tr\/ru\/wp-json\/wp\/v2\/posts\/128297\/revisions"}],"wp:attachment":[{"href":"http:\/\/denizcankizil.tr\/ru\/wp-json\/wp\/v2\/media?parent=128297"}],"wp:term":[{"taxonomy":"category","embeddable":true,"href":"http:\/\/denizcankizil.tr\/ru\/wp-json\/wp\/v2\/categories?post=128297"},{"taxonomy":"post_tag","embeddable":true,"href":"http:\/\/denizcankizil.tr\/ru\/wp-json\/wp\/v2\/tags?post=128297"}],"curies":[{"name":"wp","href":"https:\/\/api.w.org\/{rel}","templated":true}]}}