{"id":127303,"date":"2025-06-26T16:42:57","date_gmt":"2025-06-26T13:42:57","guid":{"rendered":"https:\/\/denizcankizil.tr\/uncategorized-tr\/bedelli-askerlik-ucretleri-1-temmuzda-guncellenecek\/"},"modified":"2025-06-26T16:42:57","modified_gmt":"2025-06-26T13:42:57","slug":"bedelli-askerlik-ucretleri-1-temmuzda-guncellenecek","status":"publish","type":"post","link":"http:\/\/denizcankizil.tr\/ru\/haberler\/gundem\/bedelli-askerlik-ucretleri-1-temmuzda-guncellenecek\/","title":{"rendered":"Bedelli askerlik \u00fccretleri 1 Temmuz&#8217;da g\u00fcncellenecek"},"content":{"rendered":"<p>\u00a0Mill\u00ee Savunma Bakanl\u0131\u011f\u0131, haftal\u0131k bas\u0131n bilgilendirme toplant\u0131s\u0131nda personel ve asker\u00ee \u00f6\u011frenci al\u0131m\u0131 ile bedelli askerlik s\u00fcre\u00e7lerine ili\u015fkin \u00f6nemli a\u00e7\u0131klamalarda bulundu.<\/p>\n<p>Bakanl\u0131k, 2025 Y\u0131l\u0131 Mill\u00ee Savunma \u00dcniversitesi (MS\u00dc) Asker\u00ee \u00d6\u011frenci Temini Se\u00e7im A\u015famas\u0131 Faaliyetleri\u2019nin 1 Temmuz\u2019da ba\u015flayaca\u011f\u0131n\u0131 ve 29 Temmuz\u2019a kadar devam edece\u011fini bildirdi.<\/p>\n<p>MS\u00dc SE\u00c7\u0130M A\u015eAMALARI VE YURT \u0130MK\u00c2NI<\/p>\n<p>MS\u00dc Harp Okullar\u0131 ve Meslek Y\u00fcksek Okullar\u0131 i\u00e7in se\u00e7im a\u015famalar\u0131na kat\u0131lacak adaylar, 1 Temmuz-25 A\u011fustos 2025 tarihleri aras\u0131nda Kredi Yurtlar Kurumu\u2019nun belirledi\u011fi yurtlardan \u00fccretsiz yararlanabilecek. Bakanl\u0131k, adaylar\u0131n s\u00fcre\u00e7 boyunca konaklama ihtiya\u00e7lar\u0131n\u0131n kar\u015f\u0131lanaca\u011f\u0131n\u0131 vurgulad\u0131.<\/p>\n<p>Bedelli askerlik hizmeti kapsam\u0131nda ge\u00e7erli olan bedel ve ek bedel tutar\u0131 Askeralma Kanunu gere\u011fince 1 Temmuz 2025 tarihi itibar\u0131yla memur ayl\u0131k katsay\u0131s\u0131na g\u00f6re g\u00fcncellenecek.#Mill\u00eeSavunmaBakanl\u0131\u011f\u0131 pic.twitter.com\/zchQ4a1YQQ\u2014 T.C. Mill\u00ee Savunma Bakanl\u0131\u011f\u0131 (@tcsavunma) June 26, 2025<\/p>\n<p>BEDELL\u0130 ASKERL\u0130KTE YEN\u0130 BEDEL G\u00dcNCELLEMES\u0130<\/p>\n<p>Bedelli askerlik hizmeti kapsam\u0131nda ge\u00e7erli olan bedel ve ek bedel tutarlar\u0131, Askeralma Kanunu gere\u011fince 1 Temmuz 2025 itibar\u0131yla memur ayl\u0131k katsay\u0131s\u0131na g\u00f6re g\u00fcncellenecek. Mevcut bedel \u00fczerinden bedelli askerlik ba\u015fvurusu yapmak isteyen y\u00fck\u00fcml\u00fclerin, 30 Haziran 2025 tarihine kadar m\u00fcracaat ve \u00f6deme i\u015flemlerini tamamlamalar\u0131 gerekti\u011fi belirtildi.<\/p>\n<p>\u200bMill\u00ee Savunma Bakanl\u0131\u011f\u0131, 2025 asker\u00ee \u00f6\u011frenci temini se\u00e7im a\u015famalar\u0131n\u0131n 1 Temmuz-29 Temmuz tarihleri aras\u0131nda yap\u0131laca\u011f\u0131n\u0131, bedelli askerlik bedelinin ise 1 Temmuz\u2019dan itibaren g\u00fcncellenece\u011fini duyurdu.\u00a0<\/p>\n<p>\u200bHaberin Al\u0131nt\u0131land\u0131\u011f\u0131 Kaynak: www.iskenderun.org<\/p>","protected":false},"excerpt":{"rendered":"<p>\u00a0Mill\u00ee Savunma Bakanl\u0131\u011f\u0131, haftal\u0131k bas\u0131n bilgilendirme toplant\u0131s\u0131nda personel ve asker\u00ee \u00f6\u011frenci al\u0131m\u0131 ile bedelli askerlik s\u00fcre\u00e7lerine ili\u015fkin \u00f6nemli a\u00e7\u0131klamalarda bulundu. Bakanl\u0131k, 2025 Y\u0131l\u0131 Mill\u00ee Savunma \u00dcniversitesi (MS\u00dc) Asker\u00ee \u00d6\u011frenci Temini Se\u00e7im A\u015famas\u0131 Faaliyetleri\u2019nin 1 Temmuz\u2019da ba\u015flayaca\u011f\u0131n\u0131 ve 29 Temmuz\u2019a kadar devam edece\u011fini bildirdi. MS\u00dc SE\u00c7\u0130M A\u015eAMALARI VE YURT \u0130MK\u00c2NI MS\u00dc Harp Okullar\u0131 ve Meslek Y\u00fcksek Okullar\u0131 i\u00e7in se\u00e7im a\u015famalar\u0131na kat\u0131lacak adaylar, 1 Temmuz-25 A\u011fustos 2025 tarihleri aras\u0131nda Kredi Yurtlar Kurumu\u2019nun belirledi\u011fi yurtlardan \u00fccretsiz yararlanabilecek. Bakanl\u0131k, adaylar\u0131n s\u00fcre\u00e7 boyunca konaklama ihtiya\u00e7lar\u0131n\u0131n kar\u015f\u0131lanaca\u011f\u0131n\u0131 vurgulad\u0131. Bedelli askerlik hizmeti kapsam\u0131nda ge\u00e7erli olan bedel ve ek bedel tutar\u0131 Askeralma Kanunu gere\u011fince 1 Temmuz 2025 tarihi itibar\u0131yla memur ayl\u0131k katsay\u0131s\u0131na g\u00f6re g\u00fcncellenecek.#Mill\u00eeSavunmaBakanl\u0131\u011f\u0131 pic.twitter.com\/zchQ4a1YQQ\u2014 T.C. Mill\u00ee Savunma Bakanl\u0131\u011f\u0131 (@tcsavunma) June 26, 2025 BEDELL\u0130 ASKERL\u0130KTE YEN\u0130 BEDEL G\u00dcNCELLEMES\u0130 Bedelli askerlik hizmeti kapsam\u0131nda ge\u00e7erli olan bedel ve ek bedel tutarlar\u0131, Askeralma Kanunu gere\u011fince 1 Temmuz 2025 itibar\u0131yla memur ayl\u0131k katsay\u0131s\u0131na g\u00f6re g\u00fcncellenecek. Mevcut bedel \u00fczerinden bedelli askerlik ba\u015fvurusu yapmak isteyen y\u00fck\u00fcml\u00fclerin, 30 Haziran 2025 tarihine kadar m\u00fcracaat ve \u00f6deme i\u015flemlerini tamamlamalar\u0131 gerekti\u011fi belirtildi. \u200bMill\u00ee Savunma Bakanl\u0131\u011f\u0131, 2025 asker\u00ee \u00f6\u011frenci temini se\u00e7im a\u015famalar\u0131n\u0131n 1 Temmuz-29 Temmuz tarihleri aras\u0131nda yap\u0131laca\u011f\u0131n\u0131, bedelli askerlik bedelinin ise 1 Temmuz\u2019dan itibaren g\u00fcncellenece\u011fini duyurdu.\u00a0 \u200bHaberin Al\u0131nt\u0131land\u0131\u011f\u0131 Kaynak: www.iskenderun.org<\/p>","protected":false},"author":1,"featured_media":0,"comment_status":"","ping_status":"open","sticky":false,"template":"","format":"standard","meta":{"_acf_changed":false,"footnotes":""},"categories":[24],"tags":[],"class_list":["post-127303","post","type-post","status-publish","format-standard","has-post-thumbnail","hentry","category-gundem"],"acf":[],"yoast_head":"<!-- This site is optimized with the Yoast SEO Premium plugin v26.6 (Yoast SEO v27.1.1) - https:\/\/yoast.com\/product\/yoast-seo-premium-wordpress\/ -->\n<title>Bedelli askerlik \u00fccretleri 1 Temmuz&#039;da g\u00fcncellenecek - Av. Deniz Can K\u0131z\u0131l<\/title>\n<meta name=\"robots\" content=\"index, follow, max-snippet:-1, max-image-preview:large, max-video-preview:-1\" \/>\n<link rel=\"canonical\" href=\"http:\/\/denizcankizil.tr\/ru\/haberler\/gundem\/bedelli-askerlik-ucretleri-1-temmuzda-guncellenecek\/\" \/>\n<meta property=\"og:locale\" content=\"ru_RU\" \/>\n<meta property=\"og:type\" content=\"article\" \/>\n<meta property=\"og:title\" content=\"Bedelli askerlik \u00fccretleri 1 Temmuz&#039;da g\u00fcncellenecek\" \/>\n<meta property=\"og:description\" content=\"\u00a0Mill\u00ee Savunma Bakanl\u0131\u011f\u0131, haftal\u0131k bas\u0131n bilgilendirme toplant\u0131s\u0131nda personel ve asker\u00ee \u00f6\u011frenci al\u0131m\u0131 ile bedelli askerlik s\u00fcre\u00e7lerine ili\u015fkin \u00f6nemli a\u00e7\u0131klamalarda bulundu. Bakanl\u0131k, 2025 Y\u0131l\u0131 Mill\u00ee Savunma \u00dcniversitesi (MS\u00dc) Asker\u00ee \u00d6\u011frenci Temini Se\u00e7im A\u015famas\u0131 Faaliyetleri\u2019nin 1 Temmuz\u2019da ba\u015flayaca\u011f\u0131n\u0131 ve 29 Temmuz\u2019a kadar devam edece\u011fini bildirdi. MS\u00dc SE\u00c7\u0130M A\u015eAMALARI VE YURT \u0130MK\u00c2NI MS\u00dc Harp Okullar\u0131 ve Meslek Y\u00fcksek Okullar\u0131 i\u00e7in se\u00e7im a\u015famalar\u0131na kat\u0131lacak adaylar, 1 Temmuz-25 A\u011fustos 2025 tarihleri aras\u0131nda Kredi Yurtlar Kurumu\u2019nun belirledi\u011fi yurtlardan \u00fccretsiz yararlanabilecek. Bakanl\u0131k, adaylar\u0131n s\u00fcre\u00e7 boyunca konaklama ihtiya\u00e7lar\u0131n\u0131n kar\u015f\u0131lanaca\u011f\u0131n\u0131 vurgulad\u0131. Bedelli askerlik hizmeti kapsam\u0131nda ge\u00e7erli olan bedel ve ek bedel tutar\u0131 Askeralma Kanunu gere\u011fince 1 Temmuz 2025 tarihi itibar\u0131yla memur ayl\u0131k katsay\u0131s\u0131na g\u00f6re g\u00fcncellenecek.#Mill\u00eeSavunmaBakanl\u0131\u011f\u0131 pic.twitter.com\/zchQ4a1YQQ\u2014 T.C. Mill\u00ee Savunma Bakanl\u0131\u011f\u0131 (@tcsavunma) June 26, 2025 BEDELL\u0130 ASKERL\u0130KTE YEN\u0130 BEDEL G\u00dcNCELLEMES\u0130 Bedelli askerlik hizmeti kapsam\u0131nda ge\u00e7erli olan bedel ve ek bedel tutarlar\u0131, Askeralma Kanunu gere\u011fince 1 Temmuz 2025 itibar\u0131yla memur ayl\u0131k katsay\u0131s\u0131na g\u00f6re g\u00fcncellenecek. Mevcut bedel \u00fczerinden bedelli askerlik ba\u015fvurusu yapmak isteyen y\u00fck\u00fcml\u00fclerin, 30 Haziran 2025 tarihine kadar m\u00fcracaat ve \u00f6deme i\u015flemlerini tamamlamalar\u0131 gerekti\u011fi belirtildi. \u200bMill\u00ee Savunma Bakanl\u0131\u011f\u0131, 2025 asker\u00ee \u00f6\u011frenci temini se\u00e7im a\u015famalar\u0131n\u0131n 1 Temmuz-29 Temmuz tarihleri aras\u0131nda yap\u0131laca\u011f\u0131n\u0131, bedelli askerlik bedelinin ise 1 Temmuz\u2019dan itibaren g\u00fcncellenece\u011fini duyurdu.\u00a0 \u200bHaberin Al\u0131nt\u0131land\u0131\u011f\u0131 Kaynak: www.iskenderun.org\" \/>\n<meta property=\"og:url\" content=\"http:\/\/denizcankizil.tr\/ru\/haberler\/gundem\/bedelli-askerlik-ucretleri-1-temmuzda-guncellenecek\/\" \/>\n<meta property=\"og:site_name\" content=\"Av. Deniz Can K\u0131z\u0131l\" \/>\n<meta property=\"article:published_time\" content=\"2025-06-26T13:42:57+00:00\" \/>\n<meta name=\"author\" content=\"admin\" \/>\n<meta name=\"twitter:card\" content=\"summary_large_image\" \/>\n<meta name=\"twitter:label1\" content=\"\u041d\u0430\u043f\u0438\u0441\u0430\u043d\u043e \u0430\u0432\u0442\u043e\u0440\u043e\u043c\" \/>\n\t<meta name=\"twitter:data1\" content=\"admin\" \/>\n\t<meta name=\"twitter:label2\" content=\"\u041f\u0440\u0438\u043c\u0435\u0440\u043d\u043e\u0435 \u0432\u0440\u0435\u043c\u044f \u0434\u043b\u044f \u0447\u0442\u0435\u043d\u0438\u044f\" \/>\n\t<meta name=\"twitter:data2\" content=\"1 \u043c\u0438\u043d\u0443\u0442\u0430\" \/>\n<script type=\"application\/ld+json\" class=\"yoast-schema-graph\">{\"@context\":\"https:\/\/schema.org\",\"@graph\":[{\"@type\":\"Article\",\"@id\":\"http:\/\/denizcankizil.tr\/ru\/haberler\/gundem\/bedelli-askerlik-ucretleri-1-temmuzda-guncellenecek\/#article\",\"isPartOf\":{\"@id\":\"http:\/\/denizcankizil.tr\/ru\/haberler\/gundem\/bedelli-askerlik-ucretleri-1-temmuzda-guncellenecek\/\"},\"author\":{\"name\":\"admin\",\"@id\":\"https:\/\/denizcankizil.tr\/#\/schema\/person\/be3c05fe6a12686905512445d8185489\"},\"headline\":\"Bedelli askerlik \u00fccretleri 1 Temmuz&#8217;da g\u00fcncellenecek\",\"datePublished\":\"2025-06-26T13:42:57+00:00\",\"mainEntityOfPage\":{\"@id\":\"http:\/\/denizcankizil.tr\/ru\/haberler\/gundem\/bedelli-askerlik-ucretleri-1-temmuzda-guncellenecek\/\"},\"wordCount\":272,\"publisher\":{\"@id\":\"https:\/\/denizcankizil.tr\/#organization\"},\"articleSection\":[\"G\u00fcndem\"],\"inLanguage\":\"ru-RU\"},{\"@type\":\"WebPage\",\"@id\":\"http:\/\/denizcankizil.tr\/ru\/haberler\/gundem\/bedelli-askerlik-ucretleri-1-temmuzda-guncellenecek\/\",\"url\":\"http:\/\/denizcankizil.tr\/ru\/haberler\/gundem\/bedelli-askerlik-ucretleri-1-temmuzda-guncellenecek\/\",\"name\":\"Bedelli askerlik \u00fccretleri 1 Temmuz'da g\u00fcncellenecek - Av. Deniz Can K\u0131z\u0131l\",\"isPartOf\":{\"@id\":\"https:\/\/denizcankizil.tr\/#website\"},\"datePublished\":\"2025-06-26T13:42:57+00:00\",\"breadcrumb\":{\"@id\":\"http:\/\/denizcankizil.tr\/ru\/haberler\/gundem\/bedelli-askerlik-ucretleri-1-temmuzda-guncellenecek\/#breadcrumb\"},\"inLanguage\":\"ru-RU\",\"potentialAction\":[{\"@type\":\"ReadAction\",\"target\":[\"http:\/\/denizcankizil.tr\/ru\/haberler\/gundem\/bedelli-askerlik-ucretleri-1-temmuzda-guncellenecek\/\"]}]},{\"@type\":\"BreadcrumbList\",\"@id\":\"http:\/\/denizcankizil.tr\/ru\/haberler\/gundem\/bedelli-askerlik-ucretleri-1-temmuzda-guncellenecek\/#breadcrumb\",\"itemListElement\":[{\"@type\":\"ListItem\",\"position\":1,\"name\":\"Home\",\"item\":\"https:\/\/denizcankizil.tr\/uk\/\"},{\"@type\":\"ListItem\",\"position\":2,\"name\":\"Bedelli askerlik \u00fccretleri 1 Temmuz&#8217;da g\u00fcncellenecek\"}]},{\"@type\":\"WebSite\",\"@id\":\"https:\/\/denizcankizil.tr\/#website\",\"url\":\"https:\/\/denizcankizil.tr\/\",\"name\":\"Av. Deniz Can K\u0131z\u0131l\",\"description\":\"Avukat Deniz Can K\u0131z\u0131l Antalya Barosu\",\"publisher\":{\"@id\":\"https:\/\/denizcankizil.tr\/#organization\"},\"potentialAction\":[{\"@type\":\"SearchAction\",\"target\":{\"@type\":\"EntryPoint\",\"urlTemplate\":\"https:\/\/denizcankizil.tr\/?s={search_term_string}\"},\"query-input\":{\"@type\":\"PropertyValueSpecification\",\"valueRequired\":true,\"valueName\":\"search_term_string\"}}],\"inLanguage\":\"ru-RU\"},{\"@type\":\"Organization\",\"@id\":\"https:\/\/denizcankizil.tr\/#organization\",\"name\":\"Av. Deniz Can K\u0131z\u0131l\",\"url\":\"https:\/\/denizcankizil.tr\/\",\"logo\":{\"@type\":\"ImageObject\",\"inLanguage\":\"ru-RU\",\"@id\":\"https:\/\/denizcankizil.tr\/#\/schema\/logo\/image\/\",\"url\":\"http:\/\/denizcankizil.tr\/wp-content\/uploads\/2024\/10\/siyah-logo-svg.svg\",\"contentUrl\":\"http:\/\/denizcankizil.tr\/wp-content\/uploads\/2024\/10\/siyah-logo-svg.svg\",\"width\":1080,\"height\":1080,\"caption\":\"Av. Deniz Can K\u0131z\u0131l\"},\"image\":{\"@id\":\"https:\/\/denizcankizil.tr\/#\/schema\/logo\/image\/\"}},{\"@type\":\"Person\",\"@id\":\"https:\/\/denizcankizil.tr\/#\/schema\/person\/be3c05fe6a12686905512445d8185489\",\"name\":\"admin\",\"image\":{\"@type\":\"ImageObject\",\"inLanguage\":\"ru-RU\",\"@id\":\"https:\/\/denizcankizil.tr\/#\/schema\/person\/image\/\",\"url\":\"https:\/\/secure.gravatar.com\/avatar\/c1fce94c830dc79107e174f890d7210541c4a63e8e5d816341794a2151c9d58c?s=96&d=mm&r=g\",\"contentUrl\":\"https:\/\/secure.gravatar.com\/avatar\/c1fce94c830dc79107e174f890d7210541c4a63e8e5d816341794a2151c9d58c?s=96&d=mm&r=g\",\"caption\":\"admin\"},\"sameAs\":[\"http:\/\/denizcankizil.tr\"],\"url\":\"https:\/\/www.iskenderun.org\/msb-bedelli-askerlik-ucretleri-1-temmuzda-guncellenecek\"}]}<\/script>\n<!-- \/ Yoast SEO Premium plugin. -->","yoast_head_json":{"title":"Bedelli askerlik \u00fccretleri 1 Temmuz'da g\u00fcncellenecek - Av. Deniz Can K\u0131z\u0131l","robots":{"index":"index","follow":"follow","max-snippet":"max-snippet:-1","max-image-preview":"max-image-preview:large","max-video-preview":"max-video-preview:-1"},"canonical":"http:\/\/denizcankizil.tr\/ru\/haberler\/gundem\/bedelli-askerlik-ucretleri-1-temmuzda-guncellenecek\/","og_locale":"ru_RU","og_type":"article","og_title":"Bedelli askerlik \u00fccretleri 1 Temmuz'da g\u00fcncellenecek","og_description":"\u00a0Mill\u00ee Savunma Bakanl\u0131\u011f\u0131, haftal\u0131k bas\u0131n bilgilendirme toplant\u0131s\u0131nda personel ve asker\u00ee \u00f6\u011frenci al\u0131m\u0131 ile bedelli askerlik s\u00fcre\u00e7lerine ili\u015fkin \u00f6nemli a\u00e7\u0131klamalarda bulundu. Bakanl\u0131k, 2025 Y\u0131l\u0131 Mill\u00ee Savunma \u00dcniversitesi (MS\u00dc) Asker\u00ee \u00d6\u011frenci Temini Se\u00e7im A\u015famas\u0131 Faaliyetleri\u2019nin 1 Temmuz\u2019da ba\u015flayaca\u011f\u0131n\u0131 ve 29 Temmuz\u2019a kadar devam edece\u011fini bildirdi. MS\u00dc SE\u00c7\u0130M A\u015eAMALARI VE YURT \u0130MK\u00c2NI MS\u00dc Harp Okullar\u0131 ve Meslek Y\u00fcksek Okullar\u0131 i\u00e7in se\u00e7im a\u015famalar\u0131na kat\u0131lacak adaylar, 1 Temmuz-25 A\u011fustos 2025 tarihleri aras\u0131nda Kredi Yurtlar Kurumu\u2019nun belirledi\u011fi yurtlardan \u00fccretsiz yararlanabilecek. Bakanl\u0131k, adaylar\u0131n s\u00fcre\u00e7 boyunca konaklama ihtiya\u00e7lar\u0131n\u0131n kar\u015f\u0131lanaca\u011f\u0131n\u0131 vurgulad\u0131. Bedelli askerlik hizmeti kapsam\u0131nda ge\u00e7erli olan bedel ve ek bedel tutar\u0131 Askeralma Kanunu gere\u011fince 1 Temmuz 2025 tarihi itibar\u0131yla memur ayl\u0131k katsay\u0131s\u0131na g\u00f6re g\u00fcncellenecek.#Mill\u00eeSavunmaBakanl\u0131\u011f\u0131 pic.twitter.com\/zchQ4a1YQQ\u2014 T.C. Mill\u00ee Savunma Bakanl\u0131\u011f\u0131 (@tcsavunma) June 26, 2025 BEDELL\u0130 ASKERL\u0130KTE YEN\u0130 BEDEL G\u00dcNCELLEMES\u0130 Bedelli askerlik hizmeti kapsam\u0131nda ge\u00e7erli olan bedel ve ek bedel tutarlar\u0131, Askeralma Kanunu gere\u011fince 1 Temmuz 2025 itibar\u0131yla memur ayl\u0131k katsay\u0131s\u0131na g\u00f6re g\u00fcncellenecek. Mevcut bedel \u00fczerinden bedelli askerlik ba\u015fvurusu yapmak isteyen y\u00fck\u00fcml\u00fclerin, 30 Haziran 2025 tarihine kadar m\u00fcracaat ve \u00f6deme i\u015flemlerini tamamlamalar\u0131 gerekti\u011fi belirtildi. \u200bMill\u00ee Savunma Bakanl\u0131\u011f\u0131, 2025 asker\u00ee \u00f6\u011frenci temini se\u00e7im a\u015famalar\u0131n\u0131n 1 Temmuz-29 Temmuz tarihleri aras\u0131nda yap\u0131laca\u011f\u0131n\u0131, bedelli askerlik bedelinin ise 1 Temmuz\u2019dan itibaren g\u00fcncellenece\u011fini duyurdu.\u00a0 \u200bHaberin Al\u0131nt\u0131land\u0131\u011f\u0131 Kaynak: www.iskenderun.org","og_url":"http:\/\/denizcankizil.tr\/ru\/haberler\/gundem\/bedelli-askerlik-ucretleri-1-temmuzda-guncellenecek\/","og_site_name":"Av. Deniz Can K\u0131z\u0131l","article_published_time":"2025-06-26T13:42:57+00:00","author":"admin","twitter_card":"summary_large_image","twitter_misc":{"\u041d\u0430\u043f\u0438\u0441\u0430\u043d\u043e \u0430\u0432\u0442\u043e\u0440\u043e\u043c":"admin","\u041f\u0440\u0438\u043c\u0435\u0440\u043d\u043e\u0435 \u0432\u0440\u0435\u043c\u044f \u0434\u043b\u044f \u0447\u0442\u0435\u043d\u0438\u044f":"1 \u043c\u0438\u043d\u0443\u0442\u0430"},"schema":{"@context":"https:\/\/schema.org","@graph":[{"@type":"Article","@id":"http:\/\/denizcankizil.tr\/ru\/haberler\/gundem\/bedelli-askerlik-ucretleri-1-temmuzda-guncellenecek\/#article","isPartOf":{"@id":"http:\/\/denizcankizil.tr\/ru\/haberler\/gundem\/bedelli-askerlik-ucretleri-1-temmuzda-guncellenecek\/"},"author":{"name":"admin","@id":"https:\/\/denizcankizil.tr\/#\/schema\/person\/be3c05fe6a12686905512445d8185489"},"headline":"Bedelli askerlik \u00fccretleri 1 Temmuz&#8217;da g\u00fcncellenecek","datePublished":"2025-06-26T13:42:57+00:00","mainEntityOfPage":{"@id":"http:\/\/denizcankizil.tr\/ru\/haberler\/gundem\/bedelli-askerlik-ucretleri-1-temmuzda-guncellenecek\/"},"wordCount":272,"publisher":{"@id":"https:\/\/denizcankizil.tr\/#organization"},"articleSection":["G\u00fcndem"],"inLanguage":"ru-RU"},{"@type":"WebPage","@id":"http:\/\/denizcankizil.tr\/ru\/haberler\/gundem\/bedelli-askerlik-ucretleri-1-temmuzda-guncellenecek\/","url":"http:\/\/denizcankizil.tr\/ru\/haberler\/gundem\/bedelli-askerlik-ucretleri-1-temmuzda-guncellenecek\/","name":"Bedelli askerlik \u00fccretleri 1 Temmuz'da g\u00fcncellenecek - Av. Deniz Can K\u0131z\u0131l","isPartOf":{"@id":"https:\/\/denizcankizil.tr\/#website"},"datePublished":"2025-06-26T13:42:57+00:00","breadcrumb":{"@id":"http:\/\/denizcankizil.tr\/ru\/haberler\/gundem\/bedelli-askerlik-ucretleri-1-temmuzda-guncellenecek\/#breadcrumb"},"inLanguage":"ru-RU","potentialAction":[{"@type":"ReadAction","target":["http:\/\/denizcankizil.tr\/ru\/haberler\/gundem\/bedelli-askerlik-ucretleri-1-temmuzda-guncellenecek\/"]}]},{"@type":"BreadcrumbList","@id":"http:\/\/denizcankizil.tr\/ru\/haberler\/gundem\/bedelli-askerlik-ucretleri-1-temmuzda-guncellenecek\/#breadcrumb","itemListElement":[{"@type":"ListItem","position":1,"name":"Home","item":"https:\/\/denizcankizil.tr\/uk\/"},{"@type":"ListItem","position":2,"name":"Bedelli askerlik \u00fccretleri 1 Temmuz&#8217;da g\u00fcncellenecek"}]},{"@type":"WebSite","@id":"https:\/\/denizcankizil.tr\/#website","url":"https:\/\/denizcankizil.tr\/","name":"Av. Deniz Can K\u0131z\u0131l","description":"Avukat Deniz Can K\u0131z\u0131l Antalya Barosu","publisher":{"@id":"https:\/\/denizcankizil.tr\/#organization"},"potentialAction":[{"@type":"SearchAction","target":{"@type":"EntryPoint","urlTemplate":"https:\/\/denizcankizil.tr\/?s={search_term_string}"},"query-input":{"@type":"PropertyValueSpecification","valueRequired":true,"valueName":"search_term_string"}}],"inLanguage":"ru-RU"},{"@type":"Organization","@id":"https:\/\/denizcankizil.tr\/#organization","name":"Av. Deniz Can K\u0131z\u0131l","url":"https:\/\/denizcankizil.tr\/","logo":{"@type":"ImageObject","inLanguage":"ru-RU","@id":"https:\/\/denizcankizil.tr\/#\/schema\/logo\/image\/","url":"http:\/\/denizcankizil.tr\/wp-content\/uploads\/2024\/10\/siyah-logo-svg.svg","contentUrl":"http:\/\/denizcankizil.tr\/wp-content\/uploads\/2024\/10\/siyah-logo-svg.svg","width":1080,"height":1080,"caption":"Av. Deniz Can K\u0131z\u0131l"},"image":{"@id":"https:\/\/denizcankizil.tr\/#\/schema\/logo\/image\/"}},{"@type":"Person","@id":"https:\/\/denizcankizil.tr\/#\/schema\/person\/be3c05fe6a12686905512445d8185489","name":"\u0430\u0434\u043c\u0438\u043d","image":{"@type":"ImageObject","inLanguage":"ru-RU","@id":"https:\/\/denizcankizil.tr\/#\/schema\/person\/image\/","url":"https:\/\/secure.gravatar.com\/avatar\/c1fce94c830dc79107e174f890d7210541c4a63e8e5d816341794a2151c9d58c?s=96&d=mm&r=g","contentUrl":"https:\/\/secure.gravatar.com\/avatar\/c1fce94c830dc79107e174f890d7210541c4a63e8e5d816341794a2151c9d58c?s=96&d=mm&r=g","caption":"admin"},"sameAs":["http:\/\/denizcankizil.tr"],"url":"https:\/\/www.iskenderun.org\/msb-bedelli-askerlik-ucretleri-1-temmuzda-guncellenecek"}]}},"_links":{"self":[{"href":"http:\/\/denizcankizil.tr\/ru\/wp-json\/wp\/v2\/posts\/127303","targetHints":{"allow":["GET"]}}],"collection":[{"href":"http:\/\/denizcankizil.tr\/ru\/wp-json\/wp\/v2\/posts"}],"about":[{"href":"http:\/\/denizcankizil.tr\/ru\/wp-json\/wp\/v2\/types\/post"}],"author":[{"embeddable":true,"href":"http:\/\/denizcankizil.tr\/ru\/wp-json\/wp\/v2\/users\/1"}],"replies":[{"embeddable":true,"href":"http:\/\/denizcankizil.tr\/ru\/wp-json\/wp\/v2\/comments?post=127303"}],"version-history":[{"count":0,"href":"http:\/\/denizcankizil.tr\/ru\/wp-json\/wp\/v2\/posts\/127303\/revisions"}],"wp:attachment":[{"href":"http:\/\/denizcankizil.tr\/ru\/wp-json\/wp\/v2\/media?parent=127303"}],"wp:term":[{"taxonomy":"category","embeddable":true,"href":"http:\/\/denizcankizil.tr\/ru\/wp-json\/wp\/v2\/categories?post=127303"},{"taxonomy":"post_tag","embeddable":true,"href":"http:\/\/denizcankizil.tr\/ru\/wp-json\/wp\/v2\/tags?post=127303"}],"curies":[{"name":"wp","href":"https:\/\/api.w.org\/{rel}","templated":true}]}}