{"id":126226,"date":"2025-06-25T15:42:00","date_gmt":"2025-06-25T12:42:00","guid":{"rendered":"https:\/\/denizcankizil.tr\/uncategorized-tr\/antalya-trafik-goruntusu-bu-kez-sevindirdi-iste-emniyet-teskilatini-mutlu-eden-o-kare\/"},"modified":"2025-06-25T15:42:00","modified_gmt":"2025-06-25T12:42:00","slug":"antalya-trafik-goruntusu-bu-kez-sevindirdi-iste-emniyet-teskilatini-mutlu-eden-o-kare","status":"publish","type":"post","link":"http:\/\/denizcankizil.tr\/ru\/haberler\/gundem\/antalya-trafik-goruntusu-bu-kez-sevindirdi-iste-emniyet-teskilatini-mutlu-eden-o-kare\/","title":{"rendered":"Antalya trafik g\u00f6r\u00fcnt\u00fcs\u00fc bu kez sevindirdi! \u0130\u015fte emniyet te\u015fkilat\u0131n\u0131 mutlu eden o kare"},"content":{"rendered":"<p>Turizm kenti Antalya\u2019da trafi\u011fe kay\u0131tl\u0131 motorlu ara\u00e7 say\u0131s\u0131 her ge\u00e7en g\u00fcn artmaya devam ediyor. Kentte ya\u015fanan trafik yo\u011funlu\u011fu s\u00fcr\u00fcc\u00fcleri alternatif \u00e7\u00f6z\u00fcmlere y\u00f6neltti. Bu noktada en \u00e7ok \u00f6ne \u00e7\u0131kan ise motosiklet kullan\u0131m\u0131 oldu. Kentte 40 derece hissedilen s\u0131cak havada \u00e7ekilen foto\u011fraf karesi ekipleri mutlu etti. Kareye giren motosiklet s\u00fcr\u00fcc\u00fclerinin ve yolcular\u0131nda kask oldu\u011fu ve kurallara uyuldu\u011fu g\u00f6r\u00fcld\u00fc.<\/p>\n<p>KASK YOKSA S\u00dcR\u00dc\u015e YOK<\/p>\n<p>Antalya emniyeti bir s\u00fcredir motosiklet kullan\u0131m\u0131na y\u00f6nelik \u015fehrin her noktas\u0131nda bir\u00e7ok uygulama ger\u00e7ekle\u015ftiriyor. Bu kapsamda Antalya \u0130l Emniyet M\u00fcd\u00fcrl\u00fc\u011f\u00fc Trafik \u015eube M\u00fcd\u00fcrl\u00fc\u011f\u00fc \u015eahin timleri motosiklet yolcusunda dahi kask yoksa yol almas\u0131na izin vermiyor. Ya s\u00fcr\u00fcc\u00fcn\u00fcn kask bulup getirmesi ya da yolcunun inerek yoluna devam etmesi sa\u011flan\u0131yor.<\/p>\n<p>O KARE MUTLU ETT\u0130<\/p>\n<p>Antalya K\u00f6rfez Gazetesi Ertu\u011frul G\u00fcn&#8217;\u00fcn haberi ; yap\u0131lan denetimler ile bir yandan kaza oranlar\u0131na azalma kaydederken di\u011fer taraftan da yaralamalar\u0131n \u00f6n\u00fcne ge\u00e7ildi. Kentte 40 derece hissedilen s\u0131cak havada \u00e7ekilen foto\u011fraf karesi ekipleri mutlu etti. Kareye giren motosiklet s\u00fcr\u00fcc\u00fclerinin ve yolcular\u0131nda kask oldu\u011fu ve kurallara uyuldu\u011fu g\u00f6r\u00fcld\u00fc.<\/p>\n<p>\u00d6ZG\u00dcRL\u00dcK DE\u011e\u0130L KAZAYA DAVET\u0130YE<\/p>\n<p>\u0130l Emniyet M\u00fcd\u00fcr\u00fc \u0130lker Arslan, g\u00f6reve ba\u015flamas\u0131n\u0131n hemen ard\u0131ndan Antalya Gazeteciler Cemiyeti&#8217;ni (AGC) ziyaret etmi\u015fti. Arslan motosiklet kullan\u0131m\u0131na y\u00f6nelik \u00f6nemli mesajlar vermi\u015fti. Antalya&#8217;daki en \u00f6nemli sorun olarak trafikteki motosiklet say\u0131s\u0131na i\u015faret eden Arslan, \u201cT\u00fcrkiye&#8217;de kullan\u0131lan motosiklet say\u0131s\u0131 Antalya&#8217;da di\u011fer illere oranla tescil edilmi\u015f ara\u00e7 say\u0131s\u0131na g\u00f6re en fazla \u015fehirlerden biri. T\u00fcrkiye&#8217;de meydana gelen \u00f6l\u00fcml\u00fc kazalar\u0131n yar\u0131s\u0131 motosiklet kazas\u0131. Bundan sonra kasks\u0131z s\u00fcr\u00fcc\u00fc veya yolcu g\u00f6rd\u00fc\u011f\u00fcm\u00fcz, tespit etti\u011fimiz motosikletlerin trafi\u011fine devam etmelerine m\u00fcsaade etmeyece\u011fiz. Bu \u00f6zg\u00fcrl\u00fck de\u011fil. T\u00fcrkiye&#8217;de insanlar\u0131n \u00f6tanazi hakk\u0131 yoktur. \u0130nsanlar\u0131n bile bile \u00f6l\u00fcme s\u00fcr\u00fcklenmelerine g\u00f6z yummayaca\u011f\u0131z&#8221; demi\u015fti.<\/p>\n<p>MOB\u0130L DENET\u0130M KARAVANI<\/p>\n<p>Antalya Emniyet M\u00fcd\u00fcrl\u00fc\u011f\u00fc Trafik Denetleme \u015eube M\u00fcd\u00fcrl\u00fc\u011f\u00fc, motosiklet s\u00fcr\u00fcc\u00fclerinin trafik g\u00fcvenli\u011fini art\u0131rmak amac\u0131yla \u00f6zel olarak tasarlanan &#8216;Motosiklet Kullan\u0131c\u0131s\u0131 E\u011fitim \u0130stasyonu Trafik Mobil Karavan\u0131&#8217;n\u0131 hizmete sunmu\u015ftu. Karavan i\u00e7erisine motosikletiyle girebilen s\u00fcr\u00fcc\u00fclere kural ihlaliyle sadece kendi canlar\u0131n\u0131n de\u011fil, di\u011fer s\u00fcr\u00fcc\u00fclerin de canlar\u0131na zarar verilebilece\u011fi anlat\u0131l\u0131yor. G\u00f6revli bir trafik polis memuru, s\u00fcr\u00fcc\u00fclere kask\u0131n, kurallar\u0131n ve motosikletlerin bak\u0131m\u0131n\u0131n \u00f6neminin yan\u0131 s\u0131ra dikkatli olmalar\u0131 konusunda bilgilendirme ve uyar\u0131larda bulunuyor.<\/p>\n<p>\u200bAntalya\u2019da i\u015fe gidi\u015f ve \u00e7\u0131k\u0131\u015f saatlerinde yo\u011funlu\u011fun ya\u015fand\u0131\u011f\u0131 kent trafi\u011fi en \u00e7ok ele\u015ftirilen konular\u0131n ba\u015f\u0131nda geliyor. Kentte 40 dereceye yakla\u015fan s\u0131cakl\u0131kta trafikte \u00e7ekilen bir foto\u011fraf karesi g\u00f6revi ba\u015f\u0131ndaki emniyet te\u015fkilat\u0131n\u0131 mutlu etti. \u0130\u015fte detaylar\u2026\u00a0<\/p>\n<p>\u200bHaberin Al\u0131nt\u0131land\u0131\u011f\u0131 Kaynak: www.antalyakorfez.com<\/p>","protected":false},"excerpt":{"rendered":"<p>Turizm kenti Antalya\u2019da trafi\u011fe kay\u0131tl\u0131 motorlu ara\u00e7 say\u0131s\u0131 her ge\u00e7en g\u00fcn artmaya devam ediyor. Kentte ya\u015fanan trafik yo\u011funlu\u011fu s\u00fcr\u00fcc\u00fcleri alternatif \u00e7\u00f6z\u00fcmlere y\u00f6neltti. Bu noktada en \u00e7ok \u00f6ne \u00e7\u0131kan ise motosiklet kullan\u0131m\u0131 oldu. Kentte 40 derece hissedilen s\u0131cak havada \u00e7ekilen foto\u011fraf karesi ekipleri mutlu etti. Kareye giren motosiklet s\u00fcr\u00fcc\u00fclerinin ve yolcular\u0131nda kask oldu\u011fu ve kurallara uyuldu\u011fu g\u00f6r\u00fcld\u00fc. KASK YOKSA S\u00dcR\u00dc\u015e YOK Antalya emniyeti bir s\u00fcredir motosiklet kullan\u0131m\u0131na y\u00f6nelik \u015fehrin her noktas\u0131nda bir\u00e7ok uygulama ger\u00e7ekle\u015ftiriyor. Bu kapsamda Antalya \u0130l Emniyet M\u00fcd\u00fcrl\u00fc\u011f\u00fc Trafik \u015eube M\u00fcd\u00fcrl\u00fc\u011f\u00fc \u015eahin timleri motosiklet yolcusunda dahi kask yoksa yol almas\u0131na izin vermiyor. Ya s\u00fcr\u00fcc\u00fcn\u00fcn kask bulup getirmesi ya da yolcunun inerek yoluna devam etmesi sa\u011flan\u0131yor. O KARE MUTLU ETT\u0130 Antalya K\u00f6rfez Gazetesi Ertu\u011frul G\u00fcn&#8217;\u00fcn haberi ; yap\u0131lan denetimler ile bir yandan kaza oranlar\u0131na azalma kaydederken di\u011fer taraftan da yaralamalar\u0131n \u00f6n\u00fcne ge\u00e7ildi. Kentte 40 derece hissedilen s\u0131cak havada \u00e7ekilen foto\u011fraf karesi ekipleri mutlu etti. Kareye giren motosiklet s\u00fcr\u00fcc\u00fclerinin ve yolcular\u0131nda kask oldu\u011fu ve kurallara uyuldu\u011fu g\u00f6r\u00fcld\u00fc. \u00d6ZG\u00dcRL\u00dcK DE\u011e\u0130L KAZAYA DAVET\u0130YE \u0130l Emniyet M\u00fcd\u00fcr\u00fc \u0130lker Arslan, g\u00f6reve ba\u015flamas\u0131n\u0131n hemen ard\u0131ndan Antalya Gazeteciler Cemiyeti&#8217;ni (AGC) ziyaret etmi\u015fti. Arslan motosiklet kullan\u0131m\u0131na y\u00f6nelik \u00f6nemli mesajlar vermi\u015fti. Antalya&#8217;daki en \u00f6nemli sorun olarak trafikteki motosiklet say\u0131s\u0131na i\u015faret eden Arslan, \u201cT\u00fcrkiye&#8217;de kullan\u0131lan motosiklet say\u0131s\u0131 Antalya&#8217;da di\u011fer illere &hellip;<\/p>","protected":false},"author":5,"featured_media":0,"comment_status":"","ping_status":"open","sticky":false,"template":"","format":"standard","meta":{"_acf_changed":false,"footnotes":""},"categories":[24],"tags":[],"class_list":["post-126226","post","type-post","status-publish","format-standard","has-post-thumbnail","hentry","category-gundem"],"acf":[],"yoast_head":"<!-- This site is optimized with the Yoast SEO Premium plugin v26.6 (Yoast SEO v27.1.1) - https:\/\/yoast.com\/product\/yoast-seo-premium-wordpress\/ -->\n<title>Antalya trafik g\u00f6r\u00fcnt\u00fcs\u00fc bu kez sevindirdi! \u0130\u015fte emniyet te\u015fkilat\u0131n\u0131 mutlu eden o kare - Av. Deniz Can K\u0131z\u0131l<\/title>\n<meta name=\"robots\" content=\"index, follow, max-snippet:-1, max-image-preview:large, max-video-preview:-1\" \/>\n<link rel=\"canonical\" href=\"http:\/\/denizcankizil.tr\/ru\/haberler\/gundem\/antalya-trafik-goruntusu-bu-kez-sevindirdi-iste-emniyet-teskilatini-mutlu-eden-o-kare\/\" \/>\n<meta property=\"og:locale\" content=\"ru_RU\" \/>\n<meta property=\"og:type\" content=\"article\" \/>\n<meta property=\"og:title\" content=\"Antalya trafik g\u00f6r\u00fcnt\u00fcs\u00fc bu kez sevindirdi! \u0130\u015fte emniyet te\u015fkilat\u0131n\u0131 mutlu eden o kare\" \/>\n<meta property=\"og:description\" content=\"Turizm kenti Antalya\u2019da trafi\u011fe kay\u0131tl\u0131 motorlu ara\u00e7 say\u0131s\u0131 her ge\u00e7en g\u00fcn artmaya devam ediyor. Kentte ya\u015fanan trafik yo\u011funlu\u011fu s\u00fcr\u00fcc\u00fcleri alternatif \u00e7\u00f6z\u00fcmlere y\u00f6neltti. Bu noktada en \u00e7ok \u00f6ne \u00e7\u0131kan ise motosiklet kullan\u0131m\u0131 oldu. Kentte 40 derece hissedilen s\u0131cak havada \u00e7ekilen foto\u011fraf karesi ekipleri mutlu etti. Kareye giren motosiklet s\u00fcr\u00fcc\u00fclerinin ve yolcular\u0131nda kask oldu\u011fu ve kurallara uyuldu\u011fu g\u00f6r\u00fcld\u00fc. KASK YOKSA S\u00dcR\u00dc\u015e YOK Antalya emniyeti bir s\u00fcredir motosiklet kullan\u0131m\u0131na y\u00f6nelik \u015fehrin her noktas\u0131nda bir\u00e7ok uygulama ger\u00e7ekle\u015ftiriyor. Bu kapsamda Antalya \u0130l Emniyet M\u00fcd\u00fcrl\u00fc\u011f\u00fc Trafik \u015eube M\u00fcd\u00fcrl\u00fc\u011f\u00fc \u015eahin timleri motosiklet yolcusunda dahi kask yoksa yol almas\u0131na izin vermiyor. Ya s\u00fcr\u00fcc\u00fcn\u00fcn kask bulup getirmesi ya da yolcunun inerek yoluna devam etmesi sa\u011flan\u0131yor. O KARE MUTLU ETT\u0130 Antalya K\u00f6rfez Gazetesi Ertu\u011frul G\u00fcn&#8217;\u00fcn haberi ; yap\u0131lan denetimler ile bir yandan kaza oranlar\u0131na azalma kaydederken di\u011fer taraftan da yaralamalar\u0131n \u00f6n\u00fcne ge\u00e7ildi. Kentte 40 derece hissedilen s\u0131cak havada \u00e7ekilen foto\u011fraf karesi ekipleri mutlu etti. Kareye giren motosiklet s\u00fcr\u00fcc\u00fclerinin ve yolcular\u0131nda kask oldu\u011fu ve kurallara uyuldu\u011fu g\u00f6r\u00fcld\u00fc. \u00d6ZG\u00dcRL\u00dcK DE\u011e\u0130L KAZAYA DAVET\u0130YE \u0130l Emniyet M\u00fcd\u00fcr\u00fc \u0130lker Arslan, g\u00f6reve ba\u015flamas\u0131n\u0131n hemen ard\u0131ndan Antalya Gazeteciler Cemiyeti&#8217;ni (AGC) ziyaret etmi\u015fti. Arslan motosiklet kullan\u0131m\u0131na y\u00f6nelik \u00f6nemli mesajlar vermi\u015fti. Antalya&#8217;daki en \u00f6nemli sorun olarak trafikteki motosiklet say\u0131s\u0131na i\u015faret eden Arslan, \u201cT\u00fcrkiye&#8217;de kullan\u0131lan motosiklet say\u0131s\u0131 Antalya&#8217;da di\u011fer illere &hellip;\" \/>\n<meta property=\"og:url\" content=\"http:\/\/denizcankizil.tr\/ru\/haberler\/gundem\/antalya-trafik-goruntusu-bu-kez-sevindirdi-iste-emniyet-teskilatini-mutlu-eden-o-kare\/\" \/>\n<meta property=\"og:site_name\" content=\"Av. Deniz Can K\u0131z\u0131l\" \/>\n<meta property=\"article:published_time\" content=\"2025-06-25T12:42:00+00:00\" \/>\n<meta name=\"author\" content=\"Antalya K\u00f6rfez\" \/>\n<meta name=\"twitter:card\" content=\"summary_large_image\" \/>\n<meta name=\"twitter:label1\" content=\"\u041d\u0430\u043f\u0438\u0441\u0430\u043d\u043e \u0430\u0432\u0442\u043e\u0440\u043e\u043c\" \/>\n\t<meta name=\"twitter:data1\" content=\"Antalya K\u00f6rfez\" \/>\n\t<meta name=\"twitter:label2\" content=\"\u041f\u0440\u0438\u043c\u0435\u0440\u043d\u043e\u0435 \u0432\u0440\u0435\u043c\u044f \u0434\u043b\u044f \u0447\u0442\u0435\u043d\u0438\u044f\" \/>\n\t<meta name=\"twitter:data2\" content=\"3 \u043c\u0438\u043d\u0443\u0442\u044b\" \/>\n<script type=\"application\/ld+json\" class=\"yoast-schema-graph\">{\"@context\":\"https:\/\/schema.org\",\"@graph\":[{\"@type\":\"Article\",\"@id\":\"http:\/\/denizcankizil.tr\/ru\/haberler\/gundem\/antalya-trafik-goruntusu-bu-kez-sevindirdi-iste-emniyet-teskilatini-mutlu-eden-o-kare\/#article\",\"isPartOf\":{\"@id\":\"http:\/\/denizcankizil.tr\/ru\/haberler\/gundem\/antalya-trafik-goruntusu-bu-kez-sevindirdi-iste-emniyet-teskilatini-mutlu-eden-o-kare\/\"},\"author\":{\"name\":\"Antalya K\u00f6rfez\",\"@id\":\"https:\/\/denizcankizil.tr\/#\/schema\/person\/e1eb71bb4dd684d46563f0af307e1234\"},\"headline\":\"Antalya trafik g\u00f6r\u00fcnt\u00fcs\u00fc bu kez sevindirdi! \u0130\u015fte emniyet te\u015fkilat\u0131n\u0131 mutlu eden o kare\",\"datePublished\":\"2025-06-25T12:42:00+00:00\",\"mainEntityOfPage\":{\"@id\":\"http:\/\/denizcankizil.tr\/ru\/haberler\/gundem\/antalya-trafik-goruntusu-bu-kez-sevindirdi-iste-emniyet-teskilatini-mutlu-eden-o-kare\/\"},\"wordCount\":556,\"publisher\":{\"@id\":\"https:\/\/denizcankizil.tr\/#organization\"},\"articleSection\":[\"G\u00fcndem\"],\"inLanguage\":\"ru-RU\"},{\"@type\":\"WebPage\",\"@id\":\"http:\/\/denizcankizil.tr\/ru\/haberler\/gundem\/antalya-trafik-goruntusu-bu-kez-sevindirdi-iste-emniyet-teskilatini-mutlu-eden-o-kare\/\",\"url\":\"http:\/\/denizcankizil.tr\/ru\/haberler\/gundem\/antalya-trafik-goruntusu-bu-kez-sevindirdi-iste-emniyet-teskilatini-mutlu-eden-o-kare\/\",\"name\":\"Antalya trafik g\u00f6r\u00fcnt\u00fcs\u00fc bu kez sevindirdi! \u0130\u015fte emniyet te\u015fkilat\u0131n\u0131 mutlu eden o kare - Av. Deniz Can K\u0131z\u0131l\",\"isPartOf\":{\"@id\":\"https:\/\/denizcankizil.tr\/#website\"},\"datePublished\":\"2025-06-25T12:42:00+00:00\",\"breadcrumb\":{\"@id\":\"http:\/\/denizcankizil.tr\/ru\/haberler\/gundem\/antalya-trafik-goruntusu-bu-kez-sevindirdi-iste-emniyet-teskilatini-mutlu-eden-o-kare\/#breadcrumb\"},\"inLanguage\":\"ru-RU\",\"potentialAction\":[{\"@type\":\"ReadAction\",\"target\":[\"http:\/\/denizcankizil.tr\/ru\/haberler\/gundem\/antalya-trafik-goruntusu-bu-kez-sevindirdi-iste-emniyet-teskilatini-mutlu-eden-o-kare\/\"]}]},{\"@type\":\"BreadcrumbList\",\"@id\":\"http:\/\/denizcankizil.tr\/ru\/haberler\/gundem\/antalya-trafik-goruntusu-bu-kez-sevindirdi-iste-emniyet-teskilatini-mutlu-eden-o-kare\/#breadcrumb\",\"itemListElement\":[{\"@type\":\"ListItem\",\"position\":1,\"name\":\"Home\",\"item\":\"https:\/\/denizcankizil.tr\/de\/\"},{\"@type\":\"ListItem\",\"position\":2,\"name\":\"Antalya trafik g\u00f6r\u00fcnt\u00fcs\u00fc bu kez sevindirdi! \u0130\u015fte emniyet te\u015fkilat\u0131n\u0131 mutlu eden o kare\"}]},{\"@type\":\"WebSite\",\"@id\":\"https:\/\/denizcankizil.tr\/#website\",\"url\":\"https:\/\/denizcankizil.tr\/\",\"name\":\"Av. Deniz Can K\u0131z\u0131l\",\"description\":\"Avukat Deniz Can K\u0131z\u0131l Antalya Barosu\",\"publisher\":{\"@id\":\"https:\/\/denizcankizil.tr\/#organization\"},\"potentialAction\":[{\"@type\":\"SearchAction\",\"target\":{\"@type\":\"EntryPoint\",\"urlTemplate\":\"https:\/\/denizcankizil.tr\/?s={search_term_string}\"},\"query-input\":{\"@type\":\"PropertyValueSpecification\",\"valueRequired\":true,\"valueName\":\"search_term_string\"}}],\"inLanguage\":\"ru-RU\"},{\"@type\":\"Organization\",\"@id\":\"https:\/\/denizcankizil.tr\/#organization\",\"name\":\"Av. Deniz Can K\u0131z\u0131l\",\"url\":\"https:\/\/denizcankizil.tr\/\",\"logo\":{\"@type\":\"ImageObject\",\"inLanguage\":\"ru-RU\",\"@id\":\"https:\/\/denizcankizil.tr\/#\/schema\/logo\/image\/\",\"url\":\"http:\/\/denizcankizil.tr\/wp-content\/uploads\/2024\/10\/siyah-logo-svg.svg\",\"contentUrl\":\"http:\/\/denizcankizil.tr\/wp-content\/uploads\/2024\/10\/siyah-logo-svg.svg\",\"width\":1080,\"height\":1080,\"caption\":\"Av. Deniz Can K\u0131z\u0131l\"},\"image\":{\"@id\":\"https:\/\/denizcankizil.tr\/#\/schema\/logo\/image\/\"}},{\"@type\":\"Person\",\"@id\":\"https:\/\/denizcankizil.tr\/#\/schema\/person\/e1eb71bb4dd684d46563f0af307e1234\",\"name\":\"Antalya K\u00f6rfez\",\"image\":{\"@type\":\"ImageObject\",\"inLanguage\":\"ru-RU\",\"@id\":\"https:\/\/denizcankizil.tr\/#\/schema\/person\/image\/\",\"url\":\"https:\/\/secure.gravatar.com\/avatar\/42b01982558a48a0b501fdcab6a408d3717ea5919095ee2e67b0e521799c5905?s=96&d=mm&r=g\",\"contentUrl\":\"https:\/\/secure.gravatar.com\/avatar\/42b01982558a48a0b501fdcab6a408d3717ea5919095ee2e67b0e521799c5905?s=96&d=mm&r=g\",\"caption\":\"Antalya K\u00f6rfez\"},\"sameAs\":[\"http:\/\/www.antalyakorfez.com\"],\"url\":\"https:\/\/www.antalyakorfez.com\/antalya-trafik-goruntusu-bu-kez-sevindirdi-iste-emniyet-teskilatini-mutlu-eden-o-kare\"}]}<\/script>\n<!-- \/ Yoast SEO Premium plugin. -->","yoast_head_json":{"title":"Antalya trafik g\u00f6r\u00fcnt\u00fcs\u00fc bu kez sevindirdi! \u0130\u015fte emniyet te\u015fkilat\u0131n\u0131 mutlu eden o kare - Av. Deniz Can K\u0131z\u0131l","robots":{"index":"index","follow":"follow","max-snippet":"max-snippet:-1","max-image-preview":"max-image-preview:large","max-video-preview":"max-video-preview:-1"},"canonical":"http:\/\/denizcankizil.tr\/ru\/haberler\/gundem\/antalya-trafik-goruntusu-bu-kez-sevindirdi-iste-emniyet-teskilatini-mutlu-eden-o-kare\/","og_locale":"ru_RU","og_type":"article","og_title":"Antalya trafik g\u00f6r\u00fcnt\u00fcs\u00fc bu kez sevindirdi! \u0130\u015fte emniyet te\u015fkilat\u0131n\u0131 mutlu eden o kare","og_description":"Turizm kenti Antalya\u2019da trafi\u011fe kay\u0131tl\u0131 motorlu ara\u00e7 say\u0131s\u0131 her ge\u00e7en g\u00fcn artmaya devam ediyor. Kentte ya\u015fanan trafik yo\u011funlu\u011fu s\u00fcr\u00fcc\u00fcleri alternatif \u00e7\u00f6z\u00fcmlere y\u00f6neltti. Bu noktada en \u00e7ok \u00f6ne \u00e7\u0131kan ise motosiklet kullan\u0131m\u0131 oldu. Kentte 40 derece hissedilen s\u0131cak havada \u00e7ekilen foto\u011fraf karesi ekipleri mutlu etti. Kareye giren motosiklet s\u00fcr\u00fcc\u00fclerinin ve yolcular\u0131nda kask oldu\u011fu ve kurallara uyuldu\u011fu g\u00f6r\u00fcld\u00fc. KASK YOKSA S\u00dcR\u00dc\u015e YOK Antalya emniyeti bir s\u00fcredir motosiklet kullan\u0131m\u0131na y\u00f6nelik \u015fehrin her noktas\u0131nda bir\u00e7ok uygulama ger\u00e7ekle\u015ftiriyor. Bu kapsamda Antalya \u0130l Emniyet M\u00fcd\u00fcrl\u00fc\u011f\u00fc Trafik \u015eube M\u00fcd\u00fcrl\u00fc\u011f\u00fc \u015eahin timleri motosiklet yolcusunda dahi kask yoksa yol almas\u0131na izin vermiyor. Ya s\u00fcr\u00fcc\u00fcn\u00fcn kask bulup getirmesi ya da yolcunun inerek yoluna devam etmesi sa\u011flan\u0131yor. O KARE MUTLU ETT\u0130 Antalya K\u00f6rfez Gazetesi Ertu\u011frul G\u00fcn&#8217;\u00fcn haberi ; yap\u0131lan denetimler ile bir yandan kaza oranlar\u0131na azalma kaydederken di\u011fer taraftan da yaralamalar\u0131n \u00f6n\u00fcne ge\u00e7ildi. Kentte 40 derece hissedilen s\u0131cak havada \u00e7ekilen foto\u011fraf karesi ekipleri mutlu etti. Kareye giren motosiklet s\u00fcr\u00fcc\u00fclerinin ve yolcular\u0131nda kask oldu\u011fu ve kurallara uyuldu\u011fu g\u00f6r\u00fcld\u00fc. \u00d6ZG\u00dcRL\u00dcK DE\u011e\u0130L KAZAYA DAVET\u0130YE \u0130l Emniyet M\u00fcd\u00fcr\u00fc \u0130lker Arslan, g\u00f6reve ba\u015flamas\u0131n\u0131n hemen ard\u0131ndan Antalya Gazeteciler Cemiyeti&#8217;ni (AGC) ziyaret etmi\u015fti. Arslan motosiklet kullan\u0131m\u0131na y\u00f6nelik \u00f6nemli mesajlar vermi\u015fti. Antalya&#8217;daki en \u00f6nemli sorun olarak trafikteki motosiklet say\u0131s\u0131na i\u015faret eden Arslan, \u201cT\u00fcrkiye&#8217;de kullan\u0131lan motosiklet say\u0131s\u0131 Antalya&#8217;da di\u011fer illere &hellip;","og_url":"http:\/\/denizcankizil.tr\/ru\/haberler\/gundem\/antalya-trafik-goruntusu-bu-kez-sevindirdi-iste-emniyet-teskilatini-mutlu-eden-o-kare\/","og_site_name":"Av. Deniz Can K\u0131z\u0131l","article_published_time":"2025-06-25T12:42:00+00:00","author":"Antalya K\u00f6rfez","twitter_card":"summary_large_image","twitter_misc":{"\u041d\u0430\u043f\u0438\u0441\u0430\u043d\u043e \u0430\u0432\u0442\u043e\u0440\u043e\u043c":"Antalya K\u00f6rfez","\u041f\u0440\u0438\u043c\u0435\u0440\u043d\u043e\u0435 \u0432\u0440\u0435\u043c\u044f \u0434\u043b\u044f \u0447\u0442\u0435\u043d\u0438\u044f":"3 \u043c\u0438\u043d\u0443\u0442\u044b"},"schema":{"@context":"https:\/\/schema.org","@graph":[{"@type":"Article","@id":"http:\/\/denizcankizil.tr\/ru\/haberler\/gundem\/antalya-trafik-goruntusu-bu-kez-sevindirdi-iste-emniyet-teskilatini-mutlu-eden-o-kare\/#article","isPartOf":{"@id":"http:\/\/denizcankizil.tr\/ru\/haberler\/gundem\/antalya-trafik-goruntusu-bu-kez-sevindirdi-iste-emniyet-teskilatini-mutlu-eden-o-kare\/"},"author":{"name":"Antalya K\u00f6rfez","@id":"https:\/\/denizcankizil.tr\/#\/schema\/person\/e1eb71bb4dd684d46563f0af307e1234"},"headline":"Antalya trafik g\u00f6r\u00fcnt\u00fcs\u00fc bu kez sevindirdi! \u0130\u015fte emniyet te\u015fkilat\u0131n\u0131 mutlu eden o kare","datePublished":"2025-06-25T12:42:00+00:00","mainEntityOfPage":{"@id":"http:\/\/denizcankizil.tr\/ru\/haberler\/gundem\/antalya-trafik-goruntusu-bu-kez-sevindirdi-iste-emniyet-teskilatini-mutlu-eden-o-kare\/"},"wordCount":556,"publisher":{"@id":"https:\/\/denizcankizil.tr\/#organization"},"articleSection":["G\u00fcndem"],"inLanguage":"ru-RU"},{"@type":"WebPage","@id":"http:\/\/denizcankizil.tr\/ru\/haberler\/gundem\/antalya-trafik-goruntusu-bu-kez-sevindirdi-iste-emniyet-teskilatini-mutlu-eden-o-kare\/","url":"http:\/\/denizcankizil.tr\/ru\/haberler\/gundem\/antalya-trafik-goruntusu-bu-kez-sevindirdi-iste-emniyet-teskilatini-mutlu-eden-o-kare\/","name":"Antalya trafik g\u00f6r\u00fcnt\u00fcs\u00fc bu kez sevindirdi! \u0130\u015fte emniyet te\u015fkilat\u0131n\u0131 mutlu eden o kare - Av. Deniz Can K\u0131z\u0131l","isPartOf":{"@id":"https:\/\/denizcankizil.tr\/#website"},"datePublished":"2025-06-25T12:42:00+00:00","breadcrumb":{"@id":"http:\/\/denizcankizil.tr\/ru\/haberler\/gundem\/antalya-trafik-goruntusu-bu-kez-sevindirdi-iste-emniyet-teskilatini-mutlu-eden-o-kare\/#breadcrumb"},"inLanguage":"ru-RU","potentialAction":[{"@type":"ReadAction","target":["http:\/\/denizcankizil.tr\/ru\/haberler\/gundem\/antalya-trafik-goruntusu-bu-kez-sevindirdi-iste-emniyet-teskilatini-mutlu-eden-o-kare\/"]}]},{"@type":"BreadcrumbList","@id":"http:\/\/denizcankizil.tr\/ru\/haberler\/gundem\/antalya-trafik-goruntusu-bu-kez-sevindirdi-iste-emniyet-teskilatini-mutlu-eden-o-kare\/#breadcrumb","itemListElement":[{"@type":"ListItem","position":1,"name":"Home","item":"https:\/\/denizcankizil.tr\/de\/"},{"@type":"ListItem","position":2,"name":"Antalya trafik g\u00f6r\u00fcnt\u00fcs\u00fc bu kez sevindirdi! \u0130\u015fte emniyet te\u015fkilat\u0131n\u0131 mutlu eden o kare"}]},{"@type":"WebSite","@id":"https:\/\/denizcankizil.tr\/#website","url":"https:\/\/denizcankizil.tr\/","name":"Av. Deniz Can K\u0131z\u0131l","description":"Avukat Deniz Can K\u0131z\u0131l Antalya Barosu","publisher":{"@id":"https:\/\/denizcankizil.tr\/#organization"},"potentialAction":[{"@type":"SearchAction","target":{"@type":"EntryPoint","urlTemplate":"https:\/\/denizcankizil.tr\/?s={search_term_string}"},"query-input":{"@type":"PropertyValueSpecification","valueRequired":true,"valueName":"search_term_string"}}],"inLanguage":"ru-RU"},{"@type":"Organization","@id":"https:\/\/denizcankizil.tr\/#organization","name":"Av. Deniz Can K\u0131z\u0131l","url":"https:\/\/denizcankizil.tr\/","logo":{"@type":"ImageObject","inLanguage":"ru-RU","@id":"https:\/\/denizcankizil.tr\/#\/schema\/logo\/image\/","url":"http:\/\/denizcankizil.tr\/wp-content\/uploads\/2024\/10\/siyah-logo-svg.svg","contentUrl":"http:\/\/denizcankizil.tr\/wp-content\/uploads\/2024\/10\/siyah-logo-svg.svg","width":1080,"height":1080,"caption":"Av. Deniz Can K\u0131z\u0131l"},"image":{"@id":"https:\/\/denizcankizil.tr\/#\/schema\/logo\/image\/"}},{"@type":"Person","@id":"https:\/\/denizcankizil.tr\/#\/schema\/person\/e1eb71bb4dd684d46563f0af307e1234","name":"Antalya K\u00f6rfez","image":{"@type":"ImageObject","inLanguage":"ru-RU","@id":"https:\/\/denizcankizil.tr\/#\/schema\/person\/image\/","url":"https:\/\/secure.gravatar.com\/avatar\/42b01982558a48a0b501fdcab6a408d3717ea5919095ee2e67b0e521799c5905?s=96&d=mm&r=g","contentUrl":"https:\/\/secure.gravatar.com\/avatar\/42b01982558a48a0b501fdcab6a408d3717ea5919095ee2e67b0e521799c5905?s=96&d=mm&r=g","caption":"Antalya K\u00f6rfez"},"sameAs":["http:\/\/www.antalyakorfez.com"],"url":"https:\/\/www.antalyakorfez.com\/antalya-trafik-goruntusu-bu-kez-sevindirdi-iste-emniyet-teskilatini-mutlu-eden-o-kare"}]}},"_links":{"self":[{"href":"http:\/\/denizcankizil.tr\/ru\/wp-json\/wp\/v2\/posts\/126226","targetHints":{"allow":["GET"]}}],"collection":[{"href":"http:\/\/denizcankizil.tr\/ru\/wp-json\/wp\/v2\/posts"}],"about":[{"href":"http:\/\/denizcankizil.tr\/ru\/wp-json\/wp\/v2\/types\/post"}],"author":[{"embeddable":true,"href":"http:\/\/denizcankizil.tr\/ru\/wp-json\/wp\/v2\/users\/5"}],"replies":[{"embeddable":true,"href":"http:\/\/denizcankizil.tr\/ru\/wp-json\/wp\/v2\/comments?post=126226"}],"version-history":[{"count":0,"href":"http:\/\/denizcankizil.tr\/ru\/wp-json\/wp\/v2\/posts\/126226\/revisions"}],"wp:attachment":[{"href":"http:\/\/denizcankizil.tr\/ru\/wp-json\/wp\/v2\/media?parent=126226"}],"wp:term":[{"taxonomy":"category","embeddable":true,"href":"http:\/\/denizcankizil.tr\/ru\/wp-json\/wp\/v2\/categories?post=126226"},{"taxonomy":"post_tag","embeddable":true,"href":"http:\/\/denizcankizil.tr\/ru\/wp-json\/wp\/v2\/tags?post=126226"}],"curies":[{"name":"wp","href":"https:\/\/api.w.org\/{rel}","templated":true}]}}