{"id":125384,"date":"2025-06-24T18:42:21","date_gmt":"2025-06-24T15:42:21","guid":{"rendered":"https:\/\/denizcankizil.tr\/uncategorized-tr\/bakan-yumaklidan-yesil-vatan-uyarisi\/"},"modified":"2025-06-24T18:42:21","modified_gmt":"2025-06-24T15:42:21","slug":"bakan-yumaklidan-yesil-vatan-uyarisi","status":"publish","type":"post","link":"http:\/\/denizcankizil.tr\/ru\/haberler\/gundem\/bakan-yumaklidan-yesil-vatan-uyarisi\/","title":{"rendered":"Bakan Yumakl\u0131&#8217;dan &#8216;ye\u015fil vatan&#8217; uyar\u0131s\u0131!"},"content":{"rendered":"<p>Tar\u0131m ve Orman Bakan\u0131 \u0130brahim Yumakl\u0131, artan s\u0131cakl\u0131klar\u0131n orman yang\u0131n\u0131 riskini art\u0131rd\u0131\u011f\u0131n\u0131 belirterek, vatanda\u015flar\u0131 an\u0131z yakmamaya, ate\u015f ve izmarit atmamaya \u00e7a\u011f\u0131rd\u0131.ANKARA (\u0130GFA) &#8211;  Tar\u0131m ve Orman Bakan\u0131 \u0130brahim Yumakl\u0131, meteorolojik verilerin \u00f6n\u00fcm\u00fczdeki g\u00fcnlerde ola\u011fan\u00fcst\u00fc s\u0131cakl\u0131k art\u0131\u015f\u0131 \u00f6ng\u00f6rd\u00fc\u011f\u00fcn\u00fc a\u00e7\u0131klayarak, orman yang\u0131nlar\u0131na kar\u015f\u0131 vatanda\u015flar\u0131 uyard\u0131. \u201cYe\u015fil vatan\u201d i\u00e7in herkesin daha dikkatli olmas\u0131 gerekti\u011fini vurgulayan Yumakl\u0131, s\u0131cakl\u0131klar\u0131n yang\u0131n riskini en \u00fcst d\u00fczeye \u00e7\u0131kard\u0131\u011f\u0131n\u0131 ifade etti.<br \/>\nBakanl\u0131k olarak 200 y\u0131la yak\u0131n tecr\u00fcbe, ileri teknoloji ekipmanlar, hava ve kara ara\u00e7lar\u0131 ile orman yang\u0131nlar\u0131na kar\u015f\u0131 haz\u0131r olduklar\u0131n\u0131 belirten Yumakl\u0131, \u201cAs\u0131l ba\u015far\u0131, yang\u0131n\u0131n hi\u00e7 \u00e7\u0131kmamas\u0131n\u0131 sa\u011flamakt\u0131r. Bir ihmal, binlerce a\u011fac\u0131 ve canl\u0131y\u0131 yok edebilir\u201d dedi. Yumakl\u0131, ormanl\u0131k ve k\u0131rsal alanlarda yang\u0131na sebep olabilecek davran\u0131\u015flardan ka\u00e7\u0131n\u0131lmas\u0131n\u0131n hayati \u00f6nem ta\u015f\u0131d\u0131\u011f\u0131n\u0131 vurgulayarak, \u201cBirlikte ye\u015fil vatan\u0131m\u0131z\u0131 koruyal\u0131m\u201d \u00e7a\u011fr\u0131s\u0131 yapt\u0131.<br \/>\nYumakl\u0131, vatanda\u015flara \u015fu uyar\u0131larda bulundu: <\/p>\n<p> An\u0131z yakmay\u0131n, ormanl\u0131k alanlarda ate\u015f yakmay\u0131n.<br \/>\n \u0130zmarit ve at\u0131klar\u0131 \u00e7\u00f6pe at\u0131n.<br \/>\n Bi\u00e7erd\u00f6ver ve balya makineleri \u00e7al\u0131\u015f\u0131rken su tankeri ve yang\u0131n s\u00f6nd\u00fcrme cihaz\u0131 bulundurun.<br \/>\n En ufak duman g\u00f6rd\u00fc\u011f\u00fcn\u00fczde 112\u2019yi aray\u0131n.<\/p>\n<p>\u200bTar\u0131m ve Orman Bakan\u0131 \u0130brahim Yumakl\u0131, artan s\u0131cakl\u0131klar\u0131n orman yang\u0131n\u0131 riskini art\u0131rd\u0131\u011f\u0131n\u0131 belirterek, vatanda\u015flar\u0131 an\u0131z yakmamaya, ate\u015f ve izmarit atmamaya \u00e7a\u011f\u0131rd\u0131.ANKARA (\u0130GFA) &#8211;  Tar\u0131m ve Orman Bakan\u0131 \u0130brahim Yumakl\u0131, meteorolojik verilerin \u00f6n\u00fcm\u00fczdeki g\u00fcnlerde ola\u011fan\u00fcst\u00fc s\u0131cakl\u0131k art\u0131\u015f\u0131 \u00f6ng\u00f6rd\u00fc\u011f\u00fcn\u00fc a\u00e7\u0131klayarak, orman yang\u0131nlar\u0131na kar\u015f\u0131 vatanda\u015flar\u0131 uyard\u0131. \u201cYe\u015fil vatan\u201d i\u00e7in herkesin daha dikkatli olmas\u0131 gerekti\u011fini vurgulayan Yumakl\u0131, s\u0131cakl\u0131klar\u0131n yang\u0131n riskini en \u00fcst d\u00fczeye \u00e7\u0131kard\u0131\u011f\u0131n\u0131 ifade etti.<br \/>\nBakanl\u0131k olarak 200 y\u0131la yak\u0131n tecr\u00fcbe, ileri teknoloji ekipmanlar, hava ve kara ara\u00e7lar\u0131 ile orman yang\u0131nlar\u0131na kar\u015f\u0131 haz\u0131r olduklar\u0131n\u0131 belirten Yumakl\u0131, \u201cAs\u0131l ba\u015far\u0131, yang\u0131n\u0131n hi\u00e7 \u00e7\u0131kmamas\u0131n\u0131 sa\u011flamakt\u0131r. Bir ihmal, binlerce a\u011fac\u0131 ve canl\u0131y\u0131 yok edebilir\u201d dedi. Yumakl\u0131, ormanl\u0131k ve k\u0131rsal alanlarda yang\u0131na sebep olabilecek davran\u0131\u015flardan ka\u00e7\u0131n\u0131lmas\u0131n\u0131n hayati \u00f6nem ta\u015f\u0131d\u0131\u011f\u0131n\u0131 vurgulayarak, \u201cBirlikte ye\u015fil vatan\u0131m\u0131z\u0131 koruyal\u0131m\u201d \u00e7a\u011fr\u0131s\u0131 yapt\u0131.<br \/>\nYumakl\u0131, vatanda\u015flara \u015fu uyar\u0131larda bulundu: <\/p>\n<p> An\u0131z yakmay\u0131n, ormanl\u0131k alanlarda ate\u015f yakmay\u0131n.<br \/>\n \u0130zmarit ve at\u0131klar\u0131 \u00e7\u00f6pe at\u0131n.<br \/>\n Bi\u00e7erd\u00f6ver ve balya makineleri \u00e7al\u0131\u015f\u0131rken su tankeri ve yang\u0131n s\u00f6nd\u00fcrme cihaz\u0131 bulundurun.<br \/>\n En ufak duman g\u00f6rd\u00fc\u011f\u00fcn\u00fczde 112\u2019yi aray\u0131n.\u00a0<\/p>\n<p>\u200bHaberin Al\u0131nt\u0131land\u0131\u011f\u0131 Kaynak: www.iskenderun.org<\/p>","protected":false},"excerpt":{"rendered":"<p>Tar\u0131m ve Orman Bakan\u0131 \u0130brahim Yumakl\u0131, artan s\u0131cakl\u0131klar\u0131n orman yang\u0131n\u0131 riskini art\u0131rd\u0131\u011f\u0131n\u0131 belirterek, vatanda\u015flar\u0131 an\u0131z yakmamaya, ate\u015f ve izmarit atmamaya \u00e7a\u011f\u0131rd\u0131.ANKARA (\u0130GFA) &#8211; Tar\u0131m ve Orman Bakan\u0131 \u0130brahim Yumakl\u0131, meteorolojik verilerin \u00f6n\u00fcm\u00fczdeki g\u00fcnlerde ola\u011fan\u00fcst\u00fc s\u0131cakl\u0131k art\u0131\u015f\u0131 \u00f6ng\u00f6rd\u00fc\u011f\u00fcn\u00fc a\u00e7\u0131klayarak, orman yang\u0131nlar\u0131na kar\u015f\u0131 vatanda\u015flar\u0131 uyard\u0131. \u201cYe\u015fil vatan\u201d i\u00e7in herkesin daha dikkatli olmas\u0131 gerekti\u011fini vurgulayan Yumakl\u0131, s\u0131cakl\u0131klar\u0131n yang\u0131n riskini en \u00fcst d\u00fczeye \u00e7\u0131kard\u0131\u011f\u0131n\u0131 ifade etti. Bakanl\u0131k olarak 200 y\u0131la yak\u0131n tecr\u00fcbe, ileri teknoloji ekipmanlar, hava ve kara ara\u00e7lar\u0131 ile orman yang\u0131nlar\u0131na kar\u015f\u0131 haz\u0131r olduklar\u0131n\u0131 belirten Yumakl\u0131, \u201cAs\u0131l ba\u015far\u0131, yang\u0131n\u0131n hi\u00e7 \u00e7\u0131kmamas\u0131n\u0131 sa\u011flamakt\u0131r. Bir ihmal, binlerce a\u011fac\u0131 ve canl\u0131y\u0131 yok edebilir\u201d dedi. Yumakl\u0131, ormanl\u0131k ve k\u0131rsal alanlarda yang\u0131na sebep olabilecek davran\u0131\u015flardan ka\u00e7\u0131n\u0131lmas\u0131n\u0131n hayati \u00f6nem ta\u015f\u0131d\u0131\u011f\u0131n\u0131 vurgulayarak, \u201cBirlikte ye\u015fil vatan\u0131m\u0131z\u0131 koruyal\u0131m\u201d \u00e7a\u011fr\u0131s\u0131 yapt\u0131. Yumakl\u0131, vatanda\u015flara \u015fu uyar\u0131larda bulundu: An\u0131z yakmay\u0131n, ormanl\u0131k alanlarda ate\u015f yakmay\u0131n. \u0130zmarit ve at\u0131klar\u0131 \u00e7\u00f6pe at\u0131n. Bi\u00e7erd\u00f6ver ve balya makineleri \u00e7al\u0131\u015f\u0131rken su tankeri ve yang\u0131n s\u00f6nd\u00fcrme cihaz\u0131 bulundurun. En ufak duman g\u00f6rd\u00fc\u011f\u00fcn\u00fczde 112\u2019yi aray\u0131n. \u200bTar\u0131m ve Orman Bakan\u0131 \u0130brahim Yumakl\u0131, artan s\u0131cakl\u0131klar\u0131n orman yang\u0131n\u0131 riskini art\u0131rd\u0131\u011f\u0131n\u0131 belirterek, vatanda\u015flar\u0131 an\u0131z yakmamaya, ate\u015f ve izmarit atmamaya \u00e7a\u011f\u0131rd\u0131.ANKARA (\u0130GFA) &#8211; Tar\u0131m ve Orman Bakan\u0131 \u0130brahim Yumakl\u0131, meteorolojik verilerin \u00f6n\u00fcm\u00fczdeki g\u00fcnlerde ola\u011fan\u00fcst\u00fc s\u0131cakl\u0131k art\u0131\u015f\u0131 \u00f6ng\u00f6rd\u00fc\u011f\u00fcn\u00fc a\u00e7\u0131klayarak, orman yang\u0131nlar\u0131na kar\u015f\u0131 vatanda\u015flar\u0131 uyard\u0131. \u201cYe\u015fil vatan\u201d i\u00e7in herkesin daha &hellip;<\/p>","protected":false},"author":1,"featured_media":0,"comment_status":"","ping_status":"open","sticky":false,"template":"","format":"standard","meta":{"_acf_changed":false,"footnotes":""},"categories":[24],"tags":[],"class_list":["post-125384","post","type-post","status-publish","format-standard","has-post-thumbnail","hentry","category-gundem"],"acf":[],"yoast_head":"<!-- This site is optimized with the Yoast SEO Premium plugin v26.6 (Yoast SEO v27.1.1) - https:\/\/yoast.com\/product\/yoast-seo-premium-wordpress\/ -->\n<title>Bakan Yumakl\u0131&#039;dan &#039;ye\u015fil vatan&#039; uyar\u0131s\u0131! - Av. Deniz Can K\u0131z\u0131l<\/title>\n<meta name=\"robots\" content=\"index, follow, max-snippet:-1, max-image-preview:large, max-video-preview:-1\" \/>\n<link rel=\"canonical\" href=\"https:\/\/denizcankizil.tr\/ru\/haberler\/gundem\/bakan-yumaklidan-yesil-vatan-uyarisi\/\" \/>\n<meta property=\"og:locale\" content=\"ru_RU\" \/>\n<meta property=\"og:type\" content=\"article\" \/>\n<meta property=\"og:title\" content=\"Bakan Yumakl\u0131&#039;dan &#039;ye\u015fil vatan&#039; uyar\u0131s\u0131!\" \/>\n<meta property=\"og:description\" content=\"Tar\u0131m ve Orman Bakan\u0131 \u0130brahim Yumakl\u0131, artan s\u0131cakl\u0131klar\u0131n orman yang\u0131n\u0131 riskini art\u0131rd\u0131\u011f\u0131n\u0131 belirterek, vatanda\u015flar\u0131 an\u0131z yakmamaya, ate\u015f ve izmarit atmamaya \u00e7a\u011f\u0131rd\u0131.ANKARA (\u0130GFA) &#8211; Tar\u0131m ve Orman Bakan\u0131 \u0130brahim Yumakl\u0131, meteorolojik verilerin \u00f6n\u00fcm\u00fczdeki g\u00fcnlerde ola\u011fan\u00fcst\u00fc s\u0131cakl\u0131k art\u0131\u015f\u0131 \u00f6ng\u00f6rd\u00fc\u011f\u00fcn\u00fc a\u00e7\u0131klayarak, orman yang\u0131nlar\u0131na kar\u015f\u0131 vatanda\u015flar\u0131 uyard\u0131. \u201cYe\u015fil vatan\u201d i\u00e7in herkesin daha dikkatli olmas\u0131 gerekti\u011fini vurgulayan Yumakl\u0131, s\u0131cakl\u0131klar\u0131n yang\u0131n riskini en \u00fcst d\u00fczeye \u00e7\u0131kard\u0131\u011f\u0131n\u0131 ifade etti. Bakanl\u0131k olarak 200 y\u0131la yak\u0131n tecr\u00fcbe, ileri teknoloji ekipmanlar, hava ve kara ara\u00e7lar\u0131 ile orman yang\u0131nlar\u0131na kar\u015f\u0131 haz\u0131r olduklar\u0131n\u0131 belirten Yumakl\u0131, \u201cAs\u0131l ba\u015far\u0131, yang\u0131n\u0131n hi\u00e7 \u00e7\u0131kmamas\u0131n\u0131 sa\u011flamakt\u0131r. Bir ihmal, binlerce a\u011fac\u0131 ve canl\u0131y\u0131 yok edebilir\u201d dedi. Yumakl\u0131, ormanl\u0131k ve k\u0131rsal alanlarda yang\u0131na sebep olabilecek davran\u0131\u015flardan ka\u00e7\u0131n\u0131lmas\u0131n\u0131n hayati \u00f6nem ta\u015f\u0131d\u0131\u011f\u0131n\u0131 vurgulayarak, \u201cBirlikte ye\u015fil vatan\u0131m\u0131z\u0131 koruyal\u0131m\u201d \u00e7a\u011fr\u0131s\u0131 yapt\u0131. Yumakl\u0131, vatanda\u015flara \u015fu uyar\u0131larda bulundu: An\u0131z yakmay\u0131n, ormanl\u0131k alanlarda ate\u015f yakmay\u0131n. \u0130zmarit ve at\u0131klar\u0131 \u00e7\u00f6pe at\u0131n. Bi\u00e7erd\u00f6ver ve balya makineleri \u00e7al\u0131\u015f\u0131rken su tankeri ve yang\u0131n s\u00f6nd\u00fcrme cihaz\u0131 bulundurun. En ufak duman g\u00f6rd\u00fc\u011f\u00fcn\u00fczde 112\u2019yi aray\u0131n. \u200bTar\u0131m ve Orman Bakan\u0131 \u0130brahim Yumakl\u0131, artan s\u0131cakl\u0131klar\u0131n orman yang\u0131n\u0131 riskini art\u0131rd\u0131\u011f\u0131n\u0131 belirterek, vatanda\u015flar\u0131 an\u0131z yakmamaya, ate\u015f ve izmarit atmamaya \u00e7a\u011f\u0131rd\u0131.ANKARA (\u0130GFA) &#8211; Tar\u0131m ve Orman Bakan\u0131 \u0130brahim Yumakl\u0131, meteorolojik verilerin \u00f6n\u00fcm\u00fczdeki g\u00fcnlerde ola\u011fan\u00fcst\u00fc s\u0131cakl\u0131k art\u0131\u015f\u0131 \u00f6ng\u00f6rd\u00fc\u011f\u00fcn\u00fc a\u00e7\u0131klayarak, orman yang\u0131nlar\u0131na kar\u015f\u0131 vatanda\u015flar\u0131 uyard\u0131. \u201cYe\u015fil vatan\u201d i\u00e7in herkesin daha &hellip;\" \/>\n<meta property=\"og:url\" content=\"https:\/\/denizcankizil.tr\/ru\/haberler\/gundem\/bakan-yumaklidan-yesil-vatan-uyarisi\/\" \/>\n<meta property=\"og:site_name\" content=\"Av. Deniz Can K\u0131z\u0131l\" \/>\n<meta property=\"article:published_time\" content=\"2025-06-24T15:42:21+00:00\" \/>\n<meta name=\"author\" content=\"admin\" \/>\n<meta name=\"twitter:card\" content=\"summary_large_image\" \/>\n<meta name=\"twitter:label1\" content=\"\u041d\u0430\u043f\u0438\u0441\u0430\u043d\u043e \u0430\u0432\u0442\u043e\u0440\u043e\u043c\" \/>\n\t<meta name=\"twitter:data1\" content=\"admin\" \/>\n\t<meta name=\"twitter:label2\" content=\"\u041f\u0440\u0438\u043c\u0435\u0440\u043d\u043e\u0435 \u0432\u0440\u0435\u043c\u044f \u0434\u043b\u044f \u0447\u0442\u0435\u043d\u0438\u044f\" \/>\n\t<meta name=\"twitter:data2\" content=\"2 \u043c\u0438\u043d\u0443\u0442\u044b\" \/>\n<script type=\"application\/ld+json\" class=\"yoast-schema-graph\">{\"@context\":\"https:\/\/schema.org\",\"@graph\":[{\"@type\":\"Article\",\"@id\":\"https:\/\/denizcankizil.tr\/de\/haberler\/gundem\/bakan-yumaklidan-yesil-vatan-uyarisi\/#article\",\"isPartOf\":{\"@id\":\"https:\/\/denizcankizil.tr\/de\/haberler\/gundem\/bakan-yumaklidan-yesil-vatan-uyarisi\/\"},\"author\":{\"name\":\"admin\",\"@id\":\"https:\/\/denizcankizil.tr\/#\/schema\/person\/be3c05fe6a12686905512445d8185489\"},\"headline\":\"Bakan Yumakl\u0131&#8217;dan &#8216;ye\u015fil vatan&#8217; uyar\u0131s\u0131!\",\"datePublished\":\"2025-06-24T15:42:21+00:00\",\"mainEntityOfPage\":{\"@id\":\"https:\/\/denizcankizil.tr\/de\/haberler\/gundem\/bakan-yumaklidan-yesil-vatan-uyarisi\/\"},\"wordCount\":490,\"publisher\":{\"@id\":\"https:\/\/denizcankizil.tr\/#organization\"},\"articleSection\":[\"G\u00fcndem\"],\"inLanguage\":\"ru-RU\"},{\"@type\":\"WebPage\",\"@id\":\"https:\/\/denizcankizil.tr\/de\/haberler\/gundem\/bakan-yumaklidan-yesil-vatan-uyarisi\/\",\"url\":\"https:\/\/denizcankizil.tr\/de\/haberler\/gundem\/bakan-yumaklidan-yesil-vatan-uyarisi\/\",\"name\":\"Bakan Yumakl\u0131'dan 'ye\u015fil vatan' uyar\u0131s\u0131! - Av. Deniz Can K\u0131z\u0131l\",\"isPartOf\":{\"@id\":\"https:\/\/denizcankizil.tr\/#website\"},\"datePublished\":\"2025-06-24T15:42:21+00:00\",\"breadcrumb\":{\"@id\":\"https:\/\/denizcankizil.tr\/de\/haberler\/gundem\/bakan-yumaklidan-yesil-vatan-uyarisi\/#breadcrumb\"},\"inLanguage\":\"ru-RU\",\"potentialAction\":[{\"@type\":\"ReadAction\",\"target\":[\"https:\/\/denizcankizil.tr\/de\/haberler\/gundem\/bakan-yumaklidan-yesil-vatan-uyarisi\/\"]}]},{\"@type\":\"BreadcrumbList\",\"@id\":\"https:\/\/denizcankizil.tr\/de\/haberler\/gundem\/bakan-yumaklidan-yesil-vatan-uyarisi\/#breadcrumb\",\"itemListElement\":[{\"@type\":\"ListItem\",\"position\":1,\"name\":\"Home\",\"item\":\"https:\/\/denizcankizil.tr\/uk\/\"},{\"@type\":\"ListItem\",\"position\":2,\"name\":\"Bakan Yumakl\u0131&#8217;dan &#8216;ye\u015fil vatan&#8217; uyar\u0131s\u0131!\"}]},{\"@type\":\"WebSite\",\"@id\":\"https:\/\/denizcankizil.tr\/#website\",\"url\":\"https:\/\/denizcankizil.tr\/\",\"name\":\"Av. Deniz Can K\u0131z\u0131l\",\"description\":\"Avukat Deniz Can K\u0131z\u0131l Antalya Barosu\",\"publisher\":{\"@id\":\"https:\/\/denizcankizil.tr\/#organization\"},\"potentialAction\":[{\"@type\":\"SearchAction\",\"target\":{\"@type\":\"EntryPoint\",\"urlTemplate\":\"https:\/\/denizcankizil.tr\/?s={search_term_string}\"},\"query-input\":{\"@type\":\"PropertyValueSpecification\",\"valueRequired\":true,\"valueName\":\"search_term_string\"}}],\"inLanguage\":\"ru-RU\"},{\"@type\":\"Organization\",\"@id\":\"https:\/\/denizcankizil.tr\/#organization\",\"name\":\"Av. Deniz Can K\u0131z\u0131l\",\"url\":\"https:\/\/denizcankizil.tr\/\",\"logo\":{\"@type\":\"ImageObject\",\"inLanguage\":\"ru-RU\",\"@id\":\"https:\/\/denizcankizil.tr\/#\/schema\/logo\/image\/\",\"url\":\"http:\/\/denizcankizil.tr\/wp-content\/uploads\/2024\/10\/siyah-logo-svg.svg\",\"contentUrl\":\"http:\/\/denizcankizil.tr\/wp-content\/uploads\/2024\/10\/siyah-logo-svg.svg\",\"width\":1080,\"height\":1080,\"caption\":\"Av. Deniz Can K\u0131z\u0131l\"},\"image\":{\"@id\":\"https:\/\/denizcankizil.tr\/#\/schema\/logo\/image\/\"}},{\"@type\":\"Person\",\"@id\":\"https:\/\/denizcankizil.tr\/#\/schema\/person\/be3c05fe6a12686905512445d8185489\",\"name\":\"admin\",\"image\":{\"@type\":\"ImageObject\",\"inLanguage\":\"ru-RU\",\"@id\":\"https:\/\/denizcankizil.tr\/#\/schema\/person\/image\/\",\"url\":\"https:\/\/secure.gravatar.com\/avatar\/c1fce94c830dc79107e174f890d7210541c4a63e8e5d816341794a2151c9d58c?s=96&d=mm&r=g\",\"contentUrl\":\"https:\/\/secure.gravatar.com\/avatar\/c1fce94c830dc79107e174f890d7210541c4a63e8e5d816341794a2151c9d58c?s=96&d=mm&r=g\",\"caption\":\"admin\"},\"sameAs\":[\"http:\/\/denizcankizil.tr\"],\"url\":\"https:\/\/www.iskenderun.org\/bakan-yumaklidan-yesil-vatan-uyarisi\"}]}<\/script>\n<!-- \/ Yoast SEO Premium plugin. -->","yoast_head_json":{"title":"Bakan Yumakl\u0131'dan 'ye\u015fil vatan' uyar\u0131s\u0131! - Av. Deniz Can K\u0131z\u0131l","robots":{"index":"index","follow":"follow","max-snippet":"max-snippet:-1","max-image-preview":"max-image-preview:large","max-video-preview":"max-video-preview:-1"},"canonical":"https:\/\/denizcankizil.tr\/ru\/haberler\/gundem\/bakan-yumaklidan-yesil-vatan-uyarisi\/","og_locale":"ru_RU","og_type":"article","og_title":"Bakan Yumakl\u0131'dan 'ye\u015fil vatan' uyar\u0131s\u0131!","og_description":"Tar\u0131m ve Orman Bakan\u0131 \u0130brahim Yumakl\u0131, artan s\u0131cakl\u0131klar\u0131n orman yang\u0131n\u0131 riskini art\u0131rd\u0131\u011f\u0131n\u0131 belirterek, vatanda\u015flar\u0131 an\u0131z yakmamaya, ate\u015f ve izmarit atmamaya \u00e7a\u011f\u0131rd\u0131.ANKARA (\u0130GFA) &#8211; Tar\u0131m ve Orman Bakan\u0131 \u0130brahim Yumakl\u0131, meteorolojik verilerin \u00f6n\u00fcm\u00fczdeki g\u00fcnlerde ola\u011fan\u00fcst\u00fc s\u0131cakl\u0131k art\u0131\u015f\u0131 \u00f6ng\u00f6rd\u00fc\u011f\u00fcn\u00fc a\u00e7\u0131klayarak, orman yang\u0131nlar\u0131na kar\u015f\u0131 vatanda\u015flar\u0131 uyard\u0131. \u201cYe\u015fil vatan\u201d i\u00e7in herkesin daha dikkatli olmas\u0131 gerekti\u011fini vurgulayan Yumakl\u0131, s\u0131cakl\u0131klar\u0131n yang\u0131n riskini en \u00fcst d\u00fczeye \u00e7\u0131kard\u0131\u011f\u0131n\u0131 ifade etti. Bakanl\u0131k olarak 200 y\u0131la yak\u0131n tecr\u00fcbe, ileri teknoloji ekipmanlar, hava ve kara ara\u00e7lar\u0131 ile orman yang\u0131nlar\u0131na kar\u015f\u0131 haz\u0131r olduklar\u0131n\u0131 belirten Yumakl\u0131, \u201cAs\u0131l ba\u015far\u0131, yang\u0131n\u0131n hi\u00e7 \u00e7\u0131kmamas\u0131n\u0131 sa\u011flamakt\u0131r. Bir ihmal, binlerce a\u011fac\u0131 ve canl\u0131y\u0131 yok edebilir\u201d dedi. Yumakl\u0131, ormanl\u0131k ve k\u0131rsal alanlarda yang\u0131na sebep olabilecek davran\u0131\u015flardan ka\u00e7\u0131n\u0131lmas\u0131n\u0131n hayati \u00f6nem ta\u015f\u0131d\u0131\u011f\u0131n\u0131 vurgulayarak, \u201cBirlikte ye\u015fil vatan\u0131m\u0131z\u0131 koruyal\u0131m\u201d \u00e7a\u011fr\u0131s\u0131 yapt\u0131. Yumakl\u0131, vatanda\u015flara \u015fu uyar\u0131larda bulundu: An\u0131z yakmay\u0131n, ormanl\u0131k alanlarda ate\u015f yakmay\u0131n. \u0130zmarit ve at\u0131klar\u0131 \u00e7\u00f6pe at\u0131n. Bi\u00e7erd\u00f6ver ve balya makineleri \u00e7al\u0131\u015f\u0131rken su tankeri ve yang\u0131n s\u00f6nd\u00fcrme cihaz\u0131 bulundurun. En ufak duman g\u00f6rd\u00fc\u011f\u00fcn\u00fczde 112\u2019yi aray\u0131n. \u200bTar\u0131m ve Orman Bakan\u0131 \u0130brahim Yumakl\u0131, artan s\u0131cakl\u0131klar\u0131n orman yang\u0131n\u0131 riskini art\u0131rd\u0131\u011f\u0131n\u0131 belirterek, vatanda\u015flar\u0131 an\u0131z yakmamaya, ate\u015f ve izmarit atmamaya \u00e7a\u011f\u0131rd\u0131.ANKARA (\u0130GFA) &#8211; Tar\u0131m ve Orman Bakan\u0131 \u0130brahim Yumakl\u0131, meteorolojik verilerin \u00f6n\u00fcm\u00fczdeki g\u00fcnlerde ola\u011fan\u00fcst\u00fc s\u0131cakl\u0131k art\u0131\u015f\u0131 \u00f6ng\u00f6rd\u00fc\u011f\u00fcn\u00fc a\u00e7\u0131klayarak, orman yang\u0131nlar\u0131na kar\u015f\u0131 vatanda\u015flar\u0131 uyard\u0131. \u201cYe\u015fil vatan\u201d i\u00e7in herkesin daha &hellip;","og_url":"https:\/\/denizcankizil.tr\/ru\/haberler\/gundem\/bakan-yumaklidan-yesil-vatan-uyarisi\/","og_site_name":"Av. Deniz Can K\u0131z\u0131l","article_published_time":"2025-06-24T15:42:21+00:00","author":"admin","twitter_card":"summary_large_image","twitter_misc":{"\u041d\u0430\u043f\u0438\u0441\u0430\u043d\u043e \u0430\u0432\u0442\u043e\u0440\u043e\u043c":"admin","\u041f\u0440\u0438\u043c\u0435\u0440\u043d\u043e\u0435 \u0432\u0440\u0435\u043c\u044f \u0434\u043b\u044f \u0447\u0442\u0435\u043d\u0438\u044f":"2 \u043c\u0438\u043d\u0443\u0442\u044b"},"schema":{"@context":"https:\/\/schema.org","@graph":[{"@type":"Article","@id":"https:\/\/denizcankizil.tr\/de\/haberler\/gundem\/bakan-yumaklidan-yesil-vatan-uyarisi\/#article","isPartOf":{"@id":"https:\/\/denizcankizil.tr\/de\/haberler\/gundem\/bakan-yumaklidan-yesil-vatan-uyarisi\/"},"author":{"name":"admin","@id":"https:\/\/denizcankizil.tr\/#\/schema\/person\/be3c05fe6a12686905512445d8185489"},"headline":"Bakan Yumakl\u0131&#8217;dan &#8216;ye\u015fil vatan&#8217; uyar\u0131s\u0131!","datePublished":"2025-06-24T15:42:21+00:00","mainEntityOfPage":{"@id":"https:\/\/denizcankizil.tr\/de\/haberler\/gundem\/bakan-yumaklidan-yesil-vatan-uyarisi\/"},"wordCount":490,"publisher":{"@id":"https:\/\/denizcankizil.tr\/#organization"},"articleSection":["G\u00fcndem"],"inLanguage":"ru-RU"},{"@type":"WebPage","@id":"https:\/\/denizcankizil.tr\/de\/haberler\/gundem\/bakan-yumaklidan-yesil-vatan-uyarisi\/","url":"https:\/\/denizcankizil.tr\/de\/haberler\/gundem\/bakan-yumaklidan-yesil-vatan-uyarisi\/","name":"Bakan Yumakl\u0131'dan 'ye\u015fil vatan' uyar\u0131s\u0131! - Av. Deniz Can K\u0131z\u0131l","isPartOf":{"@id":"https:\/\/denizcankizil.tr\/#website"},"datePublished":"2025-06-24T15:42:21+00:00","breadcrumb":{"@id":"https:\/\/denizcankizil.tr\/de\/haberler\/gundem\/bakan-yumaklidan-yesil-vatan-uyarisi\/#breadcrumb"},"inLanguage":"ru-RU","potentialAction":[{"@type":"ReadAction","target":["https:\/\/denizcankizil.tr\/de\/haberler\/gundem\/bakan-yumaklidan-yesil-vatan-uyarisi\/"]}]},{"@type":"BreadcrumbList","@id":"https:\/\/denizcankizil.tr\/de\/haberler\/gundem\/bakan-yumaklidan-yesil-vatan-uyarisi\/#breadcrumb","itemListElement":[{"@type":"ListItem","position":1,"name":"Home","item":"https:\/\/denizcankizil.tr\/uk\/"},{"@type":"ListItem","position":2,"name":"Bakan Yumakl\u0131&#8217;dan &#8216;ye\u015fil vatan&#8217; uyar\u0131s\u0131!"}]},{"@type":"WebSite","@id":"https:\/\/denizcankizil.tr\/#website","url":"https:\/\/denizcankizil.tr\/","name":"Av. Deniz Can K\u0131z\u0131l","description":"Avukat Deniz Can K\u0131z\u0131l Antalya Barosu","publisher":{"@id":"https:\/\/denizcankizil.tr\/#organization"},"potentialAction":[{"@type":"SearchAction","target":{"@type":"EntryPoint","urlTemplate":"https:\/\/denizcankizil.tr\/?s={search_term_string}"},"query-input":{"@type":"PropertyValueSpecification","valueRequired":true,"valueName":"search_term_string"}}],"inLanguage":"ru-RU"},{"@type":"Organization","@id":"https:\/\/denizcankizil.tr\/#organization","name":"Av. Deniz Can K\u0131z\u0131l","url":"https:\/\/denizcankizil.tr\/","logo":{"@type":"ImageObject","inLanguage":"ru-RU","@id":"https:\/\/denizcankizil.tr\/#\/schema\/logo\/image\/","url":"http:\/\/denizcankizil.tr\/wp-content\/uploads\/2024\/10\/siyah-logo-svg.svg","contentUrl":"http:\/\/denizcankizil.tr\/wp-content\/uploads\/2024\/10\/siyah-logo-svg.svg","width":1080,"height":1080,"caption":"Av. Deniz Can K\u0131z\u0131l"},"image":{"@id":"https:\/\/denizcankizil.tr\/#\/schema\/logo\/image\/"}},{"@type":"Person","@id":"https:\/\/denizcankizil.tr\/#\/schema\/person\/be3c05fe6a12686905512445d8185489","name":"\u0430\u0434\u043c\u0438\u043d","image":{"@type":"ImageObject","inLanguage":"ru-RU","@id":"https:\/\/denizcankizil.tr\/#\/schema\/person\/image\/","url":"https:\/\/secure.gravatar.com\/avatar\/c1fce94c830dc79107e174f890d7210541c4a63e8e5d816341794a2151c9d58c?s=96&d=mm&r=g","contentUrl":"https:\/\/secure.gravatar.com\/avatar\/c1fce94c830dc79107e174f890d7210541c4a63e8e5d816341794a2151c9d58c?s=96&d=mm&r=g","caption":"admin"},"sameAs":["http:\/\/denizcankizil.tr"],"url":"https:\/\/www.iskenderun.org\/bakan-yumaklidan-yesil-vatan-uyarisi"}]}},"_links":{"self":[{"href":"http:\/\/denizcankizil.tr\/ru\/wp-json\/wp\/v2\/posts\/125384","targetHints":{"allow":["GET"]}}],"collection":[{"href":"http:\/\/denizcankizil.tr\/ru\/wp-json\/wp\/v2\/posts"}],"about":[{"href":"http:\/\/denizcankizil.tr\/ru\/wp-json\/wp\/v2\/types\/post"}],"author":[{"embeddable":true,"href":"http:\/\/denizcankizil.tr\/ru\/wp-json\/wp\/v2\/users\/1"}],"replies":[{"embeddable":true,"href":"http:\/\/denizcankizil.tr\/ru\/wp-json\/wp\/v2\/comments?post=125384"}],"version-history":[{"count":0,"href":"http:\/\/denizcankizil.tr\/ru\/wp-json\/wp\/v2\/posts\/125384\/revisions"}],"wp:attachment":[{"href":"http:\/\/denizcankizil.tr\/ru\/wp-json\/wp\/v2\/media?parent=125384"}],"wp:term":[{"taxonomy":"category","embeddable":true,"href":"http:\/\/denizcankizil.tr\/ru\/wp-json\/wp\/v2\/categories?post=125384"},{"taxonomy":"post_tag","embeddable":true,"href":"http:\/\/denizcankizil.tr\/ru\/wp-json\/wp\/v2\/tags?post=125384"}],"curies":[{"name":"wp","href":"https:\/\/api.w.org\/{rel}","templated":true}]}}