{"id":12488,"date":"2024-11-04T12:41:26","date_gmt":"2024-11-04T09:41:26","guid":{"rendered":"https:\/\/denizcankizil.tr\/uncategorized-tr\/antalya-kitap-fuari-rekor-kirdi-1-milyondan-fazla-kitapsever-bulustu\/"},"modified":"2024-11-04T12:41:26","modified_gmt":"2024-11-04T09:41:26","slug":"antalya-kitap-fuari-rekor-kirdi-1-milyondan-fazla-kitapsever-bulustu","status":"publish","type":"post","link":"http:\/\/denizcankizil.tr\/ru\/haberler\/gundem\/antalya-kitap-fuari-rekor-kirdi-1-milyondan-fazla-kitapsever-bulustu\/","title":{"rendered":"Antalya Kitap Fuar\u0131 rekor k\u0131rd\u0131! 1 milyondan fazla kitapsever bulu\u015ftu"},"content":{"rendered":"<p>Antalya B\u00fcy\u00fck\u015fehir Belediyesi ev sahipli\u011finde bu y\u0131l 14\u2019\u00fcnc\u00fcs\u00fc ger\u00e7ekle\u015ftirilen Antalya Kitap Fuar\u0131, son g\u00fcn\u00fcnde ziyaret\u00e7i ak\u0131n\u0131na u\u011frad\u0131. K\u00fclt\u00fcr \u015f\u00f6leninin ya\u015fand\u0131\u011f\u0131 fuar\u0131n 10\u2019uncu g\u00fcn\u00fcnde de ziyaret\u00e7iler, sevdikleri yazarlar\u0131 g\u00f6rmek ve kitaplar\u0131n\u0131 imzalatmak i\u00e7in Cam Piramit\u2019i doldurdu. Kitapseverler fuarda g\u00fcn boyu s\u00f6yle\u015filer ve imza g\u00fcnleriyle keyifli bir zaman ge\u00e7irdi.<\/p>\n<p>G\u00dcN BOYU \u0130MZA VE S\u00d6YLE\u015e\u0130LER<\/p>\n<p>14. Antalya Kitap Fuar\u0131\u2019n\u0131n son g\u00fcn\u00fcnde T\u00fcrkiye\u2019nin tan\u0131nm\u0131\u015f yazarlar\u0131 okurlar\u0131yla bulu\u015ftu. Kitap fuar\u0131nda, \u2018Bug\u00fcn\u00fcn Edebiyat\u0131\u2019 konulu s\u00f6yle\u015fisiyle Tuna Kiremit\u00e7i okurlar\u0131yla keyifli bir edebiyat s\u00f6yle\u015fisi ger\u00e7ekle\u015ftirdi. Sinan Ya\u011fmur \u2018Neyzen Tevfik\u2019le Hi\u00e7lik Anlay\u0131\u015f\u0131\u2019, \u0130lkay Buharal\u0131 \u2018Uyan\u0131\u015f ve Tuzaklar\u0131\u2019, Ay\u015feg\u00fcl Harputlu ise \u2018Misal Alemi ve R\u00fcya\u2019 s\u00f6yle\u015fisiyle sevenleriyle bir araya geldi. \u00a0Fuarda \u0130clal Ayd\u0131n, Sad\u0131k Usta, Fatih Tuncay, Anooshirvan Miandji, Mustafa Balbay, Bekir \u00d6demi\u015f, Erdal At\u0131c\u0131, G\u00fcven Baykan, Sayg\u0131 \u00d6zt\u00fcrk, Ahmet Telli, Meral Sakl\u0131yan, Emel Aslan, Burcu Bahar ve Nil\u00fcfer G\u00fclerman g\u00fcn boyu kitaplar\u0131n\u0131 imzalad\u0131.\u00a0<\/p>\n<p>K\u0130TAP FUARI\u2019NA REKOR Z\u0130YARET\u00c7\u0130\u00a0<\/p>\n<p>B\u00fcy\u00fck\u015fehir Belediye Ba\u015fkan\u0131 Muhittin B\u00f6cek de fuar\u0131n kapan\u0131\u015f saatlerine do\u011fru fuar kat\u0131l\u0131mc\u0131lar\u0131na geleneksel tatl\u0131 ikram\u0131 yapt\u0131. Ba\u015fkan B\u00f6cek, 14. Antalya Kitap Fuar\u0131\u2019n\u0131n 10 g\u00fcnl\u00fck ser\u00fcvenini \u00e7ok keyifli bir \u015fekilde tamamlad\u0131klar\u0131n\u0131 belirterek, \u201cAntalyal\u0131 vatanda\u015flar\u0131m\u0131z 10 g\u00fcn boyunca fuar\u0131m\u0131z\u0131 ziyaret ederek, \u00a0bizleri her zaman oldu\u011fu gibi yaln\u0131z b\u0131rakmad\u0131. Fuar\u0131m\u0131za 271 yazar, 225 ulusal ve uluslararas\u0131 yay\u0131nevi ile Antalyal\u0131 yerel yazarlar\u0131m\u0131z kat\u0131ld\u0131. Bu y\u0131l fuar\u0131m\u0131z\u0131 1 milyon 56 bin vatanda\u015f\u0131m\u0131z\u0131 ziyaret etti. Cumhuriyeti\u2019mizin 102. y\u0131l\u0131nda 15\u2019inci Antalya Kitap Fuar\u0131n\u0131 3-12 Ekim 2025 tarihinde ger\u00e7ekle\u015ftirece\u011fiz. Kitap fuar\u0131na destek olan yazar, yay\u0131nevi ve Antalyal\u0131 hem\u015fehrilerime ve \u00e7al\u0131\u015fma arkada\u015flar\u0131ma desteklerinden dolay\u0131 te\u015fekk\u00fcr ederim\u201d dedi.\u00a0<\/p>\n<p>\u00a0<br \/>\n\u00a0<\/p>\n<p>\u200bAntalya B\u00fcy\u00fck\u015fehir Belediyesi taraf\u0131ndan d\u00fczenlenen 14. Antalya Kitap Fuar\u0131\u2019n\u0131 10 g\u00fcn boyunca 1 milyon 56 bin vatanda\u015f ziyaret etti. \u00c7ok say\u0131da kitapsever, fuarda sevdi\u011fi yazarlarla tan\u0131\u015f\u0131p, sohbet etme ikan\u0131 buldu\u00a0<\/p>\n<p>\u200bHaberin Al\u0131nt\u0131land\u0131\u011f\u0131 Kaynak: www.antalyakorfez.com<\/p>","protected":false},"excerpt":{"rendered":"<p>Antalya B\u00fcy\u00fck\u015fehir Belediyesi ev sahipli\u011finde bu y\u0131l 14\u2019\u00fcnc\u00fcs\u00fc ger\u00e7ekle\u015ftirilen Antalya Kitap Fuar\u0131, son g\u00fcn\u00fcnde ziyaret\u00e7i ak\u0131n\u0131na u\u011frad\u0131. K\u00fclt\u00fcr \u015f\u00f6leninin ya\u015fand\u0131\u011f\u0131 fuar\u0131n 10\u2019uncu g\u00fcn\u00fcnde de ziyaret\u00e7iler, sevdikleri yazarlar\u0131 g\u00f6rmek ve kitaplar\u0131n\u0131 imzalatmak i\u00e7in Cam Piramit\u2019i doldurdu. Kitapseverler fuarda g\u00fcn boyu s\u00f6yle\u015filer ve imza g\u00fcnleriyle keyifli bir zaman ge\u00e7irdi. G\u00dcN BOYU \u0130MZA VE S\u00d6YLE\u015e\u0130LER 14. Antalya Kitap Fuar\u0131\u2019n\u0131n son g\u00fcn\u00fcnde T\u00fcrkiye\u2019nin tan\u0131nm\u0131\u015f yazarlar\u0131 okurlar\u0131yla bulu\u015ftu. Kitap fuar\u0131nda, \u2018Bug\u00fcn\u00fcn Edebiyat\u0131\u2019 konulu s\u00f6yle\u015fisiyle Tuna Kiremit\u00e7i okurlar\u0131yla keyifli bir edebiyat s\u00f6yle\u015fisi ger\u00e7ekle\u015ftirdi. Sinan Ya\u011fmur \u2018Neyzen Tevfik\u2019le Hi\u00e7lik Anlay\u0131\u015f\u0131\u2019, \u0130lkay Buharal\u0131 \u2018Uyan\u0131\u015f ve Tuzaklar\u0131\u2019, Ay\u015feg\u00fcl Harputlu ise \u2018Misal Alemi ve R\u00fcya\u2019 s\u00f6yle\u015fisiyle sevenleriyle bir araya geldi. \u00a0Fuarda \u0130clal Ayd\u0131n, Sad\u0131k Usta, Fatih Tuncay, Anooshirvan Miandji, Mustafa Balbay, Bekir \u00d6demi\u015f, Erdal At\u0131c\u0131, G\u00fcven Baykan, Sayg\u0131 \u00d6zt\u00fcrk, Ahmet Telli, Meral Sakl\u0131yan, Emel Aslan, Burcu Bahar ve Nil\u00fcfer G\u00fclerman g\u00fcn boyu kitaplar\u0131n\u0131 imzalad\u0131.\u00a0 K\u0130TAP FUARI\u2019NA REKOR Z\u0130YARET\u00c7\u0130\u00a0 B\u00fcy\u00fck\u015fehir Belediye Ba\u015fkan\u0131 Muhittin B\u00f6cek de fuar\u0131n kapan\u0131\u015f saatlerine do\u011fru fuar kat\u0131l\u0131mc\u0131lar\u0131na geleneksel tatl\u0131 ikram\u0131 yapt\u0131. Ba\u015fkan B\u00f6cek, 14. Antalya Kitap Fuar\u0131\u2019n\u0131n 10 g\u00fcnl\u00fck ser\u00fcvenini \u00e7ok keyifli bir \u015fekilde tamamlad\u0131klar\u0131n\u0131 belirterek, \u201cAntalyal\u0131 vatanda\u015flar\u0131m\u0131z 10 g\u00fcn boyunca fuar\u0131m\u0131z\u0131 ziyaret ederek, \u00a0bizleri her zaman oldu\u011fu gibi yaln\u0131z b\u0131rakmad\u0131. Fuar\u0131m\u0131za 271 yazar, 225 ulusal ve uluslararas\u0131 yay\u0131nevi ile Antalyal\u0131 yerel yazarlar\u0131m\u0131z kat\u0131ld\u0131. Bu y\u0131l fuar\u0131m\u0131z\u0131 &hellip;<\/p>","protected":false},"author":0,"featured_media":0,"comment_status":"open","ping_status":"open","sticky":false,"template":"","format":"standard","meta":{"_acf_changed":false,"footnotes":""},"categories":[24,535],"tags":[],"class_list":["post-12488","post","type-post","status-publish","format-standard","has-post-thumbnail","hentry","category-gundem","category-uncategorized-tr"],"acf":[],"yoast_head":"<!-- This site is optimized with the Yoast SEO Premium plugin v26.6 (Yoast SEO v27.1.1) - https:\/\/yoast.com\/product\/yoast-seo-premium-wordpress\/ -->\n<title>Antalya Kitap Fuar\u0131 rekor k\u0131rd\u0131! 1 milyondan fazla kitapsever bulu\u015ftu - Av. Deniz Can K\u0131z\u0131l<\/title>\n<meta name=\"robots\" content=\"index, follow, max-snippet:-1, max-image-preview:large, max-video-preview:-1\" \/>\n<link rel=\"canonical\" href=\"http:\/\/denizcankizil.tr\/ru\/haberler\/gundem\/antalya-kitap-fuari-rekor-kirdi-1-milyondan-fazla-kitapsever-bulustu\/\" \/>\n<meta property=\"og:locale\" content=\"ru_RU\" \/>\n<meta property=\"og:type\" content=\"article\" \/>\n<meta property=\"og:title\" content=\"Antalya Kitap Fuar\u0131 rekor k\u0131rd\u0131! 1 milyondan fazla kitapsever bulu\u015ftu\" \/>\n<meta property=\"og:description\" content=\"Antalya B\u00fcy\u00fck\u015fehir Belediyesi ev sahipli\u011finde bu y\u0131l 14\u2019\u00fcnc\u00fcs\u00fc ger\u00e7ekle\u015ftirilen Antalya Kitap Fuar\u0131, son g\u00fcn\u00fcnde ziyaret\u00e7i ak\u0131n\u0131na u\u011frad\u0131. K\u00fclt\u00fcr \u015f\u00f6leninin ya\u015fand\u0131\u011f\u0131 fuar\u0131n 10\u2019uncu g\u00fcn\u00fcnde de ziyaret\u00e7iler, sevdikleri yazarlar\u0131 g\u00f6rmek ve kitaplar\u0131n\u0131 imzalatmak i\u00e7in Cam Piramit\u2019i doldurdu. Kitapseverler fuarda g\u00fcn boyu s\u00f6yle\u015filer ve imza g\u00fcnleriyle keyifli bir zaman ge\u00e7irdi. G\u00dcN BOYU \u0130MZA VE S\u00d6YLE\u015e\u0130LER 14. Antalya Kitap Fuar\u0131\u2019n\u0131n son g\u00fcn\u00fcnde T\u00fcrkiye\u2019nin tan\u0131nm\u0131\u015f yazarlar\u0131 okurlar\u0131yla bulu\u015ftu. Kitap fuar\u0131nda, \u2018Bug\u00fcn\u00fcn Edebiyat\u0131\u2019 konulu s\u00f6yle\u015fisiyle Tuna Kiremit\u00e7i okurlar\u0131yla keyifli bir edebiyat s\u00f6yle\u015fisi ger\u00e7ekle\u015ftirdi. Sinan Ya\u011fmur \u2018Neyzen Tevfik\u2019le Hi\u00e7lik Anlay\u0131\u015f\u0131\u2019, \u0130lkay Buharal\u0131 \u2018Uyan\u0131\u015f ve Tuzaklar\u0131\u2019, Ay\u015feg\u00fcl Harputlu ise \u2018Misal Alemi ve R\u00fcya\u2019 s\u00f6yle\u015fisiyle sevenleriyle bir araya geldi. \u00a0Fuarda \u0130clal Ayd\u0131n, Sad\u0131k Usta, Fatih Tuncay, Anooshirvan Miandji, Mustafa Balbay, Bekir \u00d6demi\u015f, Erdal At\u0131c\u0131, G\u00fcven Baykan, Sayg\u0131 \u00d6zt\u00fcrk, Ahmet Telli, Meral Sakl\u0131yan, Emel Aslan, Burcu Bahar ve Nil\u00fcfer G\u00fclerman g\u00fcn boyu kitaplar\u0131n\u0131 imzalad\u0131.\u00a0 K\u0130TAP FUARI\u2019NA REKOR Z\u0130YARET\u00c7\u0130\u00a0 B\u00fcy\u00fck\u015fehir Belediye Ba\u015fkan\u0131 Muhittin B\u00f6cek de fuar\u0131n kapan\u0131\u015f saatlerine do\u011fru fuar kat\u0131l\u0131mc\u0131lar\u0131na geleneksel tatl\u0131 ikram\u0131 yapt\u0131. Ba\u015fkan B\u00f6cek, 14. Antalya Kitap Fuar\u0131\u2019n\u0131n 10 g\u00fcnl\u00fck ser\u00fcvenini \u00e7ok keyifli bir \u015fekilde tamamlad\u0131klar\u0131n\u0131 belirterek, \u201cAntalyal\u0131 vatanda\u015flar\u0131m\u0131z 10 g\u00fcn boyunca fuar\u0131m\u0131z\u0131 ziyaret ederek, \u00a0bizleri her zaman oldu\u011fu gibi yaln\u0131z b\u0131rakmad\u0131. Fuar\u0131m\u0131za 271 yazar, 225 ulusal ve uluslararas\u0131 yay\u0131nevi ile Antalyal\u0131 yerel yazarlar\u0131m\u0131z kat\u0131ld\u0131. Bu y\u0131l fuar\u0131m\u0131z\u0131 &hellip;\" \/>\n<meta property=\"og:url\" content=\"http:\/\/denizcankizil.tr\/ru\/haberler\/gundem\/antalya-kitap-fuari-rekor-kirdi-1-milyondan-fazla-kitapsever-bulustu\/\" \/>\n<meta property=\"og:site_name\" content=\"Av. Deniz Can K\u0131z\u0131l\" \/>\n<meta property=\"article:published_time\" content=\"2024-11-04T09:41:26+00:00\" \/>\n<meta name=\"twitter:card\" content=\"summary_large_image\" \/>\n<meta name=\"twitter:label1\" content=\"\u041f\u0440\u0438\u043c\u0435\u0440\u043d\u043e\u0435 \u0432\u0440\u0435\u043c\u044f \u0434\u043b\u044f \u0447\u0442\u0435\u043d\u0438\u044f\" \/>\n\t<meta name=\"twitter:data1\" content=\"2 \u043c\u0438\u043d\u0443\u0442\u044b\" \/>\n<script type=\"application\/ld+json\" class=\"yoast-schema-graph\">{\"@context\":\"https:\/\/schema.org\",\"@graph\":[{\"@type\":\"Article\",\"@id\":\"http:\/\/denizcankizil.tr\/ru\/haberler\/gundem\/antalya-kitap-fuari-rekor-kirdi-1-milyondan-fazla-kitapsever-bulustu\/#article\",\"isPartOf\":{\"@id\":\"http:\/\/denizcankizil.tr\/ru\/haberler\/gundem\/antalya-kitap-fuari-rekor-kirdi-1-milyondan-fazla-kitapsever-bulustu\/\"},\"author\":{\"name\":\"\",\"@id\":\"\"},\"headline\":\"Antalya Kitap Fuar\u0131 rekor k\u0131rd\u0131! 1 milyondan fazla kitapsever bulu\u015ftu\",\"datePublished\":\"2024-11-04T09:41:26+00:00\",\"mainEntityOfPage\":{\"@id\":\"http:\/\/denizcankizil.tr\/ru\/haberler\/gundem\/antalya-kitap-fuari-rekor-kirdi-1-milyondan-fazla-kitapsever-bulustu\/\"},\"wordCount\":410,\"commentCount\":0,\"publisher\":{\"@id\":\"https:\/\/denizcankizil.tr\/#organization\"},\"articleSection\":[\"G\u00fcndem\",\"Uncategorized\"],\"inLanguage\":\"ru-RU\",\"potentialAction\":[{\"@type\":\"CommentAction\",\"name\":\"Comment\",\"target\":[\"http:\/\/denizcankizil.tr\/ru\/haberler\/gundem\/antalya-kitap-fuari-rekor-kirdi-1-milyondan-fazla-kitapsever-bulustu\/#respond\"]}]},{\"@type\":\"WebPage\",\"@id\":\"http:\/\/denizcankizil.tr\/ru\/haberler\/gundem\/antalya-kitap-fuari-rekor-kirdi-1-milyondan-fazla-kitapsever-bulustu\/\",\"url\":\"http:\/\/denizcankizil.tr\/ru\/haberler\/gundem\/antalya-kitap-fuari-rekor-kirdi-1-milyondan-fazla-kitapsever-bulustu\/\",\"name\":\"Antalya Kitap Fuar\u0131 rekor k\u0131rd\u0131! 1 milyondan fazla kitapsever bulu\u015ftu - Av. Deniz Can K\u0131z\u0131l\",\"isPartOf\":{\"@id\":\"https:\/\/denizcankizil.tr\/#website\"},\"datePublished\":\"2024-11-04T09:41:26+00:00\",\"breadcrumb\":{\"@id\":\"http:\/\/denizcankizil.tr\/ru\/haberler\/gundem\/antalya-kitap-fuari-rekor-kirdi-1-milyondan-fazla-kitapsever-bulustu\/#breadcrumb\"},\"inLanguage\":\"ru-RU\",\"potentialAction\":[{\"@type\":\"ReadAction\",\"target\":[\"http:\/\/denizcankizil.tr\/ru\/haberler\/gundem\/antalya-kitap-fuari-rekor-kirdi-1-milyondan-fazla-kitapsever-bulustu\/\"]}]},{\"@type\":\"BreadcrumbList\",\"@id\":\"http:\/\/denizcankizil.tr\/ru\/haberler\/gundem\/antalya-kitap-fuari-rekor-kirdi-1-milyondan-fazla-kitapsever-bulustu\/#breadcrumb\",\"itemListElement\":[{\"@type\":\"ListItem\",\"position\":1,\"name\":\"Home\",\"item\":\"https:\/\/denizcankizil.tr\/de\/\"},{\"@type\":\"ListItem\",\"position\":2,\"name\":\"Antalya Kitap Fuar\u0131 rekor k\u0131rd\u0131! 1 milyondan fazla kitapsever bulu\u015ftu\"}]},{\"@type\":\"WebSite\",\"@id\":\"https:\/\/denizcankizil.tr\/#website\",\"url\":\"https:\/\/denizcankizil.tr\/\",\"name\":\"Av. Deniz Can K\u0131z\u0131l\",\"description\":\"Avukat Deniz Can K\u0131z\u0131l Antalya Barosu\",\"publisher\":{\"@id\":\"https:\/\/denizcankizil.tr\/#organization\"},\"potentialAction\":[{\"@type\":\"SearchAction\",\"target\":{\"@type\":\"EntryPoint\",\"urlTemplate\":\"https:\/\/denizcankizil.tr\/?s={search_term_string}\"},\"query-input\":{\"@type\":\"PropertyValueSpecification\",\"valueRequired\":true,\"valueName\":\"search_term_string\"}}],\"inLanguage\":\"ru-RU\"},{\"@type\":\"Organization\",\"@id\":\"https:\/\/denizcankizil.tr\/#organization\",\"name\":\"Av. Deniz Can K\u0131z\u0131l\",\"url\":\"https:\/\/denizcankizil.tr\/\",\"logo\":{\"@type\":\"ImageObject\",\"inLanguage\":\"ru-RU\",\"@id\":\"https:\/\/denizcankizil.tr\/#\/schema\/logo\/image\/\",\"url\":\"http:\/\/denizcankizil.tr\/wp-content\/uploads\/2024\/10\/siyah-logo-svg.svg\",\"contentUrl\":\"http:\/\/denizcankizil.tr\/wp-content\/uploads\/2024\/10\/siyah-logo-svg.svg\",\"width\":1080,\"height\":1080,\"caption\":\"Av. Deniz Can K\u0131z\u0131l\"},\"image\":{\"@id\":\"https:\/\/denizcankizil.tr\/#\/schema\/logo\/image\/\"}}]}<\/script>\n<!-- \/ Yoast SEO Premium plugin. -->","yoast_head_json":{"title":"Antalya Kitap Fuar\u0131 rekor k\u0131rd\u0131! 1 milyondan fazla kitapsever bulu\u015ftu - Av. Deniz Can K\u0131z\u0131l","robots":{"index":"index","follow":"follow","max-snippet":"max-snippet:-1","max-image-preview":"max-image-preview:large","max-video-preview":"max-video-preview:-1"},"canonical":"http:\/\/denizcankizil.tr\/ru\/haberler\/gundem\/antalya-kitap-fuari-rekor-kirdi-1-milyondan-fazla-kitapsever-bulustu\/","og_locale":"ru_RU","og_type":"article","og_title":"Antalya Kitap Fuar\u0131 rekor k\u0131rd\u0131! 1 milyondan fazla kitapsever bulu\u015ftu","og_description":"Antalya B\u00fcy\u00fck\u015fehir Belediyesi ev sahipli\u011finde bu y\u0131l 14\u2019\u00fcnc\u00fcs\u00fc ger\u00e7ekle\u015ftirilen Antalya Kitap Fuar\u0131, son g\u00fcn\u00fcnde ziyaret\u00e7i ak\u0131n\u0131na u\u011frad\u0131. K\u00fclt\u00fcr \u015f\u00f6leninin ya\u015fand\u0131\u011f\u0131 fuar\u0131n 10\u2019uncu g\u00fcn\u00fcnde de ziyaret\u00e7iler, sevdikleri yazarlar\u0131 g\u00f6rmek ve kitaplar\u0131n\u0131 imzalatmak i\u00e7in Cam Piramit\u2019i doldurdu. Kitapseverler fuarda g\u00fcn boyu s\u00f6yle\u015filer ve imza g\u00fcnleriyle keyifli bir zaman ge\u00e7irdi. G\u00dcN BOYU \u0130MZA VE S\u00d6YLE\u015e\u0130LER 14. Antalya Kitap Fuar\u0131\u2019n\u0131n son g\u00fcn\u00fcnde T\u00fcrkiye\u2019nin tan\u0131nm\u0131\u015f yazarlar\u0131 okurlar\u0131yla bulu\u015ftu. Kitap fuar\u0131nda, \u2018Bug\u00fcn\u00fcn Edebiyat\u0131\u2019 konulu s\u00f6yle\u015fisiyle Tuna Kiremit\u00e7i okurlar\u0131yla keyifli bir edebiyat s\u00f6yle\u015fisi ger\u00e7ekle\u015ftirdi. Sinan Ya\u011fmur \u2018Neyzen Tevfik\u2019le Hi\u00e7lik Anlay\u0131\u015f\u0131\u2019, \u0130lkay Buharal\u0131 \u2018Uyan\u0131\u015f ve Tuzaklar\u0131\u2019, Ay\u015feg\u00fcl Harputlu ise \u2018Misal Alemi ve R\u00fcya\u2019 s\u00f6yle\u015fisiyle sevenleriyle bir araya geldi. \u00a0Fuarda \u0130clal Ayd\u0131n, Sad\u0131k Usta, Fatih Tuncay, Anooshirvan Miandji, Mustafa Balbay, Bekir \u00d6demi\u015f, Erdal At\u0131c\u0131, G\u00fcven Baykan, Sayg\u0131 \u00d6zt\u00fcrk, Ahmet Telli, Meral Sakl\u0131yan, Emel Aslan, Burcu Bahar ve Nil\u00fcfer G\u00fclerman g\u00fcn boyu kitaplar\u0131n\u0131 imzalad\u0131.\u00a0 K\u0130TAP FUARI\u2019NA REKOR Z\u0130YARET\u00c7\u0130\u00a0 B\u00fcy\u00fck\u015fehir Belediye Ba\u015fkan\u0131 Muhittin B\u00f6cek de fuar\u0131n kapan\u0131\u015f saatlerine do\u011fru fuar kat\u0131l\u0131mc\u0131lar\u0131na geleneksel tatl\u0131 ikram\u0131 yapt\u0131. Ba\u015fkan B\u00f6cek, 14. Antalya Kitap Fuar\u0131\u2019n\u0131n 10 g\u00fcnl\u00fck ser\u00fcvenini \u00e7ok keyifli bir \u015fekilde tamamlad\u0131klar\u0131n\u0131 belirterek, \u201cAntalyal\u0131 vatanda\u015flar\u0131m\u0131z 10 g\u00fcn boyunca fuar\u0131m\u0131z\u0131 ziyaret ederek, \u00a0bizleri her zaman oldu\u011fu gibi yaln\u0131z b\u0131rakmad\u0131. Fuar\u0131m\u0131za 271 yazar, 225 ulusal ve uluslararas\u0131 yay\u0131nevi ile Antalyal\u0131 yerel yazarlar\u0131m\u0131z kat\u0131ld\u0131. Bu y\u0131l fuar\u0131m\u0131z\u0131 &hellip;","og_url":"http:\/\/denizcankizil.tr\/ru\/haberler\/gundem\/antalya-kitap-fuari-rekor-kirdi-1-milyondan-fazla-kitapsever-bulustu\/","og_site_name":"Av. Deniz Can K\u0131z\u0131l","article_published_time":"2024-11-04T09:41:26+00:00","twitter_card":"summary_large_image","twitter_misc":{"\u041f\u0440\u0438\u043c\u0435\u0440\u043d\u043e\u0435 \u0432\u0440\u0435\u043c\u044f \u0434\u043b\u044f \u0447\u0442\u0435\u043d\u0438\u044f":"2 \u043c\u0438\u043d\u0443\u0442\u044b"},"schema":{"@context":"https:\/\/schema.org","@graph":[{"@type":"Article","@id":"http:\/\/denizcankizil.tr\/ru\/haberler\/gundem\/antalya-kitap-fuari-rekor-kirdi-1-milyondan-fazla-kitapsever-bulustu\/#article","isPartOf":{"@id":"http:\/\/denizcankizil.tr\/ru\/haberler\/gundem\/antalya-kitap-fuari-rekor-kirdi-1-milyondan-fazla-kitapsever-bulustu\/"},"author":{"name":"","@id":""},"headline":"Antalya Kitap Fuar\u0131 rekor k\u0131rd\u0131! 1 milyondan fazla kitapsever bulu\u015ftu","datePublished":"2024-11-04T09:41:26+00:00","mainEntityOfPage":{"@id":"http:\/\/denizcankizil.tr\/ru\/haberler\/gundem\/antalya-kitap-fuari-rekor-kirdi-1-milyondan-fazla-kitapsever-bulustu\/"},"wordCount":410,"commentCount":0,"publisher":{"@id":"https:\/\/denizcankizil.tr\/#organization"},"articleSection":["G\u00fcndem","Uncategorized"],"inLanguage":"ru-RU","potentialAction":[{"@type":"CommentAction","name":"Comment","target":["http:\/\/denizcankizil.tr\/ru\/haberler\/gundem\/antalya-kitap-fuari-rekor-kirdi-1-milyondan-fazla-kitapsever-bulustu\/#respond"]}]},{"@type":"WebPage","@id":"http:\/\/denizcankizil.tr\/ru\/haberler\/gundem\/antalya-kitap-fuari-rekor-kirdi-1-milyondan-fazla-kitapsever-bulustu\/","url":"http:\/\/denizcankizil.tr\/ru\/haberler\/gundem\/antalya-kitap-fuari-rekor-kirdi-1-milyondan-fazla-kitapsever-bulustu\/","name":"Antalya Kitap Fuar\u0131 rekor k\u0131rd\u0131! 1 milyondan fazla kitapsever bulu\u015ftu - Av. Deniz Can K\u0131z\u0131l","isPartOf":{"@id":"https:\/\/denizcankizil.tr\/#website"},"datePublished":"2024-11-04T09:41:26+00:00","breadcrumb":{"@id":"http:\/\/denizcankizil.tr\/ru\/haberler\/gundem\/antalya-kitap-fuari-rekor-kirdi-1-milyondan-fazla-kitapsever-bulustu\/#breadcrumb"},"inLanguage":"ru-RU","potentialAction":[{"@type":"ReadAction","target":["http:\/\/denizcankizil.tr\/ru\/haberler\/gundem\/antalya-kitap-fuari-rekor-kirdi-1-milyondan-fazla-kitapsever-bulustu\/"]}]},{"@type":"BreadcrumbList","@id":"http:\/\/denizcankizil.tr\/ru\/haberler\/gundem\/antalya-kitap-fuari-rekor-kirdi-1-milyondan-fazla-kitapsever-bulustu\/#breadcrumb","itemListElement":[{"@type":"ListItem","position":1,"name":"Home","item":"https:\/\/denizcankizil.tr\/de\/"},{"@type":"ListItem","position":2,"name":"Antalya Kitap Fuar\u0131 rekor k\u0131rd\u0131! 1 milyondan fazla kitapsever bulu\u015ftu"}]},{"@type":"WebSite","@id":"https:\/\/denizcankizil.tr\/#website","url":"https:\/\/denizcankizil.tr\/","name":"Av. Deniz Can K\u0131z\u0131l","description":"Avukat Deniz Can K\u0131z\u0131l Antalya Barosu","publisher":{"@id":"https:\/\/denizcankizil.tr\/#organization"},"potentialAction":[{"@type":"SearchAction","target":{"@type":"EntryPoint","urlTemplate":"https:\/\/denizcankizil.tr\/?s={search_term_string}"},"query-input":{"@type":"PropertyValueSpecification","valueRequired":true,"valueName":"search_term_string"}}],"inLanguage":"ru-RU"},{"@type":"Organization","@id":"https:\/\/denizcankizil.tr\/#organization","name":"Av. Deniz Can K\u0131z\u0131l","url":"https:\/\/denizcankizil.tr\/","logo":{"@type":"ImageObject","inLanguage":"ru-RU","@id":"https:\/\/denizcankizil.tr\/#\/schema\/logo\/image\/","url":"http:\/\/denizcankizil.tr\/wp-content\/uploads\/2024\/10\/siyah-logo-svg.svg","contentUrl":"http:\/\/denizcankizil.tr\/wp-content\/uploads\/2024\/10\/siyah-logo-svg.svg","width":1080,"height":1080,"caption":"Av. Deniz Can K\u0131z\u0131l"},"image":{"@id":"https:\/\/denizcankizil.tr\/#\/schema\/logo\/image\/"}}]}},"_links":{"self":[{"href":"http:\/\/denizcankizil.tr\/ru\/wp-json\/wp\/v2\/posts\/12488","targetHints":{"allow":["GET"]}}],"collection":[{"href":"http:\/\/denizcankizil.tr\/ru\/wp-json\/wp\/v2\/posts"}],"about":[{"href":"http:\/\/denizcankizil.tr\/ru\/wp-json\/wp\/v2\/types\/post"}],"replies":[{"embeddable":true,"href":"http:\/\/denizcankizil.tr\/ru\/wp-json\/wp\/v2\/comments?post=12488"}],"version-history":[{"count":0,"href":"http:\/\/denizcankizil.tr\/ru\/wp-json\/wp\/v2\/posts\/12488\/revisions"}],"wp:attachment":[{"href":"http:\/\/denizcankizil.tr\/ru\/wp-json\/wp\/v2\/media?parent=12488"}],"wp:term":[{"taxonomy":"category","embeddable":true,"href":"http:\/\/denizcankizil.tr\/ru\/wp-json\/wp\/v2\/categories?post=12488"},{"taxonomy":"post_tag","embeddable":true,"href":"http:\/\/denizcankizil.tr\/ru\/wp-json\/wp\/v2\/tags?post=12488"}],"curies":[{"name":"wp","href":"https:\/\/api.w.org\/{rel}","templated":true}]}}