{"id":124086,"date":"2025-06-23T11:57:00","date_gmt":"2025-06-23T08:57:00","guid":{"rendered":"https:\/\/denizcankizil.tr\/uncategorized-tr\/aymnin-2019-23865-basvuru-numarali-karari\/"},"modified":"2025-06-23T11:57:00","modified_gmt":"2025-06-23T08:57:00","slug":"aymnin-2019-23865-basvuru-numarali-karari","status":"publish","type":"post","link":"http:\/\/denizcankizil.tr\/ru\/hukukihaber\/aymnin-2019-23865-basvuru-numarali-karari\/","title":{"rendered":"AYM&#8217;nin 2019\/23865 ba\u015fvuru numaral\u0131 karar\u0131"},"content":{"rendered":"<p>T\u00dcRK\u0130YE CUMHUR\u0130YET\u0130<\/p>\n<p>   ANAYASA MAHKEMES\u0130<\/p>\n<p>   \u0130K\u0130NC\u0130 B\u00d6L\u00dcM<\/p>\n<p>   KARAR<\/p>\n<p>   EREN YILDIZ BA\u015eVURUSU (5)<\/p>\n<p>   (Ba\u015fvuru Numaras\u0131: 2019\/23865)<\/p>\n<p>   Karar Tarihi: 26\/3\/2025<\/p>\n<p>   \u0130K\u0130NC\u0130 B\u00d6L\u00dcM<\/p>\n<p>   KARAR<\/p>\n<p>   Ba\u015fkan<\/p>\n<p>   :<\/p>\n<p>   Basri BA\u011eCI<\/p>\n<p>   \u00dcyeler<\/p>\n<p>   :<\/p>\n<p>   Engin YILDIRIM<\/p>\n<p>   R\u0131dvan G\u00dcLE\u00c7<\/p>\n<p>   Kenan YA\u015eAR<\/p>\n<p>   \u00d6mer \u00c7INAR<\/p>\n<p>   Raport\u00f6r<\/p>\n<p>   :<\/p>\n<p>   Murat BA\u015ePINAR<\/p>\n<p>   Ba\u015fvurucu<\/p>\n<p>   :<\/p>\n<p>   Eren YILDIZ<\/p>\n<p>   Vekili<\/p>\n<p>   :<\/p>\n<p>   Av. G\u00fclizar TUNCER<\/p>\n<p>I. BA\u015eVURUNUN \u00d6ZET\u0130<\/p>\n<p>1. Ba\u015fvuru, Devlet G\u00fcvenlik Mahkemesinde yarg\u0131lanan ba\u015fvurucu hakk\u0131nda Avrupa \u0130nsan Haklar\u0131 Mahkemesi taraf\u0131ndan verilen ihlal karar\u0131n\u0131n gere\u011finin yerine getirilmemesi nedeniyle ba\u011f\u0131ms\u0131z ve tarafs\u0131z mahkemede yarg\u0131lanma hakk\u0131n\u0131n ihlal edildi\u011fi iddias\u0131na ili\u015fkindir.<\/p>\n<p>2. Malatya Devlet G\u00fcvenlik Mahkemesi (DGM) Cumhuriyet Ba\u015fsavc\u0131l\u0131\u011f\u0131 ba\u015fvurucunun anayasal d\u00fczeni zorla de\u011fi\u015ftirmeye kalkmak eyleminde bulunma su\u00e7unu i\u015fledi\u011fi iddias\u0131yla ba\u015fvurucu hakk\u0131nda 26\/9\/1995 tarihinde iddianame d\u00fczenlemi\u015ftir. Malatya 2 No.lu DGM 29\/9\/1995 tarihinde yetkisizlik karar\u0131 vererek dosyay\u0131 Erzurum DGM&#8217;ye g\u00f6ndermi\u015ftir. Erzurum DGM yarg\u0131lama sonucunda ba\u015fvurucunun an\u0131lan su\u00e7tan m\u00fcebbet hapis cezas\u0131 ile cezaland\u0131r\u0131lmas\u0131na karar vermi\u015ftir. Karar\u0131n temyiz edilmesi \u00fczerine Yarg\u0131tay 9. Ceza Dairesi karar\u0131 onam\u0131\u015f ve mahk\u00fbmiyet karar\u0131 17\/2\/1999 tarihinde kesinle\u015fmi\u015ftir.<\/p>\n<p>3. Ba\u015fvurucu, mahk\u00fbmiyetiyle sonu\u00e7lanan olaylara ili\u015fkin olarak Avrupa \u0130nsan Haklar\u0131 Mahkemesine (A\u0130HM) ba\u015fvurmu\u015ftur. Ba\u015fvurucu, DGM heyetinde asker\u00ee bir h\u00e2kimin de bulunmas\u0131 nedeniyle ba\u011f\u0131ms\u0131z ve tarafs\u0131z bir mahkemede yarg\u0131lama yap\u0131lmad\u0131\u011f\u0131ndan, m\u00fcdafi yoklu\u011funda ve bask\u0131 alt\u0131nda al\u0131nan ifadelerinin mahk\u00fbmiyete esas al\u0131nd\u0131\u011f\u0131ndan \u015fik\u00e2yet\u00e7i olmu\u015ftur.<\/p>\n<p>4. A\u0130HM, ayn\u0131 konuya ili\u015fkin verdi\u011fi Y\u0131ld\u0131z ve di\u011ferleri\/T\u00fcrkiye (B. No: 52164\/99, 21\/7\/2005) karar\u0131nda \u00d6zel\/T\u00fcrkiye (B. No: 42739\/98, 7\/11\/2002, \u00a7\u00a7 33, 34) ve \u00d6zdemir\/T\u00fcrkiye (B. No: 59659\/00, 6\/2\/2003, \u00a7\u00a7 35, 36) kararlar\u0131na at\u0131f yapmak suretiyle ba\u015fvurucunun ba\u011f\u0131ms\u0131z ve tarafs\u0131z mahkemede yarg\u0131lanma hakk\u0131n\u0131n ihlal edildi\u011fine karar vermi\u015ftir. An\u0131lan ihlal karar\u0131 21\/10\/2005 tarihinde kesinle\u015fmi\u015ftir.<\/p>\n<p>5. Ba\u015fvurucu, hakk\u0131nda verilen ihlal karar\u0131na dayanarak 18\/3\/2019 tarihinde yarg\u0131laman\u0131n yenilenmesi talebinde bulunmu\u015ftur. Erzurum 2. A\u011f\u0131r Ceza Mahkemesi (Mahkeme) 29\/3\/2019 tarihli ek karar\u0131yla dosya \u00fczerinden inceleme yapm\u0131\u015f ve ba\u015fvurucunun talebini &#8220;yasal nedenlerden herhangi birini g\u00f6stermedi\u011fi gibi beyanlar\u0131n\u0131n kanunun arad\u0131\u011f\u0131 yarg\u0131laman\u0131n yenilenmesi \u015fartlar\u0131na uymad\u0131\u011f\u0131&#8221; gerek\u00e7elerine yer vermek suretiyle reddetmi\u015ftir.<\/p>\n<p>6. An\u0131lan ret karar\u0131na kar\u015f\u0131 yap\u0131lan itiraz da inceleme mercii olan Erzurum 3. A\u011f\u0131r Ceza Mahkemesinin 23\/5\/2019 tarihli karar\u0131yla reddedilmi\u015f ve karar kesinle\u015fmi\u015ftir.<\/p>\n<p>7. Ba\u015fvurucu, nihai karar\u0131 10\/6\/2019 tarihinde tebli\u011f ald\u0131\u011f\u0131n\u0131 belirterek 9\/7\/2019 tarihinde bireysel ba\u015fvuruda bulunmu\u015ftur.<\/p>\n<p>8. \u00d6te yandan ba\u015fvurucu, ba\u015fvuru formunda A\u0130HM taraf\u0131ndan ihlal karar\u0131 verildikten sonra de\u011fi\u015fik tarihlerde gerek kendisi gerekse m\u00fcdafiince hakk\u0131nda verilen ihlal karar\u0131 nedeniyle Mahkemeden yarg\u0131laman\u0131n yenilenmesini talep etti\u011fini ve her seferinde taleplerinin reddedildi\u011fini belirterek en son olarak 12\/6\/2013 tarihli talebinin Mahkemece 19\/6\/2013 tarihli ve 2013\/319 D.\u0130\u015f say\u0131l\u0131 karar\u0131yla reddedildi\u011fini ifade etmi\u015ftir. Bu ret karar\u0131na kar\u015f\u0131 ba\u015fvurucunun yapt\u0131\u011f\u0131 itiraz\u0131n ise Diyarbak\u0131r 5. A\u011f\u0131r Ceza Mahkemesinin 30\/9\/2013 tarihli ve 2013\/399 D.\u0130\u015f say\u0131l\u0131 karar\u0131yla reddedildi\u011fi ba\u015fvuru formunda belirtilmi\u015ftir.<\/p>\n<p>9. Ba\u015fvurunun kabul edilebilirlik incelemesinin B\u00f6l\u00fcm taraf\u0131ndan yap\u0131lmas\u0131na karar verilmi\u015ftir.<\/p>\n<p>II. DE\u011eERLEND\u0130RME<\/p>\n<p>10. \u00d6deme g\u00fcc\u00fcnden yoksun oldu\u011fu anla\u015f\u0131lan ba\u015fvurucunun adli yard\u0131m talebinin kabul\u00fcne karar verilmesi gerekir.<\/p>\n<p>11. Ba\u015fvurucu; DGM \u00f6n\u00fcnde ba\u015flayan yarg\u0131lama sonucunda verilen mahk\u00fbmiyet h\u00fckm\u00fcne y\u00f6nelik yapt\u0131\u011f\u0131 ba\u015fvuruda A\u0130HM&#8217;in ba\u011f\u0131ms\u0131z ve tarafs\u0131z mahkemede yarg\u0131lanma hakk\u0131n\u0131n ihlal edildi\u011fine karar verdi\u011fini belirtmi\u015ftir. A\u0130HM&#8217;in ihlal karar\u0131na istinaden yapt\u0131\u011f\u0131 yarg\u0131laman\u0131n yenilenmesi talebinin hukuka ayk\u0131r\u0131 bi\u00e7imde reddedildi\u011fini, A\u0130HM karar\u0131n\u0131n yerine getirilmedi\u011fini belirterek anayasal haklar\u0131n\u0131n ihlal edildi\u011fini ileri s\u00fcrm\u00fc\u015f ve yarg\u0131laman\u0131n yenilenmesi talebinde bulunmu\u015ftur.<\/p>\n<p>12. 30\/3\/2011 tarihli ve 6216 say\u0131l\u0131 Anayasa Mahkemesinin Kurulu\u015fu ve Yarg\u0131lama Usulleri Hakk\u0131nda Kanun&#8217;un 47. maddesinin (5) numaral\u0131 f\u0131kras\u0131 ile Anayasa Mahkemesi \u0130\u00e7t\u00fcz\u00fc\u011f\u00fc&#8217;n\u00fcn 64. maddesinin (1) numaral\u0131 f\u0131kras\u0131 uyar\u0131nca bireysel ba\u015fvurular\u0131n ba\u015fvuru yollar\u0131n\u0131n t\u00fcketildi\u011fi tarihten, ba\u015fvuru yolu \u00f6ng\u00f6r\u00fclmemi\u015f ise ihlalin \u00f6\u011frenildi\u011fi tarihten itibaren otuz g\u00fcn i\u00e7inde yap\u0131lmas\u0131 gerekmektedir (Yasin Yaman [1. B.], B. No: 2012\/1075, 12\/2\/2013, \u00a7\u00a7 18, 19). Bireysel ba\u015fvurunun kabul edilebilirlik ko\u015fullar\u0131ndan olan ba\u015fvuru s\u00fcresine riayet edilmesi, bireysel ba\u015fvuru incelemesinin her a\u015famas\u0131nda resen nazara al\u0131nmal\u0131d\u0131r (Taner Kurban [2. B.], B. No: 2013\/1582, 7\/11\/2013, \u00a7 19).<\/p>\n<p>13. Bireysel ba\u015fvuru s\u00fcresinin i\u015flemeye ba\u015flamas\u0131 y\u00f6n\u00fcnden nihai karar\u0131n gerek\u00e7esinin tebli\u011fi, \u00f6\u011frenme \u015fekillerinden biridir (Mehmet Ali Kurtuldu [2. B.], B. No: 2013\/5504, 28\/5\/2014, \u00a7 27). Ancak \u00f6\u011frenme, gerek\u00e7eli karar\u0131n tebli\u011fi ile s\u0131n\u0131rl\u0131 olarak ger\u00e7ekle\u015fmez; ba\u015fka \u015fekillerde de \u00f6\u011frenme s\u00f6z konusu olabilir. Ba\u015fvurucunun kendisi de nihai karar\u0131n gerek\u00e7esini bir vesileyle \u00f6\u011frendi\u011fini beyan edebilir. Ba\u015fvurucular\u0131n nihai karar\u0131n gerek\u00e7esini \u00f6\u011frendiklerini beyan ettikleri tarih de bireysel ba\u015fvuru s\u00fcresinin ba\u015flang\u0131c\u0131 olarak ele al\u0131nabilir (\u0130lyas T\u00fcredi [1. B.], B. No: 2013\/1267, 13\/6\/2013, \u00a7\u00a7 21, 22).<\/p>\n<p>14. Somut olayda, ba\u015fvuru formunda ba\u015fvuruya konu edilen yarg\u0131laman\u0131n yenilenmesi talebinin reddi karar\u0131ndan \u00f6nce de defalarca A\u0130HM ihlal karar\u0131 gerek\u00e7e g\u00f6sterilerek yarg\u0131laman\u0131n yenilenmesinin talep edildi\u011fi ve her seferinde bu taleplerin Mahkemece reddedildi\u011fi a\u00e7\u0131k\u00e7a ifade edilmi\u015ftir (bkz. \u00a7 8). Ba\u015fvuruya dayanak yap\u0131lan talep \u00f6ncesinde en son 30\/9\/2013 tarihinde talebin reddedilmi\u015f oldu\u011fu belirtilmi\u015f ve 18\/3\/2019 tarihinde yenilenen taleple tamamlanan s\u00fcre\u00e7 sonras\u0131nda bireysel ba\u015fvuru yap\u0131lm\u0131\u015ft\u0131r. Buna g\u00f6re ba\u015fvurucunun, ba\u015fvuru formunda beyan etti\u011fi \u015fekliyle nihai karardan en ge\u00e7 son kez Mahkemeye ba\u015fvuru yapt\u0131\u011f\u0131 18\/3\/2019 tarihinde haberdar oldu\u011fu g\u00f6r\u00fclm\u00fc\u015ft\u00fcr (bkz. \u00a7 5). Bu durumda nihai karar\u0131 \u00f6\u011frenme tarihinden itibaren otuz g\u00fcnl\u00fck ba\u015fvuru s\u00fcresi ge\u00e7tikten sonra 9\/7\/2019 tarihinde bireysel ba\u015fvuruda bulunuldu\u011fu sonucuna ula\u015f\u0131lm\u0131\u015ft\u0131r.<\/p>\n<p>15. A\u00e7\u0131klanan gerek\u00e7elerle ba\u015fvurunun s\u00fcre a\u015f\u0131m\u0131 nedeniyle kabul edilemez oldu\u011funa karar verilmesi gerekir.<\/p>\n<p>III. H\u00dcK\u00dcM<\/p>\n<p>A\u00e7\u0131klanan gerek\u00e7elerle;<\/p>\n<p>A. Adli yard\u0131m talebinin KABUL\u00dcNE,<\/p>\n<p>B. Ba\u015fvurunun s\u00fcre a\u015f\u0131m\u0131 nedeniyle KABUL ED\u0130LEMEZ OLDU\u011eUNA,<\/p>\n<p>C. 12\/1\/2011 tarihli ve 6100 say\u0131l\u0131 Hukuk Muhakemeleri Kanunu&#8217;nun 339. maddesinin (2) numaral\u0131 f\u0131kras\u0131 uyar\u0131nca tahsil edilmesi ma\u011fduriyetine neden olaca\u011f\u0131ndan adli yard\u0131m talebi kabul edilen ba\u015fvurucunun yarg\u0131lama giderlerini \u00f6demekten TAMAMEN MUAF TUTULMASINA 26\/3\/2025 tarihinde OYB\u0130RL\u0130\u011e\u0130YLE karar verildi.<\/p>\n<p>\u200bAnayasa Mahkemesi&#8217;nin 26\/3\/2025 tarihli ve 2019\/23865 ba\u015fvuru numaral\u0131 karar\u0131\u00a0Hukuki Haber<\/p>\n<p>Haberin Al\u0131nt\u0131land\u0131\u011f\u0131 Kaynak: www.hukukihaber.net<\/p>","protected":false},"excerpt":{"rendered":"<p>T\u00dcRK\u0130YE CUMHUR\u0130YET\u0130 ANAYASA MAHKEMES\u0130 \u0130K\u0130NC\u0130 B\u00d6L\u00dcM KARAR EREN YILDIZ BA\u015eVURUSU (5) (Ba\u015fvuru Numaras\u0131: 2019\/23865) Karar Tarihi: 26\/3\/2025 \u0130K\u0130NC\u0130 B\u00d6L\u00dcM KARAR Ba\u015fkan : Basri BA\u011eCI \u00dcyeler : Engin YILDIRIM R\u0131dvan G\u00dcLE\u00c7 Kenan YA\u015eAR \u00d6mer \u00c7INAR Raport\u00f6r : Murat BA\u015ePINAR Ba\u015fvurucu : Eren YILDIZ Vekili : Av. G\u00fclizar TUNCER I. BA\u015eVURUNUN \u00d6ZET\u0130 1. Ba\u015fvuru, Devlet G\u00fcvenlik Mahkemesinde yarg\u0131lanan ba\u015fvurucu hakk\u0131nda Avrupa \u0130nsan Haklar\u0131 Mahkemesi taraf\u0131ndan verilen ihlal karar\u0131n\u0131n gere\u011finin yerine getirilmemesi nedeniyle ba\u011f\u0131ms\u0131z ve tarafs\u0131z mahkemede yarg\u0131lanma hakk\u0131n\u0131n ihlal edildi\u011fi iddias\u0131na ili\u015fkindir. 2. Malatya Devlet G\u00fcvenlik Mahkemesi (DGM) Cumhuriyet Ba\u015fsavc\u0131l\u0131\u011f\u0131 ba\u015fvurucunun anayasal d\u00fczeni zorla de\u011fi\u015ftirmeye kalkmak eyleminde bulunma su\u00e7unu i\u015fledi\u011fi iddias\u0131yla ba\u015fvurucu hakk\u0131nda 26\/9\/1995 tarihinde iddianame d\u00fczenlemi\u015ftir. Malatya 2 No.lu DGM 29\/9\/1995 tarihinde yetkisizlik karar\u0131 vererek dosyay\u0131 Erzurum DGM&#8217;ye g\u00f6ndermi\u015ftir. Erzurum DGM yarg\u0131lama sonucunda ba\u015fvurucunun an\u0131lan su\u00e7tan m\u00fcebbet hapis cezas\u0131 ile cezaland\u0131r\u0131lmas\u0131na karar vermi\u015ftir. Karar\u0131n temyiz edilmesi \u00fczerine Yarg\u0131tay 9. Ceza Dairesi karar\u0131 onam\u0131\u015f ve mahk\u00fbmiyet karar\u0131 17\/2\/1999 tarihinde kesinle\u015fmi\u015ftir. 3. Ba\u015fvurucu, mahk\u00fbmiyetiyle sonu\u00e7lanan olaylara ili\u015fkin olarak Avrupa \u0130nsan Haklar\u0131 Mahkemesine (A\u0130HM) ba\u015fvurmu\u015ftur. Ba\u015fvurucu, DGM heyetinde asker\u00ee bir h\u00e2kimin de bulunmas\u0131 nedeniyle ba\u011f\u0131ms\u0131z ve tarafs\u0131z bir mahkemede yarg\u0131lama yap\u0131lmad\u0131\u011f\u0131ndan, m\u00fcdafi yoklu\u011funda ve bask\u0131 alt\u0131nda al\u0131nan ifadelerinin mahk\u00fbmiyete esas al\u0131nd\u0131\u011f\u0131ndan \u015fik\u00e2yet\u00e7i olmu\u015ftur. 4. A\u0130HM, ayn\u0131 konuya ili\u015fkin verdi\u011fi Y\u0131ld\u0131z ve di\u011ferleri\/T\u00fcrkiye (B. No: &hellip;<\/p>","protected":false},"author":3,"featured_media":0,"comment_status":"","ping_status":"open","sticky":false,"template":"","format":"standard","meta":{"_acf_changed":false,"footnotes":""},"categories":[27],"tags":[],"class_list":["post-124086","post","type-post","status-publish","format-standard","has-post-thumbnail","hentry","category-hukukihaber"],"acf":[],"yoast_head":"<!-- This site is optimized with the Yoast SEO Premium plugin v26.6 (Yoast SEO v27.1.1) - https:\/\/yoast.com\/product\/yoast-seo-premium-wordpress\/ -->\n<title>AYM&#039;nin 2019\/23865 ba\u015fvuru numaral\u0131 karar\u0131 - Av. Deniz Can K\u0131z\u0131l<\/title>\n<meta name=\"robots\" content=\"index, follow, max-snippet:-1, max-image-preview:large, max-video-preview:-1\" \/>\n<link rel=\"canonical\" href=\"http:\/\/denizcankizil.tr\/ru\/hukukihaber\/aymnin-2019-23865-basvuru-numarali-karari\/\" \/>\n<meta property=\"og:locale\" content=\"ru_RU\" \/>\n<meta property=\"og:type\" content=\"article\" \/>\n<meta property=\"og:title\" content=\"AYM&#039;nin 2019\/23865 ba\u015fvuru numaral\u0131 karar\u0131\" \/>\n<meta property=\"og:description\" content=\"T\u00dcRK\u0130YE CUMHUR\u0130YET\u0130 ANAYASA MAHKEMES\u0130 \u0130K\u0130NC\u0130 B\u00d6L\u00dcM KARAR EREN YILDIZ BA\u015eVURUSU (5) (Ba\u015fvuru Numaras\u0131: 2019\/23865) Karar Tarihi: 26\/3\/2025 \u0130K\u0130NC\u0130 B\u00d6L\u00dcM KARAR Ba\u015fkan : Basri BA\u011eCI \u00dcyeler : Engin YILDIRIM R\u0131dvan G\u00dcLE\u00c7 Kenan YA\u015eAR \u00d6mer \u00c7INAR Raport\u00f6r : Murat BA\u015ePINAR Ba\u015fvurucu : Eren YILDIZ Vekili : Av. G\u00fclizar TUNCER I. BA\u015eVURUNUN \u00d6ZET\u0130 1. Ba\u015fvuru, Devlet G\u00fcvenlik Mahkemesinde yarg\u0131lanan ba\u015fvurucu hakk\u0131nda Avrupa \u0130nsan Haklar\u0131 Mahkemesi taraf\u0131ndan verilen ihlal karar\u0131n\u0131n gere\u011finin yerine getirilmemesi nedeniyle ba\u011f\u0131ms\u0131z ve tarafs\u0131z mahkemede yarg\u0131lanma hakk\u0131n\u0131n ihlal edildi\u011fi iddias\u0131na ili\u015fkindir. 2. Malatya Devlet G\u00fcvenlik Mahkemesi (DGM) Cumhuriyet Ba\u015fsavc\u0131l\u0131\u011f\u0131 ba\u015fvurucunun anayasal d\u00fczeni zorla de\u011fi\u015ftirmeye kalkmak eyleminde bulunma su\u00e7unu i\u015fledi\u011fi iddias\u0131yla ba\u015fvurucu hakk\u0131nda 26\/9\/1995 tarihinde iddianame d\u00fczenlemi\u015ftir. Malatya 2 No.lu DGM 29\/9\/1995 tarihinde yetkisizlik karar\u0131 vererek dosyay\u0131 Erzurum DGM&#8217;ye g\u00f6ndermi\u015ftir. Erzurum DGM yarg\u0131lama sonucunda ba\u015fvurucunun an\u0131lan su\u00e7tan m\u00fcebbet hapis cezas\u0131 ile cezaland\u0131r\u0131lmas\u0131na karar vermi\u015ftir. Karar\u0131n temyiz edilmesi \u00fczerine Yarg\u0131tay 9. Ceza Dairesi karar\u0131 onam\u0131\u015f ve mahk\u00fbmiyet karar\u0131 17\/2\/1999 tarihinde kesinle\u015fmi\u015ftir. 3. Ba\u015fvurucu, mahk\u00fbmiyetiyle sonu\u00e7lanan olaylara ili\u015fkin olarak Avrupa \u0130nsan Haklar\u0131 Mahkemesine (A\u0130HM) ba\u015fvurmu\u015ftur. Ba\u015fvurucu, DGM heyetinde asker\u00ee bir h\u00e2kimin de bulunmas\u0131 nedeniyle ba\u011f\u0131ms\u0131z ve tarafs\u0131z bir mahkemede yarg\u0131lama yap\u0131lmad\u0131\u011f\u0131ndan, m\u00fcdafi yoklu\u011funda ve bask\u0131 alt\u0131nda al\u0131nan ifadelerinin mahk\u00fbmiyete esas al\u0131nd\u0131\u011f\u0131ndan \u015fik\u00e2yet\u00e7i olmu\u015ftur. 4. A\u0130HM, ayn\u0131 konuya ili\u015fkin verdi\u011fi Y\u0131ld\u0131z ve di\u011ferleri\/T\u00fcrkiye (B. No: &hellip;\" \/>\n<meta property=\"og:url\" content=\"http:\/\/denizcankizil.tr\/ru\/hukukihaber\/aymnin-2019-23865-basvuru-numarali-karari\/\" \/>\n<meta property=\"og:site_name\" content=\"Av. Deniz Can K\u0131z\u0131l\" \/>\n<meta property=\"article:published_time\" content=\"2025-06-23T08:57:00+00:00\" \/>\n<meta name=\"author\" content=\"Hukuki Haber.net\" \/>\n<meta name=\"twitter:card\" content=\"summary_large_image\" \/>\n<meta name=\"twitter:label1\" content=\"\u041d\u0430\u043f\u0438\u0441\u0430\u043d\u043e \u0430\u0432\u0442\u043e\u0440\u043e\u043c\" \/>\n\t<meta name=\"twitter:data1\" content=\"Hukuki Haber.net\" \/>\n\t<meta name=\"twitter:label2\" content=\"\u041f\u0440\u0438\u043c\u0435\u0440\u043d\u043e\u0435 \u0432\u0440\u0435\u043c\u044f \u0434\u043b\u044f \u0447\u0442\u0435\u043d\u0438\u044f\" \/>\n\t<meta name=\"twitter:data2\" content=\"6 \u043c\u0438\u043d\u0443\u0442\" \/>\n<script type=\"application\/ld+json\" class=\"yoast-schema-graph\">{\"@context\":\"https:\/\/schema.org\",\"@graph\":[{\"@type\":\"Article\",\"@id\":\"http:\/\/denizcankizil.tr\/ru\/hukukihaber\/aymnin-2019-23865-basvuru-numarali-karari\/#article\",\"isPartOf\":{\"@id\":\"http:\/\/denizcankizil.tr\/ru\/hukukihaber\/aymnin-2019-23865-basvuru-numarali-karari\/\"},\"author\":{\"name\":\"Hukuki Haber.net\",\"@id\":\"https:\/\/denizcankizil.tr\/#\/schema\/person\/001a271de994a0aa3f90eea084424822\"},\"headline\":\"AYM&#8217;nin 2019\/23865 ba\u015fvuru numaral\u0131 karar\u0131\",\"datePublished\":\"2025-06-23T08:57:00+00:00\",\"mainEntityOfPage\":{\"@id\":\"http:\/\/denizcankizil.tr\/ru\/hukukihaber\/aymnin-2019-23865-basvuru-numarali-karari\/\"},\"wordCount\":1124,\"publisher\":{\"@id\":\"https:\/\/denizcankizil.tr\/#organization\"},\"articleSection\":[\"Hukuki Haberler\"],\"inLanguage\":\"ru-RU\"},{\"@type\":\"WebPage\",\"@id\":\"http:\/\/denizcankizil.tr\/ru\/hukukihaber\/aymnin-2019-23865-basvuru-numarali-karari\/\",\"url\":\"http:\/\/denizcankizil.tr\/ru\/hukukihaber\/aymnin-2019-23865-basvuru-numarali-karari\/\",\"name\":\"AYM'nin 2019\/23865 ba\u015fvuru numaral\u0131 karar\u0131 - Av. Deniz Can K\u0131z\u0131l\",\"isPartOf\":{\"@id\":\"https:\/\/denizcankizil.tr\/#website\"},\"datePublished\":\"2025-06-23T08:57:00+00:00\",\"breadcrumb\":{\"@id\":\"http:\/\/denizcankizil.tr\/ru\/hukukihaber\/aymnin-2019-23865-basvuru-numarali-karari\/#breadcrumb\"},\"inLanguage\":\"ru-RU\",\"potentialAction\":[{\"@type\":\"ReadAction\",\"target\":[\"http:\/\/denizcankizil.tr\/ru\/hukukihaber\/aymnin-2019-23865-basvuru-numarali-karari\/\"]}]},{\"@type\":\"BreadcrumbList\",\"@id\":\"http:\/\/denizcankizil.tr\/ru\/hukukihaber\/aymnin-2019-23865-basvuru-numarali-karari\/#breadcrumb\",\"itemListElement\":[{\"@type\":\"ListItem\",\"position\":1,\"name\":\"Home\",\"item\":\"https:\/\/denizcankizil.tr\/uk\/\"},{\"@type\":\"ListItem\",\"position\":2,\"name\":\"AYM&#8217;nin 2019\/23865 ba\u015fvuru numaral\u0131 karar\u0131\"}]},{\"@type\":\"WebSite\",\"@id\":\"https:\/\/denizcankizil.tr\/#website\",\"url\":\"https:\/\/denizcankizil.tr\/\",\"name\":\"Av. Deniz Can K\u0131z\u0131l\",\"description\":\"Avukat Deniz Can K\u0131z\u0131l Antalya Barosu\",\"publisher\":{\"@id\":\"https:\/\/denizcankizil.tr\/#organization\"},\"potentialAction\":[{\"@type\":\"SearchAction\",\"target\":{\"@type\":\"EntryPoint\",\"urlTemplate\":\"https:\/\/denizcankizil.tr\/?s={search_term_string}\"},\"query-input\":{\"@type\":\"PropertyValueSpecification\",\"valueRequired\":true,\"valueName\":\"search_term_string\"}}],\"inLanguage\":\"ru-RU\"},{\"@type\":\"Organization\",\"@id\":\"https:\/\/denizcankizil.tr\/#organization\",\"name\":\"Av. Deniz Can K\u0131z\u0131l\",\"url\":\"https:\/\/denizcankizil.tr\/\",\"logo\":{\"@type\":\"ImageObject\",\"inLanguage\":\"ru-RU\",\"@id\":\"https:\/\/denizcankizil.tr\/#\/schema\/logo\/image\/\",\"url\":\"http:\/\/denizcankizil.tr\/wp-content\/uploads\/2024\/10\/siyah-logo-svg.svg\",\"contentUrl\":\"http:\/\/denizcankizil.tr\/wp-content\/uploads\/2024\/10\/siyah-logo-svg.svg\",\"width\":1080,\"height\":1080,\"caption\":\"Av. Deniz Can K\u0131z\u0131l\"},\"image\":{\"@id\":\"https:\/\/denizcankizil.tr\/#\/schema\/logo\/image\/\"}},{\"@type\":\"Person\",\"@id\":\"https:\/\/denizcankizil.tr\/#\/schema\/person\/001a271de994a0aa3f90eea084424822\",\"name\":\"Hukuki Haber.net\",\"image\":{\"@type\":\"ImageObject\",\"inLanguage\":\"ru-RU\",\"@id\":\"https:\/\/denizcankizil.tr\/#\/schema\/person\/image\/\",\"url\":\"https:\/\/secure.gravatar.com\/avatar\/57d8a49151495586611a149d29fc42865b951dc053a84709a3172ccb5abf3118?s=96&d=mm&r=g\",\"contentUrl\":\"https:\/\/secure.gravatar.com\/avatar\/57d8a49151495586611a149d29fc42865b951dc053a84709a3172ccb5abf3118?s=96&d=mm&r=g\",\"caption\":\"Hukuki Haber.net\"},\"sameAs\":[\"http:\/\/www.hukukihaber.net\"],\"url\":\"http:\/\/denizcankizil.tr\/ru\/author\/hukukihabernet\/\"}]}<\/script>\n<!-- \/ Yoast SEO Premium plugin. -->","yoast_head_json":{"title":"AYM'nin 2019\/23865 ba\u015fvuru numaral\u0131 karar\u0131 - Av. Deniz Can K\u0131z\u0131l","robots":{"index":"index","follow":"follow","max-snippet":"max-snippet:-1","max-image-preview":"max-image-preview:large","max-video-preview":"max-video-preview:-1"},"canonical":"http:\/\/denizcankizil.tr\/ru\/hukukihaber\/aymnin-2019-23865-basvuru-numarali-karari\/","og_locale":"ru_RU","og_type":"article","og_title":"AYM'nin 2019\/23865 ba\u015fvuru numaral\u0131 karar\u0131","og_description":"T\u00dcRK\u0130YE CUMHUR\u0130YET\u0130 ANAYASA MAHKEMES\u0130 \u0130K\u0130NC\u0130 B\u00d6L\u00dcM KARAR EREN YILDIZ BA\u015eVURUSU (5) (Ba\u015fvuru Numaras\u0131: 2019\/23865) Karar Tarihi: 26\/3\/2025 \u0130K\u0130NC\u0130 B\u00d6L\u00dcM KARAR Ba\u015fkan : Basri BA\u011eCI \u00dcyeler : Engin YILDIRIM R\u0131dvan G\u00dcLE\u00c7 Kenan YA\u015eAR \u00d6mer \u00c7INAR Raport\u00f6r : Murat BA\u015ePINAR Ba\u015fvurucu : Eren YILDIZ Vekili : Av. G\u00fclizar TUNCER I. BA\u015eVURUNUN \u00d6ZET\u0130 1. Ba\u015fvuru, Devlet G\u00fcvenlik Mahkemesinde yarg\u0131lanan ba\u015fvurucu hakk\u0131nda Avrupa \u0130nsan Haklar\u0131 Mahkemesi taraf\u0131ndan verilen ihlal karar\u0131n\u0131n gere\u011finin yerine getirilmemesi nedeniyle ba\u011f\u0131ms\u0131z ve tarafs\u0131z mahkemede yarg\u0131lanma hakk\u0131n\u0131n ihlal edildi\u011fi iddias\u0131na ili\u015fkindir. 2. Malatya Devlet G\u00fcvenlik Mahkemesi (DGM) Cumhuriyet Ba\u015fsavc\u0131l\u0131\u011f\u0131 ba\u015fvurucunun anayasal d\u00fczeni zorla de\u011fi\u015ftirmeye kalkmak eyleminde bulunma su\u00e7unu i\u015fledi\u011fi iddias\u0131yla ba\u015fvurucu hakk\u0131nda 26\/9\/1995 tarihinde iddianame d\u00fczenlemi\u015ftir. Malatya 2 No.lu DGM 29\/9\/1995 tarihinde yetkisizlik karar\u0131 vererek dosyay\u0131 Erzurum DGM&#8217;ye g\u00f6ndermi\u015ftir. Erzurum DGM yarg\u0131lama sonucunda ba\u015fvurucunun an\u0131lan su\u00e7tan m\u00fcebbet hapis cezas\u0131 ile cezaland\u0131r\u0131lmas\u0131na karar vermi\u015ftir. Karar\u0131n temyiz edilmesi \u00fczerine Yarg\u0131tay 9. Ceza Dairesi karar\u0131 onam\u0131\u015f ve mahk\u00fbmiyet karar\u0131 17\/2\/1999 tarihinde kesinle\u015fmi\u015ftir. 3. Ba\u015fvurucu, mahk\u00fbmiyetiyle sonu\u00e7lanan olaylara ili\u015fkin olarak Avrupa \u0130nsan Haklar\u0131 Mahkemesine (A\u0130HM) ba\u015fvurmu\u015ftur. Ba\u015fvurucu, DGM heyetinde asker\u00ee bir h\u00e2kimin de bulunmas\u0131 nedeniyle ba\u011f\u0131ms\u0131z ve tarafs\u0131z bir mahkemede yarg\u0131lama yap\u0131lmad\u0131\u011f\u0131ndan, m\u00fcdafi yoklu\u011funda ve bask\u0131 alt\u0131nda al\u0131nan ifadelerinin mahk\u00fbmiyete esas al\u0131nd\u0131\u011f\u0131ndan \u015fik\u00e2yet\u00e7i olmu\u015ftur. 4. A\u0130HM, ayn\u0131 konuya ili\u015fkin verdi\u011fi Y\u0131ld\u0131z ve di\u011ferleri\/T\u00fcrkiye (B. No: &hellip;","og_url":"http:\/\/denizcankizil.tr\/ru\/hukukihaber\/aymnin-2019-23865-basvuru-numarali-karari\/","og_site_name":"Av. Deniz Can K\u0131z\u0131l","article_published_time":"2025-06-23T08:57:00+00:00","author":"Hukuki Haber.net","twitter_card":"summary_large_image","twitter_misc":{"\u041d\u0430\u043f\u0438\u0441\u0430\u043d\u043e \u0430\u0432\u0442\u043e\u0440\u043e\u043c":"Hukuki Haber.net","\u041f\u0440\u0438\u043c\u0435\u0440\u043d\u043e\u0435 \u0432\u0440\u0435\u043c\u044f \u0434\u043b\u044f \u0447\u0442\u0435\u043d\u0438\u044f":"6 \u043c\u0438\u043d\u0443\u0442"},"schema":{"@context":"https:\/\/schema.org","@graph":[{"@type":"Article","@id":"http:\/\/denizcankizil.tr\/ru\/hukukihaber\/aymnin-2019-23865-basvuru-numarali-karari\/#article","isPartOf":{"@id":"http:\/\/denizcankizil.tr\/ru\/hukukihaber\/aymnin-2019-23865-basvuru-numarali-karari\/"},"author":{"name":"Hukuki Haber.net","@id":"https:\/\/denizcankizil.tr\/#\/schema\/person\/001a271de994a0aa3f90eea084424822"},"headline":"AYM&#8217;nin 2019\/23865 ba\u015fvuru numaral\u0131 karar\u0131","datePublished":"2025-06-23T08:57:00+00:00","mainEntityOfPage":{"@id":"http:\/\/denizcankizil.tr\/ru\/hukukihaber\/aymnin-2019-23865-basvuru-numarali-karari\/"},"wordCount":1124,"publisher":{"@id":"https:\/\/denizcankizil.tr\/#organization"},"articleSection":["Hukuki Haberler"],"inLanguage":"ru-RU"},{"@type":"WebPage","@id":"http:\/\/denizcankizil.tr\/ru\/hukukihaber\/aymnin-2019-23865-basvuru-numarali-karari\/","url":"http:\/\/denizcankizil.tr\/ru\/hukukihaber\/aymnin-2019-23865-basvuru-numarali-karari\/","name":"AYM'nin 2019\/23865 ba\u015fvuru numaral\u0131 karar\u0131 - Av. Deniz Can K\u0131z\u0131l","isPartOf":{"@id":"https:\/\/denizcankizil.tr\/#website"},"datePublished":"2025-06-23T08:57:00+00:00","breadcrumb":{"@id":"http:\/\/denizcankizil.tr\/ru\/hukukihaber\/aymnin-2019-23865-basvuru-numarali-karari\/#breadcrumb"},"inLanguage":"ru-RU","potentialAction":[{"@type":"ReadAction","target":["http:\/\/denizcankizil.tr\/ru\/hukukihaber\/aymnin-2019-23865-basvuru-numarali-karari\/"]}]},{"@type":"BreadcrumbList","@id":"http:\/\/denizcankizil.tr\/ru\/hukukihaber\/aymnin-2019-23865-basvuru-numarali-karari\/#breadcrumb","itemListElement":[{"@type":"ListItem","position":1,"name":"Home","item":"https:\/\/denizcankizil.tr\/uk\/"},{"@type":"ListItem","position":2,"name":"AYM&#8217;nin 2019\/23865 ba\u015fvuru numaral\u0131 karar\u0131"}]},{"@type":"WebSite","@id":"https:\/\/denizcankizil.tr\/#website","url":"https:\/\/denizcankizil.tr\/","name":"Av. Deniz Can K\u0131z\u0131l","description":"Avukat Deniz Can K\u0131z\u0131l Antalya Barosu","publisher":{"@id":"https:\/\/denizcankizil.tr\/#organization"},"potentialAction":[{"@type":"SearchAction","target":{"@type":"EntryPoint","urlTemplate":"https:\/\/denizcankizil.tr\/?s={search_term_string}"},"query-input":{"@type":"PropertyValueSpecification","valueRequired":true,"valueName":"search_term_string"}}],"inLanguage":"ru-RU"},{"@type":"Organization","@id":"https:\/\/denizcankizil.tr\/#organization","name":"Av. Deniz Can K\u0131z\u0131l","url":"https:\/\/denizcankizil.tr\/","logo":{"@type":"ImageObject","inLanguage":"ru-RU","@id":"https:\/\/denizcankizil.tr\/#\/schema\/logo\/image\/","url":"http:\/\/denizcankizil.tr\/wp-content\/uploads\/2024\/10\/siyah-logo-svg.svg","contentUrl":"http:\/\/denizcankizil.tr\/wp-content\/uploads\/2024\/10\/siyah-logo-svg.svg","width":1080,"height":1080,"caption":"Av. Deniz Can K\u0131z\u0131l"},"image":{"@id":"https:\/\/denizcankizil.tr\/#\/schema\/logo\/image\/"}},{"@type":"Person","@id":"https:\/\/denizcankizil.tr\/#\/schema\/person\/001a271de994a0aa3f90eea084424822","name":"Hukuki Haber.net","image":{"@type":"ImageObject","inLanguage":"ru-RU","@id":"https:\/\/denizcankizil.tr\/#\/schema\/person\/image\/","url":"https:\/\/secure.gravatar.com\/avatar\/57d8a49151495586611a149d29fc42865b951dc053a84709a3172ccb5abf3118?s=96&d=mm&r=g","contentUrl":"https:\/\/secure.gravatar.com\/avatar\/57d8a49151495586611a149d29fc42865b951dc053a84709a3172ccb5abf3118?s=96&d=mm&r=g","caption":"Hukuki Haber.net"},"sameAs":["http:\/\/www.hukukihaber.net"],"url":"http:\/\/denizcankizil.tr\/ru\/author\/hukukihabernet\/"}]}},"_links":{"self":[{"href":"http:\/\/denizcankizil.tr\/ru\/wp-json\/wp\/v2\/posts\/124086","targetHints":{"allow":["GET"]}}],"collection":[{"href":"http:\/\/denizcankizil.tr\/ru\/wp-json\/wp\/v2\/posts"}],"about":[{"href":"http:\/\/denizcankizil.tr\/ru\/wp-json\/wp\/v2\/types\/post"}],"author":[{"embeddable":true,"href":"http:\/\/denizcankizil.tr\/ru\/wp-json\/wp\/v2\/users\/3"}],"replies":[{"embeddable":true,"href":"http:\/\/denizcankizil.tr\/ru\/wp-json\/wp\/v2\/comments?post=124086"}],"version-history":[{"count":0,"href":"http:\/\/denizcankizil.tr\/ru\/wp-json\/wp\/v2\/posts\/124086\/revisions"}],"wp:attachment":[{"href":"http:\/\/denizcankizil.tr\/ru\/wp-json\/wp\/v2\/media?parent=124086"}],"wp:term":[{"taxonomy":"category","embeddable":true,"href":"http:\/\/denizcankizil.tr\/ru\/wp-json\/wp\/v2\/categories?post=124086"},{"taxonomy":"post_tag","embeddable":true,"href":"http:\/\/denizcankizil.tr\/ru\/wp-json\/wp\/v2\/tags?post=124086"}],"curies":[{"name":"wp","href":"https:\/\/api.w.org\/{rel}","templated":true}]}}