{"id":121211,"date":"2025-06-20T13:41:32","date_gmt":"2025-06-20T10:41:32","guid":{"rendered":"https:\/\/denizcankizil.tr\/uncategorized-tr\/antalyada-511-bin-ogrenci-karne-aldi\/"},"modified":"2025-06-20T13:41:32","modified_gmt":"2025-06-20T10:41:32","slug":"antalyada-511-bin-ogrenci-karne-aldi","status":"publish","type":"post","link":"http:\/\/denizcankizil.tr\/ru\/haberler\/antalya\/antalyada-511-bin-ogrenci-karne-aldi\/","title":{"rendered":"Antalya&#8217;da 511 bin \u00f6\u011frenci karne ald\u0131"},"content":{"rendered":"<p>9 Eyl\u00fcl 2024 Pazartesi g\u00fcn\u00fc ba\u015flayan 2024-2025 e\u011fitim ve \u00f6\u011fretim y\u0131l\u0131 20 Haziran 2025 Cuma g\u00fcn\u00fc t\u00fcm okullarda karne da\u011f\u0131t\u0131m t\u00f6reniyle sona erdi. Antalya&#8217;da 1709 okulda, 22 bin 21 derslikte g\u00f6rev yapan yakla\u015f\u0131k 36 bin \u00f6\u011fretmenle toplam 511 bin 183 \u00f6\u011frenci karnelerini ald\u0131. Antalya&#8217;da Milli E\u011fitim M\u00fcd\u00fcrl\u00fc\u011f\u00fc&#8217;n\u00fcn resmi t\u00f6reni ise Muratpa\u015fa Fatmag\u00fcl \u00d6zp\u0131nar \u0130lkokulu&#8217;nda d\u00fczenlendi. Karne t\u00f6renine Antalya Valisi Hulusi \u015eahin, Muratpa\u015fa Kaymakam\u0131 \u0130hsan Kara, Milli E\u011fitim M\u00fcd\u00fcrl\u00fc\u011f\u00fc y\u00f6neticileri kat\u0131ld\u0131. \u00d6\u011frencilere karnelerini veren Vali \u015eahin ve protokol \u00fcyeleri, kitap da hediye etti.<\/p>\n<p>Kaynak: www.kanalv.com.tr Haber Sitesinden Al\u0131nm\u0131\u015ft\u0131r.<\/p>","protected":false},"excerpt":{"rendered":"<p>9 Eyl\u00fcl 2024 Pazartesi g\u00fcn\u00fc ba\u015flayan 2024-2025 e\u011fitim ve \u00f6\u011fretim y\u0131l\u0131 20 Haziran 2025 Cuma g\u00fcn\u00fc t\u00fcm okullarda karne da\u011f\u0131t\u0131m t\u00f6reniyle sona erdi. Antalya&#8217;da 1709 okulda, 22 bin 21 derslikte g\u00f6rev yapan yakla\u015f\u0131k 36 bin \u00f6\u011fretmenle toplam 511 bin 183 \u00f6\u011frenci karnelerini ald\u0131. Antalya&#8217;da Milli E\u011fitim M\u00fcd\u00fcrl\u00fc\u011f\u00fc&#8217;n\u00fcn resmi t\u00f6reni ise Muratpa\u015fa Fatmag\u00fcl \u00d6zp\u0131nar \u0130lkokulu&#8217;nda d\u00fczenlendi. Karne t\u00f6renine Antalya Valisi Hulusi \u015eahin, Muratpa\u015fa Kaymakam\u0131 \u0130hsan Kara, Milli E\u011fitim M\u00fcd\u00fcrl\u00fc\u011f\u00fc y\u00f6neticileri kat\u0131ld\u0131. \u00d6\u011frencilere karnelerini veren Vali \u015eahin ve protokol \u00fcyeleri, kitap da hediye etti. Kaynak: www.kanalv.com.tr Haber Sitesinden Al\u0131nm\u0131\u015ft\u0131r.<\/p>","protected":false},"author":4,"featured_media":121212,"comment_status":"","ping_status":"open","sticky":false,"template":"","format":"standard","meta":{"_acf_changed":false,"footnotes":""},"categories":[26],"tags":[],"class_list":["post-121211","post","type-post","status-publish","format-standard","has-post-thumbnail","hentry","category-antalya"],"acf":[],"yoast_head":"<!-- This site is optimized with the Yoast SEO Premium plugin v26.6 (Yoast SEO v27.1.1) - https:\/\/yoast.com\/product\/yoast-seo-premium-wordpress\/ -->\n<title>Antalya&#039;da 511 bin \u00f6\u011frenci karne ald\u0131 - Av. Deniz Can K\u0131z\u0131l<\/title>\n<meta name=\"robots\" content=\"index, follow, max-snippet:-1, max-image-preview:large, max-video-preview:-1\" \/>\n<link rel=\"canonical\" href=\"http:\/\/denizcankizil.tr\/ru\/haberler\/antalya\/antalyada-511-bin-ogrenci-karne-aldi\/\" \/>\n<meta property=\"og:locale\" content=\"ru_RU\" \/>\n<meta property=\"og:type\" content=\"article\" \/>\n<meta property=\"og:title\" content=\"Antalya&#039;da 511 bin \u00f6\u011frenci karne ald\u0131\" \/>\n<meta property=\"og:description\" content=\"9 Eyl\u00fcl 2024 Pazartesi g\u00fcn\u00fc ba\u015flayan 2024-2025 e\u011fitim ve \u00f6\u011fretim y\u0131l\u0131 20 Haziran 2025 Cuma g\u00fcn\u00fc t\u00fcm okullarda karne da\u011f\u0131t\u0131m t\u00f6reniyle sona erdi. Antalya&#8217;da 1709 okulda, 22 bin 21 derslikte g\u00f6rev yapan yakla\u015f\u0131k 36 bin \u00f6\u011fretmenle toplam 511 bin 183 \u00f6\u011frenci karnelerini ald\u0131. Antalya&#8217;da Milli E\u011fitim M\u00fcd\u00fcrl\u00fc\u011f\u00fc&#8217;n\u00fcn resmi t\u00f6reni ise Muratpa\u015fa Fatmag\u00fcl \u00d6zp\u0131nar \u0130lkokulu&#8217;nda d\u00fczenlendi. Karne t\u00f6renine Antalya Valisi Hulusi \u015eahin, Muratpa\u015fa Kaymakam\u0131 \u0130hsan Kara, Milli E\u011fitim M\u00fcd\u00fcrl\u00fc\u011f\u00fc y\u00f6neticileri kat\u0131ld\u0131. \u00d6\u011frencilere karnelerini veren Vali \u015eahin ve protokol \u00fcyeleri, kitap da hediye etti. Kaynak: www.kanalv.com.tr Haber Sitesinden Al\u0131nm\u0131\u015ft\u0131r.\" \/>\n<meta property=\"og:url\" content=\"http:\/\/denizcankizil.tr\/ru\/haberler\/antalya\/antalyada-511-bin-ogrenci-karne-aldi\/\" \/>\n<meta property=\"og:site_name\" content=\"Av. Deniz Can K\u0131z\u0131l\" \/>\n<meta property=\"article:published_time\" content=\"2025-06-20T10:41:32+00:00\" \/>\n<meta property=\"og:image\" content=\"http:\/\/denizcankizil.tr\/wp-content\/uploads\/2025\/06\/6975-01-60eQXG.jpg\" \/>\n\t<meta property=\"og:image:width\" content=\"1280\" \/>\n\t<meta property=\"og:image:height\" content=\"720\" \/>\n\t<meta property=\"og:image:type\" content=\"image\/jpeg\" \/>\n<meta name=\"author\" content=\"Av. Deniz Can K\u0131z\u0131l\" \/>\n<meta name=\"twitter:card\" content=\"summary_large_image\" \/>\n<meta name=\"twitter:label1\" content=\"\u041d\u0430\u043f\u0438\u0441\u0430\u043d\u043e \u0430\u0432\u0442\u043e\u0440\u043e\u043c\" \/>\n\t<meta name=\"twitter:data1\" content=\"Av. Deniz Can K\u0131z\u0131l\" \/>\n\t<meta name=\"twitter:label2\" content=\"\u041f\u0440\u0438\u043c\u0435\u0440\u043d\u043e\u0435 \u0432\u0440\u0435\u043c\u044f \u0434\u043b\u044f \u0447\u0442\u0435\u043d\u0438\u044f\" \/>\n\t<meta name=\"twitter:data2\" content=\"1 \u043c\u0438\u043d\u0443\u0442\u0430\" \/>\n<script type=\"application\/ld+json\" class=\"yoast-schema-graph\">{\"@context\":\"https:\/\/schema.org\",\"@graph\":[{\"@type\":\"Article\",\"@id\":\"http:\/\/denizcankizil.tr\/ru\/haberler\/antalya\/antalyada-511-bin-ogrenci-karne-aldi\/#article\",\"isPartOf\":{\"@id\":\"http:\/\/denizcankizil.tr\/ru\/haberler\/antalya\/antalyada-511-bin-ogrenci-karne-aldi\/\"},\"author\":{\"name\":\"Av. Deniz Can K\u0131z\u0131l\",\"@id\":\"https:\/\/denizcankizil.tr\/#\/schema\/person\/5dc1b22991bd7ac833867c10afc9b0ff\"},\"headline\":\"Antalya&#8217;da 511 bin \u00f6\u011frenci karne ald\u0131\",\"datePublished\":\"2025-06-20T10:41:32+00:00\",\"mainEntityOfPage\":{\"@id\":\"http:\/\/denizcankizil.tr\/ru\/haberler\/antalya\/antalyada-511-bin-ogrenci-karne-aldi\/\"},\"wordCount\":121,\"publisher\":{\"@id\":\"https:\/\/denizcankizil.tr\/#organization\"},\"image\":{\"@id\":\"http:\/\/denizcankizil.tr\/ru\/haberler\/antalya\/antalyada-511-bin-ogrenci-karne-aldi\/#primaryimage\"},\"thumbnailUrl\":\"http:\/\/denizcankizil.tr\/wp-content\/uploads\/2025\/06\/6975-01-60eQXG.jpg\",\"articleSection\":[\"Antalya\"],\"inLanguage\":\"ru-RU\"},{\"@type\":\"WebPage\",\"@id\":\"http:\/\/denizcankizil.tr\/ru\/haberler\/antalya\/antalyada-511-bin-ogrenci-karne-aldi\/\",\"url\":\"http:\/\/denizcankizil.tr\/ru\/haberler\/antalya\/antalyada-511-bin-ogrenci-karne-aldi\/\",\"name\":\"Antalya'da 511 bin \u00f6\u011frenci karne ald\u0131 - Av. Deniz Can K\u0131z\u0131l\",\"isPartOf\":{\"@id\":\"https:\/\/denizcankizil.tr\/#website\"},\"primaryImageOfPage\":{\"@id\":\"http:\/\/denizcankizil.tr\/ru\/haberler\/antalya\/antalyada-511-bin-ogrenci-karne-aldi\/#primaryimage\"},\"image\":{\"@id\":\"http:\/\/denizcankizil.tr\/ru\/haberler\/antalya\/antalyada-511-bin-ogrenci-karne-aldi\/#primaryimage\"},\"thumbnailUrl\":\"http:\/\/denizcankizil.tr\/wp-content\/uploads\/2025\/06\/6975-01-60eQXG.jpg\",\"datePublished\":\"2025-06-20T10:41:32+00:00\",\"breadcrumb\":{\"@id\":\"http:\/\/denizcankizil.tr\/ru\/haberler\/antalya\/antalyada-511-bin-ogrenci-karne-aldi\/#breadcrumb\"},\"inLanguage\":\"ru-RU\",\"potentialAction\":[{\"@type\":\"ReadAction\",\"target\":[\"http:\/\/denizcankizil.tr\/ru\/haberler\/antalya\/antalyada-511-bin-ogrenci-karne-aldi\/\"]}]},{\"@type\":\"ImageObject\",\"inLanguage\":\"ru-RU\",\"@id\":\"http:\/\/denizcankizil.tr\/ru\/haberler\/antalya\/antalyada-511-bin-ogrenci-karne-aldi\/#primaryimage\",\"url\":\"http:\/\/denizcankizil.tr\/wp-content\/uploads\/2025\/06\/6975-01-60eQXG.jpg\",\"contentUrl\":\"http:\/\/denizcankizil.tr\/wp-content\/uploads\/2025\/06\/6975-01-60eQXG.jpg\",\"width\":1280,\"height\":720},{\"@type\":\"BreadcrumbList\",\"@id\":\"http:\/\/denizcankizil.tr\/ru\/haberler\/antalya\/antalyada-511-bin-ogrenci-karne-aldi\/#breadcrumb\",\"itemListElement\":[{\"@type\":\"ListItem\",\"position\":1,\"name\":\"Home\",\"item\":\"https:\/\/denizcankizil.tr\/uk\/\"},{\"@type\":\"ListItem\",\"position\":2,\"name\":\"Antalya&#8217;da 511 bin \u00f6\u011frenci karne ald\u0131\"}]},{\"@type\":\"WebSite\",\"@id\":\"https:\/\/denizcankizil.tr\/#website\",\"url\":\"https:\/\/denizcankizil.tr\/\",\"name\":\"Av. Deniz Can K\u0131z\u0131l\",\"description\":\"Avukat Deniz Can K\u0131z\u0131l Antalya Barosu\",\"publisher\":{\"@id\":\"https:\/\/denizcankizil.tr\/#organization\"},\"potentialAction\":[{\"@type\":\"SearchAction\",\"target\":{\"@type\":\"EntryPoint\",\"urlTemplate\":\"https:\/\/denizcankizil.tr\/?s={search_term_string}\"},\"query-input\":{\"@type\":\"PropertyValueSpecification\",\"valueRequired\":true,\"valueName\":\"search_term_string\"}}],\"inLanguage\":\"ru-RU\"},{\"@type\":\"Organization\",\"@id\":\"https:\/\/denizcankizil.tr\/#organization\",\"name\":\"Av. Deniz Can K\u0131z\u0131l\",\"url\":\"https:\/\/denizcankizil.tr\/\",\"logo\":{\"@type\":\"ImageObject\",\"inLanguage\":\"ru-RU\",\"@id\":\"https:\/\/denizcankizil.tr\/#\/schema\/logo\/image\/\",\"url\":\"http:\/\/denizcankizil.tr\/wp-content\/uploads\/2024\/10\/siyah-logo-svg.svg\",\"contentUrl\":\"http:\/\/denizcankizil.tr\/wp-content\/uploads\/2024\/10\/siyah-logo-svg.svg\",\"width\":1080,\"height\":1080,\"caption\":\"Av. Deniz Can K\u0131z\u0131l\"},\"image\":{\"@id\":\"https:\/\/denizcankizil.tr\/#\/schema\/logo\/image\/\"}},{\"@type\":\"Person\",\"@id\":\"https:\/\/denizcankizil.tr\/#\/schema\/person\/5dc1b22991bd7ac833867c10afc9b0ff\",\"name\":\"Av. Deniz Can K\u0131z\u0131l\",\"image\":{\"@type\":\"ImageObject\",\"inLanguage\":\"ru-RU\",\"@id\":\"https:\/\/denizcankizil.tr\/#\/schema\/person\/image\/\",\"url\":\"https:\/\/secure.gravatar.com\/avatar\/a0b128fb9855c79efc976d5640eedb31dc35ec297594d6016d2cf7c60e975bb6?s=96&d=mm&r=g\",\"contentUrl\":\"https:\/\/secure.gravatar.com\/avatar\/a0b128fb9855c79efc976d5640eedb31dc35ec297594d6016d2cf7c60e975bb6?s=96&d=mm&r=g\",\"caption\":\"Av. Deniz Can K\u0131z\u0131l\"},\"sameAs\":[\"http:\/\/www.denizcankizil.tr\"],\"url\":\"http:\/\/denizcankizil.tr\/ru\/author\/denizcankizil\/\"}]}<\/script>\n<!-- \/ Yoast SEO Premium plugin. -->","yoast_head_json":{"title":"Antalya'da 511 bin \u00f6\u011frenci karne ald\u0131 - Av. Deniz Can K\u0131z\u0131l","robots":{"index":"index","follow":"follow","max-snippet":"max-snippet:-1","max-image-preview":"max-image-preview:large","max-video-preview":"max-video-preview:-1"},"canonical":"http:\/\/denizcankizil.tr\/ru\/haberler\/antalya\/antalyada-511-bin-ogrenci-karne-aldi\/","og_locale":"ru_RU","og_type":"article","og_title":"Antalya'da 511 bin \u00f6\u011frenci karne ald\u0131","og_description":"9 Eyl\u00fcl 2024 Pazartesi g\u00fcn\u00fc ba\u015flayan 2024-2025 e\u011fitim ve \u00f6\u011fretim y\u0131l\u0131 20 Haziran 2025 Cuma g\u00fcn\u00fc t\u00fcm okullarda karne da\u011f\u0131t\u0131m t\u00f6reniyle sona erdi. Antalya&#8217;da 1709 okulda, 22 bin 21 derslikte g\u00f6rev yapan yakla\u015f\u0131k 36 bin \u00f6\u011fretmenle toplam 511 bin 183 \u00f6\u011frenci karnelerini ald\u0131. Antalya&#8217;da Milli E\u011fitim M\u00fcd\u00fcrl\u00fc\u011f\u00fc&#8217;n\u00fcn resmi t\u00f6reni ise Muratpa\u015fa Fatmag\u00fcl \u00d6zp\u0131nar \u0130lkokulu&#8217;nda d\u00fczenlendi. Karne t\u00f6renine Antalya Valisi Hulusi \u015eahin, Muratpa\u015fa Kaymakam\u0131 \u0130hsan Kara, Milli E\u011fitim M\u00fcd\u00fcrl\u00fc\u011f\u00fc y\u00f6neticileri kat\u0131ld\u0131. \u00d6\u011frencilere karnelerini veren Vali \u015eahin ve protokol \u00fcyeleri, kitap da hediye etti. Kaynak: www.kanalv.com.tr Haber Sitesinden Al\u0131nm\u0131\u015ft\u0131r.","og_url":"http:\/\/denizcankizil.tr\/ru\/haberler\/antalya\/antalyada-511-bin-ogrenci-karne-aldi\/","og_site_name":"Av. Deniz Can K\u0131z\u0131l","article_published_time":"2025-06-20T10:41:32+00:00","og_image":[{"width":1280,"height":720,"url":"http:\/\/denizcankizil.tr\/wp-content\/uploads\/2025\/06\/6975-01-60eQXG.jpg","type":"image\/jpeg"}],"author":"Av. Deniz Can K\u0131z\u0131l","twitter_card":"summary_large_image","twitter_misc":{"\u041d\u0430\u043f\u0438\u0441\u0430\u043d\u043e \u0430\u0432\u0442\u043e\u0440\u043e\u043c":"Av. Deniz Can K\u0131z\u0131l","\u041f\u0440\u0438\u043c\u0435\u0440\u043d\u043e\u0435 \u0432\u0440\u0435\u043c\u044f \u0434\u043b\u044f \u0447\u0442\u0435\u043d\u0438\u044f":"1 \u043c\u0438\u043d\u0443\u0442\u0430"},"schema":{"@context":"https:\/\/schema.org","@graph":[{"@type":"Article","@id":"http:\/\/denizcankizil.tr\/ru\/haberler\/antalya\/antalyada-511-bin-ogrenci-karne-aldi\/#article","isPartOf":{"@id":"http:\/\/denizcankizil.tr\/ru\/haberler\/antalya\/antalyada-511-bin-ogrenci-karne-aldi\/"},"author":{"name":"Av. Deniz Can K\u0131z\u0131l","@id":"https:\/\/denizcankizil.tr\/#\/schema\/person\/5dc1b22991bd7ac833867c10afc9b0ff"},"headline":"Antalya&#8217;da 511 bin \u00f6\u011frenci karne ald\u0131","datePublished":"2025-06-20T10:41:32+00:00","mainEntityOfPage":{"@id":"http:\/\/denizcankizil.tr\/ru\/haberler\/antalya\/antalyada-511-bin-ogrenci-karne-aldi\/"},"wordCount":121,"publisher":{"@id":"https:\/\/denizcankizil.tr\/#organization"},"image":{"@id":"http:\/\/denizcankizil.tr\/ru\/haberler\/antalya\/antalyada-511-bin-ogrenci-karne-aldi\/#primaryimage"},"thumbnailUrl":"http:\/\/denizcankizil.tr\/wp-content\/uploads\/2025\/06\/6975-01-60eQXG.jpg","articleSection":["Antalya"],"inLanguage":"ru-RU"},{"@type":"WebPage","@id":"http:\/\/denizcankizil.tr\/ru\/haberler\/antalya\/antalyada-511-bin-ogrenci-karne-aldi\/","url":"http:\/\/denizcankizil.tr\/ru\/haberler\/antalya\/antalyada-511-bin-ogrenci-karne-aldi\/","name":"Antalya'da 511 bin \u00f6\u011frenci karne ald\u0131 - Av. Deniz Can K\u0131z\u0131l","isPartOf":{"@id":"https:\/\/denizcankizil.tr\/#website"},"primaryImageOfPage":{"@id":"http:\/\/denizcankizil.tr\/ru\/haberler\/antalya\/antalyada-511-bin-ogrenci-karne-aldi\/#primaryimage"},"image":{"@id":"http:\/\/denizcankizil.tr\/ru\/haberler\/antalya\/antalyada-511-bin-ogrenci-karne-aldi\/#primaryimage"},"thumbnailUrl":"http:\/\/denizcankizil.tr\/wp-content\/uploads\/2025\/06\/6975-01-60eQXG.jpg","datePublished":"2025-06-20T10:41:32+00:00","breadcrumb":{"@id":"http:\/\/denizcankizil.tr\/ru\/haberler\/antalya\/antalyada-511-bin-ogrenci-karne-aldi\/#breadcrumb"},"inLanguage":"ru-RU","potentialAction":[{"@type":"ReadAction","target":["http:\/\/denizcankizil.tr\/ru\/haberler\/antalya\/antalyada-511-bin-ogrenci-karne-aldi\/"]}]},{"@type":"ImageObject","inLanguage":"ru-RU","@id":"http:\/\/denizcankizil.tr\/ru\/haberler\/antalya\/antalyada-511-bin-ogrenci-karne-aldi\/#primaryimage","url":"http:\/\/denizcankizil.tr\/wp-content\/uploads\/2025\/06\/6975-01-60eQXG.jpg","contentUrl":"http:\/\/denizcankizil.tr\/wp-content\/uploads\/2025\/06\/6975-01-60eQXG.jpg","width":1280,"height":720},{"@type":"BreadcrumbList","@id":"http:\/\/denizcankizil.tr\/ru\/haberler\/antalya\/antalyada-511-bin-ogrenci-karne-aldi\/#breadcrumb","itemListElement":[{"@type":"ListItem","position":1,"name":"Home","item":"https:\/\/denizcankizil.tr\/uk\/"},{"@type":"ListItem","position":2,"name":"Antalya&#8217;da 511 bin \u00f6\u011frenci karne ald\u0131"}]},{"@type":"WebSite","@id":"https:\/\/denizcankizil.tr\/#website","url":"https:\/\/denizcankizil.tr\/","name":"Av. Deniz Can K\u0131z\u0131l","description":"Avukat Deniz Can K\u0131z\u0131l Antalya Barosu","publisher":{"@id":"https:\/\/denizcankizil.tr\/#organization"},"potentialAction":[{"@type":"SearchAction","target":{"@type":"EntryPoint","urlTemplate":"https:\/\/denizcankizil.tr\/?s={search_term_string}"},"query-input":{"@type":"PropertyValueSpecification","valueRequired":true,"valueName":"search_term_string"}}],"inLanguage":"ru-RU"},{"@type":"Organization","@id":"https:\/\/denizcankizil.tr\/#organization","name":"Av. Deniz Can K\u0131z\u0131l","url":"https:\/\/denizcankizil.tr\/","logo":{"@type":"ImageObject","inLanguage":"ru-RU","@id":"https:\/\/denizcankizil.tr\/#\/schema\/logo\/image\/","url":"http:\/\/denizcankizil.tr\/wp-content\/uploads\/2024\/10\/siyah-logo-svg.svg","contentUrl":"http:\/\/denizcankizil.tr\/wp-content\/uploads\/2024\/10\/siyah-logo-svg.svg","width":1080,"height":1080,"caption":"Av. Deniz Can K\u0131z\u0131l"},"image":{"@id":"https:\/\/denizcankizil.tr\/#\/schema\/logo\/image\/"}},{"@type":"Person","@id":"https:\/\/denizcankizil.tr\/#\/schema\/person\/5dc1b22991bd7ac833867c10afc9b0ff","name":"Av. Deniz Can K\u0131z\u0131l","image":{"@type":"ImageObject","inLanguage":"ru-RU","@id":"https:\/\/denizcankizil.tr\/#\/schema\/person\/image\/","url":"https:\/\/secure.gravatar.com\/avatar\/a0b128fb9855c79efc976d5640eedb31dc35ec297594d6016d2cf7c60e975bb6?s=96&d=mm&r=g","contentUrl":"https:\/\/secure.gravatar.com\/avatar\/a0b128fb9855c79efc976d5640eedb31dc35ec297594d6016d2cf7c60e975bb6?s=96&d=mm&r=g","caption":"Av. Deniz Can K\u0131z\u0131l"},"sameAs":["http:\/\/www.denizcankizil.tr"],"url":"http:\/\/denizcankizil.tr\/ru\/author\/denizcankizil\/"}]}},"_links":{"self":[{"href":"http:\/\/denizcankizil.tr\/ru\/wp-json\/wp\/v2\/posts\/121211","targetHints":{"allow":["GET"]}}],"collection":[{"href":"http:\/\/denizcankizil.tr\/ru\/wp-json\/wp\/v2\/posts"}],"about":[{"href":"http:\/\/denizcankizil.tr\/ru\/wp-json\/wp\/v2\/types\/post"}],"author":[{"embeddable":true,"href":"http:\/\/denizcankizil.tr\/ru\/wp-json\/wp\/v2\/users\/4"}],"replies":[{"embeddable":true,"href":"http:\/\/denizcankizil.tr\/ru\/wp-json\/wp\/v2\/comments?post=121211"}],"version-history":[{"count":0,"href":"http:\/\/denizcankizil.tr\/ru\/wp-json\/wp\/v2\/posts\/121211\/revisions"}],"wp:featuredmedia":[{"embeddable":true,"href":"http:\/\/denizcankizil.tr\/ru\/wp-json\/wp\/v2\/media\/121212"}],"wp:attachment":[{"href":"http:\/\/denizcankizil.tr\/ru\/wp-json\/wp\/v2\/media?parent=121211"}],"wp:term":[{"taxonomy":"category","embeddable":true,"href":"http:\/\/denizcankizil.tr\/ru\/wp-json\/wp\/v2\/categories?post=121211"},{"taxonomy":"post_tag","embeddable":true,"href":"http:\/\/denizcankizil.tr\/ru\/wp-json\/wp\/v2\/tags?post=121211"}],"curies":[{"name":"wp","href":"https:\/\/api.w.org\/{rel}","templated":true}]}}