{"id":119517,"date":"2025-06-18T17:42:31","date_gmt":"2025-06-18T14:42:31","guid":{"rendered":"https:\/\/denizcankizil.tr\/uncategorized-tr\/istanbul-bakirkoyde-gastronomi-ruzgari-esecek\/"},"modified":"2025-06-18T17:42:31","modified_gmt":"2025-06-18T14:42:31","slug":"istanbul-bakirkoyde-gastronomi-ruzgari-esecek","status":"publish","type":"post","link":"http:\/\/denizcankizil.tr\/ru\/haberler\/gundem\/istanbul-bakirkoyde-gastronomi-ruzgari-esecek\/","title":{"rendered":"\u0130stanbul Bak\u0131rk\u00f6y\u2019de gastronomi r\u00fczg\u00e2r\u0131 esecek"},"content":{"rendered":"<p>\u0130stanbul Bak\u0131rk\u00f6y Belediyesi, gastronomi turizmine katk\u0131 sa\u011flamak ve yeme i\u00e7me k\u00fclt\u00fcr\u00fcn\u00fc yayg\u0131nla\u015ft\u0131rmak amac\u0131yla ilk kez \u201cGastro Bak\u0131rk\u00f6y\u201d festivalini d\u00fczenliyor.\u0130STANBUL (\u0130GFA) &#8211; \u0130stanbul Bak\u0131rk\u00f6y Belediyesi\u2019nin ev sahipli\u011finde bu y\u0131l ilk kez d\u00fczenlenecek olan Gastro Bak\u0131rk\u00f6y, 19 \u2013 29 Haziran tarihleri aras\u0131nda Cumhuriyet Meydan\u0131\u2019nda ger\u00e7ekle\u015ftirilecek. Festival, zengin i\u00e7erikleriyle gastronomi merakl\u0131lar\u0131na unutulmaz bir deneyim sunacak. Yiyecek ve i\u00e7ecek sekt\u00f6r\u00fcndeki i\u015fletmelerin yan\u0131 s\u0131ra \u00fcnl\u00fc \u015feflerin ve yazarlar\u0131n kat\u0131l\u0131m g\u00f6sterece\u011fi etkinlikte, at\u00f6lyelerden halk danslar\u0131na, s\u00f6yle\u015filerden \u00f6d\u00fcll\u00fc yar\u0131\u015fmalara kadar bir\u00e7ok etkinlik yer alacak. Festival boyunca kurulacak olan lezzet stantlar\u0131 her g\u00fcn 10.00 \u2013 22.00 saatleri aras\u0131nda vatanda\u015flar\u0131n ziyaretine a\u00e7\u0131k olacak.<br \/>\nSEV\u0130LEN \u015eEFLER BU FEST\u0130VALDE<br \/>\nGastronomi festivalinin start\u0131n\u0131n sevilen yazar Sahrap Soysal ile verilmesinin yan\u0131 s\u0131ra, 21 Haziran Cumartesi g\u00fcn\u00fc Kaburgac\u0131 Ya\u015far Usta en lezzetli kebaplar\u0131 Bak\u0131rk\u00f6yl\u00fclerle birlikte yapacak. 23 Haziran Pazartesi g\u00fcn\u00fc, a\u015f\u00e7\u0131 Asl\u0131 Turan mevsime uygun yaz pastas\u0131, limonata ve reyhan \u015ferbeti yap\u0131m\u0131n\u0131n p\u00fcf noktalar\u0131n\u0131 anlatacak. \u0130\u00e7ecek k\u00fclt\u00fcr\u00fcn\u00fcn de i\u015flenece\u011fi festivalde, 25 Haziran \u00c7ar\u015famba g\u00fcn\u00fc Adil Ba\u015f ve e\u015fi barista so\u011fuk kahve yap\u0131m\u0131 ve tad\u0131m\u0131 \u00fczerine bir etkinlik ger\u00e7ekle\u015ftirecek. 26 Haziran Per\u015fembe g\u00fcn\u00fc ise; uluslararas\u0131 \u00f6d\u00fcllere sahip olan \u015fef Vedat Ba\u015faran\u2019\u0131n kat\u0131l\u0131m\u0131yla d\u00fczenlenecek \u201cT\u00fcrk Mutfa\u011f\u0131 K\u00fclt\u00fcr\u00fc\u201d s\u00f6yle\u015fisi ve at\u00f6lye program\u0131n\u0131n ard\u0131ndan, diyetisyen M\u0131sra Beste K\u00f6leo\u011flu \u201cT\u00fcrk Mutfa\u011f\u0131 ve Sa\u011fl\u0131k\u201d isimli bir s\u00f6yle\u015fi ger\u00e7ekle\u015ftirecek. \u015eef U\u011furcan \u00dcg\u00fcmi\u2019nin 27 Haziran Cuma g\u00fcn\u00fc s\u00f6yle\u015fisi ve yemek yap\u0131m\u0131yla devam eden program, 28 Haziran Cumartesi g\u00fcn\u00fc Celil Usta\u2019y\u0131 a\u011f\u0131rlayacak.<br \/>\nA\u00c7ILI\u015eI BA\u015eKAN OVALIO\u011eLU VE SAHRAP SOYSAL YAPACAK<br \/>\nFestivalin a\u00e7\u0131l\u0131\u015f\u0131, 19 Haziran Per\u015fembe g\u00fcn\u00fc saat 17.00\u2019de Bak\u0131rk\u00f6y Belediye Ba\u015fkan\u0131 Do\u00e7. Dr. Ay\u015feg\u00fcl Oval\u0131o\u011flu ile \u00fcnl\u00fc gastronomi yazar\u0131 Sahrap Soysal\u2019\u0131n kat\u0131l\u0131m\u0131yla Cumhuriyet Meydan\u0131\u2019nda yap\u0131lacak. 21 Haziran Cumartesi g\u00fcn\u00fc ger\u00e7ekle\u015fecek olan Sa\u011fl\u0131kl\u0131 Besinler s\u00f6yle\u015fisine e\u015flik edecek olan Ba\u015fkan Oval\u0131o\u011flu, Kaburgac\u0131 Ya\u015far Usta ile birlikte i\u00e7li k\u00f6fte yapacak.<\/p>\n<p>\u200b\u0130stanbul Bak\u0131rk\u00f6y Belediyesi, gastronomi turizmine katk\u0131 sa\u011flamak ve yeme i\u00e7me k\u00fclt\u00fcr\u00fcn\u00fc yayg\u0131nla\u015ft\u0131rmak amac\u0131yla ilk kez \u201cGastro Bak\u0131rk\u00f6y\u201d festivalini d\u00fczenliyor.\u0130STANBUL (\u0130GFA) &#8211; \u0130stanbul Bak\u0131rk\u00f6y Belediyesi\u2019nin ev sahipli\u011finde bu y\u0131l ilk kez d\u00fczenlenecek olan Gastro Bak\u0131rk\u00f6y, 19 \u2013 29 Haziran tarihleri aras\u0131nda Cumhuriyet Meydan\u0131\u2019nda ger\u00e7ekle\u015ftirilecek. Festival, zengin i\u00e7erikleriyle gastronomi merakl\u0131lar\u0131na unutulmaz bir deneyim sunacak. Yiyecek ve i\u00e7ecek sekt\u00f6r\u00fcndeki i\u015fletmelerin yan\u0131 s\u0131ra \u00fcnl\u00fc \u015feflerin ve yazarlar\u0131n kat\u0131l\u0131m g\u00f6sterece\u011fi etkinlikte, at\u00f6lyelerden halk danslar\u0131na, s\u00f6yle\u015filerden \u00f6d\u00fcll\u00fc yar\u0131\u015fmalara kadar bir\u00e7ok etkinlik yer alacak. Festival boyunca kurulacak olan lezzet stantlar\u0131 her g\u00fcn 10.00 \u2013 22.00 saatleri aras\u0131nda vatanda\u015flar\u0131n ziyaretine a\u00e7\u0131k olacak.<br \/>\nSEV\u0130LEN \u015eEFLER BU FEST\u0130VALDE<br \/>\nGastronomi festivalinin start\u0131n\u0131n sevilen yazar Sahrap Soysal ile verilmesinin yan\u0131 s\u0131ra, 21 Haziran Cumartesi g\u00fcn\u00fc Kaburgac\u0131 Ya\u015far Usta en lezzetli kebaplar\u0131 Bak\u0131rk\u00f6yl\u00fclerle birlikte yapacak. 23 Haziran Pazartesi g\u00fcn\u00fc, a\u015f\u00e7\u0131 Asl\u0131 Turan mevsime uygun yaz pastas\u0131, limonata ve reyhan \u015ferbeti yap\u0131m\u0131n\u0131n p\u00fcf noktalar\u0131n\u0131 anlatacak. \u0130\u00e7ecek k\u00fclt\u00fcr\u00fcn\u00fcn de i\u015flenece\u011fi festivalde, 25 Haziran \u00c7ar\u015famba g\u00fcn\u00fc Adil Ba\u015f ve e\u015fi barista so\u011fuk kahve yap\u0131m\u0131 ve tad\u0131m\u0131 \u00fczerine bir etkinlik ger\u00e7ekle\u015ftirecek. 26 Haziran Per\u015fembe g\u00fcn\u00fc ise; uluslararas\u0131 \u00f6d\u00fcllere sahip olan \u015fef Vedat Ba\u015faran\u2019\u0131n kat\u0131l\u0131m\u0131yla d\u00fczenlenecek \u201cT\u00fcrk Mutfa\u011f\u0131 K\u00fclt\u00fcr\u00fc\u201d s\u00f6yle\u015fisi ve at\u00f6lye program\u0131n\u0131n ard\u0131ndan, diyetisyen M\u0131sra Beste K\u00f6leo\u011flu \u201cT\u00fcrk Mutfa\u011f\u0131 ve Sa\u011fl\u0131k\u201d isimli bir s\u00f6yle\u015fi ger\u00e7ekle\u015ftirecek. \u015eef U\u011furcan \u00dcg\u00fcmi\u2019nin 27 Haziran Cuma g\u00fcn\u00fc s\u00f6yle\u015fisi ve yemek yap\u0131m\u0131yla devam eden program, 28 Haziran Cumartesi g\u00fcn\u00fc Celil Usta\u2019y\u0131 a\u011f\u0131rlayacak.<br \/>\nA\u00c7ILI\u015eI BA\u015eKAN OVALIO\u011eLU VE SAHRAP SOYSAL YAPACAK<br \/>\nFestivalin a\u00e7\u0131l\u0131\u015f\u0131, 19 Haziran Per\u015fembe g\u00fcn\u00fc saat 17.00\u2019de Bak\u0131rk\u00f6y Belediye Ba\u015fkan\u0131 Do\u00e7. Dr. Ay\u015feg\u00fcl Oval\u0131o\u011flu ile \u00fcnl\u00fc gastronomi yazar\u0131 Sahrap Soysal\u2019\u0131n kat\u0131l\u0131m\u0131yla Cumhuriyet Meydan\u0131\u2019nda yap\u0131lacak. 21 Haziran Cumartesi g\u00fcn\u00fc ger\u00e7ekle\u015fecek olan Sa\u011fl\u0131kl\u0131 Besinler s\u00f6yle\u015fisine e\u015flik edecek olan Ba\u015fkan Oval\u0131o\u011flu, Kaburgac\u0131 Ya\u015far Usta ile birlikte i\u00e7li k\u00f6fte yapacak.\u00a0<\/p>\n<p>\u200bHaberin Al\u0131nt\u0131land\u0131\u011f\u0131 Kaynak: www.iskenderun.org<\/p>","protected":false},"excerpt":{"rendered":"<p>\u0130stanbul Bak\u0131rk\u00f6y Belediyesi, gastronomi turizmine katk\u0131 sa\u011flamak ve yeme i\u00e7me k\u00fclt\u00fcr\u00fcn\u00fc yayg\u0131nla\u015ft\u0131rmak amac\u0131yla ilk kez \u201cGastro Bak\u0131rk\u00f6y\u201d festivalini d\u00fczenliyor.\u0130STANBUL (\u0130GFA) &#8211; \u0130stanbul Bak\u0131rk\u00f6y Belediyesi\u2019nin ev sahipli\u011finde bu y\u0131l ilk kez d\u00fczenlenecek olan Gastro Bak\u0131rk\u00f6y, 19 \u2013 29 Haziran tarihleri aras\u0131nda Cumhuriyet Meydan\u0131\u2019nda ger\u00e7ekle\u015ftirilecek. Festival, zengin i\u00e7erikleriyle gastronomi merakl\u0131lar\u0131na unutulmaz bir deneyim sunacak. Yiyecek ve i\u00e7ecek sekt\u00f6r\u00fcndeki i\u015fletmelerin yan\u0131 s\u0131ra \u00fcnl\u00fc \u015feflerin ve yazarlar\u0131n kat\u0131l\u0131m g\u00f6sterece\u011fi etkinlikte, at\u00f6lyelerden halk danslar\u0131na, s\u00f6yle\u015filerden \u00f6d\u00fcll\u00fc yar\u0131\u015fmalara kadar bir\u00e7ok etkinlik yer alacak. Festival boyunca kurulacak olan lezzet stantlar\u0131 her g\u00fcn 10.00 \u2013 22.00 saatleri aras\u0131nda vatanda\u015flar\u0131n ziyaretine a\u00e7\u0131k olacak. SEV\u0130LEN \u015eEFLER BU FEST\u0130VALDE Gastronomi festivalinin start\u0131n\u0131n sevilen yazar Sahrap Soysal ile verilmesinin yan\u0131 s\u0131ra, 21 Haziran Cumartesi g\u00fcn\u00fc Kaburgac\u0131 Ya\u015far Usta en lezzetli kebaplar\u0131 Bak\u0131rk\u00f6yl\u00fclerle birlikte yapacak. 23 Haziran Pazartesi g\u00fcn\u00fc, a\u015f\u00e7\u0131 Asl\u0131 Turan mevsime uygun yaz pastas\u0131, limonata ve reyhan \u015ferbeti yap\u0131m\u0131n\u0131n p\u00fcf noktalar\u0131n\u0131 anlatacak. \u0130\u00e7ecek k\u00fclt\u00fcr\u00fcn\u00fcn de i\u015flenece\u011fi festivalde, 25 Haziran \u00c7ar\u015famba g\u00fcn\u00fc Adil Ba\u015f ve e\u015fi barista so\u011fuk kahve yap\u0131m\u0131 ve tad\u0131m\u0131 \u00fczerine bir etkinlik ger\u00e7ekle\u015ftirecek. 26 Haziran Per\u015fembe g\u00fcn\u00fc ise; uluslararas\u0131 \u00f6d\u00fcllere sahip olan \u015fef Vedat Ba\u015faran\u2019\u0131n kat\u0131l\u0131m\u0131yla d\u00fczenlenecek \u201cT\u00fcrk Mutfa\u011f\u0131 K\u00fclt\u00fcr\u00fc\u201d s\u00f6yle\u015fisi ve at\u00f6lye program\u0131n\u0131n ard\u0131ndan, diyetisyen M\u0131sra Beste K\u00f6leo\u011flu \u201cT\u00fcrk Mutfa\u011f\u0131 ve Sa\u011fl\u0131k\u201d isimli bir s\u00f6yle\u015fi ger\u00e7ekle\u015ftirecek. \u015eef U\u011furcan &hellip;<\/p>","protected":false},"author":1,"featured_media":0,"comment_status":"","ping_status":"open","sticky":false,"template":"","format":"standard","meta":{"_acf_changed":false,"footnotes":""},"categories":[24],"tags":[],"class_list":["post-119517","post","type-post","status-publish","format-standard","has-post-thumbnail","hentry","category-gundem"],"acf":[],"yoast_head":"<!-- This site is optimized with the Yoast SEO Premium plugin v26.6 (Yoast SEO v27.1.1) - https:\/\/yoast.com\/product\/yoast-seo-premium-wordpress\/ -->\n<title>\u0130stanbul Bak\u0131rk\u00f6y\u2019de gastronomi r\u00fczg\u00e2r\u0131 esecek - Av. Deniz Can K\u0131z\u0131l<\/title>\n<meta name=\"robots\" content=\"index, follow, max-snippet:-1, max-image-preview:large, max-video-preview:-1\" \/>\n<link rel=\"canonical\" href=\"http:\/\/denizcankizil.tr\/ru\/haberler\/gundem\/istanbul-bakirkoyde-gastronomi-ruzgari-esecek\/\" \/>\n<meta property=\"og:locale\" content=\"ru_RU\" \/>\n<meta property=\"og:type\" content=\"article\" \/>\n<meta property=\"og:title\" content=\"\u0130stanbul Bak\u0131rk\u00f6y\u2019de gastronomi r\u00fczg\u00e2r\u0131 esecek\" \/>\n<meta property=\"og:description\" content=\"\u0130stanbul Bak\u0131rk\u00f6y Belediyesi, gastronomi turizmine katk\u0131 sa\u011flamak ve yeme i\u00e7me k\u00fclt\u00fcr\u00fcn\u00fc yayg\u0131nla\u015ft\u0131rmak amac\u0131yla ilk kez \u201cGastro Bak\u0131rk\u00f6y\u201d festivalini d\u00fczenliyor.\u0130STANBUL (\u0130GFA) &#8211; \u0130stanbul Bak\u0131rk\u00f6y Belediyesi\u2019nin ev sahipli\u011finde bu y\u0131l ilk kez d\u00fczenlenecek olan Gastro Bak\u0131rk\u00f6y, 19 \u2013 29 Haziran tarihleri aras\u0131nda Cumhuriyet Meydan\u0131\u2019nda ger\u00e7ekle\u015ftirilecek. Festival, zengin i\u00e7erikleriyle gastronomi merakl\u0131lar\u0131na unutulmaz bir deneyim sunacak. Yiyecek ve i\u00e7ecek sekt\u00f6r\u00fcndeki i\u015fletmelerin yan\u0131 s\u0131ra \u00fcnl\u00fc \u015feflerin ve yazarlar\u0131n kat\u0131l\u0131m g\u00f6sterece\u011fi etkinlikte, at\u00f6lyelerden halk danslar\u0131na, s\u00f6yle\u015filerden \u00f6d\u00fcll\u00fc yar\u0131\u015fmalara kadar bir\u00e7ok etkinlik yer alacak. Festival boyunca kurulacak olan lezzet stantlar\u0131 her g\u00fcn 10.00 \u2013 22.00 saatleri aras\u0131nda vatanda\u015flar\u0131n ziyaretine a\u00e7\u0131k olacak. SEV\u0130LEN \u015eEFLER BU FEST\u0130VALDE Gastronomi festivalinin start\u0131n\u0131n sevilen yazar Sahrap Soysal ile verilmesinin yan\u0131 s\u0131ra, 21 Haziran Cumartesi g\u00fcn\u00fc Kaburgac\u0131 Ya\u015far Usta en lezzetli kebaplar\u0131 Bak\u0131rk\u00f6yl\u00fclerle birlikte yapacak. 23 Haziran Pazartesi g\u00fcn\u00fc, a\u015f\u00e7\u0131 Asl\u0131 Turan mevsime uygun yaz pastas\u0131, limonata ve reyhan \u015ferbeti yap\u0131m\u0131n\u0131n p\u00fcf noktalar\u0131n\u0131 anlatacak. \u0130\u00e7ecek k\u00fclt\u00fcr\u00fcn\u00fcn de i\u015flenece\u011fi festivalde, 25 Haziran \u00c7ar\u015famba g\u00fcn\u00fc Adil Ba\u015f ve e\u015fi barista so\u011fuk kahve yap\u0131m\u0131 ve tad\u0131m\u0131 \u00fczerine bir etkinlik ger\u00e7ekle\u015ftirecek. 26 Haziran Per\u015fembe g\u00fcn\u00fc ise; uluslararas\u0131 \u00f6d\u00fcllere sahip olan \u015fef Vedat Ba\u015faran\u2019\u0131n kat\u0131l\u0131m\u0131yla d\u00fczenlenecek \u201cT\u00fcrk Mutfa\u011f\u0131 K\u00fclt\u00fcr\u00fc\u201d s\u00f6yle\u015fisi ve at\u00f6lye program\u0131n\u0131n ard\u0131ndan, diyetisyen M\u0131sra Beste K\u00f6leo\u011flu \u201cT\u00fcrk Mutfa\u011f\u0131 ve Sa\u011fl\u0131k\u201d isimli bir s\u00f6yle\u015fi ger\u00e7ekle\u015ftirecek. \u015eef U\u011furcan &hellip;\" \/>\n<meta property=\"og:url\" content=\"http:\/\/denizcankizil.tr\/ru\/haberler\/gundem\/istanbul-bakirkoyde-gastronomi-ruzgari-esecek\/\" \/>\n<meta property=\"og:site_name\" content=\"Av. Deniz Can K\u0131z\u0131l\" \/>\n<meta property=\"article:published_time\" content=\"2025-06-18T14:42:31+00:00\" \/>\n<meta name=\"author\" content=\"admin\" \/>\n<meta name=\"twitter:card\" content=\"summary_large_image\" \/>\n<meta name=\"twitter:label1\" content=\"\u041d\u0430\u043f\u0438\u0441\u0430\u043d\u043e \u0430\u0432\u0442\u043e\u0440\u043e\u043c\" \/>\n\t<meta name=\"twitter:data1\" content=\"admin\" \/>\n\t<meta name=\"twitter:label2\" content=\"\u041f\u0440\u0438\u043c\u0435\u0440\u043d\u043e\u0435 \u0432\u0440\u0435\u043c\u044f \u0434\u043b\u044f \u0447\u0442\u0435\u043d\u0438\u044f\" \/>\n\t<meta name=\"twitter:data2\" content=\"4 \u043c\u0438\u043d\u0443\u0442\u044b\" \/>\n<script type=\"application\/ld+json\" class=\"yoast-schema-graph\">{\"@context\":\"https:\/\/schema.org\",\"@graph\":[{\"@type\":\"Article\",\"@id\":\"http:\/\/denizcankizil.tr\/ru\/haberler\/gundem\/istanbul-bakirkoyde-gastronomi-ruzgari-esecek\/#article\",\"isPartOf\":{\"@id\":\"http:\/\/denizcankizil.tr\/ru\/haberler\/gundem\/istanbul-bakirkoyde-gastronomi-ruzgari-esecek\/\"},\"author\":{\"name\":\"admin\",\"@id\":\"https:\/\/denizcankizil.tr\/#\/schema\/person\/be3c05fe6a12686905512445d8185489\"},\"headline\":\"\u0130stanbul Bak\u0131rk\u00f6y\u2019de gastronomi r\u00fczg\u00e2r\u0131 esecek\",\"datePublished\":\"2025-06-18T14:42:31+00:00\",\"mainEntityOfPage\":{\"@id\":\"http:\/\/denizcankizil.tr\/ru\/haberler\/gundem\/istanbul-bakirkoyde-gastronomi-ruzgari-esecek\/\"},\"wordCount\":846,\"publisher\":{\"@id\":\"https:\/\/denizcankizil.tr\/#organization\"},\"articleSection\":[\"G\u00fcndem\"],\"inLanguage\":\"ru-RU\"},{\"@type\":\"WebPage\",\"@id\":\"http:\/\/denizcankizil.tr\/ru\/haberler\/gundem\/istanbul-bakirkoyde-gastronomi-ruzgari-esecek\/\",\"url\":\"http:\/\/denizcankizil.tr\/ru\/haberler\/gundem\/istanbul-bakirkoyde-gastronomi-ruzgari-esecek\/\",\"name\":\"\u0130stanbul Bak\u0131rk\u00f6y\u2019de gastronomi r\u00fczg\u00e2r\u0131 esecek - Av. Deniz Can K\u0131z\u0131l\",\"isPartOf\":{\"@id\":\"https:\/\/denizcankizil.tr\/#website\"},\"datePublished\":\"2025-06-18T14:42:31+00:00\",\"breadcrumb\":{\"@id\":\"http:\/\/denizcankizil.tr\/ru\/haberler\/gundem\/istanbul-bakirkoyde-gastronomi-ruzgari-esecek\/#breadcrumb\"},\"inLanguage\":\"ru-RU\",\"potentialAction\":[{\"@type\":\"ReadAction\",\"target\":[\"http:\/\/denizcankizil.tr\/ru\/haberler\/gundem\/istanbul-bakirkoyde-gastronomi-ruzgari-esecek\/\"]}]},{\"@type\":\"BreadcrumbList\",\"@id\":\"http:\/\/denizcankizil.tr\/ru\/haberler\/gundem\/istanbul-bakirkoyde-gastronomi-ruzgari-esecek\/#breadcrumb\",\"itemListElement\":[{\"@type\":\"ListItem\",\"position\":1,\"name\":\"Home\",\"item\":\"https:\/\/denizcankizil.tr\/uk\/\"},{\"@type\":\"ListItem\",\"position\":2,\"name\":\"\u0130stanbul Bak\u0131rk\u00f6y\u2019de gastronomi r\u00fczg\u00e2r\u0131 esecek\"}]},{\"@type\":\"WebSite\",\"@id\":\"https:\/\/denizcankizil.tr\/#website\",\"url\":\"https:\/\/denizcankizil.tr\/\",\"name\":\"Av. Deniz Can K\u0131z\u0131l\",\"description\":\"Avukat Deniz Can K\u0131z\u0131l Antalya Barosu\",\"publisher\":{\"@id\":\"https:\/\/denizcankizil.tr\/#organization\"},\"potentialAction\":[{\"@type\":\"SearchAction\",\"target\":{\"@type\":\"EntryPoint\",\"urlTemplate\":\"https:\/\/denizcankizil.tr\/?s={search_term_string}\"},\"query-input\":{\"@type\":\"PropertyValueSpecification\",\"valueRequired\":true,\"valueName\":\"search_term_string\"}}],\"inLanguage\":\"ru-RU\"},{\"@type\":\"Organization\",\"@id\":\"https:\/\/denizcankizil.tr\/#organization\",\"name\":\"Av. Deniz Can K\u0131z\u0131l\",\"url\":\"https:\/\/denizcankizil.tr\/\",\"logo\":{\"@type\":\"ImageObject\",\"inLanguage\":\"ru-RU\",\"@id\":\"https:\/\/denizcankizil.tr\/#\/schema\/logo\/image\/\",\"url\":\"http:\/\/denizcankizil.tr\/wp-content\/uploads\/2024\/10\/siyah-logo-svg.svg\",\"contentUrl\":\"http:\/\/denizcankizil.tr\/wp-content\/uploads\/2024\/10\/siyah-logo-svg.svg\",\"width\":1080,\"height\":1080,\"caption\":\"Av. Deniz Can K\u0131z\u0131l\"},\"image\":{\"@id\":\"https:\/\/denizcankizil.tr\/#\/schema\/logo\/image\/\"}},{\"@type\":\"Person\",\"@id\":\"https:\/\/denizcankizil.tr\/#\/schema\/person\/be3c05fe6a12686905512445d8185489\",\"name\":\"admin\",\"image\":{\"@type\":\"ImageObject\",\"inLanguage\":\"ru-RU\",\"@id\":\"https:\/\/denizcankizil.tr\/#\/schema\/person\/image\/\",\"url\":\"https:\/\/secure.gravatar.com\/avatar\/c1fce94c830dc79107e174f890d7210541c4a63e8e5d816341794a2151c9d58c?s=96&d=mm&r=g\",\"contentUrl\":\"https:\/\/secure.gravatar.com\/avatar\/c1fce94c830dc79107e174f890d7210541c4a63e8e5d816341794a2151c9d58c?s=96&d=mm&r=g\",\"caption\":\"admin\"},\"sameAs\":[\"http:\/\/denizcankizil.tr\"],\"url\":\"https:\/\/www.iskenderun.org\/istanbul-bakirkoyde-gastronomi-ruzgari-esecek\"}]}<\/script>\n<!-- \/ Yoast SEO Premium plugin. -->","yoast_head_json":{"title":"\u0130stanbul Bak\u0131rk\u00f6y\u2019de gastronomi r\u00fczg\u00e2r\u0131 esecek - Av. Deniz Can K\u0131z\u0131l","robots":{"index":"index","follow":"follow","max-snippet":"max-snippet:-1","max-image-preview":"max-image-preview:large","max-video-preview":"max-video-preview:-1"},"canonical":"http:\/\/denizcankizil.tr\/ru\/haberler\/gundem\/istanbul-bakirkoyde-gastronomi-ruzgari-esecek\/","og_locale":"ru_RU","og_type":"article","og_title":"\u0130stanbul Bak\u0131rk\u00f6y\u2019de gastronomi r\u00fczg\u00e2r\u0131 esecek","og_description":"\u0130stanbul Bak\u0131rk\u00f6y Belediyesi, gastronomi turizmine katk\u0131 sa\u011flamak ve yeme i\u00e7me k\u00fclt\u00fcr\u00fcn\u00fc yayg\u0131nla\u015ft\u0131rmak amac\u0131yla ilk kez \u201cGastro Bak\u0131rk\u00f6y\u201d festivalini d\u00fczenliyor.\u0130STANBUL (\u0130GFA) &#8211; \u0130stanbul Bak\u0131rk\u00f6y Belediyesi\u2019nin ev sahipli\u011finde bu y\u0131l ilk kez d\u00fczenlenecek olan Gastro Bak\u0131rk\u00f6y, 19 \u2013 29 Haziran tarihleri aras\u0131nda Cumhuriyet Meydan\u0131\u2019nda ger\u00e7ekle\u015ftirilecek. Festival, zengin i\u00e7erikleriyle gastronomi merakl\u0131lar\u0131na unutulmaz bir deneyim sunacak. Yiyecek ve i\u00e7ecek sekt\u00f6r\u00fcndeki i\u015fletmelerin yan\u0131 s\u0131ra \u00fcnl\u00fc \u015feflerin ve yazarlar\u0131n kat\u0131l\u0131m g\u00f6sterece\u011fi etkinlikte, at\u00f6lyelerden halk danslar\u0131na, s\u00f6yle\u015filerden \u00f6d\u00fcll\u00fc yar\u0131\u015fmalara kadar bir\u00e7ok etkinlik yer alacak. Festival boyunca kurulacak olan lezzet stantlar\u0131 her g\u00fcn 10.00 \u2013 22.00 saatleri aras\u0131nda vatanda\u015flar\u0131n ziyaretine a\u00e7\u0131k olacak. SEV\u0130LEN \u015eEFLER BU FEST\u0130VALDE Gastronomi festivalinin start\u0131n\u0131n sevilen yazar Sahrap Soysal ile verilmesinin yan\u0131 s\u0131ra, 21 Haziran Cumartesi g\u00fcn\u00fc Kaburgac\u0131 Ya\u015far Usta en lezzetli kebaplar\u0131 Bak\u0131rk\u00f6yl\u00fclerle birlikte yapacak. 23 Haziran Pazartesi g\u00fcn\u00fc, a\u015f\u00e7\u0131 Asl\u0131 Turan mevsime uygun yaz pastas\u0131, limonata ve reyhan \u015ferbeti yap\u0131m\u0131n\u0131n p\u00fcf noktalar\u0131n\u0131 anlatacak. \u0130\u00e7ecek k\u00fclt\u00fcr\u00fcn\u00fcn de i\u015flenece\u011fi festivalde, 25 Haziran \u00c7ar\u015famba g\u00fcn\u00fc Adil Ba\u015f ve e\u015fi barista so\u011fuk kahve yap\u0131m\u0131 ve tad\u0131m\u0131 \u00fczerine bir etkinlik ger\u00e7ekle\u015ftirecek. 26 Haziran Per\u015fembe g\u00fcn\u00fc ise; uluslararas\u0131 \u00f6d\u00fcllere sahip olan \u015fef Vedat Ba\u015faran\u2019\u0131n kat\u0131l\u0131m\u0131yla d\u00fczenlenecek \u201cT\u00fcrk Mutfa\u011f\u0131 K\u00fclt\u00fcr\u00fc\u201d s\u00f6yle\u015fisi ve at\u00f6lye program\u0131n\u0131n ard\u0131ndan, diyetisyen M\u0131sra Beste K\u00f6leo\u011flu \u201cT\u00fcrk Mutfa\u011f\u0131 ve Sa\u011fl\u0131k\u201d isimli bir s\u00f6yle\u015fi ger\u00e7ekle\u015ftirecek. \u015eef U\u011furcan &hellip;","og_url":"http:\/\/denizcankizil.tr\/ru\/haberler\/gundem\/istanbul-bakirkoyde-gastronomi-ruzgari-esecek\/","og_site_name":"Av. Deniz Can K\u0131z\u0131l","article_published_time":"2025-06-18T14:42:31+00:00","author":"admin","twitter_card":"summary_large_image","twitter_misc":{"\u041d\u0430\u043f\u0438\u0441\u0430\u043d\u043e \u0430\u0432\u0442\u043e\u0440\u043e\u043c":"admin","\u041f\u0440\u0438\u043c\u0435\u0440\u043d\u043e\u0435 \u0432\u0440\u0435\u043c\u044f \u0434\u043b\u044f \u0447\u0442\u0435\u043d\u0438\u044f":"4 \u043c\u0438\u043d\u0443\u0442\u044b"},"schema":{"@context":"https:\/\/schema.org","@graph":[{"@type":"Article","@id":"http:\/\/denizcankizil.tr\/ru\/haberler\/gundem\/istanbul-bakirkoyde-gastronomi-ruzgari-esecek\/#article","isPartOf":{"@id":"http:\/\/denizcankizil.tr\/ru\/haberler\/gundem\/istanbul-bakirkoyde-gastronomi-ruzgari-esecek\/"},"author":{"name":"admin","@id":"https:\/\/denizcankizil.tr\/#\/schema\/person\/be3c05fe6a12686905512445d8185489"},"headline":"\u0130stanbul Bak\u0131rk\u00f6y\u2019de gastronomi r\u00fczg\u00e2r\u0131 esecek","datePublished":"2025-06-18T14:42:31+00:00","mainEntityOfPage":{"@id":"http:\/\/denizcankizil.tr\/ru\/haberler\/gundem\/istanbul-bakirkoyde-gastronomi-ruzgari-esecek\/"},"wordCount":846,"publisher":{"@id":"https:\/\/denizcankizil.tr\/#organization"},"articleSection":["G\u00fcndem"],"inLanguage":"ru-RU"},{"@type":"WebPage","@id":"http:\/\/denizcankizil.tr\/ru\/haberler\/gundem\/istanbul-bakirkoyde-gastronomi-ruzgari-esecek\/","url":"http:\/\/denizcankizil.tr\/ru\/haberler\/gundem\/istanbul-bakirkoyde-gastronomi-ruzgari-esecek\/","name":"\u0130stanbul Bak\u0131rk\u00f6y\u2019de gastronomi r\u00fczg\u00e2r\u0131 esecek - Av. Deniz Can K\u0131z\u0131l","isPartOf":{"@id":"https:\/\/denizcankizil.tr\/#website"},"datePublished":"2025-06-18T14:42:31+00:00","breadcrumb":{"@id":"http:\/\/denizcankizil.tr\/ru\/haberler\/gundem\/istanbul-bakirkoyde-gastronomi-ruzgari-esecek\/#breadcrumb"},"inLanguage":"ru-RU","potentialAction":[{"@type":"ReadAction","target":["http:\/\/denizcankizil.tr\/ru\/haberler\/gundem\/istanbul-bakirkoyde-gastronomi-ruzgari-esecek\/"]}]},{"@type":"BreadcrumbList","@id":"http:\/\/denizcankizil.tr\/ru\/haberler\/gundem\/istanbul-bakirkoyde-gastronomi-ruzgari-esecek\/#breadcrumb","itemListElement":[{"@type":"ListItem","position":1,"name":"Home","item":"https:\/\/denizcankizil.tr\/uk\/"},{"@type":"ListItem","position":2,"name":"\u0130stanbul Bak\u0131rk\u00f6y\u2019de gastronomi r\u00fczg\u00e2r\u0131 esecek"}]},{"@type":"WebSite","@id":"https:\/\/denizcankizil.tr\/#website","url":"https:\/\/denizcankizil.tr\/","name":"Av. Deniz Can K\u0131z\u0131l","description":"Avukat Deniz Can K\u0131z\u0131l Antalya Barosu","publisher":{"@id":"https:\/\/denizcankizil.tr\/#organization"},"potentialAction":[{"@type":"SearchAction","target":{"@type":"EntryPoint","urlTemplate":"https:\/\/denizcankizil.tr\/?s={search_term_string}"},"query-input":{"@type":"PropertyValueSpecification","valueRequired":true,"valueName":"search_term_string"}}],"inLanguage":"ru-RU"},{"@type":"Organization","@id":"https:\/\/denizcankizil.tr\/#organization","name":"Av. Deniz Can K\u0131z\u0131l","url":"https:\/\/denizcankizil.tr\/","logo":{"@type":"ImageObject","inLanguage":"ru-RU","@id":"https:\/\/denizcankizil.tr\/#\/schema\/logo\/image\/","url":"http:\/\/denizcankizil.tr\/wp-content\/uploads\/2024\/10\/siyah-logo-svg.svg","contentUrl":"http:\/\/denizcankizil.tr\/wp-content\/uploads\/2024\/10\/siyah-logo-svg.svg","width":1080,"height":1080,"caption":"Av. Deniz Can K\u0131z\u0131l"},"image":{"@id":"https:\/\/denizcankizil.tr\/#\/schema\/logo\/image\/"}},{"@type":"Person","@id":"https:\/\/denizcankizil.tr\/#\/schema\/person\/be3c05fe6a12686905512445d8185489","name":"\u0430\u0434\u043c\u0438\u043d","image":{"@type":"ImageObject","inLanguage":"ru-RU","@id":"https:\/\/denizcankizil.tr\/#\/schema\/person\/image\/","url":"https:\/\/secure.gravatar.com\/avatar\/c1fce94c830dc79107e174f890d7210541c4a63e8e5d816341794a2151c9d58c?s=96&d=mm&r=g","contentUrl":"https:\/\/secure.gravatar.com\/avatar\/c1fce94c830dc79107e174f890d7210541c4a63e8e5d816341794a2151c9d58c?s=96&d=mm&r=g","caption":"admin"},"sameAs":["http:\/\/denizcankizil.tr"],"url":"https:\/\/www.iskenderun.org\/istanbul-bakirkoyde-gastronomi-ruzgari-esecek"}]}},"_links":{"self":[{"href":"http:\/\/denizcankizil.tr\/ru\/wp-json\/wp\/v2\/posts\/119517","targetHints":{"allow":["GET"]}}],"collection":[{"href":"http:\/\/denizcankizil.tr\/ru\/wp-json\/wp\/v2\/posts"}],"about":[{"href":"http:\/\/denizcankizil.tr\/ru\/wp-json\/wp\/v2\/types\/post"}],"author":[{"embeddable":true,"href":"http:\/\/denizcankizil.tr\/ru\/wp-json\/wp\/v2\/users\/1"}],"replies":[{"embeddable":true,"href":"http:\/\/denizcankizil.tr\/ru\/wp-json\/wp\/v2\/comments?post=119517"}],"version-history":[{"count":0,"href":"http:\/\/denizcankizil.tr\/ru\/wp-json\/wp\/v2\/posts\/119517\/revisions"}],"wp:attachment":[{"href":"http:\/\/denizcankizil.tr\/ru\/wp-json\/wp\/v2\/media?parent=119517"}],"wp:term":[{"taxonomy":"category","embeddable":true,"href":"http:\/\/denizcankizil.tr\/ru\/wp-json\/wp\/v2\/categories?post=119517"},{"taxonomy":"post_tag","embeddable":true,"href":"http:\/\/denizcankizil.tr\/ru\/wp-json\/wp\/v2\/tags?post=119517"}],"curies":[{"name":"wp","href":"https:\/\/api.w.org\/{rel}","templated":true}]}}