{"id":117011,"date":"2025-06-15T16:42:17","date_gmt":"2025-06-15T13:42:17","guid":{"rendered":"https:\/\/denizcankizil.tr\/uncategorized-tr\/mudanyadan-marmara-denizi-icin-cagri\/"},"modified":"2025-06-15T16:42:17","modified_gmt":"2025-06-15T13:42:17","slug":"mudanyadan-marmara-denizi-icin-cagri","status":"publish","type":"post","link":"http:\/\/denizcankizil.tr\/ru\/haberler\/gundem\/mudanyadan-marmara-denizi-icin-cagri\/","title":{"rendered":"Mudanya&#8217;dan Marmara Denizi i\u00e7in \u00e7a\u011fr\u0131"},"content":{"rendered":"<p>Bursa&#8217;n\u0131n Mudanya il\u00e7esinde d\u00fczenlenen \u201cTemiz Deniz\u201d etkinli\u011finde, Marmara Denizi\u2019ndeki kirlili\u011fe dikkat \u00e7ekildi. Denize a\u00e7\u0131lan 12 metrelik pankartla \u201cDenizime dokunma, Marmara hepimizin\u201d \u00e7a\u011fr\u0131s\u0131 yap\u0131ld\u0131.BURSA (\u0130GFA) -\u00c7evre Haftas\u0131 etkinlikleri kapsam\u0131nda Marmara Denizi\u2019nin ekolojik dengesine y\u00f6nelik tehditlere dikkat \u00e7ekmek amac\u0131yla \u201cTemiz Deniz\u201d etkinli\u011fi d\u00fczenlendi.<br \/>\nMudanya Belediyesi\u2019nin \u00f6nc\u00fcl\u00fc\u011f\u00fcnde, Demeter E\u015fitlik\u00e7i Kad\u0131nlar Derne\u011fi, Marmara De\u011fi\u015fim El\u00e7ileri ve Bursa Su Kolektifi i\u015f birli\u011finde ger\u00e7ekle\u015ftirilen etkinli\u011fe, Mudanya Kent Konseyi, sivil toplum kurulu\u015flar\u0131 ile vatanda\u015flar destek verdi.<\/p>\n<p>Mudanya M\u00fctareke Meydan\u0131\u2019nda bir araya gelen \u00e7evre g\u00f6n\u00fcll\u00fclerinin etkinli\u011finde konu\u015fan Belediye Ba\u015fkan Yard\u0131mc\u0131s\u0131 Baran G\u00fcne\u015f, denizlerin h\u0131zla kirlendi\u011fine dikkat \u00e7ekerek, ama\u00e7lar\u0131n\u0131n deniz canl\u0131lar\u0131n\u0131 ve do\u011fal ya\u015fam\u0131 korumak oldu\u011funu s\u00f6yledi. &#8220;Marmara Denizi, bu \u00e7evre bizlere yaln\u0131zca ge\u00e7mi\u015ften miras de\u011fil, ayn\u0131 zamanda \u00e7ocuklar\u0131m\u0131z\u0131n ve gelece\u011fimizin emanetidir&#8221; diyen G\u00fcne\u015f, &#8220;Bu emanete sahip \u00e7\u0131kmak zorunday\u0131z; bu, bizlerin g\u00f6revidir\u201d diye konu\u015ftu.<br \/>\nMudanya Belediye Meclis \u00dcyesi ve Demeter E\u015fitlik\u00e7i Kad\u0131nlar Derne\u011fi Ba\u015fkan\u0131 Nilg\u00fcn Arslano\u011flu ise, \u00e7evre kirlili\u011finin yaln\u0131zca do\u011fal ya\u015fam\u0131 de\u011fil, sosyal adaleti de tehdit etti\u011fine dikkat \u00e7ekti\u011fi konu\u015fmas\u0131nda, Marmara\u2019daki m\u00fcsilaj sorununa de\u011findi.<br \/>\nEtkinli\u011fin sonunda kat\u0131l\u0131mc\u0131lar, \u201cDo\u011fa yoksa, ya\u015fam yok\u201d diyerek hem kurumlara hem yurtta\u015flara sorumluluk \u00e7a\u011fr\u0131s\u0131nda bulundu.<br \/>\nDaha sonra can yeleklerini giyen \u00e7evre g\u00f6n\u00fcll\u00fcleri, Mudanya M\u00fctareke Meydan\u0131 sahilinden denize girdi. Deniz y\u00fczeyine a\u00e7\u0131lan, 12 metre \u00e7ap\u0131ndaki \u201cDenizime Dokunma, Marmara Hepimizin\u201d yaz\u0131l\u0131 dev pankart sahildeki yurtta\u015flardan alk\u0131\u015flarla destek buldu.<\/p>\n<p>Etkinlik kapsam\u0131nda ayr\u0131ca deniz kirlili\u011fine dikkat \u00e7eken foto\u011fraflar da sergilendi.<\/p>\n<p>\u200bBursa&#8217;n\u0131n Mudanya il\u00e7esinde d\u00fczenlenen \u201cTemiz Deniz\u201d etkinli\u011finde, Marmara Denizi\u2019ndeki kirlili\u011fe dikkat \u00e7ekildi. Denize a\u00e7\u0131lan 12 metrelik pankartla \u201cDenizime dokunma, Marmara hepimizin\u201d \u00e7a\u011fr\u0131s\u0131 yap\u0131ld\u0131.BURSA (\u0130GFA) -\u00c7evre Haftas\u0131 etkinlikleri kapsam\u0131nda Marmara Denizi\u2019nin ekolojik dengesine y\u00f6nelik tehditlere dikkat \u00e7ekmek amac\u0131yla \u201cTemiz Deniz\u201d etkinli\u011fi d\u00fczenlendi.<br \/>\nMudanya Belediyesi\u2019nin \u00f6nc\u00fcl\u00fc\u011f\u00fcnde, Demeter E\u015fitlik\u00e7i Kad\u0131nlar Derne\u011fi, Marmara De\u011fi\u015fim El\u00e7ileri ve Bursa Su Kolektifi i\u015f birli\u011finde ger\u00e7ekle\u015ftirilen etkinli\u011fe, Mudanya Kent Konseyi, sivil toplum kurulu\u015flar\u0131 ile vatanda\u015flar destek verdi.<\/p>\n<p>Mudanya M\u00fctareke Meydan\u0131\u2019nda bir araya gelen \u00e7evre g\u00f6n\u00fcll\u00fclerinin etkinli\u011finde konu\u015fan Belediye Ba\u015fkan Yard\u0131mc\u0131s\u0131 Baran G\u00fcne\u015f, denizlerin h\u0131zla kirlendi\u011fine dikkat \u00e7ekerek, ama\u00e7lar\u0131n\u0131n deniz canl\u0131lar\u0131n\u0131 ve do\u011fal ya\u015fam\u0131 korumak oldu\u011funu s\u00f6yledi. &#8220;Marmara Denizi, bu \u00e7evre bizlere yaln\u0131zca ge\u00e7mi\u015ften miras de\u011fil, ayn\u0131 zamanda \u00e7ocuklar\u0131m\u0131z\u0131n ve gelece\u011fimizin emanetidir&#8221; diyen G\u00fcne\u015f, &#8220;Bu emanete sahip \u00e7\u0131kmak zorunday\u0131z; bu, bizlerin g\u00f6revidir\u201d diye konu\u015ftu.<br \/>\nMudanya Belediye Meclis \u00dcyesi ve Demeter E\u015fitlik\u00e7i Kad\u0131nlar Derne\u011fi Ba\u015fkan\u0131 Nilg\u00fcn Arslano\u011flu ise, \u00e7evre kirlili\u011finin yaln\u0131zca do\u011fal ya\u015fam\u0131 de\u011fil, sosyal adaleti de tehdit etti\u011fine dikkat \u00e7ekti\u011fi konu\u015fmas\u0131nda, Marmara\u2019daki m\u00fcsilaj sorununa de\u011findi.<br \/>\nEtkinli\u011fin sonunda kat\u0131l\u0131mc\u0131lar, \u201cDo\u011fa yoksa, ya\u015fam yok\u201d diyerek hem kurumlara hem yurtta\u015flara sorumluluk \u00e7a\u011fr\u0131s\u0131nda bulundu.<br \/>\nDaha sonra can yeleklerini giyen \u00e7evre g\u00f6n\u00fcll\u00fcleri, Mudanya M\u00fctareke Meydan\u0131 sahilinden denize girdi. Deniz y\u00fczeyine a\u00e7\u0131lan, 12 metre \u00e7ap\u0131ndaki \u201cDenizime Dokunma, Marmara Hepimizin\u201d yaz\u0131l\u0131 dev pankart sahildeki yurtta\u015flardan alk\u0131\u015flarla destek buldu.<\/p>\n<p>Etkinlik kapsam\u0131nda ayr\u0131ca deniz kirlili\u011fine dikkat \u00e7eken foto\u011fraflar da sergilendi.\u00a0<\/p>\n<p>\u200bHaberin Al\u0131nt\u0131land\u0131\u011f\u0131 Kaynak: www.iskenderun.org<\/p>","protected":false},"excerpt":{"rendered":"<p>Bursa&#8217;n\u0131n Mudanya il\u00e7esinde d\u00fczenlenen \u201cTemiz Deniz\u201d etkinli\u011finde, Marmara Denizi\u2019ndeki kirlili\u011fe dikkat \u00e7ekildi. Denize a\u00e7\u0131lan 12 metrelik pankartla \u201cDenizime dokunma, Marmara hepimizin\u201d \u00e7a\u011fr\u0131s\u0131 yap\u0131ld\u0131.BURSA (\u0130GFA) -\u00c7evre Haftas\u0131 etkinlikleri kapsam\u0131nda Marmara Denizi\u2019nin ekolojik dengesine y\u00f6nelik tehditlere dikkat \u00e7ekmek amac\u0131yla \u201cTemiz Deniz\u201d etkinli\u011fi d\u00fczenlendi. Mudanya Belediyesi\u2019nin \u00f6nc\u00fcl\u00fc\u011f\u00fcnde, Demeter E\u015fitlik\u00e7i Kad\u0131nlar Derne\u011fi, Marmara De\u011fi\u015fim El\u00e7ileri ve Bursa Su Kolektifi i\u015f birli\u011finde ger\u00e7ekle\u015ftirilen etkinli\u011fe, Mudanya Kent Konseyi, sivil toplum kurulu\u015flar\u0131 ile vatanda\u015flar destek verdi. Mudanya M\u00fctareke Meydan\u0131\u2019nda bir araya gelen \u00e7evre g\u00f6n\u00fcll\u00fclerinin etkinli\u011finde konu\u015fan Belediye Ba\u015fkan Yard\u0131mc\u0131s\u0131 Baran G\u00fcne\u015f, denizlerin h\u0131zla kirlendi\u011fine dikkat \u00e7ekerek, ama\u00e7lar\u0131n\u0131n deniz canl\u0131lar\u0131n\u0131 ve do\u011fal ya\u015fam\u0131 korumak oldu\u011funu s\u00f6yledi. &#8220;Marmara Denizi, bu \u00e7evre bizlere yaln\u0131zca ge\u00e7mi\u015ften miras de\u011fil, ayn\u0131 zamanda \u00e7ocuklar\u0131m\u0131z\u0131n ve gelece\u011fimizin emanetidir&#8221; diyen G\u00fcne\u015f, &#8220;Bu emanete sahip \u00e7\u0131kmak zorunday\u0131z; bu, bizlerin g\u00f6revidir\u201d diye konu\u015ftu. Mudanya Belediye Meclis \u00dcyesi ve Demeter E\u015fitlik\u00e7i Kad\u0131nlar Derne\u011fi Ba\u015fkan\u0131 Nilg\u00fcn Arslano\u011flu ise, \u00e7evre kirlili\u011finin yaln\u0131zca do\u011fal ya\u015fam\u0131 de\u011fil, sosyal adaleti de tehdit etti\u011fine dikkat \u00e7ekti\u011fi konu\u015fmas\u0131nda, Marmara\u2019daki m\u00fcsilaj sorununa de\u011findi. Etkinli\u011fin sonunda kat\u0131l\u0131mc\u0131lar, \u201cDo\u011fa yoksa, ya\u015fam yok\u201d diyerek hem kurumlara hem yurtta\u015flara sorumluluk \u00e7a\u011fr\u0131s\u0131nda bulundu. Daha sonra can yeleklerini giyen \u00e7evre g\u00f6n\u00fcll\u00fcleri, Mudanya M\u00fctareke Meydan\u0131 sahilinden denize girdi. Deniz y\u00fczeyine a\u00e7\u0131lan, 12 metre \u00e7ap\u0131ndaki \u201cDenizime Dokunma, Marmara Hepimizin\u201d yaz\u0131l\u0131 dev pankart sahildeki yurtta\u015flardan alk\u0131\u015flarla &hellip;<\/p>","protected":false},"author":1,"featured_media":0,"comment_status":"","ping_status":"open","sticky":false,"template":"","format":"standard","meta":{"_acf_changed":false,"footnotes":""},"categories":[24],"tags":[],"class_list":["post-117011","post","type-post","status-publish","format-standard","has-post-thumbnail","hentry","category-gundem"],"acf":[],"yoast_head":"<!-- This site is optimized with the Yoast SEO Premium plugin v26.6 (Yoast SEO v27.1.1) - https:\/\/yoast.com\/product\/yoast-seo-premium-wordpress\/ -->\n<title>Mudanya&#039;dan Marmara Denizi i\u00e7in \u00e7a\u011fr\u0131 - Av. Deniz Can K\u0131z\u0131l<\/title>\n<meta name=\"robots\" content=\"index, follow, max-snippet:-1, max-image-preview:large, max-video-preview:-1\" \/>\n<link rel=\"canonical\" href=\"http:\/\/denizcankizil.tr\/ru\/haberler\/gundem\/mudanyadan-marmara-denizi-icin-cagri\/\" \/>\n<meta property=\"og:locale\" content=\"ru_RU\" \/>\n<meta property=\"og:type\" content=\"article\" \/>\n<meta property=\"og:title\" content=\"Mudanya&#039;dan Marmara Denizi i\u00e7in \u00e7a\u011fr\u0131\" \/>\n<meta property=\"og:description\" content=\"Bursa&#8217;n\u0131n Mudanya il\u00e7esinde d\u00fczenlenen \u201cTemiz Deniz\u201d etkinli\u011finde, Marmara Denizi\u2019ndeki kirlili\u011fe dikkat \u00e7ekildi. Denize a\u00e7\u0131lan 12 metrelik pankartla \u201cDenizime dokunma, Marmara hepimizin\u201d \u00e7a\u011fr\u0131s\u0131 yap\u0131ld\u0131.BURSA (\u0130GFA) -\u00c7evre Haftas\u0131 etkinlikleri kapsam\u0131nda Marmara Denizi\u2019nin ekolojik dengesine y\u00f6nelik tehditlere dikkat \u00e7ekmek amac\u0131yla \u201cTemiz Deniz\u201d etkinli\u011fi d\u00fczenlendi. Mudanya Belediyesi\u2019nin \u00f6nc\u00fcl\u00fc\u011f\u00fcnde, Demeter E\u015fitlik\u00e7i Kad\u0131nlar Derne\u011fi, Marmara De\u011fi\u015fim El\u00e7ileri ve Bursa Su Kolektifi i\u015f birli\u011finde ger\u00e7ekle\u015ftirilen etkinli\u011fe, Mudanya Kent Konseyi, sivil toplum kurulu\u015flar\u0131 ile vatanda\u015flar destek verdi. Mudanya M\u00fctareke Meydan\u0131\u2019nda bir araya gelen \u00e7evre g\u00f6n\u00fcll\u00fclerinin etkinli\u011finde konu\u015fan Belediye Ba\u015fkan Yard\u0131mc\u0131s\u0131 Baran G\u00fcne\u015f, denizlerin h\u0131zla kirlendi\u011fine dikkat \u00e7ekerek, ama\u00e7lar\u0131n\u0131n deniz canl\u0131lar\u0131n\u0131 ve do\u011fal ya\u015fam\u0131 korumak oldu\u011funu s\u00f6yledi. &#8220;Marmara Denizi, bu \u00e7evre bizlere yaln\u0131zca ge\u00e7mi\u015ften miras de\u011fil, ayn\u0131 zamanda \u00e7ocuklar\u0131m\u0131z\u0131n ve gelece\u011fimizin emanetidir&#8221; diyen G\u00fcne\u015f, &#8220;Bu emanete sahip \u00e7\u0131kmak zorunday\u0131z; bu, bizlerin g\u00f6revidir\u201d diye konu\u015ftu. Mudanya Belediye Meclis \u00dcyesi ve Demeter E\u015fitlik\u00e7i Kad\u0131nlar Derne\u011fi Ba\u015fkan\u0131 Nilg\u00fcn Arslano\u011flu ise, \u00e7evre kirlili\u011finin yaln\u0131zca do\u011fal ya\u015fam\u0131 de\u011fil, sosyal adaleti de tehdit etti\u011fine dikkat \u00e7ekti\u011fi konu\u015fmas\u0131nda, Marmara\u2019daki m\u00fcsilaj sorununa de\u011findi. Etkinli\u011fin sonunda kat\u0131l\u0131mc\u0131lar, \u201cDo\u011fa yoksa, ya\u015fam yok\u201d diyerek hem kurumlara hem yurtta\u015flara sorumluluk \u00e7a\u011fr\u0131s\u0131nda bulundu. Daha sonra can yeleklerini giyen \u00e7evre g\u00f6n\u00fcll\u00fcleri, Mudanya M\u00fctareke Meydan\u0131 sahilinden denize girdi. Deniz y\u00fczeyine a\u00e7\u0131lan, 12 metre \u00e7ap\u0131ndaki \u201cDenizime Dokunma, Marmara Hepimizin\u201d yaz\u0131l\u0131 dev pankart sahildeki yurtta\u015flardan alk\u0131\u015flarla &hellip;\" \/>\n<meta property=\"og:url\" content=\"http:\/\/denizcankizil.tr\/ru\/haberler\/gundem\/mudanyadan-marmara-denizi-icin-cagri\/\" \/>\n<meta property=\"og:site_name\" content=\"Av. Deniz Can K\u0131z\u0131l\" \/>\n<meta property=\"article:published_time\" content=\"2025-06-15T13:42:17+00:00\" \/>\n<meta name=\"author\" content=\"admin\" \/>\n<meta name=\"twitter:card\" content=\"summary_large_image\" \/>\n<meta name=\"twitter:label1\" content=\"\u041d\u0430\u043f\u0438\u0441\u0430\u043d\u043e \u0430\u0432\u0442\u043e\u0440\u043e\u043c\" \/>\n\t<meta name=\"twitter:data1\" content=\"admin\" \/>\n\t<meta name=\"twitter:label2\" content=\"\u041f\u0440\u0438\u043c\u0435\u0440\u043d\u043e\u0435 \u0432\u0440\u0435\u043c\u044f \u0434\u043b\u044f \u0447\u0442\u0435\u043d\u0438\u044f\" \/>\n\t<meta name=\"twitter:data2\" content=\"3 \u043c\u0438\u043d\u0443\u0442\u044b\" \/>\n<script type=\"application\/ld+json\" class=\"yoast-schema-graph\">{\"@context\":\"https:\/\/schema.org\",\"@graph\":[{\"@type\":\"Article\",\"@id\":\"http:\/\/denizcankizil.tr\/ru\/haberler\/gundem\/mudanyadan-marmara-denizi-icin-cagri\/#article\",\"isPartOf\":{\"@id\":\"http:\/\/denizcankizil.tr\/ru\/haberler\/gundem\/mudanyadan-marmara-denizi-icin-cagri\/\"},\"author\":{\"name\":\"admin\",\"@id\":\"https:\/\/denizcankizil.tr\/#\/schema\/person\/be3c05fe6a12686905512445d8185489\"},\"headline\":\"Mudanya&#8217;dan Marmara Denizi i\u00e7in \u00e7a\u011fr\u0131\",\"datePublished\":\"2025-06-15T13:42:17+00:00\",\"mainEntityOfPage\":{\"@id\":\"http:\/\/denizcankizil.tr\/ru\/haberler\/gundem\/mudanyadan-marmara-denizi-icin-cagri\/\"},\"wordCount\":660,\"publisher\":{\"@id\":\"https:\/\/denizcankizil.tr\/#organization\"},\"articleSection\":[\"G\u00fcndem\"],\"inLanguage\":\"ru-RU\"},{\"@type\":\"WebPage\",\"@id\":\"http:\/\/denizcankizil.tr\/ru\/haberler\/gundem\/mudanyadan-marmara-denizi-icin-cagri\/\",\"url\":\"http:\/\/denizcankizil.tr\/ru\/haberler\/gundem\/mudanyadan-marmara-denizi-icin-cagri\/\",\"name\":\"Mudanya'dan Marmara Denizi i\u00e7in \u00e7a\u011fr\u0131 - Av. Deniz Can K\u0131z\u0131l\",\"isPartOf\":{\"@id\":\"https:\/\/denizcankizil.tr\/#website\"},\"datePublished\":\"2025-06-15T13:42:17+00:00\",\"breadcrumb\":{\"@id\":\"http:\/\/denizcankizil.tr\/ru\/haberler\/gundem\/mudanyadan-marmara-denizi-icin-cagri\/#breadcrumb\"},\"inLanguage\":\"ru-RU\",\"potentialAction\":[{\"@type\":\"ReadAction\",\"target\":[\"http:\/\/denizcankizil.tr\/ru\/haberler\/gundem\/mudanyadan-marmara-denizi-icin-cagri\/\"]}]},{\"@type\":\"BreadcrumbList\",\"@id\":\"http:\/\/denizcankizil.tr\/ru\/haberler\/gundem\/mudanyadan-marmara-denizi-icin-cagri\/#breadcrumb\",\"itemListElement\":[{\"@type\":\"ListItem\",\"position\":1,\"name\":\"Home\",\"item\":\"https:\/\/denizcankizil.tr\/de\/\"},{\"@type\":\"ListItem\",\"position\":2,\"name\":\"Mudanya&#8217;dan Marmara Denizi i\u00e7in \u00e7a\u011fr\u0131\"}]},{\"@type\":\"WebSite\",\"@id\":\"https:\/\/denizcankizil.tr\/#website\",\"url\":\"https:\/\/denizcankizil.tr\/\",\"name\":\"Av. Deniz Can K\u0131z\u0131l\",\"description\":\"Avukat Deniz Can K\u0131z\u0131l Antalya Barosu\",\"publisher\":{\"@id\":\"https:\/\/denizcankizil.tr\/#organization\"},\"potentialAction\":[{\"@type\":\"SearchAction\",\"target\":{\"@type\":\"EntryPoint\",\"urlTemplate\":\"https:\/\/denizcankizil.tr\/?s={search_term_string}\"},\"query-input\":{\"@type\":\"PropertyValueSpecification\",\"valueRequired\":true,\"valueName\":\"search_term_string\"}}],\"inLanguage\":\"ru-RU\"},{\"@type\":\"Organization\",\"@id\":\"https:\/\/denizcankizil.tr\/#organization\",\"name\":\"Av. Deniz Can K\u0131z\u0131l\",\"url\":\"https:\/\/denizcankizil.tr\/\",\"logo\":{\"@type\":\"ImageObject\",\"inLanguage\":\"ru-RU\",\"@id\":\"https:\/\/denizcankizil.tr\/#\/schema\/logo\/image\/\",\"url\":\"http:\/\/denizcankizil.tr\/wp-content\/uploads\/2024\/10\/siyah-logo-svg.svg\",\"contentUrl\":\"http:\/\/denizcankizil.tr\/wp-content\/uploads\/2024\/10\/siyah-logo-svg.svg\",\"width\":1080,\"height\":1080,\"caption\":\"Av. Deniz Can K\u0131z\u0131l\"},\"image\":{\"@id\":\"https:\/\/denizcankizil.tr\/#\/schema\/logo\/image\/\"}},{\"@type\":\"Person\",\"@id\":\"https:\/\/denizcankizil.tr\/#\/schema\/person\/be3c05fe6a12686905512445d8185489\",\"name\":\"admin\",\"image\":{\"@type\":\"ImageObject\",\"inLanguage\":\"ru-RU\",\"@id\":\"https:\/\/denizcankizil.tr\/#\/schema\/person\/image\/\",\"url\":\"https:\/\/secure.gravatar.com\/avatar\/c1fce94c830dc79107e174f890d7210541c4a63e8e5d816341794a2151c9d58c?s=96&d=mm&r=g\",\"contentUrl\":\"https:\/\/secure.gravatar.com\/avatar\/c1fce94c830dc79107e174f890d7210541c4a63e8e5d816341794a2151c9d58c?s=96&d=mm&r=g\",\"caption\":\"admin\"},\"sameAs\":[\"http:\/\/denizcankizil.tr\"],\"url\":\"https:\/\/www.iskenderun.org\/mudanyadan-marmara-denizi-icin-cagri\"}]}<\/script>\n<!-- \/ Yoast SEO Premium plugin. -->","yoast_head_json":{"title":"Mudanya'dan Marmara Denizi i\u00e7in \u00e7a\u011fr\u0131 - Av. Deniz Can K\u0131z\u0131l","robots":{"index":"index","follow":"follow","max-snippet":"max-snippet:-1","max-image-preview":"max-image-preview:large","max-video-preview":"max-video-preview:-1"},"canonical":"http:\/\/denizcankizil.tr\/ru\/haberler\/gundem\/mudanyadan-marmara-denizi-icin-cagri\/","og_locale":"ru_RU","og_type":"article","og_title":"Mudanya'dan Marmara Denizi i\u00e7in \u00e7a\u011fr\u0131","og_description":"Bursa&#8217;n\u0131n Mudanya il\u00e7esinde d\u00fczenlenen \u201cTemiz Deniz\u201d etkinli\u011finde, Marmara Denizi\u2019ndeki kirlili\u011fe dikkat \u00e7ekildi. Denize a\u00e7\u0131lan 12 metrelik pankartla \u201cDenizime dokunma, Marmara hepimizin\u201d \u00e7a\u011fr\u0131s\u0131 yap\u0131ld\u0131.BURSA (\u0130GFA) -\u00c7evre Haftas\u0131 etkinlikleri kapsam\u0131nda Marmara Denizi\u2019nin ekolojik dengesine y\u00f6nelik tehditlere dikkat \u00e7ekmek amac\u0131yla \u201cTemiz Deniz\u201d etkinli\u011fi d\u00fczenlendi. Mudanya Belediyesi\u2019nin \u00f6nc\u00fcl\u00fc\u011f\u00fcnde, Demeter E\u015fitlik\u00e7i Kad\u0131nlar Derne\u011fi, Marmara De\u011fi\u015fim El\u00e7ileri ve Bursa Su Kolektifi i\u015f birli\u011finde ger\u00e7ekle\u015ftirilen etkinli\u011fe, Mudanya Kent Konseyi, sivil toplum kurulu\u015flar\u0131 ile vatanda\u015flar destek verdi. Mudanya M\u00fctareke Meydan\u0131\u2019nda bir araya gelen \u00e7evre g\u00f6n\u00fcll\u00fclerinin etkinli\u011finde konu\u015fan Belediye Ba\u015fkan Yard\u0131mc\u0131s\u0131 Baran G\u00fcne\u015f, denizlerin h\u0131zla kirlendi\u011fine dikkat \u00e7ekerek, ama\u00e7lar\u0131n\u0131n deniz canl\u0131lar\u0131n\u0131 ve do\u011fal ya\u015fam\u0131 korumak oldu\u011funu s\u00f6yledi. &#8220;Marmara Denizi, bu \u00e7evre bizlere yaln\u0131zca ge\u00e7mi\u015ften miras de\u011fil, ayn\u0131 zamanda \u00e7ocuklar\u0131m\u0131z\u0131n ve gelece\u011fimizin emanetidir&#8221; diyen G\u00fcne\u015f, &#8220;Bu emanete sahip \u00e7\u0131kmak zorunday\u0131z; bu, bizlerin g\u00f6revidir\u201d diye konu\u015ftu. Mudanya Belediye Meclis \u00dcyesi ve Demeter E\u015fitlik\u00e7i Kad\u0131nlar Derne\u011fi Ba\u015fkan\u0131 Nilg\u00fcn Arslano\u011flu ise, \u00e7evre kirlili\u011finin yaln\u0131zca do\u011fal ya\u015fam\u0131 de\u011fil, sosyal adaleti de tehdit etti\u011fine dikkat \u00e7ekti\u011fi konu\u015fmas\u0131nda, Marmara\u2019daki m\u00fcsilaj sorununa de\u011findi. Etkinli\u011fin sonunda kat\u0131l\u0131mc\u0131lar, \u201cDo\u011fa yoksa, ya\u015fam yok\u201d diyerek hem kurumlara hem yurtta\u015flara sorumluluk \u00e7a\u011fr\u0131s\u0131nda bulundu. Daha sonra can yeleklerini giyen \u00e7evre g\u00f6n\u00fcll\u00fcleri, Mudanya M\u00fctareke Meydan\u0131 sahilinden denize girdi. Deniz y\u00fczeyine a\u00e7\u0131lan, 12 metre \u00e7ap\u0131ndaki \u201cDenizime Dokunma, Marmara Hepimizin\u201d yaz\u0131l\u0131 dev pankart sahildeki yurtta\u015flardan alk\u0131\u015flarla &hellip;","og_url":"http:\/\/denizcankizil.tr\/ru\/haberler\/gundem\/mudanyadan-marmara-denizi-icin-cagri\/","og_site_name":"Av. Deniz Can K\u0131z\u0131l","article_published_time":"2025-06-15T13:42:17+00:00","author":"admin","twitter_card":"summary_large_image","twitter_misc":{"\u041d\u0430\u043f\u0438\u0441\u0430\u043d\u043e \u0430\u0432\u0442\u043e\u0440\u043e\u043c":"admin","\u041f\u0440\u0438\u043c\u0435\u0440\u043d\u043e\u0435 \u0432\u0440\u0435\u043c\u044f \u0434\u043b\u044f \u0447\u0442\u0435\u043d\u0438\u044f":"3 \u043c\u0438\u043d\u0443\u0442\u044b"},"schema":{"@context":"https:\/\/schema.org","@graph":[{"@type":"Article","@id":"http:\/\/denizcankizil.tr\/ru\/haberler\/gundem\/mudanyadan-marmara-denizi-icin-cagri\/#article","isPartOf":{"@id":"http:\/\/denizcankizil.tr\/ru\/haberler\/gundem\/mudanyadan-marmara-denizi-icin-cagri\/"},"author":{"name":"admin","@id":"https:\/\/denizcankizil.tr\/#\/schema\/person\/be3c05fe6a12686905512445d8185489"},"headline":"Mudanya&#8217;dan Marmara Denizi i\u00e7in \u00e7a\u011fr\u0131","datePublished":"2025-06-15T13:42:17+00:00","mainEntityOfPage":{"@id":"http:\/\/denizcankizil.tr\/ru\/haberler\/gundem\/mudanyadan-marmara-denizi-icin-cagri\/"},"wordCount":660,"publisher":{"@id":"https:\/\/denizcankizil.tr\/#organization"},"articleSection":["G\u00fcndem"],"inLanguage":"ru-RU"},{"@type":"WebPage","@id":"http:\/\/denizcankizil.tr\/ru\/haberler\/gundem\/mudanyadan-marmara-denizi-icin-cagri\/","url":"http:\/\/denizcankizil.tr\/ru\/haberler\/gundem\/mudanyadan-marmara-denizi-icin-cagri\/","name":"Mudanya'dan Marmara Denizi i\u00e7in \u00e7a\u011fr\u0131 - Av. Deniz Can K\u0131z\u0131l","isPartOf":{"@id":"https:\/\/denizcankizil.tr\/#website"},"datePublished":"2025-06-15T13:42:17+00:00","breadcrumb":{"@id":"http:\/\/denizcankizil.tr\/ru\/haberler\/gundem\/mudanyadan-marmara-denizi-icin-cagri\/#breadcrumb"},"inLanguage":"ru-RU","potentialAction":[{"@type":"ReadAction","target":["http:\/\/denizcankizil.tr\/ru\/haberler\/gundem\/mudanyadan-marmara-denizi-icin-cagri\/"]}]},{"@type":"BreadcrumbList","@id":"http:\/\/denizcankizil.tr\/ru\/haberler\/gundem\/mudanyadan-marmara-denizi-icin-cagri\/#breadcrumb","itemListElement":[{"@type":"ListItem","position":1,"name":"Home","item":"https:\/\/denizcankizil.tr\/de\/"},{"@type":"ListItem","position":2,"name":"Mudanya&#8217;dan Marmara Denizi i\u00e7in \u00e7a\u011fr\u0131"}]},{"@type":"WebSite","@id":"https:\/\/denizcankizil.tr\/#website","url":"https:\/\/denizcankizil.tr\/","name":"Av. Deniz Can K\u0131z\u0131l","description":"Avukat Deniz Can K\u0131z\u0131l Antalya Barosu","publisher":{"@id":"https:\/\/denizcankizil.tr\/#organization"},"potentialAction":[{"@type":"SearchAction","target":{"@type":"EntryPoint","urlTemplate":"https:\/\/denizcankizil.tr\/?s={search_term_string}"},"query-input":{"@type":"PropertyValueSpecification","valueRequired":true,"valueName":"search_term_string"}}],"inLanguage":"ru-RU"},{"@type":"Organization","@id":"https:\/\/denizcankizil.tr\/#organization","name":"Av. Deniz Can K\u0131z\u0131l","url":"https:\/\/denizcankizil.tr\/","logo":{"@type":"ImageObject","inLanguage":"ru-RU","@id":"https:\/\/denizcankizil.tr\/#\/schema\/logo\/image\/","url":"http:\/\/denizcankizil.tr\/wp-content\/uploads\/2024\/10\/siyah-logo-svg.svg","contentUrl":"http:\/\/denizcankizil.tr\/wp-content\/uploads\/2024\/10\/siyah-logo-svg.svg","width":1080,"height":1080,"caption":"Av. Deniz Can K\u0131z\u0131l"},"image":{"@id":"https:\/\/denizcankizil.tr\/#\/schema\/logo\/image\/"}},{"@type":"Person","@id":"https:\/\/denizcankizil.tr\/#\/schema\/person\/be3c05fe6a12686905512445d8185489","name":"\u0430\u0434\u043c\u0438\u043d","image":{"@type":"ImageObject","inLanguage":"ru-RU","@id":"https:\/\/denizcankizil.tr\/#\/schema\/person\/image\/","url":"https:\/\/secure.gravatar.com\/avatar\/c1fce94c830dc79107e174f890d7210541c4a63e8e5d816341794a2151c9d58c?s=96&d=mm&r=g","contentUrl":"https:\/\/secure.gravatar.com\/avatar\/c1fce94c830dc79107e174f890d7210541c4a63e8e5d816341794a2151c9d58c?s=96&d=mm&r=g","caption":"admin"},"sameAs":["http:\/\/denizcankizil.tr"],"url":"https:\/\/www.iskenderun.org\/mudanyadan-marmara-denizi-icin-cagri"}]}},"_links":{"self":[{"href":"http:\/\/denizcankizil.tr\/ru\/wp-json\/wp\/v2\/posts\/117011","targetHints":{"allow":["GET"]}}],"collection":[{"href":"http:\/\/denizcankizil.tr\/ru\/wp-json\/wp\/v2\/posts"}],"about":[{"href":"http:\/\/denizcankizil.tr\/ru\/wp-json\/wp\/v2\/types\/post"}],"author":[{"embeddable":true,"href":"http:\/\/denizcankizil.tr\/ru\/wp-json\/wp\/v2\/users\/1"}],"replies":[{"embeddable":true,"href":"http:\/\/denizcankizil.tr\/ru\/wp-json\/wp\/v2\/comments?post=117011"}],"version-history":[{"count":0,"href":"http:\/\/denizcankizil.tr\/ru\/wp-json\/wp\/v2\/posts\/117011\/revisions"}],"wp:attachment":[{"href":"http:\/\/denizcankizil.tr\/ru\/wp-json\/wp\/v2\/media?parent=117011"}],"wp:term":[{"taxonomy":"category","embeddable":true,"href":"http:\/\/denizcankizil.tr\/ru\/wp-json\/wp\/v2\/categories?post=117011"},{"taxonomy":"post_tag","embeddable":true,"href":"http:\/\/denizcankizil.tr\/ru\/wp-json\/wp\/v2\/tags?post=117011"}],"curies":[{"name":"wp","href":"https:\/\/api.w.org\/{rel}","templated":true}]}}