{"id":114989,"date":"2025-06-13T13:41:36","date_gmt":"2025-06-13T10:41:36","guid":{"rendered":"https:\/\/denizcankizil.tr\/uncategorized-tr\/engelsiz-plajlar-yaz-sezonuna-hazirlaniyor\/"},"modified":"2025-06-13T13:41:36","modified_gmt":"2025-06-13T10:41:36","slug":"engelsiz-plajlar-yaz-sezonuna-hazirlaniyor","status":"publish","type":"post","link":"http:\/\/denizcankizil.tr\/ru\/haberler\/antalya\/engelsiz-plajlar-yaz-sezonuna-hazirlaniyor\/","title":{"rendered":"&#8216;Engelsiz Plajlar&#8217; yaz sezonuna haz\u0131rlan\u0131yor"},"content":{"rendered":"<p>Antalya B\u00fcy\u00fck\u015fehir Belediyesi&#8217;nce engelli vatanda\u015flar\u0131n rahat ve g\u00fcvenli bir \u015fekilde denize girebilmesi i\u00e7in Konyaalt\u0131 ve Lara sahillerinde hayata ge\u00e7irilen &#8220;Engelsiz Plajlar&#8221; bu yaz da binlerce ziyaret\u00e7iyi Akdeniz&#8217;in serin sular\u0131yla bulu\u015fturacak. Bedensel engeli olan vatanda\u015flar\u0131n konforu d\u00fc\u015f\u00fcn\u00fclerek haz\u0131rlanan plajlarda son d\u00fczenlemeler yap\u0131l\u0131yor.<\/p>\n<p>\u0130skele ve asans\u00f6r sistemi yenileniyor<br \/>\nAntalya&#8217;da ya\u015fayan ya da \u015fehir d\u0131\u015f\u0131ndan tatil i\u00e7in kente gelen engelli vatanda\u015flar\u0131n rahatl\u0131kla denize girebildi\u011fi, ge\u00e7ti\u011fimiz y\u0131l da 44 bin ki\u015fiye hizmet veren Konyaalt\u0131 Sahili&#8217;ndeki B\u00fcy\u00fck\u015fehir Belediyesi Engelsiz Plaj yeniden d\u00fczenlenip bak\u0131m ve onar\u0131m\u0131 yap\u0131larak engelli vatanda\u015flar\u0131n kullanabilece\u011fi hale getiriliyor. B\u00fcy\u00fck\u015fehir Belediyesi Fen \u0130\u015fleri Dairesi Ba\u015fkanl\u0131\u011f\u0131 ekipleri, iskele ve donat\u0131lar\u0131 yeniliyor. Plaj\u0131n iskelesi dalga ve f\u0131rt\u0131nalardan etkilenmemesi i\u00e7in ah\u015fap malzeme yerine daha sa\u011flam ve kaliteli bir malzemeyle yenileniyor. Plaja ait cankurtaran kulesi de iskele \u00fczerine monte ediliyor. Ayr\u0131ca bu y\u0131l engelli bireylerin denize ula\u015f\u0131m\u0131n\u0131 sa\u011flayacak yatay asans\u00f6r sistemi de yenileniyor.<\/p>\n<p>Denize rahat ve konforlu ula\u015f\u0131m<br \/>\nDu\u015f ve soyunma kabinleri ile g\u00f6lgelik ve \u015fezlong engelli bireylerin kullan\u0131m\u0131na uygun standartlara g\u00f6re d\u00fczenleniyor. T\u00fcm ya\u015f grubundaki engelli bireylerin faydaland\u0131\u011f\u0131 plajda \u00e7al\u0131\u015fmalar\u0131n k\u0131sa s\u00fcrede tamamlanarak yaz sezonuyla birlikte hizmete a\u00e7\u0131lmas\u0131 planlan\u0131yor.<\/p>\n<p>Kaynak: www.kanalv.com.tr Haber Sitesinden Al\u0131nm\u0131\u015ft\u0131r.<\/p>","protected":false},"excerpt":{"rendered":"<p>Antalya B\u00fcy\u00fck\u015fehir Belediyesi&#8217;nce engelli vatanda\u015flar\u0131n rahat ve g\u00fcvenli bir \u015fekilde denize girebilmesi i\u00e7in Konyaalt\u0131 ve Lara sahillerinde hayata ge\u00e7irilen &#8220;Engelsiz Plajlar&#8221; bu yaz da binlerce ziyaret\u00e7iyi Akdeniz&#8217;in serin sular\u0131yla bulu\u015fturacak. Bedensel engeli olan vatanda\u015flar\u0131n konforu d\u00fc\u015f\u00fcn\u00fclerek haz\u0131rlanan plajlarda son d\u00fczenlemeler yap\u0131l\u0131yor. \u0130skele ve asans\u00f6r sistemi yenileniyor Antalya&#8217;da ya\u015fayan ya da \u015fehir d\u0131\u015f\u0131ndan tatil i\u00e7in kente gelen engelli vatanda\u015flar\u0131n rahatl\u0131kla denize girebildi\u011fi, ge\u00e7ti\u011fimiz y\u0131l da 44 bin ki\u015fiye hizmet veren Konyaalt\u0131 Sahili&#8217;ndeki B\u00fcy\u00fck\u015fehir Belediyesi Engelsiz Plaj yeniden d\u00fczenlenip bak\u0131m ve onar\u0131m\u0131 yap\u0131larak engelli vatanda\u015flar\u0131n kullanabilece\u011fi hale getiriliyor. B\u00fcy\u00fck\u015fehir Belediyesi Fen \u0130\u015fleri Dairesi Ba\u015fkanl\u0131\u011f\u0131 ekipleri, iskele ve donat\u0131lar\u0131 yeniliyor. Plaj\u0131n iskelesi dalga ve f\u0131rt\u0131nalardan etkilenmemesi i\u00e7in ah\u015fap malzeme yerine daha sa\u011flam ve kaliteli bir malzemeyle yenileniyor. Plaja ait cankurtaran kulesi de iskele \u00fczerine monte ediliyor. Ayr\u0131ca bu y\u0131l engelli bireylerin denize ula\u015f\u0131m\u0131n\u0131 sa\u011flayacak yatay asans\u00f6r sistemi de yenileniyor. Denize rahat ve konforlu ula\u015f\u0131m Du\u015f ve soyunma kabinleri ile g\u00f6lgelik ve \u015fezlong engelli bireylerin kullan\u0131m\u0131na uygun standartlara g\u00f6re d\u00fczenleniyor. T\u00fcm ya\u015f grubundaki engelli bireylerin faydaland\u0131\u011f\u0131 plajda \u00e7al\u0131\u015fmalar\u0131n k\u0131sa s\u00fcrede tamamlanarak yaz sezonuyla birlikte hizmete a\u00e7\u0131lmas\u0131 planlan\u0131yor. Kaynak: www.kanalv.com.tr Haber Sitesinden Al\u0131nm\u0131\u015ft\u0131r.<\/p>","protected":false},"author":4,"featured_media":114990,"comment_status":"","ping_status":"open","sticky":false,"template":"","format":"standard","meta":{"_acf_changed":false,"footnotes":""},"categories":[26],"tags":[],"class_list":["post-114989","post","type-post","status-publish","format-standard","has-post-thumbnail","hentry","category-antalya"],"acf":[],"yoast_head":"<!-- This site is optimized with the Yoast SEO Premium plugin v26.6 (Yoast SEO v27.1.1) - https:\/\/yoast.com\/product\/yoast-seo-premium-wordpress\/ -->\n<title>&#039;Engelsiz Plajlar&#039; yaz sezonuna haz\u0131rlan\u0131yor - Av. Deniz Can K\u0131z\u0131l<\/title>\n<meta name=\"robots\" content=\"index, follow, max-snippet:-1, max-image-preview:large, max-video-preview:-1\" \/>\n<link rel=\"canonical\" href=\"http:\/\/denizcankizil.tr\/ru\/haberler\/antalya\/engelsiz-plajlar-yaz-sezonuna-hazirlaniyor\/\" \/>\n<meta property=\"og:locale\" content=\"ru_RU\" \/>\n<meta property=\"og:type\" content=\"article\" \/>\n<meta property=\"og:title\" content=\"&#039;Engelsiz Plajlar&#039; yaz sezonuna haz\u0131rlan\u0131yor\" \/>\n<meta property=\"og:description\" content=\"Antalya B\u00fcy\u00fck\u015fehir Belediyesi&#8217;nce engelli vatanda\u015flar\u0131n rahat ve g\u00fcvenli bir \u015fekilde denize girebilmesi i\u00e7in Konyaalt\u0131 ve Lara sahillerinde hayata ge\u00e7irilen &#8220;Engelsiz Plajlar&#8221; bu yaz da binlerce ziyaret\u00e7iyi Akdeniz&#8217;in serin sular\u0131yla bulu\u015fturacak. Bedensel engeli olan vatanda\u015flar\u0131n konforu d\u00fc\u015f\u00fcn\u00fclerek haz\u0131rlanan plajlarda son d\u00fczenlemeler yap\u0131l\u0131yor. \u0130skele ve asans\u00f6r sistemi yenileniyor Antalya&#8217;da ya\u015fayan ya da \u015fehir d\u0131\u015f\u0131ndan tatil i\u00e7in kente gelen engelli vatanda\u015flar\u0131n rahatl\u0131kla denize girebildi\u011fi, ge\u00e7ti\u011fimiz y\u0131l da 44 bin ki\u015fiye hizmet veren Konyaalt\u0131 Sahili&#8217;ndeki B\u00fcy\u00fck\u015fehir Belediyesi Engelsiz Plaj yeniden d\u00fczenlenip bak\u0131m ve onar\u0131m\u0131 yap\u0131larak engelli vatanda\u015flar\u0131n kullanabilece\u011fi hale getiriliyor. B\u00fcy\u00fck\u015fehir Belediyesi Fen \u0130\u015fleri Dairesi Ba\u015fkanl\u0131\u011f\u0131 ekipleri, iskele ve donat\u0131lar\u0131 yeniliyor. Plaj\u0131n iskelesi dalga ve f\u0131rt\u0131nalardan etkilenmemesi i\u00e7in ah\u015fap malzeme yerine daha sa\u011flam ve kaliteli bir malzemeyle yenileniyor. Plaja ait cankurtaran kulesi de iskele \u00fczerine monte ediliyor. Ayr\u0131ca bu y\u0131l engelli bireylerin denize ula\u015f\u0131m\u0131n\u0131 sa\u011flayacak yatay asans\u00f6r sistemi de yenileniyor. Denize rahat ve konforlu ula\u015f\u0131m Du\u015f ve soyunma kabinleri ile g\u00f6lgelik ve \u015fezlong engelli bireylerin kullan\u0131m\u0131na uygun standartlara g\u00f6re d\u00fczenleniyor. T\u00fcm ya\u015f grubundaki engelli bireylerin faydaland\u0131\u011f\u0131 plajda \u00e7al\u0131\u015fmalar\u0131n k\u0131sa s\u00fcrede tamamlanarak yaz sezonuyla birlikte hizmete a\u00e7\u0131lmas\u0131 planlan\u0131yor. Kaynak: www.kanalv.com.tr Haber Sitesinden Al\u0131nm\u0131\u015ft\u0131r.\" \/>\n<meta property=\"og:url\" content=\"http:\/\/denizcankizil.tr\/ru\/haberler\/antalya\/engelsiz-plajlar-yaz-sezonuna-hazirlaniyor\/\" \/>\n<meta property=\"og:site_name\" content=\"Av. Deniz Can K\u0131z\u0131l\" \/>\n<meta property=\"article:published_time\" content=\"2025-06-13T10:41:36+00:00\" \/>\n<meta property=\"og:image\" content=\"http:\/\/denizcankizil.tr\/wp-content\/uploads\/2025\/06\/6862-01-yPO2WN.jpg\" \/>\n\t<meta property=\"og:image:width\" content=\"1280\" \/>\n\t<meta property=\"og:image:height\" content=\"720\" \/>\n\t<meta property=\"og:image:type\" content=\"image\/jpeg\" \/>\n<meta name=\"author\" content=\"Av. Deniz Can K\u0131z\u0131l\" \/>\n<meta name=\"twitter:card\" content=\"summary_large_image\" \/>\n<meta name=\"twitter:label1\" content=\"\u041d\u0430\u043f\u0438\u0441\u0430\u043d\u043e \u0430\u0432\u0442\u043e\u0440\u043e\u043c\" \/>\n\t<meta name=\"twitter:data1\" content=\"Av. Deniz Can K\u0131z\u0131l\" \/>\n\t<meta name=\"twitter:label2\" content=\"\u041f\u0440\u0438\u043c\u0435\u0440\u043d\u043e\u0435 \u0432\u0440\u0435\u043c\u044f \u0434\u043b\u044f \u0447\u0442\u0435\u043d\u0438\u044f\" \/>\n\t<meta name=\"twitter:data2\" content=\"1 \u043c\u0438\u043d\u0443\u0442\u0430\" \/>\n<script type=\"application\/ld+json\" class=\"yoast-schema-graph\">{\"@context\":\"https:\/\/schema.org\",\"@graph\":[{\"@type\":\"Article\",\"@id\":\"http:\/\/denizcankizil.tr\/ru\/haberler\/antalya\/engelsiz-plajlar-yaz-sezonuna-hazirlaniyor\/#article\",\"isPartOf\":{\"@id\":\"http:\/\/denizcankizil.tr\/ru\/haberler\/antalya\/engelsiz-plajlar-yaz-sezonuna-hazirlaniyor\/\"},\"author\":{\"name\":\"Av. Deniz Can K\u0131z\u0131l\",\"@id\":\"https:\/\/denizcankizil.tr\/de\/#\/schema\/person\/5dc1b22991bd7ac833867c10afc9b0ff\"},\"headline\":\"&#8216;Engelsiz Plajlar&#8217; yaz sezonuna haz\u0131rlan\u0131yor\",\"datePublished\":\"2025-06-13T10:41:36+00:00\",\"mainEntityOfPage\":{\"@id\":\"http:\/\/denizcankizil.tr\/ru\/haberler\/antalya\/engelsiz-plajlar-yaz-sezonuna-hazirlaniyor\/\"},\"wordCount\":265,\"publisher\":{\"@id\":\"https:\/\/denizcankizil.tr\/de\/#organization\"},\"image\":{\"@id\":\"http:\/\/denizcankizil.tr\/ru\/haberler\/antalya\/engelsiz-plajlar-yaz-sezonuna-hazirlaniyor\/#primaryimage\"},\"thumbnailUrl\":\"http:\/\/denizcankizil.tr\/wp-content\/uploads\/2025\/06\/6862-01-yPO2WN.jpg\",\"articleSection\":[\"Antalya\"],\"inLanguage\":\"ru-RU\"},{\"@type\":\"WebPage\",\"@id\":\"http:\/\/denizcankizil.tr\/ru\/haberler\/antalya\/engelsiz-plajlar-yaz-sezonuna-hazirlaniyor\/\",\"url\":\"http:\/\/denizcankizil.tr\/ru\/haberler\/antalya\/engelsiz-plajlar-yaz-sezonuna-hazirlaniyor\/\",\"name\":\"'Engelsiz Plajlar' yaz sezonuna haz\u0131rlan\u0131yor - Av. Deniz Can K\u0131z\u0131l\",\"isPartOf\":{\"@id\":\"https:\/\/denizcankizil.tr\/de\/#website\"},\"primaryImageOfPage\":{\"@id\":\"http:\/\/denizcankizil.tr\/ru\/haberler\/antalya\/engelsiz-plajlar-yaz-sezonuna-hazirlaniyor\/#primaryimage\"},\"image\":{\"@id\":\"http:\/\/denizcankizil.tr\/ru\/haberler\/antalya\/engelsiz-plajlar-yaz-sezonuna-hazirlaniyor\/#primaryimage\"},\"thumbnailUrl\":\"http:\/\/denizcankizil.tr\/wp-content\/uploads\/2025\/06\/6862-01-yPO2WN.jpg\",\"datePublished\":\"2025-06-13T10:41:36+00:00\",\"breadcrumb\":{\"@id\":\"http:\/\/denizcankizil.tr\/ru\/haberler\/antalya\/engelsiz-plajlar-yaz-sezonuna-hazirlaniyor\/#breadcrumb\"},\"inLanguage\":\"ru-RU\",\"potentialAction\":[{\"@type\":\"ReadAction\",\"target\":[\"http:\/\/denizcankizil.tr\/ru\/haberler\/antalya\/engelsiz-plajlar-yaz-sezonuna-hazirlaniyor\/\"]}]},{\"@type\":\"ImageObject\",\"inLanguage\":\"ru-RU\",\"@id\":\"http:\/\/denizcankizil.tr\/ru\/haberler\/antalya\/engelsiz-plajlar-yaz-sezonuna-hazirlaniyor\/#primaryimage\",\"url\":\"http:\/\/denizcankizil.tr\/wp-content\/uploads\/2025\/06\/6862-01-yPO2WN.jpg\",\"contentUrl\":\"http:\/\/denizcankizil.tr\/wp-content\/uploads\/2025\/06\/6862-01-yPO2WN.jpg\",\"width\":1280,\"height\":720},{\"@type\":\"BreadcrumbList\",\"@id\":\"http:\/\/denizcankizil.tr\/ru\/haberler\/antalya\/engelsiz-plajlar-yaz-sezonuna-hazirlaniyor\/#breadcrumb\",\"itemListElement\":[{\"@type\":\"ListItem\",\"position\":1,\"name\":\"Home\",\"item\":\"https:\/\/denizcankizil.tr\/de\/\"},{\"@type\":\"ListItem\",\"position\":2,\"name\":\"&#8216;Engelsiz Plajlar&#8217; yaz sezonuna haz\u0131rlan\u0131yor\"}]},{\"@type\":\"WebSite\",\"@id\":\"https:\/\/denizcankizil.tr\/de\/#website\",\"url\":\"https:\/\/denizcankizil.tr\/de\/\",\"name\":\"Av. Deniz Can K\u0131z\u0131l\",\"description\":\"Avukat Deniz Can K\u0131z\u0131l Antalya Barosu\",\"publisher\":{\"@id\":\"https:\/\/denizcankizil.tr\/de\/#organization\"},\"potentialAction\":[{\"@type\":\"SearchAction\",\"target\":{\"@type\":\"EntryPoint\",\"urlTemplate\":\"https:\/\/denizcankizil.tr\/de\/?s={search_term_string}\"},\"query-input\":{\"@type\":\"PropertyValueSpecification\",\"valueRequired\":true,\"valueName\":\"search_term_string\"}}],\"inLanguage\":\"ru-RU\"},{\"@type\":\"Organization\",\"@id\":\"https:\/\/denizcankizil.tr\/de\/#organization\",\"name\":\"Av. Deniz Can K\u0131z\u0131l\",\"url\":\"https:\/\/denizcankizil.tr\/de\/\",\"logo\":{\"@type\":\"ImageObject\",\"inLanguage\":\"ru-RU\",\"@id\":\"https:\/\/denizcankizil.tr\/de\/#\/schema\/logo\/image\/\",\"url\":\"http:\/\/denizcankizil.tr\/wp-content\/uploads\/2024\/10\/siyah-logo-svg.svg\",\"contentUrl\":\"http:\/\/denizcankizil.tr\/wp-content\/uploads\/2024\/10\/siyah-logo-svg.svg\",\"width\":1080,\"height\":1080,\"caption\":\"Av. Deniz Can K\u0131z\u0131l\"},\"image\":{\"@id\":\"https:\/\/denizcankizil.tr\/de\/#\/schema\/logo\/image\/\"}},{\"@type\":\"Person\",\"@id\":\"https:\/\/denizcankizil.tr\/de\/#\/schema\/person\/5dc1b22991bd7ac833867c10afc9b0ff\",\"name\":\"Av. Deniz Can K\u0131z\u0131l\",\"image\":{\"@type\":\"ImageObject\",\"inLanguage\":\"ru-RU\",\"@id\":\"https:\/\/denizcankizil.tr\/de\/#\/schema\/person\/image\/\",\"url\":\"https:\/\/secure.gravatar.com\/avatar\/a0b128fb9855c79efc976d5640eedb31dc35ec297594d6016d2cf7c60e975bb6?s=96&d=mm&r=g\",\"contentUrl\":\"https:\/\/secure.gravatar.com\/avatar\/a0b128fb9855c79efc976d5640eedb31dc35ec297594d6016d2cf7c60e975bb6?s=96&d=mm&r=g\",\"caption\":\"Av. Deniz Can K\u0131z\u0131l\"},\"sameAs\":[\"http:\/\/www.denizcankizil.tr\"],\"url\":\"http:\/\/denizcankizil.tr\/ru\/author\/denizcankizil\/\"}]}<\/script>\n<!-- \/ Yoast SEO Premium plugin. -->","yoast_head_json":{"title":"'Engelsiz Plajlar' yaz sezonuna haz\u0131rlan\u0131yor - Av. Deniz Can K\u0131z\u0131l","robots":{"index":"index","follow":"follow","max-snippet":"max-snippet:-1","max-image-preview":"max-image-preview:large","max-video-preview":"max-video-preview:-1"},"canonical":"http:\/\/denizcankizil.tr\/ru\/haberler\/antalya\/engelsiz-plajlar-yaz-sezonuna-hazirlaniyor\/","og_locale":"ru_RU","og_type":"article","og_title":"'Engelsiz Plajlar' yaz sezonuna haz\u0131rlan\u0131yor","og_description":"Antalya B\u00fcy\u00fck\u015fehir Belediyesi&#8217;nce engelli vatanda\u015flar\u0131n rahat ve g\u00fcvenli bir \u015fekilde denize girebilmesi i\u00e7in Konyaalt\u0131 ve Lara sahillerinde hayata ge\u00e7irilen &#8220;Engelsiz Plajlar&#8221; bu yaz da binlerce ziyaret\u00e7iyi Akdeniz&#8217;in serin sular\u0131yla bulu\u015fturacak. Bedensel engeli olan vatanda\u015flar\u0131n konforu d\u00fc\u015f\u00fcn\u00fclerek haz\u0131rlanan plajlarda son d\u00fczenlemeler yap\u0131l\u0131yor. \u0130skele ve asans\u00f6r sistemi yenileniyor Antalya&#8217;da ya\u015fayan ya da \u015fehir d\u0131\u015f\u0131ndan tatil i\u00e7in kente gelen engelli vatanda\u015flar\u0131n rahatl\u0131kla denize girebildi\u011fi, ge\u00e7ti\u011fimiz y\u0131l da 44 bin ki\u015fiye hizmet veren Konyaalt\u0131 Sahili&#8217;ndeki B\u00fcy\u00fck\u015fehir Belediyesi Engelsiz Plaj yeniden d\u00fczenlenip bak\u0131m ve onar\u0131m\u0131 yap\u0131larak engelli vatanda\u015flar\u0131n kullanabilece\u011fi hale getiriliyor. B\u00fcy\u00fck\u015fehir Belediyesi Fen \u0130\u015fleri Dairesi Ba\u015fkanl\u0131\u011f\u0131 ekipleri, iskele ve donat\u0131lar\u0131 yeniliyor. Plaj\u0131n iskelesi dalga ve f\u0131rt\u0131nalardan etkilenmemesi i\u00e7in ah\u015fap malzeme yerine daha sa\u011flam ve kaliteli bir malzemeyle yenileniyor. Plaja ait cankurtaran kulesi de iskele \u00fczerine monte ediliyor. Ayr\u0131ca bu y\u0131l engelli bireylerin denize ula\u015f\u0131m\u0131n\u0131 sa\u011flayacak yatay asans\u00f6r sistemi de yenileniyor. Denize rahat ve konforlu ula\u015f\u0131m Du\u015f ve soyunma kabinleri ile g\u00f6lgelik ve \u015fezlong engelli bireylerin kullan\u0131m\u0131na uygun standartlara g\u00f6re d\u00fczenleniyor. T\u00fcm ya\u015f grubundaki engelli bireylerin faydaland\u0131\u011f\u0131 plajda \u00e7al\u0131\u015fmalar\u0131n k\u0131sa s\u00fcrede tamamlanarak yaz sezonuyla birlikte hizmete a\u00e7\u0131lmas\u0131 planlan\u0131yor. Kaynak: www.kanalv.com.tr Haber Sitesinden Al\u0131nm\u0131\u015ft\u0131r.","og_url":"http:\/\/denizcankizil.tr\/ru\/haberler\/antalya\/engelsiz-plajlar-yaz-sezonuna-hazirlaniyor\/","og_site_name":"Av. Deniz Can K\u0131z\u0131l","article_published_time":"2025-06-13T10:41:36+00:00","og_image":[{"width":1280,"height":720,"url":"http:\/\/denizcankizil.tr\/wp-content\/uploads\/2025\/06\/6862-01-yPO2WN.jpg","type":"image\/jpeg"}],"author":"Av. Deniz Can K\u0131z\u0131l","twitter_card":"summary_large_image","twitter_misc":{"\u041d\u0430\u043f\u0438\u0441\u0430\u043d\u043e \u0430\u0432\u0442\u043e\u0440\u043e\u043c":"Av. Deniz Can K\u0131z\u0131l","\u041f\u0440\u0438\u043c\u0435\u0440\u043d\u043e\u0435 \u0432\u0440\u0435\u043c\u044f \u0434\u043b\u044f \u0447\u0442\u0435\u043d\u0438\u044f":"1 \u043c\u0438\u043d\u0443\u0442\u0430"},"schema":{"@context":"https:\/\/schema.org","@graph":[{"@type":"Article","@id":"http:\/\/denizcankizil.tr\/ru\/haberler\/antalya\/engelsiz-plajlar-yaz-sezonuna-hazirlaniyor\/#article","isPartOf":{"@id":"http:\/\/denizcankizil.tr\/ru\/haberler\/antalya\/engelsiz-plajlar-yaz-sezonuna-hazirlaniyor\/"},"author":{"name":"Av. Deniz Can K\u0131z\u0131l","@id":"https:\/\/denizcankizil.tr\/de\/#\/schema\/person\/5dc1b22991bd7ac833867c10afc9b0ff"},"headline":"&#8216;Engelsiz Plajlar&#8217; yaz sezonuna haz\u0131rlan\u0131yor","datePublished":"2025-06-13T10:41:36+00:00","mainEntityOfPage":{"@id":"http:\/\/denizcankizil.tr\/ru\/haberler\/antalya\/engelsiz-plajlar-yaz-sezonuna-hazirlaniyor\/"},"wordCount":265,"publisher":{"@id":"https:\/\/denizcankizil.tr\/de\/#organization"},"image":{"@id":"http:\/\/denizcankizil.tr\/ru\/haberler\/antalya\/engelsiz-plajlar-yaz-sezonuna-hazirlaniyor\/#primaryimage"},"thumbnailUrl":"http:\/\/denizcankizil.tr\/wp-content\/uploads\/2025\/06\/6862-01-yPO2WN.jpg","articleSection":["Antalya"],"inLanguage":"ru-RU"},{"@type":"WebPage","@id":"http:\/\/denizcankizil.tr\/ru\/haberler\/antalya\/engelsiz-plajlar-yaz-sezonuna-hazirlaniyor\/","url":"http:\/\/denizcankizil.tr\/ru\/haberler\/antalya\/engelsiz-plajlar-yaz-sezonuna-hazirlaniyor\/","name":"'Engelsiz Plajlar' yaz sezonuna haz\u0131rlan\u0131yor - Av. Deniz Can K\u0131z\u0131l","isPartOf":{"@id":"https:\/\/denizcankizil.tr\/de\/#website"},"primaryImageOfPage":{"@id":"http:\/\/denizcankizil.tr\/ru\/haberler\/antalya\/engelsiz-plajlar-yaz-sezonuna-hazirlaniyor\/#primaryimage"},"image":{"@id":"http:\/\/denizcankizil.tr\/ru\/haberler\/antalya\/engelsiz-plajlar-yaz-sezonuna-hazirlaniyor\/#primaryimage"},"thumbnailUrl":"http:\/\/denizcankizil.tr\/wp-content\/uploads\/2025\/06\/6862-01-yPO2WN.jpg","datePublished":"2025-06-13T10:41:36+00:00","breadcrumb":{"@id":"http:\/\/denizcankizil.tr\/ru\/haberler\/antalya\/engelsiz-plajlar-yaz-sezonuna-hazirlaniyor\/#breadcrumb"},"inLanguage":"ru-RU","potentialAction":[{"@type":"ReadAction","target":["http:\/\/denizcankizil.tr\/ru\/haberler\/antalya\/engelsiz-plajlar-yaz-sezonuna-hazirlaniyor\/"]}]},{"@type":"ImageObject","inLanguage":"ru-RU","@id":"http:\/\/denizcankizil.tr\/ru\/haberler\/antalya\/engelsiz-plajlar-yaz-sezonuna-hazirlaniyor\/#primaryimage","url":"http:\/\/denizcankizil.tr\/wp-content\/uploads\/2025\/06\/6862-01-yPO2WN.jpg","contentUrl":"http:\/\/denizcankizil.tr\/wp-content\/uploads\/2025\/06\/6862-01-yPO2WN.jpg","width":1280,"height":720},{"@type":"BreadcrumbList","@id":"http:\/\/denizcankizil.tr\/ru\/haberler\/antalya\/engelsiz-plajlar-yaz-sezonuna-hazirlaniyor\/#breadcrumb","itemListElement":[{"@type":"ListItem","position":1,"name":"Home","item":"https:\/\/denizcankizil.tr\/de\/"},{"@type":"ListItem","position":2,"name":"&#8216;Engelsiz Plajlar&#8217; yaz sezonuna haz\u0131rlan\u0131yor"}]},{"@type":"WebSite","@id":"https:\/\/denizcankizil.tr\/de\/#website","url":"https:\/\/denizcankizil.tr\/de\/","name":"Av. Deniz Can K\u0131z\u0131l","description":"Avukat Deniz Can K\u0131z\u0131l Antalya Barosu","publisher":{"@id":"https:\/\/denizcankizil.tr\/de\/#organization"},"potentialAction":[{"@type":"SearchAction","target":{"@type":"EntryPoint","urlTemplate":"https:\/\/denizcankizil.tr\/de\/?s={search_term_string}"},"query-input":{"@type":"PropertyValueSpecification","valueRequired":true,"valueName":"search_term_string"}}],"inLanguage":"ru-RU"},{"@type":"Organization","@id":"https:\/\/denizcankizil.tr\/de\/#organization","name":"Av. Deniz Can K\u0131z\u0131l","url":"https:\/\/denizcankizil.tr\/de\/","logo":{"@type":"ImageObject","inLanguage":"ru-RU","@id":"https:\/\/denizcankizil.tr\/de\/#\/schema\/logo\/image\/","url":"http:\/\/denizcankizil.tr\/wp-content\/uploads\/2024\/10\/siyah-logo-svg.svg","contentUrl":"http:\/\/denizcankizil.tr\/wp-content\/uploads\/2024\/10\/siyah-logo-svg.svg","width":1080,"height":1080,"caption":"Av. Deniz Can K\u0131z\u0131l"},"image":{"@id":"https:\/\/denizcankizil.tr\/de\/#\/schema\/logo\/image\/"}},{"@type":"Person","@id":"https:\/\/denizcankizil.tr\/de\/#\/schema\/person\/5dc1b22991bd7ac833867c10afc9b0ff","name":"Av. Deniz Can K\u0131z\u0131l","image":{"@type":"ImageObject","inLanguage":"ru-RU","@id":"https:\/\/denizcankizil.tr\/de\/#\/schema\/person\/image\/","url":"https:\/\/secure.gravatar.com\/avatar\/a0b128fb9855c79efc976d5640eedb31dc35ec297594d6016d2cf7c60e975bb6?s=96&d=mm&r=g","contentUrl":"https:\/\/secure.gravatar.com\/avatar\/a0b128fb9855c79efc976d5640eedb31dc35ec297594d6016d2cf7c60e975bb6?s=96&d=mm&r=g","caption":"Av. Deniz Can K\u0131z\u0131l"},"sameAs":["http:\/\/www.denizcankizil.tr"],"url":"http:\/\/denizcankizil.tr\/ru\/author\/denizcankizil\/"}]}},"_links":{"self":[{"href":"http:\/\/denizcankizil.tr\/ru\/wp-json\/wp\/v2\/posts\/114989","targetHints":{"allow":["GET"]}}],"collection":[{"href":"http:\/\/denizcankizil.tr\/ru\/wp-json\/wp\/v2\/posts"}],"about":[{"href":"http:\/\/denizcankizil.tr\/ru\/wp-json\/wp\/v2\/types\/post"}],"author":[{"embeddable":true,"href":"http:\/\/denizcankizil.tr\/ru\/wp-json\/wp\/v2\/users\/4"}],"replies":[{"embeddable":true,"href":"http:\/\/denizcankizil.tr\/ru\/wp-json\/wp\/v2\/comments?post=114989"}],"version-history":[{"count":0,"href":"http:\/\/denizcankizil.tr\/ru\/wp-json\/wp\/v2\/posts\/114989\/revisions"}],"wp:featuredmedia":[{"embeddable":true,"href":"http:\/\/denizcankizil.tr\/ru\/wp-json\/wp\/v2\/media\/114990"}],"wp:attachment":[{"href":"http:\/\/denizcankizil.tr\/ru\/wp-json\/wp\/v2\/media?parent=114989"}],"wp:term":[{"taxonomy":"category","embeddable":true,"href":"http:\/\/denizcankizil.tr\/ru\/wp-json\/wp\/v2\/categories?post=114989"},{"taxonomy":"post_tag","embeddable":true,"href":"http:\/\/denizcankizil.tr\/ru\/wp-json\/wp\/v2\/tags?post=114989"}],"curies":[{"name":"wp","href":"https:\/\/api.w.org\/{rel}","templated":true}]}}